{"id":427724,"date":"2025-01-03T05:12:52","date_gmt":"2025-01-03T04:12:52","guid":{"rendered":"https:\/\/www.radiopiu.net\/wordpress\/?p=427724"},"modified":"2025-01-03T05:12:52","modified_gmt":"2025-01-03T04:12:52","slug":"nevegal-incidente-sul-bob-bambina-ricoverata-con-trauma-cranico","status":"publish","type":"post","link":"https:\/\/www.radiopiu.net\/wordpress\/nevegal-incidente-sul-bob-bambina-ricoverata-con-trauma-cranico\/","title":{"rendered":"Nevegal, incidente sul bob: bambina ricoverata con trauma cranico"},"content":{"rendered":"<p>**<\/p>\n<p><img loading=\"lazy\" decoding=\"async\" class=\"alignleft\" src=\"https:\/\/www.radiopiu.net\/wordpress\/wp-content\/uploads\/2025\/01\/Senza-nome-4.png\" width=\"296\" height=\"178\" \/><strong>BELLUNO<\/strong><\/p>\n<p>Una bambina \u00e8 ricoverata all&#8217;ospedale di Treviso dopo un incidente sul bob al parco giochi del Nevegal. La piccola, bellunese, ha perso il controllo del bob, cadendo e battendo la testa. L&#8217;incidente \u00e8 avvenuto ieri mattina intorno alle 10.30. I medici le hanno diagnosticato un forte trauma cranico, ma non \u00e8 in pericolo di vita.<\/p>\n<p>Sempre ieri, il Suem \u00e8 intervenuto per altri due incidenti. In Val di Zoldo, un 87enne \u00e8 caduto riportando traumi lievi. A Cortina, un altro sciatore \u00e8 stato soccorso lungo la Croda Negra e trasferito con l&#8217;elicottero all&#8217;ospedale di Treviso. Entrambi non sono in condizioni gravi.<\/p>\n","protected":false},"excerpt":{"rendered":"<p>** BELLUNO Una bambina \u00e8 ricoverata all&#8217;ospedale di Treviso dopo un incidente sul bob al parco giochi del Nevegal. La piccola, bellunese, ha perso il controllo del bob, cadendo e battendo la testa. L&#8217;incidente \u00e8 avvenuto ieri mattina intorno alle 10.30. I medici le hanno diagnosticato un forte trauma cranico, ma non \u00e8 in pericolo&hellip;<\/p>\n","protected":false},"author":4,"featured_media":427725,"comment_status":"closed","ping_status":"closed","sticky":false,"template":"","format":"standard","meta":{"_monsterinsights_skip_tracking":false,"_monsterinsights_sitenote_active":false,"_monsterinsights_sitenote_note":"","_monsterinsights_sitenote_category":0,"footnotes":""},"categories":[49],"tags":[],"class_list":["post-427724","post","type-post","status-publish","format-standard","has-post-thumbnail","hentry","category-news-18","category-49","description-off"],"img_url":"https:\/\/www.radiopiu.net\/wordpress\/wp-content\/uploads\/2025\/01\/Senza-nome-4.png","_links":{"self":[{"href":"https:\/\/www.radiopiu.net\/wordpress\/wp-json\/wp\/v2\/posts\/427724","targetHints":{"allow":["GET"]}}],"collection":[{"href":"https:\/\/www.radiopiu.net\/wordpress\/wp-json\/wp\/v2\/posts"}],"about":[{"href":"https:\/\/www.radiopiu.net\/wordpress\/wp-json\/wp\/v2\/types\/post"}],"author":[{"embeddable":true,"href":"https:\/\/www.radiopiu.net\/wordpress\/wp-json\/wp\/v2\/users\/4"}],"replies":[{"embeddable":true,"href":"https:\/\/www.radiopiu.net\/wordpress\/wp-json\/wp\/v2\/comments?post=427724"}],"version-history":[{"count":1,"href":"https:\/\/www.radiopiu.net\/wordpress\/wp-json\/wp\/v2\/posts\/427724\/revisions"}],"predecessor-version":[{"id":427726,"href":"https:\/\/www.radiopiu.net\/wordpress\/wp-json\/wp\/v2\/posts\/427724\/revisions\/427726"}],"wp:featuredmedia":[{"embeddable":true,"href":"https:\/\/www.radiopiu.net\/wordpress\/wp-json\/wp\/v2\/media\/427725"}],"wp:attachment":[{"href":"https:\/\/www.radiopiu.net\/wordpress\/wp-json\/wp\/v2\/media?parent=427724"}],"wp:term":[{"taxonomy":"category","embeddable":true,"href":"https:\/\/www.radiopiu.net\/wordpress\/wp-json\/wp\/v2\/categories?post=427724"},{"taxonomy":"post_tag","embeddable":true,"href":"https:\/\/www.radiopiu.net\/wordpress\/wp-json\/wp\/v2\/tags?post=427724"}],"curies":[{"name":"wp","href":"https:\/\/api.w.org\/{rel}","templated":true}]}}