{"id":427733,"date":"2025-01-03T05:37:53","date_gmt":"2025-01-03T04:37:53","guid":{"rendered":"https:\/\/www.radiopiu.net\/wordpress\/?p=427733"},"modified":"2025-01-03T05:38:01","modified_gmt":"2025-01-03T04:38:01","slug":"tutti-i-giorni-alle-sette-alla-radio-rassegna-stampa-flash-per-chi-va-di-fretta","status":"publish","type":"post","link":"https:\/\/www.radiopiu.net\/wordpress\/tutti-i-giorni-alle-sette-alla-radio-rassegna-stampa-flash-per-chi-va-di-fretta\/","title":{"rendered":"TUTTI I GIORNI ALLE SETTE ALLA RADIO, RASSEGNA STAMPA FLASH PER CHI VA DI FRETTA"},"content":{"rendered":"<h1 style=\"text-align: center;\"><span style=\"color: #ff0000;\"><a class=\"dt-pswp-item\" href=\"https:\/\/www.radiopiu.net\/wordpress\/wp-content\/uploads\/2024\/11\/7.jpg\" data-dt-img-description=\"\" data-large_image_width=\"180\" data-large_image_height=\"180\"><img loading=\"lazy\" decoding=\"async\" class=\"size-full wp-image-417912 alignleft\" src=\"https:\/\/www.radiopiu.net\/wordpress\/wp-content\/uploads\/2024\/11\/7.jpg\" alt=\"\" width=\"180\" height=\"180\" srcset=\"https:\/\/www.radiopiu.net\/wordpress\/wp-content\/uploads\/2024\/11\/7.jpg 180w, https:\/\/www.radiopiu.net\/wordpress\/wp-content\/uploads\/2024\/11\/7-150x150.jpg 150w\" sizes=\"auto, (max-width: 180px) 100vw, 180px\" \/><\/a>I podcast informativi del mattino &#8211; audio &#8211;\u00a0<\/span><\/h1>\n<p><strong>OGNI GIORNO ALLE SETTE DEL MATTINO, LA RASSEGNA STAMPA LOCALE FLASH&#8230; PER CHI VA IN FRETTA. I TITOLI DAI GIORNALI E DAL SITO WWW.RADIOPIU.NET <span style=\"color: #0000ff;\">viene pubblicato alle 7.00<\/span> <span style=\"color: #ff0000;\">DIRETTA RADIO\u00a0<\/span><\/strong><\/p>\n<p><em><span style=\"color: #ff0000;\">per chi va in fretta&#8230; tante notizie in pochi minuti. L&#8217;informazione locale alla radio, ogni ora dalle 7 del mattino alle 19 della sera.<\/span><\/em><\/p>\n<div class=\"flex max-w-full flex-col flex-grow\">\n<div class=\"min-h-8 text-message flex w-full flex-col items-end gap-2 whitespace-normal break-words text-start [.text-message+&amp;]:mt-5\" dir=\"auto\" data-message-author-role=\"assistant\" data-message-id=\"260e9343-dfc5-4cee-a53d-e04c46aed491\" data-message-model-slug=\"gpt-4o\">\n<div class=\"flex w-full flex-col gap-1 empty:hidden first:pt-[3px]\">\n<div class=\"markdown prose w-full break-words dark:prose-invert dark\">\n<blockquote>\n<h2><strong>Incidente ad Alleghe: grave una 24enne, giornata critica per il Suem 118 <\/strong><\/h2>\n<\/blockquote>\n<p><strong><img loading=\"lazy\" decoding=\"async\" class=\"alignleft\" src=\"https:\/\/www.radiopiu.net\/wordpress\/wp-content\/uploads\/2025\/01\/a0c2052c-d880-4c73-8167-fbb2eea76f31.webp\" width=\"284\" height=\"162\" \/>ALLEGHE<\/strong> \u2013 Drammatico incidente ieri a Masar\u00e8 di Alleghe, lungo la SR 203 Agordina. Una BMW X1 si \u00e8 scontrata frontalmente con uno ski bus. Una 24enne di Milano \u00e8 stata trasportata in elicottero al C\u00e0 Foncello di Treviso in gravi condizioni. <strong>Nevegal<\/strong> \u2013 Sempre ieri, una bambina ha perso il controllo del bob, battendo la testa. Ricoverata con un forte trauma cranico, non \u00e8 in pericolo di vita. <strong>Ristopub<\/strong> \u2013 A Capodanno, lite tra due comitive degenera in un accoltellamento: un ferito lieve, identificazioni in corso. <strong>Suem 118<\/strong> \u2013 Giornata intensa per gli elicotteri di soccorso, con quattro interventi sulle piste bellunesi, da Canazei a Cortina. <strong>Autostrada A27<\/strong> \u2013 Rincari dei pedaggi e cantieri infiniti scatenano proteste tra gli automobilisti, con petizioni per l\u2019esenzione. <strong>Falcade<\/strong> \u2013 Senso unico temporaneo in Via Garibaldi per gestire il traffico natalizio fino al 6 gennaio. <strong>Cortina<\/strong> \u2013 Primo intervento del 2025 per SIB su una falla all\u2019acquedotto. Riparazione completata in poche ore. <strong>Coscritti di Taibon<\/strong> \u2013 Si chiudono i festeggiamenti con la tradizionale messa di inizio anno e la foto ufficiale. <strong>Innovazione<\/strong> \u2013 EssilorLuxottica acquisisce una startup francese specializzata in IA per migliorare le soluzioni acustiche, rafforzando il settore wearable.<\/p>\n<\/div>\n<hr \/>\n<p>&nbsp;<\/p>\n<\/div>\n<\/div>\n<\/div>\n","protected":false},"excerpt":{"rendered":"<p>I podcast informativi del mattino &#8211; audio &#8211;\u00a0 OGNI GIORNO ALLE SETTE DEL MATTINO, LA RASSEGNA STAMPA LOCALE FLASH&#8230; PER CHI VA IN FRETTA. I TITOLI DAI GIORNALI E DAL SITO WWW.RADIOPIU.NET viene pubblicato alle 7.00 DIRETTA RADIO\u00a0 per chi va in fretta&#8230; tante notizie in pochi minuti. L&#8217;informazione locale alla radio, ogni ora dalle&hellip;<\/p>\n","protected":false},"author":4,"featured_media":427734,"comment_status":"closed","ping_status":"closed","sticky":false,"template":"","format":"standard","meta":{"_monsterinsights_skip_tracking":false,"_monsterinsights_sitenote_active":false,"_monsterinsights_sitenote_note":"","_monsterinsights_sitenote_category":0,"footnotes":""},"categories":[104,49],"tags":[],"class_list":["post-427733","post","type-post","status-publish","format-standard","has-post-thumbnail","hentry","category-evidenza_3","category-news-18","category-104","category-49","description-off"],"img_url":"https:\/\/www.radiopiu.net\/wordpress\/wp-content\/uploads\/2025\/01\/a0c2052c-d880-4c73-8167-fbb2eea76f31.webp","_links":{"self":[{"href":"https:\/\/www.radiopiu.net\/wordpress\/wp-json\/wp\/v2\/posts\/427733","targetHints":{"allow":["GET"]}}],"collection":[{"href":"https:\/\/www.radiopiu.net\/wordpress\/wp-json\/wp\/v2\/posts"}],"about":[{"href":"https:\/\/www.radiopiu.net\/wordpress\/wp-json\/wp\/v2\/types\/post"}],"author":[{"embeddable":true,"href":"https:\/\/www.radiopiu.net\/wordpress\/wp-json\/wp\/v2\/users\/4"}],"replies":[{"embeddable":true,"href":"https:\/\/www.radiopiu.net\/wordpress\/wp-json\/wp\/v2\/comments?post=427733"}],"version-history":[{"count":1,"href":"https:\/\/www.radiopiu.net\/wordpress\/wp-json\/wp\/v2\/posts\/427733\/revisions"}],"predecessor-version":[{"id":427735,"href":"https:\/\/www.radiopiu.net\/wordpress\/wp-json\/wp\/v2\/posts\/427733\/revisions\/427735"}],"wp:featuredmedia":[{"embeddable":true,"href":"https:\/\/www.radiopiu.net\/wordpress\/wp-json\/wp\/v2\/media\/427734"}],"wp:attachment":[{"href":"https:\/\/www.radiopiu.net\/wordpress\/wp-json\/wp\/v2\/media?parent=427733"}],"wp:term":[{"taxonomy":"category","embeddable":true,"href":"https:\/\/www.radiopiu.net\/wordpress\/wp-json\/wp\/v2\/categories?post=427733"},{"taxonomy":"post_tag","embeddable":true,"href":"https:\/\/www.radiopiu.net\/wordpress\/wp-json\/wp\/v2\/tags?post=427733"}],"curies":[{"name":"wp","href":"https:\/\/api.w.org\/{rel}","templated":true}]}}