{"id":427768,"date":"2025-01-04T05:58:51","date_gmt":"2025-01-04T04:58:51","guid":{"rendered":"https:\/\/www.radiopiu.net\/wordpress\/?p=427768"},"modified":"2025-01-04T11:37:09","modified_gmt":"2025-01-04T10:37:09","slug":"giornale-radiopiu-04-gennaio-2025-direttore-mirko-mezzacasada-41-anni-25-giugno-1983-25-giugno-2024","status":"publish","type":"post","link":"https:\/\/www.radiopiu.net\/wordpress\/giornale-radiopiu-04-gennaio-2025-direttore-mirko-mezzacasada-41-anni-25-giugno-1983-25-giugno-2024\/","title":{"rendered":"GIORNALE RADIOPIU 04 GENNAIO 2025 DIRETTORE MIRKO MEZZACASA\u2026DA 41 ANNI 25 GIUGNO 1983-25 GIUGNO 2024"},"content":{"rendered":"<p>********<\/p>\n<p>&nbsp;<\/p>\n<p><em><span style=\"color: #ff0000;\"><a class=\"dt-pswp-item\" href=\"https:\/\/www.radiopiu.net\/wordpress\/wp-content\/uploads\/2024\/10\/Senza-nome-8.png\" data-dt-img-description=\"\" data-large_image_width=\"343\" data-large_image_height=\"303\"><img loading=\"lazy\" decoding=\"async\" class=\"wp-image-412130 alignleft\" src=\"https:\/\/www.radiopiu.net\/wordpress\/wp-content\/uploads\/2024\/10\/Senza-nome-8-300x265.png\" alt=\"\" width=\"105\" height=\"93\" srcset=\"https:\/\/www.radiopiu.net\/wordpress\/wp-content\/uploads\/2024\/10\/Senza-nome-8-300x265.png 300w, https:\/\/www.radiopiu.net\/wordpress\/wp-content\/uploads\/2024\/10\/Senza-nome-8.png 343w\" sizes=\"auto, (max-width: 105px) 100vw, 105px\" \/><\/a><\/span><\/em><strong><em><span style=\"color: #ff0000;\"> LA\u00a0 APP PER IOS-IPHONE di Nicola Vettorello<\/span><\/em><\/strong><\/p>\n<p><strong><span style=\"color: #0000ff;\"><a style=\"color: #0000ff;\" href=\"https:\/\/apps.apple.com\/it\/app\/radio-pi%C3%B9-emittente-agordina\/id1515939845\">https:\/\/apps.apple.com\/it\/app\/radio-pi%C3%B9-emittente-agordina\/id1515939845<\/a><\/span><\/strong><\/p>\n<p><strong><em style=\"color: #ff0000;\">LA\u00a0 APP RADIO\u00a0 PER ANDROID di Nicola Vettorello<\/em><\/strong><\/p>\n<p><strong><span style=\"color: #0000ff;\"><a style=\"color: #0000ff;\" href=\"https:\/\/play.google.com\/store\/apps\/details?id=net.radiopiu.iniko\" target=\"_blank\" rel=\"noopener noreferrer\">https:\/\/<\/a><a style=\"color: #0000ff;\" href=\"https:\/\/play.google.com\/store\/apps\/details?id=net.radiopiu.iniko\" target=\"_blank\" rel=\"noopener noreferrer\">play.google.com\/store\/apps\/details?id=net.radiopiu.iniko\u00a0\u00a0\u00a0<\/a><\/span><\/strong><\/p>\n<p>&nbsp;<\/p>\n<p>&nbsp;<\/p>\n<p>&nbsp;<\/p>\n<hr \/>\n<p>&nbsp;<\/p>\n<p><span style=\"color: #ff0000;\"><strong>OGGI ALLA RADIO: 14 Electrochok con DJ Jack, 15 La Classifica con Marco Gaz, 20:30 Hockey Al Punto Giusto la partita Alleghe &#8211; Aosta\u00a0<\/strong><\/span><\/p>\n<p><strong><a class=\"dt-pswp-item\" href=\"https:\/\/www.radiopiu.net\/wordpress\/wp-content\/uploads\/2024\/12\/radionatale-stampa.jpg\" data-dt-img-description=\"\" data-large_image_width=\"1599\" data-large_image_height=\"933\"><img loading=\"lazy\" decoding=\"async\" class=\" wp-image-422556 alignleft\" src=\"https:\/\/www.radiopiu.net\/wordpress\/wp-content\/uploads\/2024\/12\/radionatale-stampa-300x175.jpg\" alt=\"\" width=\"146\" height=\"85\" srcset=\"https:\/\/www.radiopiu.net\/wordpress\/wp-content\/uploads\/2024\/12\/radionatale-stampa-300x175.jpg 300w, https:\/\/www.radiopiu.net\/wordpress\/wp-content\/uploads\/2024\/12\/radionatale-stampa-1024x597.jpg 1024w, https:\/\/www.radiopiu.net\/wordpress\/wp-content\/uploads\/2024\/12\/radionatale-stampa-768x448.jpg 768w, https:\/\/www.radiopiu.net\/wordpress\/wp-content\/uploads\/2024\/12\/radionatale-stampa-1536x896.jpg 1536w, https:\/\/www.radiopiu.net\/wordpress\/wp-content\/uploads\/2024\/12\/radionatale-stampa.jpg 1599w\" sizes=\"auto, (max-width: 146px) 100vw, 146px\" \/><\/a><\/strong><\/p>\n<p><strong>rassegna stampa nazionale,<\/strong> ogni giorno alle 5 e alle 6 del mattino.<br \/>\ngiornali locali 7 rassegna stampa flash, 8 rassegna stampa, gr flash alle 10 e alle 11, principale 12.30. Informazione pomeriggio ogni ora fino alle 20, in coda ai notiziari nazionali. Giornale radio nazionale: ogni ora dalle 4 del mattino, alle 20 della sera. Alle 19 le anticipazioni dal TG di Antenna 3 di Tiziana Bolognani.<\/p>\n<p>&nbsp;<\/p>\n<p>&nbsp;<\/p>\n<hr \/>\n<p>&nbsp;<\/p>\n<p>&nbsp;<\/p>\n<div class=\"x11i5rnm xat24cr x1mh8g0r x1vvkbs xtlvy1s x126k92a\">\n<div dir=\"auto\">\n<div dir=\"auto\">\n<p><strong><a class=\"dt-pswp-item\" href=\"https:\/\/www.radiopiu.net\/wordpress\/wp-content\/uploads\/2024\/02\/2d44e751-d8a8-461b-8e22-d8e4e853b032.jpg\" data-dt-img-description=\"\" data-large_image_width=\"1600\" data-large_image_height=\"1200\"><img loading=\"lazy\" decoding=\"async\" class=\"wp-image-373307 alignleft\" src=\"https:\/\/www.radiopiu.net\/wordpress\/wp-content\/uploads\/2024\/02\/2d44e751-d8a8-461b-8e22-d8e4e853b032-300x225.jpg\" alt=\"\" width=\"105\" height=\"79\" srcset=\"https:\/\/www.radiopiu.net\/wordpress\/wp-content\/uploads\/2024\/02\/2d44e751-d8a8-461b-8e22-d8e4e853b032-300x225.jpg 300w, https:\/\/www.radiopiu.net\/wordpress\/wp-content\/uploads\/2024\/02\/2d44e751-d8a8-461b-8e22-d8e4e853b032-1024x768.jpg 1024w, https:\/\/www.radiopiu.net\/wordpress\/wp-content\/uploads\/2024\/02\/2d44e751-d8a8-461b-8e22-d8e4e853b032-768x576.jpg 768w, https:\/\/www.radiopiu.net\/wordpress\/wp-content\/uploads\/2024\/02\/2d44e751-d8a8-461b-8e22-d8e4e853b032-1536x1152.jpg 1536w, https:\/\/www.radiopiu.net\/wordpress\/wp-content\/uploads\/2024\/02\/2d44e751-d8a8-461b-8e22-d8e4e853b032.jpg 1600w\" sizes=\"auto, (max-width: 105px) 100vw, 105px\" \/><\/a>EL BAL DEL FIOR, DI GIULIANA DA RONCH, 04 GENNAIO<\/strong><strong> 2025<\/strong><\/p>\n<\/div>\n<\/div>\n<\/div>\n<div class=\"x11i5rnm xat24cr x1mh8g0r x1vvkbs xtlvy1s x126k92a\">\n<audio class=\"wp-audio-shortcode\" id=\"audio-427768-1\" preload=\"none\" style=\"width: 100%;\" controls=\"controls\"><source type=\"audio\/mpeg\" src=\"https:\/\/www.radiopiu.net\/wordpress\/wp-content\/uploads\/2024\/12\/GSA-4.mp3?_=1\" \/><a href=\"https:\/\/www.radiopiu.net\/wordpress\/wp-content\/uploads\/2024\/12\/GSA-4.mp3\">https:\/\/www.radiopiu.net\/wordpress\/wp-content\/uploads\/2024\/12\/GSA-4.mp3<\/a><\/audio>\n<p>&nbsp;<\/p>\n<hr \/>\n<p>&nbsp;<\/p>\n<p>&nbsp;<\/p>\n<blockquote>\n<h1><strong><a class=\"dt-pswp-item\" href=\"https:\/\/www.radiopiu.net\/wordpress\/wp-content\/uploads\/2024\/10\/629301fd-708d-4f53-95c2-d28cbefd500f.jpg\" data-dt-img-description=\"\" data-large_image_width=\"1600\" data-large_image_height=\"1322\"><img loading=\"lazy\" decoding=\"async\" class=\"wp-image-413782 alignright\" src=\"https:\/\/www.radiopiu.net\/wordpress\/wp-content\/uploads\/2024\/10\/629301fd-708d-4f53-95c2-d28cbefd500f-300x248.jpg\" alt=\"\" width=\"106\" height=\"88\" srcset=\"https:\/\/www.radiopiu.net\/wordpress\/wp-content\/uploads\/2024\/10\/629301fd-708d-4f53-95c2-d28cbefd500f-300x248.jpg 300w, https:\/\/www.radiopiu.net\/wordpress\/wp-content\/uploads\/2024\/10\/629301fd-708d-4f53-95c2-d28cbefd500f-1024x846.jpg 1024w, https:\/\/www.radiopiu.net\/wordpress\/wp-content\/uploads\/2024\/10\/629301fd-708d-4f53-95c2-d28cbefd500f-768x635.jpg 768w, https:\/\/www.radiopiu.net\/wordpress\/wp-content\/uploads\/2024\/10\/629301fd-708d-4f53-95c2-d28cbefd500f-1536x1269.jpg 1536w, https:\/\/www.radiopiu.net\/wordpress\/wp-content\/uploads\/2024\/10\/629301fd-708d-4f53-95c2-d28cbefd500f.jpg 1600w\" sizes=\"auto, (max-width: 106px) 100vw, 106px\" \/><\/a><\/strong><\/h1>\n<h1><strong><a class=\"dt-pswp-item\" href=\"https:\/\/www.radiopiu.net\/wordpress\/wp-content\/uploads\/2024\/11\/th-18.jpg\" data-dt-img-description=\"\" data-large_image_width=\"156\" data-large_image_height=\"180\"><img loading=\"lazy\" decoding=\"async\" class=\"size-full wp-image-421611 alignleft\" src=\"https:\/\/www.radiopiu.net\/wordpress\/wp-content\/uploads\/2024\/11\/th-18.jpg\" alt=\"\" width=\"156\" height=\"180\" \/><\/a><\/strong><\/h1>\n<h1><strong>N di parom &#8211; L Almanach de la nosta jent<\/strong><\/h1>\n<\/blockquote>\n<p>&nbsp;<\/p>\n<p>Le voci: Davide Conedera, Agordo, Michela Dell&#8217;Osbel, La Valle Agordina Simone Ganz, Falcade Veronica Lezuo, Colle Santa Lucia. La voce nella sigla \u00e8 di Giorgia Taio<\/p>\n<p>&nbsp;<\/p>\n<p><strong>LA PUNTATA DI OGGI, 04 GENNAIO 2025<\/strong><\/p>\n<\/div>\n<div class=\"x11i5rnm xat24cr x1mh8g0r x1vvkbs xtlvy1s x126k92a\">\n<div dir=\"auto\">\n<audio class=\"wp-audio-shortcode\" id=\"audio-427768-2\" preload=\"none\" style=\"width: 100%;\" controls=\"controls\"><source type=\"audio\/mpeg\" src=\"https:\/\/www.radiopiu.net\/wordpress\/wp-content\/uploads\/2024\/12\/AL6-4.mp3?_=2\" \/><a href=\"https:\/\/www.radiopiu.net\/wordpress\/wp-content\/uploads\/2024\/12\/AL6-4.mp3\">https:\/\/www.radiopiu.net\/wordpress\/wp-content\/uploads\/2024\/12\/AL6-4.mp3<\/a><\/audio>\n<p>&nbsp;<\/p>\n<hr \/>\n<\/div>\n<\/div>\n<blockquote>\n<blockquote>\n<h1><span style=\"color: #ff0000;\">\u00a0<\/span><\/h1>\n<h1><span style=\"color: #ff0000;\">I podcast informativi del mattino &#8211; audio &#8211;\u00a0\u00a0<\/span><\/h1>\n<\/blockquote>\n<p><strong><a class=\"dt-pswp-item\" href=\"https:\/\/www.radiopiu.net\/wordpress\/wp-content\/uploads\/2024\/11\/6.jpg\" data-dt-img-description=\"\" data-large_image_width=\"177\" data-large_image_height=\"180\"><img loading=\"lazy\" decoding=\"async\" class=\"size-full wp-image-417911 alignleft\" src=\"https:\/\/www.radiopiu.net\/wordpress\/wp-content\/uploads\/2024\/11\/6.jpg\" alt=\"\" width=\"177\" height=\"180\" \/><\/a>LA RASSEGNA STAMPA NAZIONALE ALLA RADIO, OGNI GIORNO ALLE 5 E ALLE 6 DEL MATTINO <span style=\"color: #0000ff;\">viene pubblicata alle 6.00 <span style=\"color: #ff0000;\">DIRETTA RADIO\u00a0 \u00a0\u00a0<\/span><\/span><\/strong><\/p><\/blockquote>\n<p>&nbsp;<\/p>\n<p><strong>NOTIZIE DELLA NOTTE<\/strong><\/p>\n<p><strong>Microsoft<\/strong> nel 2025 spender\u00e0 80 miliardi in data center per IA <strong>Ceo di Apple<\/strong> dona 1 milione di dollari all&#8217;insediamento di Trump<br \/>\n<strong>Caso pornosta<\/strong>r, la sentenza per Trump fissata al 10 gennaio <strong>Supercoppa:<\/strong> 2-1 alla Juventus, Milan in finale con l&#8217;Inter<br \/>\n<strong>Due repubblicani<\/strong> cambiano il loro voto, Johnson rieletto speaker <strong>Mike Johnson<\/strong> fallisce primo voto per rielezione a speaker<br \/>\n<strong>Fbi,<\/strong> rischio nuovi attentati sul modello di New Orleans <strong>Confermato<\/strong> il viaggio di Biden in Italia da 9 a 12 gennaio<\/p>\n<h2>AUDIO dalle 6 del mattino<\/h2>\n<audio class=\"wp-audio-shortcode\" id=\"audio-427768-3\" preload=\"none\" style=\"width: 100%;\" controls=\"controls\"><source type=\"audio\/mpeg\" src=\"https:\/\/www.radiopiu.net\/wordpress\/wp-content\/uploads\/2025\/01\/GIORNALEDELLESEI-2.mp3?_=3\" \/><a href=\"https:\/\/www.radiopiu.net\/wordpress\/wp-content\/uploads\/2025\/01\/GIORNALEDELLESEI-2.mp3\">https:\/\/www.radiopiu.net\/wordpress\/wp-content\/uploads\/2025\/01\/GIORNALEDELLESEI-2.mp3<\/a><\/audio>\n<p>&nbsp;<\/p>\n<p>&nbsp;<\/p>\n<hr \/>\n<p>&nbsp;<\/p>\n<h1 style=\"text-align: center;\"><span style=\"color: #ff0000;\"><a class=\"dt-pswp-item\" href=\"https:\/\/www.radiopiu.net\/wordpress\/wp-content\/uploads\/2024\/11\/7.jpg\" data-dt-img-description=\"\" data-large_image_width=\"180\" data-large_image_height=\"180\"><img loading=\"lazy\" decoding=\"async\" class=\"size-full wp-image-417912 alignleft\" src=\"https:\/\/www.radiopiu.net\/wordpress\/wp-content\/uploads\/2024\/11\/7.jpg\" alt=\"\" width=\"180\" height=\"180\" srcset=\"https:\/\/www.radiopiu.net\/wordpress\/wp-content\/uploads\/2024\/11\/7.jpg 180w, https:\/\/www.radiopiu.net\/wordpress\/wp-content\/uploads\/2024\/11\/7-150x150.jpg 150w\" sizes=\"auto, (max-width: 180px) 100vw, 180px\" \/><\/a>I podcast informativi del mattino &#8211; audio &#8211;\u00a0<\/span><\/h1>\n<p><strong>OGNI GIORNO ALLE SETTE DEL MATTINO, LA RASSEGNA STAMPA LOCALE FLASH&#8230; PER CHI VA IN FRETTA. I TITOLI DAI GIORNALI E DAL SITO WWW.RADIOPIU.NET <span style=\"color: #0000ff;\">viene pubblicato alle 7.00<\/span> <span style=\"color: #ff0000;\">DIRETTA RADIO\u00a0<\/span><\/strong><\/p>\n<p><em><span style=\"color: #ff0000;\">per chi va in fretta&#8230; tante notizie in pochi minuti. L&#8217;informazione locale alla radio, ogni ora dalle 7 del mattino alle 19 della sera.<\/span><\/em><\/p>\n<h1><\/h1>\n<h1>AUDIO dalle 7 del mattino<\/h1>\n<audio class=\"wp-audio-shortcode\" id=\"audio-427768-4\" preload=\"none\" style=\"width: 100%;\" controls=\"controls\"><source type=\"audio\/mpeg\" src=\"https:\/\/www.radiopiu.net\/wordpress\/wp-content\/uploads\/2025\/01\/GF07-2.mp3?_=4\" \/><a href=\"https:\/\/www.radiopiu.net\/wordpress\/wp-content\/uploads\/2025\/01\/GF07-2.mp3\">https:\/\/www.radiopiu.net\/wordpress\/wp-content\/uploads\/2025\/01\/GF07-2.mp3<\/a><\/audio>\n<p>&nbsp;<\/p>\n<hr \/>\n<p>&nbsp;<\/p>\n<h1><\/h1>\n<h1 style=\"text-align: center;\"><span style=\"color: #ff0000;\"><a class=\"dt-pswp-item\" href=\"https:\/\/www.radiopiu.net\/wordpress\/wp-content\/uploads\/2024\/11\/th.jpg\" data-dt-img-description=\"\" data-large_image_width=\"148\" data-large_image_height=\"179\"><img loading=\"lazy\" decoding=\"async\" class=\"size-full wp-image-417913 alignleft\" src=\"https:\/\/www.radiopiu.net\/wordpress\/wp-content\/uploads\/2024\/11\/th.jpg\" alt=\"\" width=\"148\" height=\"179\" \/><\/a>I podcast informativi del mattino &#8211; audio &#8211;\u00a0<\/span><\/h1>\n<blockquote><p><strong>GIORNALE RADIO NAZIONALE, EDIZIONE DELLE SETTE <span style=\"color: #0000ff;\">viene pubblicato alle 7.05 <span style=\"color: #ff0000;\">DIRETTA RADIO\u00a0<\/span><\/span><\/strong><\/p><\/blockquote>\n<p><strong>il giornale radionazionale e&#8217; in onda ogni ora, dalle sette del mattino alle venti della sera\u00a0 \u00a0<\/strong><strong>\u00a0<\/strong><\/p>\n<p>&nbsp;<\/p>\n<p><strong>L&#8217;inchiesta <\/strong>Neonato morto a Bari, prete: &#8216;Giorni fa un black out elettrico&#8217;\u00a0<strong>Incidente sul lavoro:<\/strong> morto un operaio 38enne, caduto da un&#8217;impalcatura<br \/>\nLa tragedia a Lamezia Terme, la vittima \u00e8 precipitata da un&#8217;altezza di sei metri <strong>Piemonte <\/strong>Ex sciatrice olimpica spara al vicino di casa dopo una lite, arrestata per tentato omicidio\u00a0 <strong>3500 controlli<\/strong> nelle attivit\u00e0 ricettive, 250 strutture abusive Recuperato oltre 1 milione e 600mila euro di tasse di soggiorno <strong>La storia <\/strong>Una discoteca di Forl\u00ec non fa entrare i giovani di colore <strong>Rifiuta l&#8217;etilometr<\/strong>o e oppone resistenza, primario arrestato<br \/>\nGiudice convalida provvedimento e lo rimette in libert\u00e0<\/p>\n<h2><span style=\"color: #ff0000;\"><span style=\"color: #0000ff;\">ULTIM&#8217;ORA<\/span> AUDIO dalle sette del mattino, ogni ora alla radio EDIZIONE DELLE SETTE<\/span><\/h2>\n<audio class=\"wp-audio-shortcode\" id=\"audio-427768-5\" preload=\"none\" style=\"width: 100%;\" controls=\"controls\"><source type=\"audio\/mpeg\" src=\"https:\/\/www.radiopiu.net\/wordpress\/wp-content\/uploads\/2025\/01\/giornale07-3.mp3?_=5\" \/><a href=\"https:\/\/www.radiopiu.net\/wordpress\/wp-content\/uploads\/2025\/01\/giornale07-3.mp3\">https:\/\/www.radiopiu.net\/wordpress\/wp-content\/uploads\/2025\/01\/giornale07-3.mp3<\/a><\/audio>\n<p>&nbsp;<\/p>\n<p>&nbsp;<\/p>\n<hr \/>\n<p>&nbsp;<\/p>\n<p>&nbsp;<\/p>\n<h1><span style=\"color: #ff0000;\"><a class=\"dt-pswp-item\" href=\"https:\/\/www.radiopiu.net\/wordpress\/wp-content\/uploads\/2024\/11\/8.jpg\" data-dt-img-description=\"\" data-large_image_width=\"180\" data-large_image_height=\"180\"><img loading=\"lazy\" decoding=\"async\" class=\"size-full wp-image-417910 alignleft\" src=\"https:\/\/www.radiopiu.net\/wordpress\/wp-content\/uploads\/2024\/11\/8.jpg\" alt=\"\" width=\"180\" height=\"180\" srcset=\"https:\/\/www.radiopiu.net\/wordpress\/wp-content\/uploads\/2024\/11\/8.jpg 180w, https:\/\/www.radiopiu.net\/wordpress\/wp-content\/uploads\/2024\/11\/8-150x150.jpg 150w\" sizes=\"auto, (max-width: 180px) 100vw, 180px\" \/><\/a>I podcast informativi del mattino &#8211; video &#8211;\u00a0<\/span><\/h1>\n<h2 style=\"text-align: left;\"><strong>RASSEGNA STAMPA LOCALE, ORE OTTO<\/strong><\/h2>\n<h2><strong> <span style=\"color: #0000ff;\">viene\u00a0 <\/span><\/strong><strong><span style=\"color: #0000ff;\">pubblicata alle 8.05 <span style=\"color: #ff0000;\">DIRETTA RADIO\u00a0 \u00a0<\/span><\/span><\/strong><strong>DI MIRKO MEZZACASA<\/strong><\/h2>\n<h2><span style=\"color: #ff0000;\"><strong>\u00a0<\/strong><\/span><\/h2>\n<h2><span style=\"color: #ff0000;\"><strong>\u00a0<\/strong><\/span><\/h2>\n<h1><span style=\"color: #ff0000;\"><strong>VIDEO\u00a0 \u00a0in diretta dalle 8 del mattino\u00a0 \u00a0per ASCOLTARE\u00a0\u00a0<\/strong><\/span><\/h1>\n<audio class=\"wp-audio-shortcode\" id=\"audio-427768-6\" preload=\"none\" style=\"width: 100%;\" controls=\"controls\"><source type=\"audio\/mpeg\" src=\"https:\/\/www.radiopiu.net\/wordpress\/wp-content\/uploads\/2025\/01\/RASSEGNA-ORE-OTTO-MIRKO-1.mp3?_=6\" \/><a href=\"https:\/\/www.radiopiu.net\/wordpress\/wp-content\/uploads\/2025\/01\/RASSEGNA-ORE-OTTO-MIRKO-1.mp3\">https:\/\/www.radiopiu.net\/wordpress\/wp-content\/uploads\/2025\/01\/RASSEGNA-ORE-OTTO-MIRKO-1.mp3<\/a><\/audio>\n\n\t\t\t<style type='text\/css'>\n\t\t\t\t#gallery-1 {\n\t\t\t\t\tmargin: auto;\n\t\t\t\t}\n\t\t\t\t#gallery-1 .gallery-item {\n\t\t\t\t\tfloat: left;\n\t\t\t\t\tmargin-top: 10px;\n\t\t\t\t\ttext-align: center;\n\t\t\t\t\twidth: 33%;\n\t\t\t\t}\n\t\t\t\t#gallery-1 img {\n\t\t\t\t\tborder: 2px solid #cfcfcf;\n\t\t\t\t}\n\t\t\t\t#gallery-1 .gallery-caption {\n\t\t\t\t\tmargin-left: 0;\n\t\t\t\t}\n\t\t\t\t\/* see gallery_shortcode() in wp-includes\/media.php *\/\n\t\t\t<\/style>\n\t\t<div id='gallery-1' class='dt-gallery-container gallery galleryid-427768 gallery-columns-3 gallery-size-medium'><dl class='gallery-item'>\n\t\t\t\t<dt class='gallery-icon landscape'>\n\t\t\t\t\t<a class=\"rollover rollover-zoom dt-pswp-item\" title=\"COOP2\" data-dt-img-description=\"\" data-large_image_width=\"403\" data-large_image_height=\"226\"href='https:\/\/www.radiopiu.net\/wordpress\/wp-content\/uploads\/2025\/01\/COOP2-2.png'><img loading=\"lazy\" decoding=\"async\" width=\"300\" height=\"168\" src=\"https:\/\/www.radiopiu.net\/wordpress\/wp-content\/uploads\/2025\/01\/COOP2-2-300x168.png\" class=\"attachment-medium size-medium\" alt=\"\" srcset=\"https:\/\/www.radiopiu.net\/wordpress\/wp-content\/uploads\/2025\/01\/COOP2-2-300x168.png 300w, https:\/\/www.radiopiu.net\/wordpress\/wp-content\/uploads\/2025\/01\/COOP2-2.png 403w\" sizes=\"auto, (max-width: 300px) 100vw, 300px\" \/><\/a>\n\t\t\t\t<\/dt><\/dl><dl class='gallery-item'>\n\t\t\t\t<dt class='gallery-icon landscape'>\n\t\t\t\t\t<a class=\"rollover rollover-zoom dt-pswp-item\" title=\"COOP2\" data-dt-img-description=\"\" data-large_image_width=\"513\" data-large_image_height=\"276\"href='https:\/\/www.radiopiu.net\/wordpress\/wp-content\/uploads\/2025\/01\/COOP2-3.png'><img loading=\"lazy\" decoding=\"async\" width=\"300\" height=\"161\" src=\"https:\/\/www.radiopiu.net\/wordpress\/wp-content\/uploads\/2025\/01\/COOP2-3-300x161.png\" class=\"attachment-medium size-medium\" alt=\"\" srcset=\"https:\/\/www.radiopiu.net\/wordpress\/wp-content\/uploads\/2025\/01\/COOP2-3-300x161.png 300w, https:\/\/www.radiopiu.net\/wordpress\/wp-content\/uploads\/2025\/01\/COOP2-3.png 513w\" sizes=\"auto, (max-width: 300px) 100vw, 300px\" \/><\/a>\n\t\t\t\t<\/dt><\/dl><dl class='gallery-item'>\n\t\t\t\t<dt class='gallery-icon landscape'>\n\t\t\t\t\t<a class=\"rollover rollover-zoom dt-pswp-item\" title=\"COOP3\" data-dt-img-description=\"\" data-large_image_width=\"521\" data-large_image_height=\"303\"href='https:\/\/www.radiopiu.net\/wordpress\/wp-content\/uploads\/2025\/01\/COOP3.png'><img loading=\"lazy\" decoding=\"async\" width=\"300\" height=\"174\" src=\"https:\/\/www.radiopiu.net\/wordpress\/wp-content\/uploads\/2025\/01\/COOP3-300x174.png\" class=\"attachment-medium size-medium\" alt=\"\" srcset=\"https:\/\/www.radiopiu.net\/wordpress\/wp-content\/uploads\/2025\/01\/COOP3-300x174.png 300w, https:\/\/www.radiopiu.net\/wordpress\/wp-content\/uploads\/2025\/01\/COOP3.png 521w\" sizes=\"auto, (max-width: 300px) 100vw, 300px\" \/><\/a>\n\t\t\t\t<\/dt><\/dl><br style=\"clear: both\" \/>\n\t\t\t<\/div>\n\n<blockquote>\n<h1 style=\"text-align: center;\"><\/h1>\n<p>&nbsp;<\/p><\/blockquote>\n<hr \/>\n<p>&nbsp;<\/p>\n<p>&nbsp;<\/p>\n<p><strong><a class=\"dt-pswp-item\" href=\"https:\/\/www.radiopiu.net\/wordpress\/wp-content\/uploads\/2023\/12\/ANTENNA.png\" data-dt-img-description=\"\" data-large_image_width=\"300\" data-large_image_height=\"166\"><img loading=\"lazy\" decoding=\"async\" class=\"wp-image-366306 alignright\" src=\"https:\/\/www.radiopiu.net\/wordpress\/wp-content\/uploads\/2023\/12\/ANTENNA.png\" alt=\"\" width=\"101\" height=\"56\" \/><\/a><a class=\"dt-pswp-item\" href=\"https:\/\/www.radiopiu.net\/wordpress\/wp-content\/uploads\/2024\/11\/th-17.jpg\" data-dt-img-description=\"\" data-large_image_width=\"224\" data-large_image_height=\"180\"><img loading=\"lazy\" decoding=\"async\" class=\" wp-image-421610 alignleft\" src=\"https:\/\/www.radiopiu.net\/wordpress\/wp-content\/uploads\/2024\/11\/th-17.jpg\" alt=\"\" width=\"167\" height=\"134\" \/><\/a>ogni sera alle 19 le anticipazioni alla radio, quello che poi seguirete nel TELEGIORNALE BELLUNESE\u00a0 in onda alle 19.30 sul CANALE 10 del digitale terrestre.\u00a0\u00a0<\/strong><\/p>\n<p>&nbsp;<\/p>\n<p><strong>IERI SERA, LE ANTICIPAZIONI DI TIZIANA BOLOGNANI<\/strong><\/p>\n<audio class=\"wp-audio-shortcode\" id=\"audio-427768-7\" preload=\"none\" style=\"width: 100%;\" controls=\"controls\"><source type=\"audio\/mpeg\" src=\"https:\/\/www.radiopiu.net\/wordpress\/wp-content\/uploads\/2025\/01\/ANTENNA3-1.mp3?_=7\" \/><a href=\"https:\/\/www.radiopiu.net\/wordpress\/wp-content\/uploads\/2025\/01\/ANTENNA3-1.mp3\">https:\/\/www.radiopiu.net\/wordpress\/wp-content\/uploads\/2025\/01\/ANTENNA3-1.mp3<\/a><\/audio>\n<p>&nbsp;<\/p>\n<p>&nbsp;<\/p>\n<hr \/>\n<p>&nbsp;<\/p>\n<blockquote>\n<h2>FRASSENE&#8217; DI VOLTAGO, IN FIAMME UN FIENILE E TRE ABITAZIONI<\/h2>\n<\/blockquote>\n<p>&nbsp;<\/p>\n<p>di mirko mezzacasa<\/p>\n<p><strong>GIORNALE RADIO STRAORDINARIO, IN ONDA ALLE 4.30 DEL MATTINO<\/strong><\/p>\n<p><strong>IL SINDACO E UOMO DELLA PROTEZIONE CIVILE, GIUSEPPE SCHENA, ORE 5.00, SITUAZIONE SOTTO CONTROLLO<\/strong><\/p>\n<audio class=\"wp-audio-shortcode\" id=\"audio-427768-8\" preload=\"none\" style=\"width: 100%;\" controls=\"controls\"><source type=\"audio\/mpeg\" src=\"https:\/\/www.radiopiu.net\/wordpress\/wp-content\/uploads\/2025\/01\/GIUSEPPE-SCHENA.mp3?_=8\" \/><a href=\"https:\/\/www.radiopiu.net\/wordpress\/wp-content\/uploads\/2025\/01\/GIUSEPPE-SCHENA.mp3\">https:\/\/www.radiopiu.net\/wordpress\/wp-content\/uploads\/2025\/01\/GIUSEPPE-SCHENA.mp3<\/a><\/audio>\n<p>&nbsp;<\/p>\n<p><strong>DON FABIANO PARROCO DI VOLTAGO-GOSALDO-RIVAMONTE-TISER-FRASSENE&#8217;<\/strong><\/p>\n<audio class=\"wp-audio-shortcode\" id=\"audio-427768-9\" preload=\"none\" style=\"width: 100%;\" controls=\"controls\"><source type=\"audio\/mpeg\" src=\"https:\/\/www.radiopiu.net\/wordpress\/wp-content\/uploads\/2025\/01\/GF10.mp3?_=9\" \/><a href=\"https:\/\/www.radiopiu.net\/wordpress\/wp-content\/uploads\/2025\/01\/GF10.mp3\">https:\/\/www.radiopiu.net\/wordpress\/wp-content\/uploads\/2025\/01\/GF10.mp3<\/a><\/audio>\n\n\t\t\t<style type='text\/css'>\n\t\t\t\t#gallery-2 {\n\t\t\t\t\tmargin: auto;\n\t\t\t\t}\n\t\t\t\t#gallery-2 .gallery-item {\n\t\t\t\t\tfloat: left;\n\t\t\t\t\tmargin-top: 10px;\n\t\t\t\t\ttext-align: center;\n\t\t\t\t\twidth: 25%;\n\t\t\t\t}\n\t\t\t\t#gallery-2 img {\n\t\t\t\t\tborder: 2px solid #cfcfcf;\n\t\t\t\t}\n\t\t\t\t#gallery-2 .gallery-caption {\n\t\t\t\t\tmargin-left: 0;\n\t\t\t\t}\n\t\t\t\t\/* see gallery_shortcode() in wp-includes\/media.php *\/\n\t\t\t<\/style>\n\t\t<div id='gallery-2' class='dt-gallery-container gallery galleryid-427768 gallery-columns-4 gallery-size-thumbnail'><dl class='gallery-item'>\n\t\t\t\t<dt class='gallery-icon landscape'>\n\t\t\t\t\t<a class=\"rollover rollover-zoom dt-pswp-item\" title=\"827d4a36-4fa3-46c1-8320-14f1612b026e\" data-dt-img-description=\"\" data-large_image_width=\"2048\" data-large_image_height=\"1152\"href='https:\/\/www.radiopiu.net\/wordpress\/wp-content\/uploads\/2025\/01\/827d4a36-4fa3-46c1-8320-14f1612b026e.jpg'><img loading=\"lazy\" decoding=\"async\" width=\"150\" height=\"150\" src=\"https:\/\/www.radiopiu.net\/wordpress\/wp-content\/uploads\/2025\/01\/827d4a36-4fa3-46c1-8320-14f1612b026e-150x150.jpg\" class=\"attachment-thumbnail size-thumbnail\" alt=\"\" \/><\/a>\n\t\t\t\t<\/dt><\/dl><dl class='gallery-item'>\n\t\t\t\t<dt class='gallery-icon landscape'>\n\t\t\t\t\t<a class=\"rollover rollover-zoom dt-pswp-item\" title=\"cf6ce4f1-294a-48a3-a208-54c5cee4a659\" data-dt-img-description=\"\" data-large_image_width=\"2048\" data-large_image_height=\"1152\"href='https:\/\/www.radiopiu.net\/wordpress\/wp-content\/uploads\/2025\/01\/cf6ce4f1-294a-48a3-a208-54c5cee4a659.jpg'><img loading=\"lazy\" decoding=\"async\" width=\"150\" height=\"150\" src=\"https:\/\/www.radiopiu.net\/wordpress\/wp-content\/uploads\/2025\/01\/cf6ce4f1-294a-48a3-a208-54c5cee4a659-150x150.jpg\" class=\"attachment-thumbnail size-thumbnail\" alt=\"\" \/><\/a>\n\t\t\t\t<\/dt><\/dl><dl class='gallery-item'>\n\t\t\t\t<dt class='gallery-icon landscape'>\n\t\t\t\t\t<a class=\"rollover rollover-zoom dt-pswp-item\" title=\"6b174cf9-13b8-45a9-8074-735626671dc2\" data-dt-img-description=\"\" data-large_image_width=\"2048\" data-large_image_height=\"1152\"href='https:\/\/www.radiopiu.net\/wordpress\/wp-content\/uploads\/2025\/01\/6b174cf9-13b8-45a9-8074-735626671dc2.jpg'><img loading=\"lazy\" decoding=\"async\" width=\"150\" height=\"150\" src=\"https:\/\/www.radiopiu.net\/wordpress\/wp-content\/uploads\/2025\/01\/6b174cf9-13b8-45a9-8074-735626671dc2-150x150.jpg\" class=\"attachment-thumbnail size-thumbnail\" alt=\"\" \/><\/a>\n\t\t\t\t<\/dt><\/dl><dl class='gallery-item'>\n\t\t\t\t<dt class='gallery-icon landscape'>\n\t\t\t\t\t<a class=\"rollover rollover-zoom dt-pswp-item\" title=\"ae844f80-8932-415d-8ed1-99532c97f898\" data-dt-img-description=\"\" data-large_image_width=\"2048\" data-large_image_height=\"1152\"href='https:\/\/www.radiopiu.net\/wordpress\/wp-content\/uploads\/2025\/01\/ae844f80-8932-415d-8ed1-99532c97f898.jpg'><img loading=\"lazy\" decoding=\"async\" width=\"150\" height=\"150\" src=\"https:\/\/www.radiopiu.net\/wordpress\/wp-content\/uploads\/2025\/01\/ae844f80-8932-415d-8ed1-99532c97f898-150x150.jpg\" class=\"attachment-thumbnail size-thumbnail\" alt=\"\" \/><\/a>\n\t\t\t\t<\/dt><\/dl><br style=\"clear: both\" \/><dl class='gallery-item'>\n\t\t\t\t<dt class='gallery-icon landscape'>\n\t\t\t\t\t<a class=\"rollover rollover-zoom dt-pswp-item\" title=\"38d1ee04-38c7-4d06-a452-d44abfc29a5a\" data-dt-img-description=\"\" data-large_image_width=\"1600\" data-large_image_height=\"1200\"href='https:\/\/www.radiopiu.net\/wordpress\/wp-content\/uploads\/2025\/01\/38d1ee04-38c7-4d06-a452-d44abfc29a5a.jpg'><img loading=\"lazy\" decoding=\"async\" width=\"150\" height=\"150\" src=\"https:\/\/www.radiopiu.net\/wordpress\/wp-content\/uploads\/2025\/01\/38d1ee04-38c7-4d06-a452-d44abfc29a5a-150x150.jpg\" class=\"attachment-thumbnail size-thumbnail\" alt=\"\" \/><\/a>\n\t\t\t\t<\/dt><\/dl><dl class='gallery-item'>\n\t\t\t\t<dt class='gallery-icon portrait'>\n\t\t\t\t\t<a class=\"rollover rollover-zoom dt-pswp-item\" title=\"c656d493-3ca5-44b4-89a4-3c974c716c86\" data-dt-img-description=\"\" data-large_image_width=\"1200\" data-large_image_height=\"1600\"href='https:\/\/www.radiopiu.net\/wordpress\/wp-content\/uploads\/2025\/01\/c656d493-3ca5-44b4-89a4-3c974c716c86.jpg'><img loading=\"lazy\" decoding=\"async\" width=\"150\" height=\"150\" src=\"https:\/\/www.radiopiu.net\/wordpress\/wp-content\/uploads\/2025\/01\/c656d493-3ca5-44b4-89a4-3c974c716c86-150x150.jpg\" class=\"attachment-thumbnail size-thumbnail\" alt=\"\" \/><\/a>\n\t\t\t\t<\/dt><\/dl><dl class='gallery-item'>\n\t\t\t\t<dt class='gallery-icon landscape'>\n\t\t\t\t\t<a class=\"rollover rollover-zoom dt-pswp-item\" title=\"7009605e-a979-4ea3-972d-da146396e58b\" data-dt-img-description=\"\" data-large_image_width=\"1600\" data-large_image_height=\"1200\"href='https:\/\/www.radiopiu.net\/wordpress\/wp-content\/uploads\/2025\/01\/7009605e-a979-4ea3-972d-da146396e58b.jpg'><img loading=\"lazy\" decoding=\"async\" width=\"150\" height=\"150\" src=\"https:\/\/www.radiopiu.net\/wordpress\/wp-content\/uploads\/2025\/01\/7009605e-a979-4ea3-972d-da146396e58b-150x150.jpg\" class=\"attachment-thumbnail size-thumbnail\" alt=\"\" \/><\/a>\n\t\t\t\t<\/dt><\/dl><dl class='gallery-item'>\n\t\t\t\t<dt class='gallery-icon landscape'>\n\t\t\t\t\t<a class=\"rollover rollover-zoom dt-pswp-item\" title=\"7593bf59-3900-4d20-83d7-096815e75cae\" data-dt-img-description=\"\" data-large_image_width=\"1600\" data-large_image_height=\"1200\"href='https:\/\/www.radiopiu.net\/wordpress\/wp-content\/uploads\/2025\/01\/7593bf59-3900-4d20-83d7-096815e75cae.jpg'><img loading=\"lazy\" decoding=\"async\" width=\"150\" height=\"150\" src=\"https:\/\/www.radiopiu.net\/wordpress\/wp-content\/uploads\/2025\/01\/7593bf59-3900-4d20-83d7-096815e75cae-150x150.jpg\" class=\"attachment-thumbnail size-thumbnail\" alt=\"\" \/><\/a>\n\t\t\t\t<\/dt><\/dl><br style=\"clear: both\" \/><dl class='gallery-item'>\n\t\t\t\t<dt class='gallery-icon landscape'>\n\t\t\t\t\t<a class=\"rollover rollover-zoom dt-pswp-item\" title=\"107a7440-cba5-4afd-aae3-fcee5413d028\" data-dt-img-description=\"\" data-large_image_width=\"1600\" data-large_image_height=\"1200\"href='https:\/\/www.radiopiu.net\/wordpress\/wp-content\/uploads\/2025\/01\/107a7440-cba5-4afd-aae3-fcee5413d028.jpg'><img loading=\"lazy\" decoding=\"async\" width=\"150\" height=\"150\" src=\"https:\/\/www.radiopiu.net\/wordpress\/wp-content\/uploads\/2025\/01\/107a7440-cba5-4afd-aae3-fcee5413d028-150x150.jpg\" class=\"attachment-thumbnail size-thumbnail\" alt=\"\" \/><\/a>\n\t\t\t\t<\/dt><\/dl><dl class='gallery-item'>\n\t\t\t\t<dt class='gallery-icon portrait'>\n\t\t\t\t\t<a class=\"rollover rollover-zoom dt-pswp-item\" title=\"c189c574-542c-4f41-814e-13e9aed3b226\" data-dt-img-description=\"\" data-large_image_width=\"1200\" data-large_image_height=\"1600\"href='https:\/\/www.radiopiu.net\/wordpress\/wp-content\/uploads\/2025\/01\/c189c574-542c-4f41-814e-13e9aed3b226.jpg'><img loading=\"lazy\" decoding=\"async\" width=\"150\" height=\"150\" src=\"https:\/\/www.radiopiu.net\/wordpress\/wp-content\/uploads\/2025\/01\/c189c574-542c-4f41-814e-13e9aed3b226-150x150.jpg\" class=\"attachment-thumbnail size-thumbnail\" alt=\"\" \/><\/a>\n\t\t\t\t<\/dt><\/dl><dl class='gallery-item'>\n\t\t\t\t<dt class='gallery-icon portrait'>\n\t\t\t\t\t<a class=\"rollover rollover-zoom dt-pswp-item\" title=\"65b3f8a2-db4a-4300-b684-7c57ad631068\" data-dt-img-description=\"\" data-large_image_width=\"1200\" data-large_image_height=\"1600\"href='https:\/\/www.radiopiu.net\/wordpress\/wp-content\/uploads\/2025\/01\/65b3f8a2-db4a-4300-b684-7c57ad631068.jpg'><img loading=\"lazy\" decoding=\"async\" width=\"150\" height=\"150\" src=\"https:\/\/www.radiopiu.net\/wordpress\/wp-content\/uploads\/2025\/01\/65b3f8a2-db4a-4300-b684-7c57ad631068-150x150.jpg\" class=\"attachment-thumbnail size-thumbnail\" alt=\"\" \/><\/a>\n\t\t\t\t<\/dt><\/dl><dl class='gallery-item'>\n\t\t\t\t<dt class='gallery-icon portrait'>\n\t\t\t\t\t<a class=\"rollover rollover-zoom dt-pswp-item\" title=\"69edc5b1-e774-410e-8833-8668ea906ab3\" data-dt-img-description=\"\" data-large_image_width=\"900\" data-large_image_height=\"1600\"href='https:\/\/www.radiopiu.net\/wordpress\/wp-content\/uploads\/2025\/01\/69edc5b1-e774-410e-8833-8668ea906ab3.jpg'><img loading=\"lazy\" decoding=\"async\" width=\"150\" height=\"150\" src=\"https:\/\/www.radiopiu.net\/wordpress\/wp-content\/uploads\/2025\/01\/69edc5b1-e774-410e-8833-8668ea906ab3-150x150.jpg\" class=\"attachment-thumbnail size-thumbnail\" alt=\"\" \/><\/a>\n\t\t\t\t<\/dt><\/dl><br style=\"clear: both\" \/><dl class='gallery-item'>\n\t\t\t\t<dt class='gallery-icon portrait'>\n\t\t\t\t\t<a class=\"rollover rollover-zoom dt-pswp-item\" title=\"7f576eee-1680-47e3-9cfe-e2546e06f1b4\" data-dt-img-description=\"\" data-large_image_width=\"900\" data-large_image_height=\"1600\"href='https:\/\/www.radiopiu.net\/wordpress\/wp-content\/uploads\/2025\/01\/7f576eee-1680-47e3-9cfe-e2546e06f1b4.jpg'><img loading=\"lazy\" decoding=\"async\" width=\"150\" height=\"150\" src=\"https:\/\/www.radiopiu.net\/wordpress\/wp-content\/uploads\/2025\/01\/7f576eee-1680-47e3-9cfe-e2546e06f1b4-150x150.jpg\" class=\"attachment-thumbnail size-thumbnail\" alt=\"\" \/><\/a>\n\t\t\t\t<\/dt><\/dl><dl class='gallery-item'>\n\t\t\t\t<dt class='gallery-icon portrait'>\n\t\t\t\t\t<a class=\"rollover rollover-zoom dt-pswp-item\" title=\"3688e490-efbc-4966-95f8-bb08806a193e\" data-dt-img-description=\"\" data-large_image_width=\"1200\" data-large_image_height=\"1600\"href='https:\/\/www.radiopiu.net\/wordpress\/wp-content\/uploads\/2025\/01\/3688e490-efbc-4966-95f8-bb08806a193e.jpg'><img loading=\"lazy\" decoding=\"async\" width=\"150\" height=\"150\" src=\"https:\/\/www.radiopiu.net\/wordpress\/wp-content\/uploads\/2025\/01\/3688e490-efbc-4966-95f8-bb08806a193e-150x150.jpg\" class=\"attachment-thumbnail size-thumbnail\" alt=\"\" \/><\/a>\n\t\t\t\t<\/dt><\/dl><dl class='gallery-item'>\n\t\t\t\t<dt class='gallery-icon portrait'>\n\t\t\t\t\t<a class=\"rollover rollover-zoom dt-pswp-item\" title=\"253e6d09-63a6-4235-a756-9f25a939d8fb\" data-dt-img-description=\"\" data-large_image_width=\"1200\" data-large_image_height=\"1600\"href='https:\/\/www.radiopiu.net\/wordpress\/wp-content\/uploads\/2025\/01\/253e6d09-63a6-4235-a756-9f25a939d8fb.jpg'><img loading=\"lazy\" decoding=\"async\" width=\"150\" height=\"150\" src=\"https:\/\/www.radiopiu.net\/wordpress\/wp-content\/uploads\/2025\/01\/253e6d09-63a6-4235-a756-9f25a939d8fb-150x150.jpg\" class=\"attachment-thumbnail size-thumbnail\" alt=\"\" \/><\/a>\n\t\t\t\t<\/dt><\/dl><dl class='gallery-item'>\n\t\t\t\t<dt class='gallery-icon landscape'>\n\t\t\t\t\t<a class=\"rollover rollover-zoom dt-pswp-item\" title=\"0956cf44-d759-4402-ac99-6b63c30cbc30\" data-dt-img-description=\"\" data-large_image_width=\"1600\" data-large_image_height=\"1200\"href='https:\/\/www.radiopiu.net\/wordpress\/wp-content\/uploads\/2025\/01\/0956cf44-d759-4402-ac99-6b63c30cbc30.jpg'><img loading=\"lazy\" decoding=\"async\" width=\"150\" height=\"150\" src=\"https:\/\/www.radiopiu.net\/wordpress\/wp-content\/uploads\/2025\/01\/0956cf44-d759-4402-ac99-6b63c30cbc30-150x150.jpg\" class=\"attachment-thumbnail size-thumbnail\" alt=\"\" \/><\/a>\n\t\t\t\t<\/dt><\/dl><br style=\"clear: both\" \/><dl class='gallery-item'>\n\t\t\t\t<dt class='gallery-icon portrait'>\n\t\t\t\t\t<a class=\"rollover rollover-zoom dt-pswp-item\" title=\"2dfcb03c-cbcd-49b4-bead-78daa0ce7fe0\" data-dt-img-description=\"\" data-large_image_width=\"1200\" data-large_image_height=\"1600\"href='https:\/\/www.radiopiu.net\/wordpress\/wp-content\/uploads\/2025\/01\/2dfcb03c-cbcd-49b4-bead-78daa0ce7fe0.jpg'><img loading=\"lazy\" decoding=\"async\" width=\"150\" height=\"150\" src=\"https:\/\/www.radiopiu.net\/wordpress\/wp-content\/uploads\/2025\/01\/2dfcb03c-cbcd-49b4-bead-78daa0ce7fe0-150x150.jpg\" class=\"attachment-thumbnail size-thumbnail\" alt=\"\" \/><\/a>\n\t\t\t\t<\/dt><\/dl><dl class='gallery-item'>\n\t\t\t\t<dt class='gallery-icon landscape'>\n\t\t\t\t\t<a class=\"rollover rollover-zoom dt-pswp-item\" title=\"a2208c36-cd11-4d54-a5dd-e0ebbe20149c\" data-dt-img-description=\"\" data-large_image_width=\"1600\" data-large_image_height=\"1200\"href='https:\/\/www.radiopiu.net\/wordpress\/wp-content\/uploads\/2025\/01\/a2208c36-cd11-4d54-a5dd-e0ebbe20149c.jpg'><img loading=\"lazy\" decoding=\"async\" width=\"150\" height=\"150\" src=\"https:\/\/www.radiopiu.net\/wordpress\/wp-content\/uploads\/2025\/01\/a2208c36-cd11-4d54-a5dd-e0ebbe20149c-150x150.jpg\" class=\"attachment-thumbnail size-thumbnail\" alt=\"\" \/><\/a>\n\t\t\t\t<\/dt><\/dl><dl class='gallery-item'>\n\t\t\t\t<dt class='gallery-icon portrait'>\n\t\t\t\t\t<a class=\"rollover rollover-zoom dt-pswp-item\" title=\"93f2438a-ebc5-4ec0-b33b-f7ea6e0d13d7\" data-dt-img-description=\"\" data-large_image_width=\"1200\" data-large_image_height=\"1600\"href='https:\/\/www.radiopiu.net\/wordpress\/wp-content\/uploads\/2025\/01\/93f2438a-ebc5-4ec0-b33b-f7ea6e0d13d7.jpg'><img loading=\"lazy\" decoding=\"async\" width=\"150\" height=\"150\" src=\"https:\/\/www.radiopiu.net\/wordpress\/wp-content\/uploads\/2025\/01\/93f2438a-ebc5-4ec0-b33b-f7ea6e0d13d7-150x150.jpg\" class=\"attachment-thumbnail size-thumbnail\" alt=\"\" \/><\/a>\n\t\t\t\t<\/dt><\/dl>\n\t\t\t\t<br style='clear: both' \/>\n\t\t\t<\/div>\n\n<p>&nbsp;<\/p>\n<p><strong>IL VIDEO<\/strong><\/p>\n<p><iframe loading=\"lazy\" title=\"INCENDIO A FRASSENE   04 GENNAIO 2025\" width=\"1200\" height=\"675\" src=\"https:\/\/www.youtube.com\/embed\/2rQxiP65sjg?feature=oembed\" frameborder=\"0\" allow=\"accelerometer; autoplay; clipboard-write; encrypted-media; gyroscope; picture-in-picture; web-share\" referrerpolicy=\"strict-origin-when-cross-origin\" allowfullscreen><\/iframe><\/p>\n<p>&nbsp;<\/p>\n<p>&nbsp;<\/p>\n<hr \/>\n<p>&nbsp;<\/p>\n<p>&nbsp;<\/p>\n<blockquote>\n<h3>LA VALANGA\u00a0 SULLA PISTA LABIRINTI IN TOFANA<\/h3>\n<\/blockquote>\n<p><strong>CORTINA <\/strong>Un accumulo di neve artificiale si \u00e8 distaccato dalla pista &#8220;Labirinti&#8221; nel comprensorio delle Tofane a Cortina d&#8217;Ampezzo, chiusa al pubblico per lavori di innevamento. Il distacco, causato da due sciatori entrati sulla pista per recuperare un bastoncino, ha invaso la pista e le reti di protezione. Sul posto sono intervenuti soccorritori di Cortina e della Guardia di Finanza con unit\u00e0 cinofile e un elicottero del Suem di Pieve di Cadore. Le ricerche non hanno individuato feriti o persone coinvolte. I due sciatori saranno segnalati all&#8217;autorit\u00e0 giudiziaria. Indagini in corso da parte del Commissariato di Polizia di Cortina.<\/p>\n<p><strong>IL VIDEO<\/strong><\/p>\n<div style=\"width: 1200px;\" class=\"wp-video\"><video class=\"wp-video-shortcode\" id=\"video-427768-1\" width=\"1200\" height=\"675\" preload=\"metadata\" controls=\"controls\"><source type=\"video\/mp4\" src=\"https:\/\/www.radiopiu.net\/wordpress\/wp-content\/uploads\/2025\/01\/WhatsApp-Video-2025-01-03-at-12.54.03.mp4?_=1\" \/><a href=\"https:\/\/www.radiopiu.net\/wordpress\/wp-content\/uploads\/2025\/01\/WhatsApp-Video-2025-01-03-at-12.54.03.mp4\">https:\/\/www.radiopiu.net\/wordpress\/wp-content\/uploads\/2025\/01\/WhatsApp-Video-2025-01-03-at-12.54.03.mp4<\/a><\/video><\/div>\n<p>&nbsp;<\/p>\n<p><strong>LE FOTO<\/strong><\/p>\n\n\t\t\t<style type='text\/css'>\n\t\t\t\t#gallery-3 {\n\t\t\t\t\tmargin: auto;\n\t\t\t\t}\n\t\t\t\t#gallery-3 .gallery-item {\n\t\t\t\t\tfloat: left;\n\t\t\t\t\tmargin-top: 10px;\n\t\t\t\t\ttext-align: center;\n\t\t\t\t\twidth: 33%;\n\t\t\t\t}\n\t\t\t\t#gallery-3 img {\n\t\t\t\t\tborder: 2px solid #cfcfcf;\n\t\t\t\t}\n\t\t\t\t#gallery-3 .gallery-caption {\n\t\t\t\t\tmargin-left: 0;\n\t\t\t\t}\n\t\t\t\t\/* see gallery_shortcode() in wp-includes\/media.php *\/\n\t\t\t<\/style>\n\t\t<div id='gallery-3' class='dt-gallery-container gallery galleryid-427768 gallery-columns-3 gallery-size-thumbnail'><dl class='gallery-item'>\n\t\t\t\t<dt class='gallery-icon portrait'>\n\t\t\t\t\t<a class=\"rollover rollover-zoom dt-pswp-item\" title=\"16aac04f-7e5b-4363-845c-894f41b6f684\" data-dt-img-description=\"\" data-large_image_width=\"1536\" data-large_image_height=\"2048\"href='https:\/\/www.radiopiu.net\/wordpress\/wp-content\/uploads\/2025\/01\/16aac04f-7e5b-4363-845c-894f41b6f684.jpg'><img loading=\"lazy\" decoding=\"async\" width=\"150\" height=\"150\" src=\"https:\/\/www.radiopiu.net\/wordpress\/wp-content\/uploads\/2025\/01\/16aac04f-7e5b-4363-845c-894f41b6f684-150x150.jpg\" class=\"attachment-thumbnail size-thumbnail\" alt=\"\" \/><\/a>\n\t\t\t\t<\/dt><\/dl><dl class='gallery-item'>\n\t\t\t\t<dt class='gallery-icon portrait'>\n\t\t\t\t\t<a class=\"rollover rollover-zoom dt-pswp-item\" title=\"bac1f435-f31b-4489-aba1-b22b81766903\" data-dt-img-description=\"\" data-large_image_width=\"1536\" data-large_image_height=\"2048\"href='https:\/\/www.radiopiu.net\/wordpress\/wp-content\/uploads\/2025\/01\/bac1f435-f31b-4489-aba1-b22b81766903.jpg'><img loading=\"lazy\" decoding=\"async\" width=\"150\" height=\"150\" src=\"https:\/\/www.radiopiu.net\/wordpress\/wp-content\/uploads\/2025\/01\/bac1f435-f31b-4489-aba1-b22b81766903-150x150.jpg\" class=\"attachment-thumbnail size-thumbnail\" alt=\"\" \/><\/a>\n\t\t\t\t<\/dt><\/dl><dl class='gallery-item'>\n\t\t\t\t<dt class='gallery-icon portrait'>\n\t\t\t\t\t<a class=\"rollover rollover-zoom dt-pswp-item\" title=\"Watermark_20250103_133749_558\" data-dt-img-description=\"\" data-large_image_width=\"1773\" data-large_image_height=\"2364\"href='https:\/\/www.radiopiu.net\/wordpress\/wp-content\/uploads\/2025\/01\/Watermark_20250103_133749_558.jpg'><img loading=\"lazy\" decoding=\"async\" width=\"150\" height=\"150\" src=\"https:\/\/www.radiopiu.net\/wordpress\/wp-content\/uploads\/2025\/01\/Watermark_20250103_133749_558-150x150.jpg\" class=\"attachment-thumbnail size-thumbnail\" alt=\"\" \/><\/a>\n\t\t\t\t<\/dt><\/dl><br style=\"clear: both\" \/><dl class='gallery-item'>\n\t\t\t\t<dt class='gallery-icon portrait'>\n\t\t\t\t\t<a class=\"rollover rollover-zoom dt-pswp-item\" title=\"Watermark_20250103_133807_870\" data-dt-img-description=\"\" data-large_image_width=\"1773\" data-large_image_height=\"2364\"href='https:\/\/www.radiopiu.net\/wordpress\/wp-content\/uploads\/2025\/01\/Watermark_20250103_133807_870.jpg'><img loading=\"lazy\" decoding=\"async\" width=\"150\" height=\"150\" src=\"https:\/\/www.radiopiu.net\/wordpress\/wp-content\/uploads\/2025\/01\/Watermark_20250103_133807_870-150x150.jpg\" class=\"attachment-thumbnail size-thumbnail\" alt=\"\" \/><\/a>\n\t\t\t\t<\/dt><\/dl><dl class='gallery-item'>\n\t\t\t\t<dt class='gallery-icon portrait'>\n\t\t\t\t\t<a class=\"rollover rollover-zoom dt-pswp-item\" title=\"Watermark_20250103_133739_662\" data-dt-img-description=\"\" data-large_image_width=\"1773\" data-large_image_height=\"2364\"href='https:\/\/www.radiopiu.net\/wordpress\/wp-content\/uploads\/2025\/01\/Watermark_20250103_133739_662.jpg'><img loading=\"lazy\" decoding=\"async\" width=\"150\" height=\"150\" src=\"https:\/\/www.radiopiu.net\/wordpress\/wp-content\/uploads\/2025\/01\/Watermark_20250103_133739_662-150x150.jpg\" class=\"attachment-thumbnail size-thumbnail\" alt=\"\" \/><\/a>\n\t\t\t\t<\/dt><\/dl><dl class='gallery-item'>\n\t\t\t\t<dt class='gallery-icon portrait'>\n\t\t\t\t\t<a class=\"rollover rollover-zoom dt-pswp-item\" title=\"Watermark_20250103_133733_345\" data-dt-img-description=\"\" data-large_image_width=\"1773\" data-large_image_height=\"2364\"href='https:\/\/www.radiopiu.net\/wordpress\/wp-content\/uploads\/2025\/01\/Watermark_20250103_133733_345.jpg'><img loading=\"lazy\" decoding=\"async\" width=\"150\" height=\"150\" src=\"https:\/\/www.radiopiu.net\/wordpress\/wp-content\/uploads\/2025\/01\/Watermark_20250103_133733_345-150x150.jpg\" class=\"attachment-thumbnail size-thumbnail\" alt=\"\" \/><\/a>\n\t\t\t\t<\/dt><\/dl><br style=\"clear: both\" \/>\n\t\t\t<\/div>\n\n<p>&nbsp;<\/p>\n<hr \/>\n<p>&nbsp;<\/p>\n<blockquote>\n<h3>UNA GIORNATA NERA SULLE PISTE DA SCI. 25 GLI INTERVENTI NEI COMPRENSORI SCIISTICI DELLA PROVINCIA<\/h3>\n<\/blockquote>\n<p><strong><a class=\"dt-pswp-item\" href=\"https:\/\/www.radiopiu.net\/wordpress\/wp-content\/uploads\/2023\/08\/suem.png\" data-dt-img-description=\"\" data-large_image_width=\"273\" data-large_image_height=\"127\"><img loading=\"lazy\" decoding=\"async\" class=\" wp-image-348238 alignleft\" src=\"https:\/\/www.radiopiu.net\/wordpress\/wp-content\/uploads\/2023\/08\/suem.png\" alt=\"\" width=\"198\" height=\"92\" \/><\/a>REDAZIONE<\/strong> Nelle ultime 24 ore sono stati 6 gli interventi degli elicotteri del Suem 118. Poco prima delle 10 l&#8217;elicottero Falco 2 si \u00e8 diretto a Falcede, pian Sussistenza, dove uno sciatore di 24 anni originario di Treviso si era fatto male. Il giovane \u00e8 stato elitrasportato al San Martino di Belluno con ferite di media gravit\u00e0. Poco dopo le 11 un altro intervento. Questa vota Falco 2 si \u00e8 diretto sul Padon dove un 75enne trevigiano aveva accusato un malore. Alle 11:40 \u00e8 intervenuto l&#8217;elicottero Leone sulle piste di Arabba per soccorrere una 50enne di Bari che dopo uno scontro sugli sci si era fatta male. Un uomo lituano di 52 anni \u00e8 stato invece elitrasportato a Belluno in seguito ad un trauma cranico sulla pista di Forni di Sopra. Alle 15 Falco 2 \u00e8 volato ad Arabba per una 34enne di Latina caduta in pista. Ultimo intervento alle 15:10 a Falcade dove Falco 1 ha elitrasportato ad Agordo un 23enne di venezia, anch&#8217;esso infortunato sulle piste. In totale sono stati 25 gli interventi effettuati sui comprensori sciistici della provincia.<\/p>\n<p>&nbsp;<\/p>\n<p>&nbsp;<\/p>\n<hr \/>\n<p>&nbsp;<\/p>\n<blockquote>\n<h2>Sitran: vandalizzato il presepe artistico, comunit\u00e0 indignata<\/h2>\n<\/blockquote>\n<p><strong><a class=\"dt-pswp-item\" href=\"https:\/\/www.radiopiu.net\/wordpress\/wp-content\/uploads\/2025\/01\/472090474_3456602814645632_6798236100389010248_n.jpg\" data-dt-img-description=\"\" data-large_image_width=\"1152\" data-large_image_height=\"2048\"><img loading=\"lazy\" decoding=\"async\" class=\"size-medium wp-image-427921 alignleft\" src=\"https:\/\/www.radiopiu.net\/wordpress\/wp-content\/uploads\/2025\/01\/472090474_3456602814645632_6798236100389010248_n-169x300.jpg\" alt=\"\" width=\"169\" height=\"300\" srcset=\"https:\/\/www.radiopiu.net\/wordpress\/wp-content\/uploads\/2025\/01\/472090474_3456602814645632_6798236100389010248_n-169x300.jpg 169w, https:\/\/www.radiopiu.net\/wordpress\/wp-content\/uploads\/2025\/01\/472090474_3456602814645632_6798236100389010248_n-576x1024.jpg 576w, https:\/\/www.radiopiu.net\/wordpress\/wp-content\/uploads\/2025\/01\/472090474_3456602814645632_6798236100389010248_n-768x1365.jpg 768w, https:\/\/www.radiopiu.net\/wordpress\/wp-content\/uploads\/2025\/01\/472090474_3456602814645632_6798236100389010248_n-864x1536.jpg 864w, https:\/\/www.radiopiu.net\/wordpress\/wp-content\/uploads\/2025\/01\/472090474_3456602814645632_6798236100389010248_n.jpg 1152w\" sizes=\"auto, (max-width: 169px) 100vw, 169px\" \/><\/a>ALPAGO<\/strong> A Sitran, il presepe artistico realizzato da Giorgio Vazza e dai volontari locali \u00e8 stato danneggiato con petardi da ignoti. L\u2019atto vandalico ha suscitato rabbia e delusione nella comunit\u00e0, non solo per il danno materiale ma soprattutto per lo sfregio al sentimento collettivo. La consigliera comunale Elisabetta Bortoluzzi ha condannato il gesto definendolo incivile e irrispettoso verso chi dedica tempo e passione per mantenere vive le tradizioni. Sui social si sono moltiplicati i messaggi di solidariet\u00e0 a Vazza e ai volontari, insieme a commenti indignati verso gli autori del gesto. La comunit\u00e0 si stringe per superare questa ferita e mantenere vive le sue tradizioni.<\/p>\n<p>&nbsp;<\/p>\n<h3 id=\":r6t:\" class=\"html-h3 x11i5rnm xat24cr x1mh8g0r xexx8yu x4uap5 x18d9i69 xkhd6sd x1vvkbs x1heor9g x1qlqyl8 x1pd3egz x1a2a7pz x1gslohp x1yc453h\"><span class=\"xt0psk2\"><a class=\"x1i10hfl xjbqb8w x1ejq31n xd10rxx x1sy0etr x17r0tee x972fbf xcfux6l x1qhh985 xm0m39n x9f619 x1ypdohk xt0psk2 xe8uvvx xdj266r x11i5rnm xat24cr x1mh8g0r xexx8yu x4uap5 x18d9i69 xkhd6sd x16tdsg8 x1hl2dhg xggy1nq x1a2a7pz x1sur9pj xkrqix3 xzsf02u x1s688f\" tabindex=\"0\" role=\"link\" href=\"https:\/\/www.facebook.com\/elisabetta.bortoluzzi.7?__cft__[0]=AZX0d2e19VvNO8IHjwpZLuVw8N5AGNBfkhPs1USWpQYYSUFE_8IMb99kNJsiqdYCReBsjyXlAHAKf6MSdZOUCKjSRuV2Y2Gupi98Icmxo9pSXWNih0Sjj8ZS4apsas3MHIJh0MRkcJR_pWyCWE6gXHYllnWSls4zEV_gZEq67jbDiA&amp;__tn__=-UC%2CP-R\"><strong class=\"html-strong xdj266r x11i5rnm xat24cr x1mh8g0r xexx8yu x4uap5 x18d9i69 xkhd6sd x1hl2dhg x16tdsg8 x1vvkbs x1s688f\"><span class=\"html-span xdj266r x11i5rnm xat24cr x1mh8g0r xexx8yu x4uap5 x18d9i69 xkhd6sd x1hl2dhg x16tdsg8 x1vvkbs\">Elisabetta Bortoluzzi<\/span><\/strong><\/a> <\/span><span style=\"font-size: 14px; font-weight: normal;\">Delusione, rabbia e dispiacere. Non ci sono altre parole per descrivere il vile atto vandalico che la notte di Capodanno, tramite il lancio di petardi, ha danneggiato il Presepe di Sitran. Non &#8220;UN&#8221; presepe ma &#8220;IL&#8221; Presepe che ormai da anni accompagna, e rende uniche e speciali, le festivit\u00e0 non solo degli abitanti di Sitran ma dell&#8217;intera comunit\u00e0 dell&#8217;Alpago in un percorso che va dal Santo Natale fino all&#8217;Epifania. Non ci sono giustificazioni per questo gesto grave che deve essere condannato senza s\u00e8 e senza ma, gesto che denota incivilt\u00e0 e mancanza di rispetto per la collettivit\u00e0, uno &#8220;schiaffo&#8221; nei confronti dei volontari di Sitran e di tutti coloro che con passione e sacrificio dedicano la cosa pi\u00f9 preziosa, ovvero il proprio tempo, per conservare le nostre tradizioni e mantenere viva la nostra comunit\u00e0. Il mio pensiero, la mia solidariet\u00e0 e ringraziamento vanno alla comunit\u00e0 di Sitran e a tutti coloro che si impegnano, sempre e nonostante tutto, per il bene comune con un invito a non demoralizzarsi, a non farsi prendere dallo sconforto perch\u00e9, oggi pi\u00f9 che mai, anche il pi\u00f9 piccolo gesto di solidariet\u00e0 ha un valore unico e prezioso. <\/span><span style=\"font-size: 14px; font-weight: normal;\">&#8220;Sappiamo bene che ci\u00f2 che facciamo non \u00e8 che una goccia nell\u2019oceano. Ma se questa goccia non ci fosse, all\u2019oceano mancherebbe&#8221; <\/span><span style=\"font-size: 14px; font-weight: normal;\">(Madre Teresa di Calcutta)<\/span><\/h3>\n<p>&nbsp;<\/p>\n<p>&nbsp;<\/p>\n<hr \/>\n<p>&nbsp;<\/p>\n<blockquote>\n<h3>OLIMPIADI 2026: IL CODIVILLA SARA&#8217; POLICLINICO OLIMPICO<\/h3>\n<\/blockquote>\n<p><strong><a class=\"dt-pswp-item\" href=\"https:\/\/www.radiopiu.net\/wordpress\/wp-content\/uploads\/2023\/08\/th-10.jpg\" data-dt-img-description=\"\" data-large_image_width=\"273\" data-large_image_height=\"180\"><img loading=\"lazy\" decoding=\"async\" class=\" wp-image-349551 alignleft\" src=\"https:\/\/www.radiopiu.net\/wordpress\/wp-content\/uploads\/2023\/08\/th-10.jpg\" alt=\"\" width=\"180\" height=\"119\" \/><\/a>VENEZIA<\/strong> La Giunta regionale del Veneto ha approvato il progetto preliminare dei servizi sanitari per i Giochi Olimpici e Paralimpici invernali 2026 di Milano-Cortina, affidandone l\u2019organizzazione all\u2019Ulss 1 Dolomiti. L\u2019obiettivo \u00e8 garantire assistenza sanitaria agli atleti, al personale e agli spettatori, senza ridurre i servizi per i residenti. Il piano include l\u2019affidamento delle attivit\u00e0 amministrative all\u2019Ulss 1, la conferma del dr. Paolo Rosi come Regional Medical Care Manager e la collaborazione con altre Ulss per il personale. L\u2019ospedale Codivilla sar\u00e0 il Policlinico olimpico durante l\u2019evento. Dettagli sul finanziamento saranno definiti successivamente, mentre il piano rester\u00e0 flessibile per adattarsi all\u2019evoluzione del cronoprogramma e delle esigenze.<\/p>\n<p>&nbsp;<\/p>\n<p>&nbsp;<\/p>\n<blockquote>\n<h2><a class=\"dt-pswp-item\" href=\"https:\/\/www.radiopiu.net\/wordpress\/wp-content\/uploads\/2023\/12\/ANTENNA.png\" data-dt-img-description=\"\" data-large_image_width=\"300\" data-large_image_height=\"166\"><img loading=\"lazy\" decoding=\"async\" class=\"wp-image-366306 alignleft\" src=\"https:\/\/www.radiopiu.net\/wordpress\/wp-content\/uploads\/2023\/12\/ANTENNA.png\" alt=\"\" width=\"177\" height=\"98\" \/><\/a>il Codivilla sar\u00e0 restituito totalmente alla comunit\u00e0. \u2013 Intervistati GIUSEPPE DAL BEN (COMMISSARIO ULSS 1 DOLOMITI) (Servizio di\u00a0<a href=\"https:\/\/antennatre.medianordest.it\/redazione\/Tiziana-Bolognani\/\">Tiziana Bolognani<\/a>)<\/h2>\n<\/blockquote>\n<p><iframe loading=\"lazy\" title=\"CODIVILLA, POLICLINICO OLIMPICO. LA REGIONE APPROVA PIANO SANITARIO PER I GIOCHI 2026 | 03\/01\/2025\" width=\"1200\" height=\"675\" src=\"https:\/\/www.youtube.com\/embed\/GaJHKUcpaok?feature=oembed\" frameborder=\"0\" allow=\"accelerometer; autoplay; clipboard-write; encrypted-media; gyroscope; picture-in-picture; web-share\" referrerpolicy=\"strict-origin-when-cross-origin\" allowfullscreen><\/iframe><\/p>\n<p>&nbsp;<\/p>\n<p>&nbsp;<\/p>\n<hr \/>\n<p>&nbsp;<\/p>\n<blockquote>\n<h3>L&#8217;AUMENTO DEI PEDAGGI IN A27 FA DISCUTERE. FRANCO ROCCON CHIEDE CHIARIMENTI<\/h3>\n<\/blockquote>\n<p><strong><a class=\"dt-pswp-item\" href=\"https:\/\/www.radiopiu.net\/wordpress\/wp-content\/uploads\/2019\/02\/558x312xcasello-autostrada-A27-dolomiti.jpg.pagespeed.ic_.AUYLIYSelj.jpg\" data-dt-img-description=\"\" data-large_image_width=\"558\" data-large_image_height=\"312\"><img loading=\"lazy\" decoding=\"async\" class=\" wp-image-75528 alignleft\" src=\"https:\/\/www.radiopiu.net\/wordpress\/wp-content\/uploads\/2019\/02\/558x312xcasello-autostrada-A27-dolomiti.jpg.pagespeed.ic_.AUYLIYSelj-300x168.jpg\" alt=\"\" width=\"191\" height=\"107\" srcset=\"https:\/\/www.radiopiu.net\/wordpress\/wp-content\/uploads\/2019\/02\/558x312xcasello-autostrada-A27-dolomiti.jpg.pagespeed.ic_.AUYLIYSelj-300x168.jpg 300w, https:\/\/www.radiopiu.net\/wordpress\/wp-content\/uploads\/2019\/02\/558x312xcasello-autostrada-A27-dolomiti.jpg.pagespeed.ic_.AUYLIYSelj.jpg 558w\" sizes=\"auto, (max-width: 191px) 100vw, 191px\" \/><\/a>BELLUNO<\/strong> L&#8217;aumento dei pedaggi autostradali anche sull&#8217;A27 fa discutere e accende gli animi cos\u00ec \u2013 oltre alle petizioni online \u2013 c&#8217;\u00e8 chi prende carta e penna per chiedere chiarezza e risposte.<\/p>\n<p><strong>DI DANIELE DALVIT<\/strong><\/p>\n<audio class=\"wp-audio-shortcode\" id=\"audio-427768-10\" preload=\"none\" style=\"width: 100%;\" controls=\"controls\"><source type=\"audio\/mpeg\" src=\"https:\/\/www.radiopiu.net\/wordpress\/wp-content\/uploads\/2025\/01\/Servizio-Lettera-aumenti-A27-Roccon.mp3?_=10\" \/><a href=\"https:\/\/www.radiopiu.net\/wordpress\/wp-content\/uploads\/2025\/01\/Servizio-Lettera-aumenti-A27-Roccon.mp3\">https:\/\/www.radiopiu.net\/wordpress\/wp-content\/uploads\/2025\/01\/Servizio-Lettera-aumenti-A27-Roccon.mp3<\/a><\/audio>\n<p>&nbsp;<\/p>\n<hr \/>\n<p>&nbsp;<\/p>\n<blockquote>\n<h3>UN 3 GENNAIO DA RICORDARE A FELTRE. BEN CINQUE NUOVI NATI IN UN GIORNO<\/h3>\n<\/blockquote>\n<p><a class=\"dt-pswp-item\" href=\"https:\/\/www.radiopiu.net\/wordpress\/wp-content\/uploads\/2025\/01\/SCR-20250103-rgue.jpeg\" data-dt-img-description=\"Screenshot\" data-large_image_width=\"1406\" data-large_image_height=\"1072\"><img loading=\"lazy\" decoding=\"async\" class=\"wp-image-427864 alignleft\" src=\"https:\/\/www.radiopiu.net\/wordpress\/wp-content\/uploads\/2025\/01\/SCR-20250103-rgue-300x229.jpeg\" alt=\"\" width=\"176\" height=\"134\" srcset=\"https:\/\/www.radiopiu.net\/wordpress\/wp-content\/uploads\/2025\/01\/SCR-20250103-rgue-300x229.jpeg 300w, https:\/\/www.radiopiu.net\/wordpress\/wp-content\/uploads\/2025\/01\/SCR-20250103-rgue-1024x781.jpeg 1024w, https:\/\/www.radiopiu.net\/wordpress\/wp-content\/uploads\/2025\/01\/SCR-20250103-rgue-768x586.jpeg 768w, https:\/\/www.radiopiu.net\/wordpress\/wp-content\/uploads\/2025\/01\/SCR-20250103-rgue.jpeg 1406w\" sizes=\"auto, (max-width: 176px) 100vw, 176px\" \/><\/a><strong>FELTRE<\/strong> Il 3 gennaio \u00e8 stato un giorno speciale per l&#8217;ospedale Santa Maria del Prato di Feltre, con la nascita di 5 bambini in un solo giorno, un numero doppio rispetto alla media quotidiana. Dopo il primo nato, un maschietto arrivato alle 22 del 2 gennaio, le nascite sono proseguite nella giornata seguente. Alle 1:02 \u00e8 nato Enea Gregorio Bonan di Feltre, seguito da Amar Stojani di Sedico alle 9:49. Poco dopo, alle 13:29, \u00e8 arrivato Elia Nicolosi di Borgo Valbelluna, mentre alle 13:42 \u00e8 nata Asia Bighi di Limana, la prima bambina dell\u2019anno. L\u2019ultima a venire al mondo \u00e8 stata Iris Masoch di Rivamonte Agordino alle 16:40. Una giornata intensa e ricca di emozioni per ostetriche e ginecologi.<\/p>\n<p>&nbsp;<\/p>\n<p>&nbsp;<\/p>\n<hr \/>\n<p>&nbsp;<\/p>\n<blockquote>\n<h3>EPIFANIA 2025: SPERANZA E NATURA NEGLI OSPEDALI PEDIATRICI CON I CARABINIERI FORESTALI<\/h3>\n<\/blockquote>\n<p><strong>BELLUNO<\/strong> Anche quest\u2019anno i Carabinieri Forestali organizzano la \u201cBefana della Biodiversit\u00e0\u201d, una giornata dedicata all\u2019educazione ambientale e alla solidariet\u00e0. Oltre 100 Carabinieri visiteranno 44 ospedali e case famiglia in tutta Italia, portando doni simbolici a pi\u00f9 di 1200 bambini ricoverati. A Belluno e Feltre, i Carabinieri del Reparto Biodiversit\u00e0 hanno consegnato gadget come quaderni, zainetti e cappellini, condividendo immagini e storie sulle riserve naturali gestite dal Raggruppamento Carabinieri Biodiversit\u00e0. L\u2019iniziativa mira a trasmettere ai bambini l\u2019amore per la natura e la conoscenza di habitat straordinari, rendendo l\u2019Epifania un\u2019occasione di speranza e sensibilizzazione ambientale.<\/p>\n\n\t\t\t<style type='text\/css'>\n\t\t\t\t#gallery-4 {\n\t\t\t\t\tmargin: auto;\n\t\t\t\t}\n\t\t\t\t#gallery-4 .gallery-item {\n\t\t\t\t\tfloat: left;\n\t\t\t\t\tmargin-top: 10px;\n\t\t\t\t\ttext-align: center;\n\t\t\t\t\twidth: 50%;\n\t\t\t\t}\n\t\t\t\t#gallery-4 img {\n\t\t\t\t\tborder: 2px solid #cfcfcf;\n\t\t\t\t}\n\t\t\t\t#gallery-4 .gallery-caption {\n\t\t\t\t\tmargin-left: 0;\n\t\t\t\t}\n\t\t\t\t\/* see gallery_shortcode() in wp-includes\/media.php *\/\n\t\t\t<\/style>\n\t\t<div id='gallery-4' class='dt-gallery-container gallery galleryid-427768 gallery-columns-2 gallery-size-medium'><dl class='gallery-item'>\n\t\t\t\t<dt class='gallery-icon landscape'>\n\t\t\t\t\t<a class=\"rollover rollover-zoom dt-pswp-item\" title=\"Belluno\" data-dt-img-description=\"\" data-large_image_width=\"1600\" data-large_image_height=\"1200\"href='https:\/\/www.radiopiu.net\/wordpress\/wp-content\/uploads\/2025\/01\/Belluno.jpg'><img loading=\"lazy\" decoding=\"async\" width=\"300\" height=\"225\" src=\"https:\/\/www.radiopiu.net\/wordpress\/wp-content\/uploads\/2025\/01\/Belluno-300x225.jpg\" class=\"attachment-medium size-medium\" alt=\"\" srcset=\"https:\/\/www.radiopiu.net\/wordpress\/wp-content\/uploads\/2025\/01\/Belluno-300x225.jpg 300w, https:\/\/www.radiopiu.net\/wordpress\/wp-content\/uploads\/2025\/01\/Belluno-1024x768.jpg 1024w, https:\/\/www.radiopiu.net\/wordpress\/wp-content\/uploads\/2025\/01\/Belluno-768x576.jpg 768w, https:\/\/www.radiopiu.net\/wordpress\/wp-content\/uploads\/2025\/01\/Belluno-1536x1152.jpg 1536w, https:\/\/www.radiopiu.net\/wordpress\/wp-content\/uploads\/2025\/01\/Belluno.jpg 1600w\" sizes=\"auto, (max-width: 300px) 100vw, 300px\" \/><\/a>\n\t\t\t\t<\/dt><\/dl><dl class='gallery-item'>\n\t\t\t\t<dt class='gallery-icon landscape'>\n\t\t\t\t\t<a class=\"rollover rollover-zoom dt-pswp-item\" title=\"Feltre\" data-dt-img-description=\"\" data-large_image_width=\"1600\" data-large_image_height=\"1200\"href='https:\/\/www.radiopiu.net\/wordpress\/wp-content\/uploads\/2025\/01\/Feltre.jpg'><img loading=\"lazy\" decoding=\"async\" width=\"300\" height=\"225\" src=\"https:\/\/www.radiopiu.net\/wordpress\/wp-content\/uploads\/2025\/01\/Feltre-300x225.jpg\" class=\"attachment-medium size-medium\" alt=\"\" srcset=\"https:\/\/www.radiopiu.net\/wordpress\/wp-content\/uploads\/2025\/01\/Feltre-300x225.jpg 300w, https:\/\/www.radiopiu.net\/wordpress\/wp-content\/uploads\/2025\/01\/Feltre-1024x768.jpg 1024w, https:\/\/www.radiopiu.net\/wordpress\/wp-content\/uploads\/2025\/01\/Feltre-768x576.jpg 768w, https:\/\/www.radiopiu.net\/wordpress\/wp-content\/uploads\/2025\/01\/Feltre-1536x1152.jpg 1536w, https:\/\/www.radiopiu.net\/wordpress\/wp-content\/uploads\/2025\/01\/Feltre.jpg 1600w\" sizes=\"auto, (max-width: 300px) 100vw, 300px\" \/><\/a>\n\t\t\t\t<\/dt><\/dl><br style=\"clear: both\" \/>\n\t\t\t<\/div>\n\n<p>&nbsp;<\/p>\n<p>&nbsp;<\/p>\n<hr \/>\n<p>&nbsp;<\/p>\n<blockquote>\n<h3>SICUREZZA: I SINDACI VENETI SI UNISCONO E ZAIA LI APPOGGIA<\/h3>\n<\/blockquote>\n<p><a class=\"dt-pswp-item\" href=\"https:\/\/www.radiopiu.net\/wordpress\/wp-content\/uploads\/2025\/01\/SCR-20250103-lvkv.jpeg\" data-dt-img-description=\"Screenshot\" data-large_image_width=\"1998\" data-large_image_height=\"1436\"><img loading=\"lazy\" decoding=\"async\" class=\"wp-image-427815 alignleft\" src=\"https:\/\/www.radiopiu.net\/wordpress\/wp-content\/uploads\/2025\/01\/SCR-20250103-lvkv-300x216.jpeg\" alt=\"\" width=\"179\" height=\"129\" srcset=\"https:\/\/www.radiopiu.net\/wordpress\/wp-content\/uploads\/2025\/01\/SCR-20250103-lvkv-300x216.jpeg 300w, https:\/\/www.radiopiu.net\/wordpress\/wp-content\/uploads\/2025\/01\/SCR-20250103-lvkv-1024x736.jpeg 1024w, https:\/\/www.radiopiu.net\/wordpress\/wp-content\/uploads\/2025\/01\/SCR-20250103-lvkv-768x552.jpeg 768w, https:\/\/www.radiopiu.net\/wordpress\/wp-content\/uploads\/2025\/01\/SCR-20250103-lvkv-1536x1104.jpeg 1536w, https:\/\/www.radiopiu.net\/wordpress\/wp-content\/uploads\/2025\/01\/SCR-20250103-lvkv.jpeg 1998w\" sizes=\"auto, (max-width: 179px) 100vw, 179px\" \/><\/a><strong>VENEZIA<\/strong> Il Presidente della Regione Veneto, Luca Zaia, si unisce ai sindaci veneti che chiedono maggior supporto dalle istituzioni nazionali per affrontare l\u2019aumento della criminalit\u00e0 nei loro territori. Tra le problematiche emergenti, Zaia cita baby gang, scippi, aggressioni e risse violente, spesso legate a droga e alcol. Il fenomeno sta generando un crescente allarme sociale, con cittadini che si sentono sempre pi\u00f9 intimoriti anche nelle situazioni quotidiane. Zaia sottolinea l\u2019importanza di rafforzare la prevenzione e la deterrenza, oltre agli interventi educativi e sociali. Rivolge un appello al Governo, ai Prefetti e al Ministro Piantedosi affinch\u00e9 vengano inviati pi\u00f9 agenti di Polizia, rispondendo alle richieste dei sindaci che, con le sole risorse locali, non riescono a fronteggiare il problema. La Regione, pur senza competenze dirette in materia, si dice pronta a collaborare.<\/p>\n<p>&nbsp;<\/p>\n<hr \/>\n<p>&nbsp;<\/p>\n<p>&nbsp;<\/p>\n<blockquote>\n<h1>DILLO A RADIO PIU&#8230; giorni senza acqua<\/h1>\n<p><strong>Tiser: emergenza idrica dal 30 dicembre, residenti chiedono interventi strutturali<\/strong><\/p><\/blockquote>\n<div class=\"flex max-w-full flex-col flex-grow\">\n<div class=\"min-h-8 text-message flex w-full flex-col items-end gap-2 whitespace-normal break-words text-start [.text-message+&amp;]:mt-5\" dir=\"auto\" data-message-author-role=\"assistant\" data-message-id=\"15bc0b00-5d49-4cdb-ab98-e2a3041ad137\" data-message-model-slug=\"gpt-4o\">\n<div class=\"flex w-full flex-col gap-1 empty:hidden first:pt-[3px]\">\n<div class=\"markdown prose w-full break-words dark:prose-invert dark\">\n<p><strong><img loading=\"lazy\" decoding=\"async\" class=\"alignleft\" src=\"https:\/\/www.radiopiu.net\/wordpress\/wp-content\/uploads\/2021\/02\/TISERCHIESAVERTOKP6010109.jpg\" width=\"258\" height=\"344\" \/>GOSALDO<\/strong> \u2013 Guido Porini, ascoltatore di Radio Pi\u00f9, ha segnalato l&#8217;emergenza idrica che da giorni interessa tre borghi della frazione di Tiser. Dal 30 dicembre, i residenti sono senza acqua, nonostante il pronto intervento dei tecnici del SIM (EX GSP), che hanno dimostrato professionalit\u00e0 e cortesia. La riflessione si allarga alla gestione delle risorse in montagna, evidenziando il disagio per chi vive stabilmente in queste localit\u00e0. La richiesta \u00e8 chiara: prevenzione e interventi strutturali per evitare il ripetersi di simili situazioni.<\/p>\n<\/div>\n<\/div>\n<\/div>\n<\/div>\n<p>&nbsp;<\/p>\n<p><strong>LA LETTERA<\/strong><\/p>\n<p>Mi ha preceduto stamattina l\u2019articolo sull\u2019emergenza idrica a Colle santa Lucia. Infatti segnalo che anche da noi, tre piccoli \u201cborghi\u201d della frazione di Tiser, comune di Gosaldo, e non meno importanti di altre localit\u00e0 turistiche e non, ma con lo stesso problema, la fornitura dell\u2019acqua \u00e8 mancante addirittura dal 30 dicembre! Segnalazione fatta a SIB il giorno stesso. Nulla da eccepire, anzi da lodare al pronto intervento, sia per l\u2019immediata presa in carico che per la professionalit\u00e0 e cortesia dimostrata dai Tecnici che tutt\u2019ora sono operativi sul posto\u2026 ma\u2026 non \u00e8 possibile rimanere ancora oggi senza acqua,l\u2019emergenza non \u00e8 solo idrica ma soprattutto sanitaria. Cisterne vuote causa siccit\u00e0, \u201cpotrebbe\u201daccadere. Per\u00f2,condotti vetusti? Perdite,infiltrazioni?Mancanti i controlli e relativa manutenzione? Prevenzione inesistente. Questi sono i problemi da risolvere. Sono tutte componenti che seppur sporadiche,turisti si,turisti no,ti fanno riflettere sulla gestione della vita di chi frequenta le nostre montagne e il disagio anche sotto questo aspetto per chi principalmente ci vive.<\/p>\n<p>&nbsp;<\/p>\n<p>&nbsp;<\/p>\n<hr \/>\n<p>&nbsp;<\/p>\n<p><strong>OGGI LA GIUDIZIARIA<\/strong><br \/>\n<strong>SINTESI DAL CORRIERE DELLE ALPI<\/strong><\/p>\n<p><strong>DI GIGI SOSSO<\/strong><\/p>\n<blockquote><p><strong>Belluno, green pass falso e matrimonio finito: marito a processo<\/strong><\/p><\/blockquote>\n<p><a href=\"https:\/\/www.radiopiu.net\/wordpress\/wp-content\/uploads\/2025\/01\/71a9dada-48df-4c52-a4e8-2a0a1d914141.webp\"><img loading=\"lazy\" decoding=\"async\" class=\"size-medium wp-image-427923 alignleft\" src=\"https:\/\/www.radiopiu.net\/wordpress\/wp-content\/uploads\/2025\/01\/71a9dada-48df-4c52-a4e8-2a0a1d914141-300x171.webp\" alt=\"\" width=\"300\" height=\"171\" srcset=\"https:\/\/www.radiopiu.net\/wordpress\/wp-content\/uploads\/2025\/01\/71a9dada-48df-4c52-a4e8-2a0a1d914141-300x171.webp 300w, https:\/\/www.radiopiu.net\/wordpress\/wp-content\/uploads\/2025\/01\/71a9dada-48df-4c52-a4e8-2a0a1d914141-1024x585.webp 1024w, https:\/\/www.radiopiu.net\/wordpress\/wp-content\/uploads\/2025\/01\/71a9dada-48df-4c52-a4e8-2a0a1d914141-768x439.webp 768w, https:\/\/www.radiopiu.net\/wordpress\/wp-content\/uploads\/2025\/01\/71a9dada-48df-4c52-a4e8-2a0a1d914141-1536x878.webp 1536w, https:\/\/www.radiopiu.net\/wordpress\/wp-content\/uploads\/2025\/01\/71a9dada-48df-4c52-a4e8-2a0a1d914141.webp 1792w\" sizes=\"auto, (max-width: 300px) 100vw, 300px\" \/><\/a>Un matrimonio a Belluno si \u00e8 concluso con una querela per violazione degli obblighi familiari legata a un green pass falso ottenuto tramite un vaccino Pfizer farlocco. L\u2019uomo, un no-vax convinto, aveva portato la figlia dal ginecologo Mauro Passarini, a Marina di Ravenna, per un vaccino diluito o inesistente, sufficiente per\u00f2 a ottenere la certificazione. Le analisi hanno escluso anticorpi, scatenando indagini. L\u2019imputato, accusato di falso in concorso, \u00e8 difeso da Silvia Brandolini, mentre l\u2019ex moglie, assistita dall\u2019avvocato Gherda Forlin, parteciper\u00e0 attivamente al processo. Il medico ha patteggiato due anni e un risarcimento alla Corte dei Conti.<\/p>\n<blockquote>\n<h3><strong>Belluno, braccialetto elettronico e accuse di stalking: imputato rinviato a giudizio<\/strong><\/h3>\n<\/blockquote>\n<p>Un bellunese accusato di maltrattamenti e stalking verso l\u2019ex moglie rimarr\u00e0 con il braccialetto elettronico, nonostante il ricorso del suo legale Cesare Stradaioli. L\u2019uomo sostiene <a href=\"https:\/\/www.radiopiu.net\/wordpress\/wp-content\/uploads\/2025\/01\/cfe269dd-d0fc-4805-94ee-612125dfdddd.webp\"><img loading=\"lazy\" decoding=\"async\" class=\"size-medium wp-image-427924 alignright\" src=\"https:\/\/www.radiopiu.net\/wordpress\/wp-content\/uploads\/2025\/01\/cfe269dd-d0fc-4805-94ee-612125dfdddd-300x171.webp\" alt=\"\" width=\"300\" height=\"171\" srcset=\"https:\/\/www.radiopiu.net\/wordpress\/wp-content\/uploads\/2025\/01\/cfe269dd-d0fc-4805-94ee-612125dfdddd-300x171.webp 300w, https:\/\/www.radiopiu.net\/wordpress\/wp-content\/uploads\/2025\/01\/cfe269dd-d0fc-4805-94ee-612125dfdddd-1024x585.webp 1024w, https:\/\/www.radiopiu.net\/wordpress\/wp-content\/uploads\/2025\/01\/cfe269dd-d0fc-4805-94ee-612125dfdddd-768x439.webp 768w, https:\/\/www.radiopiu.net\/wordpress\/wp-content\/uploads\/2025\/01\/cfe269dd-d0fc-4805-94ee-612125dfdddd-1536x878.webp 1536w, https:\/\/www.radiopiu.net\/wordpress\/wp-content\/uploads\/2025\/01\/cfe269dd-d0fc-4805-94ee-612125dfdddd.webp 1792w\" sizes=\"auto, (max-width: 300px) 100vw, 300px\" \/><\/a>che il dispositivo si sia attivato per errore durante una sagra. Il giudice Elisabetta Scolozzi ha rinviato a giudizio l\u2019imputato, fissando l\u2019udienza per il 6 febbraio. La donna, costituitasi parte civile con l\u2019avvocato Laura Vittoria De Biasi, lo accusa di persecuzioni post-separazione, tra messaggi e appostamenti. Il braccialetto potrebbe essere rimosso solo al termine del processo.<\/p>\n<div class=\"flex max-w-full flex-col flex-grow\">\n<div class=\"min-h-8 text-message flex w-full flex-col items-end gap-2 whitespace-normal break-words text-start [.text-message+&amp;]:mt-5\" dir=\"auto\" data-message-author-role=\"assistant\" data-message-id=\"5289d32a-3c68-4df1-b40f-c6547217f777\" data-message-model-slug=\"gpt-4o\">\n<div class=\"flex w-full flex-col gap-1 empty:hidden first:pt-[3px]\">\n<div class=\"markdown prose w-full break-words dark:prose-invert dark\">\n<blockquote><p><strong>Feltre, don Visentin patteggia ma niente scuse alla famiglia della vittima<\/strong><\/p><\/blockquote>\n<p>I figli di Maria Fiabane, anziana investita mortalmente il 18 ottobre 2023 a Feltre, lamentano l\u2019assenza di scuse da parte di don Arnaldo Visentin, parroco di Arten di Fonzaso, che ha patteggiato undici mesi per omicidio stradale. Nonostante il dispiacere espresso in sede processuale, il sacerdote non ha mai contattato i familiari. Il giudice Enrica Marson ha disposto anche la revoca della patente, giudicando il reverendo inadatto alla guida per motivi di salute.<\/p>\n<\/div>\n<\/div>\n<\/div>\n<\/div>\n<p>&nbsp;<\/p>\n<p>&nbsp;<\/p>\n<hr \/>\n<p>&nbsp;<\/p>\n<blockquote>\n<h3>RIAPRONO GLI UFFICI DI FNP VENETO<\/h3>\n<\/blockquote>\n<p><strong><a class=\"dt-pswp-item\" href=\"https:\/\/www.radiopiu.net\/wordpress\/wp-content\/uploads\/2024\/01\/FNP.png\" data-dt-img-description=\"\" data-large_image_width=\"520\" data-large_image_height=\"169\"><img loading=\"lazy\" decoding=\"async\" class=\"size-medium wp-image-368403 alignleft\" src=\"https:\/\/www.radiopiu.net\/wordpress\/wp-content\/uploads\/2024\/01\/FNP-300x98.png\" alt=\"\" width=\"300\" height=\"98\" srcset=\"https:\/\/www.radiopiu.net\/wordpress\/wp-content\/uploads\/2024\/01\/FNP-300x98.png 300w, https:\/\/www.radiopiu.net\/wordpress\/wp-content\/uploads\/2024\/01\/FNP.png 520w\" sizes=\"auto, (max-width: 300px) 100vw, 300px\" \/><\/a>VENEZIA<\/strong> Con la riapertura delle sedi, il nuovo Dipartimento previdenza della Fnp Veneto avvia tre iniziative per aiutare i pensionati a verificare e ottenere eventuali diritti inespressi. Le attivit\u00e0 principali riguardano: riliquidazione delle pensioni pubbliche per gli aumenti CCNL 2019-2021, recupero del blocco stipendiale del 2013 per il personale scolastico, e ricorsi contro i tagli alla perequazione delle pensioni 2022-2024. Il Dipartimento, costituito a dicembre con rappresentanti delle cinque Fnp territoriali, si occupa di analisi tecniche, supporto pratico e collaborazione con enti come l\u2019Inps per garantire il riconoscimento dei diritti. Gli interessati possono rivolgersi alla propria Fnp territoriale per fissare appuntamenti e bloccare i termini di prescrizione di 5 anni per eventuali arretrati.<\/p>\n<p>&nbsp;<\/p>\n<hr \/>\n<p>&nbsp;<\/p>\n<blockquote>\n<h2>NEL RICORDO DI &#8220;RAC&#8221;, DA UN ANNO CANALE D&#8217;AGORDO &#8220;ORFANA&#8221;<\/h2>\n<\/blockquote>\n<p><strong>4 GENNAIO 2024 GIORNALE RADIOPIU la triste notizia della scomparsa di Rachele Costa<\/strong><\/p>\n<p><img decoding=\"async\" class=\"alignleft\" src=\"https:\/\/www.radiopiu.net\/wordpress\/wp-content\/uploads\/2024\/01\/Senza-nome-9.png\" \/><strong>CANALE D&#8217;AGORDO<\/strong> Quando stamane abbiamo scorto la nota del Suem che raccontava dell&#8217;intervento di Eli Treviso in localit\u00e0 Le Buse sopra Falcade speravamo in un incidente di poco conto, di primo mattino, erano le 6.19. Quando approfondendo la nota abbiamo poi visto quella morte, per arresto cardiaco,\u00a0 di una donna di 65 anni il pensiero \u00e8 andato subito a Rachele, simbolo della localit\u00e0 Le Buse, il nome noto in tutta la Valle del Biois. Si era alzata come ogni giorno per iniziare un&#8217;altra giornata impegnativa nel suo Chalet Le Buse,\u00a0 mentre preparava le colazioni l&#8217;improvviso malore che non le ha lasciato scampo.<\/p>\n<p>Abbiamo perso una colonna del turismo per tutta la vallata, abbiamo perso una donna che alla sua famiglia, a Canale d&#8217;Agordo, alla Valle del Biois, ha dato tutto. Rachele della famiglia Costa dei &#8220;Bolp&#8221;, cresciuta accanto al pap\u00e0 e a mamma Alba in Birreria, al lavoro fin da giovane perch\u00e9 da sempre questo \u00e8 stato lo stile della famiglia Costa.\u00a0 Quindi il Garni&#8217; con la figlia Samantha, il clone di Rachele, attaccata al lavoro e alla famiglia con i suoi 6 figli. E poi il Self Service Le Buse portato avanti con fatica e successo assieme al compagno Eddy.<\/p>\n<p>Tramortiti inviamo il nostro abbraccio ai fratelli Dino, Vigilio, alla figlia Samantha, alla mamma Alba, ad Eddy ai tanti nipoti.<\/p>\n<p>MM<\/p>\n<div class=\"col-xs-1\">\n<div id=\"share_bar_wrapper\" class=\"top\">\n<div id=\"share_bar\">\n<blockquote><p><em>Questa notizia non avrei mai voluto leggerla ne viverla. Siamo rimasti senza il nostro \u201ccapo\u201d il nostro riferimento .Solo ieri sera dopo una giornata di grande lavoro ci ha ringraziato tutti<br \/>\nFabio Luchetta.<\/em><\/p><\/blockquote>\n<\/div>\n<\/div>\n<\/div>\n<p>&nbsp;<\/p>\n<p><strong>Ricordo<\/strong><\/p>\n<p><strong>john francis della pietra\u00a0<\/strong><\/p>\n<p>Il vento ogni nube ha spazzato<br \/>\nIl cielo s \u00e8 rasserenato<br \/>\nVolgiamo lo sguardo lass\u00f9<br \/>\nNell infinito cielo blu<br \/>\nUna nuova luna lo vuol illuminare<br \/>\nAppena sopra una stella inizia pure a brillare<br \/>\nCome la nostra attenzione volesse attirare<br \/>\nIl tempo non s \u00e8 fermato<br \/>\nUn intero anno \u00e8 passato<br \/>\nDiviene facile lei non scordare<br \/>\nE nei nostri pensieri sempre la puoi trovare<br \/>\nPioniera d una nuova ospitalit\u00e0<br \/>\nChe ha saputo fra i monti dar prova d appassionata professionalit\u00e0<br \/>\nE generare con vitalit\u00e0<br \/>\nNell altrui l emozione<br \/>\nFonte spesso di sua grande soddisfazione<br \/>\nMolto altro si potrebbe dire<br \/>\nLo riesco ad intuire<br \/>\nNegl occhi di chi la vuole rimembrare<br \/>\nCome persona peculiare e speciale<br \/>\nMa \u00e8 giusto a ciascuno lasciare<br \/>\nIl proprio ricordo personale<br \/>\nFra l accorata moltitudine di familiari e parenti<br \/>\nD amici e clienti<br \/>\nDi dipendenti e conoscenti<br \/>\nLa luce del sorriso<br \/>\nIllumina ancor il suo viso<br \/>\nCos\u00ec la vogliamo pensare<br \/>\nSempre felice e pronta ad ausiliare<br \/>\nSale allor la nostra preghiera<br \/>\nGrata nell incipiente sera<br \/>\nRachele<\/p>\n<hr \/>\n<p>&nbsp;<\/p>\n<blockquote>\n<h3>LINEA BIANCA SU RAI UNO, OGGI PROTAGONISTE LE DOLOMITI AMPEZZANE. SABATO 11 SAN TOMASO<\/h3>\n<\/blockquote>\n<p><strong><a class=\"dt-pswp-item\" href=\"https:\/\/www.radiopiu.net\/wordpress\/wp-content\/uploads\/2024\/12\/2b1acba1-703c-4e8b-b036-ed7e5b3b79ec-1.jpg\" data-dt-img-description=\"\" data-large_image_width=\"1600\" data-large_image_height=\"1200\"><img loading=\"lazy\" decoding=\"async\" class=\" wp-image-423570 alignleft\" src=\"https:\/\/www.radiopiu.net\/wordpress\/wp-content\/uploads\/2024\/12\/2b1acba1-703c-4e8b-b036-ed7e5b3b79ec-1-300x225.jpg\" alt=\"\" width=\"151\" height=\"113\" srcset=\"https:\/\/www.radiopiu.net\/wordpress\/wp-content\/uploads\/2024\/12\/2b1acba1-703c-4e8b-b036-ed7e5b3b79ec-1-300x225.jpg 300w, https:\/\/www.radiopiu.net\/wordpress\/wp-content\/uploads\/2024\/12\/2b1acba1-703c-4e8b-b036-ed7e5b3b79ec-1-1024x768.jpg 1024w, https:\/\/www.radiopiu.net\/wordpress\/wp-content\/uploads\/2024\/12\/2b1acba1-703c-4e8b-b036-ed7e5b3b79ec-1-768x576.jpg 768w, https:\/\/www.radiopiu.net\/wordpress\/wp-content\/uploads\/2024\/12\/2b1acba1-703c-4e8b-b036-ed7e5b3b79ec-1-1536x1152.jpg 1536w, https:\/\/www.radiopiu.net\/wordpress\/wp-content\/uploads\/2024\/12\/2b1acba1-703c-4e8b-b036-ed7e5b3b79ec-1.jpg 1600w\" sizes=\"auto, (max-width: 151px) 100vw, 151px\" \/><\/a>REDAZIONE<\/strong> La prima puntata del 2025 di Linea Bianca su Rai Uno andr\u00e0 in onda oggi alle 11:25. L&#8217;anno inizia con una panoramica sulle dolomiti ampezzane e uno sguardo su Selva Di Cadore. Le telecamere del programma Rai sono state anche a San Tomaso per la visita alle Dolomiti in Miniatura. Ci sar\u00e0 anche la battitura dell&#8217;orzo e tanto altro ancora. Per la puntata su San Tomaso bisogna per\u00f2 aspettare sabato 11 gennaio sempre alle 11:25.<\/p>\n<p>&nbsp;<\/p>\n<p>&nbsp;<\/p>\n<hr \/>\n<p>&nbsp;<\/p>\n<blockquote>\n<h3>IL 13 GENNAIO I TEST D&#8217;INGRESSO ALLO SKY COLLEGE VENETO DI FALCADE<\/h3>\n<\/blockquote>\n<p><strong><a class=\"dt-pswp-item\" href=\"https:\/\/www.radiopiu.net\/wordpress\/wp-content\/uploads\/2025\/01\/\u00a9Echialessandrosogne-con-logo-presentazione-19-ott-2024-scaled.jpg\" data-dt-img-description=\"\" data-large_image_width=\"2560\" data-large_image_height=\"1707\"><img loading=\"lazy\" decoding=\"async\" class=\" wp-image-427790 alignleft\" src=\"https:\/\/www.radiopiu.net\/wordpress\/wp-content\/uploads\/2025\/01\/\u00a9Echialessandrosogne-con-logo-presentazione-19-ott-2024-300x200.jpg\" alt=\"\" width=\"180\" height=\"120\" srcset=\"https:\/\/www.radiopiu.net\/wordpress\/wp-content\/uploads\/2025\/01\/\u00a9Echialessandrosogne-con-logo-presentazione-19-ott-2024-300x200.jpg 300w, https:\/\/www.radiopiu.net\/wordpress\/wp-content\/uploads\/2025\/01\/\u00a9Echialessandrosogne-con-logo-presentazione-19-ott-2024-1024x683.jpg 1024w, https:\/\/www.radiopiu.net\/wordpress\/wp-content\/uploads\/2025\/01\/\u00a9Echialessandrosogne-con-logo-presentazione-19-ott-2024-768x512.jpg 768w, https:\/\/www.radiopiu.net\/wordpress\/wp-content\/uploads\/2025\/01\/\u00a9Echialessandrosogne-con-logo-presentazione-19-ott-2024-1536x1024.jpg 1536w, https:\/\/www.radiopiu.net\/wordpress\/wp-content\/uploads\/2025\/01\/\u00a9Echialessandrosogne-con-logo-presentazione-19-ott-2024-2048x1366.jpg 2048w\" sizes=\"auto, (max-width: 180px) 100vw, 180px\" \/><\/a>FALCADE<\/strong> Luned\u00ec 13 gennaio si terranno i test di ingresso per lo Ski College Veneto di Falcade, dedicati a sci alpino, sci di fondo, snowboard e biathlon per la stagione 2025-2026. La presentazione del College avverr\u00e0 lo stesso giorno, alle 14, nella sede di Falcade, con interventi del tutor scolastico, di un referente dell\u2019Istituto Follador \u2013 De Rossi (requisito per il tesseramento), del convitto e dei tecnici. La struttura ospita circa 70 giovani atleti, italiani ed esteri, che possono abbinare l\u2019attivit\u00e0 sportiva agli studi presso il Follador \u2013 De Rossi, scegliendo tra diversi indirizzi scolastici. Le iscrizioni ai test sono aperte fino al 5 gennaio, con maggiori dettagli su <a href=\"http:\/\/www.skicollegeveneto.it\" target=\"_new\" rel=\"noopener\">www.skicollegeveneto.it<\/a>.<\/p>\n<p>&nbsp;<\/p>\n<p>&nbsp;<\/p>\n<hr \/>\n<p>&nbsp;<\/p>\n<blockquote>\n<h3>I COSCRITTI DEL 1964 DONANO UN ASSEGNO ALL&#8217;AUSER DI AGORDO<\/h3>\n<\/blockquote>\n<p><strong>AGORDO<\/strong> I coscritti della classe 1964 dell&#8217;Agordino si sono presentati alla sede Auser di Agordo per consegnare un assegno frutto di una raccolta fondi in occasione dei 60 anni. Una cifra tonda come la cifra dell&#8217;assegno: 1450 euro.<\/p>\n\n\t\t\t<style type='text\/css'>\n\t\t\t\t#gallery-5 {\n\t\t\t\t\tmargin: auto;\n\t\t\t\t}\n\t\t\t\t#gallery-5 .gallery-item {\n\t\t\t\t\tfloat: left;\n\t\t\t\t\tmargin-top: 10px;\n\t\t\t\t\ttext-align: center;\n\t\t\t\t\twidth: 50%;\n\t\t\t\t}\n\t\t\t\t#gallery-5 img {\n\t\t\t\t\tborder: 2px solid #cfcfcf;\n\t\t\t\t}\n\t\t\t\t#gallery-5 .gallery-caption {\n\t\t\t\t\tmargin-left: 0;\n\t\t\t\t}\n\t\t\t\t\/* see gallery_shortcode() in wp-includes\/media.php *\/\n\t\t\t<\/style>\n\t\t<div id='gallery-5' class='dt-gallery-container gallery galleryid-427768 gallery-columns-2 gallery-size-medium'><dl class='gallery-item'>\n\t\t\t\t<dt class='gallery-icon landscape'>\n\t\t\t\t\t<a class=\"rollover rollover-zoom dt-pswp-item\" title=\"Screenshot\" data-dt-img-description=\"\" data-large_image_width=\"1944\" data-large_image_height=\"1098\"href='https:\/\/www.radiopiu.net\/wordpress\/wp-content\/uploads\/2025\/01\/SCR-20250103-rlyj.jpeg'><img loading=\"lazy\" decoding=\"async\" width=\"300\" height=\"169\" src=\"https:\/\/www.radiopiu.net\/wordpress\/wp-content\/uploads\/2025\/01\/SCR-20250103-rlyj-300x169.jpeg\" class=\"attachment-medium size-medium\" alt=\"\" srcset=\"https:\/\/www.radiopiu.net\/wordpress\/wp-content\/uploads\/2025\/01\/SCR-20250103-rlyj-300x169.jpeg 300w, https:\/\/www.radiopiu.net\/wordpress\/wp-content\/uploads\/2025\/01\/SCR-20250103-rlyj-1024x578.jpeg 1024w, https:\/\/www.radiopiu.net\/wordpress\/wp-content\/uploads\/2025\/01\/SCR-20250103-rlyj-768x434.jpeg 768w, https:\/\/www.radiopiu.net\/wordpress\/wp-content\/uploads\/2025\/01\/SCR-20250103-rlyj-1536x868.jpeg 1536w, https:\/\/www.radiopiu.net\/wordpress\/wp-content\/uploads\/2025\/01\/SCR-20250103-rlyj.jpeg 1944w\" sizes=\"auto, (max-width: 300px) 100vw, 300px\" \/><\/a>\n\t\t\t\t<\/dt><\/dl><dl class='gallery-item'>\n\t\t\t\t<dt class='gallery-icon landscape'>\n\t\t\t\t\t<a class=\"rollover rollover-zoom dt-pswp-item\" title=\"Screenshot\" data-dt-img-description=\"\" data-large_image_width=\"1494\" data-large_image_height=\"1088\"href='https:\/\/www.radiopiu.net\/wordpress\/wp-content\/uploads\/2025\/01\/SCR-20250103-rmdf.jpeg'><img loading=\"lazy\" decoding=\"async\" width=\"300\" height=\"218\" src=\"https:\/\/www.radiopiu.net\/wordpress\/wp-content\/uploads\/2025\/01\/SCR-20250103-rmdf-300x218.jpeg\" class=\"attachment-medium size-medium\" alt=\"\" srcset=\"https:\/\/www.radiopiu.net\/wordpress\/wp-content\/uploads\/2025\/01\/SCR-20250103-rmdf-300x218.jpeg 300w, https:\/\/www.radiopiu.net\/wordpress\/wp-content\/uploads\/2025\/01\/SCR-20250103-rmdf-1024x746.jpeg 1024w, https:\/\/www.radiopiu.net\/wordpress\/wp-content\/uploads\/2025\/01\/SCR-20250103-rmdf-768x559.jpeg 768w, https:\/\/www.radiopiu.net\/wordpress\/wp-content\/uploads\/2025\/01\/SCR-20250103-rmdf.jpeg 1494w\" sizes=\"auto, (max-width: 300px) 100vw, 300px\" \/><\/a>\n\t\t\t\t<\/dt><\/dl><br style=\"clear: both\" \/>\n\t\t\t<\/div>\n\n<p><strong>IL VIDEO<\/strong><\/p>\n<p><iframe loading=\"lazy\" style=\"border: none; overflow: hidden;\" src=\"https:\/\/www.facebook.com\/plugins\/video.php?height=314&amp;href=https%3A%2F%2Fwww.facebook.com%2Fradiopiu%2Fvideos%2F472644832233786%2F&amp;show_text=false&amp;width=560&amp;t=0\" width=\"560\" height=\"314\" frameborder=\"0\" scrolling=\"no\" allowfullscreen=\"allowfullscreen\" data-mce-fragment=\"1\"><\/iframe><\/p>\n<p>&nbsp;<\/p>\n<p>&nbsp;<\/p>\n<hr \/>\n<p>&nbsp;<\/p>\n<blockquote>\n<h3 class=\"entry-title\">LA LUNA NASCONDE SATURNO, DI CLAUDIO PRA<\/h3>\n<\/blockquote>\n<p><img loading=\"lazy\" decoding=\"async\" class=\"alignleft\" src=\"https:\/\/www.radiopiu.net\/wordpress\/wp-content\/uploads\/2025\/01\/bf3e622c-c183-4fbf-a473-9d5ff42493af.jpg\" width=\"238\" height=\"218\" \/>Sabato 4 gennaio imperdibile spettacolo celeste, con una robusta falce lunare crescente di quasi cinque giorni che occulter\u00e0 Saturno, il pianeta inanellato. Il consiglio \u00e8 quello di cominciare le osservazioni almeno un\u2019ora prima dell\u2019evento, quindi verso le 17.40, quando i due corpi celesti saranno vicinissimi fra loro con Saturno che apparir\u00e0 simile ad una stellina piuttosto luminosa posta alla sinistra della Luna cinerea, ovvero flebilmente illuminata nella sua parte ancora al buio pi\u00f9 vicina al pianeta. Con il passare dei minuti la Luna si avviciner\u00e0 a Saturno, transitandogli davanti e quindi nascondendolo poco prima delle 18.40. La sparizione sar\u00e0 meglio apprezzabile in un piccolo binocolo ma dovrebbe risultare visibile anche ad occhio nudo. L\u2019occultazione \u00e8 ovviamente un fenomeno prospettico dato che dal nostro pianeta Luna e Saturno risulteranno allineati in cielo ma posti ovviamente a distanze diverse, con il nostro satellite naturale molto pi\u00f9 vicino. La riapparizione di Saturno dal bordo lunare illuminato avverr\u00e0 circa un\u2019ora dopo la sparizione, con i due oggetti pi\u00f9 bassi sull\u2019orizzonte. Questa fase sar\u00e0 osservabile solo tramite strumenti ottici. L\u2019evento, gi\u00e0 di per s\u00e9 incredibilmente affascinante, sar\u00e0 impreziosito dalla presenza di Venere e Giove, i due pianeti pi\u00f9 luminosi del cielo, il primo posto pi\u00f9 in basso a destra mentre l\u2019altro in alto a sx. Ovviamente chi possiede un telescopio potr\u00e0 ammirare l\u2019occultazione di Saturno in maniera pi\u00f9 dettagliata. Consiglio comunque l\u2019osservazione ad occhio nudo occhio nudo nella prima fase, che forse sar\u00e0 quella maggiormente impattante.<br \/>\nClaudio Pra.<\/p>\n<p>&nbsp;<\/p>\n<p>&nbsp;<\/p>\n<p>&nbsp;<\/p>\n<hr \/>\n<p>&nbsp;<\/p>\n<blockquote>\n<h1>Il Presepe Artistico di Roe di Sedico: un capolavoro da visitare<\/h1>\n<\/blockquote>\n<p><a class=\"dt-pswp-item\" href=\"https:\/\/www.radiopiu.net\/wordpress\/wp-content\/uploads\/2024\/12\/5162ed54-e3b2-4d17-82f0-cf26bd30086a.jpg\" data-dt-img-description=\"\" data-large_image_width=\"1200\" data-large_image_height=\"1600\"><img loading=\"lazy\" decoding=\"async\" class=\"size-medium wp-image-423381 alignleft\" src=\"https:\/\/www.radiopiu.net\/wordpress\/wp-content\/uploads\/2024\/12\/5162ed54-e3b2-4d17-82f0-cf26bd30086a-225x300.jpg\" alt=\"\" width=\"225\" height=\"300\" srcset=\"https:\/\/www.radiopiu.net\/wordpress\/wp-content\/uploads\/2024\/12\/5162ed54-e3b2-4d17-82f0-cf26bd30086a-225x300.jpg 225w, https:\/\/www.radiopiu.net\/wordpress\/wp-content\/uploads\/2024\/12\/5162ed54-e3b2-4d17-82f0-cf26bd30086a-768x1024.jpg 768w, https:\/\/www.radiopiu.net\/wordpress\/wp-content\/uploads\/2024\/12\/5162ed54-e3b2-4d17-82f0-cf26bd30086a-1152x1536.jpg 1152w, https:\/\/www.radiopiu.net\/wordpress\/wp-content\/uploads\/2024\/12\/5162ed54-e3b2-4d17-82f0-cf26bd30086a.jpg 1200w\" sizes=\"auto, (max-width: 225px) 100vw, 225px\" \/><\/a>Il presepe artistico di Roe di Sedico \u00e8 un\u2019opera straordinaria realizzata dai talentuosi autori Fabio Sommacal, Davide Lovisotto, Edi Tegner, Andrea Fontanive e Marco Bressan. Nato nel 1988, le prime edizioni venivano ospitate nella cappella invernale e smontate ogni anno. Dal 1991, grazie alla disponibilit\u00e0 di Don Rinaldo, il presepe ha trovato una sede permanente, permettendo la realizzazione di 32 edizioni fino all\u2019interruzione causata dalla pandemia. Dal 2022, l\u2019avventura \u00e8 ripartita con rinnovato entusiasmo. Il presepe \u00e8 visitabile fino al 31 gennaio: <strong>Domeniche e festivi:<\/strong> 10:00-12:00 e 14:00-18:30. <strong>Dal 25 dicembre al 6 gennaio:<\/strong> aperto anche nei feriali, nel pomeriggio 14:00-18:30. Un appuntamento imperdibile per immergersi nella magia del Natale e ammirare un\u2019opera che racconta tradizione e passione.<\/p>\n<p>&nbsp;<\/p>\n\n\t\t\t<style type='text\/css'>\n\t\t\t\t#gallery-6 {\n\t\t\t\t\tmargin: auto;\n\t\t\t\t}\n\t\t\t\t#gallery-6 .gallery-item {\n\t\t\t\t\tfloat: left;\n\t\t\t\t\tmargin-top: 10px;\n\t\t\t\t\ttext-align: center;\n\t\t\t\t\twidth: 12%;\n\t\t\t\t}\n\t\t\t\t#gallery-6 img {\n\t\t\t\t\tborder: 2px solid #cfcfcf;\n\t\t\t\t}\n\t\t\t\t#gallery-6 .gallery-caption {\n\t\t\t\t\tmargin-left: 0;\n\t\t\t\t}\n\t\t\t\t\/* see gallery_shortcode() in wp-includes\/media.php *\/\n\t\t\t<\/style>\n\t\t<div id='gallery-6' class='dt-gallery-container gallery galleryid-427768 gallery-columns-8 gallery-size-thumbnail'><dl class='gallery-item'>\n\t\t\t\t<dt class='gallery-icon landscape'>\n\t\t\t\t\t<a class=\"rollover rollover-zoom dt-pswp-item\" title=\"1708f0ec-4e7a-4978-b30d-3959327ffde0\" data-dt-img-description=\"\" data-large_image_width=\"1600\" data-large_image_height=\"1200\"href='https:\/\/www.radiopiu.net\/wordpress\/wp-content\/uploads\/2024\/12\/1708f0ec-4e7a-4978-b30d-3959327ffde0.jpg'><img loading=\"lazy\" decoding=\"async\" width=\"150\" height=\"150\" src=\"https:\/\/www.radiopiu.net\/wordpress\/wp-content\/uploads\/2024\/12\/1708f0ec-4e7a-4978-b30d-3959327ffde0-150x150.jpg\" class=\"attachment-thumbnail size-thumbnail\" alt=\"\" \/><\/a>\n\t\t\t\t<\/dt><\/dl><dl class='gallery-item'>\n\t\t\t\t<dt class='gallery-icon landscape'>\n\t\t\t\t\t<a class=\"rollover rollover-zoom dt-pswp-item\" title=\"31faecc0-e87e-406d-b6a8-6f5633f67e78\" data-dt-img-description=\"\" data-large_image_width=\"1600\" data-large_image_height=\"1200\"href='https:\/\/www.radiopiu.net\/wordpress\/wp-content\/uploads\/2024\/12\/31faecc0-e87e-406d-b6a8-6f5633f67e78.jpg'><img loading=\"lazy\" decoding=\"async\" width=\"150\" height=\"150\" src=\"https:\/\/www.radiopiu.net\/wordpress\/wp-content\/uploads\/2024\/12\/31faecc0-e87e-406d-b6a8-6f5633f67e78-150x150.jpg\" class=\"attachment-thumbnail size-thumbnail\" alt=\"\" \/><\/a>\n\t\t\t\t<\/dt><\/dl><dl class='gallery-item'>\n\t\t\t\t<dt class='gallery-icon landscape'>\n\t\t\t\t\t<a class=\"rollover rollover-zoom dt-pswp-item\" title=\"22cd45a8-8844-4e2d-8552-f9a2b7c9b35a\" data-dt-img-description=\"\" data-large_image_width=\"1600\" data-large_image_height=\"1200\"href='https:\/\/www.radiopiu.net\/wordpress\/wp-content\/uploads\/2024\/12\/22cd45a8-8844-4e2d-8552-f9a2b7c9b35a.jpg'><img loading=\"lazy\" decoding=\"async\" width=\"150\" height=\"150\" src=\"https:\/\/www.radiopiu.net\/wordpress\/wp-content\/uploads\/2024\/12\/22cd45a8-8844-4e2d-8552-f9a2b7c9b35a-150x150.jpg\" class=\"attachment-thumbnail size-thumbnail\" alt=\"\" \/><\/a>\n\t\t\t\t<\/dt><\/dl><dl class='gallery-item'>\n\t\t\t\t<dt class='gallery-icon landscape'>\n\t\t\t\t\t<a class=\"rollover rollover-zoom dt-pswp-item\" title=\"2f78f81d-54a0-473e-a048-6082fa5f0dfb\" data-dt-img-description=\"\" data-large_image_width=\"1600\" data-large_image_height=\"1200\"href='https:\/\/www.radiopiu.net\/wordpress\/wp-content\/uploads\/2024\/12\/2f78f81d-54a0-473e-a048-6082fa5f0dfb.jpg'><img loading=\"lazy\" decoding=\"async\" width=\"150\" height=\"150\" src=\"https:\/\/www.radiopiu.net\/wordpress\/wp-content\/uploads\/2024\/12\/2f78f81d-54a0-473e-a048-6082fa5f0dfb-150x150.jpg\" class=\"attachment-thumbnail size-thumbnail\" alt=\"\" \/><\/a>\n\t\t\t\t<\/dt><\/dl><dl class='gallery-item'>\n\t\t\t\t<dt class='gallery-icon landscape'>\n\t\t\t\t\t<a class=\"rollover rollover-zoom dt-pswp-item\" title=\"05ae5de8-f5ea-45b4-9b1f-d4e96bbb1fb8\" data-dt-img-description=\"\" data-large_image_width=\"1600\" data-large_image_height=\"1200\"href='https:\/\/www.radiopiu.net\/wordpress\/wp-content\/uploads\/2024\/12\/05ae5de8-f5ea-45b4-9b1f-d4e96bbb1fb8.jpg'><img loading=\"lazy\" decoding=\"async\" width=\"150\" height=\"150\" src=\"https:\/\/www.radiopiu.net\/wordpress\/wp-content\/uploads\/2024\/12\/05ae5de8-f5ea-45b4-9b1f-d4e96bbb1fb8-150x150.jpg\" class=\"attachment-thumbnail size-thumbnail\" alt=\"\" \/><\/a>\n\t\t\t\t<\/dt><\/dl><dl class='gallery-item'>\n\t\t\t\t<dt class='gallery-icon landscape'>\n\t\t\t\t\t<a class=\"rollover rollover-zoom dt-pswp-item\" title=\"9b5d2c47-0c82-43c2-ac45-eda00723a965\" data-dt-img-description=\"\" data-large_image_width=\"1600\" data-large_image_height=\"1200\"href='https:\/\/www.radiopiu.net\/wordpress\/wp-content\/uploads\/2024\/12\/9b5d2c47-0c82-43c2-ac45-eda00723a965.jpg'><img loading=\"lazy\" decoding=\"async\" width=\"150\" height=\"150\" src=\"https:\/\/www.radiopiu.net\/wordpress\/wp-content\/uploads\/2024\/12\/9b5d2c47-0c82-43c2-ac45-eda00723a965-150x150.jpg\" class=\"attachment-thumbnail size-thumbnail\" alt=\"\" \/><\/a>\n\t\t\t\t<\/dt><\/dl><dl class='gallery-item'>\n\t\t\t\t<dt class='gallery-icon landscape'>\n\t\t\t\t\t<a class=\"rollover rollover-zoom dt-pswp-item\" title=\"2ed1d8d3-409e-4775-94ed-91e3eda55c6e\" data-dt-img-description=\"\" data-large_image_width=\"1600\" data-large_image_height=\"1200\"href='https:\/\/www.radiopiu.net\/wordpress\/wp-content\/uploads\/2024\/12\/2ed1d8d3-409e-4775-94ed-91e3eda55c6e.jpg'><img loading=\"lazy\" decoding=\"async\" width=\"150\" height=\"150\" src=\"https:\/\/www.radiopiu.net\/wordpress\/wp-content\/uploads\/2024\/12\/2ed1d8d3-409e-4775-94ed-91e3eda55c6e-150x150.jpg\" class=\"attachment-thumbnail size-thumbnail\" alt=\"\" \/><\/a>\n\t\t\t\t<\/dt><\/dl><dl class='gallery-item'>\n\t\t\t\t<dt class='gallery-icon landscape'>\n\t\t\t\t\t<a class=\"rollover rollover-zoom dt-pswp-item\" title=\"0f25e816-4eb7-459e-b251-b05d839862fc\" data-dt-img-description=\"\" data-large_image_width=\"1600\" data-large_image_height=\"1200\"href='https:\/\/www.radiopiu.net\/wordpress\/wp-content\/uploads\/2024\/12\/0f25e816-4eb7-459e-b251-b05d839862fc.jpg'><img loading=\"lazy\" decoding=\"async\" width=\"150\" height=\"150\" src=\"https:\/\/www.radiopiu.net\/wordpress\/wp-content\/uploads\/2024\/12\/0f25e816-4eb7-459e-b251-b05d839862fc-150x150.jpg\" class=\"attachment-thumbnail size-thumbnail\" alt=\"\" \/><\/a>\n\t\t\t\t<\/dt><\/dl><br style=\"clear: both\" \/>\n\t\t\t<\/div>\n\n<p>&nbsp;<\/p>\n<hr \/>\n<p>&nbsp;<\/p>\n<p><strong><a class=\"dt-pswp-item\" href=\"https:\/\/www.radiopiu.net\/wordpress\/wp-content\/uploads\/2024\/11\/AMICI-MINERARI.png\" data-dt-img-description=\"\" data-large_image_width=\"209\" data-large_image_height=\"174\"><img loading=\"lazy\" decoding=\"async\" class=\" wp-image-419180 alignleft\" src=\"https:\/\/www.radiopiu.net\/wordpress\/wp-content\/uploads\/2024\/11\/AMICI-MINERARI.png\" alt=\"\" width=\"168\" height=\"140\" \/><\/a>&#8220;Con gli Amici dei Minerari: Serate d&#8217;Inverno \u2013 un viaggio tra storia, scienza e meraviglie. Incontri presso la Sala con T\u00e0-Mis. Non mancare!&#8221;<\/strong><\/p>\n<ul>\n<li><em>Venerd\u00ec 24 gennaio, ore 20:30<\/em>: &#8220;Il meraviglioso mondo dei fossili delle Dolomiti&#8221; \u2013 Relatore Danilo Giordano.<\/li>\n<li><em>Venerd\u00ec 21 febbraio, ore 20:30<\/em>: &#8220;Il traforo del Brennero: studio, progettazione e realizzazione&#8221; \u2013 Relatori Vittorio Fenti e Mario Guadagnini.<\/li>\n<\/ul>\n<p><strong>Vivi la cultura e la passione per la montagna!<\/strong><\/p>\n<p>&nbsp;<\/p>\n<p>&nbsp;<\/p>\n<hr \/>\n<p>&nbsp;<\/p>\n<blockquote>\n<h3>ADRENALINA E SPETTACOLO: TORNA LA MAX TOSI INVITATIONAL DOMINATOR NIGHT AD ALLEGHE<\/h3>\n<\/blockquote>\n<p><strong><a class=\"dt-pswp-item\" href=\"https:\/\/www.radiopiu.net\/wordpress\/wp-content\/uploads\/2024\/12\/DOMNATOR-PROMO-Flyer-Ok-compresso.jpg\" data-dt-img-description=\"\" data-large_image_width=\"419\" data-large_image_height=\"595\"><img loading=\"lazy\" decoding=\"async\" class=\" wp-image-427225 alignleft\" src=\"https:\/\/www.radiopiu.net\/wordpress\/wp-content\/uploads\/2024\/12\/DOMNATOR-PROMO-Flyer-Ok-compresso-211x300.jpg\" alt=\"\" width=\"133\" height=\"189\" srcset=\"https:\/\/www.radiopiu.net\/wordpress\/wp-content\/uploads\/2024\/12\/DOMNATOR-PROMO-Flyer-Ok-compresso-211x300.jpg 211w, https:\/\/www.radiopiu.net\/wordpress\/wp-content\/uploads\/2024\/12\/DOMNATOR-PROMO-Flyer-Ok-compresso.jpg 419w\" sizes=\"auto, (max-width: 133px) 100vw, 133px\" \/><\/a>ALLEGHE <\/strong>Oggi i riflettori si accendono sui Piani di Pezz\u00e8 ad Alleghe, dove si terr\u00e0 la nuova edizione della Max Tosi Invitational Dominator Night, un evento imperdibile per gli amanti di motoslitte e snowbike. Organizzato in collaborazione con Sledtech, Grande Baita Civetta e Alleghe Funivie, l&#8217;evento promette una serata all&#8217;insegna della competizione e del divertimento. I migliori piloti del panorama internazionale si sfideranno per conquistare il titolo di dominatore della notte, regalando al pubblico uno spettacolo mozzafiato. Le cabinovie saranno operative dalle 20:30 alle 2:00 per permettere agli spettatori di raggiungere comodamente i Piani di Pezz\u00e8. Alle 21:30 il semaforo verde dar\u00e0 il via alla competizione, che vedr\u00e0 motori ruggenti e acrobazie estreme sotto le stelle. A seguire, la serata si accender\u00e0 con il Dominator Party, animato dalle vibrazioni di DJ Max Benzoni, per concludere l\u2019evento in un\u2019atmosfera festosa. Un appuntamento imperdibile per gli appassionati di sport estremi e per chi cerca un\u2019esperienza unica in alta quota.<\/p>\n<p>&nbsp;<\/p>\n<p>&nbsp;<\/p>\n<hr \/>\n<p>&nbsp;<\/p>\n<blockquote>\n<h3>STORIE DI MONTAGNA IL 4 GENNAIO A SAN TOMASO<\/h3>\n<\/blockquote>\n<p><strong><a class=\"dt-pswp-item\" href=\"https:\/\/www.radiopiu.net\/wordpress\/wp-content\/uploads\/2024\/12\/fcf6f9a2-c8e2-48da-bcc7-20c5d5161e50-1.jpg\" data-dt-img-description=\"\" data-large_image_width=\"1080\" data-large_image_height=\"1080\"><img loading=\"lazy\" decoding=\"async\" class=\" wp-image-427004 alignleft\" src=\"https:\/\/www.radiopiu.net\/wordpress\/wp-content\/uploads\/2024\/12\/fcf6f9a2-c8e2-48da-bcc7-20c5d5161e50-1-300x300.jpg\" alt=\"\" width=\"125\" height=\"125\" srcset=\"https:\/\/www.radiopiu.net\/wordpress\/wp-content\/uploads\/2024\/12\/fcf6f9a2-c8e2-48da-bcc7-20c5d5161e50-1-300x300.jpg 300w, https:\/\/www.radiopiu.net\/wordpress\/wp-content\/uploads\/2024\/12\/fcf6f9a2-c8e2-48da-bcc7-20c5d5161e50-1-1024x1024.jpg 1024w, https:\/\/www.radiopiu.net\/wordpress\/wp-content\/uploads\/2024\/12\/fcf6f9a2-c8e2-48da-bcc7-20c5d5161e50-1-150x150.jpg 150w, https:\/\/www.radiopiu.net\/wordpress\/wp-content\/uploads\/2024\/12\/fcf6f9a2-c8e2-48da-bcc7-20c5d5161e50-1-768x768.jpg 768w, https:\/\/www.radiopiu.net\/wordpress\/wp-content\/uploads\/2024\/12\/fcf6f9a2-c8e2-48da-bcc7-20c5d5161e50-1.jpg 1080w\" sizes=\"auto, (max-width: 125px) 100vw, 125px\" \/><\/a>SAN TOMASO<\/strong> Oggi alle 17.30, presso la Sala Parrocchiale di San Tomaso (Loc. Zelat), Luca e Paolo presenteranno per la prima volta in pubblico alcuni video, pi\u00f9 un inedito, realizzati da Luca tratti dai racconti contenuti nella rubrica I racconti di Paolo Soppelsa, presente nel sito di Radio Pi\u00f9 Emittente Agordina. Sar\u00e0 un&#8217;occasione per veder proiettati sul grande schermo questi video che narrano la montagna ed in particolare il territorio Agordino.<\/p>\n<p><strong>L&#8217;INVITO DI PAOLO SOPPELSA<\/strong><\/p>\n<audio class=\"wp-audio-shortcode\" id=\"audio-427768-11\" preload=\"none\" style=\"width: 100%;\" controls=\"controls\"><source type=\"audio\/mpeg\" src=\"https:\/\/www.radiopiu.net\/wordpress\/wp-content\/uploads\/2024\/12\/gr-30-storie-di-montagna-SOPPELSA.mp3?_=11\" \/><a href=\"https:\/\/www.radiopiu.net\/wordpress\/wp-content\/uploads\/2024\/12\/gr-30-storie-di-montagna-SOPPELSA.mp3\">https:\/\/www.radiopiu.net\/wordpress\/wp-content\/uploads\/2024\/12\/gr-30-storie-di-montagna-SOPPELSA.mp3<\/a><\/audio>\n<p>&nbsp;<\/p>\n<hr \/>\n<p>&nbsp;<\/p>\n<blockquote>\n<h3>DALLA MARMOLADA \u201cSCENDE\u201d LA BEFANA. GRANDE SPETTACOLO VENERDI\u2019 5 GENNAIO DALLE 17 A MALGA CIAPELA<\/h3>\n<\/blockquote>\n<p><strong><a class=\"dt-pswp-item\" href=\"https:\/\/www.radiopiu.net\/wordpress\/wp-content\/uploads\/2025\/01\/BEFANA-MARMOLADA.png\" data-dt-img-description=\"\" data-large_image_width=\"594\" data-large_image_height=\"849\"><img loading=\"lazy\" decoding=\"async\" class=\" wp-image-427831 alignleft\" src=\"https:\/\/www.radiopiu.net\/wordpress\/wp-content\/uploads\/2025\/01\/BEFANA-MARMOLADA-210x300.png\" alt=\"\" width=\"125\" height=\"179\" srcset=\"https:\/\/www.radiopiu.net\/wordpress\/wp-content\/uploads\/2025\/01\/BEFANA-MARMOLADA-210x300.png 210w, https:\/\/www.radiopiu.net\/wordpress\/wp-content\/uploads\/2025\/01\/BEFANA-MARMOLADA.png 594w\" sizes=\"auto, (max-width: 125px) 100vw, 125px\" \/><\/a> <\/strong><\/p>\n<p><strong>\u00a0<\/strong><\/p>\n<p><strong>ROCCA PIETORE <\/strong>Attesa da grandi e piccini, domenica 5 gennaio torna la Befana della Marmoalda, con la spettacolare calata dalla funivia.\u00a0 Ci troveremo a partire dalle 17 nei pressi del Bar Funivia, aspettando la sua discesa, che prender\u00e0 avvio alle 18. Vi aspettiamo.\u00a0 \u00a0L&#8217;evento \u00e8 organizzato dal Soccorso alpino della Val Pettorina e da Marmolada Srl, in collaborazione con Consorzio operatori turistici Marmolada e Gruppo Ana di Rocca Pietore e con il patrocinio del Comune di Rocca Pietore.<\/p>\n<p>&nbsp;<\/p>\n<p>&nbsp;<\/p>\n<p>&nbsp;<\/p>\n<blockquote>\n<h2>LE DONAZE DOMANI A COLLE SANTA LUCIA<\/h2>\n<\/blockquote>\n<p><strong>COLLE SANTA LUCIA<\/strong> Ecco le Donaze, domani dalle 17.30 nel centro storico di Colle. Brule&#8217;, fortaie, musica, divertimento per tutti.<\/p>\n<audio class=\"wp-audio-shortcode\" id=\"audio-427768-12\" preload=\"none\" style=\"width: 100%;\" controls=\"controls\"><source type=\"audio\/mpeg\" src=\"https:\/\/www.radiopiu.net\/wordpress\/wp-content\/uploads\/2024\/01\/DONAZE-24.mp3?_=12\" \/><a href=\"https:\/\/www.radiopiu.net\/wordpress\/wp-content\/uploads\/2024\/01\/DONAZE-24.mp3\">https:\/\/www.radiopiu.net\/wordpress\/wp-content\/uploads\/2024\/01\/DONAZE-24.mp3<\/a><\/audio>\n<p>&nbsp;<\/p>\n<p><strong>archivio radiopiu Un anno fa<\/strong><\/p>\n<p><strong><a class=\"dt-pswp-item\" href=\"https:\/\/www.radiopiu.net\/wordpress\/wp-content\/uploads\/2024\/01\/22512aa8-749b-4480-857c-036653e8c2eb.jpg\" data-dt-img-description=\"\" data-large_image_width=\"762\" data-large_image_height=\"580\"><img loading=\"lazy\" decoding=\"async\" class=\" wp-image-368880 alignleft\" src=\"https:\/\/www.radiopiu.net\/wordpress\/wp-content\/uploads\/2024\/01\/22512aa8-749b-4480-857c-036653e8c2eb-300x228.jpg\" alt=\"\" width=\"172\" height=\"131\" srcset=\"https:\/\/www.radiopiu.net\/wordpress\/wp-content\/uploads\/2024\/01\/22512aa8-749b-4480-857c-036653e8c2eb-300x228.jpg 300w, https:\/\/www.radiopiu.net\/wordpress\/wp-content\/uploads\/2024\/01\/22512aa8-749b-4480-857c-036653e8c2eb.jpg 762w\" sizes=\"auto, (max-width: 172px) 100vw, 172px\" \/><\/a>COLLE SANTA LUCIA<\/strong> Appuntamento tradizionale la vigilia dell&#8217;Epifania con Le Donaze. Una serata sotto la neve dove le Donaze hanno rallegrato gli ospiti del paese.<\/p>\n<p>(FOTO: Pagina Facebook Colle Santa Lucia &#8211; Dolomiti)<\/p>\n<p><strong>MAURIZIO TROI, ASSOCIAZIONE TURISTICA COLLE SANTA LUCIA<\/strong><\/p>\n<audio class=\"wp-audio-shortcode\" id=\"audio-427768-13\" preload=\"none\" style=\"width: 100%;\" controls=\"controls\"><source type=\"audio\/mpeg\" src=\"https:\/\/www.radiopiu.net\/wordpress\/wp-content\/uploads\/2024\/01\/MAURIZIO-TROI-DONAZE.mp3?_=13\" \/><a href=\"https:\/\/www.radiopiu.net\/wordpress\/wp-content\/uploads\/2024\/01\/MAURIZIO-TROI-DONAZE.mp3\">https:\/\/www.radiopiu.net\/wordpress\/wp-content\/uploads\/2024\/01\/MAURIZIO-TROI-DONAZE.mp3<\/a><\/audio>\n<p>&nbsp;<\/p>\n<p>&nbsp;<\/p>\n<hr \/>\n<p>&nbsp;<\/p>\n<h1><a class=\"dt-pswp-item\" href=\"https:\/\/www.radiopiu.net\/wordpress\/wp-content\/uploads\/2025\/01\/468103666_10235973121415222_5179298538496367423_n.jpg\" data-dt-img-description=\"\" data-large_image_width=\"259\" data-large_image_height=\"194\"><img loading=\"lazy\" decoding=\"async\" class=\"size-full wp-image-427937 alignleft\" src=\"https:\/\/www.radiopiu.net\/wordpress\/wp-content\/uploads\/2025\/01\/468103666_10235973121415222_5179298538496367423_n.jpg\" alt=\"\" width=\"259\" height=\"194\" \/><\/a>PAVAROI&#8230;\u00a0 DAL BROI<\/h1>\n<p><strong>AGORDO<\/strong>\u00a0 Come ogni anno anche domani fuochi propiziatori sulle cime dolomitiche e brule&#8217; sul Broi con la Sezione del cai di Agordo.<\/p>\n<p>&nbsp;<\/p>\n<p>&nbsp;<\/p>\n<p>&nbsp;<\/p>\n<p>&nbsp;<\/p>\n<hr \/>\n<p>&nbsp;<\/p>\n<blockquote>\n<h3><a class=\"dt-pswp-item\" href=\"https:\/\/www.radiopiu.net\/wordpress\/wp-content\/uploads\/2025\/01\/7afd2d9f-3ff5-4031-96c4-1bc5e7ff2e42.jpg\" data-dt-img-description=\"\" data-large_image_width=\"1046\" data-large_image_height=\"1271\"><img loading=\"lazy\" decoding=\"async\" class=\" wp-image-427885 alignleft\" src=\"https:\/\/www.radiopiu.net\/wordpress\/wp-content\/uploads\/2025\/01\/7afd2d9f-3ff5-4031-96c4-1bc5e7ff2e42-247x300.jpg\" alt=\"\" width=\"128\" height=\"155\" srcset=\"https:\/\/www.radiopiu.net\/wordpress\/wp-content\/uploads\/2025\/01\/7afd2d9f-3ff5-4031-96c4-1bc5e7ff2e42-247x300.jpg 247w, https:\/\/www.radiopiu.net\/wordpress\/wp-content\/uploads\/2025\/01\/7afd2d9f-3ff5-4031-96c4-1bc5e7ff2e42-843x1024.jpg 843w, https:\/\/www.radiopiu.net\/wordpress\/wp-content\/uploads\/2025\/01\/7afd2d9f-3ff5-4031-96c4-1bc5e7ff2e42-768x933.jpg 768w, https:\/\/www.radiopiu.net\/wordpress\/wp-content\/uploads\/2025\/01\/7afd2d9f-3ff5-4031-96c4-1bc5e7ff2e42.jpg 1046w\" sizes=\"auto, (max-width: 128px) 100vw, 128px\" \/><\/a>MEMORIE DI RESISTENZE CON ADELMO CERVI<\/h3>\n<\/blockquote>\n<p><strong>BELLUNO\u00a0<\/strong><\/p>\n<p>DI ROBERTO BONA<\/p>\n<audio class=\"wp-audio-shortcode\" id=\"audio-427768-14\" preload=\"none\" style=\"width: 100%;\" controls=\"controls\"><source type=\"audio\/mpeg\" src=\"https:\/\/www.radiopiu.net\/wordpress\/wp-content\/uploads\/2025\/01\/BONA-ADELMO-CERVI-SCADENZA-10-GENNAIO.mp3?_=14\" \/><a href=\"https:\/\/www.radiopiu.net\/wordpress\/wp-content\/uploads\/2025\/01\/BONA-ADELMO-CERVI-SCADENZA-10-GENNAIO.mp3\">https:\/\/www.radiopiu.net\/wordpress\/wp-content\/uploads\/2025\/01\/BONA-ADELMO-CERVI-SCADENZA-10-GENNAIO.mp3<\/a><\/audio>\n<p>&nbsp;<\/p>\n<hr \/>\n<p>&nbsp;<\/p>\n<blockquote>\n<h3>SUL FILO DELL&#8217;ACQUA IN CADORE<\/h3>\n<\/blockquote>\n<p><strong>CADORE <\/strong>Sabato 11 gennaio, alle 21, nella Sala Consiliare della Magnifica Comunit\u00e0 di Cadore, il gruppo teatrale I Comelianti presenter\u00e0 \u201cSul filo dell\u2019Acqua\u201d. Lo spettacolo, ideato per il 600\u00b0 anniversario della dedizione del Cadore a Venezia, celebra il legame storico tra i due territori attraverso un mix di storia, teatro, musica e poesia. L\u2019evento, a ingresso libero, \u00e8 un omaggio artistico e culturale che valorizza il patrimonio condiviso e lo rende accessibile al pubblico moderno.<\/p>\n<p>&nbsp;<\/p>\n<p>&nbsp;<\/p>\n<hr \/>\n<p>&nbsp;<\/p>\n<blockquote>\n<h3>I BELUMAT INTERNATIONAL RACCONTATI DA GIORGIO FORNASIER<\/h3>\n<\/blockquote>\n<p><strong><a class=\"dt-pswp-item\" href=\"https:\/\/www.radiopiu.net\/wordpress\/wp-content\/uploads\/2025\/01\/Duo-Belumat-940.jpg\" data-dt-img-description=\"\" data-large_image_width=\"1300\" data-large_image_height=\"1871\"><img loading=\"lazy\" decoding=\"async\" class=\" wp-image-427778 alignleft\" src=\"https:\/\/www.radiopiu.net\/wordpress\/wp-content\/uploads\/2025\/01\/Duo-Belumat-940-208x300.jpg\" alt=\"\" width=\"142\" height=\"205\" srcset=\"https:\/\/www.radiopiu.net\/wordpress\/wp-content\/uploads\/2025\/01\/Duo-Belumat-940-208x300.jpg 208w, https:\/\/www.radiopiu.net\/wordpress\/wp-content\/uploads\/2025\/01\/Duo-Belumat-940-711x1024.jpg 711w, https:\/\/www.radiopiu.net\/wordpress\/wp-content\/uploads\/2025\/01\/Duo-Belumat-940-768x1105.jpg 768w, https:\/\/www.radiopiu.net\/wordpress\/wp-content\/uploads\/2025\/01\/Duo-Belumat-940-1067x1536.jpg 1067w, https:\/\/www.radiopiu.net\/wordpress\/wp-content\/uploads\/2025\/01\/Duo-Belumat-940.jpg 1300w\" sizes=\"auto, (max-width: 142px) 100vw, 142px\" \/><\/a>SOSPIROLO <\/strong>Venerd\u00ec 17 gennaio 2025, per la Giornata nazionale del Dialetto e delle lingue vocali promossa dalle Pro loco d\u2019Italia,\u00a0\u00a0al\u00a0Centro civico di Sospirolo, con inizio alle\u00a020.45, sar\u00e0 presentato al pubblico il film documentario biografico \u201cI Belumat International raccontati da Giorgio Fornasier\u201d. La serata \u00e8 dedicata a Gianluigi Secco, pi\u00f9 volte collaboratore della Pro Loco e presidente di giuria del Concorso letterario \u201cSospirolo tra leggende e misteri\u201d. Il documentario \u00e8 stato prodotto dal Dipartimento dei Beni Culturali dell\u2019Universit\u00e0 degli Studi di Padova, insieme all\u2019Isbrec. La Pro Loco Monti del Sole con la collaborazione del Comune di Sospirolo patrocina questa operazione culturale offrendo la serata al pubblico con\u00a0entrata libera fino ad esaurimento dei posti a sedere (non \u00e8 prevista prenotazione). Partecipa all\u2019organizzazione anche l\u2019Associazione Bellunesi nel Mondo. Il documentario verr\u00e0 presentato dal prof.\u00a0Mirco Melanco. Al termine della visione, ci sar\u00e0 l\u2019intervento degli\u00a0studenti\u00a0che lo hanno realizzato e un dibattito con Giorgio Fornasier, alcuni amici dei Belumat e i rappresentanti di istituzioni ed enti che organizzano l\u2019evento.<\/p>\n<p>&nbsp;<\/p>\n<p>&nbsp;<\/p>\n<hr \/>\n<p>&nbsp;<\/p>\n<blockquote>\n<h3>&#8220;CORTINA EXPRESS&#8221; AL CINEMA DOLOMITI DI FALCADE<\/h3>\n<\/blockquote>\n<p><strong><a class=\"dt-pswp-item\" href=\"https:\/\/www.radiopiu.net\/wordpress\/wp-content\/uploads\/2024\/12\/locandina-6.jpg\" data-dt-img-description=\"\" data-large_image_width=\"420\" data-large_image_height=\"615\"><img loading=\"lazy\" decoding=\"async\" class=\" wp-image-427064 alignleft\" src=\"https:\/\/www.radiopiu.net\/wordpress\/wp-content\/uploads\/2024\/12\/locandina-6-205x300.jpg\" alt=\"\" width=\"128\" height=\"187\" srcset=\"https:\/\/www.radiopiu.net\/wordpress\/wp-content\/uploads\/2024\/12\/locandina-6-205x300.jpg 205w, https:\/\/www.radiopiu.net\/wordpress\/wp-content\/uploads\/2024\/12\/locandina-6.jpg 420w\" sizes=\"auto, (max-width: 128px) 100vw, 128px\" \/><\/a>FALCADE\u00a0<\/strong>Continua la programmazione con i grandi fime del momento al Cinema Dolomiti di Falcade. Il 03 e 04 gennaio il cinepanettone con Lillo e Christian De Sica dal titolo &#8220;Cortina Express&#8221;. Lucio De Roberti, un affascinante viveur di mezza et\u00e0, si trova al centro di una commedia di intrecci familiari e ambizioni personali. L\u2019uomo si reca a Cortina d&#8217;Ampezzo per impedire che il nipote sposi la figlia di Patrizia Giordano, un\u2019abile discografica con un lato oscuro: la donna \u00e8 pronta a tutto per salvare la sua azienda sull&#8217;orlo del fallimento, appoggiata da un marito completamente succube. Il film, una brillante commedia di costume e sentimenti, \u00e8 stato girato nel maggio 2024, alternando le splendide ambientazioni montane di Cortina d&#8217;Ampezzo ai suggestivi scorci urbani di Roma. Tra paesaggi mozzafiato e intrighi di famiglia, la storia promette di catturare il pubblico con il suo mix di ironia e colpi di scena.<\/p>\n<p><span style=\"color: #ff0000;\"><strong>SPETTACOLI ALLE 21<\/strong><\/span><\/p>\n<p><strong>LA PRESENTAZIONE A CURA DI PAOLA LANCIATO<\/strong><\/p>\n<audio class=\"wp-audio-shortcode\" id=\"audio-427768-15\" preload=\"none\" style=\"width: 100%;\" controls=\"controls\"><source type=\"audio\/mpeg\" src=\"https:\/\/www.radiopiu.net\/wordpress\/wp-content\/uploads\/2024\/12\/CORTINA-EXPRESS.mp3?_=15\" \/><a href=\"https:\/\/www.radiopiu.net\/wordpress\/wp-content\/uploads\/2024\/12\/CORTINA-EXPRESS.mp3\">https:\/\/www.radiopiu.net\/wordpress\/wp-content\/uploads\/2024\/12\/CORTINA-EXPRESS.mp3<\/a><\/audio>\n<p>&nbsp;<\/p>\n<hr \/>\n<p>&nbsp;<\/p>\n<h2><span style=\"color: #ff6600;\">IERI ALLA RADIO<\/span><\/h2>\n<h2><span style=\"color: #339966;\">I PROFESSIONISTI DEL POLIAMBULATORIO AGORDINO &#8211; IL DOTTOR CESARE DAL BO<\/span><\/h2>\n<p><strong><a class=\"dt-pswp-item\" href=\"https:\/\/www.radiopiu.net\/wordpress\/wp-content\/uploads\/2024\/04\/dr-cesare-dal-bo.jpg\" data-dt-img-description=\"\" data-large_image_width=\"800\" data-large_image_height=\"600\"><img loading=\"lazy\" decoding=\"async\" class=\" wp-image-387374 alignleft\" src=\"https:\/\/www.radiopiu.net\/wordpress\/wp-content\/uploads\/2024\/04\/dr-cesare-dal-bo-300x225.jpg\" alt=\"\" width=\"169\" height=\"127\" srcset=\"https:\/\/www.radiopiu.net\/wordpress\/wp-content\/uploads\/2024\/04\/dr-cesare-dal-bo-300x225.jpg 300w, https:\/\/www.radiopiu.net\/wordpress\/wp-content\/uploads\/2024\/04\/dr-cesare-dal-bo-768x576.jpg 768w, https:\/\/www.radiopiu.net\/wordpress\/wp-content\/uploads\/2024\/04\/dr-cesare-dal-bo.jpg 800w\" sizes=\"auto, (max-width: 169px) 100vw, 169px\" \/><\/a>PUNTATA DEL 03 GENNAIO 2025 &#8211; IL DOTTOR CESARE DAL BO<\/strong><\/p>\n<p>Primo appuntamento dell&#8217;anno con lo staff del Poliambulatorio Agordino. Il dottor Cesare Dal Bo parla della vitamina D o vitamina del sole, fondamentale per la salute delle ossa e non solo, \u00e8 sintetizzata dal nostro corpo a partire dall&#8217;assorbimento dei raggi solari dalla pelle. I consigli per rendere pi\u00f9 efficace questo importante processo.<\/p>\n<audio class=\"wp-audio-shortcode\" id=\"audio-427768-16\" preload=\"none\" style=\"width: 100%;\" controls=\"controls\"><source type=\"audio\/mpeg\" src=\"https:\/\/www.radiopiu.net\/wordpress\/wp-content\/uploads\/2024\/08\/DOTTOR-DAL-BO-GENNAIO-2025.mp3?_=16\" \/><a href=\"https:\/\/www.radiopiu.net\/wordpress\/wp-content\/uploads\/2024\/08\/DOTTOR-DAL-BO-GENNAIO-2025.mp3\">https:\/\/www.radiopiu.net\/wordpress\/wp-content\/uploads\/2024\/08\/DOTTOR-DAL-BO-GENNAIO-2025.mp3<\/a><\/audio>\n<p>&nbsp;<\/p>\n<h2>LA RACCOLTA COMPLETA <a href=\"https:\/\/www.radiopiu.net\/wordpress\/i-professionisti-del-poliambulatorio-agordino-le-interviste-le-interviste\/\"><span style=\"color: #3366ff;\">CLICCA QUI<\/span><\/a><\/h2>\n<p>&nbsp;<\/p>\n<hr \/>\n<p>&nbsp;<\/p>\n<h2><span style=\"color: #800080;\">MUSIC A B C, IL MONDO DELLA MUSICA UNA LETTERA ALLA VOLTA<\/span><\/h2>\n<p><span style=\"color: #ff0000;\"><strong><a class=\"dt-pswp-item\" href=\"https:\/\/www.radiopiu.net\/wordpress\/wp-content\/uploads\/2021\/07\/microfono-radio-ok-768x448-768x448-1.jpg\" data-dt-img-description=\"\" data-large_image_width=\"768\" data-large_image_height=\"448\"><img loading=\"lazy\" decoding=\"async\" class=\" wp-image-220632 alignleft\" src=\"https:\/\/www.radiopiu.net\/wordpress\/wp-content\/uploads\/2021\/07\/microfono-radio-ok-768x448-768x448-1-300x175.jpg\" alt=\"\" width=\"148\" height=\"86\" srcset=\"https:\/\/www.radiopiu.net\/wordpress\/wp-content\/uploads\/2021\/07\/microfono-radio-ok-768x448-768x448-1-300x175.jpg 300w, https:\/\/www.radiopiu.net\/wordpress\/wp-content\/uploads\/2021\/07\/microfono-radio-ok-768x448-768x448-1.jpg 768w\" sizes=\"auto, (max-width: 148px) 100vw, 148px\" \/><\/a>CON MARINA DONA&#8217; E DAVID &#8220;ATHOS&#8221; BEN<\/strong><\/span><\/p>\n<p><span style=\"color: #0000ff;\"><strong>PUNTATA DEL 03 GENNAIO 2024<\/strong><\/span><\/p>\n<p><strong>PRIMA PARTE<\/strong><\/p>\n<audio class=\"wp-audio-shortcode\" id=\"audio-427768-17\" preload=\"none\" style=\"width: 100%;\" controls=\"controls\"><source type=\"audio\/mpeg\" src=\"https:\/\/www.radiopiu.net\/wordpress\/wp-content\/uploads\/2024\/12\/GOLD1-3.mp3?_=17\" \/><a href=\"https:\/\/www.radiopiu.net\/wordpress\/wp-content\/uploads\/2024\/12\/GOLD1-3.mp3\">https:\/\/www.radiopiu.net\/wordpress\/wp-content\/uploads\/2024\/12\/GOLD1-3.mp3<\/a><\/audio>\n<p>&nbsp;<\/p>\n<p><strong>SECONDA PARTE<\/strong><\/p>\n<audio class=\"wp-audio-shortcode\" id=\"audio-427768-18\" preload=\"none\" style=\"width: 100%;\" controls=\"controls\"><source type=\"audio\/mpeg\" src=\"https:\/\/www.radiopiu.net\/wordpress\/wp-content\/uploads\/2024\/12\/GOLD2-3.mp3?_=18\" \/><a href=\"https:\/\/www.radiopiu.net\/wordpress\/wp-content\/uploads\/2024\/12\/GOLD2-3.mp3\">https:\/\/www.radiopiu.net\/wordpress\/wp-content\/uploads\/2024\/12\/GOLD2-3.mp3<\/a><\/audio>\n<p>&nbsp;<\/p>\n<p><strong>TERZA PARTE<\/strong><\/p>\n<audio class=\"wp-audio-shortcode\" id=\"audio-427768-19\" preload=\"none\" style=\"width: 100%;\" controls=\"controls\"><source type=\"audio\/mpeg\" src=\"https:\/\/www.radiopiu.net\/wordpress\/wp-content\/uploads\/2024\/12\/GOLD3-3.mp3?_=19\" \/><a href=\"https:\/\/www.radiopiu.net\/wordpress\/wp-content\/uploads\/2024\/12\/GOLD3-3.mp3\">https:\/\/www.radiopiu.net\/wordpress\/wp-content\/uploads\/2024\/12\/GOLD3-3.mp3<\/a><\/audio>\n<p>&nbsp;<\/p>\n<h2>LA RACCOLTA COMPLETA <a href=\"https:\/\/www.radiopiu.net\/wordpress\/music-a-b-c-il-mondo-della-musica-una-lettera-alla-volta-la-raccolta\/\"><span style=\"color: #3366ff;\">CLICCA QUI<\/span><\/a><\/h2>\n<p>&nbsp;<\/p>\n<hr \/>\n<p>&nbsp;<\/p>\n<h2><span style=\"color: #ff0000;\"><a class=\"dt-pswp-item\" href=\"https:\/\/www.radiopiu.net\/wordpress\/wp-content\/uploads\/2018\/09\/appuntamenti.jpeg\" data-dt-img-description=\"\" data-large_image_width=\"800\" data-large_image_height=\"100\"><img loading=\"lazy\" decoding=\"async\" class=\"wp-image-61958 size-full aligncenter\" src=\"https:\/\/www.radiopiu.net\/wordpress\/wp-content\/uploads\/2018\/09\/appuntamenti.jpeg\" alt=\"\" width=\"800\" height=\"100\" srcset=\"https:\/\/www.radiopiu.net\/wordpress\/wp-content\/uploads\/2018\/09\/appuntamenti.jpeg 800w, https:\/\/www.radiopiu.net\/wordpress\/wp-content\/uploads\/2018\/09\/appuntamenti-300x38.jpeg 300w, https:\/\/www.radiopiu.net\/wordpress\/wp-content\/uploads\/2018\/09\/appuntamenti-768x96.jpeg 768w\" sizes=\"auto, (max-width: 800px) 100vw, 800px\" \/><\/a><\/span><\/h2>\n<div dir=\"auto\"><strong>AL CINEMA DOLOMITI DI FALCADE LE GRANDI PELLICOLE DEL MOMENTO. OGGI VERRA&#8217; PROIETTATO IL FILM &#8220;CORTINA EXPRESS&#8221;. SPETTACOLO ALLE 21<\/strong><\/div>\n<div class=\"xdj266r x11i5rnm xat24cr x1mh8g0r x1vvkbs x126k92a\">\n<div dir=\"auto\"><\/div>\n<\/div>\n<div>\n<div class=\"\" dir=\"auto\">\n<div id=\":r9h:\" class=\"x1iorvi4 x1pi30zi x1l90r2v x1swvt13\" data-ad-comet-preview=\"message\" data-ad-preview=\"message\">\n<div>\n<div class=\"\" dir=\"auto\">\n<div id=\":r9h:\" class=\"x1iorvi4 x1pi30zi x1l90r2v x1swvt13\" data-ad-comet-preview=\"message\" data-ad-preview=\"message\">\n<div class=\"xdj266r x11i5rnm xat24cr x1mh8g0r x1vvkbs x126k92a\">\n<div dir=\"auto\"><\/div>\n<\/div>\n<div>\n<div class=\"\" dir=\"auto\">\n<div id=\":r9h:\" class=\"x1iorvi4 x1pi30zi x1l90r2v x1swvt13\" data-ad-comet-preview=\"message\" data-ad-preview=\"message\">\n<div>\n<div class=\"\" dir=\"auto\">\n<div id=\":r9h:\" class=\"x1iorvi4 x1pi30zi x1l90r2v x1swvt13\" data-ad-comet-preview=\"message\" data-ad-preview=\"message\">\n\n\t\t\t<style type='text\/css'>\n\t\t\t\t#gallery-7 {\n\t\t\t\t\tmargin: auto;\n\t\t\t\t}\n\t\t\t\t#gallery-7 .gallery-item {\n\t\t\t\t\tfloat: left;\n\t\t\t\t\tmargin-top: 10px;\n\t\t\t\t\ttext-align: center;\n\t\t\t\t\twidth: 25%;\n\t\t\t\t}\n\t\t\t\t#gallery-7 img {\n\t\t\t\t\tborder: 2px solid #cfcfcf;\n\t\t\t\t}\n\t\t\t\t#gallery-7 .gallery-caption {\n\t\t\t\t\tmargin-left: 0;\n\t\t\t\t}\n\t\t\t\t\/* see gallery_shortcode() in wp-includes\/media.php *\/\n\t\t\t<\/style>\n\t\t<div id='gallery-7' class='dt-gallery-container gallery galleryid-427768 gallery-columns-4 gallery-size-thumbnail'><dl class='gallery-item'>\n\t\t\t\t<dt class='gallery-icon portrait'>\n\t\t\t\t\t<a class=\"rollover rollover-zoom dt-pswp-item\" title=\"manifesto serate invernali\" data-dt-img-description=\"\" data-large_image_width=\"1683\" data-large_image_height=\"2383\"href='https:\/\/www.radiopiu.net\/wordpress\/wp-content\/uploads\/2024\/11\/manifesto-serate-invernali.jpg'><img loading=\"lazy\" decoding=\"async\" width=\"150\" height=\"150\" src=\"https:\/\/www.radiopiu.net\/wordpress\/wp-content\/uploads\/2024\/11\/manifesto-serate-invernali-150x150.jpg\" class=\"attachment-thumbnail size-thumbnail\" alt=\"\" aria-describedby=\"gallery-7-418816\" \/><\/a>\n\t\t\t\t<\/dt>\n\t\t\t\t\t<dd class='wp-caption-text gallery-caption' id='gallery-7-418816'>\n\t\t\t\t\t21 FEBBRAIO\n\t\t\t\t\t<\/dd><\/dl><dl class='gallery-item'>\n\t\t\t\t<dt class='gallery-icon portrait'>\n\t\t\t\t\t<a class=\"rollover rollover-zoom dt-pswp-item\" title=\"11 gennaio 2025 (2)\" data-dt-img-description=\"\" data-large_image_width=\"1414\" data-large_image_height=\"2000\"href='https:\/\/www.radiopiu.net\/wordpress\/wp-content\/uploads\/2024\/12\/11-gennaio-2025-2.jpg'><img loading=\"lazy\" decoding=\"async\" width=\"150\" height=\"150\" src=\"https:\/\/www.radiopiu.net\/wordpress\/wp-content\/uploads\/2024\/12\/11-gennaio-2025-2-150x150.jpg\" class=\"attachment-thumbnail size-thumbnail\" alt=\"\" aria-describedby=\"gallery-7-427238\" \/><\/a>\n\t\t\t\t<\/dt>\n\t\t\t\t\t<dd class='wp-caption-text gallery-caption' id='gallery-7-427238'>\n\t\t\t\t\tAL NOF FILO DI CENCENIGHE\n\t\t\t\t\t<\/dd><\/dl><dl class='gallery-item'>\n\t\t\t\t<dt class='gallery-icon portrait'>\n\t\t\t\t\t<a class=\"rollover rollover-zoom dt-pswp-item\" title=\"9b5dcf5f-116e-4a59-b5d7-914bfda9423a\" data-dt-img-description=\"\" data-large_image_width=\"1131\" data-large_image_height=\"1600\"href='https:\/\/www.radiopiu.net\/wordpress\/wp-content\/uploads\/2024\/12\/9b5dcf5f-116e-4a59-b5d7-914bfda9423a.jpg'><img loading=\"lazy\" decoding=\"async\" width=\"150\" height=\"150\" src=\"https:\/\/www.radiopiu.net\/wordpress\/wp-content\/uploads\/2024\/12\/9b5dcf5f-116e-4a59-b5d7-914bfda9423a-150x150.jpg\" class=\"attachment-thumbnail size-thumbnail\" alt=\"\" aria-describedby=\"gallery-7-426348\" \/><\/a>\n\t\t\t\t<\/dt>\n\t\t\t\t\t<dd class='wp-caption-text gallery-caption' id='gallery-7-426348'>\n\t\t\t\t\tIN PISCINA AD AGORDO\n\t\t\t\t\t<\/dd><\/dl><dl class='gallery-item'>\n\t\t\t\t<dt class='gallery-icon portrait'>\n\t\t\t\t\t<a class=\"rollover rollover-zoom dt-pswp-item\" title=\"Locandina Emma Canton Roberto De Nart 11 gennaio 2025\" data-dt-img-description=\"\" data-large_image_width=\"1447\" data-large_image_height=\"2048\"href='https:\/\/www.radiopiu.net\/wordpress\/wp-content\/uploads\/2024\/12\/Locandina-Emma-Canton-Roberto-De-Nart-11-gennaio-2025.jpg'><img loading=\"lazy\" decoding=\"async\" width=\"150\" height=\"150\" src=\"https:\/\/www.radiopiu.net\/wordpress\/wp-content\/uploads\/2024\/12\/Locandina-Emma-Canton-Roberto-De-Nart-11-gennaio-2025-150x150.jpg\" class=\"attachment-thumbnail size-thumbnail\" alt=\"\" aria-describedby=\"gallery-7-426749\" \/><\/a>\n\t\t\t\t<\/dt>\n\t\t\t\t\t<dd class='wp-caption-text gallery-caption' id='gallery-7-426749'>\n\t\t\t\t\tCON ROBERTO DE NART\n\t\t\t\t\t<\/dd><\/dl><br style=\"clear: both\" \/><dl class='gallery-item'>\n\t\t\t\t<dt class='gallery-icon landscape'>\n\t\t\t\t\t<a class=\"rollover rollover-zoom dt-pswp-item\" title=\"fcf6f9a2-c8e2-48da-bcc7-20c5d5161e50\" data-dt-img-description=\"\" data-large_image_width=\"1080\" data-large_image_height=\"1080\"href='https:\/\/www.radiopiu.net\/wordpress\/wp-content\/uploads\/2024\/12\/fcf6f9a2-c8e2-48da-bcc7-20c5d5161e50.jpg'><img loading=\"lazy\" decoding=\"async\" width=\"150\" height=\"150\" src=\"https:\/\/www.radiopiu.net\/wordpress\/wp-content\/uploads\/2024\/12\/fcf6f9a2-c8e2-48da-bcc7-20c5d5161e50-150x150.jpg\" class=\"attachment-thumbnail size-thumbnail\" alt=\"\" aria-describedby=\"gallery-7-426994\" srcset=\"https:\/\/www.radiopiu.net\/wordpress\/wp-content\/uploads\/2024\/12\/fcf6f9a2-c8e2-48da-bcc7-20c5d5161e50-150x150.jpg 150w, https:\/\/www.radiopiu.net\/wordpress\/wp-content\/uploads\/2024\/12\/fcf6f9a2-c8e2-48da-bcc7-20c5d5161e50-300x300.jpg 300w, https:\/\/www.radiopiu.net\/wordpress\/wp-content\/uploads\/2024\/12\/fcf6f9a2-c8e2-48da-bcc7-20c5d5161e50-1024x1024.jpg 1024w, https:\/\/www.radiopiu.net\/wordpress\/wp-content\/uploads\/2024\/12\/fcf6f9a2-c8e2-48da-bcc7-20c5d5161e50-768x768.jpg 768w, https:\/\/www.radiopiu.net\/wordpress\/wp-content\/uploads\/2024\/12\/fcf6f9a2-c8e2-48da-bcc7-20c5d5161e50.jpg 1080w\" sizes=\"auto, (max-width: 150px) 100vw, 150px\" \/><\/a>\n\t\t\t\t<\/dt>\n\t\t\t\t\t<dd class='wp-caption-text gallery-caption' id='gallery-7-426994'>\n\t\t\t\t\tA SAN TOMASO\n\t\t\t\t\t<\/dd><\/dl><dl class='gallery-item'>\n\t\t\t\t<dt class='gallery-icon portrait'>\n\t\t\t\t\t<a class=\"rollover rollover-zoom dt-pswp-item\" title=\"Mostra_Calalzo_Disegni_e_Poesie_dal_20_dicembre\" data-dt-img-description=\"\" data-large_image_width=\"595\" data-large_image_height=\"841\"href='https:\/\/www.radiopiu.net\/wordpress\/wp-content\/uploads\/2024\/12\/Mostra_Calalzo_Disegni_e_Poesie_dal_20_dicembre.jpg'><img loading=\"lazy\" decoding=\"async\" width=\"150\" height=\"150\" src=\"https:\/\/www.radiopiu.net\/wordpress\/wp-content\/uploads\/2024\/12\/Mostra_Calalzo_Disegni_e_Poesie_dal_20_dicembre-150x150.jpg\" class=\"attachment-thumbnail size-thumbnail\" alt=\"\" aria-describedby=\"gallery-7-427077\" \/><\/a>\n\t\t\t\t<\/dt>\n\t\t\t\t\t<dd class='wp-caption-text gallery-caption' id='gallery-7-427077'>\n\t\t\t\t\tA CALALZO DI CADORE\n\t\t\t\t\t<\/dd><\/dl><dl class='gallery-item'>\n\t\t\t\t<dt class='gallery-icon portrait'>\n\t\t\t\t\t<a class=\"rollover rollover-zoom dt-pswp-item\" title=\"Gennaio\" data-dt-img-description=\"\" data-large_image_width=\"841\" data-large_image_height=\"1190\"href='https:\/\/www.radiopiu.net\/wordpress\/wp-content\/uploads\/2024\/12\/Gennaio.jpg'><img loading=\"lazy\" decoding=\"async\" width=\"150\" height=\"150\" src=\"https:\/\/www.radiopiu.net\/wordpress\/wp-content\/uploads\/2024\/12\/Gennaio-150x150.jpg\" class=\"attachment-thumbnail size-thumbnail\" alt=\"\" aria-describedby=\"gallery-7-427015\" \/><\/a>\n\t\t\t\t<\/dt>\n\t\t\t\t\t<dd class='wp-caption-text gallery-caption' id='gallery-7-427015'>\n\t\t\t\t\tA GENNAIO A FELTRE\n\t\t\t\t\t<\/dd><\/dl><dl class='gallery-item'>\n\t\t\t\t<dt class='gallery-icon portrait'>\n\t\t\t\t\t<a class=\"rollover rollover-zoom dt-pswp-item\" title=\"PAVARUI 2025\" data-dt-img-description=\"\" data-large_image_width=\"1414\" data-large_image_height=\"2000\"href='https:\/\/www.radiopiu.net\/wordpress\/wp-content\/uploads\/2024\/12\/PAVARUI-2025.png'><img loading=\"lazy\" decoding=\"async\" width=\"150\" height=\"150\" src=\"https:\/\/www.radiopiu.net\/wordpress\/wp-content\/uploads\/2024\/12\/PAVARUI-2025-150x150.png\" class=\"attachment-thumbnail size-thumbnail\" alt=\"\" aria-describedby=\"gallery-7-427237\" \/><\/a>\n\t\t\t\t<\/dt>\n\t\t\t\t\t<dd class='wp-caption-text gallery-caption' id='gallery-7-427237'>\n\t\t\t\t\tI PAVARUI A CENCENIGHE\n\t\t\t\t\t<\/dd><\/dl><br style=\"clear: both\" \/><dl class='gallery-item'>\n\t\t\t\t<dt class='gallery-icon portrait'>\n\t\t\t\t\t<a class=\"rollover rollover-zoom dt-pswp-item\" title=\"feltre fontana 25y\" data-dt-img-description=\"\" data-large_image_width=\"1810\" data-large_image_height=\"2560\"href='https:\/\/www.radiopiu.net\/wordpress\/wp-content\/uploads\/2024\/12\/feltre-fontana-25y-scaled.jpg'><img loading=\"lazy\" decoding=\"async\" width=\"150\" height=\"150\" src=\"https:\/\/www.radiopiu.net\/wordpress\/wp-content\/uploads\/2024\/12\/feltre-fontana-25y-150x150.jpg\" class=\"attachment-thumbnail size-thumbnail\" alt=\"\" aria-describedby=\"gallery-7-427426\" \/><\/a>\n\t\t\t\t<\/dt>\n\t\t\t\t\t<dd class='wp-caption-text gallery-caption' id='gallery-7-427426'>\n\t\t\t\t\tIL 6 GENNAIO A FELTRE\n\t\t\t\t\t<\/dd><\/dl><dl class='gallery-item'>\n\t\t\t\t<dt class='gallery-icon portrait'>\n\t\t\t\t\t<a class=\"rollover rollover-zoom dt-pswp-item\" title=\"befana+\" data-dt-img-description=\"\" data-large_image_width=\"1131\" data-large_image_height=\"1600\"href='https:\/\/www.radiopiu.net\/wordpress\/wp-content\/uploads\/2024\/12\/befana.jpg'><img loading=\"lazy\" decoding=\"async\" width=\"150\" height=\"150\" src=\"https:\/\/www.radiopiu.net\/wordpress\/wp-content\/uploads\/2024\/12\/befana-150x150.jpg\" class=\"attachment-thumbnail size-thumbnail\" alt=\"\" aria-describedby=\"gallery-7-427437\" \/><\/a>\n\t\t\t\t<\/dt>\n\t\t\t\t\t<dd class='wp-caption-text gallery-caption' id='gallery-7-427437'>\n\t\t\t\t\tLA BEFANA SUI PATTINI\n\t\t\t\t\t<\/dd><\/dl><dl class='gallery-item'>\n\t\t\t\t<dt class='gallery-icon portrait'>\n\t\t\t\t\t<a class=\"rollover rollover-zoom dt-pswp-item\" title=\"befana1\" data-dt-img-description=\"\" data-large_image_width=\"1414\" data-large_image_height=\"2000\"href='https:\/\/www.radiopiu.net\/wordpress\/wp-content\/uploads\/2024\/12\/befana1.jpg'><img loading=\"lazy\" decoding=\"async\" width=\"150\" height=\"150\" src=\"https:\/\/www.radiopiu.net\/wordpress\/wp-content\/uploads\/2024\/12\/befana1-150x150.jpg\" class=\"attachment-thumbnail size-thumbnail\" alt=\"\" aria-describedby=\"gallery-7-427438\" \/><\/a>\n\t\t\t\t<\/dt>\n\t\t\t\t\t<dd class='wp-caption-text gallery-caption' id='gallery-7-427438'>\n\t\t\t\t\tBEFANA A CANALE\n\t\t\t\t\t<\/dd><\/dl><dl class='gallery-item'>\n\t\t\t\t<dt class='gallery-icon portrait'>\n\t\t\t\t\t<a class=\"rollover rollover-zoom dt-pswp-item\" title=\"d1e2d083-7420-4a1f-bfd0-4fe5c94ba05c\" data-dt-img-description=\"\" data-large_image_width=\"720\" data-large_image_height=\"1040\"href='https:\/\/www.radiopiu.net\/wordpress\/wp-content\/uploads\/2025\/01\/d1e2d083-7420-4a1f-bfd0-4fe5c94ba05c.jpg'><img loading=\"lazy\" decoding=\"async\" width=\"150\" height=\"150\" src=\"https:\/\/www.radiopiu.net\/wordpress\/wp-content\/uploads\/2025\/01\/d1e2d083-7420-4a1f-bfd0-4fe5c94ba05c-150x150.jpg\" class=\"attachment-thumbnail size-thumbnail\" alt=\"\" aria-describedby=\"gallery-7-427705\" \/><\/a>\n\t\t\t\t<\/dt>\n\t\t\t\t\t<dd class='wp-caption-text gallery-caption' id='gallery-7-427705'>\n\t\t\t\t\tPAVAROI A TAIBON\n\t\t\t\t\t<\/dd><\/dl><br style=\"clear: both\" \/><dl class='gallery-item'>\n\t\t\t\t<dt class='gallery-icon portrait'>\n\t\t\t\t\t<a class=\"rollover rollover-zoom dt-pswp-item\" title=\"0e1fe843-5c42-48ad-80bf-6606bbbc8f60\" data-dt-img-description=\"\" data-large_image_width=\"600\" data-large_image_height=\"900\"href='https:\/\/www.radiopiu.net\/wordpress\/wp-content\/uploads\/2025\/01\/0e1fe843-5c42-48ad-80bf-6606bbbc8f60.jpg'><img loading=\"lazy\" decoding=\"async\" width=\"150\" height=\"150\" src=\"https:\/\/www.radiopiu.net\/wordpress\/wp-content\/uploads\/2025\/01\/0e1fe843-5c42-48ad-80bf-6606bbbc8f60-150x150.jpg\" class=\"attachment-thumbnail size-thumbnail\" alt=\"\" aria-describedby=\"gallery-7-427715\" \/><\/a>\n\t\t\t\t<\/dt>\n\t\t\t\t\t<dd class='wp-caption-text gallery-caption' id='gallery-7-427715'>\n\t\t\t\t\tPAGARUOI A LASTE\n\t\t\t\t\t<\/dd><\/dl><dl class='gallery-item'>\n\t\t\t\t<dt class='gallery-icon landscape'>\n\t\t\t\t\t<a class=\"rollover rollover-zoom dt-pswp-item\" title=\"99b0a471a462a0d303503e9fc6957a8328966119\" data-dt-img-description=\"\" data-large_image_width=\"841\" data-large_image_height=\"595\"href='https:\/\/www.radiopiu.net\/wordpress\/wp-content\/uploads\/2025\/01\/99b0a471a462a0d303503e9fc6957a8328966119.jpg'><img loading=\"lazy\" decoding=\"async\" width=\"150\" height=\"150\" src=\"https:\/\/www.radiopiu.net\/wordpress\/wp-content\/uploads\/2025\/01\/99b0a471a462a0d303503e9fc6957a8328966119-150x150.jpg\" class=\"attachment-thumbnail size-thumbnail\" alt=\"\" aria-describedby=\"gallery-7-427687\" \/><\/a>\n\t\t\t\t<\/dt>\n\t\t\t\t\t<dd class='wp-caption-text gallery-caption' id='gallery-7-427687'>\n\t\t\t\t\tIN SALA VALMASSONI A LA VALLE\n\t\t\t\t\t<\/dd><\/dl>\n\t\t\t\t<br style='clear: both' \/>\n\t\t\t<\/div>\n\n<\/div>\n<\/div>\n<\/div>\n<p>&nbsp;<\/p>\n<\/div>\n<\/div>\n<\/div>\n<\/div>\n<\/div>\n<\/div>\n<\/div>\n<\/div>\n<\/div>\n<p>&nbsp;<\/p>\n<p>&nbsp;<\/p>\n<hr \/>\n<p>&nbsp;<\/p>\n<p class=\"mceTemp\"><a class=\"dt-pswp-item\" href=\"https:\/\/www.radiopiu.net\/wordpress\/wp-content\/uploads\/2018\/09\/WhatsApp-Image-2018-09-20-at-16.04.06.jpeg\" data-dt-img-description=\"\" data-large_image_width=\"800\" data-large_image_height=\"100\"><img loading=\"lazy\" decoding=\"async\" class=\"wp-image-61378 size-full aligncenter\" src=\"https:\/\/www.radiopiu.net\/wordpress\/wp-content\/uploads\/2018\/09\/WhatsApp-Image-2018-09-20-at-16.04.06.jpeg\" alt=\"\" width=\"800\" height=\"100\" srcset=\"https:\/\/www.radiopiu.net\/wordpress\/wp-content\/uploads\/2018\/09\/WhatsApp-Image-2018-09-20-at-16.04.06.jpeg 800w, https:\/\/www.radiopiu.net\/wordpress\/wp-content\/uploads\/2018\/09\/WhatsApp-Image-2018-09-20-at-16.04.06-300x38.jpeg 300w, https:\/\/www.radiopiu.net\/wordpress\/wp-content\/uploads\/2018\/09\/WhatsApp-Image-2018-09-20-at-16.04.06-768x96.jpeg 768w\" sizes=\"auto, (max-width: 800px) 100vw, 800px\" \/><\/a><\/p>\n<p><center><\/center><center><\/center><center><b>\u00a0<\/b><\/center><center><b>OGGI<\/b><\/center>Bel tempo di stampo invernale con sole, cielo sereno, aria limpida ed ottima visibilit\u00e0 al mattino. In seguito arrivo di nubi alte, anche medio-alte nel tardo pomeriggio\/sera, quando il cielo tender\u00e0 a coprirsi del tutto.<br \/>\n<b>Precipitazioni: <\/b>Assenti<br \/>\n<b>Temperature: <\/b>In ulteriore calo con contesto notturno gelido in tutti i settori innevati (-10\/-14\u00b0C a 1100-1500 m), far\u00e0 freddo anche nei fondovalle prealpini (-6\/-9\u00b0C). Sulla scia delle minime, anche le massime saranno in calo e in molte valli non ci sar\u00e0 disgelo diurno. Le cime pi\u00f9 alte faranno eccezione per un contenuto generale rialzo termico.<\/p>\n<hr \/>\n<p><center><b>DOMANI<\/b><\/center>Al mattino qualche tratto di sereno, nonostante l&#8217;aumento della nuvolosit\u00e0 stratiforme medio-alta fino a cielo molto nuvoloso, dapprima per nubi medio-alte, ma anche per crescente presenza di stratocumuli ad una certa riduzione della visibilit\u00e0 in alta montagna. Alla sera non esclusi deboli fenomeni su Prealpi occidentali.<br \/>\n<b>Precipitazioni: <\/b>Generalmente assenti<br \/>\n<b>Temperature: <\/b>In generale ripresa in quota, mentre il freddo, seppur assai minore all&#8217;alba rispetto a sabato nelle valli, sar\u00e0 in parte sedimentato e le massime potrebbero non subire grandi variazioni.<\/p>\n<hr \/>\n<p><center><b>LUNEDI<\/b><\/center>Lieve peggioramento del tempo con cielo coperto e deboli precipitazioni, gi\u00e0 al mattino, sempre pi\u00f9 diffuse con il passare delle ore. Il limite neve salir\u00e0 dagli iniziali 800-1000 m fino a 1200-1500 m, senza escludere il rischio di gelicidio in molte valli. Temperature senza notevoli variazioni rispetto a domenica, salvo aumento delle minime nelle valli.<\/p>\n<hr \/>\n<p><center><b>MARTEDI<\/b><\/center>Maltempo, in attenuazione al pomeriggio, prima di schiarite serali. Il cielo sar\u00e0 quindi coperto con precipitazioni diffuse, spesso deboli e solo a tratti moderate. Il limite neve osciller\u00e0 tra i 1200 e 1400 m su Prealpi ed i 1000-1200 m su Dolomiti, temporaneamente a quote leggermente pi\u00f9 basse nelle fasi di maggiore intensit\u00e0. Temperature minime in rialzo e massime in leggero calo.<\/p>\n<p>&nbsp;<\/p>\n<p>&nbsp;<\/p>\n<hr \/>\n<p>&nbsp;<\/p>\n<p>&nbsp;<\/p>\n<p class=\"mceTemp\"><a class=\"dt-pswp-item\" href=\"https:\/\/www.radiopiu.net\/wordpress\/wp-content\/uploads\/2018\/09\/sport.jpg\" data-dt-img-description=\"\" data-large_image_width=\"800\" data-large_image_height=\"100\"><img loading=\"lazy\" decoding=\"async\" class=\"aligncenter wp-image-60761 size-full\" src=\"https:\/\/www.radiopiu.net\/wordpress\/wp-content\/uploads\/2018\/09\/sport.jpg\" alt=\"\" width=\"800\" height=\"100\" srcset=\"https:\/\/www.radiopiu.net\/wordpress\/wp-content\/uploads\/2018\/09\/sport.jpg 800w, https:\/\/www.radiopiu.net\/wordpress\/wp-content\/uploads\/2018\/09\/sport-300x38.jpg 300w, https:\/\/www.radiopiu.net\/wordpress\/wp-content\/uploads\/2018\/09\/sport-768x96.jpg 768w\" sizes=\"auto, (max-width: 800px) 100vw, 800px\" \/> <\/a><\/p>\n<p class=\"mceTemp\"><span style=\"color: #0000ff;\"><strong>\u00a0\u00a0<\/strong><\/span><\/p>\n<p><span style=\"color: #0000ff;\"><strong>HOCKEY SU GHIACCIO<\/strong><\/span><\/p>\n<blockquote>\n<h3>INIZIA IL MASTER ROUND DELLE CIVETTE. AD ALLEGHE ARRIVA L&#8217;AOSTA<\/h3>\n<\/blockquote>\n<p><strong><a class=\"dt-pswp-item\" href=\"https:\/\/www.radiopiu.net\/wordpress\/wp-content\/uploads\/2025\/01\/ac977180-8bfd-4147-af3e-a0ef8b46caee.jpg\" data-dt-img-description=\"\" data-large_image_width=\"940\" data-large_image_height=\"534\"><img loading=\"lazy\" decoding=\"async\" class=\" wp-image-427765 alignleft\" src=\"https:\/\/www.radiopiu.net\/wordpress\/wp-content\/uploads\/2025\/01\/ac977180-8bfd-4147-af3e-a0ef8b46caee-300x170.jpg\" alt=\"\" width=\"191\" height=\"108\" srcset=\"https:\/\/www.radiopiu.net\/wordpress\/wp-content\/uploads\/2025\/01\/ac977180-8bfd-4147-af3e-a0ef8b46caee-300x170.jpg 300w, https:\/\/www.radiopiu.net\/wordpress\/wp-content\/uploads\/2025\/01\/ac977180-8bfd-4147-af3e-a0ef8b46caee-768x436.jpg 768w, https:\/\/www.radiopiu.net\/wordpress\/wp-content\/uploads\/2025\/01\/ac977180-8bfd-4147-af3e-a0ef8b46caee.jpg 940w\" sizes=\"auto, (max-width: 191px) 100vw, 191px\" \/><\/a>DI ROBERTO MIANA, PORTAVOCE DELL&#8217;ALLEGHE HOCKEY<\/strong><\/p>\n<p>Prima giornata di Master Round del campionato IHL di hockey su ghiaccio. Sabato 4 gennaio alle 20:30 l\u2019Alleghe ospita l\u2019Aosta. Seconda fase di campionato con le squadre che ripartiranno con in dote un terzo dei punti conquistati nella Regular Season, arrotondati per difetto. Le prime sei compagini disputeranno un mini torneo con gare di andata e ritorno denominato Master Round, mentre le altre sette si affronteranno nel Qualification Round. Al termine di questa seconda fase, le sei squadre del Master Round pi\u00f9 le prime due classificate del Qualification Round daranno vita ai Playoff. L\u2019Alleghe, ha chiuso la stagione regolare con un\u2019indolore sconfitta casalinga 2-4 contro il Valdifiemme, dopo una gara dominata a livello di gioco e di tiri verso la porta avversaria, ma non per quanto riguarda il risultato. Classifica finale con le Civette al sesto posto e la terza difesa meno battuta. Migliori marcatori dell\u2019Alleghe il finlandese Totte Moberg a 12 reti, seguito dal cencenighese Francesco Soppelsa con 11 centri. L\u2019Aosta, prossimo avversario dei Biancorossi, nell\u2019ultimo turno ha travolto il malcapitato Bressanone 9-1, concludendo la prima fase di stagione al secondo posto in classifica (dietro solo al Caldaro), con il miglior attacco (160 reti in 24 gare) e la seconda miglior difesa. Numeri straordinari per l\u2019italo-statunitense Nicholas Nardella che fino ad ora ha messo a referto 30 reti + 40 assist e l\u2019alleghese Edgar De Toni, che in maglia Gladiators sta vivendo una stagione straordinaria, anche lui a quota 30 marcature. Gli unici precedenti giocati in IHL tra Alleghe e Aosta risalgono alla Regular Season, con due vittorie dei Gladiators: 6-2 ad Aosta e 5-4 all\u2019overtime ad Alleghe.<\/p>\n<p><strong>ALLEGHE HOCKEY &#8211; HC AOSTA <\/strong>Sabato 4 Gennaio ore 20:30 &#8211; Palaghiaccio Alvise De Toni di Alleghe (BL). Arbitri: Massimo De Col e Turo Samuel Virta con giudici di linea Matteo De Cristofaro e Gabriel Farkas. Collegamenti in DIRETTA RADIOFONICA su Radio Pi\u00f9 (www.radiopiu.net) con \u201chockey al punto giusto\u201d, in studio Marco Gaz e da Alleghe interventi di Federico Paganin<\/p>\n<p>&nbsp;<\/p>\n","protected":false},"excerpt":{"rendered":"<p>******** &nbsp; LA\u00a0 APP PER IOS-IPHONE di Nicola Vettorello https:\/\/apps.apple.com\/it\/app\/radio-pi%C3%B9-emittente-agordina\/id1515939845 LA\u00a0 APP RADIO\u00a0 PER ANDROID di Nicola Vettorello https:\/\/play.google.com\/store\/apps\/details?id=net.radiopiu.iniko\u00a0\u00a0\u00a0 &nbsp; &nbsp; &nbsp; &nbsp; OGGI ALLA RADIO: 14 Electrochok con DJ Jack, 15 La Classifica con Marco Gaz, 20:30 Hockey Al Punto Giusto la partita Alleghe &#8211; Aosta\u00a0 rassegna stampa nazionale, ogni giorno alle 5 e&hellip;<\/p>\n","protected":false},"author":4,"featured_media":427908,"comment_status":"closed","ping_status":"closed","sticky":false,"template":"","format":"standard","meta":{"_monsterinsights_skip_tracking":false,"_monsterinsights_sitenote_active":false,"_monsterinsights_sitenote_note":"","_monsterinsights_sitenote_category":0,"footnotes":""},"categories":[51,86,49],"tags":[],"class_list":["post-427768","post","type-post","status-publish","format-standard","has-post-thumbnail","hentry","category-evidenza-top","category-gr","category-news-18","category-51","category-86","category-49","description-off"],"img_url":"https:\/\/www.radiopiu.net\/wordpress\/wp-content\/uploads\/2025\/01\/253e6d09-63a6-4235-a756-9f25a939d8fb.jpg","_links":{"self":[{"href":"https:\/\/www.radiopiu.net\/wordpress\/wp-json\/wp\/v2\/posts\/427768","targetHints":{"allow":["GET"]}}],"collection":[{"href":"https:\/\/www.radiopiu.net\/wordpress\/wp-json\/wp\/v2\/posts"}],"about":[{"href":"https:\/\/www.radiopiu.net\/wordpress\/wp-json\/wp\/v2\/types\/post"}],"author":[{"embeddable":true,"href":"https:\/\/www.radiopiu.net\/wordpress\/wp-json\/wp\/v2\/users\/4"}],"replies":[{"embeddable":true,"href":"https:\/\/www.radiopiu.net\/wordpress\/wp-json\/wp\/v2\/comments?post=427768"}],"version-history":[{"count":40,"href":"https:\/\/www.radiopiu.net\/wordpress\/wp-json\/wp\/v2\/posts\/427768\/revisions"}],"predecessor-version":[{"id":428054,"href":"https:\/\/www.radiopiu.net\/wordpress\/wp-json\/wp\/v2\/posts\/427768\/revisions\/428054"}],"wp:featuredmedia":[{"embeddable":true,"href":"https:\/\/www.radiopiu.net\/wordpress\/wp-json\/wp\/v2\/media\/427908"}],"wp:attachment":[{"href":"https:\/\/www.radiopiu.net\/wordpress\/wp-json\/wp\/v2\/media?parent=427768"}],"wp:term":[{"taxonomy":"category","embeddable":true,"href":"https:\/\/www.radiopiu.net\/wordpress\/wp-json\/wp\/v2\/categories?post=427768"},{"taxonomy":"post_tag","embeddable":true,"href":"https:\/\/www.radiopiu.net\/wordpress\/wp-json\/wp\/v2\/tags?post=427768"}],"curies":[{"name":"wp","href":"https:\/\/api.w.org\/{rel}","templated":true}]}}