{"id":427777,"date":"2025-01-03T10:16:41","date_gmt":"2025-01-03T09:16:41","guid":{"rendered":"https:\/\/www.radiopiu.net\/wordpress\/?p=427777"},"modified":"2025-01-03T10:16:41","modified_gmt":"2025-01-03T09:16:41","slug":"i-belumat-international-raccontati-da-giorgio-fornasier","status":"publish","type":"post","link":"https:\/\/www.radiopiu.net\/wordpress\/i-belumat-international-raccontati-da-giorgio-fornasier\/","title":{"rendered":"I BELUMAT INTERNATIONAL RACCONTATI DA GIORGIO FORNASIER"},"content":{"rendered":"<p>******<\/p>\n<p>&nbsp;<\/p>\n<p><strong><a class=\"dt-pswp-item\" href=\"https:\/\/www.radiopiu.net\/wordpress\/wp-content\/uploads\/2025\/01\/Duo-Belumat-940.jpg\" data-dt-img-description=\"\" data-large_image_width=\"1300\" data-large_image_height=\"1871\"><img loading=\"lazy\" decoding=\"async\" class=\" wp-image-427778 alignleft\" src=\"https:\/\/www.radiopiu.net\/wordpress\/wp-content\/uploads\/2025\/01\/Duo-Belumat-940-208x300.jpg\" alt=\"\" width=\"142\" height=\"205\" srcset=\"https:\/\/www.radiopiu.net\/wordpress\/wp-content\/uploads\/2025\/01\/Duo-Belumat-940-208x300.jpg 208w, https:\/\/www.radiopiu.net\/wordpress\/wp-content\/uploads\/2025\/01\/Duo-Belumat-940-711x1024.jpg 711w, https:\/\/www.radiopiu.net\/wordpress\/wp-content\/uploads\/2025\/01\/Duo-Belumat-940-768x1105.jpg 768w, https:\/\/www.radiopiu.net\/wordpress\/wp-content\/uploads\/2025\/01\/Duo-Belumat-940-1067x1536.jpg 1067w, https:\/\/www.radiopiu.net\/wordpress\/wp-content\/uploads\/2025\/01\/Duo-Belumat-940.jpg 1300w\" sizes=\"auto, (max-width: 142px) 100vw, 142px\" \/><\/a>SOSPIROLO <\/strong>Venerd\u00ec<strong>\u00a01<\/strong>7 gennaio 2025, per la Giornata nazionale del Dialetto e delle lingue vocali promossa dalle Pro loco d\u2019Italia,\u00a0\u00a0al\u00a0Centro civico di Sospirolo, con inizio alle\u00a020.45, sar\u00e0 presentato al pubblico il film documentario biografico \u201cI Belumat International raccontati da Giorgio Fornasier\u201d. La serata \u00e8 dedicata a Gianluigi Secco, pi\u00f9 volte collaboratore della Pro Loco e presidente di giuria del Concorso letterario \u201cSospirolo tra leggende e misteri\u201d. Il documentario \u00e8 stato prodotto dal Dipartimento dei Beni Culturali dell\u2019Universit\u00e0 degli Studi di Padova, insieme all\u2019Isbrec. La Pro Loco Monti del Sole con la collaborazione del Comune di Sospirolo patrocina questa operazione culturale offrendo la serata al pubblico con\u00a0entrata libera fino ad esaurimento dei posti a sedere (non \u00e8 prevista prenotazione). Partecipa all\u2019organizzazione anche l\u2019Associazione Bellunesi nel Mondo. Il documentario verr\u00e0 presentato dal prof.\u00a0Mirco Melanco. Al termine della visione, ci sar\u00e0 l\u2019intervento degli\u00a0studenti\u00a0che lo hanno realizzato e un dibattito con Giorgio Fornasier, alcuni amici dei Belumat e i rappresentanti di istituzioni ed enti che organizzano l\u2019evento.<\/p>\n<p style=\"font-weight: 400;\"><strong>Il documentario<\/strong><\/p>\n<p><a class=\"dt-pswp-item\" href=\"https:\/\/www.radiopiu.net\/wordpress\/wp-content\/uploads\/2025\/01\/LogoNazionale.jpg\" data-dt-img-description=\"\" data-large_image_width=\"1007\" data-large_image_height=\"732\"><img loading=\"lazy\" decoding=\"async\" class=\" wp-image-427779 alignright\" src=\"https:\/\/www.radiopiu.net\/wordpress\/wp-content\/uploads\/2025\/01\/LogoNazionale-300x218.jpg\" alt=\"\" width=\"213\" height=\"155\" srcset=\"https:\/\/www.radiopiu.net\/wordpress\/wp-content\/uploads\/2025\/01\/LogoNazionale-300x218.jpg 300w, https:\/\/www.radiopiu.net\/wordpress\/wp-content\/uploads\/2025\/01\/LogoNazionale-768x558.jpg 768w, https:\/\/www.radiopiu.net\/wordpress\/wp-content\/uploads\/2025\/01\/LogoNazionale.jpg 1007w\" sizes=\"auto, (max-width: 213px) 100vw, 213px\" \/><\/a>Sei studenti del Dams frequentanti il\u00a0Laboratorio per la realizzazione di documentari\u00a0hanno realizzato, in circa un anno e mezzo di lavoro complessivo, questo filmato frutto di una lunga ricerca che lega il duo musicale bellunese all\u2019identit\u00e0 veneta in Patria e nel Mondo. Il tema centrale su cui si sviluppa la trama del film \u00e8 la grandissima popolarit\u00e0 che i BELUMAT hanno in tante nazioni dove sono emigrati i veneti nel corso degli ultimi due secoli. Il tema dell\u2019emigrazione e del successo raggiunto dai Belumat anche all\u2019estero, in quasi quattro decenni di attivit\u00e0, caratterizza la trama su cui si sviluppa questo film. Questa produzione ha molto coinvolto gli studenti che l\u2019hanno realizzata, con lo scopo di mantenere in futuro memoria di tanta capacit\u00e0 artistica nel trasmettere la cultura e l\u2019identit\u00e0 veneta al mondo intero. Essendo, qualche hanno fa, scomparso Gianluigi (Gianni) Secco, autore dei testi delle canzoni, \u00e8 toccato a Giorgio Fornasier, tenore e chitarrista, narrare la loro storia iniziata nel 1958. Il racconto spiega come I Belumat siano stati capaci di originare uno stile musicale e un linguaggio dialettale unico che \u00e8 stato compreso e amato laddove si parla \u2018talian, in Paesi come Argentina, Brasile, Messico, Canada, Arabia Saudita, per citarne alcuni di cui si parla nel filmato.<\/p>\n<p>&nbsp;<\/p>\n<p>&nbsp;<\/p>\n<p>&nbsp;<\/p>\n<p>********<\/p>\n","protected":false},"excerpt":{"rendered":"<p>****** &nbsp; SOSPIROLO Venerd\u00ec\u00a017 gennaio 2025, per la Giornata nazionale del Dialetto e delle lingue vocali promossa dalle Pro loco d\u2019Italia,\u00a0\u00a0al\u00a0Centro civico di Sospirolo, con inizio alle\u00a020.45, sar\u00e0 presentato al pubblico il film documentario biografico \u201cI Belumat International raccontati da Giorgio Fornasier\u201d. La serata \u00e8 dedicata a Gianluigi Secco, pi\u00f9 volte collaboratore della Pro Loco&hellip;<\/p>\n","protected":false},"author":4,"featured_media":427780,"comment_status":"closed","ping_status":"closed","sticky":false,"template":"","format":"standard","meta":{"_monsterinsights_skip_tracking":false,"_monsterinsights_sitenote_active":false,"_monsterinsights_sitenote_note":"","_monsterinsights_sitenote_category":0,"footnotes":""},"categories":[49],"tags":[],"class_list":["post-427777","post","type-post","status-publish","format-standard","has-post-thumbnail","hentry","category-news-18","category-49","description-off"],"img_url":"https:\/\/www.radiopiu.net\/wordpress\/wp-content\/uploads\/2025\/01\/SCR-20250103-jkvq.jpeg","_links":{"self":[{"href":"https:\/\/www.radiopiu.net\/wordpress\/wp-json\/wp\/v2\/posts\/427777","targetHints":{"allow":["GET"]}}],"collection":[{"href":"https:\/\/www.radiopiu.net\/wordpress\/wp-json\/wp\/v2\/posts"}],"about":[{"href":"https:\/\/www.radiopiu.net\/wordpress\/wp-json\/wp\/v2\/types\/post"}],"author":[{"embeddable":true,"href":"https:\/\/www.radiopiu.net\/wordpress\/wp-json\/wp\/v2\/users\/4"}],"replies":[{"embeddable":true,"href":"https:\/\/www.radiopiu.net\/wordpress\/wp-json\/wp\/v2\/comments?post=427777"}],"version-history":[{"count":1,"href":"https:\/\/www.radiopiu.net\/wordpress\/wp-json\/wp\/v2\/posts\/427777\/revisions"}],"predecessor-version":[{"id":427781,"href":"https:\/\/www.radiopiu.net\/wordpress\/wp-json\/wp\/v2\/posts\/427777\/revisions\/427781"}],"wp:featuredmedia":[{"embeddable":true,"href":"https:\/\/www.radiopiu.net\/wordpress\/wp-json\/wp\/v2\/media\/427780"}],"wp:attachment":[{"href":"https:\/\/www.radiopiu.net\/wordpress\/wp-json\/wp\/v2\/media?parent=427777"}],"wp:term":[{"taxonomy":"category","embeddable":true,"href":"https:\/\/www.radiopiu.net\/wordpress\/wp-json\/wp\/v2\/categories?post=427777"},{"taxonomy":"post_tag","embeddable":true,"href":"https:\/\/www.radiopiu.net\/wordpress\/wp-json\/wp\/v2\/tags?post=427777"}],"curies":[{"name":"wp","href":"https:\/\/api.w.org\/{rel}","templated":true}]}}