{"id":427818,"date":"2025-01-04T05:15:33","date_gmt":"2025-01-04T04:15:33","guid":{"rendered":"https:\/\/www.radiopiu.net\/wordpress\/?p=427818"},"modified":"2025-01-04T06:01:51","modified_gmt":"2025-01-04T05:01:51","slug":"una-giornata-nera-sulle-piste-da-sci","status":"publish","type":"post","link":"https:\/\/www.radiopiu.net\/wordpress\/una-giornata-nera-sulle-piste-da-sci\/","title":{"rendered":"UNA GIORNATA NERA SULLE PISTE DA SCI. 25 GLI INTERVENTI NEI COMPRENSORI SCIISTICI DELLA PROVINCIA"},"content":{"rendered":"<p>*******<\/p>\n<p>&nbsp;<\/p>\n<p><strong><a class=\"dt-pswp-item\" href=\"https:\/\/www.radiopiu.net\/wordpress\/wp-content\/uploads\/2023\/08\/suem.png\" data-dt-img-description=\"\" data-large_image_width=\"273\" data-large_image_height=\"127\"><img loading=\"lazy\" decoding=\"async\" class=\" wp-image-348238 alignleft\" src=\"https:\/\/www.radiopiu.net\/wordpress\/wp-content\/uploads\/2023\/08\/suem.png\" alt=\"\" width=\"198\" height=\"92\" \/><\/a>REDAZIONE<\/strong> Nelle ultime 24 ore sono stati 6 gli interventi degli elicotteri del Suem 118. Poco prima delle 10 l&#8217;elicottero Falco 2 si \u00e8 diretto a Falcede, pian Sussistenza, dove uno sciatore di 24 anni originario di Treviso si era fatto male. Il giovane \u00e8 stato elitrasportato al San Martino di Belluno con ferite di media gravit\u00e0. Poco dopo le 11 un altro intervento. Questa vota Falco 2 si \u00e8 diretto sul Padon dove un 75enne trevigiano aveva accusato un malore. Alle 11:40 \u00e8 intervenuto l&#8217;elicottero Leone sulle piste di Arabba per soccorrere una 50enne di Bari che dopo uno scontro sugli sci si era fatta male. Un uomo lituano di 52 anni \u00e8 stato invece elitrasportato a Belluno in seguito ad un trauma cranico sulla pista di Forni di Sopra. Alle 15 Falco 2 \u00e8 volato ad Arabba per una 34enne di Latina caduta in pista. Ultimo intervento alle 15:10 a Falcade dove Falco 1 ha elitrasportato ad Agordo un 23enne di venezia, anch&#8217;esso infortunato sulle piste. In totale sono stati 25 gli interventi effettuati sui comprensori sciistici della provincia.<\/p>\n<p>&nbsp;<\/p>\n<p>&nbsp;<\/p>\n<p>********<\/p>\n","protected":false},"excerpt":{"rendered":"<p>******* &nbsp; REDAZIONE Nelle ultime 24 ore sono stati 6 gli interventi degli elicotteri del Suem 118. Poco prima delle 10 l&#8217;elicottero Falco 2 si \u00e8 diretto a Falcede, pian Sussistenza, dove uno sciatore di 24 anni originario di Treviso si era fatto male. Il giovane \u00e8 stato elitrasportato al San Martino di Belluno con&hellip;<\/p>\n","protected":false},"author":4,"featured_media":398172,"comment_status":"closed","ping_status":"closed","sticky":false,"template":"","format":"standard","meta":{"_monsterinsights_skip_tracking":false,"_monsterinsights_sitenote_active":false,"_monsterinsights_sitenote_note":"","_monsterinsights_sitenote_category":0,"footnotes":""},"categories":[51,49],"tags":[],"class_list":["post-427818","post","type-post","status-publish","format-standard","has-post-thumbnail","hentry","category-evidenza-top","category-news-18","category-51","category-49","description-off"],"img_url":"https:\/\/www.radiopiu.net\/wordpress\/wp-content\/uploads\/2024\/07\/SALT.jpeg","_links":{"self":[{"href":"https:\/\/www.radiopiu.net\/wordpress\/wp-json\/wp\/v2\/posts\/427818","targetHints":{"allow":["GET"]}}],"collection":[{"href":"https:\/\/www.radiopiu.net\/wordpress\/wp-json\/wp\/v2\/posts"}],"about":[{"href":"https:\/\/www.radiopiu.net\/wordpress\/wp-json\/wp\/v2\/types\/post"}],"author":[{"embeddable":true,"href":"https:\/\/www.radiopiu.net\/wordpress\/wp-json\/wp\/v2\/users\/4"}],"replies":[{"embeddable":true,"href":"https:\/\/www.radiopiu.net\/wordpress\/wp-json\/wp\/v2\/comments?post=427818"}],"version-history":[{"count":4,"href":"https:\/\/www.radiopiu.net\/wordpress\/wp-json\/wp\/v2\/posts\/427818\/revisions"}],"predecessor-version":[{"id":427881,"href":"https:\/\/www.radiopiu.net\/wordpress\/wp-json\/wp\/v2\/posts\/427818\/revisions\/427881"}],"wp:featuredmedia":[{"embeddable":true,"href":"https:\/\/www.radiopiu.net\/wordpress\/wp-json\/wp\/v2\/media\/398172"}],"wp:attachment":[{"href":"https:\/\/www.radiopiu.net\/wordpress\/wp-json\/wp\/v2\/media?parent=427818"}],"wp:term":[{"taxonomy":"category","embeddable":true,"href":"https:\/\/www.radiopiu.net\/wordpress\/wp-json\/wp\/v2\/categories?post=427818"},{"taxonomy":"post_tag","embeddable":true,"href":"https:\/\/www.radiopiu.net\/wordpress\/wp-json\/wp\/v2\/tags?post=427818"}],"curies":[{"name":"wp","href":"https:\/\/api.w.org\/{rel}","templated":true}]}}