{"id":427840,"date":"2025-01-03T16:49:25","date_gmt":"2025-01-03T15:49:25","guid":{"rendered":"https:\/\/www.radiopiu.net\/wordpress\/?p=427840"},"modified":"2025-01-03T16:50:05","modified_gmt":"2025-01-03T15:50:05","slug":"la-luna-nasconde-saturno-di-claudio-pra","status":"publish","type":"post","link":"https:\/\/www.radiopiu.net\/wordpress\/la-luna-nasconde-saturno-di-claudio-pra\/","title":{"rendered":"LA LUNA NASCONDE SATURNO, DI CLAUDIO PRA"},"content":{"rendered":"<p>***<\/p>\n<p>&nbsp;<\/p>\n<p><img loading=\"lazy\" decoding=\"async\" class=\"alignleft\" src=\"https:\/\/www.radiopiu.net\/wordpress\/wp-content\/uploads\/2025\/01\/bf3e622c-c183-4fbf-a473-9d5ff42493af.jpg\" width=\"238\" height=\"218\" \/>Sabato 4 gennaio imperdibile spettacolo celeste, con una robusta falce lunare crescente di quasi cinque giorni che occulter\u00e0 Saturno, il pianeta inanellato. Il consiglio \u00e8 quello di cominciare le osservazioni almeno un\u2019ora prima dell\u2019evento, quindi verso le 17.40, quando i due corpi celesti saranno vicinissimi fra loro con Saturno che apparir\u00e0 simile ad una stellina piuttosto luminosa posta alla sinistra della Luna cinerea, ovvero flebilmente illuminata nella sua parte ancora al buio pi\u00f9 vicina al pianeta. Con il passare dei minuti la Luna si avviciner\u00e0 a Saturno, transitandogli davanti e quindi nascondendolo poco prima delle 18.40. La sparizione sar\u00e0 meglio apprezzabile in un piccolo binocolo ma dovrebbe risultare visibile anche ad occhio nudo. L\u2019occultazione \u00e8 ovviamente un fenomeno prospettico dato che dal nostro pianeta Luna e Saturno risulteranno allineati in cielo ma posti ovviamente a distanze diverse, con il nostro satellite naturale molto pi\u00f9 vicino. La riapparizione di Saturno dal bordo lunare illuminato avverr\u00e0 circa un\u2019ora dopo la sparizione, con i due oggetti pi\u00f9 bassi sull\u2019orizzonte. Questa fase sar\u00e0 osservabile solo tramite strumenti ottici. L\u2019evento, gi\u00e0 di per s\u00e9 incredibilmente affascinante, sar\u00e0 impreziosito dalla presenza di Venere e Giove, i due pianeti pi\u00f9 luminosi del cielo, il primo posto pi\u00f9 in basso a destra mentre l\u2019altro in alto a sx. Ovviamente chi possiede un telescopio potr\u00e0 ammirare l\u2019occultazione di Saturno in maniera pi\u00f9 dettagliata. Consiglio comunque l\u2019osservazione ad occhio nudo occhio nudo nella prima fase, che forse sar\u00e0 quella maggiormente impattante.<br \/>\nClaudio Pra.<\/p>\n<p>&nbsp;<\/p>\n<p>___<\/p>\n","protected":false},"excerpt":{"rendered":"<p>*** &nbsp; Sabato 4 gennaio imperdibile spettacolo celeste, con una robusta falce lunare crescente di quasi cinque giorni che occulter\u00e0 Saturno, il pianeta inanellato. Il consiglio \u00e8 quello di cominciare le osservazioni almeno un\u2019ora prima dell\u2019evento, quindi verso le 17.40, quando i due corpi celesti saranno vicinissimi fra loro con Saturno che apparir\u00e0 simile ad&hellip;<\/p>\n","protected":false},"author":4,"featured_media":427841,"comment_status":"closed","ping_status":"closed","sticky":false,"template":"","format":"standard","meta":{"_monsterinsights_skip_tracking":false,"_monsterinsights_sitenote_active":false,"_monsterinsights_sitenote_note":"","_monsterinsights_sitenote_category":0,"footnotes":""},"categories":[49],"tags":[],"class_list":["post-427840","post","type-post","status-publish","format-standard","has-post-thumbnail","hentry","category-news-18","category-49","description-off"],"img_url":"https:\/\/www.radiopiu.net\/wordpress\/wp-content\/uploads\/2025\/01\/bf3e622c-c183-4fbf-a473-9d5ff42493af.jpg","_links":{"self":[{"href":"https:\/\/www.radiopiu.net\/wordpress\/wp-json\/wp\/v2\/posts\/427840","targetHints":{"allow":["GET"]}}],"collection":[{"href":"https:\/\/www.radiopiu.net\/wordpress\/wp-json\/wp\/v2\/posts"}],"about":[{"href":"https:\/\/www.radiopiu.net\/wordpress\/wp-json\/wp\/v2\/types\/post"}],"author":[{"embeddable":true,"href":"https:\/\/www.radiopiu.net\/wordpress\/wp-json\/wp\/v2\/users\/4"}],"replies":[{"embeddable":true,"href":"https:\/\/www.radiopiu.net\/wordpress\/wp-json\/wp\/v2\/comments?post=427840"}],"version-history":[{"count":1,"href":"https:\/\/www.radiopiu.net\/wordpress\/wp-json\/wp\/v2\/posts\/427840\/revisions"}],"predecessor-version":[{"id":427842,"href":"https:\/\/www.radiopiu.net\/wordpress\/wp-json\/wp\/v2\/posts\/427840\/revisions\/427842"}],"wp:featuredmedia":[{"embeddable":true,"href":"https:\/\/www.radiopiu.net\/wordpress\/wp-json\/wp\/v2\/media\/427841"}],"wp:attachment":[{"href":"https:\/\/www.radiopiu.net\/wordpress\/wp-json\/wp\/v2\/media?parent=427840"}],"wp:term":[{"taxonomy":"category","embeddable":true,"href":"https:\/\/www.radiopiu.net\/wordpress\/wp-json\/wp\/v2\/categories?post=427840"},{"taxonomy":"post_tag","embeddable":true,"href":"https:\/\/www.radiopiu.net\/wordpress\/wp-json\/wp\/v2\/tags?post=427840"}],"curies":[{"name":"wp","href":"https:\/\/api.w.org\/{rel}","templated":true}]}}