{"id":427863,"date":"2025-01-04T05:16:33","date_gmt":"2025-01-04T04:16:33","guid":{"rendered":"https:\/\/www.radiopiu.net\/wordpress\/?p=427863"},"modified":"2025-01-04T06:02:06","modified_gmt":"2025-01-04T05:02:06","slug":"un-3-gennaio-da-ricordare-a-feltre-ben-cinque-nuovi-nati-in-un-giorno","status":"publish","type":"post","link":"https:\/\/www.radiopiu.net\/wordpress\/un-3-gennaio-da-ricordare-a-feltre-ben-cinque-nuovi-nati-in-un-giorno\/","title":{"rendered":"UN 3 GENNAIO DA RICORDARE A FELTRE. BEN CINQUE NUOVI NATI IN UN GIORNO"},"content":{"rendered":"<p>*******<\/p>\n<p>&nbsp;<\/p>\n<p><a class=\"dt-pswp-item\" href=\"https:\/\/www.radiopiu.net\/wordpress\/wp-content\/uploads\/2025\/01\/SCR-20250103-rgue.jpeg\" data-dt-img-description=\"Screenshot\" data-large_image_width=\"1406\" data-large_image_height=\"1072\"><img loading=\"lazy\" decoding=\"async\" class=\"wp-image-427864  alignleft\" src=\"https:\/\/www.radiopiu.net\/wordpress\/wp-content\/uploads\/2025\/01\/SCR-20250103-rgue-300x229.jpeg\" alt=\"\" width=\"176\" height=\"134\" srcset=\"https:\/\/www.radiopiu.net\/wordpress\/wp-content\/uploads\/2025\/01\/SCR-20250103-rgue-300x229.jpeg 300w, https:\/\/www.radiopiu.net\/wordpress\/wp-content\/uploads\/2025\/01\/SCR-20250103-rgue-1024x781.jpeg 1024w, https:\/\/www.radiopiu.net\/wordpress\/wp-content\/uploads\/2025\/01\/SCR-20250103-rgue-768x586.jpeg 768w, https:\/\/www.radiopiu.net\/wordpress\/wp-content\/uploads\/2025\/01\/SCR-20250103-rgue.jpeg 1406w\" sizes=\"auto, (max-width: 176px) 100vw, 176px\" \/><\/a><strong>FELTRE<\/strong> Il 3 gennaio \u00e8 stato un giorno speciale per l&#8217;ospedale Santa Maria del Prato di Feltre, con la nascita di 5 bambini in un solo giorno, un numero doppio rispetto alla media quotidiana. Dopo il primo nato, un maschietto arrivato alle 22 del 2 gennaio, le nascite sono proseguite nella giornata seguente. Alle 1:02 \u00e8 nato Enea Gregorio Bonan di Feltre, seguito da Amar Stojani di Sedico alle 9:49. Poco dopo, alle 13:29, \u00e8 arrivato Elia Nicolosi di Borgo Valbelluna, mentre alle 13:42 \u00e8 nata Asia Bighi di Limana, la prima bambina dell\u2019anno. L\u2019ultima a venire al mondo \u00e8 stata Iris Masoch di Rivamonte Agordino alle 16:40. Una giornata intensa e ricca di emozioni per ostetriche e ginecologi.<\/p>\n<p>&nbsp;<\/p>\n<p>&nbsp;<\/p>\n<p>******<\/p>\n","protected":false},"excerpt":{"rendered":"<p>******* &nbsp; FELTRE Il 3 gennaio \u00e8 stato un giorno speciale per l&#8217;ospedale Santa Maria del Prato di Feltre, con la nascita di 5 bambini in un solo giorno, un numero doppio rispetto alla media quotidiana. Dopo il primo nato, un maschietto arrivato alle 22 del 2 gennaio, le nascite sono proseguite nella giornata seguente.&hellip;<\/p>\n","protected":false},"author":4,"featured_media":427864,"comment_status":"closed","ping_status":"closed","sticky":false,"template":"","format":"standard","meta":{"_monsterinsights_skip_tracking":false,"_monsterinsights_sitenote_active":false,"_monsterinsights_sitenote_note":"","_monsterinsights_sitenote_category":0,"footnotes":""},"categories":[51,49],"tags":[],"class_list":["post-427863","post","type-post","status-publish","format-standard","has-post-thumbnail","hentry","category-evidenza-top","category-news-18","category-51","category-49","description-off"],"img_url":"https:\/\/www.radiopiu.net\/wordpress\/wp-content\/uploads\/2025\/01\/SCR-20250103-rgue.jpeg","_links":{"self":[{"href":"https:\/\/www.radiopiu.net\/wordpress\/wp-json\/wp\/v2\/posts\/427863","targetHints":{"allow":["GET"]}}],"collection":[{"href":"https:\/\/www.radiopiu.net\/wordpress\/wp-json\/wp\/v2\/posts"}],"about":[{"href":"https:\/\/www.radiopiu.net\/wordpress\/wp-json\/wp\/v2\/types\/post"}],"author":[{"embeddable":true,"href":"https:\/\/www.radiopiu.net\/wordpress\/wp-json\/wp\/v2\/users\/4"}],"replies":[{"embeddable":true,"href":"https:\/\/www.radiopiu.net\/wordpress\/wp-json\/wp\/v2\/comments?post=427863"}],"version-history":[{"count":1,"href":"https:\/\/www.radiopiu.net\/wordpress\/wp-json\/wp\/v2\/posts\/427863\/revisions"}],"predecessor-version":[{"id":427865,"href":"https:\/\/www.radiopiu.net\/wordpress\/wp-json\/wp\/v2\/posts\/427863\/revisions\/427865"}],"wp:featuredmedia":[{"embeddable":true,"href":"https:\/\/www.radiopiu.net\/wordpress\/wp-json\/wp\/v2\/media\/427864"}],"wp:attachment":[{"href":"https:\/\/www.radiopiu.net\/wordpress\/wp-json\/wp\/v2\/media?parent=427863"}],"wp:term":[{"taxonomy":"category","embeddable":true,"href":"https:\/\/www.radiopiu.net\/wordpress\/wp-json\/wp\/v2\/categories?post=427863"},{"taxonomy":"post_tag","embeddable":true,"href":"https:\/\/www.radiopiu.net\/wordpress\/wp-json\/wp\/v2\/tags?post=427863"}],"curies":[{"name":"wp","href":"https:\/\/api.w.org\/{rel}","templated":true}]}}