{"id":427887,"date":"2025-01-03T23:59:32","date_gmt":"2025-01-03T22:59:32","guid":{"rendered":"https:\/\/www.radiopiu.net\/wordpress\/?p=427887"},"modified":"2025-01-03T22:19:40","modified_gmt":"2025-01-03T21:19:40","slug":"disco-piu-dal-04-al-10-gennaio-2025","status":"publish","type":"post","link":"https:\/\/www.radiopiu.net\/wordpress\/disco-piu-dal-04-al-10-gennaio-2025\/","title":{"rendered":"DISCO PIU\u2019 DAL 04 AL 10 GENNAIO 2025"},"content":{"rendered":"<p>*******<\/p>\n<p>&nbsp;<\/p>\n<p><strong><a class=\"dt-pswp-item\" href=\"https:\/\/www.radiopiu.net\/wordpress\/wp-content\/uploads\/2025\/01\/GAZZELLE-NOI-NO.jpeg\" data-dt-img-description=\"\" data-large_image_width=\"2560\" data-large_image_height=\"2560\"><img loading=\"lazy\" decoding=\"async\" class=\" wp-image-427888 alignleft\" src=\"https:\/\/www.radiopiu.net\/wordpress\/wp-content\/uploads\/2025\/01\/GAZZELLE-NOI-NO-300x300.jpeg\" alt=\"\" width=\"181\" height=\"181\" srcset=\"https:\/\/www.radiopiu.net\/wordpress\/wp-content\/uploads\/2025\/01\/GAZZELLE-NOI-NO-300x300.jpeg 300w, https:\/\/www.radiopiu.net\/wordpress\/wp-content\/uploads\/2025\/01\/GAZZELLE-NOI-NO-1024x1024.jpeg 1024w, https:\/\/www.radiopiu.net\/wordpress\/wp-content\/uploads\/2025\/01\/GAZZELLE-NOI-NO-150x150.jpeg 150w, https:\/\/www.radiopiu.net\/wordpress\/wp-content\/uploads\/2025\/01\/GAZZELLE-NOI-NO-768x768.jpeg 768w, https:\/\/www.radiopiu.net\/wordpress\/wp-content\/uploads\/2025\/01\/GAZZELLE-NOI-NO-1536x1536.jpeg 1536w, https:\/\/www.radiopiu.net\/wordpress\/wp-content\/uploads\/2025\/01\/GAZZELLE-NOI-NO-2048x2048.jpeg 2048w\" sizes=\"auto, (max-width: 181px) 100vw, 181px\" \/><\/a>I SUCCESSI DI DOMANI<\/strong><\/p>\n<p><strong>LI ASCOLTI OGGI\u2026SU RADIO PIU\u2019<\/strong><\/p>\n<p><strong>IL DISCO PIU\u2019 DAL <\/strong><strong>04 AL 10 GENNAIO 2025<\/strong><strong> E\u2019:<\/strong><\/p>\n<p><strong>ARTISTA:<\/strong> <strong>Gazzelle<\/strong><\/p>\n<p><strong>TITOLO: Noi No<\/strong><\/p>\n<p><strong>ETICHETTA: Maciste Dischi\/Warner Music<\/strong><\/p>\n<p><strong>\u00a0<\/strong><\/p>\n<p>Dopo \u201cCome il pane\u201d, Gazzelle \u00e8 fuori ovunque a sorpresa con il suo nuovo singolo \u201cNoi no\u201d prodotto dal fidato Federico Nardelli, che da anni lo accompagna nella realizzazione dei suoi pezzi senza tempo. Il 2017, i film degli anni \u201890, i caschi pieni di adesivi: \u201cNoi no\u201d \u00e8 un racconto intriso di nostalgia, in cui il desiderio di tornare indietro nel tempo si intreccia con il ricordo dolceamaro di una quotidianit\u00e0 che non si riesce a dimenticare. \u00ab\u201cNoi no\u201d l\u2019ho scritta un anno fa, in autunno, mentre cambiavo casa e aprivo uno ad uno tutti i vari scatoloni dove c\u2019erano un sacco di cose, per lo pi\u00f9 inutili, che mi portavo dietro da diversi anni. Aprendo ogni scatola mi sono reso conto che c\u2019era cos\u00ec tanta roba da buttare o da regalare, cos\u00ec tanto tempo perduto, cos\u00ec tante energie sprecate, rimorsi, rimpianti, e pupazzetti strani.. insomma c\u2019era davvero di tutto. Di tutto, tranne noi. Chiss\u00e0 dove siamo finiti\u2026 forse in un camion dei traslochi, forse ad una festa a cui non eravamo stati invitati, forse dentro a un sabato. Oppure chiss\u00e0, forse siamo ancora qui anche se non ci siamo pi\u00f9\u00bb, racconta l\u2019artista. Gli indizi relativi all\u2019uscita di \u201cNoi no\u201d hanno iniziato a emergere alcuni giorni fa, quando in giro per le strade di Roma e Milano sono comparse alcune frasi del nuovo brano. Il vero spoiler, per\u00f2, \u00e8 arrivato quando l\u2019artista, con il suo modo comunicativo tra i pi\u00f9 originali in Italia, ha pubblicato un video su TikTok in cui alcuni suoi sosia cantavano il ritornello del pezzo.<\/p>\n<p>&nbsp;<\/p>\n<p><iframe loading=\"lazy\" title=\"Gazzelle - Noi no (visual)\" width=\"1200\" height=\"675\" src=\"https:\/\/www.youtube.com\/embed\/yPU-OW-7CQs?feature=oembed\" frameborder=\"0\" allow=\"accelerometer; autoplay; clipboard-write; encrypted-media; gyroscope; picture-in-picture; web-share\" referrerpolicy=\"strict-origin-when-cross-origin\" allowfullscreen><\/iframe><\/p>\n<p>&nbsp;<\/p>\n<p>&nbsp;<\/p>\n<p>&nbsp;<\/p>\n<p>********<\/p>\n","protected":false},"excerpt":{"rendered":"<p>******* &nbsp; I SUCCESSI DI DOMANI LI ASCOLTI OGGI\u2026SU RADIO PIU\u2019 IL DISCO PIU\u2019 DAL 04 AL 10 GENNAIO 2025 E\u2019: ARTISTA: Gazzelle TITOLO: Noi No ETICHETTA: Maciste Dischi\/Warner Music \u00a0 Dopo \u201cCome il pane\u201d, Gazzelle \u00e8 fuori ovunque a sorpresa con il suo nuovo singolo \u201cNoi no\u201d prodotto dal fidato Federico Nardelli, che da&hellip;<\/p>\n","protected":false},"author":4,"featured_media":427888,"comment_status":"closed","ping_status":"closed","sticky":false,"template":"","format":"standard","meta":{"_monsterinsights_skip_tracking":false,"_monsterinsights_sitenote_active":false,"_monsterinsights_sitenote_note":"","_monsterinsights_sitenote_category":0,"footnotes":""},"categories":[15],"tags":[],"class_list":["post-427887","post","type-post","status-publish","format-standard","has-post-thumbnail","hentry","category-discopiu","category-15","description-off"],"img_url":"https:\/\/www.radiopiu.net\/wordpress\/wp-content\/uploads\/2025\/01\/GAZZELLE-NOI-NO.jpeg","_links":{"self":[{"href":"https:\/\/www.radiopiu.net\/wordpress\/wp-json\/wp\/v2\/posts\/427887","targetHints":{"allow":["GET"]}}],"collection":[{"href":"https:\/\/www.radiopiu.net\/wordpress\/wp-json\/wp\/v2\/posts"}],"about":[{"href":"https:\/\/www.radiopiu.net\/wordpress\/wp-json\/wp\/v2\/types\/post"}],"author":[{"embeddable":true,"href":"https:\/\/www.radiopiu.net\/wordpress\/wp-json\/wp\/v2\/users\/4"}],"replies":[{"embeddable":true,"href":"https:\/\/www.radiopiu.net\/wordpress\/wp-json\/wp\/v2\/comments?post=427887"}],"version-history":[{"count":1,"href":"https:\/\/www.radiopiu.net\/wordpress\/wp-json\/wp\/v2\/posts\/427887\/revisions"}],"predecessor-version":[{"id":427889,"href":"https:\/\/www.radiopiu.net\/wordpress\/wp-json\/wp\/v2\/posts\/427887\/revisions\/427889"}],"wp:featuredmedia":[{"embeddable":true,"href":"https:\/\/www.radiopiu.net\/wordpress\/wp-json\/wp\/v2\/media\/427888"}],"wp:attachment":[{"href":"https:\/\/www.radiopiu.net\/wordpress\/wp-json\/wp\/v2\/media?parent=427887"}],"wp:term":[{"taxonomy":"category","embeddable":true,"href":"https:\/\/www.radiopiu.net\/wordpress\/wp-json\/wp\/v2\/categories?post=427887"},{"taxonomy":"post_tag","embeddable":true,"href":"https:\/\/www.radiopiu.net\/wordpress\/wp-json\/wp\/v2\/tags?post=427887"}],"curies":[{"name":"wp","href":"https:\/\/api.w.org\/{rel}","templated":true}]}}