{"id":427920,"date":"2025-01-04T05:57:19","date_gmt":"2025-01-04T04:57:19","guid":{"rendered":"https:\/\/www.radiopiu.net\/wordpress\/?p=427920"},"modified":"2025-01-04T06:01:15","modified_gmt":"2025-01-04T05:01:15","slug":"sitran-vandalizzato-il-presepe-artistico-comunita-indignata","status":"publish","type":"post","link":"https:\/\/www.radiopiu.net\/wordpress\/sitran-vandalizzato-il-presepe-artistico-comunita-indignata\/","title":{"rendered":"Sitran: vandalizzato il presepe artistico, comunit\u00e0 indignata"},"content":{"rendered":"<p>**<\/p>\n<p><strong><a class=\"dt-pswp-item\" href=\"https:\/\/www.radiopiu.net\/wordpress\/wp-content\/uploads\/2025\/01\/472090474_3456602814645632_6798236100389010248_n.jpg\" data-dt-img-description=\"\" data-large_image_width=\"1152\" data-large_image_height=\"2048\"><img loading=\"lazy\" decoding=\"async\" class=\"size-medium wp-image-427921 alignleft\" src=\"https:\/\/www.radiopiu.net\/wordpress\/wp-content\/uploads\/2025\/01\/472090474_3456602814645632_6798236100389010248_n-169x300.jpg\" alt=\"\" width=\"169\" height=\"300\" srcset=\"https:\/\/www.radiopiu.net\/wordpress\/wp-content\/uploads\/2025\/01\/472090474_3456602814645632_6798236100389010248_n-169x300.jpg 169w, https:\/\/www.radiopiu.net\/wordpress\/wp-content\/uploads\/2025\/01\/472090474_3456602814645632_6798236100389010248_n-576x1024.jpg 576w, https:\/\/www.radiopiu.net\/wordpress\/wp-content\/uploads\/2025\/01\/472090474_3456602814645632_6798236100389010248_n-768x1365.jpg 768w, https:\/\/www.radiopiu.net\/wordpress\/wp-content\/uploads\/2025\/01\/472090474_3456602814645632_6798236100389010248_n-864x1536.jpg 864w, https:\/\/www.radiopiu.net\/wordpress\/wp-content\/uploads\/2025\/01\/472090474_3456602814645632_6798236100389010248_n.jpg 1152w\" sizes=\"auto, (max-width: 169px) 100vw, 169px\" \/><\/a>ALPAGO<\/strong> A Sitran, il presepe artistico realizzato da Giorgio Vazza e dai volontari locali \u00e8 stato danneggiato con petardi da ignoti. L\u2019atto vandalico ha suscitato rabbia e delusione nella comunit\u00e0, non solo per il danno materiale ma soprattutto per lo sfregio al sentimento collettivo. La consigliera comunale Elisabetta Bortoluzzi ha condannato il gesto definendolo incivile e irrispettoso verso chi dedica tempo e passione per mantenere vive le tradizioni. Sui social si sono moltiplicati i messaggi di solidariet\u00e0 a Vazza e ai volontari, insieme a commenti indignati verso gli autori del gesto. La comunit\u00e0 si stringe per superare questa ferita e mantenere vive le sue tradizioni.<\/p>\n<div class=\"html-div xdj266r x11i5rnm xat24cr x1mh8g0r xexx8yu x4uap5 x18d9i69 xkhd6sd\">\n<div class=\"html-div xdj266r x11i5rnm x1mh8g0r x18d9i69 x1cy8zhl x78zum5 x1q0g3np xod5an3 x1pi30zi x1swvt13 xz9dl7a\">\n<div class=\"html-div xdj266r x11i5rnm xat24cr x1mh8g0r xexx8yu x4uap5 x18d9i69 xkhd6sd x1iyjqo2\">\n<div class=\"x78zum5 xdt5ytf xz62fqu x16ldp7u\">\n<div class=\"xu06os2 x1ok221b\">\n<div class=\"html-div xdj266r x11i5rnm xat24cr x1mh8g0r xexx8yu x4uap5 x18d9i69 xkhd6sd\" data-ad-rendering-role=\"profile_name\">\n<h3 id=\":r6t:\" class=\"html-h3 x11i5rnm xat24cr x1mh8g0r xexx8yu x4uap5 x18d9i69 xkhd6sd x1vvkbs x1heor9g x1qlqyl8 x1pd3egz x1a2a7pz x1gslohp x1yc453h\"><span class=\"xt0psk2\"><a class=\"x1i10hfl xjbqb8w x1ejq31n xd10rxx x1sy0etr x17r0tee x972fbf xcfux6l x1qhh985 xm0m39n x9f619 x1ypdohk xt0psk2 xe8uvvx xdj266r x11i5rnm xat24cr x1mh8g0r xexx8yu x4uap5 x18d9i69 xkhd6sd x16tdsg8 x1hl2dhg xggy1nq x1a2a7pz x1sur9pj xkrqix3 xzsf02u x1s688f\" tabindex=\"0\" role=\"link\" href=\"https:\/\/www.facebook.com\/elisabetta.bortoluzzi.7?__cft__[0]=AZX0d2e19VvNO8IHjwpZLuVw8N5AGNBfkhPs1USWpQYYSUFE_8IMb99kNJsiqdYCReBsjyXlAHAKf6MSdZOUCKjSRuV2Y2Gupi98Icmxo9pSXWNih0Sjj8ZS4apsas3MHIJh0MRkcJR_pWyCWE6gXHYllnWSls4zEV_gZEq67jbDiA&amp;__tn__=-UC%2CP-R\"><strong class=\"html-strong xdj266r x11i5rnm xat24cr x1mh8g0r xexx8yu x4uap5 x18d9i69 xkhd6sd x1hl2dhg x16tdsg8 x1vvkbs x1s688f\"><span class=\"html-span xdj266r x11i5rnm xat24cr x1mh8g0r xexx8yu x4uap5 x18d9i69 xkhd6sd x1hl2dhg x16tdsg8 x1vvkbs\">Elisabetta Bortoluzzi<\/span><\/strong><\/a> <\/span><span style=\"font-size: 14px; font-weight: normal;\">Delusione, rabbia e dispiacere. Non ci sono altre parole per descrivere il vile atto vandalico che la notte di Capodanno, tramite il lancio di petardi, ha danneggiato il Presepe di Sitran. Non &#8220;UN&#8221; presepe ma &#8220;IL&#8221; Presepe che ormai da anni accompagna, e rende uniche e speciali, le festivit\u00e0 non solo degli abitanti di Sitran ma dell&#8217;intera comunit\u00e0 dell&#8217;Alpago in un percorso che va dal Santo Natale fino all&#8217;Epifania. Non ci sono giustificazioni per questo gesto grave che deve essere condannato senza s\u00e8 e senza ma, gesto che denota incivilt\u00e0 e mancanza di rispetto per la collettivit\u00e0, uno &#8220;schiaffo&#8221; nei confronti dei volontari di Sitran e di tutti coloro che con passione e sacrificio dedicano la cosa pi\u00f9 preziosa, ovvero il proprio tempo, per conservare le nostre tradizioni e mantenere viva la nostra comunit\u00e0. Il mio pensiero, la mia solidariet\u00e0 e ringraziamento vanno alla comunit\u00e0 di Sitran e a tutti coloro che si impegnano, sempre e nonostante tutto, per il bene comune con un invito a non demoralizzarsi, a non farsi prendere dallo sconforto perch\u00e9, oggi pi\u00f9 che mai, anche il pi\u00f9 piccolo gesto di solidariet\u00e0 ha un valore unico e prezioso. <\/span><span style=\"font-size: 14px; font-weight: normal;\">&#8220;Sappiamo bene che ci\u00f2 che facciamo non \u00e8 che una goccia nell\u2019oceano. Ma se questa goccia non ci fosse, all\u2019oceano mancherebbe&#8221; <\/span><span style=\"font-size: 14px; font-weight: normal;\">(Madre Teresa di Calcutta)<\/span><\/h3>\n<\/div>\n<\/div>\n<\/div>\n<\/div>\n<\/div>\n<\/div>\n<div class=\"html-div xdj266r x11i5rnm xat24cr x1mh8g0r xexx8yu x4uap5 x18d9i69 xkhd6sd\">\n<div class=\"html-div xdj266r x11i5rnm xat24cr x1mh8g0r xexx8yu x4uap5 x18d9i69 xkhd6sd\" dir=\"auto\">\n<div class=\"html-div xdj266r x11i5rnm xat24cr x1mh8g0r xexx8yu x4uap5 x18d9i69 xkhd6sd\" data-ad-rendering-role=\"story_message\">\n<div id=\":r6v:\" class=\"x1l90r2v x1pi30zi x1swvt13 x1iorvi4\" data-ad-comet-preview=\"message\" data-ad-preview=\"message\">\n<div class=\"x78zum5 xdt5ytf xz62fqu x16ldp7u\">\n<div dir=\"auto\">\n<hr \/>\n<\/div>\n<\/div>\n<\/div>\n<\/div>\n<\/div>\n<\/div>\n","protected":false},"excerpt":{"rendered":"<p>** ALPAGO A Sitran, il presepe artistico realizzato da Giorgio Vazza e dai volontari locali \u00e8 stato danneggiato con petardi da ignoti. L\u2019atto vandalico ha suscitato rabbia e delusione nella comunit\u00e0, non solo per il danno materiale ma soprattutto per lo sfregio al sentimento collettivo. La consigliera comunale Elisabetta Bortoluzzi ha condannato il gesto definendolo&hellip;<\/p>\n","protected":false},"author":4,"featured_media":427921,"comment_status":"closed","ping_status":"closed","sticky":false,"template":"","format":"standard","meta":{"_monsterinsights_skip_tracking":false,"_monsterinsights_sitenote_active":false,"_monsterinsights_sitenote_note":"","_monsterinsights_sitenote_category":0,"footnotes":""},"categories":[104,49],"tags":[],"class_list":["post-427920","post","type-post","status-publish","format-standard","has-post-thumbnail","hentry","category-evidenza_3","category-news-18","category-104","category-49","description-off"],"img_url":"https:\/\/www.radiopiu.net\/wordpress\/wp-content\/uploads\/2025\/01\/472090474_3456602814645632_6798236100389010248_n.jpg","_links":{"self":[{"href":"https:\/\/www.radiopiu.net\/wordpress\/wp-json\/wp\/v2\/posts\/427920","targetHints":{"allow":["GET"]}}],"collection":[{"href":"https:\/\/www.radiopiu.net\/wordpress\/wp-json\/wp\/v2\/posts"}],"about":[{"href":"https:\/\/www.radiopiu.net\/wordpress\/wp-json\/wp\/v2\/types\/post"}],"author":[{"embeddable":true,"href":"https:\/\/www.radiopiu.net\/wordpress\/wp-json\/wp\/v2\/users\/4"}],"replies":[{"embeddable":true,"href":"https:\/\/www.radiopiu.net\/wordpress\/wp-json\/wp\/v2\/comments?post=427920"}],"version-history":[{"count":1,"href":"https:\/\/www.radiopiu.net\/wordpress\/wp-json\/wp\/v2\/posts\/427920\/revisions"}],"predecessor-version":[{"id":427922,"href":"https:\/\/www.radiopiu.net\/wordpress\/wp-json\/wp\/v2\/posts\/427920\/revisions\/427922"}],"wp:featuredmedia":[{"embeddable":true,"href":"https:\/\/www.radiopiu.net\/wordpress\/wp-json\/wp\/v2\/media\/427921"}],"wp:attachment":[{"href":"https:\/\/www.radiopiu.net\/wordpress\/wp-json\/wp\/v2\/media?parent=427920"}],"wp:term":[{"taxonomy":"category","embeddable":true,"href":"https:\/\/www.radiopiu.net\/wordpress\/wp-json\/wp\/v2\/categories?post=427920"},{"taxonomy":"post_tag","embeddable":true,"href":"https:\/\/www.radiopiu.net\/wordpress\/wp-json\/wp\/v2\/tags?post=427920"}],"curies":[{"name":"wp","href":"https:\/\/api.w.org\/{rel}","templated":true}]}}