{"id":427983,"date":"2025-01-07T05:38:00","date_gmt":"2025-01-07T04:38:00","guid":{"rendered":"https:\/\/www.radiopiu.net\/wordpress\/?p=427983"},"modified":"2025-01-07T08:23:38","modified_gmt":"2025-01-07T07:23:38","slug":"giornale-radiopiu-07-gennaio-2025-direttore-mirko-mezzacasada-41-anni-25-giugno-1983-25-giugno-2024","status":"publish","type":"post","link":"https:\/\/www.radiopiu.net\/wordpress\/giornale-radiopiu-07-gennaio-2025-direttore-mirko-mezzacasada-41-anni-25-giugno-1983-25-giugno-2024\/","title":{"rendered":"GIORNALE RADIOPIU 07 GENNAIO 2025 DIRETTORE MIRKO MEZZACASA\u2026DA 41 ANNI 25 GIUGNO 1983-25 GIUGNO 2024"},"content":{"rendered":"<p>********<\/p>\n<p>&nbsp;<\/p>\n<p><em><span style=\"color: #ff0000;\"><a class=\"dt-pswp-item\" href=\"https:\/\/www.radiopiu.net\/wordpress\/wp-content\/uploads\/2024\/10\/Senza-nome-8.png\" data-dt-img-description=\"\" data-large_image_width=\"343\" data-large_image_height=\"303\"><img loading=\"lazy\" decoding=\"async\" class=\"wp-image-412130 alignleft\" src=\"https:\/\/www.radiopiu.net\/wordpress\/wp-content\/uploads\/2024\/10\/Senza-nome-8-300x265.png\" alt=\"\" width=\"105\" height=\"93\" srcset=\"https:\/\/www.radiopiu.net\/wordpress\/wp-content\/uploads\/2024\/10\/Senza-nome-8-300x265.png 300w, https:\/\/www.radiopiu.net\/wordpress\/wp-content\/uploads\/2024\/10\/Senza-nome-8.png 343w\" sizes=\"auto, (max-width: 105px) 100vw, 105px\" \/><\/a><\/span><\/em><strong><em><span style=\"color: #ff0000;\"> LA\u00a0 APP PER IOS-IPHONE di Nicola Vettorello<\/span><\/em><\/strong><\/p>\n<p><strong><span style=\"color: #0000ff;\"><a style=\"color: #0000ff;\" href=\"https:\/\/apps.apple.com\/it\/app\/radio-pi%C3%B9-emittente-agordina\/id1515939845\">https:\/\/apps.apple.com\/it\/app\/radio-pi%C3%B9-emittente-agordina\/id1515939845<\/a><\/span><\/strong><\/p>\n<p><strong><em style=\"color: #ff0000;\">LA\u00a0 APP RADIO\u00a0 PER ANDROID di Nicola Vettorello<\/em><\/strong><\/p>\n<p><strong><span style=\"color: #0000ff;\"><a style=\"color: #0000ff;\" href=\"https:\/\/play.google.com\/store\/apps\/details?id=net.radiopiu.iniko\" target=\"_blank\" rel=\"noopener noreferrer\">https:\/\/<\/a><a style=\"color: #0000ff;\" href=\"https:\/\/play.google.com\/store\/apps\/details?id=net.radiopiu.iniko\" target=\"_blank\" rel=\"noopener noreferrer\">play.google.com\/store\/apps\/details?id=net.radiopiu.iniko\u00a0\u00a0\u00a0<\/a><\/span><\/strong><\/p>\n<p>&nbsp;<\/p>\n<p>&nbsp;<\/p>\n<p>&nbsp;<\/p>\n<hr \/>\n<p>&nbsp;<\/p>\n<p><span style=\"color: #ff0000;\"><strong>OGGI ALLA RADIO:\u00a0<\/strong><\/span><\/p>\n<p><strong><a class=\"dt-pswp-item\" href=\"https:\/\/www.radiopiu.net\/wordpress\/wp-content\/uploads\/2025\/01\/3e9ef67d-a173-485e-955f-433658979662.jpg\" data-dt-img-description=\"\" data-large_image_width=\"1080\" data-large_image_height=\"1080\"><img loading=\"lazy\" decoding=\"async\" class=\" wp-image-428402 alignleft\" src=\"https:\/\/www.radiopiu.net\/wordpress\/wp-content\/uploads\/2025\/01\/3e9ef67d-a173-485e-955f-433658979662-300x300.jpg\" alt=\"\" width=\"141\" height=\"141\" srcset=\"https:\/\/www.radiopiu.net\/wordpress\/wp-content\/uploads\/2025\/01\/3e9ef67d-a173-485e-955f-433658979662-300x300.jpg 300w, https:\/\/www.radiopiu.net\/wordpress\/wp-content\/uploads\/2025\/01\/3e9ef67d-a173-485e-955f-433658979662-1024x1024.jpg 1024w, https:\/\/www.radiopiu.net\/wordpress\/wp-content\/uploads\/2025\/01\/3e9ef67d-a173-485e-955f-433658979662-150x150.jpg 150w, https:\/\/www.radiopiu.net\/wordpress\/wp-content\/uploads\/2025\/01\/3e9ef67d-a173-485e-955f-433658979662-768x768.jpg 768w, https:\/\/www.radiopiu.net\/wordpress\/wp-content\/uploads\/2025\/01\/3e9ef67d-a173-485e-955f-433658979662.jpg 1080w\" sizes=\"auto, (max-width: 141px) 100vw, 141px\" \/><\/a>rassegna stampa nazionale,<\/strong> ogni giorno alle 5 e alle 6 del mattino.<br \/>\ngiornali locali 7 rassegna stampa flash, 8 rassegna stampa, gr flash alle 10 e alle 11, principale 12.30. Informazione pomeriggio ogni ora fino alle 20, in coda ai notiziari nazionali. Giornale radio nazionale: ogni ora dalle 4 del mattino, alle 20 della sera. Alle 19 le anticipazioni dal TG di Antenna 3 di Tiziana Bolognani.<\/p>\n<p><strong>OGGI, ALLE 10,30 E 19.20<\/strong> PRESENTAZIONE DEI CARNEVAI DE LE VAI, CON SIMONE ONGARO, GABRIELE RIVA, FEDERICO DELL&#8217;ANTONE E MATTEO DAGAI <strong>ALLE 13.10<\/strong> SPECIALE PROGRAMMA OLIMPICO&#8230; DI ANDREA CHICCA\u00a0 UNA PRODUZIONE TRE RADIO <strong>ALLE 14.00<\/strong> LORIS SCUSSEL, COLLAGE OPERAZIONE NOSTALGIA\u00a0 <strong>ALLE 15.10<\/strong> FABIO RUFUS BRISTOT (FOTO) LO SPECIALE DEL MARTEDI POMERIGGIO CON LUISA ALCHINI<\/p>\n<p>&nbsp;<\/p>\n<hr \/>\n<p>&nbsp;<\/p>\n<p>&nbsp;<\/p>\n<div class=\"x11i5rnm xat24cr x1mh8g0r x1vvkbs xtlvy1s x126k92a\">\n<div dir=\"auto\">\n<div dir=\"auto\">\n<p><strong><a class=\"dt-pswp-item\" href=\"https:\/\/www.radiopiu.net\/wordpress\/wp-content\/uploads\/2024\/02\/2d44e751-d8a8-461b-8e22-d8e4e853b032.jpg\" data-dt-img-description=\"\" data-large_image_width=\"1600\" data-large_image_height=\"1200\"><img loading=\"lazy\" decoding=\"async\" class=\"wp-image-373307 alignleft\" src=\"https:\/\/www.radiopiu.net\/wordpress\/wp-content\/uploads\/2024\/02\/2d44e751-d8a8-461b-8e22-d8e4e853b032-300x225.jpg\" alt=\"\" width=\"105\" height=\"79\" srcset=\"https:\/\/www.radiopiu.net\/wordpress\/wp-content\/uploads\/2024\/02\/2d44e751-d8a8-461b-8e22-d8e4e853b032-300x225.jpg 300w, https:\/\/www.radiopiu.net\/wordpress\/wp-content\/uploads\/2024\/02\/2d44e751-d8a8-461b-8e22-d8e4e853b032-1024x768.jpg 1024w, https:\/\/www.radiopiu.net\/wordpress\/wp-content\/uploads\/2024\/02\/2d44e751-d8a8-461b-8e22-d8e4e853b032-768x576.jpg 768w, https:\/\/www.radiopiu.net\/wordpress\/wp-content\/uploads\/2024\/02\/2d44e751-d8a8-461b-8e22-d8e4e853b032-1536x1152.jpg 1536w, https:\/\/www.radiopiu.net\/wordpress\/wp-content\/uploads\/2024\/02\/2d44e751-d8a8-461b-8e22-d8e4e853b032.jpg 1600w\" sizes=\"auto, (max-width: 105px) 100vw, 105px\" \/><\/a>EL BAL DEL FIOR, DI GIULIANA DA RONCH, 07 GENNAIO<\/strong><strong> 2025<\/strong><\/p>\n<p>&nbsp;<\/p>\n<\/div>\n<\/div>\n<\/div>\n<div class=\"x11i5rnm xat24cr x1mh8g0r x1vvkbs xtlvy1s x126k92a\">\n<audio class=\"wp-audio-shortcode\" id=\"audio-427983-1\" preload=\"none\" style=\"width: 100%;\" controls=\"controls\"><source type=\"audio\/mpeg\" src=\"https:\/\/www.radiopiu.net\/wordpress\/wp-content\/uploads\/2025\/01\/GMA.mp3?_=1\" \/><a href=\"https:\/\/www.radiopiu.net\/wordpress\/wp-content\/uploads\/2025\/01\/GMA.mp3\">https:\/\/www.radiopiu.net\/wordpress\/wp-content\/uploads\/2025\/01\/GMA.mp3<\/a><\/audio>\n<p>&nbsp;<\/p>\n<p>&nbsp;<\/p>\n<hr \/>\n<p>&nbsp;<\/p>\n<p>&nbsp;<\/p>\n<blockquote>\n<h1><strong><a class=\"dt-pswp-item\" href=\"https:\/\/www.radiopiu.net\/wordpress\/wp-content\/uploads\/2024\/10\/629301fd-708d-4f53-95c2-d28cbefd500f.jpg\" data-dt-img-description=\"\" data-large_image_width=\"1600\" data-large_image_height=\"1322\"><img loading=\"lazy\" decoding=\"async\" class=\"wp-image-413782 alignright\" src=\"https:\/\/www.radiopiu.net\/wordpress\/wp-content\/uploads\/2024\/10\/629301fd-708d-4f53-95c2-d28cbefd500f-300x248.jpg\" alt=\"\" width=\"106\" height=\"88\" srcset=\"https:\/\/www.radiopiu.net\/wordpress\/wp-content\/uploads\/2024\/10\/629301fd-708d-4f53-95c2-d28cbefd500f-300x248.jpg 300w, https:\/\/www.radiopiu.net\/wordpress\/wp-content\/uploads\/2024\/10\/629301fd-708d-4f53-95c2-d28cbefd500f-1024x846.jpg 1024w, https:\/\/www.radiopiu.net\/wordpress\/wp-content\/uploads\/2024\/10\/629301fd-708d-4f53-95c2-d28cbefd500f-768x635.jpg 768w, https:\/\/www.radiopiu.net\/wordpress\/wp-content\/uploads\/2024\/10\/629301fd-708d-4f53-95c2-d28cbefd500f-1536x1269.jpg 1536w, https:\/\/www.radiopiu.net\/wordpress\/wp-content\/uploads\/2024\/10\/629301fd-708d-4f53-95c2-d28cbefd500f.jpg 1600w\" sizes=\"auto, (max-width: 106px) 100vw, 106px\" \/><\/a><\/strong><\/h1>\n<h1><strong><a class=\"dt-pswp-item\" href=\"https:\/\/www.radiopiu.net\/wordpress\/wp-content\/uploads\/2024\/11\/th-18.jpg\" data-dt-img-description=\"\" data-large_image_width=\"156\" data-large_image_height=\"180\"><img loading=\"lazy\" decoding=\"async\" class=\"size-full wp-image-421611 alignleft\" src=\"https:\/\/www.radiopiu.net\/wordpress\/wp-content\/uploads\/2024\/11\/th-18.jpg\" alt=\"\" width=\"156\" height=\"180\" \/><\/a><\/strong><\/h1>\n<h1><strong>N di parom &#8211; L Almanach de la nosta jent<\/strong><\/h1>\n<\/blockquote>\n<p>&nbsp;<\/p>\n<p>Le voci: Davide Conedera, Agordo, Michela Dell&#8217;Osbel, La Valle Agordina Simone Ganz, Falcade Veronica Lezuo, Colle Santa Lucia. La voce nella sigla \u00e8 di Giorgia Taio<\/p>\n<p>&nbsp;<\/p>\n<p><strong>LA PUNTATA DI OGGI, 07 GENNAIO 2025<\/strong><\/p>\n<\/div>\n<div class=\"x11i5rnm xat24cr x1mh8g0r x1vvkbs xtlvy1s x126k92a\">\n<div dir=\"auto\">\n<audio class=\"wp-audio-shortcode\" id=\"audio-427983-2\" preload=\"none\" style=\"width: 100%;\" controls=\"controls\"><source type=\"audio\/mpeg\" src=\"https:\/\/www.radiopiu.net\/wordpress\/wp-content\/uploads\/2025\/01\/AL2.mp3?_=2\" \/><a href=\"https:\/\/www.radiopiu.net\/wordpress\/wp-content\/uploads\/2025\/01\/AL2.mp3\">https:\/\/www.radiopiu.net\/wordpress\/wp-content\/uploads\/2025\/01\/AL2.mp3<\/a><\/audio>\n<p>&nbsp;<\/p>\n<hr \/>\n<\/div>\n<\/div>\n<blockquote>\n<blockquote>\n<h1><span style=\"color: #ff0000;\">\u00a0<\/span><\/h1>\n<h1><span style=\"color: #ff0000;\">I podcast informativi del mattino &#8211; audio &#8211;\u00a0\u00a0<\/span><\/h1>\n<\/blockquote>\n<p><strong><a class=\"dt-pswp-item\" href=\"https:\/\/www.radiopiu.net\/wordpress\/wp-content\/uploads\/2024\/11\/6.jpg\" data-dt-img-description=\"\" data-large_image_width=\"177\" data-large_image_height=\"180\"><img loading=\"lazy\" decoding=\"async\" class=\"size-full wp-image-417911 alignleft\" src=\"https:\/\/www.radiopiu.net\/wordpress\/wp-content\/uploads\/2024\/11\/6.jpg\" alt=\"\" width=\"177\" height=\"180\" \/><\/a>LA RASSEGNA STAMPA NAZIONALE ALLA RADIO, OGNI GIORNO ALLE 5 E ALLE 6 DEL MATTINO <span style=\"color: #0000ff;\">viene pubblicata alle 6.00 <span style=\"color: #ff0000;\">DIRETTA RADIO\u00a0 \u00a0\u00a0<\/span><\/span><\/strong><\/p><\/blockquote>\n<p>&nbsp;<\/p>\n<p><strong>NOTIZIE DELLA NOTTE<\/strong><\/p>\n<p><strong>Terremoto<\/strong> in Tibet, edifici crollati e almeno 32 morti <strong>Clima,<\/strong> il 2024 in Giappone l&#8217;anno pi\u00f9 caldo di sempre <strong>Tv, i Golden Globes<\/strong> superano i 10 milioni di telespettatori<br \/>\n<strong>Jennifer Lopez<\/strong> e Ben Affleck trovano accordo sul divorzio <strong>Trump<\/strong>, &#8216;mio figlio Don in Groenlandia, l\u00ec sono Maga&#8217; <strong>Congo<\/strong>, condanna Usa a violazioni tregua da parte dei ribelli<br \/>\n<strong>Lotteria Italia: primo premio da 5 milioni nel Lodigiano<\/strong><\/p>\n<h2>AUDIO dalle 6 del mattino<\/h2>\n<audio class=\"wp-audio-shortcode\" id=\"audio-427983-3\" preload=\"none\" style=\"width: 100%;\" controls=\"controls\"><source type=\"audio\/mpeg\" src=\"https:\/\/www.radiopiu.net\/wordpress\/wp-content\/uploads\/2025\/01\/GIORNALEDELLESEI-3.mp3?_=3\" \/><a href=\"https:\/\/www.radiopiu.net\/wordpress\/wp-content\/uploads\/2025\/01\/GIORNALEDELLESEI-3.mp3\">https:\/\/www.radiopiu.net\/wordpress\/wp-content\/uploads\/2025\/01\/GIORNALEDELLESEI-3.mp3<\/a><\/audio>\n<p>&nbsp;<\/p>\n<p>&nbsp;<\/p>\n<hr \/>\n<p>&nbsp;<\/p>\n<h1 style=\"text-align: center;\"><span style=\"color: #ff0000;\"><a class=\"dt-pswp-item\" href=\"https:\/\/www.radiopiu.net\/wordpress\/wp-content\/uploads\/2024\/11\/7.jpg\" data-dt-img-description=\"\" data-large_image_width=\"180\" data-large_image_height=\"180\"><img loading=\"lazy\" decoding=\"async\" class=\"size-full wp-image-417912 alignleft\" src=\"https:\/\/www.radiopiu.net\/wordpress\/wp-content\/uploads\/2024\/11\/7.jpg\" alt=\"\" width=\"180\" height=\"180\" srcset=\"https:\/\/www.radiopiu.net\/wordpress\/wp-content\/uploads\/2024\/11\/7.jpg 180w, https:\/\/www.radiopiu.net\/wordpress\/wp-content\/uploads\/2024\/11\/7-150x150.jpg 150w\" sizes=\"auto, (max-width: 180px) 100vw, 180px\" \/><\/a>I podcast informativi del mattino &#8211; audio &#8211;\u00a0<\/span><\/h1>\n<p><strong>OGNI GIORNO ALLE SETTE DEL MATTINO, LA RASSEGNA STAMPA LOCALE FLASH&#8230; PER CHI VA IN FRETTA. I TITOLI DAI GIORNALI E DAL SITO WWW.RADIOPIU.NET <span style=\"color: #0000ff;\">viene pubblicato alle 7.00<\/span> <span style=\"color: #ff0000;\">DIRETTA RADIO\u00a0<\/span><\/strong><\/p>\n<p><em><span style=\"color: #ff0000;\">per chi va in fretta&#8230; tante notizie in pochi minuti. L&#8217;informazione locale alla radio, ogni ora dalle 7 del mattino alle 19 della sera.<\/span><\/em><\/p>\n<h1><\/h1>\n<h1>AUDIO dalle 7 del mattino<\/h1>\n<audio class=\"wp-audio-shortcode\" id=\"audio-427983-4\" preload=\"none\" style=\"width: 100%;\" controls=\"controls\"><source type=\"audio\/mpeg\" src=\"https:\/\/www.radiopiu.net\/wordpress\/wp-content\/uploads\/2025\/01\/GF07-3.mp3?_=4\" \/><a href=\"https:\/\/www.radiopiu.net\/wordpress\/wp-content\/uploads\/2025\/01\/GF07-3.mp3\">https:\/\/www.radiopiu.net\/wordpress\/wp-content\/uploads\/2025\/01\/GF07-3.mp3<\/a><\/audio>\n<p>&nbsp;<\/p>\n<hr \/>\n<p>&nbsp;<\/p>\n<h1><\/h1>\n<h1 style=\"text-align: center;\"><span style=\"color: #ff0000;\"><a class=\"dt-pswp-item\" href=\"https:\/\/www.radiopiu.net\/wordpress\/wp-content\/uploads\/2024\/11\/th.jpg\" data-dt-img-description=\"\" data-large_image_width=\"148\" data-large_image_height=\"179\"><img loading=\"lazy\" decoding=\"async\" class=\"size-full wp-image-417913 alignleft\" src=\"https:\/\/www.radiopiu.net\/wordpress\/wp-content\/uploads\/2024\/11\/th.jpg\" alt=\"\" width=\"148\" height=\"179\" \/><\/a>I podcast informativi del mattino &#8211; audio &#8211;\u00a0<\/span><\/h1>\n<blockquote><p><strong>GIORNALE RADIO NAZIONALE, EDIZIONE DELLE SETTE <span style=\"color: #0000ff;\">viene pubblicato alle 7.05 <span style=\"color: #ff0000;\">DIRETTA RADIO\u00a0<\/span><\/span><\/strong><\/p><\/blockquote>\n<p><strong>il giornale radionazionale e&#8217; in onda ogni ora, dalle sette del mattino alle venti della sera\u00a0 \u00a0<\/strong><strong>\u00a0<\/strong><\/p>\n<p><strong>La commemorazione Piersanti Mattarella,<\/strong> 45 anni fa l&#8217;omicidio a Palermo <strong>Auto contro colonnina del gas<\/strong> ad Ancona, due morti e fuga di metano Impatto dopo urto con un&#8217;altra vettura. Pm, fascicolo e autopsia <strong>Gualdo Tadino<\/strong> Uccisa dal marito, Stefania prima vittima del 2025 <strong>Le misure del Viminale<\/strong> Anche a Roma arriva la zona rossa tra la stazione Termini e l&#8217;Esquilino <strong>Ordinanza shock del sindaco di Belcastro<\/strong>: &#8220;Vietato ammalarsi&#8221; La guardia medica del paese funziona a singhiozzo e l&#8217;ospedale pi\u00f9 vicino \u00e8 a 45 chilometri<br \/>\n<strong>L&#8217;omicidio di Pierina Paganelli,<\/strong> sul suo corpo non c&#8217;\u00e8 il Dna dell&#8217;unico sospettato Tracce genetiche di Louis Dassilva, in carcere dal luglio scorso, non sono state trovate neanche sulla scena del crimine\u00a0 <strong>Vanno in cimitero a Udine<\/strong> e non trovano le tombe dei parenti Defunti esumati e trasferiti. Il Comune, avvisi sui siti specific<\/p>\n<p><b>\u00a0<\/b><\/p>\n<h2><span style=\"color: #ff0000;\"><span style=\"color: #0000ff;\">ULTIM&#8217;ORA<\/span> AUDIO dalle sette del mattino, ogni ora alla radio EDIZIONE DELLE SETTE<\/span><\/h2>\n<audio class=\"wp-audio-shortcode\" id=\"audio-427983-5\" preload=\"none\" style=\"width: 100%;\" controls=\"controls\"><source type=\"audio\/mpeg\" src=\"https:\/\/www.radiopiu.net\/wordpress\/wp-content\/uploads\/2025\/01\/giornale07-5.mp3?_=5\" \/><a href=\"https:\/\/www.radiopiu.net\/wordpress\/wp-content\/uploads\/2025\/01\/giornale07-5.mp3\">https:\/\/www.radiopiu.net\/wordpress\/wp-content\/uploads\/2025\/01\/giornale07-5.mp3<\/a><\/audio>\n<p>&nbsp;<\/p>\n<p>&nbsp;<\/p>\n<hr \/>\n<p>&nbsp;<\/p>\n<p>&nbsp;<\/p>\n<h1><span style=\"color: #ff0000;\"><a class=\"dt-pswp-item\" href=\"https:\/\/www.radiopiu.net\/wordpress\/wp-content\/uploads\/2024\/11\/8.jpg\" data-dt-img-description=\"\" data-large_image_width=\"180\" data-large_image_height=\"180\"><img loading=\"lazy\" decoding=\"async\" class=\"size-full wp-image-417910 alignleft\" src=\"https:\/\/www.radiopiu.net\/wordpress\/wp-content\/uploads\/2024\/11\/8.jpg\" alt=\"\" width=\"180\" height=\"180\" srcset=\"https:\/\/www.radiopiu.net\/wordpress\/wp-content\/uploads\/2024\/11\/8.jpg 180w, https:\/\/www.radiopiu.net\/wordpress\/wp-content\/uploads\/2024\/11\/8-150x150.jpg 150w\" sizes=\"auto, (max-width: 180px) 100vw, 180px\" \/><\/a>I podcast informativi del mattino &#8211; video &#8211;\u00a0<\/span><\/h1>\n<h2 style=\"text-align: left;\"><strong>RASSEGNA STAMPA LOCALE, ORE OTTO<\/strong><\/h2>\n<h2><strong> <span style=\"color: #0000ff;\">viene\u00a0 <\/span><\/strong><strong><span style=\"color: #0000ff;\">pubblicata alle 8.05 <span style=\"color: #ff0000;\">DIRETTA RADIO\u00a0 \u00a0<\/span><\/span><\/strong><strong>DI MIRKO MEZZACASA<\/strong><\/h2>\n<h2><span style=\"color: #ff0000;\"><strong>\u00a0<\/strong><\/span><\/h2>\n<h2><span style=\"color: #ff0000;\"><strong>\u00a0<\/strong><\/span><\/h2>\n<h1><span style=\"color: #ff0000;\"><strong>VIDEO\u00a0 \u00a0in diretta dalle 8 del mattino\u00a0 \u00a0per ASCOLTARE\u00a0<\/strong><\/span><\/h1>\n<blockquote>\n<h1 style=\"text-align: center;\"><\/h1>\n<\/blockquote>\n\n\t\t\t<style type='text\/css'>\n\t\t\t\t#gallery-1 {\n\t\t\t\t\tmargin: auto;\n\t\t\t\t}\n\t\t\t\t#gallery-1 .gallery-item {\n\t\t\t\t\tfloat: left;\n\t\t\t\t\tmargin-top: 10px;\n\t\t\t\t\ttext-align: center;\n\t\t\t\t\twidth: 33%;\n\t\t\t\t}\n\t\t\t\t#gallery-1 img {\n\t\t\t\t\tborder: 2px solid #cfcfcf;\n\t\t\t\t}\n\t\t\t\t#gallery-1 .gallery-caption {\n\t\t\t\t\tmargin-left: 0;\n\t\t\t\t}\n\t\t\t\t\/* see gallery_shortcode() in wp-includes\/media.php *\/\n\t\t\t<\/style>\n\t\t<div id='gallery-1' class='dt-gallery-container gallery galleryid-427983 gallery-columns-3 gallery-size-medium'><dl class='gallery-item'>\n\t\t\t\t<dt class='gallery-icon landscape'>\n\t\t\t\t\t<a class=\"rollover rollover-zoom dt-pswp-item\" title=\"COOP\" data-dt-img-description=\"\" data-large_image_width=\"519\" data-large_image_height=\"349\"href='https:\/\/www.radiopiu.net\/wordpress\/wp-content\/uploads\/2025\/01\/COOP.png'><img loading=\"lazy\" decoding=\"async\" width=\"300\" height=\"202\" src=\"https:\/\/www.radiopiu.net\/wordpress\/wp-content\/uploads\/2025\/01\/COOP-300x202.png\" class=\"attachment-medium size-medium\" alt=\"\" srcset=\"https:\/\/www.radiopiu.net\/wordpress\/wp-content\/uploads\/2025\/01\/COOP-300x202.png 300w, https:\/\/www.radiopiu.net\/wordpress\/wp-content\/uploads\/2025\/01\/COOP.png 519w\" sizes=\"auto, (max-width: 300px) 100vw, 300px\" \/><\/a>\n\t\t\t\t<\/dt><\/dl><dl class='gallery-item'>\n\t\t\t\t<dt class='gallery-icon landscape'>\n\t\t\t\t\t<a class=\"rollover rollover-zoom dt-pswp-item\" title=\"COOP1\" data-dt-img-description=\"\" data-large_image_width=\"523\" data-large_image_height=\"332\"href='https:\/\/www.radiopiu.net\/wordpress\/wp-content\/uploads\/2025\/01\/COOP1-2.png'><img loading=\"lazy\" decoding=\"async\" width=\"300\" height=\"190\" src=\"https:\/\/www.radiopiu.net\/wordpress\/wp-content\/uploads\/2025\/01\/COOP1-2-300x190.png\" class=\"attachment-medium size-medium\" alt=\"\" srcset=\"https:\/\/www.radiopiu.net\/wordpress\/wp-content\/uploads\/2025\/01\/COOP1-2-300x190.png 300w, https:\/\/www.radiopiu.net\/wordpress\/wp-content\/uploads\/2025\/01\/COOP1-2.png 523w\" sizes=\"auto, (max-width: 300px) 100vw, 300px\" \/><\/a>\n\t\t\t\t<\/dt><\/dl><dl class='gallery-item'>\n\t\t\t\t<dt class='gallery-icon landscape'>\n\t\t\t\t\t<a class=\"rollover rollover-zoom dt-pswp-item\" title=\"COP2\" data-dt-img-description=\"\" data-large_image_width=\"482\" data-large_image_height=\"255\"href='https:\/\/www.radiopiu.net\/wordpress\/wp-content\/uploads\/2025\/01\/COP2.png'><img loading=\"lazy\" decoding=\"async\" width=\"300\" height=\"159\" src=\"https:\/\/www.radiopiu.net\/wordpress\/wp-content\/uploads\/2025\/01\/COP2-300x159.png\" class=\"attachment-medium size-medium\" alt=\"\" srcset=\"https:\/\/www.radiopiu.net\/wordpress\/wp-content\/uploads\/2025\/01\/COP2-300x159.png 300w, https:\/\/www.radiopiu.net\/wordpress\/wp-content\/uploads\/2025\/01\/COP2.png 482w\" sizes=\"auto, (max-width: 300px) 100vw, 300px\" \/><\/a>\n\t\t\t\t<\/dt><\/dl><br style=\"clear: both\" \/>\n\t\t\t<\/div>\n\n<blockquote><p>&nbsp;<\/p><\/blockquote>\n<hr \/>\n<p>&nbsp;<\/p>\n<p>&nbsp;<\/p>\n<p><strong><a class=\"dt-pswp-item\" href=\"https:\/\/www.radiopiu.net\/wordpress\/wp-content\/uploads\/2023\/12\/ANTENNA.png\" data-dt-img-description=\"\" data-large_image_width=\"300\" data-large_image_height=\"166\"><img loading=\"lazy\" decoding=\"async\" class=\"wp-image-366306 alignright\" src=\"https:\/\/www.radiopiu.net\/wordpress\/wp-content\/uploads\/2023\/12\/ANTENNA.png\" alt=\"\" width=\"101\" height=\"56\" \/><\/a><a class=\"dt-pswp-item\" href=\"https:\/\/www.radiopiu.net\/wordpress\/wp-content\/uploads\/2024\/11\/th-17.jpg\" data-dt-img-description=\"\" data-large_image_width=\"224\" data-large_image_height=\"180\"><img loading=\"lazy\" decoding=\"async\" class=\" wp-image-421610 alignleft\" src=\"https:\/\/www.radiopiu.net\/wordpress\/wp-content\/uploads\/2024\/11\/th-17.jpg\" alt=\"\" width=\"167\" height=\"134\" \/><\/a>ogni sera alle 19 le anticipazioni alla radio, quello che poi seguirete nel TELEGIORNALE BELLUNESE\u00a0 in onda alle 19.30 sul CANALE 10 del digitale terrestre.\u00a0\u00a0<\/strong><\/p>\n<p>&nbsp;<\/p>\n<p>&nbsp;<\/p>\n<p>&nbsp;<\/p>\n<hr \/>\n<p>&nbsp;<\/p>\n<h2><em>VIABILITA&#8217; &#8211; RIAPRONO I CANTIERI A MENO DI 400 GIORNI DALLE OLIMPIADI<\/em><\/h2>\n<p>Le infrastrutture stradali della provincia di Belluno affrontano notevoli ritardi, con l&#8217;incertezza sulla conclusione di alcuni progetti strategici prima delle Olimpiadi invernali 2026.<\/p>\n<ol>\n<li><strong>Trafori di Valle e Tai<\/strong>:\n<ul>\n<li>Difficilmente pronti per le Olimpiadi invernali 2026.<\/li>\n<li>Ritardi nella consegna delle gallerie, causando problemi di transito tra Valle e Vallesella.<\/li>\n<\/ul>\n<\/li>\n<li><strong>Circonvallazione di Cortina<\/strong>:\n<ul>\n<li>Rinviata a dopo le Olimpiadi.<\/li>\n<li>Lotti Zero e Uno da completare entro 400 giorni, con un investimento complessivo di circa 81 milioni di euro.<\/li>\n<\/ul>\n<\/li>\n<li><strong>Galleria del Comelico<\/strong>:\n<ul>\n<li>Lavori notturni ripresi con chiusura dalle 22 alle 6.<\/li>\n<li>Previsto termine tra la fine del 2026 e l&#8217;inizio del 2027.<\/li>\n<li>In corso lavori per il consolidamento della calotta e miglioramento della ventilazione interna.<\/li>\n<\/ul>\n<\/li>\n<li><strong>Lavori a Lamon<\/strong>:\n<ul>\n<li>Prosegue lo scavo della galleria Pala Rossa (950 metri), con ordinanze di interruzioni stradali temporanee.<\/li>\n<li>Termine previsto per il 2025.<\/li>\n<\/ul>\n<\/li>\n<li><strong>Altri interventi infrastrutturali<\/strong>:\n<ul>\n<li>Investimenti complessivi di 930 milioni di euro nel Bellunese, con diversi progetti gi\u00e0 in ritardo rispetto ai Mondiali di Sci 2021.<\/li>\n<li>Lavori al ponte sul Piave e alla galleria paramassi di Laste, previsti entro il 2025.<\/li>\n<\/ul>\n<\/li>\n<\/ol>\n<p><strong>\u00a0 \u00a0 \u00a0 6. 203 Agordina Sedico-Alto Agordino<\/strong><\/p>\n<ul>\n<li>Nessun investimento all&#8217;orizzonte per allontanare la strada dalla montagna o per creare sovra o sottopassaggi per gli ungulati<\/li>\n<\/ul>\n<hr \/>\n<p>&nbsp;<\/p>\n<p>&nbsp;<\/p>\n<blockquote>\n<h3>ARRESTATO UN 25ENNE. SEQUESTRATI 800 GRAMMI DI HASHISH, UN ETTO DI EXTASI E 15 MILA EURO IN CONTANTI<\/h3>\n<\/blockquote>\n<p><strong>BELLUNO<\/strong> Pi\u00f9 di 15mila euro in contanti, oltre 800 grammi di hashish e pi\u00f9 di un etto di ecstasy in cristalli: questo quanto sequestrato dalla Squadra Mobile della Polizia di Stato di Belluno in un&#8217;operazione che ha portato all&#8217;arresto di un 25enne.<\/p>\n<p><strong>DI DANIELE DALVIT<\/strong><\/p>\n<audio class=\"wp-audio-shortcode\" id=\"audio-427983-6\" preload=\"none\" style=\"width: 100%;\" controls=\"controls\"><source type=\"audio\/mpeg\" src=\"https:\/\/www.radiopiu.net\/wordpress\/wp-content\/uploads\/2025\/01\/Servizio-Sequestro-MDMA-droga-polizia.mp3?_=6\" \/><a href=\"https:\/\/www.radiopiu.net\/wordpress\/wp-content\/uploads\/2025\/01\/Servizio-Sequestro-MDMA-droga-polizia.mp3\">https:\/\/www.radiopiu.net\/wordpress\/wp-content\/uploads\/2025\/01\/Servizio-Sequestro-MDMA-droga-polizia.mp3<\/a><\/audio>\n<p>&nbsp;<\/p>\n\n\t\t\t<style type='text\/css'>\n\t\t\t\t#gallery-2 {\n\t\t\t\t\tmargin: auto;\n\t\t\t\t}\n\t\t\t\t#gallery-2 .gallery-item {\n\t\t\t\t\tfloat: left;\n\t\t\t\t\tmargin-top: 10px;\n\t\t\t\t\ttext-align: center;\n\t\t\t\t\twidth: 50%;\n\t\t\t\t}\n\t\t\t\t#gallery-2 img {\n\t\t\t\t\tborder: 2px solid #cfcfcf;\n\t\t\t\t}\n\t\t\t\t#gallery-2 .gallery-caption {\n\t\t\t\t\tmargin-left: 0;\n\t\t\t\t}\n\t\t\t\t\/* see gallery_shortcode() in wp-includes\/media.php *\/\n\t\t\t<\/style>\n\t\t<div id='gallery-2' class='dt-gallery-container gallery galleryid-427983 gallery-columns-2 gallery-size-medium'><dl class='gallery-item'>\n\t\t\t\t<dt class='gallery-icon landscape'>\n\t\t\t\t\t<a class=\"rollover rollover-zoom dt-pswp-item\" title=\"8b81e90d-e3ba-4979-b108-b38b632c00aa\" data-dt-img-description=\"\" data-large_image_width=\"2560\" data-large_image_height=\"1920\"href='https:\/\/www.radiopiu.net\/wordpress\/wp-content\/uploads\/2025\/01\/8b81e90d-e3ba-4979-b108-b38b632c00aa-scaled.jpg'><img loading=\"lazy\" decoding=\"async\" width=\"300\" height=\"225\" src=\"https:\/\/www.radiopiu.net\/wordpress\/wp-content\/uploads\/2025\/01\/8b81e90d-e3ba-4979-b108-b38b632c00aa-300x225.jpg\" class=\"attachment-medium size-medium\" alt=\"\" srcset=\"https:\/\/www.radiopiu.net\/wordpress\/wp-content\/uploads\/2025\/01\/8b81e90d-e3ba-4979-b108-b38b632c00aa-300x225.jpg 300w, https:\/\/www.radiopiu.net\/wordpress\/wp-content\/uploads\/2025\/01\/8b81e90d-e3ba-4979-b108-b38b632c00aa-1024x768.jpg 1024w, https:\/\/www.radiopiu.net\/wordpress\/wp-content\/uploads\/2025\/01\/8b81e90d-e3ba-4979-b108-b38b632c00aa-768x576.jpg 768w, https:\/\/www.radiopiu.net\/wordpress\/wp-content\/uploads\/2025\/01\/8b81e90d-e3ba-4979-b108-b38b632c00aa-1536x1152.jpg 1536w, https:\/\/www.radiopiu.net\/wordpress\/wp-content\/uploads\/2025\/01\/8b81e90d-e3ba-4979-b108-b38b632c00aa-2048x1536.jpg 2048w\" sizes=\"auto, (max-width: 300px) 100vw, 300px\" \/><\/a>\n\t\t\t\t<\/dt><\/dl><dl class='gallery-item'>\n\t\t\t\t<dt class='gallery-icon landscape'>\n\t\t\t\t\t<a class=\"rollover rollover-zoom dt-pswp-item\" title=\"63352b46-cdaf-4f9a-80a2-aaa8f08937a8\" data-dt-img-description=\"\" data-large_image_width=\"2560\" data-large_image_height=\"1926\"href='https:\/\/www.radiopiu.net\/wordpress\/wp-content\/uploads\/2025\/01\/63352b46-cdaf-4f9a-80a2-aaa8f08937a8-scaled.jpg'><img loading=\"lazy\" decoding=\"async\" width=\"300\" height=\"226\" src=\"https:\/\/www.radiopiu.net\/wordpress\/wp-content\/uploads\/2025\/01\/63352b46-cdaf-4f9a-80a2-aaa8f08937a8-300x226.jpg\" class=\"attachment-medium size-medium\" alt=\"\" srcset=\"https:\/\/www.radiopiu.net\/wordpress\/wp-content\/uploads\/2025\/01\/63352b46-cdaf-4f9a-80a2-aaa8f08937a8-300x226.jpg 300w, https:\/\/www.radiopiu.net\/wordpress\/wp-content\/uploads\/2025\/01\/63352b46-cdaf-4f9a-80a2-aaa8f08937a8-1024x770.jpg 1024w, https:\/\/www.radiopiu.net\/wordpress\/wp-content\/uploads\/2025\/01\/63352b46-cdaf-4f9a-80a2-aaa8f08937a8-768x578.jpg 768w, https:\/\/www.radiopiu.net\/wordpress\/wp-content\/uploads\/2025\/01\/63352b46-cdaf-4f9a-80a2-aaa8f08937a8-1536x1156.jpg 1536w, https:\/\/www.radiopiu.net\/wordpress\/wp-content\/uploads\/2025\/01\/63352b46-cdaf-4f9a-80a2-aaa8f08937a8-2048x1541.jpg 2048w\" sizes=\"auto, (max-width: 300px) 100vw, 300px\" \/><\/a>\n\t\t\t\t<\/dt><\/dl><br style=\"clear: both\" \/>\n\t\t\t<\/div>\n\n<p>&nbsp;<\/p>\n<p>&nbsp;<\/p>\n<hr \/>\n<h1><\/h1>\n<h1>FRASSEN\u00c8 \u2013 UN RINGRAZIAMENTO SPECIALE DOPO L\u2019INCENDIO<\/h1>\n<p><a class=\"dt-pswp-item\" href=\"https:\/\/www.radiopiu.net\/wordpress\/wp-content\/uploads\/2025\/01\/Senza-nome-8.png\" data-dt-img-description=\"\" data-large_image_width=\"637\" data-large_image_height=\"627\"><img loading=\"lazy\" decoding=\"async\" class=\"size-medium wp-image-428283 alignleft\" src=\"https:\/\/www.radiopiu.net\/wordpress\/wp-content\/uploads\/2025\/01\/Senza-nome-8-300x295.png\" alt=\"\" width=\"300\" height=\"295\" srcset=\"https:\/\/www.radiopiu.net\/wordpress\/wp-content\/uploads\/2025\/01\/Senza-nome-8-300x295.png 300w, https:\/\/www.radiopiu.net\/wordpress\/wp-content\/uploads\/2025\/01\/Senza-nome-8.png 637w\" sizes=\"auto, (max-width: 300px) 100vw, 300px\" \/><\/a>Nei giorni scorsi, un devastante incendio ha distrutto un fienile e danneggiato tre abitazioni a Frassen\u00e8, lasciando segni profondi nella comunit\u00e0. Tra i colpiti, la famiglia di Renato Gnech, proprietaria di una delle case danneggiate.<\/p>\n<p>La moglie di Renato, in un momento di commozione, ha voluto condividere un messaggio di gratitudine:<br \/>\n\u201cCi terremmo a ringraziare di cuore tutte le persone che, a vario titolo, ci stanno aiutando in questo momento cos\u00ec difficile. Il vostro sostegno, la vostra solidariet\u00e0 e i vostri gesti concreti ci danno forza per andare avanti. Grazie di cuore.\u201d<\/p>\n<p>Questo sentito appello ricorda l&#8217;importanza del supporto reciproco in situazioni di emergenza e mette in luce l\u2019incredibile spirito solidale della comunit\u00e0.<\/p>\n<p>Un ringraziamento speciale va a chi \u00e8 intervenuto prontamente per limitare i danni e a tutti coloro che stanno contribuendo con aiuti e vicinanza umana.<\/p>\n<h1 style=\"text-align: center;\"><strong>Insieme, possiamo superare qualsiasi ostacolo.<\/strong><\/h1>\n<p>&nbsp;<\/p>\n<blockquote>\n<h3>SUPERATI I 23 MILA EURO SU GOFUNDME PER AIUTARE LE FAMIGLIE COLPITE DALL&#8217;INCENDIO DI FRASSENE&#8217;<\/h3>\n<p><span style=\"color: #ff0000;\">Il fienile, da cui sarebbe partito il rogo, \u00e8 stato abbattuto per sicurezza, mentre continuano le indagini per incendio colposo. Intanto, si lavora per ripristinare le abitazioni danneggiate e restituirle ai proprietari, in particolare alla famiglia Gnech, rimasta senza casa.<\/span><\/p><\/blockquote>\n<p><strong><a class=\"dt-pswp-item\" href=\"https:\/\/www.radiopiu.net\/wordpress\/wp-content\/uploads\/2025\/01\/85408045_1735999191208803_r.jpg\" data-dt-img-description=\"\" data-large_image_width=\"1170\" data-large_image_height=\"661\"><img loading=\"lazy\" decoding=\"async\" class=\"size-medium wp-image-428187 alignleft\" src=\"https:\/\/www.radiopiu.net\/wordpress\/wp-content\/uploads\/2025\/01\/85408045_1735999191208803_r-300x169.jpg\" alt=\"\" width=\"300\" height=\"169\" srcset=\"https:\/\/www.radiopiu.net\/wordpress\/wp-content\/uploads\/2025\/01\/85408045_1735999191208803_r-300x169.jpg 300w, https:\/\/www.radiopiu.net\/wordpress\/wp-content\/uploads\/2025\/01\/85408045_1735999191208803_r-1024x579.jpg 1024w, https:\/\/www.radiopiu.net\/wordpress\/wp-content\/uploads\/2025\/01\/85408045_1735999191208803_r-768x434.jpg 768w, https:\/\/www.radiopiu.net\/wordpress\/wp-content\/uploads\/2025\/01\/85408045_1735999191208803_r.jpg 1170w\" sizes=\"auto, (max-width: 300px) 100vw, 300px\" \/><\/a>REDAZIONE<\/strong> Al momento del bisogno il grande cuore degli agordini, ma non solo, si fa sentire. Dopo l&#8217;incendio della notte tra venerd\u00ec e sabato che ha colpito Frassen\u00e8, il comune di Voltago e la Parrocchia di San Nicol\u00f2 a Frassen\u00e8, con in prima linea il sindaco Giuseppe Schena e il parroco Don Fabiano Del Favero, hanno iniziato una raccolta fondi per aiutare le famiglie colpite. In particolare, fra esse, una famiglia di compaesani residenti si \u00e8 vista dichiarare inagibile la propria abitazione dalle competenti autorit\u00e0. In due giorni sono stati raccolti oltre 23 mila euro<\/p>\n<p><strong>LE DONAZIONI: Presso la Cassa rurale di Fassa, Primiero e Belluno &#8211; filiale di Agordo (BL) \u00e8 disponibile il conto corrente bancario con Iban IT 60 S 08140 60980 000006162000 con causale: \u201cPro famiglie di Frassen\u00e8\u201d<\/strong><\/p>\n<h2>CHI VOLESSE DONARE ATTRAVERSO LA PIATTAFORMA GOFUNDME PUO&#8217; <a href=\"https:\/\/www.gofundme.com\/f\/sostegno-alle-famiglie-interessate-dallincendio-di-frassene\"><span style=\"color: #3366ff;\">CLICCARE QUI<\/span><\/a><\/h2>\n<p>&nbsp;<\/p>\n<p><a class=\"dt-pswp-item\" href=\"https:\/\/www.radiopiu.net\/wordpress\/wp-content\/uploads\/2025\/01\/qr-code.png\" data-dt-img-description=\"\" data-large_image_width=\"620\" data-large_image_height=\"620\"><img loading=\"lazy\" decoding=\"async\" class=\"size-medium wp-image-428189 aligncenter\" src=\"https:\/\/www.radiopiu.net\/wordpress\/wp-content\/uploads\/2025\/01\/qr-code-300x300.png\" alt=\"\" width=\"300\" height=\"300\" srcset=\"https:\/\/www.radiopiu.net\/wordpress\/wp-content\/uploads\/2025\/01\/qr-code-300x300.png 300w, https:\/\/www.radiopiu.net\/wordpress\/wp-content\/uploads\/2025\/01\/qr-code-150x150.png 150w, https:\/\/www.radiopiu.net\/wordpress\/wp-content\/uploads\/2025\/01\/qr-code.png 620w\" sizes=\"auto, (max-width: 300px) 100vw, 300px\" \/><\/a><\/p>\n<p>&nbsp;<\/p>\n<blockquote>\n<h3>RACCOLTA FONDI PER LE FAMIGLIE COLPITE DALL&#8217;INCENDIO DI FRASSENE&#8217;. IL RINGRAZIAMENTO DI DON FABIANO<\/h3>\n<\/blockquote>\n<p><strong><a class=\"dt-pswp-item\" href=\"https:\/\/www.radiopiu.net\/wordpress\/wp-content\/uploads\/2025\/01\/e3b3d1a8-bde1-49e5-a0e9-7c9e39cc2c58.jpg\" data-dt-img-description=\"\" data-large_image_width=\"1280\" data-large_image_height=\"720\"><img loading=\"lazy\" decoding=\"async\" class=\"size-medium wp-image-427997 alignleft\" src=\"https:\/\/www.radiopiu.net\/wordpress\/wp-content\/uploads\/2025\/01\/e3b3d1a8-bde1-49e5-a0e9-7c9e39cc2c58-300x169.jpg\" alt=\"\" width=\"300\" height=\"169\" srcset=\"https:\/\/www.radiopiu.net\/wordpress\/wp-content\/uploads\/2025\/01\/e3b3d1a8-bde1-49e5-a0e9-7c9e39cc2c58-300x169.jpg 300w, https:\/\/www.radiopiu.net\/wordpress\/wp-content\/uploads\/2025\/01\/e3b3d1a8-bde1-49e5-a0e9-7c9e39cc2c58-1024x576.jpg 1024w, https:\/\/www.radiopiu.net\/wordpress\/wp-content\/uploads\/2025\/01\/e3b3d1a8-bde1-49e5-a0e9-7c9e39cc2c58-768x432.jpg 768w, https:\/\/www.radiopiu.net\/wordpress\/wp-content\/uploads\/2025\/01\/e3b3d1a8-bde1-49e5-a0e9-7c9e39cc2c58.jpg 1280w\" sizes=\"auto, (max-width: 300px) 100vw, 300px\" \/><\/a>VOLTAGO\u00a0<\/strong>Continua la raccolta fondi per le famiglie colpite dall&#8217;incendio di Frassen\u00e8 nella notte tra venerd\u00ec e sabato. Una raccolta fondi che sta dando i suoi frutti come tetimonia Don Fabiano Del Favero, parroco di Voltago, Rivaonte e Gosaldo.<\/p>\n<blockquote><p><em>A distanza di poco tempo dall&#8217;avvio di raccolta fondi per le famiglie interessate dell&#8217;incendio, davvero stiamo toccando con mano una generosit\u00e0 che commuove! La piattaforma online si sta presentando quale strumento prezioso, varie persone a vario titolo si sono rivolte direttamente a me, aspettiamo che vengano contabilizzati i bonifici, cos\u00ec da avere un quadro della generosit\u00e0, senza dubbio in divenire. Col Sindaco ci stiamo muovendo circa il &#8220;come&#8221; gestire poi tutti questi fondi in trasparenza e con sguardo attento. Senza dubbio tanto, tanto e toccante bene si sta riversando sulla nostra piccola comunit\u00e0. Grazie, davvero.<\/em><\/p>\n<p><em>Don Fabiano Del Favero<\/em><\/p><\/blockquote>\n<p>&nbsp;<\/p>\n<blockquote>\n<h3>INCENDIO DI FRASSENE&#8217;, IL SINDACO RINGRAZIA<\/h3>\n<\/blockquote>\n<p><strong><a class=\"dt-pswp-item\" href=\"https:\/\/www.radiopiu.net\/wordpress\/wp-content\/uploads\/2025\/01\/d946b5e0-7738-47a3-9073-3d79e2168cd8.jpg\" data-dt-img-description=\"\" data-large_image_width=\"1280\" data-large_image_height=\"607\"><img loading=\"lazy\" decoding=\"async\" class=\" wp-image-427999 alignleft\" src=\"https:\/\/www.radiopiu.net\/wordpress\/wp-content\/uploads\/2025\/01\/d946b5e0-7738-47a3-9073-3d79e2168cd8-300x142.jpg\" alt=\"\" width=\"190\" height=\"90\" srcset=\"https:\/\/www.radiopiu.net\/wordpress\/wp-content\/uploads\/2025\/01\/d946b5e0-7738-47a3-9073-3d79e2168cd8-300x142.jpg 300w, https:\/\/www.radiopiu.net\/wordpress\/wp-content\/uploads\/2025\/01\/d946b5e0-7738-47a3-9073-3d79e2168cd8-1024x486.jpg 1024w, https:\/\/www.radiopiu.net\/wordpress\/wp-content\/uploads\/2025\/01\/d946b5e0-7738-47a3-9073-3d79e2168cd8-768x364.jpg 768w, https:\/\/www.radiopiu.net\/wordpress\/wp-content\/uploads\/2025\/01\/d946b5e0-7738-47a3-9073-3d79e2168cd8.jpg 1280w\" sizes=\"auto, (max-width: 190px) 100vw, 190px\" \/><\/a>VOLTAGO\u00a0<\/strong>Raccolta fondi che continua in favore della famiglia Gnech di Frassen\u00e8, colpita dall&#8217;incendio che ha coinvolto la loro abitazione nella notte tra venerd\u00ec e sabato.<\/p>\n<p>&nbsp;<\/p>\n<p><strong>IL SINDACO GIUSEPPE SCHENA\u00a0<\/strong><\/p>\n<audio class=\"wp-audio-shortcode\" id=\"audio-427983-7\" preload=\"none\" style=\"width: 100%;\" controls=\"controls\"><source type=\"audio\/mpeg\" src=\"https:\/\/www.radiopiu.net\/wordpress\/wp-content\/uploads\/2025\/01\/SCHENA-INCENDIO-6-GENN.mp3?_=7\" \/><a href=\"https:\/\/www.radiopiu.net\/wordpress\/wp-content\/uploads\/2025\/01\/SCHENA-INCENDIO-6-GENN.mp3\">https:\/\/www.radiopiu.net\/wordpress\/wp-content\/uploads\/2025\/01\/SCHENA-INCENDIO-6-GENN.mp3<\/a><\/audio>\n<p>&nbsp;<\/p>\n<hr \/>\n<p>&nbsp;<\/p>\n<blockquote>\n<h3 class=\"entry-title\"><a class=\"dt-pswp-item\" href=\"https:\/\/www.radiopiu.net\/wordpress\/wp-content\/uploads\/2025\/01\/SALT-1.jpg\" data-dt-img-description=\"\" data-large_image_width=\"1600\" data-large_image_height=\"1200\"><img loading=\"lazy\" decoding=\"async\" class=\" wp-image-428088 alignleft\" src=\"https:\/\/www.radiopiu.net\/wordpress\/wp-content\/uploads\/2025\/01\/SALT-1-300x225.jpg\" alt=\"\" width=\"221\" height=\"166\" srcset=\"https:\/\/www.radiopiu.net\/wordpress\/wp-content\/uploads\/2025\/01\/SALT-1-300x225.jpg 300w, https:\/\/www.radiopiu.net\/wordpress\/wp-content\/uploads\/2025\/01\/SALT-1-1024x768.jpg 1024w, https:\/\/www.radiopiu.net\/wordpress\/wp-content\/uploads\/2025\/01\/SALT-1-768x576.jpg 768w, https:\/\/www.radiopiu.net\/wordpress\/wp-content\/uploads\/2025\/01\/SALT-1-1536x1152.jpg 1536w, https:\/\/www.radiopiu.net\/wordpress\/wp-content\/uploads\/2025\/01\/SALT-1.jpg 1600w\" sizes=\"auto, (max-width: 221px) 100vw, 221px\" \/><\/a>PRECIPITA DALLA FERRATA, GRAVE ESCURSIONISTA<\/h3>\n<\/blockquote>\n<p><strong>REDAZIONE<\/strong> Sabato mattina, un 50enne di Padova\u00a0 ORIGINARIO DI ROCCA PIETORE \u00e8 precipitato per circa 20 metri dalla Ferrata del Col dei Bos mentre tentava di recuperare un guanto caduto. L\u2019incidente \u00e8 avvenuto attorno alle 9.30, vicino all\u2019inizio del percorso attrezzato. L\u2019uomo, legato a una corda fissata a uno spuntone di roccia, \u00e8 scivolato quando la corda si \u00e8 sfilata, ruzzolando sul ghiaione sottostante. La compagna, presente sul posto, ha subito dato l\u2019allarme e fornito le coordinate. Il soccorso alpino, giunto in elicottero, ha stabilizzato l\u2019uomo, che ha riportato traumi a testa e bacino, e lo ha trasportato con il verricello all\u2019ospedale di Treviso per cure urgenti.<\/p>\n<p>&nbsp;<\/p>\n<p>&nbsp;<\/p>\n<hr \/>\n<p>&nbsp;<\/p>\n<blockquote>\n<h3>RECUPERATI TRE RAGAZZI SCIVOLATI IN UN CANALE, OLTRE 200 METRI SOTTO IL SENTIERO IN CRESTA<\/h3>\n<\/blockquote>\n<p><strong>CHIES D&#8217;ALPAGO<\/strong> Si \u00e8 concluso intorno alle 20 di sabato il complesso recupero di tre giovani escursionisti, scivolati in un canale ripido oltre 200 metri sotto la cresta del Monte Pianina, lungo l\u2019Alta Via n. 7. L\u2019allarme \u00e8 stato dato alle 16.30 da uno dei ragazzi, in stato confusionale, che ha fornito indicazioni errate. Dopo una lunga ricerca, l\u2019elicottero Falco 2 ha individuato i giovani, feriti e distanti tra loro. Il primo, un ventenne di Pordenone, \u00e8 stato recuperato e portato al campo base. I tentativi di soccorso dei due rimanenti sono stati complicati da un telo di plastica fuoriuscito dagli zaini, che creava rischi per il rotore dell\u2019elicottero. Dopo vari interventi, l\u2019elicottero di Trento \u00e8 riuscito a completare il recupero, trasportando i ragazzi con possibili politraumi agli ospedali di Belluno e Trento.<\/p>\n\n\t\t\t<style type='text\/css'>\n\t\t\t\t#gallery-3 {\n\t\t\t\t\tmargin: auto;\n\t\t\t\t}\n\t\t\t\t#gallery-3 .gallery-item {\n\t\t\t\t\tfloat: left;\n\t\t\t\t\tmargin-top: 10px;\n\t\t\t\t\ttext-align: center;\n\t\t\t\t\twidth: 25%;\n\t\t\t\t}\n\t\t\t\t#gallery-3 img {\n\t\t\t\t\tborder: 2px solid #cfcfcf;\n\t\t\t\t}\n\t\t\t\t#gallery-3 .gallery-caption {\n\t\t\t\t\tmargin-left: 0;\n\t\t\t\t}\n\t\t\t\t\/* see gallery_shortcode() in wp-includes\/media.php *\/\n\t\t\t<\/style>\n\t\t<div id='gallery-3' class='dt-gallery-container gallery galleryid-427983 gallery-columns-4 gallery-size-thumbnail'><dl class='gallery-item'>\n\t\t\t\t<dt class='gallery-icon portrait'>\n\t\t\t\t\t<a class=\"rollover rollover-zoom dt-pswp-item\" title=\"Watermark_20250104_202450_515\" data-dt-img-description=\"\" data-large_image_width=\"1773\" data-large_image_height=\"2364\"href='https:\/\/www.radiopiu.net\/wordpress\/wp-content\/uploads\/2025\/01\/Watermark_20250104_202450_515.jpg'><img loading=\"lazy\" decoding=\"async\" width=\"150\" height=\"150\" src=\"https:\/\/www.radiopiu.net\/wordpress\/wp-content\/uploads\/2025\/01\/Watermark_20250104_202450_515-150x150.jpg\" class=\"attachment-thumbnail size-thumbnail\" alt=\"\" \/><\/a>\n\t\t\t\t<\/dt><\/dl><dl class='gallery-item'>\n\t\t\t\t<dt class='gallery-icon portrait'>\n\t\t\t\t\t<a class=\"rollover rollover-zoom dt-pswp-item\" title=\"Watermark_20250104_202328_126\" data-dt-img-description=\"\" data-large_image_width=\"1773\" data-large_image_height=\"2364\"href='https:\/\/www.radiopiu.net\/wordpress\/wp-content\/uploads\/2025\/01\/Watermark_20250104_202328_126.jpg'><img loading=\"lazy\" decoding=\"async\" width=\"150\" height=\"150\" src=\"https:\/\/www.radiopiu.net\/wordpress\/wp-content\/uploads\/2025\/01\/Watermark_20250104_202328_126-150x150.jpg\" class=\"attachment-thumbnail size-thumbnail\" alt=\"\" \/><\/a>\n\t\t\t\t<\/dt><\/dl><dl class='gallery-item'>\n\t\t\t\t<dt class='gallery-icon portrait'>\n\t\t\t\t\t<a class=\"rollover rollover-zoom dt-pswp-item\" title=\"Watermark_20250104_202307_337\" data-dt-img-description=\"\" data-large_image_width=\"1773\" data-large_image_height=\"2364\"href='https:\/\/www.radiopiu.net\/wordpress\/wp-content\/uploads\/2025\/01\/Watermark_20250104_202307_337.jpg'><img loading=\"lazy\" decoding=\"async\" width=\"150\" height=\"150\" src=\"https:\/\/www.radiopiu.net\/wordpress\/wp-content\/uploads\/2025\/01\/Watermark_20250104_202307_337-150x150.jpg\" class=\"attachment-thumbnail size-thumbnail\" alt=\"\" \/><\/a>\n\t\t\t\t<\/dt><\/dl><dl class='gallery-item'>\n\t\t\t\t<dt class='gallery-icon portrait'>\n\t\t\t\t\t<a class=\"rollover rollover-zoom dt-pswp-item\" title=\"Watermark_20250104_202343_926\" data-dt-img-description=\"\" data-large_image_width=\"1773\" data-large_image_height=\"2364\"href='https:\/\/www.radiopiu.net\/wordpress\/wp-content\/uploads\/2025\/01\/Watermark_20250104_202343_926.jpg'><img loading=\"lazy\" decoding=\"async\" width=\"150\" height=\"150\" src=\"https:\/\/www.radiopiu.net\/wordpress\/wp-content\/uploads\/2025\/01\/Watermark_20250104_202343_926-150x150.jpg\" class=\"attachment-thumbnail size-thumbnail\" alt=\"\" \/><\/a>\n\t\t\t\t<\/dt><\/dl><br style=\"clear: both\" \/>\n\t\t\t<\/div>\n\n<p>&nbsp;<\/p>\n<hr \/>\n<p>&nbsp;<\/p>\n<blockquote>\n<h3>SOCCORSO GIOVANE ESCURSIONISTA BLOCCATO DAL BUIO<\/h3>\n<\/blockquote>\n<p><strong>CANALE D&#8217;AGORDO<\/strong> Dopo essere scivolato riportando alcune escoriazioni nel tentativo di raggiungere il Rifugio Rosetta, ormai buio e in prossimit\u00e0 di un crepaccio, verso le 16.30 di domenica un 21enne di Schio ha contattato la Centrale del 118 chiedendo aiuto. L&#8217;escursionista aveva completato la Ferrata Bover Lugli al Cimon della Pala, toccato il Bivacco Fiamme Gialle e il Passo del Travignolo, a ovest della Cima del Nuvolo, con l&#8217;idea di proseguire dalla Val dei Cantoni, quando nella discesa si era fatto male. Fornite le coordinate della posizione all&#8217;equipaggio dell&#8217;elicottero del Suem di Pieve di Cadore, il ragazzo \u00e8 stato velocemente individuato anche grazie ai suoi segnali di luce. Sbarcato con un verricello di 20 metri, il tecnico di elisoccorso lo ha assicurato a s\u00e9 ed entrambi sono poi stati issati a bordo. Il giovane \u00e8 stato trasportato all&#8217;ospedale di Agordo. Pronta a intervenire in piazzola in supporto alle operazioni una squadra del Soccorso alpino della Val Biois.<\/p>\n\n\t\t\t<style type='text\/css'>\n\t\t\t\t#gallery-4 {\n\t\t\t\t\tmargin: auto;\n\t\t\t\t}\n\t\t\t\t#gallery-4 .gallery-item {\n\t\t\t\t\tfloat: left;\n\t\t\t\t\tmargin-top: 10px;\n\t\t\t\t\ttext-align: center;\n\t\t\t\t\twidth: 50%;\n\t\t\t\t}\n\t\t\t\t#gallery-4 img {\n\t\t\t\t\tborder: 2px solid #cfcfcf;\n\t\t\t\t}\n\t\t\t\t#gallery-4 .gallery-caption {\n\t\t\t\t\tmargin-left: 0;\n\t\t\t\t}\n\t\t\t\t\/* see gallery_shortcode() in wp-includes\/media.php *\/\n\t\t\t<\/style>\n\t\t<div id='gallery-4' class='dt-gallery-container gallery galleryid-427983 gallery-columns-2 gallery-size-medium'><dl class='gallery-item'>\n\t\t\t\t<dt class='gallery-icon portrait'>\n\t\t\t\t\t<a class=\"rollover rollover-zoom dt-pswp-item\" title=\"Watermark_20250105_183404_018\" data-dt-img-description=\"\" data-large_image_width=\"1773\" data-large_image_height=\"2364\"href='https:\/\/www.radiopiu.net\/wordpress\/wp-content\/uploads\/2025\/01\/Watermark_20250105_183404_018.jpg'><img loading=\"lazy\" decoding=\"async\" width=\"225\" height=\"300\" src=\"https:\/\/www.radiopiu.net\/wordpress\/wp-content\/uploads\/2025\/01\/Watermark_20250105_183404_018-225x300.jpg\" class=\"attachment-medium size-medium\" alt=\"\" srcset=\"https:\/\/www.radiopiu.net\/wordpress\/wp-content\/uploads\/2025\/01\/Watermark_20250105_183404_018-225x300.jpg 225w, https:\/\/www.radiopiu.net\/wordpress\/wp-content\/uploads\/2025\/01\/Watermark_20250105_183404_018-768x1024.jpg 768w, https:\/\/www.radiopiu.net\/wordpress\/wp-content\/uploads\/2025\/01\/Watermark_20250105_183404_018-1152x1536.jpg 1152w, https:\/\/www.radiopiu.net\/wordpress\/wp-content\/uploads\/2025\/01\/Watermark_20250105_183404_018-1536x2048.jpg 1536w, https:\/\/www.radiopiu.net\/wordpress\/wp-content\/uploads\/2025\/01\/Watermark_20250105_183404_018.jpg 1773w\" sizes=\"auto, (max-width: 225px) 100vw, 225px\" \/><\/a>\n\t\t\t\t<\/dt><\/dl><dl class='gallery-item'>\n\t\t\t\t<dt class='gallery-icon portrait'>\n\t\t\t\t\t<a class=\"rollover rollover-zoom dt-pswp-item\" title=\"Watermark_20250105_183421_478\" data-dt-img-description=\"\" data-large_image_width=\"1773\" data-large_image_height=\"2364\"href='https:\/\/www.radiopiu.net\/wordpress\/wp-content\/uploads\/2025\/01\/Watermark_20250105_183421_478.jpg'><img loading=\"lazy\" decoding=\"async\" width=\"225\" height=\"300\" src=\"https:\/\/www.radiopiu.net\/wordpress\/wp-content\/uploads\/2025\/01\/Watermark_20250105_183421_478-225x300.jpg\" class=\"attachment-medium size-medium\" alt=\"\" srcset=\"https:\/\/www.radiopiu.net\/wordpress\/wp-content\/uploads\/2025\/01\/Watermark_20250105_183421_478-225x300.jpg 225w, https:\/\/www.radiopiu.net\/wordpress\/wp-content\/uploads\/2025\/01\/Watermark_20250105_183421_478-768x1024.jpg 768w, https:\/\/www.radiopiu.net\/wordpress\/wp-content\/uploads\/2025\/01\/Watermark_20250105_183421_478-1152x1536.jpg 1152w, https:\/\/www.radiopiu.net\/wordpress\/wp-content\/uploads\/2025\/01\/Watermark_20250105_183421_478-1536x2048.jpg 1536w, https:\/\/www.radiopiu.net\/wordpress\/wp-content\/uploads\/2025\/01\/Watermark_20250105_183421_478.jpg 1773w\" sizes=\"auto, (max-width: 225px) 100vw, 225px\" \/><\/a>\n\t\t\t\t<\/dt><\/dl><br style=\"clear: both\" \/>\n\t\t\t<\/div>\n\n<p>&nbsp;<\/p>\n<hr \/>\n<blockquote>\n<h2><\/h2>\n<\/blockquote>\n<h2><span style=\"color: #ff0000;\">IERI<\/span><\/h2>\n<p><strong>REDAZIONE<\/strong> Pi\u00f9 tranquilla la giornata di ieri per il Suem 118 che ha effetuato un solo intervento per un incidente a Ponte nelle Alpi dove nell&#8217;impatto \u00e8 rimasta ferita una minore che \u00e8 stata prontamente soccorsa e portata al San Martino di Belluno. Sulle piste dei comprensori bellunesi 4 interventi nella giornata di ieri.<\/p>\n<p>&nbsp;<\/p>\n<hr \/>\n<p>&nbsp;<\/p>\n<blockquote>\n<h3>FINE SETTIMANA SULLE PISTE: 50 INTERVENTI DI SOCCORSO DEI CARABINIERI, 7 ELITRASPORTATI<\/h3>\n<\/blockquote>\n<p><strong>BELLUNO <\/strong>I Carabinieri di Cortina d\u2019Ampezzo hanno concluso un weekend intenso di soccorsi nei comprensori sciistici di Cortina, Alleghe e Arabba, effettuando 50 interventi. Sette persone sono state elitrasportate in ospedale per infortuni, principalmente dovuti a cadute e difficolt\u00e0 nel controllo della velocit\u00e0. I feriti hanno riportato traumi agli arti e colpi alla testa, ricevendo soccorsi immediati. Gli incidenti sono stati spesso causati da distrazione o imprudenza. In collaborazione con altri enti di soccorso, i Carabinieri hanno monitorato le piste pi\u00f9 affollate per garantire sicurezza. Il Comandante Venturi ha ribadito l\u2019importanza di un comportamento responsabile: adeguare la velocit\u00e0, indossare protezioni e rispettare le regole per evitare incidenti.<\/p>\n\n\t\t\t<style type='text\/css'>\n\t\t\t\t#gallery-5 {\n\t\t\t\t\tmargin: auto;\n\t\t\t\t}\n\t\t\t\t#gallery-5 .gallery-item {\n\t\t\t\t\tfloat: left;\n\t\t\t\t\tmargin-top: 10px;\n\t\t\t\t\ttext-align: center;\n\t\t\t\t\twidth: 33%;\n\t\t\t\t}\n\t\t\t\t#gallery-5 img {\n\t\t\t\t\tborder: 2px solid #cfcfcf;\n\t\t\t\t}\n\t\t\t\t#gallery-5 .gallery-caption {\n\t\t\t\t\tmargin-left: 0;\n\t\t\t\t}\n\t\t\t\t\/* see gallery_shortcode() in wp-includes\/media.php *\/\n\t\t\t<\/style>\n\t\t<div id='gallery-5' class='dt-gallery-container gallery galleryid-427983 gallery-columns-3 gallery-size-medium'><dl class='gallery-item'>\n\t\t\t\t<dt class='gallery-icon portrait'>\n\t\t\t\t\t<a class=\"rollover rollover-zoom dt-pswp-item\" title=\"IMG-20221220-WA0003\" data-dt-img-description=\"\" data-large_image_width=\"576\" data-large_image_height=\"1024\"href='https:\/\/www.radiopiu.net\/wordpress\/wp-content\/uploads\/2025\/01\/IMG-20221220-WA0003.jpg'><img loading=\"lazy\" decoding=\"async\" width=\"169\" height=\"300\" src=\"https:\/\/www.radiopiu.net\/wordpress\/wp-content\/uploads\/2025\/01\/IMG-20221220-WA0003-169x300.jpg\" class=\"attachment-medium size-medium\" alt=\"\" srcset=\"https:\/\/www.radiopiu.net\/wordpress\/wp-content\/uploads\/2025\/01\/IMG-20221220-WA0003-169x300.jpg 169w, https:\/\/www.radiopiu.net\/wordpress\/wp-content\/uploads\/2025\/01\/IMG-20221220-WA0003.jpg 576w\" sizes=\"auto, (max-width: 169px) 100vw, 169px\" \/><\/a>\n\t\t\t\t<\/dt><\/dl><dl class='gallery-item'>\n\t\t\t\t<dt class='gallery-icon portrait'>\n\t\t\t\t\t<a class=\"rollover rollover-zoom dt-pswp-item\" title=\"20230305_110859\" data-dt-img-description=\"\" data-large_image_width=\"1920\" data-large_image_height=\"2560\"href='https:\/\/www.radiopiu.net\/wordpress\/wp-content\/uploads\/2025\/01\/20230305_110859-scaled.jpg'><img loading=\"lazy\" decoding=\"async\" width=\"225\" height=\"300\" src=\"https:\/\/www.radiopiu.net\/wordpress\/wp-content\/uploads\/2025\/01\/20230305_110859-225x300.jpg\" class=\"attachment-medium size-medium\" alt=\"\" srcset=\"https:\/\/www.radiopiu.net\/wordpress\/wp-content\/uploads\/2025\/01\/20230305_110859-225x300.jpg 225w, https:\/\/www.radiopiu.net\/wordpress\/wp-content\/uploads\/2025\/01\/20230305_110859-768x1024.jpg 768w, https:\/\/www.radiopiu.net\/wordpress\/wp-content\/uploads\/2025\/01\/20230305_110859-1152x1536.jpg 1152w, https:\/\/www.radiopiu.net\/wordpress\/wp-content\/uploads\/2025\/01\/20230305_110859-1536x2048.jpg 1536w, https:\/\/www.radiopiu.net\/wordpress\/wp-content\/uploads\/2025\/01\/20230305_110859-scaled.jpg 1920w\" sizes=\"auto, (max-width: 225px) 100vw, 225px\" \/><\/a>\n\t\t\t\t<\/dt><\/dl><dl class='gallery-item'>\n\t\t\t\t<dt class='gallery-icon portrait'>\n\t\t\t\t\t<a class=\"rollover rollover-zoom dt-pswp-item\" title=\"WhatsApp Image 2025-01-05 at 14.59.46\" data-dt-img-description=\"\" data-large_image_width=\"1500\" data-large_image_height=\"2000\"href='https:\/\/www.radiopiu.net\/wordpress\/wp-content\/uploads\/2025\/01\/WhatsApp-Image-2025-01-05-at-14.59.46.jpeg'><img loading=\"lazy\" decoding=\"async\" width=\"225\" height=\"300\" src=\"https:\/\/www.radiopiu.net\/wordpress\/wp-content\/uploads\/2025\/01\/WhatsApp-Image-2025-01-05-at-14.59.46-225x300.jpeg\" class=\"attachment-medium size-medium\" alt=\"\" srcset=\"https:\/\/www.radiopiu.net\/wordpress\/wp-content\/uploads\/2025\/01\/WhatsApp-Image-2025-01-05-at-14.59.46-225x300.jpeg 225w, https:\/\/www.radiopiu.net\/wordpress\/wp-content\/uploads\/2025\/01\/WhatsApp-Image-2025-01-05-at-14.59.46-768x1024.jpeg 768w, https:\/\/www.radiopiu.net\/wordpress\/wp-content\/uploads\/2025\/01\/WhatsApp-Image-2025-01-05-at-14.59.46-1152x1536.jpeg 1152w, https:\/\/www.radiopiu.net\/wordpress\/wp-content\/uploads\/2025\/01\/WhatsApp-Image-2025-01-05-at-14.59.46.jpeg 1500w\" sizes=\"auto, (max-width: 225px) 100vw, 225px\" \/><\/a>\n\t\t\t\t<\/dt><\/dl><br style=\"clear: both\" \/>\n\t\t\t<\/div>\n\n<p>&nbsp;<\/p>\n<hr \/>\n<p>&nbsp;<\/p>\n<h2 style=\"text-align: center;\"><a class=\"dt-pswp-item\" href=\"https:\/\/www.radiopiu.net\/wordpress\/wp-content\/uploads\/2024\/12\/CARABINIERI-14.jpg\" data-dt-img-description=\"\" data-large_image_width=\"1473\" data-large_image_height=\"1104\"><img loading=\"lazy\" decoding=\"async\" class=\" wp-image-425865 alignleft\" src=\"https:\/\/www.radiopiu.net\/wordpress\/wp-content\/uploads\/2024\/12\/CARABINIERI-14-300x225.jpg\" alt=\"\" width=\"272\" height=\"204\" srcset=\"https:\/\/www.radiopiu.net\/wordpress\/wp-content\/uploads\/2024\/12\/CARABINIERI-14-300x225.jpg 300w, https:\/\/www.radiopiu.net\/wordpress\/wp-content\/uploads\/2024\/12\/CARABINIERI-14-1024x767.jpg 1024w, https:\/\/www.radiopiu.net\/wordpress\/wp-content\/uploads\/2024\/12\/CARABINIERI-14-768x576.jpg 768w, https:\/\/www.radiopiu.net\/wordpress\/wp-content\/uploads\/2024\/12\/CARABINIERI-14.jpg 1473w\" sizes=\"auto, (max-width: 272px) 100vw, 272px\" \/><\/a>Inseguimento tra Maser e Pederobba, giovane senza patente denunciato<\/h2>\n<p><strong>SETTEVILLE\u00a0<\/strong><\/p>\n<p>Luned\u00ec notte, un 24enne marocchino residente nel Basso Feltrino ha tentato di sfuggire a un controllo dei carabinieri tra Maser e Pederobba, guidando senza patente, precedentemente ritirata per guida in stato di ebbrezza. L&#8217;inseguimento, lungo oltre 10 chilometri, si \u00e8 concluso a Onigo, dove il giovane ha abbandonato l&#8217;auto e tentato di fuggire a piedi. Fermato poco dopo dai carabinieri, \u00e8 stato denunciato per resistenza a pubblico ufficiale e guida senza patente. Il veicolo \u00e8 stato posto sotto fermo amministrativo. L&#8217;episodio si aggiunge a una recente serie di fughe nella Marca, molte delle quali hanno messo a rischio la sicurezza pubblica.<\/p>\n<p>&nbsp;<\/p>\n<hr \/>\n<p>&nbsp;<\/p>\n<blockquote>\n<h2><a href=\"https:\/\/www.radiopiu.net\/wordpress\/wp-content\/uploads\/2025\/01\/81693382-0fb2-4af7-ba0c-5308971ad6c4-1.webp\"><img loading=\"lazy\" decoding=\"async\" class=\" wp-image-428447 alignleft\" src=\"https:\/\/www.radiopiu.net\/wordpress\/wp-content\/uploads\/2025\/01\/81693382-0fb2-4af7-ba0c-5308971ad6c4-1-300x300.webp\" alt=\"\" width=\"174\" height=\"174\" srcset=\"https:\/\/www.radiopiu.net\/wordpress\/wp-content\/uploads\/2025\/01\/81693382-0fb2-4af7-ba0c-5308971ad6c4-1-300x300.webp 300w, https:\/\/www.radiopiu.net\/wordpress\/wp-content\/uploads\/2025\/01\/81693382-0fb2-4af7-ba0c-5308971ad6c4-1-150x150.webp 150w, https:\/\/www.radiopiu.net\/wordpress\/wp-content\/uploads\/2025\/01\/81693382-0fb2-4af7-ba0c-5308971ad6c4-1-768x768.webp 768w, https:\/\/www.radiopiu.net\/wordpress\/wp-content\/uploads\/2025\/01\/81693382-0fb2-4af7-ba0c-5308971ad6c4-1.webp 1024w\" sizes=\"auto, (max-width: 174px) 100vw, 174px\" \/><\/a>Scomparso nel 2019, nuovo appello della moglie<\/h2>\n<\/blockquote>\n<p><strong>BELLUNO<\/strong> \u2013 La famiglia Tacconi non smette di sperare. Riccardo, commercialista milanese scomparso il 4 gennaio 2019 mentre faceva footing in Nevegal, \u00e8 ancora cercato. La moglie, Mariagrazia De Pr\u00e0, bellunese, ha rinnovato l\u2019appello su Facebook: \u00abDopo 5 anni, ancora nessun ritrovamento. Ti ricordiamo con amore e rimpianto\u00bb.<\/p>\n<p>Riccardo, classe 1960, era uscito dalla sua casa vacanze all\u2019Alpe in Fiore senza telefonino e da quel giorno non si hanno pi\u00f9 notizie. Numerose ricerche, condotte da soccorritori e conoscenti, non hanno dato esiti. La trasmissione <em>Chi l\u2019ha visto?<\/em> ha ripreso il caso, ma finora non sono emerse nuove segnalazioni. Per i familiari, \u00e8 essenziale non dimenticare.<\/p>\n<p>&nbsp;<\/p>\n<p>&nbsp;<\/p>\n<hr \/>\n<p>&nbsp;<\/p>\n<p>&nbsp;<\/p>\n<div class=\"flex-shrink-0 flex flex-col relative items-end\">\n<div class=\"pt-0\">\n<div class=\"gizmo-bot-avatar flex h-8 w-8 items-center justify-center overflow-hidden rounded-full\">\n<div class=\"relative p-1 rounded-sm flex items-center justify-center bg-token-main-surface-primary text-token-text-primary h-8 w-8\"><a href=\"https:\/\/www.radiopiu.net\/wordpress\/wp-content\/uploads\/2025\/01\/3b8ed0e8-67df-423d-813a-52ff7f49effc.webp\"><img loading=\"lazy\" decoding=\"async\" class=\"wp-image-428450 alignleft\" src=\"https:\/\/www.radiopiu.net\/wordpress\/wp-content\/uploads\/2025\/01\/3b8ed0e8-67df-423d-813a-52ff7f49effc-300x300.webp\" alt=\"\" width=\"169\" height=\"169\" srcset=\"https:\/\/www.radiopiu.net\/wordpress\/wp-content\/uploads\/2025\/01\/3b8ed0e8-67df-423d-813a-52ff7f49effc-300x300.webp 300w, https:\/\/www.radiopiu.net\/wordpress\/wp-content\/uploads\/2025\/01\/3b8ed0e8-67df-423d-813a-52ff7f49effc-150x150.webp 150w, https:\/\/www.radiopiu.net\/wordpress\/wp-content\/uploads\/2025\/01\/3b8ed0e8-67df-423d-813a-52ff7f49effc-768x768.webp 768w, https:\/\/www.radiopiu.net\/wordpress\/wp-content\/uploads\/2025\/01\/3b8ed0e8-67df-423d-813a-52ff7f49effc.webp 1024w\" sizes=\"auto, (max-width: 169px) 100vw, 169px\" \/><\/a><strong>OGGI LA GIUDIZIARIA, CORRIERE DELLE ALPI<\/strong><\/div>\n<div>SINTESI GIGI SOSSO<\/div>\n<\/div>\n<\/div>\n<\/div>\n<div class=\"group\/conversation-turn relative flex w-full min-w-0 flex-col agent-turn\">\n<div class=\"flex-col gap-1 md:gap-3\">\n<div class=\"flex max-w-full flex-col flex-grow\">\n<div class=\"min-h-8 text-message flex w-full flex-col items-end gap-2 whitespace-normal break-words text-start [.text-message+&amp;]:mt-5\" dir=\"auto\" data-message-author-role=\"assistant\" data-message-id=\"07d3e26e-8681-438d-a3f3-becf39c8daab\" data-message-model-slug=\"gpt-4o\">\n<div class=\"flex w-full flex-col gap-1 empty:hidden first:pt-[3px]\">\n<div class=\"markdown prose w-full break-words dark:prose-invert dark\">\n<blockquote>\n<h2>\u00a0Lesioni gravi, querela ritirata: caso chiuso in Cassazione<\/h2>\n<\/blockquote>\n<p><strong>Sintesi:<\/strong> Marco Zabot, automobilista coinvolto in un incidente nel 2018 a Feltre, ha ottenuto l&#8217;annullamento della condanna in Cassazione grazie al ritiro della querela da parte di Gianni Pontil. L&#8217;assicurazione aveva risarcito Pontil, che aveva riportato gravi lesioni. La Suprema Corte ha dichiarato il reato estinto, chiudendo definitivamente il caso.<\/p>\n<\/div>\n<\/div>\n<\/div>\n<\/div>\n<\/div>\n<\/div>\n<p>&nbsp;<\/p>\n<p>&nbsp;<\/p>\n<p>&nbsp;<\/p>\n<hr \/>\n<p>&nbsp;<\/p>\n<blockquote>\n<h3>PM10: BOTTACIN SODDISFATTO DEI RISULTATI PRESENTATI DA ARPAV<\/h3>\n<\/blockquote>\n<p><strong><a class=\"dt-pswp-item\" href=\"https:\/\/www.radiopiu.net\/wordpress\/wp-content\/uploads\/2024\/04\/BOTTACIN.png\" data-dt-img-description=\"\" data-large_image_width=\"564\" data-large_image_height=\"393\"><img loading=\"lazy\" decoding=\"async\" class=\" wp-image-382551 alignleft\" src=\"https:\/\/www.radiopiu.net\/wordpress\/wp-content\/uploads\/2024\/04\/BOTTACIN-300x209.png\" alt=\"\" width=\"177\" height=\"123\" srcset=\"https:\/\/www.radiopiu.net\/wordpress\/wp-content\/uploads\/2024\/04\/BOTTACIN-300x209.png 300w, https:\/\/www.radiopiu.net\/wordpress\/wp-content\/uploads\/2024\/04\/BOTTACIN.png 564w\" sizes=\"auto, (max-width: 177px) 100vw, 177px\" \/><\/a>VENEZIA <\/strong>L\u2019Assessore all\u2019Ambiente del Veneto, Gianpaolo Bottacin, commenta positivamente il report ARPAV <strong>\u201cLa Qualit\u00e0 dell\u2019Aria in breve 2024\u201d<\/strong>, sottolineando i progressi significativi nella lotta all\u2019inquinamento atmosferico. Il Veneto, dotato dal 2004 di un piano per la tutela dell\u2019atmosfera con oltre 100 misure aggiornate nel tempo, registra un miglioramento nei livelli di PM10 e di altri inquinanti. Nel 2024, i superamenti dei limiti di PM10 sono stati inferiori rispetto al biennio precedente e in linea con i livelli del 2021, uno degli anni con la qualit\u00e0 dell\u2019aria migliore. Inoltre, tutti i valori limite annuali per biossido di azoto e particolato sono stati rispettati, con una riduzione degli sforamenti del 75% negli ultimi 20 anni. Bottacin evidenzia per\u00f2 le difficolt\u00e0 legate alla geomorfologia del bacino padano e all\u2019elevata antropizzazione dell\u2019area, ma ribadisce l\u2019impegno della Regione attraverso misure come la rottamazione di auto e stufe obsolete, l\u2019efficientamento energetico degli edifici e il sostegno alla viabilit\u00e0 ciclabile.<\/p>\n<p>&nbsp;<\/p>\n<p>&nbsp;<\/p>\n<hr \/>\n<p>&nbsp;<\/p>\n<blockquote>\n<h3>LA BEFANA DEL VIGILE A BELLUNO<\/h3>\n<\/blockquote>\n<p><strong><a class=\"dt-pswp-item\" href=\"https:\/\/www.radiopiu.net\/wordpress\/wp-content\/uploads\/2025\/01\/e462447c-9a7a-452e-865d-6f0189087fa0-scaled.jpg\" data-dt-img-description=\"\" data-large_image_width=\"2560\" data-large_image_height=\"1920\"><img loading=\"lazy\" decoding=\"async\" class=\" wp-image-428361 alignleft\" src=\"https:\/\/www.radiopiu.net\/wordpress\/wp-content\/uploads\/2025\/01\/e462447c-9a7a-452e-865d-6f0189087fa0-300x225.jpg\" alt=\"\" width=\"175\" height=\"131\" srcset=\"https:\/\/www.radiopiu.net\/wordpress\/wp-content\/uploads\/2025\/01\/e462447c-9a7a-452e-865d-6f0189087fa0-300x225.jpg 300w, https:\/\/www.radiopiu.net\/wordpress\/wp-content\/uploads\/2025\/01\/e462447c-9a7a-452e-865d-6f0189087fa0-1024x768.jpg 1024w, https:\/\/www.radiopiu.net\/wordpress\/wp-content\/uploads\/2025\/01\/e462447c-9a7a-452e-865d-6f0189087fa0-768x576.jpg 768w, https:\/\/www.radiopiu.net\/wordpress\/wp-content\/uploads\/2025\/01\/e462447c-9a7a-452e-865d-6f0189087fa0-1536x1152.jpg 1536w, https:\/\/www.radiopiu.net\/wordpress\/wp-content\/uploads\/2025\/01\/e462447c-9a7a-452e-865d-6f0189087fa0-2048x1536.jpg 2048w\" sizes=\"auto, (max-width: 175px) 100vw, 175px\" \/><\/a>BELLUNO<\/strong> La Befana \u00e8 arrivata in piazza a Belluno: a precederla, un lungo corteo di auto storiche che hanno dato vita alla storica tradizione della Befana del vigile nel capoluogo.<\/p>\n<p>&nbsp;<\/p>\n<p><strong>DI DANIELE DALVIT<\/strong><\/p>\n<audio class=\"wp-audio-shortcode\" id=\"audio-427983-8\" preload=\"none\" style=\"width: 100%;\" controls=\"controls\"><source type=\"audio\/mpeg\" src=\"https:\/\/www.radiopiu.net\/wordpress\/wp-content\/uploads\/2025\/01\/Servizio-Befana-del-vigile-Belluno-2025.mp3?_=8\" \/><a href=\"https:\/\/www.radiopiu.net\/wordpress\/wp-content\/uploads\/2025\/01\/Servizio-Befana-del-vigile-Belluno-2025.mp3\">https:\/\/www.radiopiu.net\/wordpress\/wp-content\/uploads\/2025\/01\/Servizio-Befana-del-vigile-Belluno-2025.mp3<\/a><\/audio>\n<p>&nbsp;<\/p>\n<hr \/>\n<p>&nbsp;<\/p>\n<blockquote>\n<h3>DILLO A RADIO PIU&#8217;&#8230;LA MANCATA PULIZIA DEI CESTINI AD AGORDO<\/h3>\n<\/blockquote>\n<p><strong>RICEVIAMO E PUBBLICHIAMO<\/strong><\/p>\n<p>Da molto tempo trovo che la situazione della &#8220;non&#8221; pulizia di Agordo e del suo conseguente degrado sia ingiustificabile.<\/p>\n<p><strong>LA LETTERA AL SINDACO DI AGORDO<\/strong><\/p>\n<p>Egregio Signor Sindaco,<\/p>\n<p>vorrei sottoporre alla Sua attenzione la situazione di degrado e sporcizia in cui costantemente versano il Centro Storico di Agordo e la passeggiata attorno al Broi. Mi riferisco soprattutto allo stato pietoso dei cestini posti in Via Garibaldi, in Via Carrera e quelli posizionati lungo il Broi. A dimostrazione di questo, nella mattinata di domenica 05 gennaio 2025 ho scattato alcune foto che allego. Si tratta, purtroppo, di un problema ormai cronico che non si limita al periodo Natalizio, ma che (salvo un brevissimo positivo intermezzo in concomitanza con le precedenti elezioni comunali) si trascina tristemente da anni. Da cittadino residente da una vita ad Agordo, credo che la Piazza, il Broi ed il Centro Storico siano il Nostro biglietto da visita e trovo triste, indecoroso ed ingiusto che questo Nostro bellissimo paese venga presentato in tal modo.<\/p>\n<p>Ringrazio per l&#8217;attenzione.<\/p>\n<p>Luca Fantauzzi<\/p>\n\n\t\t\t<style type='text\/css'>\n\t\t\t\t#gallery-6 {\n\t\t\t\t\tmargin: auto;\n\t\t\t\t}\n\t\t\t\t#gallery-6 .gallery-item {\n\t\t\t\t\tfloat: left;\n\t\t\t\t\tmargin-top: 10px;\n\t\t\t\t\ttext-align: center;\n\t\t\t\t\twidth: 25%;\n\t\t\t\t}\n\t\t\t\t#gallery-6 img {\n\t\t\t\t\tborder: 2px solid #cfcfcf;\n\t\t\t\t}\n\t\t\t\t#gallery-6 .gallery-caption {\n\t\t\t\t\tmargin-left: 0;\n\t\t\t\t}\n\t\t\t\t\/* see gallery_shortcode() in wp-includes\/media.php *\/\n\t\t\t<\/style>\n\t\t<div id='gallery-6' class='dt-gallery-container gallery galleryid-427983 gallery-columns-4 gallery-size-thumbnail'><dl class='gallery-item'>\n\t\t\t\t<dt class='gallery-icon portrait'>\n\t\t\t\t\t<a class=\"rollover rollover-zoom dt-pswp-item\" title=\"296adadc-e447-4d1e-8613-2aef8ff1d44e\" data-dt-img-description=\"\" data-large_image_width=\"1200\" data-large_image_height=\"1600\"href='https:\/\/www.radiopiu.net\/wordpress\/wp-content\/uploads\/2025\/01\/296adadc-e447-4d1e-8613-2aef8ff1d44e.jpg'><img loading=\"lazy\" decoding=\"async\" width=\"150\" height=\"150\" src=\"https:\/\/www.radiopiu.net\/wordpress\/wp-content\/uploads\/2025\/01\/296adadc-e447-4d1e-8613-2aef8ff1d44e-150x150.jpg\" class=\"attachment-thumbnail size-thumbnail\" alt=\"\" \/><\/a>\n\t\t\t\t<\/dt><\/dl><dl class='gallery-item'>\n\t\t\t\t<dt class='gallery-icon portrait'>\n\t\t\t\t\t<a class=\"rollover rollover-zoom dt-pswp-item\" title=\"0508f1ed-30c0-420d-bc5b-8df1d431db34\" data-dt-img-description=\"\" data-large_image_width=\"1200\" data-large_image_height=\"1600\"href='https:\/\/www.radiopiu.net\/wordpress\/wp-content\/uploads\/2025\/01\/0508f1ed-30c0-420d-bc5b-8df1d431db34.jpg'><img loading=\"lazy\" decoding=\"async\" width=\"150\" height=\"150\" src=\"https:\/\/www.radiopiu.net\/wordpress\/wp-content\/uploads\/2025\/01\/0508f1ed-30c0-420d-bc5b-8df1d431db34-150x150.jpg\" class=\"attachment-thumbnail size-thumbnail\" alt=\"\" \/><\/a>\n\t\t\t\t<\/dt><\/dl><dl class='gallery-item'>\n\t\t\t\t<dt class='gallery-icon portrait'>\n\t\t\t\t\t<a class=\"rollover rollover-zoom dt-pswp-item\" title=\"9198c6ac-9e9f-4cbb-8e5b-577cd839b6e4\" data-dt-img-description=\"\" data-large_image_width=\"1200\" data-large_image_height=\"1600\"href='https:\/\/www.radiopiu.net\/wordpress\/wp-content\/uploads\/2025\/01\/9198c6ac-9e9f-4cbb-8e5b-577cd839b6e4.jpg'><img loading=\"lazy\" decoding=\"async\" width=\"150\" height=\"150\" src=\"https:\/\/www.radiopiu.net\/wordpress\/wp-content\/uploads\/2025\/01\/9198c6ac-9e9f-4cbb-8e5b-577cd839b6e4-150x150.jpg\" class=\"attachment-thumbnail size-thumbnail\" alt=\"\" \/><\/a>\n\t\t\t\t<\/dt><\/dl><dl class='gallery-item'>\n\t\t\t\t<dt class='gallery-icon portrait'>\n\t\t\t\t\t<a class=\"rollover rollover-zoom dt-pswp-item\" title=\"34dbe3cb-2f70-4c65-b460-686f7df4e07a\" data-dt-img-description=\"\" data-large_image_width=\"1200\" data-large_image_height=\"1600\"href='https:\/\/www.radiopiu.net\/wordpress\/wp-content\/uploads\/2025\/01\/34dbe3cb-2f70-4c65-b460-686f7df4e07a.jpg'><img loading=\"lazy\" decoding=\"async\" width=\"150\" height=\"150\" src=\"https:\/\/www.radiopiu.net\/wordpress\/wp-content\/uploads\/2025\/01\/34dbe3cb-2f70-4c65-b460-686f7df4e07a-150x150.jpg\" class=\"attachment-thumbnail size-thumbnail\" alt=\"\" \/><\/a>\n\t\t\t\t<\/dt><\/dl><br style=\"clear: both\" \/><dl class='gallery-item'>\n\t\t\t\t<dt class='gallery-icon portrait'>\n\t\t\t\t\t<a class=\"rollover rollover-zoom dt-pswp-item\" title=\"bcc64149-932b-400b-8616-9a3e0ec40057\" data-dt-img-description=\"\" data-large_image_width=\"1200\" data-large_image_height=\"1600\"href='https:\/\/www.radiopiu.net\/wordpress\/wp-content\/uploads\/2025\/01\/bcc64149-932b-400b-8616-9a3e0ec40057.jpg'><img loading=\"lazy\" decoding=\"async\" width=\"150\" height=\"150\" src=\"https:\/\/www.radiopiu.net\/wordpress\/wp-content\/uploads\/2025\/01\/bcc64149-932b-400b-8616-9a3e0ec40057-150x150.jpg\" class=\"attachment-thumbnail size-thumbnail\" alt=\"\" \/><\/a>\n\t\t\t\t<\/dt><\/dl><dl class='gallery-item'>\n\t\t\t\t<dt class='gallery-icon portrait'>\n\t\t\t\t\t<a class=\"rollover rollover-zoom dt-pswp-item\" title=\"92c0d461-9475-45fc-98b6-6f1830f53a62\" data-dt-img-description=\"\" data-large_image_width=\"1200\" data-large_image_height=\"1600\"href='https:\/\/www.radiopiu.net\/wordpress\/wp-content\/uploads\/2025\/01\/92c0d461-9475-45fc-98b6-6f1830f53a62.jpg'><img loading=\"lazy\" decoding=\"async\" width=\"150\" height=\"150\" src=\"https:\/\/www.radiopiu.net\/wordpress\/wp-content\/uploads\/2025\/01\/92c0d461-9475-45fc-98b6-6f1830f53a62-150x150.jpg\" class=\"attachment-thumbnail size-thumbnail\" alt=\"\" \/><\/a>\n\t\t\t\t<\/dt><\/dl><dl class='gallery-item'>\n\t\t\t\t<dt class='gallery-icon portrait'>\n\t\t\t\t\t<a class=\"rollover rollover-zoom dt-pswp-item\" title=\"e16e5b08-db75-44f9-9442-572b5169ff29\" data-dt-img-description=\"\" data-large_image_width=\"1200\" data-large_image_height=\"1600\"href='https:\/\/www.radiopiu.net\/wordpress\/wp-content\/uploads\/2025\/01\/e16e5b08-db75-44f9-9442-572b5169ff29.jpg'><img loading=\"lazy\" decoding=\"async\" width=\"150\" height=\"150\" src=\"https:\/\/www.radiopiu.net\/wordpress\/wp-content\/uploads\/2025\/01\/e16e5b08-db75-44f9-9442-572b5169ff29-150x150.jpg\" class=\"attachment-thumbnail size-thumbnail\" alt=\"\" \/><\/a>\n\t\t\t\t<\/dt><\/dl><dl class='gallery-item'>\n\t\t\t\t<dt class='gallery-icon portrait'>\n\t\t\t\t\t<a class=\"rollover rollover-zoom dt-pswp-item\" title=\"4a1f0e6d-1a74-4454-b6ac-da85f6ab1445\" data-dt-img-description=\"\" data-large_image_width=\"1200\" data-large_image_height=\"1600\"href='https:\/\/www.radiopiu.net\/wordpress\/wp-content\/uploads\/2025\/01\/4a1f0e6d-1a74-4454-b6ac-da85f6ab1445.jpg'><img loading=\"lazy\" decoding=\"async\" width=\"150\" height=\"150\" src=\"https:\/\/www.radiopiu.net\/wordpress\/wp-content\/uploads\/2025\/01\/4a1f0e6d-1a74-4454-b6ac-da85f6ab1445-150x150.jpg\" class=\"attachment-thumbnail size-thumbnail\" alt=\"\" \/><\/a>\n\t\t\t\t<\/dt><\/dl><br style=\"clear: both\" \/>\n\t\t\t<\/div>\n\n<p>&nbsp;<\/p>\n<blockquote>\n<h2>VALLE DEL BIOIS, CRITICHE COSTRUTTIVE IN VISTA DELLE PROSSIME VACANZE<\/h2>\n<p><em>Problemi di raccolta rifiuti a Canale d\u2019Agordo durante le feste<\/em><\/p><\/blockquote>\n<div class=\"x1lliihq xjkvuk6 x1iorvi4\">\n<div class=\"xdj266r x11i5rnm xat24cr x1mh8g0r x1vvkbs\">\n<div dir=\"auto\">\n<p><a class=\"dt-pswp-item\" href=\"https:\/\/www.radiopiu.net\/wordpress\/wp-content\/uploads\/2025\/01\/472210419_10160859275518434_6671609083261720784_n.jpg\" data-dt-img-description=\"\" data-large_image_width=\"720\" data-large_image_height=\"540\"><img loading=\"lazy\" decoding=\"async\" class=\"wp-image-428458 alignleft\" src=\"https:\/\/www.radiopiu.net\/wordpress\/wp-content\/uploads\/2025\/01\/472210419_10160859275518434_6671609083261720784_n.jpg\" alt=\"\" width=\"396\" height=\"297\" srcset=\"https:\/\/www.radiopiu.net\/wordpress\/wp-content\/uploads\/2025\/01\/472210419_10160859275518434_6671609083261720784_n.jpg 720w, https:\/\/www.radiopiu.net\/wordpress\/wp-content\/uploads\/2025\/01\/472210419_10160859275518434_6671609083261720784_n-300x225.jpg 300w\" sizes=\"auto, (max-width: 396px) 100vw, 396px\" \/><\/a><strong>CANALE D&#8217;AGORDO<\/strong><\/p>\n<p>A Canale d\u2019Agordo, la gestione dei rifiuti si dimostra inadeguata durante l&#8217;afflusso turistico natalizio. Il contenitore unico della vallata si riempie rapidamente e il servizio porta a porta \u00e8 insufficiente, con raccolte del secco troppo distanziate. Inoltre, il display dell\u2019isola ecologica \u00e8 guasto dal 31 dicembre, causando ulteriori disagi. Alcuni turisti, privi di QR code per l\u2019accesso, abbandonano i rifiuti all\u2019esterno. Residenti e proprietari di seconde case denunciano la situazione, chiedendo un potenziamento del servizio e soluzioni per garantire ordine e decoro in un periodo di alta affluenza.<\/p>\n<\/div>\n\n\t\t\t<style type='text\/css'>\n\t\t\t\t#gallery-7 {\n\t\t\t\t\tmargin: auto;\n\t\t\t\t}\n\t\t\t\t#gallery-7 .gallery-item {\n\t\t\t\t\tfloat: left;\n\t\t\t\t\tmargin-top: 10px;\n\t\t\t\t\ttext-align: center;\n\t\t\t\t\twidth: 50%;\n\t\t\t\t}\n\t\t\t\t#gallery-7 img {\n\t\t\t\t\tborder: 2px solid #cfcfcf;\n\t\t\t\t}\n\t\t\t\t#gallery-7 .gallery-caption {\n\t\t\t\t\tmargin-left: 0;\n\t\t\t\t}\n\t\t\t\t\/* see gallery_shortcode() in wp-includes\/media.php *\/\n\t\t\t<\/style>\n\t\t<div id='gallery-7' class='dt-gallery-container gallery galleryid-427983 gallery-columns-2 gallery-size-medium'><dl class='gallery-item'>\n\t\t\t\t<dt class='gallery-icon portrait'>\n\t\t\t\t\t<a class=\"rollover rollover-zoom dt-pswp-item\" title=\"472411285_10236008027487091_2949302519749832034_n\" data-dt-img-description=\"\" data-large_image_width=\"450\" data-large_image_height=\"600\"href='https:\/\/www.radiopiu.net\/wordpress\/wp-content\/uploads\/2025\/01\/472411285_10236008027487091_2949302519749832034_n.jpg'><img loading=\"lazy\" decoding=\"async\" width=\"225\" height=\"300\" src=\"https:\/\/www.radiopiu.net\/wordpress\/wp-content\/uploads\/2025\/01\/472411285_10236008027487091_2949302519749832034_n-225x300.jpg\" class=\"attachment-medium size-medium\" alt=\"\" srcset=\"https:\/\/www.radiopiu.net\/wordpress\/wp-content\/uploads\/2025\/01\/472411285_10236008027487091_2949302519749832034_n-225x300.jpg 225w, https:\/\/www.radiopiu.net\/wordpress\/wp-content\/uploads\/2025\/01\/472411285_10236008027487091_2949302519749832034_n.jpg 450w\" sizes=\"auto, (max-width: 225px) 100vw, 225px\" \/><\/a>\n\t\t\t\t<\/dt><\/dl><dl class='gallery-item'>\n\t\t\t\t<dt class='gallery-icon portrait'>\n\t\t\t\t\t<a class=\"rollover rollover-zoom dt-pswp-item\" title=\"472720377_10236008027407089_1274557076772996411_n\" data-dt-img-description=\"\" data-large_image_width=\"450\" data-large_image_height=\"600\"href='https:\/\/www.radiopiu.net\/wordpress\/wp-content\/uploads\/2025\/01\/472720377_10236008027407089_1274557076772996411_n.jpg'><img loading=\"lazy\" decoding=\"async\" width=\"225\" height=\"300\" src=\"https:\/\/www.radiopiu.net\/wordpress\/wp-content\/uploads\/2025\/01\/472720377_10236008027407089_1274557076772996411_n-225x300.jpg\" class=\"attachment-medium size-medium\" alt=\"\" srcset=\"https:\/\/www.radiopiu.net\/wordpress\/wp-content\/uploads\/2025\/01\/472720377_10236008027407089_1274557076772996411_n-225x300.jpg 225w, https:\/\/www.radiopiu.net\/wordpress\/wp-content\/uploads\/2025\/01\/472720377_10236008027407089_1274557076772996411_n.jpg 450w\" sizes=\"auto, (max-width: 225px) 100vw, 225px\" \/><\/a>\n\t\t\t\t<\/dt><\/dl><br style=\"clear: both\" \/>\n\t\t\t<\/div>\n\n<div dir=\"auto\"><\/div>\n<\/div>\n<\/div>\n<hr \/>\n<p>&nbsp;<\/p>\n<blockquote>\n<h3>DONA E VINCI, LE PREMIAZIONI A FELTRE<\/h3>\n<\/blockquote>\n<p><strong><a class=\"dt-pswp-item\" href=\"https:\/\/www.radiopiu.net\/wordpress\/wp-content\/uploads\/2023\/02\/DONATORE-SANGUE.jpeg\" data-dt-img-description=\"\" data-large_image_width=\"1640\" data-large_image_height=\"1186\"><img loading=\"lazy\" decoding=\"async\" class=\" wp-image-322486 alignleft\" src=\"https:\/\/www.radiopiu.net\/wordpress\/wp-content\/uploads\/2023\/02\/DONATORE-SANGUE-300x217.jpeg\" alt=\"\" width=\"158\" height=\"114\" srcset=\"https:\/\/www.radiopiu.net\/wordpress\/wp-content\/uploads\/2023\/02\/DONATORE-SANGUE-300x217.jpeg 300w, https:\/\/www.radiopiu.net\/wordpress\/wp-content\/uploads\/2023\/02\/DONATORE-SANGUE-1024x741.jpeg 1024w, https:\/\/www.radiopiu.net\/wordpress\/wp-content\/uploads\/2023\/02\/DONATORE-SANGUE-768x555.jpeg 768w, https:\/\/www.radiopiu.net\/wordpress\/wp-content\/uploads\/2023\/02\/DONATORE-SANGUE-1536x1111.jpeg 1536w, https:\/\/www.radiopiu.net\/wordpress\/wp-content\/uploads\/2023\/02\/DONATORE-SANGUE.jpeg 1640w\" sizes=\"auto, (max-width: 158px) 100vw, 158px\" \/><\/a>FELTRE<\/strong> L\u2019iniziativa \u201cDona e Vinci\u201d, promossa dall\u2019Associazione Feltrina Donatori Volontari di Sangue, ha premiato 34 donatori che hanno partecipato al concorso tra Pasqua e Natale 2024. Ogni donazione ha generato un biglietto virtuale per il sorteggio finale, che ha assegnato premi tra i 25\u20ac e i 150\u20ac, offerti da aziende locali. I vincitori, appartenenti a diverse Sezioni, vedono Lamon in testa con 4 premiati, seguita da Foen e Santa Giustina con 3 ciascuna. Tra loro anche un donatore dell\u2019Associazione Bellunese. Per le donne, il regolamento prevedeva due biglietti per donazione, equilibrando le loro minori possibilit\u00e0 annue. Con 967 biglietti emessi, l\u2019iniziativa \u00e8 stata un successo e ha celebrato la generosit\u00e0 dei donatori.<\/p>\n<p>&nbsp;<\/p>\n<p>&nbsp;<\/p>\n<hr \/>\n<p>&nbsp;<\/p>\n<blockquote>\n<h3>IL COMITATO GEMELLAGGIO DI AGORDO CERCA FAMIGLIE DISPONIBILI AD OSPITARE I GEMELLI DI DOLOMIEU<\/h3>\n<\/blockquote>\n<p><strong><a class=\"dt-pswp-item\" href=\"https:\/\/www.radiopiu.net\/wordpress\/wp-content\/uploads\/2025\/01\/Gruppo-visitaCastelloIMG-20230501-WA0102.jpg\" data-dt-img-description=\"\" data-large_image_width=\"1438\" data-large_image_height=\"848\"><img loading=\"lazy\" decoding=\"async\" class=\" wp-image-428161 alignleft\" src=\"https:\/\/www.radiopiu.net\/wordpress\/wp-content\/uploads\/2025\/01\/Gruppo-visitaCastelloIMG-20230501-WA0102-300x177.jpg\" alt=\"\" width=\"197\" height=\"116\" srcset=\"https:\/\/www.radiopiu.net\/wordpress\/wp-content\/uploads\/2025\/01\/Gruppo-visitaCastelloIMG-20230501-WA0102-300x177.jpg 300w, https:\/\/www.radiopiu.net\/wordpress\/wp-content\/uploads\/2025\/01\/Gruppo-visitaCastelloIMG-20230501-WA0102-1024x604.jpg 1024w, https:\/\/www.radiopiu.net\/wordpress\/wp-content\/uploads\/2025\/01\/Gruppo-visitaCastelloIMG-20230501-WA0102-768x453.jpg 768w, https:\/\/www.radiopiu.net\/wordpress\/wp-content\/uploads\/2025\/01\/Gruppo-visitaCastelloIMG-20230501-WA0102.jpg 1438w\" sizes=\"auto, (max-width: 197px) 100vw, 197px\" \/><\/a>AGORDO <\/strong>Il Comitato di Gemellaggio di Agordo annuncia la visita degli amici di Dolomieu (Francia) dal 1\u00b0 al 4 maggio 2025 per celebrare i 20 anni di gemellaggio. Per l\u2019occasione, si cercano famiglie di Agordo e dintorni disponibili ad ospitare gli ospiti francesi, agevolando la logistica del soggiorno. Gli interessati possono contattare il Comitato entro il 31 gennaio 2025 all\u2019e-mail <strong><a rel=\"noopener\">cgemellaggio.agordo@libero.it<\/a><\/strong> o al numero <strong>3489159626<\/strong>. L\u2019accoglienza sar\u00e0 discussa durante l\u2019assemblea del Comitato il <strong>19 febbraio 2025 alle 20.30<\/strong> presso il Bar Schenot, in Via Pragrande. La collaborazione delle famiglie \u00e8 essenziale per il successo dell\u2019evento, che celebra l\u2019amicizia tra le due comunit\u00e0. Il programma delle iniziative sar\u00e0 comunicato a breve.<\/p>\n<p>&nbsp;<\/p>\n<p>&nbsp;<\/p>\n<hr \/>\n<p>&nbsp;<\/p>\n<blockquote>\n<h3>LICEO LOLLINO, DOMANI NUOVO OPEN DAY<\/h3>\n<\/blockquote>\n<p><strong><a class=\"dt-pswp-item\" href=\"https:\/\/www.radiopiu.net\/wordpress\/wp-content\/uploads\/2021\/04\/LOLLINO.jpg\" data-dt-img-description=\"\" data-large_image_width=\"1618\" data-large_image_height=\"1078\"><img loading=\"lazy\" decoding=\"async\" class=\" wp-image-203612 alignleft\" src=\"https:\/\/www.radiopiu.net\/wordpress\/wp-content\/uploads\/2021\/04\/LOLLINO-300x200.jpg\" alt=\"\" width=\"207\" height=\"138\" srcset=\"https:\/\/www.radiopiu.net\/wordpress\/wp-content\/uploads\/2021\/04\/LOLLINO-300x200.jpg 300w, https:\/\/www.radiopiu.net\/wordpress\/wp-content\/uploads\/2021\/04\/LOLLINO-1024x682.jpg 1024w, https:\/\/www.radiopiu.net\/wordpress\/wp-content\/uploads\/2021\/04\/LOLLINO-768x512.jpg 768w, https:\/\/www.radiopiu.net\/wordpress\/wp-content\/uploads\/2021\/04\/LOLLINO-1536x1023.jpg 1536w, https:\/\/www.radiopiu.net\/wordpress\/wp-content\/uploads\/2021\/04\/LOLLINO.jpg 1618w\" sizes=\"auto, (max-width: 207px) 100vw, 207px\" \/><\/a>BELLUNO<\/strong> L\u2019ente \u201cScuole per crescere\u201d ha rafforzato i rapporti con il Liceo \u201cLollino\u201d durante un incontro a Belluno con le scuole dell\u2019infanzia parrocchiali aderenti alla Fism. La visita ha consolidato la collaborazione avviata con il liceo degli Scolopi di Firenze, in vista dell\u2019integrazione del Lollino nella rete nazionale di scuole cattoliche. Intanto, il Lollino organizza un evento di Scuola aperta domani, per presentare il Ptof, che include un&#8217;ora extra di inglese, il doppio diploma italo-americano, corsi Cambridge e partecipazione a simulazioni ONU. Liceo classico e scientifico mantengono un\u2019alta qualit\u00e0 accademica, come dimostrano i risultati Invalsi: nel 2024 il 100% degli studenti ha raggiunto il livello B2 in inglese, superando le medie regionali e nazionali, confermando un trend positivo degli ultimi anni.<\/p>\n<p>&nbsp;<\/p>\n<p>&nbsp;<\/p>\n<hr \/>\n<p>&nbsp;<\/p>\n<blockquote>\n<h3>SCUOLA APERTA ALL&#8217;ISTITUTO COMPRENSIVO DI FELTRE<\/h3>\n<\/blockquote>\n<p><strong>FELTRE<\/strong> L\u2019Istituto Comprensivo di Feltre organizza l\u2019iniziativa \u201cScuola Aperta\u201d per alunni e genitori interessati alle iscrizioni per l\u2019anno scolastico 2025\/2026, previste dall\u20198 al 31 gennaio 2025. Durante gli incontri, gli insegnanti presenteranno il Piano dell\u2019Offerta Formativa, gli orari e l\u2019organizzazione scolastica, e sar\u00e0 possibile visitare i plessi dell\u2019Istituto. Per le scuole dell\u2019infanzia, si sta valutando un percorso di Outdoor Education, con attivit\u00e0 all\u2019aperto e a contatto con la natura, previa formazione dei docenti. Nella scuola primaria vengono promosse attivit\u00e0 sportive come pattinaggio, nuoto e altre esperienze offerte dagli enti locali, per arricchire competenze e conoscenze, anche in ambito di cittadinanza.<\/p>\n<p>&nbsp;<\/p>\n<blockquote>\n<h3>LE NOVITA&#8217; DALL&#8217;ISTITUTO COMPRENSIVO DI FELTRE<\/h3>\n<\/blockquote>\n<p><strong>FELTRE<\/strong> L&#8217;Istituto Comprensivo di Feltre si distingue come polo d&#8217;eccellenza per la formazione, offrendo una ricca gamma di opportunit\u00e0 innovative. Grazie ai fondi PNRR DM 65, ha ampliato la sua offerta con corsi di recupero, laboratori creativi e attivit\u00e0 di sostegno, tra cui animazione teatrale e lettura. \u00c8 riconosciuto centro Cambridge, consentendo il conseguimento di certificazioni linguistiche e promuovendo la multiculturalit\u00e0 con corsi di italiano per stranieri. Le materie STEM sono centrali, con laboratori pratici su robotica, realt\u00e0 aumentata e problem-solving. Una nuova aula STEM offre strumenti all&#8217;avanguardia per apprendere in modo attivo. La scuola propone un doposcuola personalizzato per supportare gli studenti nello studio e nei compiti. Grazie a un approccio dinamico e innovativo, l&#8217;Istituto punta a stimolare creativit\u00e0 e competenze, diventando un riferimento educativo nel territorio.<\/p>\n\n\t\t\t<style type='text\/css'>\n\t\t\t\t#gallery-8 {\n\t\t\t\t\tmargin: auto;\n\t\t\t\t}\n\t\t\t\t#gallery-8 .gallery-item {\n\t\t\t\t\tfloat: left;\n\t\t\t\t\tmargin-top: 10px;\n\t\t\t\t\ttext-align: center;\n\t\t\t\t\twidth: 33%;\n\t\t\t\t}\n\t\t\t\t#gallery-8 img {\n\t\t\t\t\tborder: 2px solid #cfcfcf;\n\t\t\t\t}\n\t\t\t\t#gallery-8 .gallery-caption {\n\t\t\t\t\tmargin-left: 0;\n\t\t\t\t}\n\t\t\t\t\/* see gallery_shortcode() in wp-includes\/media.php *\/\n\t\t\t<\/style>\n\t\t<div id='gallery-8' class='dt-gallery-container gallery galleryid-427983 gallery-columns-3 gallery-size-thumbnail'><dl class='gallery-item'>\n\t\t\t\t<dt class='gallery-icon landscape'>\n\t\t\t\t\t<a class=\"rollover rollover-zoom dt-pswp-item\" title=\"IMG_4944\" data-dt-img-description=\"\" data-large_image_width=\"2560\" data-large_image_height=\"1920\"href='https:\/\/www.radiopiu.net\/wordpress\/wp-content\/uploads\/2025\/01\/IMG_4944-scaled.jpg'><img loading=\"lazy\" decoding=\"async\" width=\"150\" height=\"150\" src=\"https:\/\/www.radiopiu.net\/wordpress\/wp-content\/uploads\/2025\/01\/IMG_4944-150x150.jpg\" class=\"attachment-thumbnail size-thumbnail\" alt=\"\" \/><\/a>\n\t\t\t\t<\/dt><\/dl><dl class='gallery-item'>\n\t\t\t\t<dt class='gallery-icon landscape'>\n\t\t\t\t\t<a class=\"rollover rollover-zoom dt-pswp-item\" title=\"IMG_4954\" data-dt-img-description=\"\" data-large_image_width=\"2560\" data-large_image_height=\"1920\"href='https:\/\/www.radiopiu.net\/wordpress\/wp-content\/uploads\/2025\/01\/IMG_4954-scaled.jpg'><img loading=\"lazy\" decoding=\"async\" width=\"150\" height=\"150\" src=\"https:\/\/www.radiopiu.net\/wordpress\/wp-content\/uploads\/2025\/01\/IMG_4954-150x150.jpg\" class=\"attachment-thumbnail size-thumbnail\" alt=\"\" \/><\/a>\n\t\t\t\t<\/dt><\/dl><dl class='gallery-item'>\n\t\t\t\t<dt class='gallery-icon landscape'>\n\t\t\t\t\t<a class=\"rollover rollover-zoom dt-pswp-item\" title=\"IMG_4952\" data-dt-img-description=\"\" data-large_image_width=\"2560\" data-large_image_height=\"1920\"href='https:\/\/www.radiopiu.net\/wordpress\/wp-content\/uploads\/2025\/01\/IMG_4952-scaled.jpg'><img loading=\"lazy\" decoding=\"async\" width=\"150\" height=\"150\" src=\"https:\/\/www.radiopiu.net\/wordpress\/wp-content\/uploads\/2025\/01\/IMG_4952-150x150.jpg\" class=\"attachment-thumbnail size-thumbnail\" alt=\"\" \/><\/a>\n\t\t\t\t<\/dt><\/dl><br style=\"clear: both\" \/>\n\t\t\t<\/div>\n\n<p>&nbsp;<\/p>\n<hr \/>\n<p>&nbsp;<\/p>\n<blockquote>\n<h3>MULTINAZIONALI DA RECORD: PRODUCONO IL 40% DEL FATTURATO REGIONALE E DANNO LAVORO AL 22% DEI VENETI. MA LE TASSE LE PAGANO IN ITALIA?<\/h3>\n<\/blockquote>\n<p><a class=\"dt-pswp-item\" href=\"https:\/\/www.radiopiu.net\/wordpress\/wp-content\/uploads\/2025\/01\/20250104154742.png\" data-dt-img-description=\"\" data-large_image_width=\"553\" data-large_image_height=\"756\"><img loading=\"lazy\" decoding=\"async\" class=\"size-medium wp-image-428105 alignleft\" src=\"https:\/\/www.radiopiu.net\/wordpress\/wp-content\/uploads\/2025\/01\/20250104154742-219x300.png\" alt=\"\" width=\"219\" height=\"300\" srcset=\"https:\/\/www.radiopiu.net\/wordpress\/wp-content\/uploads\/2025\/01\/20250104154742-219x300.png 219w, https:\/\/www.radiopiu.net\/wordpress\/wp-content\/uploads\/2025\/01\/20250104154742.png 553w\" sizes=\"auto, (max-width: 219px) 100vw, 219px\" \/><\/a>Nonostante il Veneto continui a essere una regione caratterizzata da un forte tessuto di piccole e medie imprese, l&#8217;impatto economico e occupazionale delle multinazionali, sia italiane che estere, \u00e8 sempre pi\u00f9 significativo. Tuttavia, tale impatto risulta mediamente inferiore rispetto ai risultati ottenuti dalle altre principali regioni del Nord Italia. In questo contesto, emerge un crescente interrogativo: le multinazionali contribuiscono realmente al sistema fiscale italiano? I pochi dati statistici disponibili sembrano indicare che, grazie a pratiche sistematiche di elusione fiscale, il loro apporto alle finanze pubbliche appaia piuttosto esiguo. L\u2019analisi che ne consegue \u00e8 stata realizzata dall&#8217;Ufficio studi della CGIA.<\/p>\n<p><strong>Le performance occupazionali ed economiche<\/strong><br \/>\nA fronte di oltre 1.780.000 addetti presenti in Veneto, ad esempio, gli occupati nelle multinazionali (siano esse estere o italiane presenti nella nostra regione) sono 391.300, pari al 22 per cento del totale regionale. La media nazionale \u00e8 pari al 20 per cento. Tra le principali regioni settentrionali, tale quota sul totale occupati regionali sale al 22,4 in Liguria, al 24,4 in Emilia Romagna, al 25,1 in Friuli Venezia Giulia, al 25,3 in Piemonte e al 27 per cento in Lombardia. Se, invece, parliamo di fatturato, il dato annuo riferito al sistema produttivo del Veneto \u00e8 di 429,5 miliardi di euro, mentre la quota riconducibile alle big company \u00e8 di quasi 172 miliardi di euro. Ci\u00f2 vuol dire che il 40 per cento del fatturato prodotto dalle imprese private in Veneto \u00e8 riconducibile alle multinazionali italiane o estere che hanno delle societ\u00e0 controllate che operano nella nostra regione. Il dato medio nazionale \u00e8 del 45,7 per cento. Su base regionale, tale dato \u00e8 del 42,9 in Emilia Romagna, sale al 43,2 in Piemonte, al 49,8 in Friuli Venezia Giulia, al 51,8 in Liguria e al 52,6 per cento in Lombardia. Purtroppo non ci sono dati statistici in grado di dirci quante sono le sedi delle multinazionali presenti in Italia e nemmeno la loro distribuzione territoriale. Gli unici dati disponibili sono riferiti alle unit\u00e0 locali. Ebbene, in Veneto le multinazionali estere e quelle tricolori presentano 15.272 unit\u00e0 locali, mentre il dato regionale complessivo \u00e8 pari a 435.407; pertanto l\u2019incidenza \u00e8 del 3,5, contro una media nazionale del 2,8 per cento. A livello territoriale, infine, in Liguria il 3 per cento \u00e8 riconducibile a queste grandi holding, in Emilia Romagna il 3,4, in Piemonte il 3,7, nella Provincia Autonoma di Bolzano il 4,1, in Lombardia il 4,2 e in Friuli Venezia Giulia &#8211; che possiede il record nazionale &#8211; la quota \u00e8 del 4,4 (vedi Tab. 1, Tab. 2 e Tab. 3). A segnalarlo \u00e8 l\u2019Ufficio studi della CGIA.<\/p>\n<p><strong><a class=\"dt-pswp-item\" href=\"https:\/\/www.radiopiu.net\/wordpress\/wp-content\/uploads\/2025\/01\/20250104154800.png\" data-dt-img-description=\"\" data-large_image_width=\"561\" data-large_image_height=\"754\"><img loading=\"lazy\" decoding=\"async\" class=\"size-medium wp-image-428107 alignleft\" src=\"https:\/\/www.radiopiu.net\/wordpress\/wp-content\/uploads\/2025\/01\/20250104154800-223x300.png\" alt=\"\" width=\"223\" height=\"300\" srcset=\"https:\/\/www.radiopiu.net\/wordpress\/wp-content\/uploads\/2025\/01\/20250104154800-223x300.png 223w, https:\/\/www.radiopiu.net\/wordpress\/wp-content\/uploads\/2025\/01\/20250104154800.png 561w\" sizes=\"auto, (max-width: 223px) 100vw, 223px\" \/><\/a>In Italia le big tech pagano poche tasse<\/strong><br \/>\nSecondo l\u2019Area Studi di Mediobanca, nel 2022 le societ\u00e0 controllate dalle prime 25 multinazionali del web presenti in Italia hanno fatturato ben 9,3 miliardi, ma hanno pagato all\u2019erario solo 206 milioni di euro di imposte. Purtroppo, non ci sono altre statistiche in grado di dimensionare il gettito fiscale versato dall\u2019intero universo delle multinazionali presenti nel nostro Paese. L\u2019unico dato aggiuntivo in grado di fotografare con una maggiore precisone queste realt\u00e0 \u00e8 di fonte Istat: il numero delle multinazionali estere presenti in Italia attraverso delle societ\u00e0 controllate ammonta a 18.434.<\/p>\n<p><strong>Super-ricchi e multinazionali le tasse le pagano in Italia?<\/strong><br \/>\nSiano essi persone fisiche o societ\u00e0, molti contribuenti italiani si sono trasferiti in particolare a Montecarlo e in Lussemburgo. Infatti, circa 8mila connazionali hanno deciso di trasferire la residenza nel Principato di Monaco per via delle tasse zero sul reddito e sugli immobili. Tra questi ci sono grandi imprenditori, sportivi e celebrit\u00e0 dello spettacolo. Nel Granducato del Lussemburgo, invece, possiamo trovare ben sei banche italiane, una cinquantina di fondi d&#8217;investimento, vari istituti assicurativi e molte multinazionali nazionali e straniere che operano nel nostro territorio. Si stima che grazie ai super-ricchi con la residenza all\u2019estero e alle manovre borderline delle multinazionali e dei grandi gruppi industriali che si rifugiano nei paradisi fiscali di tutto il mondo, ogni anno \u201csfuggono\u201d all&#8217;erario italiano circa 10 miliardi di euro.<\/p>\n<p><strong><a class=\"dt-pswp-item\" href=\"https:\/\/www.radiopiu.net\/wordpress\/wp-content\/uploads\/2025\/01\/20250104154834.png\" data-dt-img-description=\"\" data-large_image_width=\"560\" data-large_image_height=\"749\"><img loading=\"lazy\" decoding=\"async\" class=\"size-medium wp-image-428106 alignleft\" src=\"https:\/\/www.radiopiu.net\/wordpress\/wp-content\/uploads\/2025\/01\/20250104154834-224x300.png\" alt=\"\" width=\"224\" height=\"300\" srcset=\"https:\/\/www.radiopiu.net\/wordpress\/wp-content\/uploads\/2025\/01\/20250104154834-224x300.png 224w, https:\/\/www.radiopiu.net\/wordpress\/wp-content\/uploads\/2025\/01\/20250104154834.png 560w\" sizes=\"auto, (max-width: 224px) 100vw, 224px\" \/><\/a>I paradisi fiscali sono dietro l\u2019angolo<\/strong><br \/>\nOgni volta che si parla di paradisi fiscali, ci viene subito in mente qualche isola sperduta nei Caraibi. In realt\u00e0 sono micro-Stati molto pi\u00f9 vicini a noi di quanto pensiamo; i pi\u00f9 importanti sono praticamente dietro l&#8217;angolo. Secondo uno studio recente del World Inequality Lab, i primi cinque paradisi fiscali al mondo sono il Principato di Monaco, il Granducato del Lussemburgo, il Liechtenstein e le Channel Islands che sono situate nel canale della Manica. Solo al quinto posto troviamo le Bermuda, che sono l&#8217;unico paradiso fiscale non europeo di questa black list. Questi posti hanno pochissimi abitanti, ma vantano redditi pro capite che non hanno eguali nel resto del mondo.<\/p>\n<p><strong>Si restringe la base imponibile, siamo tutti pi\u00f9 poveri<\/strong><br \/>\nQuando questi elusori fanno profitti miliardari senza pagare le tasse nel nostro Paese, non fanno altro che impoverirci. Le multinazionali, ad esempio, usufruiscono delle nostre infrastrutture materiali (porti, aeroporti, strade, ferrovie), ricorrono a quelle sociali (giustizia, sanit\u00e0, scuola, universit\u00e0), sfruttano quelle immateriali (reti informatiche), senza per\u00f2 contribuire con le tasse come dovrebbero. Non solo. Spesso per insediarsi in Italia queste big company usufruiscono di agevolazioni\/incentivi pubblici e quando sono in difficolt\u00e0 e devono affrontare situazioni di riorganizzazione aziendale ricorrono a piene mani alle indennit\u00e0 erogate dall\u2019Inps che, molto spesso, solo in minima parte sono state compensate dai contributi versati da questi giganti industriali. Tutto ci\u00f2 fa diminuire la base imponibile su cui si applicano le aliquote fiscali e conseguentemente anche il gettito che finisce nelle casse dell\u2019erario. Risultato? Le disuguaglianze aumentano e la povert\u00e0 cresce; gli altri contribuenti devono pagare di pi\u00f9 per servizi spesso insoddisfacenti. Se invece tutti pagassero ci\u00f2 che devono, lo Stato incasserebbe di pi\u00f9 e la maggior parte dei cittadini pagherebbe meno: avremmo cos\u00ec maggiori risorse per aiutare chi \u00e8 in difficolt\u00e0 e potremmo ottenere una giustizia sociale migliore.<\/p>\n<p><strong>E\u2019 arrivata la Global minimum tax, anche se non in tutta UE<\/strong><br \/>\nPer contrastare quei paesi che applicano alle big company politiche fiscali compiacenti, dal 2024 \u00e8 entrata in vigore la Global minimum tax (Gmt). Secondo il dossier curato dal Servizio Bilancio dello Stato della Camera, il gettito previsto dalla sola applicazione dell\u2019aliquota del 15 per cento sulle multinazionali sar\u00e0 molto contenuto. Si stima che nel 2025 il nostro erario incasser\u00e0 381,3 milioni di euro, nel 2026 427,9 e nel 2027 raggiunger\u00e0 i 432,5. Nel 2033, ultimo anno in cui nel documento si stimano le entrate, le stesse dovrebbero sfiorare i 500 milioni di euro. L\u2019anno scorso la Gmt ha interessato 19 paesi UE: Spagna e Polonia, invece, l\u2019applicheranno da quest\u2019anno, mentre Estonia, Lettonia, Lituania, e Malta hanno ottenuto una proroga sino al 2030. Cipro e Portogallo, infine, sono chiamate a rispondere alla sollecitazione giunta da Bruxelles che ha recapitato loro una lettera di messa in mora. Appare evidente che per le grandi holding presenti nei in UE rimane ancora la possibilit\u00e0, almeno per i prossimi cinque\/sei anni, di spostare parte degli utili in alcuni paesi membri dove la tassazione continua essere molto favorevole.<\/p>\n<p><strong>Breve considerazione su elusori ed evasori<\/strong><br \/>\nFacciamo una breve riflessione sulla differenza tra elusori ed evasori fiscali: non possiamo ignorare il fatto che entrambi, nel rispetto di quanto previsto dalla legge, vanno contrastati. Ma c&#8217;\u00e8 una sottile distinzione da fare. Gli elusori \u201cscappano\u201d con i soldi all&#8217;estero aggirando il fisco, mentre gli evasori magari non pagano quanto dovrebbero, ma, nella maggior parte dei casi, spendono gran parte dei soldi non versati allo Stato qui da noi. Certo, questo non giustifica per alcun motivo il loro comportamento, perch\u00e9 evadere \u00e8 comunque un reato. Tuttavia, moralmente parlando, \u00e8 sicuramente pi\u00f9 accettabile rispetto a chi decide di fuggire, ad esempio, nei Paesi off-shore; entrambi, comunque, restano comportamenti sbagliati, riprovevoli e inaccettabili che a lungo andare minano la coesione sociale di un Paese.<\/p>\n<p><strong>Quando un Paese \u00e8 un paradiso fiscale<\/strong><br \/>\nLe caratteristiche dei Paesi black list, da considerarsi come\u00a0paradisi fiscali, sono state definite dall\u2019OCSE\u00a0gi\u00e0 nel 1998, in occasione della pubblicazione del rapporto \u201cHarmful Tax Competition \u2013 An Emerging Global Issue\u201d, nei seguenti punti:<br \/>\nsostanziale\u00a0mancanza di imposte sui redditi\u00a0delle imprese costituite nei propri territori;<br \/>\nassenza, all\u2019interno dei rispettivi ordinamenti giuridici, dell\u2019obbligo\u00a0per le societ\u00e0 ivi costituite di\u00a0svolgere un\u2019affettiva attivit\u00e0 d\u2019impresa nei relativi territori;<br \/>\npoca trasparenza del sistema legislativo e amministrativo, che consente a determinati soggetti di beneficiare di privilegi in termini di ridotta tassazione dei redditi;<br \/>\nassenza\u00a0di alcun meccanismo di\u00a0scambio delle informazioni\u00a0fiscali tra tali Paesi e gli altri Stati finalizzato a garantire la potest\u00e0 impositiva di questi ultimi e a combattere i fenomeni di\u00a0evasione\u00a0ed\u00a0elusione fiscale\u00a0internazionale.<\/p>\n<p>&nbsp;<\/p>\n<p>&nbsp;<\/p>\n<hr \/>\n<p>&nbsp;<\/p>\n<blockquote>\n<h3>UNA SERATA DI ASTRONOMIA AL CENTRO CIVICO DI SOSPIROLO<\/h3>\n<\/blockquote>\n<p><strong>DI MARINA DONA&#8217;<\/strong><\/p>\n<p><strong>SOSPIROLO<\/strong> Al centro civico di Sospirolo, una serata dedicata all&#8217;astronomia con il presidente degli astrofili Giuseppe De Don\u00e0 (meglio conosciuto come Bepi), che si occupa anche dell&#8217;almanacco astronomico. Presidente del comitato del coordinamento nazionale di gnomonica, l&#8217;associazione che raggruppa tutti i costruttori di meridiane. Punto di riferimento importante non solo nazionale ma anche a livello internazionale. &#8220;Giuseppe De Don\u00e0 rappresenta un&#8217;eccellenza nel settore una figura importante&#8221;. Queste le parole dell&#8217;artista di Cesiomaggiore Giovanni Sogne, grande maestro e artista di decorazioni murali e di meridiane. Tra loro da sempre c&#8217;\u00e8 una collaborazione molto stretta, due mondi che si intrecciano tra i segreti dell&#8217;astronomia e l&#8217;arte. Giuseppe De Don\u00e0 ha intrattenuto in una sala gremita i partecipanti, raccontando i segreti dell&#8217;astronomia, parlando di comete di galassie della storia e dello studio legato a questo mondo. Concludono la serata due argomenti molto attuali. Il primo la storia legata al giorno di Santa Lucia detto anche &#8220;il giorno pi\u00f9 corto che ci sia&#8221; (13 dicembre), una credenza popolare smentita con spiegazione dettagliata dallo stesso, E per finire il tema delle aurore boreali, fenomeno che dipende anche dalle macchie solari \u00e8 da un intreccio di situazioni legate alla fisica, tema che ha suscitato grande interesse per il dibattito che poi si \u00e8 aperto.<\/p>\n\n\t\t\t<style type='text\/css'>\n\t\t\t\t#gallery-9 {\n\t\t\t\t\tmargin: auto;\n\t\t\t\t}\n\t\t\t\t#gallery-9 .gallery-item {\n\t\t\t\t\tfloat: left;\n\t\t\t\t\tmargin-top: 10px;\n\t\t\t\t\ttext-align: center;\n\t\t\t\t\twidth: 25%;\n\t\t\t\t}\n\t\t\t\t#gallery-9 img {\n\t\t\t\t\tborder: 2px solid #cfcfcf;\n\t\t\t\t}\n\t\t\t\t#gallery-9 .gallery-caption {\n\t\t\t\t\tmargin-left: 0;\n\t\t\t\t}\n\t\t\t\t\/* see gallery_shortcode() in wp-includes\/media.php *\/\n\t\t\t<\/style>\n\t\t<div id='gallery-9' class='dt-gallery-container gallery galleryid-427983 gallery-columns-4 gallery-size-thumbnail'><dl class='gallery-item'>\n\t\t\t\t<dt class='gallery-icon landscape'>\n\t\t\t\t\t<a class=\"rollover rollover-zoom dt-pswp-item\" title=\"18a81f6a-6d31-40b0-a1ba-2d1d63ce2d7d\" data-dt-img-description=\"\" data-large_image_width=\"1080\" data-large_image_height=\"603\"href='https:\/\/www.radiopiu.net\/wordpress\/wp-content\/uploads\/2025\/01\/18a81f6a-6d31-40b0-a1ba-2d1d63ce2d7d.jpg'><img loading=\"lazy\" decoding=\"async\" width=\"150\" height=\"150\" src=\"https:\/\/www.radiopiu.net\/wordpress\/wp-content\/uploads\/2025\/01\/18a81f6a-6d31-40b0-a1ba-2d1d63ce2d7d-150x150.jpg\" class=\"attachment-thumbnail size-thumbnail\" alt=\"\" \/><\/a>\n\t\t\t\t<\/dt><\/dl><dl class='gallery-item'>\n\t\t\t\t<dt class='gallery-icon landscape'>\n\t\t\t\t\t<a class=\"rollover rollover-zoom dt-pswp-item\" title=\"3fda9e8d-2db2-4f07-8a3b-e428acfa57e4\" data-dt-img-description=\"\" data-large_image_width=\"1080\" data-large_image_height=\"606\"href='https:\/\/www.radiopiu.net\/wordpress\/wp-content\/uploads\/2025\/01\/3fda9e8d-2db2-4f07-8a3b-e428acfa57e4.jpg'><img loading=\"lazy\" decoding=\"async\" width=\"150\" height=\"150\" src=\"https:\/\/www.radiopiu.net\/wordpress\/wp-content\/uploads\/2025\/01\/3fda9e8d-2db2-4f07-8a3b-e428acfa57e4-150x150.jpg\" class=\"attachment-thumbnail size-thumbnail\" alt=\"\" \/><\/a>\n\t\t\t\t<\/dt><\/dl><dl class='gallery-item'>\n\t\t\t\t<dt class='gallery-icon landscape'>\n\t\t\t\t\t<a class=\"rollover rollover-zoom dt-pswp-item\" title=\"471e9556-1870-42f5-8062-b7febb41e2c7\" data-dt-img-description=\"\" data-large_image_width=\"1600\" data-large_image_height=\"1200\"href='https:\/\/www.radiopiu.net\/wordpress\/wp-content\/uploads\/2025\/01\/471e9556-1870-42f5-8062-b7febb41e2c7.jpg'><img loading=\"lazy\" decoding=\"async\" width=\"150\" height=\"150\" src=\"https:\/\/www.radiopiu.net\/wordpress\/wp-content\/uploads\/2025\/01\/471e9556-1870-42f5-8062-b7febb41e2c7-150x150.jpg\" class=\"attachment-thumbnail size-thumbnail\" alt=\"\" \/><\/a>\n\t\t\t\t<\/dt><\/dl><dl class='gallery-item'>\n\t\t\t\t<dt class='gallery-icon landscape'>\n\t\t\t\t\t<a class=\"rollover rollover-zoom dt-pswp-item\" title=\"ae5f796c-dbde-489c-943f-3189579f2c5f\" data-dt-img-description=\"\" data-large_image_width=\"805\" data-large_image_height=\"584\"href='https:\/\/www.radiopiu.net\/wordpress\/wp-content\/uploads\/2025\/01\/ae5f796c-dbde-489c-943f-3189579f2c5f.jpg'><img loading=\"lazy\" decoding=\"async\" width=\"150\" height=\"150\" src=\"https:\/\/www.radiopiu.net\/wordpress\/wp-content\/uploads\/2025\/01\/ae5f796c-dbde-489c-943f-3189579f2c5f-150x150.jpg\" class=\"attachment-thumbnail size-thumbnail\" alt=\"\" \/><\/a>\n\t\t\t\t<\/dt><\/dl><br style=\"clear: both\" \/><dl class='gallery-item'>\n\t\t\t\t<dt class='gallery-icon landscape'>\n\t\t\t\t\t<a class=\"rollover rollover-zoom dt-pswp-item\" title=\"0ec4b188-9425-4355-b7ae-cf1a86c4999b\" data-dt-img-description=\"\" data-large_image_width=\"1064\" data-large_image_height=\"618\"href='https:\/\/www.radiopiu.net\/wordpress\/wp-content\/uploads\/2025\/01\/0ec4b188-9425-4355-b7ae-cf1a86c4999b.jpg'><img loading=\"lazy\" decoding=\"async\" width=\"150\" height=\"150\" src=\"https:\/\/www.radiopiu.net\/wordpress\/wp-content\/uploads\/2025\/01\/0ec4b188-9425-4355-b7ae-cf1a86c4999b-150x150.jpg\" class=\"attachment-thumbnail size-thumbnail\" alt=\"\" \/><\/a>\n\t\t\t\t<\/dt><\/dl><dl class='gallery-item'>\n\t\t\t\t<dt class='gallery-icon landscape'>\n\t\t\t\t\t<a class=\"rollover rollover-zoom dt-pswp-item\" title=\"23df59ed-9f61-4522-84b3-6be2e289c4f8\" data-dt-img-description=\"\" data-large_image_width=\"931\" data-large_image_height=\"559\"href='https:\/\/www.radiopiu.net\/wordpress\/wp-content\/uploads\/2025\/01\/23df59ed-9f61-4522-84b3-6be2e289c4f8.jpg'><img loading=\"lazy\" decoding=\"async\" width=\"150\" height=\"150\" src=\"https:\/\/www.radiopiu.net\/wordpress\/wp-content\/uploads\/2025\/01\/23df59ed-9f61-4522-84b3-6be2e289c4f8-150x150.jpg\" class=\"attachment-thumbnail size-thumbnail\" alt=\"\" \/><\/a>\n\t\t\t\t<\/dt><\/dl><dl class='gallery-item'>\n\t\t\t\t<dt class='gallery-icon landscape'>\n\t\t\t\t\t<a class=\"rollover rollover-zoom dt-pswp-item\" title=\"535cacd8-df48-438f-895b-03e68532ae2d\" data-dt-img-description=\"\" data-large_image_width=\"1600\" data-large_image_height=\"1200\"href='https:\/\/www.radiopiu.net\/wordpress\/wp-content\/uploads\/2025\/01\/535cacd8-df48-438f-895b-03e68532ae2d.jpg'><img loading=\"lazy\" decoding=\"async\" width=\"150\" height=\"150\" src=\"https:\/\/www.radiopiu.net\/wordpress\/wp-content\/uploads\/2025\/01\/535cacd8-df48-438f-895b-03e68532ae2d-150x150.jpg\" class=\"attachment-thumbnail size-thumbnail\" alt=\"\" \/><\/a>\n\t\t\t\t<\/dt><\/dl><dl class='gallery-item'>\n\t\t\t\t<dt class='gallery-icon landscape'>\n\t\t\t\t\t<a class=\"rollover rollover-zoom dt-pswp-item\" title=\"ab64d502-8086-4143-a2db-15cdcdd0bd91\" data-dt-img-description=\"\" data-large_image_width=\"1080\" data-large_image_height=\"1076\"href='https:\/\/www.radiopiu.net\/wordpress\/wp-content\/uploads\/2025\/01\/ab64d502-8086-4143-a2db-15cdcdd0bd91.jpg'><img loading=\"lazy\" decoding=\"async\" width=\"150\" height=\"150\" src=\"https:\/\/www.radiopiu.net\/wordpress\/wp-content\/uploads\/2025\/01\/ab64d502-8086-4143-a2db-15cdcdd0bd91-150x150.jpg\" class=\"attachment-thumbnail size-thumbnail\" alt=\"\" srcset=\"https:\/\/www.radiopiu.net\/wordpress\/wp-content\/uploads\/2025\/01\/ab64d502-8086-4143-a2db-15cdcdd0bd91-150x150.jpg 150w, https:\/\/www.radiopiu.net\/wordpress\/wp-content\/uploads\/2025\/01\/ab64d502-8086-4143-a2db-15cdcdd0bd91-300x300.jpg 300w, https:\/\/www.radiopiu.net\/wordpress\/wp-content\/uploads\/2025\/01\/ab64d502-8086-4143-a2db-15cdcdd0bd91-1024x1020.jpg 1024w, https:\/\/www.radiopiu.net\/wordpress\/wp-content\/uploads\/2025\/01\/ab64d502-8086-4143-a2db-15cdcdd0bd91-768x765.jpg 768w, https:\/\/www.radiopiu.net\/wordpress\/wp-content\/uploads\/2025\/01\/ab64d502-8086-4143-a2db-15cdcdd0bd91.jpg 1080w\" sizes=\"auto, (max-width: 150px) 100vw, 150px\" \/><\/a>\n\t\t\t\t<\/dt><\/dl><br style=\"clear: both\" \/>\n\t\t\t<\/div>\n\n<p>&nbsp;<\/p>\n<p><iframe loading=\"lazy\" title=\"SERATA ASTRONOMIA SOSPIROLO\" width=\"1200\" height=\"675\" src=\"https:\/\/www.youtube.com\/embed\/pcfsz7MlFa8?feature=oembed\" frameborder=\"0\" allow=\"accelerometer; autoplay; clipboard-write; encrypted-media; gyroscope; picture-in-picture; web-share\" referrerpolicy=\"strict-origin-when-cross-origin\" allowfullscreen><\/iframe><\/p>\n<p>&nbsp;<\/p>\n<hr \/>\n<p>&nbsp;<\/p>\n<blockquote>\n<h3>&#8220;INTE PER ANTER&#8221;, I PRESEPI PER LE VIE DEL PAESE A LA VALLE AGORDINA<\/h3>\n<\/blockquote>\n<p><strong>DI MARINA DONA&#8217;<\/strong><\/p>\n<p><strong>LA VALLE AGORDINA<\/strong> &#8220;Inte per Anter&#8221; giunge alla sua 10&#8242; edizione. Quest&#8217;anno circa 40 presepi da poter ammirare per le vie del paese, nelle varie frazioni. Ieri sera le premiazioni dei presepi pi\u00f9 belli<\/p>\n<p><strong>LE FOTO<\/strong><\/p>\n\n\t\t\t<style type='text\/css'>\n\t\t\t\t#gallery-10 {\n\t\t\t\t\tmargin: auto;\n\t\t\t\t}\n\t\t\t\t#gallery-10 .gallery-item {\n\t\t\t\t\tfloat: left;\n\t\t\t\t\tmargin-top: 10px;\n\t\t\t\t\ttext-align: center;\n\t\t\t\t\twidth: 33%;\n\t\t\t\t}\n\t\t\t\t#gallery-10 img {\n\t\t\t\t\tborder: 2px solid #cfcfcf;\n\t\t\t\t}\n\t\t\t\t#gallery-10 .gallery-caption {\n\t\t\t\t\tmargin-left: 0;\n\t\t\t\t}\n\t\t\t\t\/* see gallery_shortcode() in wp-includes\/media.php *\/\n\t\t\t<\/style>\n\t\t<div id='gallery-10' class='dt-gallery-container gallery galleryid-427983 gallery-columns-3 gallery-size-thumbnail'><dl class='gallery-item'>\n\t\t\t\t<dt class='gallery-icon portrait'>\n\t\t\t\t\t<a class=\"rollover rollover-zoom dt-pswp-item\" title=\"ccc5de6d-fb33-46d5-88d7-27320cc17bc4\" data-dt-img-description=\"\" data-large_image_width=\"1080\" data-large_image_height=\"1252\"href='https:\/\/www.radiopiu.net\/wordpress\/wp-content\/uploads\/2025\/01\/ccc5de6d-fb33-46d5-88d7-27320cc17bc4.jpg'><img loading=\"lazy\" decoding=\"async\" width=\"150\" height=\"150\" src=\"https:\/\/www.radiopiu.net\/wordpress\/wp-content\/uploads\/2025\/01\/ccc5de6d-fb33-46d5-88d7-27320cc17bc4-150x150.jpg\" class=\"attachment-thumbnail size-thumbnail\" alt=\"\" \/><\/a>\n\t\t\t\t<\/dt><\/dl><dl class='gallery-item'>\n\t\t\t\t<dt class='gallery-icon landscape'>\n\t\t\t\t\t<a class=\"rollover rollover-zoom dt-pswp-item\" title=\"a3061dfd-d40e-40b0-bd5a-dea0a5992dc3\" data-dt-img-description=\"\" data-large_image_width=\"1080\" data-large_image_height=\"772\"href='https:\/\/www.radiopiu.net\/wordpress\/wp-content\/uploads\/2025\/01\/a3061dfd-d40e-40b0-bd5a-dea0a5992dc3.jpg'><img loading=\"lazy\" decoding=\"async\" width=\"150\" height=\"150\" src=\"https:\/\/www.radiopiu.net\/wordpress\/wp-content\/uploads\/2025\/01\/a3061dfd-d40e-40b0-bd5a-dea0a5992dc3-150x150.jpg\" class=\"attachment-thumbnail size-thumbnail\" alt=\"\" \/><\/a>\n\t\t\t\t<\/dt><\/dl><dl class='gallery-item'>\n\t\t\t\t<dt class='gallery-icon landscape'>\n\t\t\t\t\t<a class=\"rollover rollover-zoom dt-pswp-item\" title=\"5216d0ec-df2f-4ffc-8b8e-251756e8c1ba\" data-dt-img-description=\"\" data-large_image_width=\"1600\" data-large_image_height=\"1200\"href='https:\/\/www.radiopiu.net\/wordpress\/wp-content\/uploads\/2025\/01\/5216d0ec-df2f-4ffc-8b8e-251756e8c1ba.jpg'><img loading=\"lazy\" decoding=\"async\" width=\"150\" height=\"150\" src=\"https:\/\/www.radiopiu.net\/wordpress\/wp-content\/uploads\/2025\/01\/5216d0ec-df2f-4ffc-8b8e-251756e8c1ba-150x150.jpg\" class=\"attachment-thumbnail size-thumbnail\" alt=\"\" \/><\/a>\n\t\t\t\t<\/dt><\/dl><br style=\"clear: both\" \/><dl class='gallery-item'>\n\t\t\t\t<dt class='gallery-icon landscape'>\n\t\t\t\t\t<a class=\"rollover rollover-zoom dt-pswp-item\" title=\"4e0615d2-29b1-43f1-8679-a96462251cc8\" data-dt-img-description=\"\" data-large_image_width=\"1600\" data-large_image_height=\"1200\"href='https:\/\/www.radiopiu.net\/wordpress\/wp-content\/uploads\/2025\/01\/4e0615d2-29b1-43f1-8679-a96462251cc8.jpg'><img loading=\"lazy\" decoding=\"async\" width=\"150\" height=\"150\" src=\"https:\/\/www.radiopiu.net\/wordpress\/wp-content\/uploads\/2025\/01\/4e0615d2-29b1-43f1-8679-a96462251cc8-150x150.jpg\" class=\"attachment-thumbnail size-thumbnail\" alt=\"\" \/><\/a>\n\t\t\t\t<\/dt><\/dl><dl class='gallery-item'>\n\t\t\t\t<dt class='gallery-icon portrait'>\n\t\t\t\t\t<a class=\"rollover rollover-zoom dt-pswp-item\" title=\"50128ef5-91cf-42dd-8c97-5a9610b362fa\" data-dt-img-description=\"\" data-large_image_width=\"1200\" data-large_image_height=\"1600\"href='https:\/\/www.radiopiu.net\/wordpress\/wp-content\/uploads\/2025\/01\/50128ef5-91cf-42dd-8c97-5a9610b362fa.jpg'><img loading=\"lazy\" decoding=\"async\" width=\"150\" height=\"150\" src=\"https:\/\/www.radiopiu.net\/wordpress\/wp-content\/uploads\/2025\/01\/50128ef5-91cf-42dd-8c97-5a9610b362fa-150x150.jpg\" class=\"attachment-thumbnail size-thumbnail\" alt=\"\" \/><\/a>\n\t\t\t\t<\/dt><\/dl><dl class='gallery-item'>\n\t\t\t\t<dt class='gallery-icon landscape'>\n\t\t\t\t\t<a class=\"rollover rollover-zoom dt-pswp-item\" title=\"0c47608c-384d-4c95-b863-178f3a697ba6\" data-dt-img-description=\"\" data-large_image_width=\"1600\" data-large_image_height=\"1200\"href='https:\/\/www.radiopiu.net\/wordpress\/wp-content\/uploads\/2025\/01\/0c47608c-384d-4c95-b863-178f3a697ba6.jpg'><img loading=\"lazy\" decoding=\"async\" width=\"150\" height=\"150\" src=\"https:\/\/www.radiopiu.net\/wordpress\/wp-content\/uploads\/2025\/01\/0c47608c-384d-4c95-b863-178f3a697ba6-150x150.jpg\" class=\"attachment-thumbnail size-thumbnail\" alt=\"\" \/><\/a>\n\t\t\t\t<\/dt><\/dl><br style=\"clear: both\" \/>\n\t\t\t<\/div>\n\n<p>&nbsp;<\/p>\n<p><strong>IL VIDEO<\/strong><\/p>\n<div style=\"width: 848px;\" class=\"wp-video\"><video class=\"wp-video-shortcode\" id=\"video-427983-1\" width=\"848\" height=\"480\" preload=\"metadata\" controls=\"controls\"><source type=\"video\/mp4\" src=\"https:\/\/www.radiopiu.net\/wordpress\/wp-content\/uploads\/2025\/01\/WhatsApp-Video-2025-01-04-at-10.31.13.mp4?_=1\" \/><a href=\"https:\/\/www.radiopiu.net\/wordpress\/wp-content\/uploads\/2025\/01\/WhatsApp-Video-2025-01-04-at-10.31.13.mp4\">https:\/\/www.radiopiu.net\/wordpress\/wp-content\/uploads\/2025\/01\/WhatsApp-Video-2025-01-04-at-10.31.13.mp4<\/a><\/video><\/div>\n<p>&nbsp;<\/p>\n<hr \/>\n<p>&nbsp;<\/p>\n<blockquote>\n<h3>&#8220;STORIE DI MONTAGNA&#8221; A SAN TOMASO. UN SUCCESSO<\/h3>\n<\/blockquote>\n<p><strong>DI MARINA DONA&#8217;<\/strong><\/p>\n<p><strong>SAN TOMASO<\/strong>\u00a0 Luca e Paolo portano lo stesso cognome ma non sono parenti. Si sono conosciuti per caso e parlando hanno capito che potevano unire la propria passione per la montagna con la cultura, la bellezza e le tradizioni, Paolo con i suoi racconti e Luca con i suoi video. L&#8217;evento, organizzato nella sala parrocchiale di San Tommaso Agordino, ha riscosso un enorme successo tanto che la sala era completamente piena. Applausi, commozione ed emozione. Presente all&#8217;evento anche il presidente della Pro loco Renato Rossi, molto soddisfatto di questa iniziativa e dell&#8217;interesse suscitato tra i presenti. \u00c8 possibile vedere i video su YouTube clicando &#8220;Luca Soppelsa 71&#8221;. L&#8217;evento si conclude con grandi applausi e meritati complimenti per l&#8217;intensit\u00e0 e l&#8217;empatia tra loro con un ottimo risultato che ha tutto il sapore della semplicit\u00e0 e dell&#8217;umilt\u00e0, due caratteristiche che loro hanno e che li arricchisce.<\/p>\n\n\t\t\t<style type='text\/css'>\n\t\t\t\t#gallery-11 {\n\t\t\t\t\tmargin: auto;\n\t\t\t\t}\n\t\t\t\t#gallery-11 .gallery-item {\n\t\t\t\t\tfloat: left;\n\t\t\t\t\tmargin-top: 10px;\n\t\t\t\t\ttext-align: center;\n\t\t\t\t\twidth: 20%;\n\t\t\t\t}\n\t\t\t\t#gallery-11 img {\n\t\t\t\t\tborder: 2px solid #cfcfcf;\n\t\t\t\t}\n\t\t\t\t#gallery-11 .gallery-caption {\n\t\t\t\t\tmargin-left: 0;\n\t\t\t\t}\n\t\t\t\t\/* see gallery_shortcode() in wp-includes\/media.php *\/\n\t\t\t<\/style>\n\t\t<div id='gallery-11' class='dt-gallery-container gallery galleryid-427983 gallery-columns-5 gallery-size-thumbnail'><dl class='gallery-item'>\n\t\t\t\t<dt class='gallery-icon landscape'>\n\t\t\t\t\t<a class=\"rollover\" href='https:\/\/www.radiopiu.net\/wordpress\/storie-di-montagna-a-san-tomaso-un-successo\/8055e72e-f2fa-4da8-bf9d-48dc307b2a12\/'><img loading=\"lazy\" decoding=\"async\" width=\"150\" height=\"150\" src=\"https:\/\/www.radiopiu.net\/wordpress\/wp-content\/uploads\/2025\/01\/8055e72e-f2fa-4da8-bf9d-48dc307b2a12-150x150.jpg\" class=\"attachment-thumbnail size-thumbnail\" alt=\"\" \/><\/a>\n\t\t\t\t<\/dt><\/dl><dl class='gallery-item'>\n\t\t\t\t<dt class='gallery-icon landscape'>\n\t\t\t\t\t<a class=\"rollover\" href='https:\/\/www.radiopiu.net\/wordpress\/storie-di-montagna-a-san-tomaso-un-successo\/ad0bb153-58f0-448f-a81b-7166b86a9f95\/'><img loading=\"lazy\" decoding=\"async\" width=\"150\" height=\"150\" src=\"https:\/\/www.radiopiu.net\/wordpress\/wp-content\/uploads\/2025\/01\/ad0bb153-58f0-448f-a81b-7166b86a9f95-150x150.jpg\" class=\"attachment-thumbnail size-thumbnail\" alt=\"\" \/><\/a>\n\t\t\t\t<\/dt><\/dl><dl class='gallery-item'>\n\t\t\t\t<dt class='gallery-icon landscape'>\n\t\t\t\t\t<a class=\"rollover\" href='https:\/\/www.radiopiu.net\/wordpress\/storie-di-montagna-a-san-tomaso-un-successo\/1dc9e57a-a481-4745-a754-65fe8ab06c54\/'><img loading=\"lazy\" decoding=\"async\" width=\"150\" height=\"150\" src=\"https:\/\/www.radiopiu.net\/wordpress\/wp-content\/uploads\/2025\/01\/1dc9e57a-a481-4745-a754-65fe8ab06c54-150x150.jpg\" class=\"attachment-thumbnail size-thumbnail\" alt=\"\" \/><\/a>\n\t\t\t\t<\/dt><\/dl><dl class='gallery-item'>\n\t\t\t\t<dt class='gallery-icon landscape'>\n\t\t\t\t\t<a class=\"rollover\" href='https:\/\/www.radiopiu.net\/wordpress\/storie-di-montagna-a-san-tomaso-un-successo\/e17a71ac-58b1-42a5-8698-dc1540c7fc04\/'><img loading=\"lazy\" decoding=\"async\" width=\"150\" height=\"150\" src=\"https:\/\/www.radiopiu.net\/wordpress\/wp-content\/uploads\/2025\/01\/e17a71ac-58b1-42a5-8698-dc1540c7fc04-150x150.jpg\" class=\"attachment-thumbnail size-thumbnail\" alt=\"\" \/><\/a>\n\t\t\t\t<\/dt><\/dl><dl class='gallery-item'>\n\t\t\t\t<dt class='gallery-icon landscape'>\n\t\t\t\t\t<a class=\"rollover\" href='https:\/\/www.radiopiu.net\/wordpress\/storie-di-montagna-a-san-tomaso-un-successo\/fce195f4-1615-4987-b44d-9e7dfeb39d2d\/'><img loading=\"lazy\" decoding=\"async\" width=\"150\" height=\"150\" src=\"https:\/\/www.radiopiu.net\/wordpress\/wp-content\/uploads\/2025\/01\/fce195f4-1615-4987-b44d-9e7dfeb39d2d-150x150.jpg\" class=\"attachment-thumbnail size-thumbnail\" alt=\"\" \/><\/a>\n\t\t\t\t<\/dt><\/dl><br style=\"clear: both\" \/>\n\t\t\t<\/div>\n\n<p>&nbsp;<\/p>\n<p><strong>IL VIDEO<\/strong><\/p>\n<div style=\"width: 1200px;\" class=\"wp-video\"><video class=\"wp-video-shortcode\" id=\"video-427983-2\" width=\"1200\" height=\"675\" preload=\"metadata\" controls=\"controls\"><source type=\"video\/mp4\" src=\"https:\/\/www.radiopiu.net\/wordpress\/wp-content\/uploads\/2025\/01\/WhatsApp-Video-2025-01-05-at-09.19.01.mp4?_=2\" \/><a href=\"https:\/\/www.radiopiu.net\/wordpress\/wp-content\/uploads\/2025\/01\/WhatsApp-Video-2025-01-05-at-09.19.01.mp4\">https:\/\/www.radiopiu.net\/wordpress\/wp-content\/uploads\/2025\/01\/WhatsApp-Video-2025-01-05-at-09.19.01.mp4<\/a><\/video><\/div>\n<p>&nbsp;<\/p>\n<hr \/>\n<p>&nbsp;<\/p>\n<blockquote>\n<h3>I PAVAROI AD AGORDO E TAIBON<\/h3>\n<p>di marco gaz<\/p><\/blockquote>\n<p><strong>AGORDO<\/strong> Un Broi affollato per vedere i fuochi sulle cime e per riscaldarsi attorno al fuoco in centro al prato cittadino. Il tutto organizzato dal CAI di Agordo che ha saputo mantenere le tradizioni. Oltre 30 uomini con le torce colorate hanno illuminato le cime della conca agordina. Dall&#8217;Agner al Framont dove le torce erano di tre colori: verde, bianco e rosso come la bandiera italiana. E sul Broi anche il chiosco con th\u00e8 caldo e vin brul\u00e8 con un&#8217;offerta libera che sar\u00e0 devoluta alle famiglie colpite dall&#8217;incendio dei giorni scorsi a Frassen\u00e8. Ritrovo anche in piazza del municipio a Taibon con il Gruppo Sportivo Taibon che ha richiamato i compaesani per osservare i pavaroi.<\/p>\n<p><strong>AGORDO<\/strong><\/p>\n\n\t\t\t<style type='text\/css'>\n\t\t\t\t#gallery-12 {\n\t\t\t\t\tmargin: auto;\n\t\t\t\t}\n\t\t\t\t#gallery-12 .gallery-item {\n\t\t\t\t\tfloat: left;\n\t\t\t\t\tmargin-top: 10px;\n\t\t\t\t\ttext-align: center;\n\t\t\t\t\twidth: 33%;\n\t\t\t\t}\n\t\t\t\t#gallery-12 img {\n\t\t\t\t\tborder: 2px solid #cfcfcf;\n\t\t\t\t}\n\t\t\t\t#gallery-12 .gallery-caption {\n\t\t\t\t\tmargin-left: 0;\n\t\t\t\t}\n\t\t\t\t\/* see gallery_shortcode() in wp-includes\/media.php *\/\n\t\t\t<\/style>\n\t\t<div id='gallery-12' class='dt-gallery-container gallery galleryid-427983 gallery-columns-3 gallery-size-medium'><dl class='gallery-item'>\n\t\t\t\t<dt class='gallery-icon landscape'>\n\t\t\t\t\t<a class=\"rollover rollover-zoom dt-pswp-item\" title=\"3f2cb614-61c1-4f3c-bcc8-f696020bb884\" data-dt-img-description=\"\" data-large_image_width=\"2048\" data-large_image_height=\"1536\"href='https:\/\/www.radiopiu.net\/wordpress\/wp-content\/uploads\/2025\/01\/3f2cb614-61c1-4f3c-bcc8-f696020bb884.jpg'><img loading=\"lazy\" decoding=\"async\" width=\"300\" height=\"225\" src=\"https:\/\/www.radiopiu.net\/wordpress\/wp-content\/uploads\/2025\/01\/3f2cb614-61c1-4f3c-bcc8-f696020bb884-300x225.jpg\" class=\"attachment-medium size-medium\" alt=\"\" srcset=\"https:\/\/www.radiopiu.net\/wordpress\/wp-content\/uploads\/2025\/01\/3f2cb614-61c1-4f3c-bcc8-f696020bb884-300x225.jpg 300w, https:\/\/www.radiopiu.net\/wordpress\/wp-content\/uploads\/2025\/01\/3f2cb614-61c1-4f3c-bcc8-f696020bb884-1024x768.jpg 1024w, https:\/\/www.radiopiu.net\/wordpress\/wp-content\/uploads\/2025\/01\/3f2cb614-61c1-4f3c-bcc8-f696020bb884-768x576.jpg 768w, https:\/\/www.radiopiu.net\/wordpress\/wp-content\/uploads\/2025\/01\/3f2cb614-61c1-4f3c-bcc8-f696020bb884-1536x1152.jpg 1536w, https:\/\/www.radiopiu.net\/wordpress\/wp-content\/uploads\/2025\/01\/3f2cb614-61c1-4f3c-bcc8-f696020bb884.jpg 2048w\" sizes=\"auto, (max-width: 300px) 100vw, 300px\" \/><\/a>\n\t\t\t\t<\/dt><\/dl><dl class='gallery-item'>\n\t\t\t\t<dt class='gallery-icon landscape'>\n\t\t\t\t\t<a class=\"rollover rollover-zoom dt-pswp-item\" title=\"9d385e45-dca9-4750-bcd4-fb8d861e3df3\" data-dt-img-description=\"\" data-large_image_width=\"2048\" data-large_image_height=\"1536\"href='https:\/\/www.radiopiu.net\/wordpress\/wp-content\/uploads\/2025\/01\/9d385e45-dca9-4750-bcd4-fb8d861e3df3.jpg'><img loading=\"lazy\" decoding=\"async\" width=\"300\" height=\"225\" src=\"https:\/\/www.radiopiu.net\/wordpress\/wp-content\/uploads\/2025\/01\/9d385e45-dca9-4750-bcd4-fb8d861e3df3-300x225.jpg\" class=\"attachment-medium size-medium\" alt=\"\" srcset=\"https:\/\/www.radiopiu.net\/wordpress\/wp-content\/uploads\/2025\/01\/9d385e45-dca9-4750-bcd4-fb8d861e3df3-300x225.jpg 300w, https:\/\/www.radiopiu.net\/wordpress\/wp-content\/uploads\/2025\/01\/9d385e45-dca9-4750-bcd4-fb8d861e3df3-1024x768.jpg 1024w, https:\/\/www.radiopiu.net\/wordpress\/wp-content\/uploads\/2025\/01\/9d385e45-dca9-4750-bcd4-fb8d861e3df3-768x576.jpg 768w, https:\/\/www.radiopiu.net\/wordpress\/wp-content\/uploads\/2025\/01\/9d385e45-dca9-4750-bcd4-fb8d861e3df3-1536x1152.jpg 1536w, https:\/\/www.radiopiu.net\/wordpress\/wp-content\/uploads\/2025\/01\/9d385e45-dca9-4750-bcd4-fb8d861e3df3.jpg 2048w\" sizes=\"auto, (max-width: 300px) 100vw, 300px\" \/><\/a>\n\t\t\t\t<\/dt><\/dl><dl class='gallery-item'>\n\t\t\t\t<dt class='gallery-icon landscape'>\n\t\t\t\t\t<a class=\"rollover rollover-zoom dt-pswp-item\" title=\"b586809e-b9a5-46b6-a1cc-5dc32aa3070a\" data-dt-img-description=\"\" data-large_image_width=\"2048\" data-large_image_height=\"1536\"href='https:\/\/www.radiopiu.net\/wordpress\/wp-content\/uploads\/2025\/01\/b586809e-b9a5-46b6-a1cc-5dc32aa3070a.jpg'><img loading=\"lazy\" decoding=\"async\" width=\"300\" height=\"225\" src=\"https:\/\/www.radiopiu.net\/wordpress\/wp-content\/uploads\/2025\/01\/b586809e-b9a5-46b6-a1cc-5dc32aa3070a-300x225.jpg\" class=\"attachment-medium size-medium\" alt=\"\" srcset=\"https:\/\/www.radiopiu.net\/wordpress\/wp-content\/uploads\/2025\/01\/b586809e-b9a5-46b6-a1cc-5dc32aa3070a-300x225.jpg 300w, https:\/\/www.radiopiu.net\/wordpress\/wp-content\/uploads\/2025\/01\/b586809e-b9a5-46b6-a1cc-5dc32aa3070a-1024x768.jpg 1024w, https:\/\/www.radiopiu.net\/wordpress\/wp-content\/uploads\/2025\/01\/b586809e-b9a5-46b6-a1cc-5dc32aa3070a-768x576.jpg 768w, https:\/\/www.radiopiu.net\/wordpress\/wp-content\/uploads\/2025\/01\/b586809e-b9a5-46b6-a1cc-5dc32aa3070a-1536x1152.jpg 1536w, https:\/\/www.radiopiu.net\/wordpress\/wp-content\/uploads\/2025\/01\/b586809e-b9a5-46b6-a1cc-5dc32aa3070a.jpg 2048w\" sizes=\"auto, (max-width: 300px) 100vw, 300px\" \/><\/a>\n\t\t\t\t<\/dt><\/dl><br style=\"clear: both\" \/><dl class='gallery-item'>\n\t\t\t\t<dt class='gallery-icon landscape'>\n\t\t\t\t\t<a class=\"rollover rollover-zoom dt-pswp-item\" title=\"4ece82af-f83f-43d1-aff9-26233f76b549\" data-dt-img-description=\"\" data-large_image_width=\"2048\" data-large_image_height=\"1536\"href='https:\/\/www.radiopiu.net\/wordpress\/wp-content\/uploads\/2025\/01\/4ece82af-f83f-43d1-aff9-26233f76b549.jpg'><img loading=\"lazy\" decoding=\"async\" width=\"300\" height=\"225\" src=\"https:\/\/www.radiopiu.net\/wordpress\/wp-content\/uploads\/2025\/01\/4ece82af-f83f-43d1-aff9-26233f76b549-300x225.jpg\" class=\"attachment-medium size-medium\" alt=\"\" srcset=\"https:\/\/www.radiopiu.net\/wordpress\/wp-content\/uploads\/2025\/01\/4ece82af-f83f-43d1-aff9-26233f76b549-300x225.jpg 300w, https:\/\/www.radiopiu.net\/wordpress\/wp-content\/uploads\/2025\/01\/4ece82af-f83f-43d1-aff9-26233f76b549-1024x768.jpg 1024w, https:\/\/www.radiopiu.net\/wordpress\/wp-content\/uploads\/2025\/01\/4ece82af-f83f-43d1-aff9-26233f76b549-768x576.jpg 768w, https:\/\/www.radiopiu.net\/wordpress\/wp-content\/uploads\/2025\/01\/4ece82af-f83f-43d1-aff9-26233f76b549-1536x1152.jpg 1536w, https:\/\/www.radiopiu.net\/wordpress\/wp-content\/uploads\/2025\/01\/4ece82af-f83f-43d1-aff9-26233f76b549.jpg 2048w\" sizes=\"auto, (max-width: 300px) 100vw, 300px\" \/><\/a>\n\t\t\t\t<\/dt><\/dl><dl class='gallery-item'>\n\t\t\t\t<dt class='gallery-icon landscape'>\n\t\t\t\t\t<a class=\"rollover rollover-zoom dt-pswp-item\" title=\"e97f06db-bfab-404f-a0db-77cc2854938c\" data-dt-img-description=\"\" data-large_image_width=\"2048\" data-large_image_height=\"1536\"href='https:\/\/www.radiopiu.net\/wordpress\/wp-content\/uploads\/2025\/01\/e97f06db-bfab-404f-a0db-77cc2854938c.jpg'><img loading=\"lazy\" decoding=\"async\" width=\"300\" height=\"225\" src=\"https:\/\/www.radiopiu.net\/wordpress\/wp-content\/uploads\/2025\/01\/e97f06db-bfab-404f-a0db-77cc2854938c-300x225.jpg\" class=\"attachment-medium size-medium\" alt=\"\" srcset=\"https:\/\/www.radiopiu.net\/wordpress\/wp-content\/uploads\/2025\/01\/e97f06db-bfab-404f-a0db-77cc2854938c-300x225.jpg 300w, https:\/\/www.radiopiu.net\/wordpress\/wp-content\/uploads\/2025\/01\/e97f06db-bfab-404f-a0db-77cc2854938c-1024x768.jpg 1024w, https:\/\/www.radiopiu.net\/wordpress\/wp-content\/uploads\/2025\/01\/e97f06db-bfab-404f-a0db-77cc2854938c-768x576.jpg 768w, https:\/\/www.radiopiu.net\/wordpress\/wp-content\/uploads\/2025\/01\/e97f06db-bfab-404f-a0db-77cc2854938c-1536x1152.jpg 1536w, https:\/\/www.radiopiu.net\/wordpress\/wp-content\/uploads\/2025\/01\/e97f06db-bfab-404f-a0db-77cc2854938c.jpg 2048w\" sizes=\"auto, (max-width: 300px) 100vw, 300px\" \/><\/a>\n\t\t\t\t<\/dt><\/dl><dl class='gallery-item'>\n\t\t\t\t<dt class='gallery-icon landscape'>\n\t\t\t\t\t<a class=\"rollover rollover-zoom dt-pswp-item\" title=\"35beb6d0-81c6-4aed-b85a-c5eea3afffc6\" data-dt-img-description=\"\" data-large_image_width=\"2048\" data-large_image_height=\"1536\"href='https:\/\/www.radiopiu.net\/wordpress\/wp-content\/uploads\/2025\/01\/35beb6d0-81c6-4aed-b85a-c5eea3afffc6.jpg'><img loading=\"lazy\" decoding=\"async\" width=\"300\" height=\"225\" src=\"https:\/\/www.radiopiu.net\/wordpress\/wp-content\/uploads\/2025\/01\/35beb6d0-81c6-4aed-b85a-c5eea3afffc6-300x225.jpg\" class=\"attachment-medium size-medium\" alt=\"\" srcset=\"https:\/\/www.radiopiu.net\/wordpress\/wp-content\/uploads\/2025\/01\/35beb6d0-81c6-4aed-b85a-c5eea3afffc6-300x225.jpg 300w, https:\/\/www.radiopiu.net\/wordpress\/wp-content\/uploads\/2025\/01\/35beb6d0-81c6-4aed-b85a-c5eea3afffc6-1024x768.jpg 1024w, https:\/\/www.radiopiu.net\/wordpress\/wp-content\/uploads\/2025\/01\/35beb6d0-81c6-4aed-b85a-c5eea3afffc6-768x576.jpg 768w, https:\/\/www.radiopiu.net\/wordpress\/wp-content\/uploads\/2025\/01\/35beb6d0-81c6-4aed-b85a-c5eea3afffc6-1536x1152.jpg 1536w, https:\/\/www.radiopiu.net\/wordpress\/wp-content\/uploads\/2025\/01\/35beb6d0-81c6-4aed-b85a-c5eea3afffc6.jpg 2048w\" sizes=\"auto, (max-width: 300px) 100vw, 300px\" \/><\/a>\n\t\t\t\t<\/dt><\/dl><br style=\"clear: both\" \/>\n\t\t\t<\/div>\n\n<p>&nbsp;<\/p>\n<p><strong>TAIBON<\/strong><\/p>\n\n\t\t\t<style type='text\/css'>\n\t\t\t\t#gallery-13 {\n\t\t\t\t\tmargin: auto;\n\t\t\t\t}\n\t\t\t\t#gallery-13 .gallery-item {\n\t\t\t\t\tfloat: left;\n\t\t\t\t\tmargin-top: 10px;\n\t\t\t\t\ttext-align: center;\n\t\t\t\t\twidth: 25%;\n\t\t\t\t}\n\t\t\t\t#gallery-13 img {\n\t\t\t\t\tborder: 2px solid #cfcfcf;\n\t\t\t\t}\n\t\t\t\t#gallery-13 .gallery-caption {\n\t\t\t\t\tmargin-left: 0;\n\t\t\t\t}\n\t\t\t\t\/* see gallery_shortcode() in wp-includes\/media.php *\/\n\t\t\t<\/style>\n\t\t<div id='gallery-13' class='dt-gallery-container gallery galleryid-427983 gallery-columns-4 gallery-size-thumbnail'><dl class='gallery-item'>\n\t\t\t\t<dt class='gallery-icon landscape'>\n\t\t\t\t\t<a class=\"rollover rollover-zoom dt-pswp-item\" title=\"f9d9943f-69aa-4c3d-a236-fee4a5341908\" data-dt-img-description=\"\" data-large_image_width=\"1600\" data-large_image_height=\"1200\"href='https:\/\/www.radiopiu.net\/wordpress\/wp-content\/uploads\/2025\/01\/f9d9943f-69aa-4c3d-a236-fee4a5341908.jpg'><img loading=\"lazy\" decoding=\"async\" width=\"150\" height=\"150\" src=\"https:\/\/www.radiopiu.net\/wordpress\/wp-content\/uploads\/2025\/01\/f9d9943f-69aa-4c3d-a236-fee4a5341908-150x150.jpg\" class=\"attachment-thumbnail size-thumbnail\" alt=\"\" \/><\/a>\n\t\t\t\t<\/dt><\/dl><dl class='gallery-item'>\n\t\t\t\t<dt class='gallery-icon portrait'>\n\t\t\t\t\t<a class=\"rollover rollover-zoom dt-pswp-item\" title=\"0c39a8e5-5b10-4029-9a92-c241d64ae08f\" data-dt-img-description=\"\" data-large_image_width=\"1200\" data-large_image_height=\"1600\"href='https:\/\/www.radiopiu.net\/wordpress\/wp-content\/uploads\/2025\/01\/0c39a8e5-5b10-4029-9a92-c241d64ae08f.jpg'><img loading=\"lazy\" decoding=\"async\" width=\"150\" height=\"150\" src=\"https:\/\/www.radiopiu.net\/wordpress\/wp-content\/uploads\/2025\/01\/0c39a8e5-5b10-4029-9a92-c241d64ae08f-150x150.jpg\" class=\"attachment-thumbnail size-thumbnail\" alt=\"\" \/><\/a>\n\t\t\t\t<\/dt><\/dl><dl class='gallery-item'>\n\t\t\t\t<dt class='gallery-icon landscape'>\n\t\t\t\t\t<a class=\"rollover rollover-zoom dt-pswp-item\" title=\"66d67d8a-3122-4579-98d8-899b949c8b48\" data-dt-img-description=\"\" data-large_image_width=\"2048\" data-large_image_height=\"1536\"href='https:\/\/www.radiopiu.net\/wordpress\/wp-content\/uploads\/2025\/01\/66d67d8a-3122-4579-98d8-899b949c8b48.jpg'><img loading=\"lazy\" decoding=\"async\" width=\"150\" height=\"150\" src=\"https:\/\/www.radiopiu.net\/wordpress\/wp-content\/uploads\/2025\/01\/66d67d8a-3122-4579-98d8-899b949c8b48-150x150.jpg\" class=\"attachment-thumbnail size-thumbnail\" alt=\"\" \/><\/a>\n\t\t\t\t<\/dt><\/dl><dl class='gallery-item'>\n\t\t\t\t<dt class='gallery-icon landscape'>\n\t\t\t\t\t<a class=\"rollover rollover-zoom dt-pswp-item\" title=\"e71e02a0-23fb-41ad-8a64-46ac5c15db1c\" data-dt-img-description=\"\" data-large_image_width=\"2048\" data-large_image_height=\"1536\"href='https:\/\/www.radiopiu.net\/wordpress\/wp-content\/uploads\/2025\/01\/e71e02a0-23fb-41ad-8a64-46ac5c15db1c.jpg'><img loading=\"lazy\" decoding=\"async\" width=\"150\" height=\"150\" src=\"https:\/\/www.radiopiu.net\/wordpress\/wp-content\/uploads\/2025\/01\/e71e02a0-23fb-41ad-8a64-46ac5c15db1c-150x150.jpg\" class=\"attachment-thumbnail size-thumbnail\" alt=\"\" \/><\/a>\n\t\t\t\t<\/dt><\/dl><br style=\"clear: both\" \/>\n\t\t\t<\/div>\n\n<h2><strong>DI SERENA SOPPERA<\/strong><\/h2>\n<p><iframe loading=\"lazy\" title=\"I PAVAROI E L\u2019ARRIVO DELLA BEFANA \ud83e\uddd9\ud83c\udffb#viralvideo #epifania #dolomiti\" width=\"1200\" height=\"675\" src=\"https:\/\/www.youtube.com\/embed\/V2vlMLBBExY?feature=oembed\" frameborder=\"0\" allow=\"accelerometer; autoplay; clipboard-write; encrypted-media; gyroscope; picture-in-picture; web-share\" referrerpolicy=\"strict-origin-when-cross-origin\" allowfullscreen><\/iframe><\/p>\n<p><strong>DALLE CIME<\/strong><\/p>\n\n\t\t\t<style type='text\/css'>\n\t\t\t\t#gallery-14 {\n\t\t\t\t\tmargin: auto;\n\t\t\t\t}\n\t\t\t\t#gallery-14 .gallery-item {\n\t\t\t\t\tfloat: left;\n\t\t\t\t\tmargin-top: 10px;\n\t\t\t\t\ttext-align: center;\n\t\t\t\t\twidth: 33%;\n\t\t\t\t}\n\t\t\t\t#gallery-14 img {\n\t\t\t\t\tborder: 2px solid #cfcfcf;\n\t\t\t\t}\n\t\t\t\t#gallery-14 .gallery-caption {\n\t\t\t\t\tmargin-left: 0;\n\t\t\t\t}\n\t\t\t\t\/* see gallery_shortcode() in wp-includes\/media.php *\/\n\t\t\t<\/style>\n\t\t<div id='gallery-14' class='dt-gallery-container gallery galleryid-427983 gallery-columns-3 gallery-size-thumbnail'><dl class='gallery-item'>\n\t\t\t\t<dt class='gallery-icon landscape'>\n\t\t\t\t\t<a class=\"rollover rollover-zoom dt-pswp-item\" title=\"fe728792-6521-408e-8e6d-a5d3f6ab20e9\" data-dt-img-description=\"\" data-large_image_width=\"1600\" data-large_image_height=\"1200\"href='https:\/\/www.radiopiu.net\/wordpress\/wp-content\/uploads\/2025\/01\/fe728792-6521-408e-8e6d-a5d3f6ab20e9.jpg'><img loading=\"lazy\" decoding=\"async\" width=\"150\" height=\"150\" src=\"https:\/\/www.radiopiu.net\/wordpress\/wp-content\/uploads\/2025\/01\/fe728792-6521-408e-8e6d-a5d3f6ab20e9-150x150.jpg\" class=\"attachment-thumbnail size-thumbnail\" alt=\"\" \/><\/a>\n\t\t\t\t<\/dt><\/dl><dl class='gallery-item'>\n\t\t\t\t<dt class='gallery-icon portrait'>\n\t\t\t\t\t<a class=\"rollover rollover-zoom dt-pswp-item\" title=\"6c801b23-b117-42e2-9127-8af6c9f63811\" data-dt-img-description=\"\" data-large_image_width=\"1536\" data-large_image_height=\"2048\"href='https:\/\/www.radiopiu.net\/wordpress\/wp-content\/uploads\/2025\/01\/6c801b23-b117-42e2-9127-8af6c9f63811.jpg'><img loading=\"lazy\" decoding=\"async\" width=\"150\" height=\"150\" src=\"https:\/\/www.radiopiu.net\/wordpress\/wp-content\/uploads\/2025\/01\/6c801b23-b117-42e2-9127-8af6c9f63811-150x150.jpg\" class=\"attachment-thumbnail size-thumbnail\" alt=\"\" \/><\/a>\n\t\t\t\t<\/dt><\/dl><dl class='gallery-item'>\n\t\t\t\t<dt class='gallery-icon portrait'>\n\t\t\t\t\t<a class=\"rollover rollover-zoom dt-pswp-item\" title=\"5562dd48-bbd5-405f-ba05-0d61b7505c78\" data-dt-img-description=\"\" data-large_image_width=\"1200\" data-large_image_height=\"1600\"href='https:\/\/www.radiopiu.net\/wordpress\/wp-content\/uploads\/2025\/01\/5562dd48-bbd5-405f-ba05-0d61b7505c78.jpg'><img loading=\"lazy\" decoding=\"async\" width=\"150\" height=\"150\" src=\"https:\/\/www.radiopiu.net\/wordpress\/wp-content\/uploads\/2025\/01\/5562dd48-bbd5-405f-ba05-0d61b7505c78-150x150.jpg\" class=\"attachment-thumbnail size-thumbnail\" alt=\"\" \/><\/a>\n\t\t\t\t<\/dt><\/dl><br style=\"clear: both\" \/>\n\t\t\t<\/div>\n\n<p>&nbsp;<\/p>\n<blockquote class=\"wp-embedded-content\" data-secret=\"FFIg1fGyIS\"><p><a href=\"https:\/\/www.radiopiu.net\/wordpress\/i-fuochi-sulle-cime-negli-scatti-di-mario-de-marco\/\">I FUOCHI SULLE CIME NEGLI SCATTI DI MARIO DE MARCO<\/a><\/p><\/blockquote>\n<p><iframe loading=\"lazy\" class=\"wp-embedded-content\" sandbox=\"allow-scripts\" security=\"restricted\" style=\"position: absolute; visibility: hidden;\" title=\"&#8220;I FUOCHI SULLE CIME NEGLI SCATTI DI MARIO DE MARCO&#8221; &#8212; Radio Pi\u00f9\" src=\"https:\/\/www.radiopiu.net\/wordpress\/i-fuochi-sulle-cime-negli-scatti-di-mario-de-marco\/embed\/#?secret=kmoTNRiLYV#?secret=FFIg1fGyIS\" data-secret=\"FFIg1fGyIS\" width=\"600\" height=\"338\" frameborder=\"0\" marginwidth=\"0\" marginheight=\"0\" scrolling=\"no\"><\/iframe><\/p>\n<p>&nbsp;<\/p>\n<blockquote class=\"wp-embedded-content\" data-secret=\"ZlsaJ57UGv\"><p><a href=\"https:\/\/www.radiopiu.net\/wordpress\/i-pavaroi-da-lassu-di-manuel-conedera-foto-fantastiche\/\">I PAVAROI&#8230;. DA LASSU&#8217; di MANUEL CONEDERA &#8211; foto fantastiche &#8211;<\/a><\/p><\/blockquote>\n<p><iframe loading=\"lazy\" class=\"wp-embedded-content\" sandbox=\"allow-scripts\" security=\"restricted\" style=\"position: absolute; visibility: hidden;\" title=\"&#8220;I PAVAROI&#8230;. DA LASSU&#8217; di MANUEL CONEDERA &#8211; foto fantastiche &#8211;&#8221; &#8212; Radio Pi\u00f9\" src=\"https:\/\/www.radiopiu.net\/wordpress\/i-pavaroi-da-lassu-di-manuel-conedera-foto-fantastiche\/embed\/#?secret=a6Gff5iYj5#?secret=ZlsaJ57UGv\" data-secret=\"ZlsaJ57UGv\" width=\"600\" height=\"338\" frameborder=\"0\" marginwidth=\"0\" marginheight=\"0\" scrolling=\"no\"><\/iframe><\/p>\n<p>&nbsp;<\/p>\n<hr \/>\n<p>&nbsp;<\/p>\n<blockquote>\n<h3>LA BEFANA E&#8217; ARRIVATA ANCHE SULLA MARMOLADA<\/h3>\n<\/blockquote>\n<p><strong>ROCCA PIETORE<\/strong> La Befana della Marmolada \u00e8 arrivata anche quest&#8217;anno. L&#8217;evento \u00e8 stato organizzato dal Soccorso alpino della Val Pettorina e da Marmolada Srl, in collaborazione con Consorzio operatori turistici Marmolada e Gruppo Ana di Rocca Pietore e con il patrocinio del Comune di Rocca Pietore.<\/p>\n<p><strong>IL VIDEO<\/strong><\/p>\n<p><iframe loading=\"lazy\" title=\"BEFANA MARMOLADA 2025\" width=\"1200\" height=\"675\" src=\"https:\/\/www.youtube.com\/embed\/XI5hyg2uI6s?feature=oembed\" frameborder=\"0\" allow=\"accelerometer; autoplay; clipboard-write; encrypted-media; gyroscope; picture-in-picture; web-share\" referrerpolicy=\"strict-origin-when-cross-origin\" allowfullscreen><\/iframe><\/p>\n<p>&nbsp;<\/p>\n<p><strong>LE FOTO<\/strong><\/p>\n\n\t\t\t<style type='text\/css'>\n\t\t\t\t#gallery-15 {\n\t\t\t\t\tmargin: auto;\n\t\t\t\t}\n\t\t\t\t#gallery-15 .gallery-item {\n\t\t\t\t\tfloat: left;\n\t\t\t\t\tmargin-top: 10px;\n\t\t\t\t\ttext-align: center;\n\t\t\t\t\twidth: 33%;\n\t\t\t\t}\n\t\t\t\t#gallery-15 img {\n\t\t\t\t\tborder: 2px solid #cfcfcf;\n\t\t\t\t}\n\t\t\t\t#gallery-15 .gallery-caption {\n\t\t\t\t\tmargin-left: 0;\n\t\t\t\t}\n\t\t\t\t\/* see gallery_shortcode() in wp-includes\/media.php *\/\n\t\t\t<\/style>\n\t\t<div id='gallery-15' class='dt-gallery-container gallery galleryid-427983 gallery-columns-3 gallery-size-medium'><dl class='gallery-item'>\n\t\t\t\t<dt class='gallery-icon landscape'>\n\t\t\t\t\t<a class=\"rollover rollover-zoom dt-pswp-item\" title=\"RIC_2123\" data-dt-img-description=\"\" data-large_image_width=\"2449\" data-large_image_height=\"1633\"href='https:\/\/www.radiopiu.net\/wordpress\/wp-content\/uploads\/2025\/01\/RIC_2123.jpg'><img loading=\"lazy\" decoding=\"async\" width=\"300\" height=\"200\" src=\"https:\/\/www.radiopiu.net\/wordpress\/wp-content\/uploads\/2025\/01\/RIC_2123-300x200.jpg\" class=\"attachment-medium size-medium\" alt=\"\" srcset=\"https:\/\/www.radiopiu.net\/wordpress\/wp-content\/uploads\/2025\/01\/RIC_2123-300x200.jpg 300w, https:\/\/www.radiopiu.net\/wordpress\/wp-content\/uploads\/2025\/01\/RIC_2123-1024x683.jpg 1024w, https:\/\/www.radiopiu.net\/wordpress\/wp-content\/uploads\/2025\/01\/RIC_2123-768x512.jpg 768w, https:\/\/www.radiopiu.net\/wordpress\/wp-content\/uploads\/2025\/01\/RIC_2123-1536x1024.jpg 1536w, https:\/\/www.radiopiu.net\/wordpress\/wp-content\/uploads\/2025\/01\/RIC_2123-2048x1366.jpg 2048w\" sizes=\"auto, (max-width: 300px) 100vw, 300px\" \/><\/a>\n\t\t\t\t<\/dt><\/dl><dl class='gallery-item'>\n\t\t\t\t<dt class='gallery-icon landscape'>\n\t\t\t\t\t<a class=\"rollover rollover-zoom dt-pswp-item\" title=\"RIC_2124\" data-dt-img-description=\"\" data-large_image_width=\"3804\" data-large_image_height=\"2136\"href='https:\/\/www.radiopiu.net\/wordpress\/wp-content\/uploads\/2025\/01\/RIC_2124.png'><img loading=\"lazy\" decoding=\"async\" width=\"300\" height=\"168\" src=\"https:\/\/www.radiopiu.net\/wordpress\/wp-content\/uploads\/2025\/01\/RIC_2124-300x168.png\" class=\"attachment-medium size-medium\" alt=\"\" srcset=\"https:\/\/www.radiopiu.net\/wordpress\/wp-content\/uploads\/2025\/01\/RIC_2124-300x168.png 300w, https:\/\/www.radiopiu.net\/wordpress\/wp-content\/uploads\/2025\/01\/RIC_2124-1024x575.png 1024w, https:\/\/www.radiopiu.net\/wordpress\/wp-content\/uploads\/2025\/01\/RIC_2124-768x431.png 768w, https:\/\/www.radiopiu.net\/wordpress\/wp-content\/uploads\/2025\/01\/RIC_2124-1536x862.png 1536w, https:\/\/www.radiopiu.net\/wordpress\/wp-content\/uploads\/2025\/01\/RIC_2124-2048x1150.png 2048w\" sizes=\"auto, (max-width: 300px) 100vw, 300px\" \/><\/a>\n\t\t\t\t<\/dt><\/dl><dl class='gallery-item'>\n\t\t\t\t<dt class='gallery-icon landscape'>\n\t\t\t\t\t<a class=\"rollover rollover-zoom dt-pswp-item\" title=\"RIC_2126\" data-dt-img-description=\"\" data-large_image_width=\"3804\" data-large_image_height=\"2136\"href='https:\/\/www.radiopiu.net\/wordpress\/wp-content\/uploads\/2025\/01\/RIC_2126.png'><img loading=\"lazy\" decoding=\"async\" width=\"300\" height=\"168\" src=\"https:\/\/www.radiopiu.net\/wordpress\/wp-content\/uploads\/2025\/01\/RIC_2126-300x168.png\" class=\"attachment-medium size-medium\" alt=\"\" srcset=\"https:\/\/www.radiopiu.net\/wordpress\/wp-content\/uploads\/2025\/01\/RIC_2126-300x168.png 300w, https:\/\/www.radiopiu.net\/wordpress\/wp-content\/uploads\/2025\/01\/RIC_2126-1024x575.png 1024w, https:\/\/www.radiopiu.net\/wordpress\/wp-content\/uploads\/2025\/01\/RIC_2126-768x431.png 768w, https:\/\/www.radiopiu.net\/wordpress\/wp-content\/uploads\/2025\/01\/RIC_2126-1536x862.png 1536w, https:\/\/www.radiopiu.net\/wordpress\/wp-content\/uploads\/2025\/01\/RIC_2126-2048x1150.png 2048w\" sizes=\"auto, (max-width: 300px) 100vw, 300px\" \/><\/a>\n\t\t\t\t<\/dt><\/dl><br style=\"clear: both\" \/><dl class='gallery-item'>\n\t\t\t\t<dt class='gallery-icon landscape'>\n\t\t\t\t\t<a class=\"rollover rollover-zoom dt-pswp-item\" title=\"RIC_2134\" data-dt-img-description=\"\" data-large_image_width=\"2449\" data-large_image_height=\"1633\"href='https:\/\/www.radiopiu.net\/wordpress\/wp-content\/uploads\/2025\/01\/RIC_2134.jpg'><img loading=\"lazy\" decoding=\"async\" width=\"300\" height=\"200\" src=\"https:\/\/www.radiopiu.net\/wordpress\/wp-content\/uploads\/2025\/01\/RIC_2134-300x200.jpg\" class=\"attachment-medium size-medium\" alt=\"\" srcset=\"https:\/\/www.radiopiu.net\/wordpress\/wp-content\/uploads\/2025\/01\/RIC_2134-300x200.jpg 300w, https:\/\/www.radiopiu.net\/wordpress\/wp-content\/uploads\/2025\/01\/RIC_2134-1024x683.jpg 1024w, https:\/\/www.radiopiu.net\/wordpress\/wp-content\/uploads\/2025\/01\/RIC_2134-768x512.jpg 768w, https:\/\/www.radiopiu.net\/wordpress\/wp-content\/uploads\/2025\/01\/RIC_2134-1536x1024.jpg 1536w, https:\/\/www.radiopiu.net\/wordpress\/wp-content\/uploads\/2025\/01\/RIC_2134-2048x1366.jpg 2048w\" sizes=\"auto, (max-width: 300px) 100vw, 300px\" \/><\/a>\n\t\t\t\t<\/dt><\/dl><dl class='gallery-item'>\n\t\t\t\t<dt class='gallery-icon landscape'>\n\t\t\t\t\t<a class=\"rollover rollover-zoom dt-pswp-item\" title=\"RIC_2149\" data-dt-img-description=\"\" data-large_image_width=\"2449\" data-large_image_height=\"1633\"href='https:\/\/www.radiopiu.net\/wordpress\/wp-content\/uploads\/2025\/01\/RIC_2149.jpg'><img loading=\"lazy\" decoding=\"async\" width=\"300\" height=\"200\" src=\"https:\/\/www.radiopiu.net\/wordpress\/wp-content\/uploads\/2025\/01\/RIC_2149-300x200.jpg\" class=\"attachment-medium size-medium\" alt=\"\" srcset=\"https:\/\/www.radiopiu.net\/wordpress\/wp-content\/uploads\/2025\/01\/RIC_2149-300x200.jpg 300w, https:\/\/www.radiopiu.net\/wordpress\/wp-content\/uploads\/2025\/01\/RIC_2149-1024x683.jpg 1024w, https:\/\/www.radiopiu.net\/wordpress\/wp-content\/uploads\/2025\/01\/RIC_2149-768x512.jpg 768w, https:\/\/www.radiopiu.net\/wordpress\/wp-content\/uploads\/2025\/01\/RIC_2149-1536x1024.jpg 1536w, https:\/\/www.radiopiu.net\/wordpress\/wp-content\/uploads\/2025\/01\/RIC_2149-2048x1366.jpg 2048w\" sizes=\"auto, (max-width: 300px) 100vw, 300px\" \/><\/a>\n\t\t\t\t<\/dt><\/dl><dl class='gallery-item'>\n\t\t\t\t<dt class='gallery-icon landscape'>\n\t\t\t\t\t<a class=\"rollover rollover-zoom dt-pswp-item\" title=\"RIC_2151\" data-dt-img-description=\"\" data-large_image_width=\"2449\" data-large_image_height=\"1633\"href='https:\/\/www.radiopiu.net\/wordpress\/wp-content\/uploads\/2025\/01\/RIC_2151.jpg'><img loading=\"lazy\" decoding=\"async\" width=\"300\" height=\"200\" src=\"https:\/\/www.radiopiu.net\/wordpress\/wp-content\/uploads\/2025\/01\/RIC_2151-300x200.jpg\" class=\"attachment-medium size-medium\" alt=\"\" srcset=\"https:\/\/www.radiopiu.net\/wordpress\/wp-content\/uploads\/2025\/01\/RIC_2151-300x200.jpg 300w, https:\/\/www.radiopiu.net\/wordpress\/wp-content\/uploads\/2025\/01\/RIC_2151-1024x683.jpg 1024w, https:\/\/www.radiopiu.net\/wordpress\/wp-content\/uploads\/2025\/01\/RIC_2151-768x512.jpg 768w, https:\/\/www.radiopiu.net\/wordpress\/wp-content\/uploads\/2025\/01\/RIC_2151-1536x1024.jpg 1536w, https:\/\/www.radiopiu.net\/wordpress\/wp-content\/uploads\/2025\/01\/RIC_2151-2048x1366.jpg 2048w\" sizes=\"auto, (max-width: 300px) 100vw, 300px\" \/><\/a>\n\t\t\t\t<\/dt><\/dl><br style=\"clear: both\" \/><dl class='gallery-item'>\n\t\t\t\t<dt class='gallery-icon landscape'>\n\t\t\t\t\t<a class=\"rollover rollover-zoom dt-pswp-item\" title=\"RIC_2162-Migliorato-NR\" data-dt-img-description=\"\" data-large_image_width=\"2449\" data-large_image_height=\"1633\"href='https:\/\/www.radiopiu.net\/wordpress\/wp-content\/uploads\/2025\/01\/RIC_2162-Migliorato-NR.jpg'><img loading=\"lazy\" decoding=\"async\" width=\"300\" height=\"200\" src=\"https:\/\/www.radiopiu.net\/wordpress\/wp-content\/uploads\/2025\/01\/RIC_2162-Migliorato-NR-300x200.jpg\" class=\"attachment-medium size-medium\" alt=\"\" srcset=\"https:\/\/www.radiopiu.net\/wordpress\/wp-content\/uploads\/2025\/01\/RIC_2162-Migliorato-NR-300x200.jpg 300w, https:\/\/www.radiopiu.net\/wordpress\/wp-content\/uploads\/2025\/01\/RIC_2162-Migliorato-NR-1024x683.jpg 1024w, https:\/\/www.radiopiu.net\/wordpress\/wp-content\/uploads\/2025\/01\/RIC_2162-Migliorato-NR-768x512.jpg 768w, https:\/\/www.radiopiu.net\/wordpress\/wp-content\/uploads\/2025\/01\/RIC_2162-Migliorato-NR-1536x1024.jpg 1536w, https:\/\/www.radiopiu.net\/wordpress\/wp-content\/uploads\/2025\/01\/RIC_2162-Migliorato-NR-2048x1366.jpg 2048w\" sizes=\"auto, (max-width: 300px) 100vw, 300px\" \/><\/a>\n\t\t\t\t<\/dt><\/dl><dl class='gallery-item'>\n\t\t\t\t<dt class='gallery-icon landscape'>\n\t\t\t\t\t<a class=\"rollover rollover-zoom dt-pswp-item\" title=\"RIC_2169-Migliorato-NR\" data-dt-img-description=\"\" data-large_image_width=\"2449\" data-large_image_height=\"1633\"href='https:\/\/www.radiopiu.net\/wordpress\/wp-content\/uploads\/2025\/01\/RIC_2169-Migliorato-NR.jpg'><img loading=\"lazy\" decoding=\"async\" width=\"300\" height=\"200\" src=\"https:\/\/www.radiopiu.net\/wordpress\/wp-content\/uploads\/2025\/01\/RIC_2169-Migliorato-NR-300x200.jpg\" class=\"attachment-medium size-medium\" alt=\"\" srcset=\"https:\/\/www.radiopiu.net\/wordpress\/wp-content\/uploads\/2025\/01\/RIC_2169-Migliorato-NR-300x200.jpg 300w, https:\/\/www.radiopiu.net\/wordpress\/wp-content\/uploads\/2025\/01\/RIC_2169-Migliorato-NR-1024x683.jpg 1024w, https:\/\/www.radiopiu.net\/wordpress\/wp-content\/uploads\/2025\/01\/RIC_2169-Migliorato-NR-768x512.jpg 768w, https:\/\/www.radiopiu.net\/wordpress\/wp-content\/uploads\/2025\/01\/RIC_2169-Migliorato-NR-1536x1024.jpg 1536w, https:\/\/www.radiopiu.net\/wordpress\/wp-content\/uploads\/2025\/01\/RIC_2169-Migliorato-NR-2048x1366.jpg 2048w\" sizes=\"auto, (max-width: 300px) 100vw, 300px\" \/><\/a>\n\t\t\t\t<\/dt><\/dl><dl class='gallery-item'>\n\t\t\t\t<dt class='gallery-icon landscape'>\n\t\t\t\t\t<a class=\"rollover rollover-zoom dt-pswp-item\" title=\"RIC_2173-Migliorato-NR\" data-dt-img-description=\"\" data-large_image_width=\"2449\" data-large_image_height=\"1633\"href='https:\/\/www.radiopiu.net\/wordpress\/wp-content\/uploads\/2025\/01\/RIC_2173-Migliorato-NR.jpg'><img loading=\"lazy\" decoding=\"async\" width=\"300\" height=\"200\" src=\"https:\/\/www.radiopiu.net\/wordpress\/wp-content\/uploads\/2025\/01\/RIC_2173-Migliorato-NR-300x200.jpg\" class=\"attachment-medium size-medium\" alt=\"\" srcset=\"https:\/\/www.radiopiu.net\/wordpress\/wp-content\/uploads\/2025\/01\/RIC_2173-Migliorato-NR-300x200.jpg 300w, https:\/\/www.radiopiu.net\/wordpress\/wp-content\/uploads\/2025\/01\/RIC_2173-Migliorato-NR-1024x683.jpg 1024w, https:\/\/www.radiopiu.net\/wordpress\/wp-content\/uploads\/2025\/01\/RIC_2173-Migliorato-NR-768x512.jpg 768w, https:\/\/www.radiopiu.net\/wordpress\/wp-content\/uploads\/2025\/01\/RIC_2173-Migliorato-NR-1536x1024.jpg 1536w, https:\/\/www.radiopiu.net\/wordpress\/wp-content\/uploads\/2025\/01\/RIC_2173-Migliorato-NR-2048x1366.jpg 2048w\" sizes=\"auto, (max-width: 300px) 100vw, 300px\" \/><\/a>\n\t\t\t\t<\/dt><\/dl><br style=\"clear: both\" \/>\n\t\t\t<\/div>\n\n<p>&nbsp;<\/p>\n<p><strong>IL VIDEO DI THOMAS SOPPERA<\/strong><\/p>\n<div style=\"width: 1200px;\" class=\"wp-video\"><video class=\"wp-video-shortcode\" id=\"video-427983-3\" width=\"1200\" height=\"675\" preload=\"metadata\" controls=\"controls\"><source type=\"video\/mp4\" src=\"https:\/\/www.radiopiu.net\/wordpress\/wp-content\/uploads\/2025\/01\/WhatsApp-Video-2025-01-05-at-19.22.41.mp4?_=3\" \/><a href=\"https:\/\/www.radiopiu.net\/wordpress\/wp-content\/uploads\/2025\/01\/WhatsApp-Video-2025-01-05-at-19.22.41.mp4\">https:\/\/www.radiopiu.net\/wordpress\/wp-content\/uploads\/2025\/01\/WhatsApp-Video-2025-01-05-at-19.22.41.mp4<\/a><\/video><\/div>\n<p>&nbsp;<\/p>\n<hr \/>\n<p>&nbsp;<\/p>\n<blockquote>\n<h3>SONO ARRIVATE LE DONAZE A COLLE SANTA LUCIA<\/h3>\n<\/blockquote>\n<p><strong>DI MARINA DONA&#8217;<\/strong><\/p>\n<p><strong>COLLE SANTA LUCIA<\/strong> Tradizionale festa con tante donaze grandi e piccole nella piazza e lungo la via che porta alla chiesa, con fortaie vin brul\u00e9 e musica. Una festa molto apprezzata che ha visto una partecipazione massiccia.<\/p>\n<p><strong>IL VIDEO<\/strong><\/p>\n<div style=\"width: 1200px;\" class=\"wp-video\"><video class=\"wp-video-shortcode\" id=\"video-427983-4\" width=\"1200\" height=\"675\" preload=\"metadata\" controls=\"controls\"><source type=\"video\/mp4\" src=\"https:\/\/www.radiopiu.net\/wordpress\/wp-content\/uploads\/2025\/01\/WhatsApp-Video-2025-01-06-at-09.30.52.mp4?_=4\" \/><a href=\"https:\/\/www.radiopiu.net\/wordpress\/wp-content\/uploads\/2025\/01\/WhatsApp-Video-2025-01-06-at-09.30.52.mp4\">https:\/\/www.radiopiu.net\/wordpress\/wp-content\/uploads\/2025\/01\/WhatsApp-Video-2025-01-06-at-09.30.52.mp4<\/a><\/video><\/div>\n<p>&nbsp;<\/p>\n<p><strong>LE FOTO<\/strong><\/p>\n\n\t\t\t<style type='text\/css'>\n\t\t\t\t#gallery-16 {\n\t\t\t\t\tmargin: auto;\n\t\t\t\t}\n\t\t\t\t#gallery-16 .gallery-item {\n\t\t\t\t\tfloat: left;\n\t\t\t\t\tmargin-top: 10px;\n\t\t\t\t\ttext-align: center;\n\t\t\t\t\twidth: 20%;\n\t\t\t\t}\n\t\t\t\t#gallery-16 img {\n\t\t\t\t\tborder: 2px solid #cfcfcf;\n\t\t\t\t}\n\t\t\t\t#gallery-16 .gallery-caption {\n\t\t\t\t\tmargin-left: 0;\n\t\t\t\t}\n\t\t\t\t\/* see gallery_shortcode() in wp-includes\/media.php *\/\n\t\t\t<\/style>\n\t\t<div id='gallery-16' class='dt-gallery-container gallery galleryid-427983 gallery-columns-5 gallery-size-medium'><dl class='gallery-item'>\n\t\t\t\t<dt class='gallery-icon landscape'>\n\t\t\t\t\t<a class=\"rollover rollover-zoom dt-pswp-item\" title=\"dbe28306-84c8-4af3-8492-aa75393de8cf\" data-dt-img-description=\"\" data-large_image_width=\"1080\" data-large_image_height=\"643\"href='https:\/\/www.radiopiu.net\/wordpress\/wp-content\/uploads\/2025\/01\/dbe28306-84c8-4af3-8492-aa75393de8cf.jpg'><img loading=\"lazy\" decoding=\"async\" width=\"300\" height=\"179\" src=\"https:\/\/www.radiopiu.net\/wordpress\/wp-content\/uploads\/2025\/01\/dbe28306-84c8-4af3-8492-aa75393de8cf-300x179.jpg\" class=\"attachment-medium size-medium\" alt=\"\" srcset=\"https:\/\/www.radiopiu.net\/wordpress\/wp-content\/uploads\/2025\/01\/dbe28306-84c8-4af3-8492-aa75393de8cf-300x179.jpg 300w, https:\/\/www.radiopiu.net\/wordpress\/wp-content\/uploads\/2025\/01\/dbe28306-84c8-4af3-8492-aa75393de8cf-1024x610.jpg 1024w, https:\/\/www.radiopiu.net\/wordpress\/wp-content\/uploads\/2025\/01\/dbe28306-84c8-4af3-8492-aa75393de8cf-768x457.jpg 768w, https:\/\/www.radiopiu.net\/wordpress\/wp-content\/uploads\/2025\/01\/dbe28306-84c8-4af3-8492-aa75393de8cf.jpg 1080w\" sizes=\"auto, (max-width: 300px) 100vw, 300px\" \/><\/a>\n\t\t\t\t<\/dt><\/dl><dl class='gallery-item'>\n\t\t\t\t<dt class='gallery-icon landscape'>\n\t\t\t\t\t<a class=\"rollover rollover-zoom dt-pswp-item\" title=\"cb896dcb-f4ee-4ca4-94a6-cd43fd6f6fd0\" data-dt-img-description=\"\" data-large_image_width=\"1600\" data-large_image_height=\"1200\"href='https:\/\/www.radiopiu.net\/wordpress\/wp-content\/uploads\/2025\/01\/cb896dcb-f4ee-4ca4-94a6-cd43fd6f6fd0.jpg'><img loading=\"lazy\" decoding=\"async\" width=\"300\" height=\"225\" src=\"https:\/\/www.radiopiu.net\/wordpress\/wp-content\/uploads\/2025\/01\/cb896dcb-f4ee-4ca4-94a6-cd43fd6f6fd0-300x225.jpg\" class=\"attachment-medium size-medium\" alt=\"\" srcset=\"https:\/\/www.radiopiu.net\/wordpress\/wp-content\/uploads\/2025\/01\/cb896dcb-f4ee-4ca4-94a6-cd43fd6f6fd0-300x225.jpg 300w, https:\/\/www.radiopiu.net\/wordpress\/wp-content\/uploads\/2025\/01\/cb896dcb-f4ee-4ca4-94a6-cd43fd6f6fd0-1024x768.jpg 1024w, https:\/\/www.radiopiu.net\/wordpress\/wp-content\/uploads\/2025\/01\/cb896dcb-f4ee-4ca4-94a6-cd43fd6f6fd0-768x576.jpg 768w, https:\/\/www.radiopiu.net\/wordpress\/wp-content\/uploads\/2025\/01\/cb896dcb-f4ee-4ca4-94a6-cd43fd6f6fd0-1536x1152.jpg 1536w, https:\/\/www.radiopiu.net\/wordpress\/wp-content\/uploads\/2025\/01\/cb896dcb-f4ee-4ca4-94a6-cd43fd6f6fd0.jpg 1600w\" sizes=\"auto, (max-width: 300px) 100vw, 300px\" \/><\/a>\n\t\t\t\t<\/dt><\/dl><dl class='gallery-item'>\n\t\t\t\t<dt class='gallery-icon landscape'>\n\t\t\t\t\t<a class=\"rollover rollover-zoom dt-pswp-item\" title=\"7e69e7d8-7dfc-4b99-9769-cdd5c4c28626\" data-dt-img-description=\"\" data-large_image_width=\"1600\" data-large_image_height=\"1200\"href='https:\/\/www.radiopiu.net\/wordpress\/wp-content\/uploads\/2025\/01\/7e69e7d8-7dfc-4b99-9769-cdd5c4c28626.jpg'><img loading=\"lazy\" decoding=\"async\" width=\"300\" height=\"225\" src=\"https:\/\/www.radiopiu.net\/wordpress\/wp-content\/uploads\/2025\/01\/7e69e7d8-7dfc-4b99-9769-cdd5c4c28626-300x225.jpg\" class=\"attachment-medium size-medium\" alt=\"\" srcset=\"https:\/\/www.radiopiu.net\/wordpress\/wp-content\/uploads\/2025\/01\/7e69e7d8-7dfc-4b99-9769-cdd5c4c28626-300x225.jpg 300w, https:\/\/www.radiopiu.net\/wordpress\/wp-content\/uploads\/2025\/01\/7e69e7d8-7dfc-4b99-9769-cdd5c4c28626-1024x768.jpg 1024w, https:\/\/www.radiopiu.net\/wordpress\/wp-content\/uploads\/2025\/01\/7e69e7d8-7dfc-4b99-9769-cdd5c4c28626-768x576.jpg 768w, https:\/\/www.radiopiu.net\/wordpress\/wp-content\/uploads\/2025\/01\/7e69e7d8-7dfc-4b99-9769-cdd5c4c28626-1536x1152.jpg 1536w, https:\/\/www.radiopiu.net\/wordpress\/wp-content\/uploads\/2025\/01\/7e69e7d8-7dfc-4b99-9769-cdd5c4c28626.jpg 1600w\" sizes=\"auto, (max-width: 300px) 100vw, 300px\" \/><\/a>\n\t\t\t\t<\/dt><\/dl><dl class='gallery-item'>\n\t\t\t\t<dt class='gallery-icon landscape'>\n\t\t\t\t\t<a class=\"rollover rollover-zoom dt-pswp-item\" title=\"8645d94a-25e7-40a2-90fc-6d9cd3bec9a8\" data-dt-img-description=\"\" data-large_image_width=\"1600\" data-large_image_height=\"1200\"href='https:\/\/www.radiopiu.net\/wordpress\/wp-content\/uploads\/2025\/01\/8645d94a-25e7-40a2-90fc-6d9cd3bec9a8.jpg'><img loading=\"lazy\" decoding=\"async\" width=\"300\" height=\"225\" src=\"https:\/\/www.radiopiu.net\/wordpress\/wp-content\/uploads\/2025\/01\/8645d94a-25e7-40a2-90fc-6d9cd3bec9a8-300x225.jpg\" class=\"attachment-medium size-medium\" alt=\"\" srcset=\"https:\/\/www.radiopiu.net\/wordpress\/wp-content\/uploads\/2025\/01\/8645d94a-25e7-40a2-90fc-6d9cd3bec9a8-300x225.jpg 300w, https:\/\/www.radiopiu.net\/wordpress\/wp-content\/uploads\/2025\/01\/8645d94a-25e7-40a2-90fc-6d9cd3bec9a8-1024x768.jpg 1024w, https:\/\/www.radiopiu.net\/wordpress\/wp-content\/uploads\/2025\/01\/8645d94a-25e7-40a2-90fc-6d9cd3bec9a8-768x576.jpg 768w, https:\/\/www.radiopiu.net\/wordpress\/wp-content\/uploads\/2025\/01\/8645d94a-25e7-40a2-90fc-6d9cd3bec9a8-1536x1152.jpg 1536w, https:\/\/www.radiopiu.net\/wordpress\/wp-content\/uploads\/2025\/01\/8645d94a-25e7-40a2-90fc-6d9cd3bec9a8.jpg 1600w\" sizes=\"auto, (max-width: 300px) 100vw, 300px\" \/><\/a>\n\t\t\t\t<\/dt><\/dl><dl class='gallery-item'>\n\t\t\t\t<dt class='gallery-icon landscape'>\n\t\t\t\t\t<a class=\"rollover rollover-zoom dt-pswp-item\" title=\"8ba9f9d5-5c42-4496-b0c8-78e18d0d5402\" data-dt-img-description=\"\" data-large_image_width=\"1600\" data-large_image_height=\"1200\"href='https:\/\/www.radiopiu.net\/wordpress\/wp-content\/uploads\/2025\/01\/8ba9f9d5-5c42-4496-b0c8-78e18d0d5402.jpg'><img loading=\"lazy\" decoding=\"async\" width=\"300\" height=\"225\" src=\"https:\/\/www.radiopiu.net\/wordpress\/wp-content\/uploads\/2025\/01\/8ba9f9d5-5c42-4496-b0c8-78e18d0d5402-300x225.jpg\" class=\"attachment-medium size-medium\" alt=\"\" srcset=\"https:\/\/www.radiopiu.net\/wordpress\/wp-content\/uploads\/2025\/01\/8ba9f9d5-5c42-4496-b0c8-78e18d0d5402-300x225.jpg 300w, https:\/\/www.radiopiu.net\/wordpress\/wp-content\/uploads\/2025\/01\/8ba9f9d5-5c42-4496-b0c8-78e18d0d5402-1024x768.jpg 1024w, https:\/\/www.radiopiu.net\/wordpress\/wp-content\/uploads\/2025\/01\/8ba9f9d5-5c42-4496-b0c8-78e18d0d5402-768x576.jpg 768w, https:\/\/www.radiopiu.net\/wordpress\/wp-content\/uploads\/2025\/01\/8ba9f9d5-5c42-4496-b0c8-78e18d0d5402-1536x1152.jpg 1536w, https:\/\/www.radiopiu.net\/wordpress\/wp-content\/uploads\/2025\/01\/8ba9f9d5-5c42-4496-b0c8-78e18d0d5402.jpg 1600w\" sizes=\"auto, (max-width: 300px) 100vw, 300px\" \/><\/a>\n\t\t\t\t<\/dt><\/dl><br style=\"clear: both\" \/><dl class='gallery-item'>\n\t\t\t\t<dt class='gallery-icon landscape'>\n\t\t\t\t\t<a class=\"rollover rollover-zoom dt-pswp-item\" title=\"4fa8dcb0-764d-433a-96a9-beca1d4f3e3a\" data-dt-img-description=\"\" data-large_image_width=\"1600\" data-large_image_height=\"1200\"href='https:\/\/www.radiopiu.net\/wordpress\/wp-content\/uploads\/2025\/01\/4fa8dcb0-764d-433a-96a9-beca1d4f3e3a.jpg'><img loading=\"lazy\" decoding=\"async\" width=\"300\" height=\"225\" src=\"https:\/\/www.radiopiu.net\/wordpress\/wp-content\/uploads\/2025\/01\/4fa8dcb0-764d-433a-96a9-beca1d4f3e3a-300x225.jpg\" class=\"attachment-medium size-medium\" alt=\"\" srcset=\"https:\/\/www.radiopiu.net\/wordpress\/wp-content\/uploads\/2025\/01\/4fa8dcb0-764d-433a-96a9-beca1d4f3e3a-300x225.jpg 300w, https:\/\/www.radiopiu.net\/wordpress\/wp-content\/uploads\/2025\/01\/4fa8dcb0-764d-433a-96a9-beca1d4f3e3a-1024x768.jpg 1024w, https:\/\/www.radiopiu.net\/wordpress\/wp-content\/uploads\/2025\/01\/4fa8dcb0-764d-433a-96a9-beca1d4f3e3a-768x576.jpg 768w, https:\/\/www.radiopiu.net\/wordpress\/wp-content\/uploads\/2025\/01\/4fa8dcb0-764d-433a-96a9-beca1d4f3e3a-1536x1152.jpg 1536w, https:\/\/www.radiopiu.net\/wordpress\/wp-content\/uploads\/2025\/01\/4fa8dcb0-764d-433a-96a9-beca1d4f3e3a.jpg 1600w\" sizes=\"auto, (max-width: 300px) 100vw, 300px\" \/><\/a>\n\t\t\t\t<\/dt><\/dl><dl class='gallery-item'>\n\t\t\t\t<dt class='gallery-icon landscape'>\n\t\t\t\t\t<a class=\"rollover rollover-zoom dt-pswp-item\" title=\"4589afbf-a471-4336-9b2b-93072e0c82eb\" data-dt-img-description=\"\" data-large_image_width=\"1599\" data-large_image_height=\"1186\"href='https:\/\/www.radiopiu.net\/wordpress\/wp-content\/uploads\/2025\/01\/4589afbf-a471-4336-9b2b-93072e0c82eb.jpg'><img loading=\"lazy\" decoding=\"async\" width=\"300\" height=\"223\" src=\"https:\/\/www.radiopiu.net\/wordpress\/wp-content\/uploads\/2025\/01\/4589afbf-a471-4336-9b2b-93072e0c82eb-300x223.jpg\" class=\"attachment-medium size-medium\" alt=\"\" srcset=\"https:\/\/www.radiopiu.net\/wordpress\/wp-content\/uploads\/2025\/01\/4589afbf-a471-4336-9b2b-93072e0c82eb-300x223.jpg 300w, https:\/\/www.radiopiu.net\/wordpress\/wp-content\/uploads\/2025\/01\/4589afbf-a471-4336-9b2b-93072e0c82eb-1024x760.jpg 1024w, https:\/\/www.radiopiu.net\/wordpress\/wp-content\/uploads\/2025\/01\/4589afbf-a471-4336-9b2b-93072e0c82eb-768x570.jpg 768w, https:\/\/www.radiopiu.net\/wordpress\/wp-content\/uploads\/2025\/01\/4589afbf-a471-4336-9b2b-93072e0c82eb-1536x1139.jpg 1536w, https:\/\/www.radiopiu.net\/wordpress\/wp-content\/uploads\/2025\/01\/4589afbf-a471-4336-9b2b-93072e0c82eb.jpg 1599w\" sizes=\"auto, (max-width: 300px) 100vw, 300px\" \/><\/a>\n\t\t\t\t<\/dt><\/dl><dl class='gallery-item'>\n\t\t\t\t<dt class='gallery-icon landscape'>\n\t\t\t\t\t<a class=\"rollover rollover-zoom dt-pswp-item\" title=\"54af7f34-7b39-482b-b66a-895ffa91114a\" data-dt-img-description=\"\" data-large_image_width=\"1600\" data-large_image_height=\"1200\"href='https:\/\/www.radiopiu.net\/wordpress\/wp-content\/uploads\/2025\/01\/54af7f34-7b39-482b-b66a-895ffa91114a.jpg'><img loading=\"lazy\" decoding=\"async\" width=\"300\" height=\"225\" src=\"https:\/\/www.radiopiu.net\/wordpress\/wp-content\/uploads\/2025\/01\/54af7f34-7b39-482b-b66a-895ffa91114a-300x225.jpg\" class=\"attachment-medium size-medium\" alt=\"\" srcset=\"https:\/\/www.radiopiu.net\/wordpress\/wp-content\/uploads\/2025\/01\/54af7f34-7b39-482b-b66a-895ffa91114a-300x225.jpg 300w, https:\/\/www.radiopiu.net\/wordpress\/wp-content\/uploads\/2025\/01\/54af7f34-7b39-482b-b66a-895ffa91114a-1024x768.jpg 1024w, https:\/\/www.radiopiu.net\/wordpress\/wp-content\/uploads\/2025\/01\/54af7f34-7b39-482b-b66a-895ffa91114a-768x576.jpg 768w, https:\/\/www.radiopiu.net\/wordpress\/wp-content\/uploads\/2025\/01\/54af7f34-7b39-482b-b66a-895ffa91114a-1536x1152.jpg 1536w, https:\/\/www.radiopiu.net\/wordpress\/wp-content\/uploads\/2025\/01\/54af7f34-7b39-482b-b66a-895ffa91114a.jpg 1600w\" sizes=\"auto, (max-width: 300px) 100vw, 300px\" \/><\/a>\n\t\t\t\t<\/dt><\/dl><dl class='gallery-item'>\n\t\t\t\t<dt class='gallery-icon landscape'>\n\t\t\t\t\t<a class=\"rollover rollover-zoom dt-pswp-item\" title=\"d028099c-366d-4b3a-ad8d-3276ba6982a8\" data-dt-img-description=\"\" data-large_image_width=\"1600\" data-large_image_height=\"1200\"href='https:\/\/www.radiopiu.net\/wordpress\/wp-content\/uploads\/2025\/01\/d028099c-366d-4b3a-ad8d-3276ba6982a8.jpg'><img loading=\"lazy\" decoding=\"async\" width=\"300\" height=\"225\" src=\"https:\/\/www.radiopiu.net\/wordpress\/wp-content\/uploads\/2025\/01\/d028099c-366d-4b3a-ad8d-3276ba6982a8-300x225.jpg\" class=\"attachment-medium size-medium\" alt=\"\" srcset=\"https:\/\/www.radiopiu.net\/wordpress\/wp-content\/uploads\/2025\/01\/d028099c-366d-4b3a-ad8d-3276ba6982a8-300x225.jpg 300w, https:\/\/www.radiopiu.net\/wordpress\/wp-content\/uploads\/2025\/01\/d028099c-366d-4b3a-ad8d-3276ba6982a8-1024x768.jpg 1024w, https:\/\/www.radiopiu.net\/wordpress\/wp-content\/uploads\/2025\/01\/d028099c-366d-4b3a-ad8d-3276ba6982a8-768x576.jpg 768w, https:\/\/www.radiopiu.net\/wordpress\/wp-content\/uploads\/2025\/01\/d028099c-366d-4b3a-ad8d-3276ba6982a8-1536x1152.jpg 1536w, https:\/\/www.radiopiu.net\/wordpress\/wp-content\/uploads\/2025\/01\/d028099c-366d-4b3a-ad8d-3276ba6982a8.jpg 1600w\" sizes=\"auto, (max-width: 300px) 100vw, 300px\" \/><\/a>\n\t\t\t\t<\/dt><\/dl><dl class='gallery-item'>\n\t\t\t\t<dt class='gallery-icon landscape'>\n\t\t\t\t\t<a class=\"rollover rollover-zoom dt-pswp-item\" title=\"5b1cfb89-3234-4235-8608-b6d9fd9b36aa\" data-dt-img-description=\"\" data-large_image_width=\"817\" data-large_image_height=\"697\"href='https:\/\/www.radiopiu.net\/wordpress\/wp-content\/uploads\/2025\/01\/5b1cfb89-3234-4235-8608-b6d9fd9b36aa.jpg'><img loading=\"lazy\" decoding=\"async\" width=\"300\" height=\"256\" src=\"https:\/\/www.radiopiu.net\/wordpress\/wp-content\/uploads\/2025\/01\/5b1cfb89-3234-4235-8608-b6d9fd9b36aa-300x256.jpg\" class=\"attachment-medium size-medium\" alt=\"\" srcset=\"https:\/\/www.radiopiu.net\/wordpress\/wp-content\/uploads\/2025\/01\/5b1cfb89-3234-4235-8608-b6d9fd9b36aa-300x256.jpg 300w, https:\/\/www.radiopiu.net\/wordpress\/wp-content\/uploads\/2025\/01\/5b1cfb89-3234-4235-8608-b6d9fd9b36aa-768x655.jpg 768w, https:\/\/www.radiopiu.net\/wordpress\/wp-content\/uploads\/2025\/01\/5b1cfb89-3234-4235-8608-b6d9fd9b36aa.jpg 817w\" sizes=\"auto, (max-width: 300px) 100vw, 300px\" \/><\/a>\n\t\t\t\t<\/dt><\/dl><br style=\"clear: both\" \/>\n\t\t\t<\/div>\n\n<p>&nbsp;<\/p>\n<hr \/>\n<p>&nbsp;<\/p>\n<blockquote>\n<h3>PRESEPI SOTTO LE STELLE A VOLTAGO<\/h3>\n<\/blockquote>\n<p><strong>VOLTAGO\u00a0<\/strong>Si \u00e8 svolta a Voltago la premiazione dell&#8217;edizione 2025 di &#8220;Presepi Sotto Le Stelle&#8221;, la manifestazione che premia il miglior presepio normale e originale del paese. Il presepio di Orietta e Ivano \u00e8 stato il pi\u00f9 votato per quanto riguarda il presepio classico, per l&#8217;originalit\u00e0 \u00e8 stato premiato il presepio di Ivano Borghese. Durante la serata anche una raccolta fondi per aiutare le famiglie colpite dall&#8217;incendio di Frassen\u00e8.<\/p>\n\n\t\t\t<style type='text\/css'>\n\t\t\t\t#gallery-17 {\n\t\t\t\t\tmargin: auto;\n\t\t\t\t}\n\t\t\t\t#gallery-17 .gallery-item {\n\t\t\t\t\tfloat: left;\n\t\t\t\t\tmargin-top: 10px;\n\t\t\t\t\ttext-align: center;\n\t\t\t\t\twidth: 20%;\n\t\t\t\t}\n\t\t\t\t#gallery-17 img {\n\t\t\t\t\tborder: 2px solid #cfcfcf;\n\t\t\t\t}\n\t\t\t\t#gallery-17 .gallery-caption {\n\t\t\t\t\tmargin-left: 0;\n\t\t\t\t}\n\t\t\t\t\/* see gallery_shortcode() in wp-includes\/media.php *\/\n\t\t\t<\/style>\n\t\t<div id='gallery-17' class='dt-gallery-container gallery galleryid-427983 gallery-columns-5 gallery-size-thumbnail'><dl class='gallery-item'>\n\t\t\t\t<dt class='gallery-icon portrait'>\n\t\t\t\t\t<a class=\"rollover rollover-zoom dt-pswp-item\" title=\"bfe282d8-e3f0-4faf-ba35-7970849b0b7b\" data-dt-img-description=\"\" data-large_image_width=\"1131\" data-large_image_height=\"1600\"href='https:\/\/www.radiopiu.net\/wordpress\/wp-content\/uploads\/2025\/01\/bfe282d8-e3f0-4faf-ba35-7970849b0b7b.jpg'><img loading=\"lazy\" decoding=\"async\" width=\"150\" height=\"150\" src=\"https:\/\/www.radiopiu.net\/wordpress\/wp-content\/uploads\/2025\/01\/bfe282d8-e3f0-4faf-ba35-7970849b0b7b-150x150.jpg\" class=\"attachment-thumbnail size-thumbnail\" alt=\"\" \/><\/a>\n\t\t\t\t<\/dt><\/dl><dl class='gallery-item'>\n\t\t\t\t<dt class='gallery-icon portrait'>\n\t\t\t\t\t<a class=\"rollover rollover-zoom dt-pswp-item\" title=\"6bacdbf2-2a5a-4984-bb9d-49139d9bbb09\" data-dt-img-description=\"\" data-large_image_width=\"1137\" data-large_image_height=\"1599\"href='https:\/\/www.radiopiu.net\/wordpress\/wp-content\/uploads\/2025\/01\/6bacdbf2-2a5a-4984-bb9d-49139d9bbb09.jpg'><img loading=\"lazy\" decoding=\"async\" width=\"150\" height=\"150\" src=\"https:\/\/www.radiopiu.net\/wordpress\/wp-content\/uploads\/2025\/01\/6bacdbf2-2a5a-4984-bb9d-49139d9bbb09-150x150.jpg\" class=\"attachment-thumbnail size-thumbnail\" alt=\"\" \/><\/a>\n\t\t\t\t<\/dt><\/dl><dl class='gallery-item'>\n\t\t\t\t<dt class='gallery-icon portrait'>\n\t\t\t\t\t<a class=\"rollover rollover-zoom dt-pswp-item\" title=\"2ef28392-3a65-41c1-9f83-673467007d75\" data-dt-img-description=\"\" data-large_image_width=\"900\" data-large_image_height=\"1600\"href='https:\/\/www.radiopiu.net\/wordpress\/wp-content\/uploads\/2025\/01\/2ef28392-3a65-41c1-9f83-673467007d75.jpg'><img loading=\"lazy\" decoding=\"async\" width=\"150\" height=\"150\" src=\"https:\/\/www.radiopiu.net\/wordpress\/wp-content\/uploads\/2025\/01\/2ef28392-3a65-41c1-9f83-673467007d75-150x150.jpg\" class=\"attachment-thumbnail size-thumbnail\" alt=\"\" aria-describedby=\"gallery-17-428409\" \/><\/a>\n\t\t\t\t<\/dt>\n\t\t\t\t\t<dd class='wp-caption-text gallery-caption' id='gallery-17-428409'>\n\t\t\t\t\tPRIMO PREMIO PRESEPIO ORIGINALE\n\t\t\t\t\t<\/dd><\/dl><dl class='gallery-item'>\n\t\t\t\t<dt class='gallery-icon portrait'>\n\t\t\t\t\t<a class=\"rollover rollover-zoom dt-pswp-item\" title=\"733a134d-99e6-4f57-9d02-8f72a26e38ca\" data-dt-img-description=\"\" data-large_image_width=\"900\" data-large_image_height=\"1600\"href='https:\/\/www.radiopiu.net\/wordpress\/wp-content\/uploads\/2025\/01\/733a134d-99e6-4f57-9d02-8f72a26e38ca.jpg'><img loading=\"lazy\" decoding=\"async\" width=\"150\" height=\"150\" src=\"https:\/\/www.radiopiu.net\/wordpress\/wp-content\/uploads\/2025\/01\/733a134d-99e6-4f57-9d02-8f72a26e38ca-150x150.jpg\" class=\"attachment-thumbnail size-thumbnail\" alt=\"\" aria-describedby=\"gallery-17-428410\" \/><\/a>\n\t\t\t\t<\/dt>\n\t\t\t\t\t<dd class='wp-caption-text gallery-caption' id='gallery-17-428410'>\n\t\t\t\t\tPRIMO PREMIO PRESEPIO NORMALE\n\t\t\t\t\t<\/dd><\/dl><dl class='gallery-item'>\n\t\t\t\t<dt class='gallery-icon landscape'>\n\t\t\t\t\t<a class=\"rollover rollover-zoom dt-pswp-item\" title=\"587a7640-fb2c-4623-9542-fc65071c7e3f\" data-dt-img-description=\"\" data-large_image_width=\"1600\" data-large_image_height=\"1204\"href='https:\/\/www.radiopiu.net\/wordpress\/wp-content\/uploads\/2025\/01\/587a7640-fb2c-4623-9542-fc65071c7e3f.jpg'><img loading=\"lazy\" decoding=\"async\" width=\"150\" height=\"150\" src=\"https:\/\/www.radiopiu.net\/wordpress\/wp-content\/uploads\/2025\/01\/587a7640-fb2c-4623-9542-fc65071c7e3f-150x150.jpg\" class=\"attachment-thumbnail size-thumbnail\" alt=\"\" aria-describedby=\"gallery-17-428411\" \/><\/a>\n\t\t\t\t<\/dt>\n\t\t\t\t\t<dd class='wp-caption-text gallery-caption' id='gallery-17-428411'>\n\t\t\t\t\tLA GIURIA\n\t\t\t\t\t<\/dd><\/dl><br style=\"clear: both\" \/>\n\t\t\t<\/div>\n\n<hr \/>\n<p>&nbsp;<\/p>\n<p><strong><a class=\"dt-pswp-item\" href=\"https:\/\/www.radiopiu.net\/wordpress\/wp-content\/uploads\/2024\/11\/AMICI-MINERARI.png\" data-dt-img-description=\"\" data-large_image_width=\"209\" data-large_image_height=\"174\"><img loading=\"lazy\" decoding=\"async\" class=\" wp-image-419180 alignleft\" src=\"https:\/\/www.radiopiu.net\/wordpress\/wp-content\/uploads\/2024\/11\/AMICI-MINERARI.png\" alt=\"\" width=\"168\" height=\"140\" \/><\/a>&#8220;Con gli Amici dei Minerari: Serate d&#8217;Inverno \u2013 un viaggio tra storia, scienza e meraviglie. Incontri presso la Sala con T\u00e0-Mis. Non mancare!&#8221;<\/strong><\/p>\n<ul>\n<li><em>Venerd\u00ec 24 gennaio, ore 20:30<\/em>: &#8220;Il meraviglioso mondo dei fossili delle Dolomiti&#8221; \u2013 Relatore Danilo Giordano.<\/li>\n<li><em>Venerd\u00ec 21 febbraio, ore 20:30<\/em>: &#8220;Il traforo del Brennero: studio, progettazione e realizzazione&#8221; \u2013 Relatori Vittorio Fenti e Mario Guadagnini.<\/li>\n<\/ul>\n<p><strong>Vivi la cultura e la passione per la montagna!<\/strong><\/p>\n<p>&nbsp;<\/p>\n<p>&nbsp;<\/p>\n<hr \/>\n<p>&nbsp;<\/p>\n<blockquote>\n<h3><a class=\"dt-pswp-item\" href=\"https:\/\/www.radiopiu.net\/wordpress\/wp-content\/uploads\/2025\/01\/presentazione-libri-11-genn-2025.jpeg\" data-dt-img-description=\"\" data-large_image_width=\"1130\" data-large_image_height=\"1600\"><img loading=\"lazy\" decoding=\"async\" class=\" wp-image-428165 alignleft\" src=\"https:\/\/www.radiopiu.net\/wordpress\/wp-content\/uploads\/2025\/01\/presentazione-libri-11-genn-2025-212x300.jpeg\" alt=\"\" width=\"135\" height=\"191\" srcset=\"https:\/\/www.radiopiu.net\/wordpress\/wp-content\/uploads\/2025\/01\/presentazione-libri-11-genn-2025-212x300.jpeg 212w, https:\/\/www.radiopiu.net\/wordpress\/wp-content\/uploads\/2025\/01\/presentazione-libri-11-genn-2025-723x1024.jpeg 723w, https:\/\/www.radiopiu.net\/wordpress\/wp-content\/uploads\/2025\/01\/presentazione-libri-11-genn-2025-768x1087.jpeg 768w, https:\/\/www.radiopiu.net\/wordpress\/wp-content\/uploads\/2025\/01\/presentazione-libri-11-genn-2025-1085x1536.jpeg 1085w, https:\/\/www.radiopiu.net\/wordpress\/wp-content\/uploads\/2025\/01\/presentazione-libri-11-genn-2025.jpeg 1130w\" sizes=\"auto, (max-width: 135px) 100vw, 135px\" \/><\/a>SABATO SI PARLA DI OMICIDI CON ROBERTO DE NART<\/h3>\n<\/blockquote>\n<p><strong>BELLUNO <\/strong>Sabato 11 gennaio 2025 alle 17, presso il Circolo culturale &#8220;La Terra dei Padri &#8211; Belluno Aps&#8221; in via dei Molini, 10 (Borgo Piave, Belluno), si terr\u00e0 un incontro dedicato agli omicidi del secolo scorso. L\u2019evento prevede la presentazione dei libri <strong>&#8220;Omicidio di Emma Canton&#8221;<\/strong> e <strong>&#8220;Assassinio sulla riva destra del Brenta&#8221;<\/strong> di Roberto De Nart, giornalista e direttore di <em>Bellunopress<\/em>. La serata sar\u00e0 introdotta dal professor Francesco Dematt\u00e8, presidente del Circolo, e vedr\u00e0 la partecipazione dell\u2019avvocato Anna Polifroni, che dialogher\u00e0 con l\u2019autore. Verranno approfonditi il profilo criminologico degli assassini, le vittime, i dettagli chimici, gli atti processuali e le sentenze di questi casi. Un appuntamento imperdibile per gli appassionati di storia e criminologia.<\/p>\n<p>&nbsp;<\/p>\n<p>&nbsp;<\/p>\n<hr \/>\n<p>&nbsp;<\/p>\n<blockquote>\n<h3>SUL FILO DELL&#8217;ACQUA IN CADORE<\/h3>\n<\/blockquote>\n<p><strong>CADORE <\/strong>Sabato 11 gennaio, alle 21, nella Sala Consiliare della Magnifica Comunit\u00e0 di Cadore, il gruppo teatrale I Comelianti presenter\u00e0 \u201cSul filo dell\u2019Acqua\u201d. Lo spettacolo, ideato per il 600\u00b0 anniversario della dedizione del Cadore a Venezia, celebra il legame storico tra i due territori attraverso un mix di storia, teatro, musica e poesia. L\u2019evento, a ingresso libero, \u00e8 un omaggio artistico e culturale che valorizza il patrimonio condiviso e lo rende accessibile al pubblico moderno.<\/p>\n<p>&nbsp;<\/p>\n<p>&nbsp;<\/p>\n<hr \/>\n<p>&nbsp;<\/p>\n<blockquote>\n<h3>I BELUMAT INTERNATIONAL RACCONTATI DA GIORGIO FORNASIER<\/h3>\n<\/blockquote>\n<p><strong>SOSPIROLO <\/strong>Venerd\u00ec 17 gennaio 2025, per la Giornata nazionale del Dialetto e delle lingue vocali promossa dalle Pro loco d\u2019Italia,\u00a0\u00a0al Centro civico di Sospirolo, con inizio alle 20.45, sar\u00e0 presentato al pubblico il film documentario biografico \u201cI Belumat International raccontati da Giorgio Fornasier\u201d.<\/p>\n<p>&nbsp;<\/p>\n<hr \/>\n<p>&nbsp;<\/p>\n<blockquote>\n<h3><a class=\"dt-pswp-item\" href=\"https:\/\/www.radiopiu.net\/wordpress\/wp-content\/uploads\/2025\/01\/7afd2d9f-3ff5-4031-96c4-1bc5e7ff2e42.jpg\" data-dt-img-description=\"\" data-large_image_width=\"1046\" data-large_image_height=\"1271\"><img loading=\"lazy\" decoding=\"async\" class=\" wp-image-427885 alignleft\" src=\"https:\/\/www.radiopiu.net\/wordpress\/wp-content\/uploads\/2025\/01\/7afd2d9f-3ff5-4031-96c4-1bc5e7ff2e42-247x300.jpg\" alt=\"\" width=\"128\" height=\"155\" srcset=\"https:\/\/www.radiopiu.net\/wordpress\/wp-content\/uploads\/2025\/01\/7afd2d9f-3ff5-4031-96c4-1bc5e7ff2e42-247x300.jpg 247w, https:\/\/www.radiopiu.net\/wordpress\/wp-content\/uploads\/2025\/01\/7afd2d9f-3ff5-4031-96c4-1bc5e7ff2e42-843x1024.jpg 843w, https:\/\/www.radiopiu.net\/wordpress\/wp-content\/uploads\/2025\/01\/7afd2d9f-3ff5-4031-96c4-1bc5e7ff2e42-768x933.jpg 768w, https:\/\/www.radiopiu.net\/wordpress\/wp-content\/uploads\/2025\/01\/7afd2d9f-3ff5-4031-96c4-1bc5e7ff2e42.jpg 1046w\" sizes=\"auto, (max-width: 128px) 100vw, 128px\" \/><\/a>MEMORIE DI RESISTENZE CON ADELMO CERVI<\/h3>\n<\/blockquote>\n<p><strong>BELLUNO\u00a0<\/strong><\/p>\n<p>DI ROBERTO BONA<\/p>\n<audio class=\"wp-audio-shortcode\" id=\"audio-427983-9\" preload=\"none\" style=\"width: 100%;\" controls=\"controls\"><source type=\"audio\/mpeg\" src=\"https:\/\/www.radiopiu.net\/wordpress\/wp-content\/uploads\/2025\/01\/BONA-ADELMO-CERVI-SCADENZA-10-GENNAIO.mp3?_=9\" \/><a href=\"https:\/\/www.radiopiu.net\/wordpress\/wp-content\/uploads\/2025\/01\/BONA-ADELMO-CERVI-SCADENZA-10-GENNAIO.mp3\">https:\/\/www.radiopiu.net\/wordpress\/wp-content\/uploads\/2025\/01\/BONA-ADELMO-CERVI-SCADENZA-10-GENNAIO.mp3<\/a><\/audio>\n<p>&nbsp;<\/p>\n<hr \/>\n<p>&nbsp;<\/p>\n<blockquote>\n<h3><a class=\"dt-pswp-item\" href=\"https:\/\/www.radiopiu.net\/wordpress\/wp-content\/uploads\/2025\/01\/85094e2f-2ad8-4765-98e8-74966101d750.jpg\" data-dt-img-description=\"\" data-large_image_width=\"1131\" data-large_image_height=\"1600\"><img loading=\"lazy\" decoding=\"async\" class=\" wp-image-428385 alignleft\" src=\"https:\/\/www.radiopiu.net\/wordpress\/wp-content\/uploads\/2025\/01\/85094e2f-2ad8-4765-98e8-74966101d750-212x300.jpg\" alt=\"\" width=\"119\" height=\"168\" srcset=\"https:\/\/www.radiopiu.net\/wordpress\/wp-content\/uploads\/2025\/01\/85094e2f-2ad8-4765-98e8-74966101d750-212x300.jpg 212w, https:\/\/www.radiopiu.net\/wordpress\/wp-content\/uploads\/2025\/01\/85094e2f-2ad8-4765-98e8-74966101d750-724x1024.jpg 724w, https:\/\/www.radiopiu.net\/wordpress\/wp-content\/uploads\/2025\/01\/85094e2f-2ad8-4765-98e8-74966101d750-768x1086.jpg 768w, https:\/\/www.radiopiu.net\/wordpress\/wp-content\/uploads\/2025\/01\/85094e2f-2ad8-4765-98e8-74966101d750-1086x1536.jpg 1086w, https:\/\/www.radiopiu.net\/wordpress\/wp-content\/uploads\/2025\/01\/85094e2f-2ad8-4765-98e8-74966101d750.jpg 1131w\" sizes=\"auto, (max-width: 119px) 100vw, 119px\" \/><\/a>DONNE NELLA SHOA<\/h3>\n<\/blockquote>\n<p><strong>BELLUNO<\/strong><\/p>\n<p>DI ROBERTO BONA<\/p>\n<audio class=\"wp-audio-shortcode\" id=\"audio-427983-10\" preload=\"none\" style=\"width: 100%;\" controls=\"controls\"><source type=\"audio\/mpeg\" src=\"https:\/\/www.radiopiu.net\/wordpress\/wp-content\/uploads\/2025\/01\/BONA-Donne-Nella-Shoah-SCADENZA-18-GENNAIO.mp3?_=10\" \/><a href=\"https:\/\/www.radiopiu.net\/wordpress\/wp-content\/uploads\/2025\/01\/BONA-Donne-Nella-Shoah-SCADENZA-18-GENNAIO.mp3\">https:\/\/www.radiopiu.net\/wordpress\/wp-content\/uploads\/2025\/01\/BONA-Donne-Nella-Shoah-SCADENZA-18-GENNAIO.mp3<\/a><\/audio>\n<p>&nbsp;<\/p>\n<hr \/>\n<p>&nbsp;<\/p>\n<blockquote>\n<h3>L&#8217;OCCULTAMENTO DI SATURNO DA PARTE DELLA LUNA<\/h3>\n<\/blockquote>\n<p><strong>REDAZIONE<\/strong> Due spettacolari scatti immortalano un fenomeno astronomico raro: l&#8217;occultamento di Saturno da parte della Luna. L&#8217;evento ha avuto inizio quando il pianeta \u00e8 scomparso dietro la parte oscurata del satellite terrestre, per poi riemergere nella zona illuminata. Questo passaggio ha creato un contrasto unico tra la luce lunare e l&#8217;eleganza degli anelli di Saturno, regalando agli osservatori un momento di straordinaria bellezza. L&#8217;evento ha affascinato non solo gli appassionati di astronomia, ma anche chiunque abbia avuto la fortuna di assistervi, lasciando tutti con il fiato sospeso davanti alla magia del cielo notturno.<\/p>\n<p><strong>LE FOTO DI MARIO DE MARCO<\/strong><\/p>\n\n\t\t\t<style type='text\/css'>\n\t\t\t\t#gallery-18 {\n\t\t\t\t\tmargin: auto;\n\t\t\t\t}\n\t\t\t\t#gallery-18 .gallery-item {\n\t\t\t\t\tfloat: left;\n\t\t\t\t\tmargin-top: 10px;\n\t\t\t\t\ttext-align: center;\n\t\t\t\t\twidth: 50%;\n\t\t\t\t}\n\t\t\t\t#gallery-18 img {\n\t\t\t\t\tborder: 2px solid #cfcfcf;\n\t\t\t\t}\n\t\t\t\t#gallery-18 .gallery-caption {\n\t\t\t\t\tmargin-left: 0;\n\t\t\t\t}\n\t\t\t\t\/* see gallery_shortcode() in wp-includes\/media.php *\/\n\t\t\t<\/style>\n\t\t<div id='gallery-18' class='dt-gallery-container gallery galleryid-427983 gallery-columns-2 gallery-size-medium'><dl class='gallery-item'>\n\t\t\t\t<dt class='gallery-icon landscape'>\n\t\t\t\t\t<a class=\"rollover rollover-zoom dt-pswp-item\" title=\"e6fa1f84-a34a-4ff4-abd4-9997362485dd\" data-dt-img-description=\"\" data-large_image_width=\"1382\" data-large_image_height=\"921\"href='https:\/\/www.radiopiu.net\/wordpress\/wp-content\/uploads\/2025\/01\/e6fa1f84-a34a-4ff4-abd4-9997362485dd.jpg'><img loading=\"lazy\" decoding=\"async\" width=\"300\" height=\"200\" src=\"https:\/\/www.radiopiu.net\/wordpress\/wp-content\/uploads\/2025\/01\/e6fa1f84-a34a-4ff4-abd4-9997362485dd-300x200.jpg\" class=\"attachment-medium size-medium\" alt=\"\" srcset=\"https:\/\/www.radiopiu.net\/wordpress\/wp-content\/uploads\/2025\/01\/e6fa1f84-a34a-4ff4-abd4-9997362485dd-300x200.jpg 300w, https:\/\/www.radiopiu.net\/wordpress\/wp-content\/uploads\/2025\/01\/e6fa1f84-a34a-4ff4-abd4-9997362485dd-1024x682.jpg 1024w, https:\/\/www.radiopiu.net\/wordpress\/wp-content\/uploads\/2025\/01\/e6fa1f84-a34a-4ff4-abd4-9997362485dd-768x512.jpg 768w, https:\/\/www.radiopiu.net\/wordpress\/wp-content\/uploads\/2025\/01\/e6fa1f84-a34a-4ff4-abd4-9997362485dd.jpg 1382w\" sizes=\"auto, (max-width: 300px) 100vw, 300px\" \/><\/a>\n\t\t\t\t<\/dt><\/dl><dl class='gallery-item'>\n\t\t\t\t<dt class='gallery-icon landscape'>\n\t\t\t\t\t<a class=\"rollover rollover-zoom dt-pswp-item\" title=\"5a4fd74d-09ca-4b52-a89c-0dd99507da60\" data-dt-img-description=\"\" data-large_image_width=\"1600\" data-large_image_height=\"1285\"href='https:\/\/www.radiopiu.net\/wordpress\/wp-content\/uploads\/2025\/01\/5a4fd74d-09ca-4b52-a89c-0dd99507da60.jpg'><img loading=\"lazy\" decoding=\"async\" width=\"300\" height=\"241\" src=\"https:\/\/www.radiopiu.net\/wordpress\/wp-content\/uploads\/2025\/01\/5a4fd74d-09ca-4b52-a89c-0dd99507da60-300x241.jpg\" class=\"attachment-medium size-medium\" alt=\"\" srcset=\"https:\/\/www.radiopiu.net\/wordpress\/wp-content\/uploads\/2025\/01\/5a4fd74d-09ca-4b52-a89c-0dd99507da60-300x241.jpg 300w, https:\/\/www.radiopiu.net\/wordpress\/wp-content\/uploads\/2025\/01\/5a4fd74d-09ca-4b52-a89c-0dd99507da60-1024x822.jpg 1024w, https:\/\/www.radiopiu.net\/wordpress\/wp-content\/uploads\/2025\/01\/5a4fd74d-09ca-4b52-a89c-0dd99507da60-768x617.jpg 768w, https:\/\/www.radiopiu.net\/wordpress\/wp-content\/uploads\/2025\/01\/5a4fd74d-09ca-4b52-a89c-0dd99507da60-1536x1234.jpg 1536w, https:\/\/www.radiopiu.net\/wordpress\/wp-content\/uploads\/2025\/01\/5a4fd74d-09ca-4b52-a89c-0dd99507da60.jpg 1600w\" sizes=\"auto, (max-width: 300px) 100vw, 300px\" \/><\/a>\n\t\t\t\t<\/dt><\/dl><br style=\"clear: both\" \/>\n\t\t\t<\/div>\n\n<p>&nbsp;<\/p>\n<blockquote>\n<h3>L&#8217;OCCULTAZIONE DI SATURNO DA PARTE DELLA LUNA NEL VIDEO DI CLAUDIO PRA<\/h3>\n<\/blockquote>\n<p><strong><a class=\"dt-pswp-item\" href=\"https:\/\/www.radiopiu.net\/wordpress\/wp-content\/uploads\/2025\/01\/d4ff9b25-0b6c-4ecd-92bf-b09674f97761.jpg\" data-dt-img-description=\"\" data-large_image_width=\"1508\" data-large_image_height=\"2048\"><img loading=\"lazy\" decoding=\"async\" class=\"size-medium wp-image-428180 aligncenter\" src=\"https:\/\/www.radiopiu.net\/wordpress\/wp-content\/uploads\/2025\/01\/d4ff9b25-0b6c-4ecd-92bf-b09674f97761-221x300.jpg\" alt=\"\" width=\"221\" height=\"300\" srcset=\"https:\/\/www.radiopiu.net\/wordpress\/wp-content\/uploads\/2025\/01\/d4ff9b25-0b6c-4ecd-92bf-b09674f97761-221x300.jpg 221w, https:\/\/www.radiopiu.net\/wordpress\/wp-content\/uploads\/2025\/01\/d4ff9b25-0b6c-4ecd-92bf-b09674f97761-754x1024.jpg 754w, https:\/\/www.radiopiu.net\/wordpress\/wp-content\/uploads\/2025\/01\/d4ff9b25-0b6c-4ecd-92bf-b09674f97761-768x1043.jpg 768w, https:\/\/www.radiopiu.net\/wordpress\/wp-content\/uploads\/2025\/01\/d4ff9b25-0b6c-4ecd-92bf-b09674f97761-1131x1536.jpg 1131w, https:\/\/www.radiopiu.net\/wordpress\/wp-content\/uploads\/2025\/01\/d4ff9b25-0b6c-4ecd-92bf-b09674f97761.jpg 1508w\" sizes=\"auto, (max-width: 221px) 100vw, 221px\" \/><\/a> <\/strong><\/p>\n<p><strong>DI CLAUDIO PRA<\/strong><\/p>\n<p>L&#8217;occultazione di Saturno da parte della Luna, avvenuta nella serata di sabato. Nell&#8217; immagine il pianeta pochi istanti prima di essere nascosto dal nostro satellite naturale. Nel filmato gli istanti dell&#8217;occultazione.<\/p>\n<div style=\"width: 1200px;\" class=\"wp-video\"><video class=\"wp-video-shortcode\" id=\"video-427983-5\" width=\"1200\" height=\"675\" preload=\"metadata\" controls=\"controls\"><source type=\"video\/mp4\" src=\"https:\/\/www.radiopiu.net\/wordpress\/wp-content\/uploads\/2025\/01\/WhatsApp-Video-2025-01-05-at-13.34.54.mp4?_=5\" \/><a href=\"https:\/\/www.radiopiu.net\/wordpress\/wp-content\/uploads\/2025\/01\/WhatsApp-Video-2025-01-05-at-13.34.54.mp4\">https:\/\/www.radiopiu.net\/wordpress\/wp-content\/uploads\/2025\/01\/WhatsApp-Video-2025-01-05-at-13.34.54.mp4<\/a><\/video><\/div>\n<p>&nbsp;<\/p>\n<hr \/>\n<p>&nbsp;<\/p>\n<h2><span style=\"color: #ff6600;\">IERI ALLA RADIO<\/span><\/h2>\n<h2><span style=\"color: #ff0000;\">OGGI COME IERI, TERZO ANNO. CON SILVIA BALDO<\/span><\/h2>\n<p><a href=\"https:\/\/www.radiopiu.net\/wordpress\/wp-content\/uploads\/2025\/01\/download-e1736153273460.webp\"><img loading=\"lazy\" decoding=\"async\" class=\"wp-image-428298 alignleft\" src=\"https:\/\/www.radiopiu.net\/wordpress\/wp-content\/uploads\/2025\/01\/download-e1736153273460-300x300.webp\" alt=\"\" width=\"118\" height=\"118\" srcset=\"https:\/\/www.radiopiu.net\/wordpress\/wp-content\/uploads\/2025\/01\/download-e1736153273460-300x300.webp 300w, https:\/\/www.radiopiu.net\/wordpress\/wp-content\/uploads\/2025\/01\/download-e1736153273460-150x150.webp 150w, https:\/\/www.radiopiu.net\/wordpress\/wp-content\/uploads\/2025\/01\/download-e1736153273460.webp 312w\" sizes=\"auto, (max-width: 118px) 100vw, 118px\" \/><\/a><strong>06 GENNAIO 2025 ADRIANO CELENTANO<\/strong><\/p>\n<audio class=\"wp-audio-shortcode\" id=\"audio-427983-11\" preload=\"none\" style=\"width: 100%;\" controls=\"controls\"><source type=\"audio\/mpeg\" src=\"https:\/\/www.radiopiu.net\/wordpress\/wp-content\/uploads\/2025\/01\/SIBI.mp3?_=11\" \/><a href=\"https:\/\/www.radiopiu.net\/wordpress\/wp-content\/uploads\/2025\/01\/SIBI.mp3\">https:\/\/www.radiopiu.net\/wordpress\/wp-content\/uploads\/2025\/01\/SIBI.mp3<\/a><\/audio>\n<p>&nbsp;<\/p>\n<h2>LA RACCOLTA COMPLETA <a href=\"https:\/\/www.radiopiu.net\/wordpress\/oggi-come-ieri-terzo-anno-con-silvia-baldo\/\"><span style=\"color: #3366ff;\">CLICCA QUI<\/span><\/a><\/h2>\n<p>&nbsp;<\/p>\n<hr \/>\n<p>&nbsp;<\/p>\n<h2><span style=\"color: #00ccff;\">SALUTE E SOCIETA&#8217;<\/span><\/h2>\n<p><strong><a class=\"dt-pswp-item\" href=\"https:\/\/www.radiopiu.net\/wordpress\/wp-content\/uploads\/2025\/01\/c2072192-b286-9064-8f3e-8c6dced81f5b.jpg\" data-dt-img-description=\"\" data-large_image_width=\"1920\" data-large_image_height=\"1080\"><img loading=\"lazy\" decoding=\"async\" class=\" wp-image-428327 alignleft\" src=\"https:\/\/www.radiopiu.net\/wordpress\/wp-content\/uploads\/2025\/01\/c2072192-b286-9064-8f3e-8c6dced81f5b-300x169.jpg\" alt=\"\" width=\"176\" height=\"99\" srcset=\"https:\/\/www.radiopiu.net\/wordpress\/wp-content\/uploads\/2025\/01\/c2072192-b286-9064-8f3e-8c6dced81f5b-300x169.jpg 300w, https:\/\/www.radiopiu.net\/wordpress\/wp-content\/uploads\/2025\/01\/c2072192-b286-9064-8f3e-8c6dced81f5b-1024x576.jpg 1024w, https:\/\/www.radiopiu.net\/wordpress\/wp-content\/uploads\/2025\/01\/c2072192-b286-9064-8f3e-8c6dced81f5b-768x432.jpg 768w, https:\/\/www.radiopiu.net\/wordpress\/wp-content\/uploads\/2025\/01\/c2072192-b286-9064-8f3e-8c6dced81f5b-1536x864.jpg 1536w, https:\/\/www.radiopiu.net\/wordpress\/wp-content\/uploads\/2025\/01\/c2072192-b286-9064-8f3e-8c6dced81f5b.jpg 1920w\" sizes=\"auto, (max-width: 176px) 100vw, 176px\" \/><\/a>PUNTATA DEL 06 GENNAIO 2025<\/strong><\/p>\n<p><strong>Essere genitori oggi <\/strong>Essere genitori oggi, tra scienza e welfare&#8217;, dibattito che ha offerto continuit\u00e0 ad un percorso avviato un anno e mezzo fa con la nascita dell\u2019iniziativa editoriale Demografica, un canale informativo e una serie di appuntamenti sui tanti temi della denatalit\u00e0. <strong>Fuoco di Sant\u2019Antonio <\/strong>Una web serie per sensibilizzare sui rischi legati all\u2019Herpes Zoster, il cosiddetto \u201cFuoco di Sant\u2019Antonio\u201d e far conoscere questa patologia spesso sottovalutata. \u00c8 &#8220;Lo stesso fuoco&#8221; otto episodi che raccontano, in modo coinvolgente ma fedele alla realt\u00e0, le storie di chi vive con questa patologia in diverse fasi della vita e differenti contesti, compreso quello delle comorbidit\u00e0.<\/p>\n<audio class=\"wp-audio-shortcode\" id=\"audio-427983-12\" preload=\"none\" style=\"width: 100%;\" controls=\"controls\"><source type=\"audio\/mpeg\" src=\"https:\/\/www.radiopiu.net\/wordpress\/wp-content\/uploads\/2025\/01\/SALUTE.mp3?_=12\" \/><a href=\"https:\/\/www.radiopiu.net\/wordpress\/wp-content\/uploads\/2025\/01\/SALUTE.mp3\">https:\/\/www.radiopiu.net\/wordpress\/wp-content\/uploads\/2025\/01\/SALUTE.mp3<\/a><\/audio>\n<p>&nbsp;<\/p>\n<hr \/>\n<p>&nbsp;<\/p>\n<h2><span style=\"color: #808000;\">I RACCONTI DI PAOLO SOPPELSA<\/span><\/h2>\n<p><strong>IL LAGO D&#8217;INVERNO<\/strong><\/p>\n<p><strong>AUDIO<\/strong><\/p>\n<audio class=\"wp-audio-shortcode\" id=\"audio-427983-13\" preload=\"none\" style=\"width: 100%;\" controls=\"controls\"><source type=\"audio\/mpeg\" src=\"https:\/\/www.radiopiu.net\/wordpress\/wp-content\/uploads\/2025\/01\/PAOLOS.mp3?_=13\" \/><a href=\"https:\/\/www.radiopiu.net\/wordpress\/wp-content\/uploads\/2025\/01\/PAOLOS.mp3\">https:\/\/www.radiopiu.net\/wordpress\/wp-content\/uploads\/2025\/01\/PAOLOS.mp3<\/a><\/audio>\n<p>&nbsp;<\/p>\n<p><a class=\"dt-pswp-item\" href=\"https:\/\/www.radiopiu.net\/wordpress\/wp-content\/uploads\/2025\/01\/da94cc4b-79ed-4818-93b6-632d210c3575.jpg\" data-dt-img-description=\"\" data-large_image_width=\"1600\" data-large_image_height=\"1200\"><img loading=\"lazy\" decoding=\"async\" class=\" wp-image-428197 alignleft\" src=\"https:\/\/www.radiopiu.net\/wordpress\/wp-content\/uploads\/2025\/01\/da94cc4b-79ed-4818-93b6-632d210c3575-300x225.jpg\" alt=\"\" width=\"225\" height=\"169\" srcset=\"https:\/\/www.radiopiu.net\/wordpress\/wp-content\/uploads\/2025\/01\/da94cc4b-79ed-4818-93b6-632d210c3575-300x225.jpg 300w, https:\/\/www.radiopiu.net\/wordpress\/wp-content\/uploads\/2025\/01\/da94cc4b-79ed-4818-93b6-632d210c3575-1024x768.jpg 1024w, https:\/\/www.radiopiu.net\/wordpress\/wp-content\/uploads\/2025\/01\/da94cc4b-79ed-4818-93b6-632d210c3575-768x576.jpg 768w, https:\/\/www.radiopiu.net\/wordpress\/wp-content\/uploads\/2025\/01\/da94cc4b-79ed-4818-93b6-632d210c3575-1536x1152.jpg 1536w, https:\/\/www.radiopiu.net\/wordpress\/wp-content\/uploads\/2025\/01\/da94cc4b-79ed-4818-93b6-632d210c3575.jpg 1600w\" sizes=\"auto, (max-width: 225px) 100vw, 225px\" \/><\/a>\u00c8 all&#8217;arrivo del primo vero freddo d&#8217;inverno che le acque del lago di Alleghe iniziano a gelare. Accade a dicembre, al tempo dei giorni pi\u00f9 brevi dell&#8217;anno e del sole stanco e basso all&#8217;orizzonte. Un tempo di lunghe e gelide notti in cui l&#8217;acqua pi\u00f9 vicina a riva \u00e8 la prima a trasformarsi in ghiaccio. Accade dapprima nella zona sud del lago nelle cui acque si specchia il Civetta, quella di Masar\u00e8 dove l&#8217;acqua indugia un attimo prima di ridiventare torrente che si getta in ripida discesa dopo aver scavalcato le paratoie. \u00c8 in quelle notti di gelo che quell&#8217;acqua fredda di torrente, momentanea divenuta acqua di lago, ferma il suo perpetuo muovere e si addormenta in un gelido sonno d&#8217;inverno. Appare calma, appena increspata alla luce della luna, e poi, un attimo pi\u00f9 tardi, \u00e8 sottile pelle di ghiaccio che riflette le luci dei lampioni che illuminano il lungolago. Poi, con l&#8217;andare delle ore e dei giorni, anche il resto della superficie del lago diviene freddo e lucido specchio di ghiaccio. All&#8217;inizio sono le anse all&#8217;ombra del lato ovest a gelare, e poi quella sottile lastra gelata inizia ad espandersi verso il centro del bacino. Un rito, quello dell&#8217;acqua che si tramuta in ghiaccio, che si ripete da duecentocinquantaquattro anni, ovvero da quando il Cordevole vide frenato il suo apparentemente immutabile scorrere. Accade di notte, l\u201911 gennaio del 1771, nel pieno dell&#8217;inverno. Le acque del Cordevole rumoreggiavano tranquille fra i sassi arabescati dalla brina mentre nelle case avvinte dal gelo, quella gente di montagna dormiva, ignara di ci\u00f2 che sarebbe accaduto di l\u00ec a poco. L\u2019immane frana del Monte Piz si anim\u00f2 nel profondo di quella notte d&#8217;inverno e migliaia di metri cubi di rocce alberi e neve scelsero a valle con gran fragore. Pochi minuti pi\u00f9 tardi il territorio si present\u00f2 sconvolto e modificato per sempre. Furono frazioni spazzate via dall&#8217;impeto delle rocce precipitate a valle, furono campi a riposo e prati che poche ore pi\u00f9 tardi erano gi\u00e0 minacciati dall\u2019inevitabile innalzarsi di quelle acque improvvisamente sbarrate. Quarantanove anime ascesero al cielo in quella lunga e gelida notte di profondo inverno, e il paese cambi\u00f2 radicalmente il suo destino. Poi, al tempo del risveglio primaverile dei larici, la montagna non ancora soddisfatta del disastro compiuto in quella notte di gennaio, scaten\u00f2 ancora una volta la sua furia distruttrice. Altra roccia, altri massi ciclopici scesero a valle, questa volta incontrando sul percorso l&#8217;acqua del lago gi\u00e0 formato. Vi fu una terribile ondata e quell&#8217;acqua ora di lago raggiunse il paese prendendosi altre tre anime e seminando ancora terrore e distruzione. Dopo questo tempo di lutti e rovine, sulla Val Cordevole scese la quiete e pian piano il nuovo lago riusc\u00ec ad entrare nell&#8217;anima di quelle genti che abitavano le sue rive. Questo lago che \u00e8 perla incastonata fra le montagne, \u00e8 nato in una notte di pieno gennaio, ed proprio d&#8217;inverno, all&#8217;arrivo del primo vero freddo di stagione, che esso si trasforma in autentico prodigio lucente. Da quel lontano inverno, al nascere della stagione dei silenzi, il lago diviene lucido specchio nel quale il Civetta pu\u00f2 rimirare ogni giorno la sua infinita ed immortale bellezza.<\/p>\n<p><strong>LA RACCOLTA COMPLETA<\/strong><\/p>\n<blockquote class=\"wp-embedded-content\" data-secret=\"JvQU1xdosH\"><p><a href=\"https:\/\/www.radiopiu.net\/wordpress\/i-racconti-di-paolo-soppelsa\/\">I racconti di Paolo Soppelsa<\/a><\/p><\/blockquote>\n<p><iframe loading=\"lazy\" class=\"wp-embedded-content\" sandbox=\"allow-scripts\" security=\"restricted\" style=\"position: absolute; visibility: hidden;\" title=\"&#8220;I racconti di Paolo Soppelsa&#8221; &#8212; Radio Pi\u00f9\" src=\"https:\/\/www.radiopiu.net\/wordpress\/i-racconti-di-paolo-soppelsa\/embed\/#?secret=XqTyIYnzbK#?secret=JvQU1xdosH\" data-secret=\"JvQU1xdosH\" width=\"600\" height=\"338\" frameborder=\"0\" marginwidth=\"0\" marginheight=\"0\" scrolling=\"no\"><\/iframe><\/p>\n<hr \/>\n<p>&nbsp;<\/p>\n<h2><span style=\"color: #99cc00;\">DUE MINUTI PER TE<\/span><\/h2>\n<p><strong><a class=\"dt-pswp-item\" href=\"https:\/\/www.radiopiu.net\/wordpress\/wp-content\/uploads\/2020\/12\/DON-GIORGIO-LISE.jpg\" data-dt-img-description=\"\" data-large_image_width=\"1600\" data-large_image_height=\"901\"><img loading=\"lazy\" decoding=\"async\" class=\" wp-image-177420 alignleft\" src=\"https:\/\/www.radiopiu.net\/wordpress\/wp-content\/uploads\/2020\/12\/DON-GIORGIO-LISE-300x169.jpg\" alt=\"\" width=\"215\" height=\"121\" srcset=\"https:\/\/www.radiopiu.net\/wordpress\/wp-content\/uploads\/2020\/12\/DON-GIORGIO-LISE-300x169.jpg 300w, https:\/\/www.radiopiu.net\/wordpress\/wp-content\/uploads\/2020\/12\/DON-GIORGIO-LISE-1024x577.jpg 1024w, https:\/\/www.radiopiu.net\/wordpress\/wp-content\/uploads\/2020\/12\/DON-GIORGIO-LISE-768x432.jpg 768w, https:\/\/www.radiopiu.net\/wordpress\/wp-content\/uploads\/2020\/12\/DON-GIORGIO-LISE-1536x865.jpg 1536w, https:\/\/www.radiopiu.net\/wordpress\/wp-content\/uploads\/2020\/12\/DON-GIORGIO-LISE.jpg 1600w\" sizes=\"auto, (max-width: 215px) 100vw, 215px\" \/><\/a>APPUNTAMENTO DELLA DOMENICA CON IL PENSIERO DI MONSIGNOR GIORGIO LISE<\/strong><\/p>\n<audio class=\"wp-audio-shortcode\" id=\"audio-427983-14\" preload=\"none\" style=\"width: 100%;\" controls=\"controls\"><source type=\"audio\/mpeg\" src=\"https:\/\/www.radiopiu.net\/wordpress\/wp-content\/uploads\/2025\/01\/DON-GIORGIO.mp3?_=14\" \/><a href=\"https:\/\/www.radiopiu.net\/wordpress\/wp-content\/uploads\/2025\/01\/DON-GIORGIO.mp3\">https:\/\/www.radiopiu.net\/wordpress\/wp-content\/uploads\/2025\/01\/DON-GIORGIO.mp3<\/a><\/audio>\n<p>&nbsp;<\/p>\n<p>&nbsp;<\/p>\n<blockquote class=\"wp-embedded-content\" data-secret=\"8eZewsecfn\"><p><a href=\"https:\/\/www.radiopiu.net\/wordpress\/piu-siamo-con-marina-settimana-dal-30-dicembre-2024-al-03-gennaio-2025\/\">PIU&#8217; SIAMO&#8230;CON MARINA &#8211; SETTIMANA DAL 30 DICEMBRE 2024 AL 03 GENNAIO 2025<\/a><\/p><\/blockquote>\n<p><iframe loading=\"lazy\" class=\"wp-embedded-content\" sandbox=\"allow-scripts\" security=\"restricted\" style=\"position: absolute; visibility: hidden;\" title=\"&#8220;PIU&#8217; SIAMO&#8230;CON MARINA &#8211; SETTIMANA DAL 30 DICEMBRE 2024 AL 03 GENNAIO 2025&#8221; &#8212; Radio Pi\u00f9\" src=\"https:\/\/www.radiopiu.net\/wordpress\/piu-siamo-con-marina-settimana-dal-30-dicembre-2024-al-03-gennaio-2025\/embed\/#?secret=AAcj44T9qi#?secret=8eZewsecfn\" data-secret=\"8eZewsecfn\" width=\"600\" height=\"338\" frameborder=\"0\" marginwidth=\"0\" marginheight=\"0\" scrolling=\"no\"><\/iframe><\/p>\n<p>&nbsp;<\/p>\n<hr \/>\n<p>&nbsp;<\/p>\n<blockquote>\n<h3>&#8220;MUFASA &#8211; IL RE LEONE&#8221; AL CINEMA DOLOMITI DI FALCADE<\/h3>\n<\/blockquote>\n<p><strong><a class=\"dt-pswp-item\" href=\"https:\/\/www.radiopiu.net\/wordpress\/wp-content\/uploads\/2024\/12\/image_25c5d7bc.jpg\" data-dt-img-description=\"\" data-large_image_width=\"540\" data-large_image_height=\"810\"><img loading=\"lazy\" decoding=\"async\" class=\" wp-image-427259 alignleft\" src=\"https:\/\/www.radiopiu.net\/wordpress\/wp-content\/uploads\/2024\/12\/image_25c5d7bc-200x300.jpg\" alt=\"\" width=\"148\" height=\"222\" srcset=\"https:\/\/www.radiopiu.net\/wordpress\/wp-content\/uploads\/2024\/12\/image_25c5d7bc-200x300.jpg 200w, https:\/\/www.radiopiu.net\/wordpress\/wp-content\/uploads\/2024\/12\/image_25c5d7bc.jpg 540w\" sizes=\"auto, (max-width: 148px) 100vw, 148px\" \/><\/a>FALCADE<\/strong> Continua la programmazione con i grandi film del momento al Cinema Dolomiti di Falcade. L&#8217;11 e 12 gennaio verr\u00e0 proiettato il nuovo film Disney &#8220;Mufasa &#8211; Il Re Leone&#8221;. Nelle Terre del Branco della Tanzania, Simba e Nala hanno una figlia, Kiara. Rafiki racconta a Kiara la storia di suo nonno Mufasa, nato nel deserto della Namibia. Da piccolo, Mufasa viene trascinato via da un fiume in piena e salvato da Taka, un giovane leone del branco di Obasi. Per restare con loro, Mufasa affronta una gara di velocit\u00e0, vincendo grazie all&#8217;aiuto di Taka. I due crescono come fratelli, ma Obasi diffida di Mufasa, temendo che tradisca Taka. Durante un attacco di leoni bianchi, Mufasa dimostra coraggio uccidendo uno degli aggressori, ma ci\u00f2 scatena la vendetta del loro capo, Kiros. Per proteggere il branco, Obasi ordina a Mufasa e Taka di fuggire. In viaggio, incontrano Sarabi, Zazu e Rafiki. Mufasa si innamora di Sarabi, scatenando la gelosia di Taka, che si allea con Kiros. Arrivati al leggendario Milele, Mufasa guida gli animali contro gli Emarginati. Durante lo scontro, Taka tradisce Kiros, ma viene ferito, assumendo il nome &#8220;Scar&#8221;. Dopo la vittoria, Mufasa \u00e8 acclamato re. Tuttavia, Scar, pieno di rancore, si ritira nelle ombre. La storia si conclude con Kiara che narra le gesta di Mufasa al nuovo cucciolo di Simba e Nala.<\/p>\n<p><span style=\"color: #ff0000;\"><strong>SPETTACOLI ALLE 21, IL 12 GENNAIO ANCHE ALLE 15:30<\/strong><\/span><\/p>\n<p><strong>LA PRESENTAZIONE A CURA DI PAOLA LANCIATO<\/strong><\/p>\n<audio class=\"wp-audio-shortcode\" id=\"audio-427983-15\" preload=\"none\" style=\"width: 100%;\" controls=\"controls\"><source type=\"audio\/mpeg\" src=\"https:\/\/www.radiopiu.net\/wordpress\/wp-content\/uploads\/2024\/12\/MUFASA-IL-RE-LEONE.mp3?_=15\" \/><a href=\"https:\/\/www.radiopiu.net\/wordpress\/wp-content\/uploads\/2024\/12\/MUFASA-IL-RE-LEONE.mp3\">https:\/\/www.radiopiu.net\/wordpress\/wp-content\/uploads\/2024\/12\/MUFASA-IL-RE-LEONE.mp3<\/a><\/audio>\n<p>&nbsp;<\/p>\n<hr \/>\n<p>&nbsp;<\/p>\n<h2><span style=\"color: #ff0000;\"><a class=\"dt-pswp-item\" href=\"https:\/\/www.radiopiu.net\/wordpress\/wp-content\/uploads\/2018\/09\/appuntamenti.jpeg\" data-dt-img-description=\"\" data-large_image_width=\"800\" data-large_image_height=\"100\"><img loading=\"lazy\" decoding=\"async\" class=\"wp-image-61958 size-full aligncenter\" src=\"https:\/\/www.radiopiu.net\/wordpress\/wp-content\/uploads\/2018\/09\/appuntamenti.jpeg\" alt=\"\" width=\"800\" height=\"100\" srcset=\"https:\/\/www.radiopiu.net\/wordpress\/wp-content\/uploads\/2018\/09\/appuntamenti.jpeg 800w, https:\/\/www.radiopiu.net\/wordpress\/wp-content\/uploads\/2018\/09\/appuntamenti-300x38.jpeg 300w, https:\/\/www.radiopiu.net\/wordpress\/wp-content\/uploads\/2018\/09\/appuntamenti-768x96.jpeg 768w\" sizes=\"auto, (max-width: 800px) 100vw, 800px\" \/><\/a><\/span><\/h2>\n<div dir=\"auto\"><strong>AL CINEMA DOLOMITI DI FALCADE LE GRANDI PELLICOLE DEL MOMENTO. OGGI VERRA&#8217; PROIETTATO IL FILM &#8220;CORTINA EXPRESS&#8221;. SPETTACOLO ALLE 21<\/strong><\/div>\n<div class=\"xdj266r x11i5rnm xat24cr x1mh8g0r x1vvkbs x126k92a\">\n<div dir=\"auto\"><\/div>\n<\/div>\n<div>\n<div class=\"\" dir=\"auto\">\n<div id=\":r9h:\" class=\"x1iorvi4 x1pi30zi x1l90r2v x1swvt13\" data-ad-comet-preview=\"message\" data-ad-preview=\"message\">\n<div>\n<div class=\"\" dir=\"auto\">\n<div id=\":r9h:\" class=\"x1iorvi4 x1pi30zi x1l90r2v x1swvt13\" data-ad-comet-preview=\"message\" data-ad-preview=\"message\">\n<div class=\"xdj266r x11i5rnm xat24cr x1mh8g0r x1vvkbs x126k92a\">\n<div dir=\"auto\"><\/div>\n<\/div>\n<div>\n<div class=\"\" dir=\"auto\">\n<div id=\":r9h:\" class=\"x1iorvi4 x1pi30zi x1l90r2v x1swvt13\" data-ad-comet-preview=\"message\" data-ad-preview=\"message\">\n<div>\n<div class=\"\" dir=\"auto\">\n<div id=\":r9h:\" class=\"x1iorvi4 x1pi30zi x1l90r2v x1swvt13\" data-ad-comet-preview=\"message\" data-ad-preview=\"message\">\n\n\t\t\t<style type='text\/css'>\n\t\t\t\t#gallery-19 {\n\t\t\t\t\tmargin: auto;\n\t\t\t\t}\n\t\t\t\t#gallery-19 .gallery-item {\n\t\t\t\t\tfloat: left;\n\t\t\t\t\tmargin-top: 10px;\n\t\t\t\t\ttext-align: center;\n\t\t\t\t\twidth: 25%;\n\t\t\t\t}\n\t\t\t\t#gallery-19 img {\n\t\t\t\t\tborder: 2px solid #cfcfcf;\n\t\t\t\t}\n\t\t\t\t#gallery-19 .gallery-caption {\n\t\t\t\t\tmargin-left: 0;\n\t\t\t\t}\n\t\t\t\t\/* see gallery_shortcode() in wp-includes\/media.php *\/\n\t\t\t<\/style>\n\t\t<div id='gallery-19' class='dt-gallery-container gallery galleryid-427983 gallery-columns-4 gallery-size-thumbnail'><dl class='gallery-item'>\n\t\t\t\t<dt class='gallery-icon portrait'>\n\t\t\t\t\t<a class=\"rollover rollover-zoom dt-pswp-item\" title=\"manifesto serate invernali\" data-dt-img-description=\"\" data-large_image_width=\"1683\" data-large_image_height=\"2383\"href='https:\/\/www.radiopiu.net\/wordpress\/wp-content\/uploads\/2024\/11\/manifesto-serate-invernali.jpg'><img loading=\"lazy\" decoding=\"async\" width=\"150\" height=\"150\" src=\"https:\/\/www.radiopiu.net\/wordpress\/wp-content\/uploads\/2024\/11\/manifesto-serate-invernali-150x150.jpg\" class=\"attachment-thumbnail size-thumbnail\" alt=\"\" aria-describedby=\"gallery-19-418816\" \/><\/a>\n\t\t\t\t<\/dt>\n\t\t\t\t\t<dd class='wp-caption-text gallery-caption' id='gallery-19-418816'>\n\t\t\t\t\t21 FEBBRAIO\n\t\t\t\t\t<\/dd><\/dl><dl class='gallery-item'>\n\t\t\t\t<dt class='gallery-icon portrait'>\n\t\t\t\t\t<a class=\"rollover rollover-zoom dt-pswp-item\" title=\"11 gennaio 2025 (2)\" data-dt-img-description=\"\" data-large_image_width=\"1414\" data-large_image_height=\"2000\"href='https:\/\/www.radiopiu.net\/wordpress\/wp-content\/uploads\/2024\/12\/11-gennaio-2025-2.jpg'><img loading=\"lazy\" decoding=\"async\" width=\"150\" height=\"150\" src=\"https:\/\/www.radiopiu.net\/wordpress\/wp-content\/uploads\/2024\/12\/11-gennaio-2025-2-150x150.jpg\" class=\"attachment-thumbnail size-thumbnail\" alt=\"\" aria-describedby=\"gallery-19-427238\" \/><\/a>\n\t\t\t\t<\/dt>\n\t\t\t\t\t<dd class='wp-caption-text gallery-caption' id='gallery-19-427238'>\n\t\t\t\t\tAL NOF FILO DI CENCENIGHE\n\t\t\t\t\t<\/dd><\/dl><dl class='gallery-item'>\n\t\t\t\t<dt class='gallery-icon portrait'>\n\t\t\t\t\t<a class=\"rollover rollover-zoom dt-pswp-item\" title=\"Locandina Emma Canton Roberto De Nart 11 gennaio 2025\" data-dt-img-description=\"\" data-large_image_width=\"1447\" data-large_image_height=\"2048\"href='https:\/\/www.radiopiu.net\/wordpress\/wp-content\/uploads\/2024\/12\/Locandina-Emma-Canton-Roberto-De-Nart-11-gennaio-2025.jpg'><img loading=\"lazy\" decoding=\"async\" width=\"150\" height=\"150\" src=\"https:\/\/www.radiopiu.net\/wordpress\/wp-content\/uploads\/2024\/12\/Locandina-Emma-Canton-Roberto-De-Nart-11-gennaio-2025-150x150.jpg\" class=\"attachment-thumbnail size-thumbnail\" alt=\"\" aria-describedby=\"gallery-19-426749\" \/><\/a>\n\t\t\t\t<\/dt>\n\t\t\t\t\t<dd class='wp-caption-text gallery-caption' id='gallery-19-426749'>\n\t\t\t\t\tCON ROBERTO DE NART\n\t\t\t\t\t<\/dd><\/dl><dl class='gallery-item'>\n\t\t\t\t<dt class='gallery-icon portrait'>\n\t\t\t\t\t<a class=\"rollover rollover-zoom dt-pswp-item\" title=\"Mostra_Calalzo_Disegni_e_Poesie_dal_20_dicembre\" data-dt-img-description=\"\" data-large_image_width=\"595\" data-large_image_height=\"841\"href='https:\/\/www.radiopiu.net\/wordpress\/wp-content\/uploads\/2024\/12\/Mostra_Calalzo_Disegni_e_Poesie_dal_20_dicembre.jpg'><img loading=\"lazy\" decoding=\"async\" width=\"150\" height=\"150\" src=\"https:\/\/www.radiopiu.net\/wordpress\/wp-content\/uploads\/2024\/12\/Mostra_Calalzo_Disegni_e_Poesie_dal_20_dicembre-150x150.jpg\" class=\"attachment-thumbnail size-thumbnail\" alt=\"\" aria-describedby=\"gallery-19-427077\" \/><\/a>\n\t\t\t\t<\/dt>\n\t\t\t\t\t<dd class='wp-caption-text gallery-caption' id='gallery-19-427077'>\n\t\t\t\t\tA CALALZO DI CADORE\n\t\t\t\t\t<\/dd><\/dl><br style=\"clear: both\" \/><dl class='gallery-item'>\n\t\t\t\t<dt class='gallery-icon portrait'>\n\t\t\t\t\t<a class=\"rollover rollover-zoom dt-pswp-item\" title=\"Gennaio\" data-dt-img-description=\"\" data-large_image_width=\"841\" data-large_image_height=\"1190\"href='https:\/\/www.radiopiu.net\/wordpress\/wp-content\/uploads\/2024\/12\/Gennaio.jpg'><img loading=\"lazy\" decoding=\"async\" width=\"150\" height=\"150\" src=\"https:\/\/www.radiopiu.net\/wordpress\/wp-content\/uploads\/2024\/12\/Gennaio-150x150.jpg\" class=\"attachment-thumbnail size-thumbnail\" alt=\"\" aria-describedby=\"gallery-19-427015\" \/><\/a>\n\t\t\t\t<\/dt>\n\t\t\t\t\t<dd class='wp-caption-text gallery-caption' id='gallery-19-427015'>\n\t\t\t\t\tA GENNAIO A FELTRE\n\t\t\t\t\t<\/dd><\/dl><dl class='gallery-item'>\n\t\t\t\t<dt class='gallery-icon landscape'>\n\t\t\t\t\t<a class=\"rollover rollover-zoom dt-pswp-item\" title=\"99b0a471a462a0d303503e9fc6957a8328966119\" data-dt-img-description=\"\" data-large_image_width=\"841\" data-large_image_height=\"595\"href='https:\/\/www.radiopiu.net\/wordpress\/wp-content\/uploads\/2025\/01\/99b0a471a462a0d303503e9fc6957a8328966119.jpg'><img loading=\"lazy\" decoding=\"async\" width=\"150\" height=\"150\" src=\"https:\/\/www.radiopiu.net\/wordpress\/wp-content\/uploads\/2025\/01\/99b0a471a462a0d303503e9fc6957a8328966119-150x150.jpg\" class=\"attachment-thumbnail size-thumbnail\" alt=\"\" aria-describedby=\"gallery-19-427687\" \/><\/a>\n\t\t\t\t<\/dt>\n\t\t\t\t\t<dd class='wp-caption-text gallery-caption' id='gallery-19-427687'>\n\t\t\t\t\tIN SALA VALMASSONI A LA VALLE\n\t\t\t\t\t<\/dd><\/dl><dl class='gallery-item'>\n\t\t\t\t<dt class='gallery-icon portrait'>\n\t\t\t\t\t<a class=\"rollover rollover-zoom dt-pswp-item\" title=\"Locandina_13_01_2025\" data-dt-img-description=\"\" data-large_image_width=\"1414\" data-large_image_height=\"2000\"href='https:\/\/www.radiopiu.net\/wordpress\/wp-content\/uploads\/2025\/01\/Locandina_13_01_2025.jpg'><img loading=\"lazy\" decoding=\"async\" width=\"150\" height=\"150\" src=\"https:\/\/www.radiopiu.net\/wordpress\/wp-content\/uploads\/2025\/01\/Locandina_13_01_2025-150x150.jpg\" class=\"attachment-thumbnail size-thumbnail\" alt=\"\" aria-describedby=\"gallery-19-428427\" \/><\/a>\n\t\t\t\t<\/dt>\n\t\t\t\t\t<dd class='wp-caption-text gallery-caption' id='gallery-19-428427'>\n\t\t\t\t\tCON PACE E DISARMO\n\t\t\t\t\t<\/dd><\/dl>\n\t\t\t\t<br style='clear: both' \/>\n\t\t\t<\/div>\n\n<\/div>\n<\/div>\n<\/div>\n<p>&nbsp;<\/p>\n<\/div>\n<\/div>\n<\/div>\n<\/div>\n<\/div>\n<\/div>\n<\/div>\n<\/div>\n<\/div>\n<p>&nbsp;<\/p>\n<p>&nbsp;<\/p>\n<hr \/>\n<p>&nbsp;<\/p>\n<p class=\"mceTemp\"><a class=\"dt-pswp-item\" href=\"https:\/\/www.radiopiu.net\/wordpress\/wp-content\/uploads\/2018\/09\/WhatsApp-Image-2018-09-20-at-16.04.06.jpeg\" data-dt-img-description=\"\" data-large_image_width=\"800\" data-large_image_height=\"100\"><img loading=\"lazy\" decoding=\"async\" class=\"wp-image-61378 size-full aligncenter\" src=\"https:\/\/www.radiopiu.net\/wordpress\/wp-content\/uploads\/2018\/09\/WhatsApp-Image-2018-09-20-at-16.04.06.jpeg\" alt=\"\" width=\"800\" height=\"100\" srcset=\"https:\/\/www.radiopiu.net\/wordpress\/wp-content\/uploads\/2018\/09\/WhatsApp-Image-2018-09-20-at-16.04.06.jpeg 800w, https:\/\/www.radiopiu.net\/wordpress\/wp-content\/uploads\/2018\/09\/WhatsApp-Image-2018-09-20-at-16.04.06-300x38.jpeg 300w, https:\/\/www.radiopiu.net\/wordpress\/wp-content\/uploads\/2018\/09\/WhatsApp-Image-2018-09-20-at-16.04.06-768x96.jpeg 768w\" sizes=\"auto, (max-width: 800px) 100vw, 800px\" \/><\/a><\/p>\n<p><center><\/center><center><\/center><center><b>\u00a0<\/b><\/center><center><b>OGGI<\/b><\/center>Fino al mattino coperto, dal mezzogiorno schiarite irregolari via via pi\u00f9 ampie a partire da Prealpi ovest in estensione a Dolomiti. In serata formazione di nubi basse anche estese su Prealpi.<br \/>\n<b>Precipitazioni: <\/b>Diffuse moderate tra notte e mattino in esaurimento dal mezzogiorno a partire da Prealpi occidentali e nel pomeriggio su Dolomiti. Il limite neve osciller\u00e0 tra i 1300 e 1600 m su Prealpi ed i 900-1200 m su Dolomiti, temporaneamente a quote pi\u00f9 basse nelle fasi di maggiore intensit\u00e0.<br \/>\n<b>Temperature: <\/b>Temperature della notte in lieve rialzo con minime raggiunte in tarda serata nelle valli, e massime stazionarie o leggero calo.<\/p>\n<hr \/>\n<p><center><b>DOMANI<\/b><\/center>Al mattino nuvolosit\u00e0 variabile con ampie schiarite su Dolomiti e in quota su Prealpi. Possibili nubi basse nei fondovalle fino al primo mattino. Dal pomeriggio aumento della nuvolosit\u00e0 dapprima su Prealpi poi anche su Dolomiti fino a nuvoloso ovunque in serata.<br \/>\n<b>Precipitazioni: <\/b>In giornata generalmente assenti, entro la mezzanotte prime debolissime precipitazioni su Prealpi, nevose a 1400-1700 m.<br \/>\n<b>Temperature: <\/b>Pressoch\u00e8 stazionarie in quota, nelle valli minime in calo e massime in lieve aumento.<\/p>\n<hr \/>\n<p><center><b>GIOVEDI<\/b><\/center>Tra notte e mattino molto nuvoloso o coperto con precipitazioni diffuse generalmente deboli o moderate. Limite neve attorno a 1000-1300 m su Dolomiti, 1400-1700 su Prealpi, in possibile lieve abbassamento a fine evento. Evoluzione incerta dal pomeriggio in poi, tendenza ad esaurimento dei fenomeni con schiarite irregolari seguita da una possibile ripresa di deboli precipitazioni in serata con eventuale quota neve in calo. Temperature stazionarie o in lieve aumento in giornata, in possibile calo dalla sera in quota.<\/p>\n<hr \/>\n<p><center><b>VENERDI<\/b><\/center>Evoluzione incerta: Da poco a tratti parzialmente nuvoloso per nubi medio-alte. Temperature in calo in quota, con adamento irregolare nelle valli.<\/p>\n<p>&nbsp;<\/p>\n<p>&nbsp;<\/p>\n<hr \/>\n<p>&nbsp;<\/p>\n<p>&nbsp;<\/p>\n<p class=\"mceTemp\"><a class=\"dt-pswp-item\" href=\"https:\/\/www.radiopiu.net\/wordpress\/wp-content\/uploads\/2018\/09\/sport.jpg\" data-dt-img-description=\"\" data-large_image_width=\"800\" data-large_image_height=\"100\"><img loading=\"lazy\" decoding=\"async\" class=\"aligncenter wp-image-60761 size-full\" src=\"https:\/\/www.radiopiu.net\/wordpress\/wp-content\/uploads\/2018\/09\/sport.jpg\" alt=\"\" width=\"800\" height=\"100\" srcset=\"https:\/\/www.radiopiu.net\/wordpress\/wp-content\/uploads\/2018\/09\/sport.jpg 800w, https:\/\/www.radiopiu.net\/wordpress\/wp-content\/uploads\/2018\/09\/sport-300x38.jpg 300w, https:\/\/www.radiopiu.net\/wordpress\/wp-content\/uploads\/2018\/09\/sport-768x96.jpg 768w\" sizes=\"auto, (max-width: 800px) 100vw, 800px\" \/> <\/a><\/p>\n<p class=\"mceTemp\"><span style=\"color: #0000ff;\"><strong>\u00a0\u00a0<\/strong><\/span><\/p>\n<p><span style=\"color: #0000ff;\"><strong>HOCKEY SU GHIACCIO<\/strong><\/span><\/p>\n<blockquote>\n<h3>IL VARESE FA UN SOL BOCCONE DELL&#8217;ALLEGHE. IL FELTRE VINCE AD APPIANO<\/h3>\n<\/blockquote>\n<p><strong><a class=\"dt-pswp-item\" href=\"https:\/\/www.radiopiu.net\/wordpress\/wp-content\/uploads\/2023\/10\/hockey.jpg\" data-dt-img-description=\"\" data-large_image_width=\"1280\" data-large_image_height=\"961\"><img loading=\"lazy\" decoding=\"async\" class=\" wp-image-359038 alignleft\" src=\"https:\/\/www.radiopiu.net\/wordpress\/wp-content\/uploads\/2023\/10\/hockey-300x225.jpg\" alt=\"\" width=\"220\" height=\"165\" srcset=\"https:\/\/www.radiopiu.net\/wordpress\/wp-content\/uploads\/2023\/10\/hockey-300x225.jpg 300w, https:\/\/www.radiopiu.net\/wordpress\/wp-content\/uploads\/2023\/10\/hockey-1024x769.jpg 1024w, https:\/\/www.radiopiu.net\/wordpress\/wp-content\/uploads\/2023\/10\/hockey-768x577.jpg 768w, https:\/\/www.radiopiu.net\/wordpress\/wp-content\/uploads\/2023\/10\/hockey.jpg 1280w\" sizes=\"auto, (max-width: 220px) 100vw, 220px\" \/><\/a>DI MARCO GAZ<\/strong><\/p>\n<p><span style=\"color: #ff0000;\"><strong>IHL \u2013 2\u00b0 GIORNATA MASTER ROUND<\/strong><\/span><\/p>\n<p><strong>VARESE \u2013 ALLEGHE 7-2<\/strong><\/p>\n<p>PARZIALI: 2-0, 5-0, 0-2<\/p>\n<p>GOL: pt. 7\u201949\u201d Tilaro, 15\u201913\u201d Maekinen. st. 8\u201928\u201d Borghi, 11\u201942\u201d Matonti, 13\u201937\u201d e 18\u201957\u201d Franchini, 14\u201956\u201d Ghiglione. tt. 7\u201910\u201d e 14&#8217;44&#8221; Alessio<\/p>\n<p>Termina con una goleada in favore del Varese la seconda giornata del master round per l\u2019Alleghe. Le civette tornano dalla trasferta in terra lombarda con le ossa rotte. Gli agordini non sono mai stati in partita e peccano di qualche errore in fase difensiva. Una partita da dimenticare in fretta per la squadra alleghese che sabato sera sar\u00e0 chiamata ad una prova di forza contro la corrazzata Caldaro all\u2019Alvise De Toni di Alleghe. Primi minuti di gara con le squadre che giocano alla pari. L\u2019Alleghe sembra essere pi\u00f9 incisivo. Scattano le prime penalit\u00e0. Il Varese si porta in vantaggio grazie ad un errore in fase difensiva. Il disco viene recuperato da Tilaro che fredda De Nardin. Al gol il coach alleghese va su tutte le furie e se la prende con l\u2019arbitro donna Melissa Boverio che se la prende abbandonando la pista ghiacciata per alcuni minuti prima di ritornare in campo grazie ad un\u2019opera di convincimento degli arbitri. I lombardi sono indiavolati e vanno alla ricerca del raddoppio ma De Nardin si difende bene. Gli agordini non riescono a rialzare la testa e i mastini raddoppiano. Maeikinen recupera il disco e supera il golie alleghese con un tiro preciso e imparabile. L\u2019Alleghe prova a reagire nella seconda frazione con Alessio che prova una conclusione velenosa che il portiere del Varese blocca. I mastini per\u00f2 non lasciano spazi e alla prima occasione provano a colpire di nuovo. Le civette sembrano in difficolt\u00e0 e stentano a far girare bene il puck. Padroni di casa che siglano la terza marcatura. Powerplay a favore dei lombardi e tiro di Borghi e disco che bacia il palo prima di insaccarsi. Passano pochi minuti e il Varese cala il poker con un diagonale imprendibile di Matonti. Agordini che sembrano alzare bandiera bianca e avversari che continuano ad infierire mettendo a segno anche il quinto gol della serata. Saltano i nervi e Ren\u00e8 Vallazza viene punito con una penalit\u00e0 partita per condotta antisportiva. Ghiglione, in doppia superiorit\u00e0 numerica, trova la rete del 6 a 0 chiudendo definitivamente la sfida. A fine tempo ancora un gol dei varesotti. Anche nel terzo tempo saltano i nervi nella squadra alleghese e gli arbitri sono costretti a distribuire penalit\u00e0. Alleghe che prova a reagire ma la conclusione di Nicol\u00f2 Fontanive non entra. A siglare la prima rete alleghese ci pensa Alessio. A 5\u2019 dal termine arriva anche la seconda marcatura agordina di nuovo con Alessio.<\/p>\n<p><strong>LE FOTO DI ROBERTO MIANA<\/strong><\/p>\n\n\t\t\t<style type='text\/css'>\n\t\t\t\t#gallery-20 {\n\t\t\t\t\tmargin: auto;\n\t\t\t\t}\n\t\t\t\t#gallery-20 .gallery-item {\n\t\t\t\t\tfloat: left;\n\t\t\t\t\tmargin-top: 10px;\n\t\t\t\t\ttext-align: center;\n\t\t\t\t\twidth: 33%;\n\t\t\t\t}\n\t\t\t\t#gallery-20 img {\n\t\t\t\t\tborder: 2px solid #cfcfcf;\n\t\t\t\t}\n\t\t\t\t#gallery-20 .gallery-caption {\n\t\t\t\t\tmargin-left: 0;\n\t\t\t\t}\n\t\t\t\t\/* see gallery_shortcode() in wp-includes\/media.php *\/\n\t\t\t<\/style>\n\t\t<div id='gallery-20' class='dt-gallery-container gallery galleryid-427983 gallery-columns-3 gallery-size-thumbnail'><dl class='gallery-item'>\n\t\t\t\t<dt class='gallery-icon landscape'>\n\t\t\t\t\t<a class=\"rollover rollover-zoom dt-pswp-item\" title=\"e4362ac5-fe51-46d0-a082-6847af99385f\" data-dt-img-description=\"\" data-large_image_width=\"1600\" data-large_image_height=\"1200\"href='https:\/\/www.radiopiu.net\/wordpress\/wp-content\/uploads\/2025\/01\/e4362ac5-fe51-46d0-a082-6847af99385f.jpg'><img loading=\"lazy\" decoding=\"async\" width=\"150\" height=\"150\" src=\"https:\/\/www.radiopiu.net\/wordpress\/wp-content\/uploads\/2025\/01\/e4362ac5-fe51-46d0-a082-6847af99385f-150x150.jpg\" class=\"attachment-thumbnail size-thumbnail\" alt=\"\" \/><\/a>\n\t\t\t\t<\/dt><\/dl><dl class='gallery-item'>\n\t\t\t\t<dt class='gallery-icon portrait'>\n\t\t\t\t\t<a class=\"rollover rollover-zoom dt-pswp-item\" title=\"80bcbb40-d965-483c-b45b-f2770d783c04\" data-dt-img-description=\"\" data-large_image_width=\"1200\" data-large_image_height=\"1600\"href='https:\/\/www.radiopiu.net\/wordpress\/wp-content\/uploads\/2025\/01\/80bcbb40-d965-483c-b45b-f2770d783c04.jpg'><img loading=\"lazy\" decoding=\"async\" width=\"150\" height=\"150\" src=\"https:\/\/www.radiopiu.net\/wordpress\/wp-content\/uploads\/2025\/01\/80bcbb40-d965-483c-b45b-f2770d783c04-150x150.jpg\" class=\"attachment-thumbnail size-thumbnail\" alt=\"\" \/><\/a>\n\t\t\t\t<\/dt><\/dl><dl class='gallery-item'>\n\t\t\t\t<dt class='gallery-icon landscape'>\n\t\t\t\t\t<a class=\"rollover rollover-zoom dt-pswp-item\" title=\"877d6e6b-024d-497c-94a6-acdeb2480955\" data-dt-img-description=\"\" data-large_image_width=\"1600\" data-large_image_height=\"1200\"href='https:\/\/www.radiopiu.net\/wordpress\/wp-content\/uploads\/2025\/01\/877d6e6b-024d-497c-94a6-acdeb2480955.jpg'><img loading=\"lazy\" decoding=\"async\" width=\"150\" height=\"150\" src=\"https:\/\/www.radiopiu.net\/wordpress\/wp-content\/uploads\/2025\/01\/877d6e6b-024d-497c-94a6-acdeb2480955-150x150.jpg\" class=\"attachment-thumbnail size-thumbnail\" alt=\"\" \/><\/a>\n\t\t\t\t<\/dt><\/dl><br style=\"clear: both\" \/>\n\t\t\t<\/div>\n\n<p>&nbsp;<\/p>\n<p><strong>APPIANO \u2013 FELTRE 1-5<\/strong><\/p>\n<p>PARZIALI: 1-1,-0-4, 1-0<\/p>\n<p>GOL: pt. 11\u201941\u201d Eruzione, 18\u201910\u201d Korkiakoski. st. 6\u201952\u201d Kadlec, 11\u201908\u201d Korkiakoski, 12\u201927\u201d Atamanchuk, 14\u201928\u201d Foltin. tt. 12\u201900\u201d Tombolato<\/p>\n<p>Seconda vittoria consecutiva per il Feltre che torna dalla trasferta in terra altoatesina con tre punti importanti. Dopo un primo tempo giocato alla pari, i picchi dilagano nella seconda frazione giocando in difesa nel terzo tempo. L\u2019Appiano tiene il ritmo 20\u2019 poi crolla e lascia una prateria ai feltrini. Ora qualche giorno di riposo prima del big match con l\u2019Aosta in programma sabato al Drio Le Rive. Ad aprire le marcature ci pensano i padroni di casa dopo 11\u2019. Il Feltre non ci sta e risponde a fine primo tempo pareggiando i conti. Nel secondo drittel la squadra feltrina ingrana la marcia giusta e mette in cascina il risultato. Kadlec sigla la seconda rete dei picchi poi Korkiakoski mette la firma alla doppietta personale. Atamanchuk cala il poker per gli ospiti e il quinto gol \u00e8 di Foltin. L\u2019Appiano prova a rispondere nella terza frazione accorciando le distanze ma il Feltre si difende bene e porta a casa i 3 punti in palio.<\/p>\n<p>&nbsp;<\/p>\n<blockquote>\n<h3>PRIMA SCONFITTA DEL CANALE IN AHC. I PALEOVENETI VINCONO A VALLADA<\/h3>\n<\/blockquote>\n<p><strong>CANALE &#8211; PALEOVENETI 3-4<\/strong><\/p>\n<p>Grande spettacolo al Palamulan di Vallada, dove i Paleoveneti hanno avuto la meglio sul Canale al termine di una partita avvincente, giocata davanti a una settantina di spettatori. La formazione ospite parte forte e sfrutta la maggiore concretezza sotto porta: Bertoncin e Cavan siglano il doppio vantaggio nel primo tempo, mentre ad inizio ripresa Bertoncin firma il 3-0, che sembra chiudere i giochi. Il Canale, per\u00f2, non si arrende e accorcia le distanze con Secchi. La rimonta prende forma nella terza frazione, quando Cadorin e Moretti riportano il punteggio in parit\u00e0. Nel finale, dopo diverse occasioni da entrambe le parti, \u00e8 ancora Bertoncin a fare la differenza: la sua tripletta regala ai Paleoveneti la vittoria per 4-3, concludendo una serata di grande hockey e divertimento.<\/p>\n\n\t\t\t<style type='text\/css'>\n\t\t\t\t#gallery-21 {\n\t\t\t\t\tmargin: auto;\n\t\t\t\t}\n\t\t\t\t#gallery-21 .gallery-item {\n\t\t\t\t\tfloat: left;\n\t\t\t\t\tmargin-top: 10px;\n\t\t\t\t\ttext-align: center;\n\t\t\t\t\twidth: 33%;\n\t\t\t\t}\n\t\t\t\t#gallery-21 img {\n\t\t\t\t\tborder: 2px solid #cfcfcf;\n\t\t\t\t}\n\t\t\t\t#gallery-21 .gallery-caption {\n\t\t\t\t\tmargin-left: 0;\n\t\t\t\t}\n\t\t\t\t\/* see gallery_shortcode() in wp-includes\/media.php *\/\n\t\t\t<\/style>\n\t\t<div id='gallery-21' class='dt-gallery-container gallery galleryid-427983 gallery-columns-3 gallery-size-thumbnail'><dl class='gallery-item'>\n\t\t\t\t<dt class='gallery-icon landscape'>\n\t\t\t\t\t<a class=\"rollover rollover-zoom dt-pswp-item\" title=\"83339a21-1f08-4823-99d3-a45c8aa3426c\" data-dt-img-description=\"\" data-large_image_width=\"2048\" data-large_image_height=\"2048\"href='https:\/\/www.radiopiu.net\/wordpress\/wp-content\/uploads\/2025\/01\/83339a21-1f08-4823-99d3-a45c8aa3426c.jpg'><img loading=\"lazy\" decoding=\"async\" width=\"150\" height=\"150\" src=\"https:\/\/www.radiopiu.net\/wordpress\/wp-content\/uploads\/2025\/01\/83339a21-1f08-4823-99d3-a45c8aa3426c-150x150.jpg\" class=\"attachment-thumbnail size-thumbnail\" alt=\"\" aria-describedby=\"gallery-21-428075\" srcset=\"https:\/\/www.radiopiu.net\/wordpress\/wp-content\/uploads\/2025\/01\/83339a21-1f08-4823-99d3-a45c8aa3426c-150x150.jpg 150w, https:\/\/www.radiopiu.net\/wordpress\/wp-content\/uploads\/2025\/01\/83339a21-1f08-4823-99d3-a45c8aa3426c-300x300.jpg 300w, https:\/\/www.radiopiu.net\/wordpress\/wp-content\/uploads\/2025\/01\/83339a21-1f08-4823-99d3-a45c8aa3426c-1024x1024.jpg 1024w, https:\/\/www.radiopiu.net\/wordpress\/wp-content\/uploads\/2025\/01\/83339a21-1f08-4823-99d3-a45c8aa3426c-768x768.jpg 768w, https:\/\/www.radiopiu.net\/wordpress\/wp-content\/uploads\/2025\/01\/83339a21-1f08-4823-99d3-a45c8aa3426c-1536x1536.jpg 1536w, https:\/\/www.radiopiu.net\/wordpress\/wp-content\/uploads\/2025\/01\/83339a21-1f08-4823-99d3-a45c8aa3426c.jpg 2048w\" sizes=\"auto, (max-width: 150px) 100vw, 150px\" \/><\/a>\n\t\t\t\t<\/dt>\n\t\t\t\t\t<dd class='wp-caption-text gallery-caption' id='gallery-21-428075'>\n\t\t\t\t\tIL RISULTATO\n\t\t\t\t\t<\/dd><\/dl><dl class='gallery-item'>\n\t\t\t\t<dt class='gallery-icon landscape'>\n\t\t\t\t\t<a class=\"rollover rollover-zoom dt-pswp-item\" title=\"d4f8aaed-a949-4e10-be63-4d82987c8474\" data-dt-img-description=\"\" data-large_image_width=\"1600\" data-large_image_height=\"1600\"href='https:\/\/www.radiopiu.net\/wordpress\/wp-content\/uploads\/2025\/01\/d4f8aaed-a949-4e10-be63-4d82987c8474.jpg'><img loading=\"lazy\" decoding=\"async\" width=\"150\" height=\"150\" src=\"https:\/\/www.radiopiu.net\/wordpress\/wp-content\/uploads\/2025\/01\/d4f8aaed-a949-4e10-be63-4d82987c8474-150x150.jpg\" class=\"attachment-thumbnail size-thumbnail\" alt=\"\" aria-describedby=\"gallery-21-428076\" srcset=\"https:\/\/www.radiopiu.net\/wordpress\/wp-content\/uploads\/2025\/01\/d4f8aaed-a949-4e10-be63-4d82987c8474-150x150.jpg 150w, https:\/\/www.radiopiu.net\/wordpress\/wp-content\/uploads\/2025\/01\/d4f8aaed-a949-4e10-be63-4d82987c8474-300x300.jpg 300w, https:\/\/www.radiopiu.net\/wordpress\/wp-content\/uploads\/2025\/01\/d4f8aaed-a949-4e10-be63-4d82987c8474-1024x1024.jpg 1024w, https:\/\/www.radiopiu.net\/wordpress\/wp-content\/uploads\/2025\/01\/d4f8aaed-a949-4e10-be63-4d82987c8474-768x768.jpg 768w, https:\/\/www.radiopiu.net\/wordpress\/wp-content\/uploads\/2025\/01\/d4f8aaed-a949-4e10-be63-4d82987c8474-1536x1536.jpg 1536w, https:\/\/www.radiopiu.net\/wordpress\/wp-content\/uploads\/2025\/01\/d4f8aaed-a949-4e10-be63-4d82987c8474.jpg 1600w\" sizes=\"auto, (max-width: 150px) 100vw, 150px\" \/><\/a>\n\t\t\t\t<\/dt>\n\t\t\t\t\t<dd class='wp-caption-text gallery-caption' id='gallery-21-428076'>\n\t\t\t\t\tLA CLASSIFICA\n\t\t\t\t\t<\/dd><\/dl><dl class='gallery-item'>\n\t\t\t\t<dt class='gallery-icon landscape'>\n\t\t\t\t\t<a class=\"rollover rollover-zoom dt-pswp-item\" title=\"9046f816-7da0-4ff6-a358-d05bf0c1a8b0\" data-dt-img-description=\"\" data-large_image_width=\"1600\" data-large_image_height=\"900\"href='https:\/\/www.radiopiu.net\/wordpress\/wp-content\/uploads\/2025\/01\/9046f816-7da0-4ff6-a358-d05bf0c1a8b0.jpg'><img loading=\"lazy\" decoding=\"async\" width=\"150\" height=\"150\" src=\"https:\/\/www.radiopiu.net\/wordpress\/wp-content\/uploads\/2025\/01\/9046f816-7da0-4ff6-a358-d05bf0c1a8b0-150x150.jpg\" class=\"attachment-thumbnail size-thumbnail\" alt=\"\" aria-describedby=\"gallery-21-428077\" \/><\/a>\n\t\t\t\t<\/dt>\n\t\t\t\t\t<dd class='wp-caption-text gallery-caption' id='gallery-21-428077'>\n\t\t\t\t\tLA FOTO DI GRUPPO\n\t\t\t\t\t<\/dd><\/dl><br style=\"clear: both\" \/>\n\t\t\t<\/div>\n\n<p>&nbsp;<\/p>\n<p><span style=\"color: #0000ff;\"><strong>CALCIO<\/strong><\/span><\/p>\n<blockquote>\n<h3>SI AMPLIA LA HALL OF FAME DEL FIORI BARP CALCIO<\/h3>\n<\/blockquote>\n<p><strong>SEDICO<\/strong><\/p>\n<p>DI ROBERTO BONA<\/p>\n<audio class=\"wp-audio-shortcode\" id=\"audio-427983-16\" preload=\"none\" style=\"width: 100%;\" controls=\"controls\"><source type=\"audio\/mpeg\" src=\"https:\/\/www.radiopiu.net\/wordpress\/wp-content\/uploads\/2025\/01\/gr-07-sport-fiori-barp-bona.mp3?_=16\" \/><a href=\"https:\/\/www.radiopiu.net\/wordpress\/wp-content\/uploads\/2025\/01\/gr-07-sport-fiori-barp-bona.mp3\">https:\/\/www.radiopiu.net\/wordpress\/wp-content\/uploads\/2025\/01\/gr-07-sport-fiori-barp-bona.mp3<\/a><\/audio>\n<p>&nbsp;<\/p>\n<p><a class=\"dt-pswp-item\" href=\"https:\/\/www.radiopiu.net\/wordpress\/wp-content\/uploads\/2025\/01\/758aa51a-6a55-424e-a27a-431cf0927587.jpg\" data-dt-img-description=\"\" data-large_image_width=\"1170\" data-large_image_height=\"790\"><img loading=\"lazy\" decoding=\"async\" class=\"alignnone wp-image-428347 size-large\" src=\"https:\/\/www.radiopiu.net\/wordpress\/wp-content\/uploads\/2025\/01\/758aa51a-6a55-424e-a27a-431cf0927587-1024x691.jpg\" alt=\"\" width=\"1024\" height=\"691\" srcset=\"https:\/\/www.radiopiu.net\/wordpress\/wp-content\/uploads\/2025\/01\/758aa51a-6a55-424e-a27a-431cf0927587-1024x691.jpg 1024w, https:\/\/www.radiopiu.net\/wordpress\/wp-content\/uploads\/2025\/01\/758aa51a-6a55-424e-a27a-431cf0927587-300x203.jpg 300w, https:\/\/www.radiopiu.net\/wordpress\/wp-content\/uploads\/2025\/01\/758aa51a-6a55-424e-a27a-431cf0927587-768x519.jpg 768w, https:\/\/www.radiopiu.net\/wordpress\/wp-content\/uploads\/2025\/01\/758aa51a-6a55-424e-a27a-431cf0927587.jpg 1170w\" sizes=\"auto, (max-width: 1024px) 100vw, 1024px\" \/><\/a><\/p>\n<p>&nbsp;<\/p>\n<p>Una formazione del Fiori Barp ritratta al \u201cPolane\u201d di Agordo prima di un derby della stagione 1982-1983. In piedi da sx: Roberto Piaz (allenatore), Renato Orzetti, Augusto De Dea, Giorgio Sovilla, Sandrin De Don\u00e0, Edi Barp, Mario Lovadina, Silvano De Moliner, Roberto Croda (dirigente), Arone Roni (presidente), Emilio Fontana (massaggiatore); accosciati: Fabio Talamini, Maurizio Praloran, Emilio Pasa, Enrico Ben, Fabio Possamai, Mauro Bristot, Paolo Vieceli, Bruno Sovilla.<\/p>\n<p><span style=\"color: #0000ff;\"><strong>SCI DI FONDO<\/strong><\/span><\/p>\n<blockquote>\n<h3>Val di Fiemme \u2013 Elia Barp chiude 16\u00b0 nel Tour de Ski<\/h3>\n<\/blockquote>\n<p><img loading=\"lazy\" decoding=\"async\" class=\"alignleft\" src=\"https:\/\/www.radiopiu.net\/wordpress\/wp-content\/uploads\/2025\/01\/barp-intervista-val-di-fiemme.jpg\" width=\"153\" height=\"124\" \/>Sull\u2019Alpe del Cermis, la final climb ha messo a dura prova tutti gli atleti. Elia Barp, 33\u00b0 nella tappa di domenica, ha concluso al 16\u00b0 posto nella Classifica Generale del Tour de Ski, un risultato che lo soddisfa pienamente. \u201c\u00c8 stata dura! Male alle gambe, tanta fatica, ma sono contento di come \u00e8 andata,\u201d ha dichiarato Barp ai nostri microfoni. \u201cPrendo questa gara per migliorare ogni anno e quest\u2019anno \u00e8 andata bene.\u201d Il giovane finanziere veneto si \u00e8 detto fiducioso per i prossimi impegni, puntando ai Mondiali di febbraio. \u201cChiudere nei primi 20 \u00e8 un passo positivo. Stiamo lavorando bene e possiamo fare ancora meglio.\u201d<\/p>\n<p><strong>L&#8217;INTERVISTA DI MATTIA VALENTINI<\/strong><\/p>\n<audio class=\"wp-audio-shortcode\" id=\"audio-427983-17\" preload=\"none\" style=\"width: 100%;\" controls=\"controls\"><source type=\"audio\/mpeg\" src=\"https:\/\/www.radiopiu.net\/wordpress\/wp-content\/uploads\/2025\/01\/Elia-Barp-Tour-de-Ski-2k25.mp3?_=17\" \/><a href=\"https:\/\/www.radiopiu.net\/wordpress\/wp-content\/uploads\/2025\/01\/Elia-Barp-Tour-de-Ski-2k25.mp3\">https:\/\/www.radiopiu.net\/wordpress\/wp-content\/uploads\/2025\/01\/Elia-Barp-Tour-de-Ski-2k25.mp3<\/a><\/audio>\n<p>&nbsp;<\/p>\n<blockquote>\n<h3>LORENZO BUSIN TERZO ALLA VASALOPPET CHINA<\/h3>\n<\/blockquote>\n<p><strong><a class=\"dt-pswp-item\" href=\"https:\/\/www.radiopiu.net\/wordpress\/wp-content\/uploads\/2025\/01\/08ba9b24-46b5-44fb-b9da-86918a2e06d2.jpg\" data-dt-img-description=\"\" data-large_image_width=\"1075\" data-large_image_height=\"1132\"><img loading=\"lazy\" decoding=\"async\" class=\" wp-image-427991 alignleft\" src=\"https:\/\/www.radiopiu.net\/wordpress\/wp-content\/uploads\/2025\/01\/08ba9b24-46b5-44fb-b9da-86918a2e06d2-285x300.jpg\" alt=\"\" width=\"133\" height=\"140\" srcset=\"https:\/\/www.radiopiu.net\/wordpress\/wp-content\/uploads\/2025\/01\/08ba9b24-46b5-44fb-b9da-86918a2e06d2-285x300.jpg 285w, https:\/\/www.radiopiu.net\/wordpress\/wp-content\/uploads\/2025\/01\/08ba9b24-46b5-44fb-b9da-86918a2e06d2-972x1024.jpg 972w, https:\/\/www.radiopiu.net\/wordpress\/wp-content\/uploads\/2025\/01\/08ba9b24-46b5-44fb-b9da-86918a2e06d2-768x809.jpg 768w, https:\/\/www.radiopiu.net\/wordpress\/wp-content\/uploads\/2025\/01\/08ba9b24-46b5-44fb-b9da-86918a2e06d2.jpg 1075w\" sizes=\"auto, (max-width: 133px) 100vw, 133px\" \/><\/a>REDAZIONE <\/strong>Sabato mattina alle 10 (le 3 in Italia) si \u00e8 disputata la 22\u00aa edizione della Vasaloppet China, prestigiosa granfondo di 50 km in tecnica classica, considerata il pi\u00f9 grande evento di sci nordico in Cina. La gara si \u00e8 svolta nel suggestivo scenario del Parco Nazionale di Jingyuetan, a Changchun, non lontano da Pechino, attirando atleti da tutto il mondo. L&#8217;italiano Lorenzo Busin ha conquistato un prestigioso terzo posto, regalando un&#8217;altra soddisfazione agli appassionati di sci di fondo. Un risultato di spessore in una competizione internazionale di altissimo livello.<\/p>\n<p>&nbsp;<\/p>\n<p>&nbsp;<\/p>\n<p>&nbsp;<\/p>\n<p>&nbsp;<\/p>\n<p>&nbsp;<\/p>\n<p>&nbsp;<\/p>\n<p>&nbsp;<\/p>\n<p>&nbsp;<\/p>\n","protected":false},"excerpt":{"rendered":"<p>******** &nbsp; LA\u00a0 APP PER IOS-IPHONE di Nicola Vettorello https:\/\/apps.apple.com\/it\/app\/radio-pi%C3%B9-emittente-agordina\/id1515939845 LA\u00a0 APP RADIO\u00a0 PER ANDROID di Nicola Vettorello https:\/\/play.google.com\/store\/apps\/details?id=net.radiopiu.iniko\u00a0\u00a0\u00a0 &nbsp; &nbsp; &nbsp; &nbsp; OGGI ALLA RADIO:\u00a0 rassegna stampa nazionale, ogni giorno alle 5 e alle 6 del mattino. giornali locali 7 rassegna stampa flash, 8 rassegna stampa, gr flash alle 10 e alle 11, principale&hellip;<\/p>\n","protected":false},"author":4,"featured_media":428294,"comment_status":"closed","ping_status":"closed","sticky":false,"template":"","format":"standard","meta":{"_monsterinsights_skip_tracking":false,"_monsterinsights_sitenote_active":false,"_monsterinsights_sitenote_note":"","_monsterinsights_sitenote_category":0,"footnotes":""},"categories":[51,86,49],"tags":[],"class_list":["post-427983","post","type-post","status-publish","format-standard","has-post-thumbnail","hentry","category-evidenza-top","category-gr","category-news-18","category-51","category-86","category-49","description-off"],"img_url":"https:\/\/www.radiopiu.net\/wordpress\/wp-content\/uploads\/2025\/01\/SCR-20250106-izsh.jpeg","_links":{"self":[{"href":"https:\/\/www.radiopiu.net\/wordpress\/wp-json\/wp\/v2\/posts\/427983","targetHints":{"allow":["GET"]}}],"collection":[{"href":"https:\/\/www.radiopiu.net\/wordpress\/wp-json\/wp\/v2\/posts"}],"about":[{"href":"https:\/\/www.radiopiu.net\/wordpress\/wp-json\/wp\/v2\/types\/post"}],"author":[{"embeddable":true,"href":"https:\/\/www.radiopiu.net\/wordpress\/wp-json\/wp\/v2\/users\/4"}],"replies":[{"embeddable":true,"href":"https:\/\/www.radiopiu.net\/wordpress\/wp-json\/wp\/v2\/comments?post=427983"}],"version-history":[{"count":54,"href":"https:\/\/www.radiopiu.net\/wordpress\/wp-json\/wp\/v2\/posts\/427983\/revisions"}],"predecessor-version":[{"id":428467,"href":"https:\/\/www.radiopiu.net\/wordpress\/wp-json\/wp\/v2\/posts\/427983\/revisions\/428467"}],"wp:featuredmedia":[{"embeddable":true,"href":"https:\/\/www.radiopiu.net\/wordpress\/wp-json\/wp\/v2\/media\/428294"}],"wp:attachment":[{"href":"https:\/\/www.radiopiu.net\/wordpress\/wp-json\/wp\/v2\/media?parent=427983"}],"wp:term":[{"taxonomy":"category","embeddable":true,"href":"https:\/\/www.radiopiu.net\/wordpress\/wp-json\/wp\/v2\/categories?post=427983"},{"taxonomy":"post_tag","embeddable":true,"href":"https:\/\/www.radiopiu.net\/wordpress\/wp-json\/wp\/v2\/tags?post=427983"}],"curies":[{"name":"wp","href":"https:\/\/api.w.org\/{rel}","templated":true}]}}