{"id":428087,"date":"2025-01-04T19:40:58","date_gmt":"2025-01-04T18:40:58","guid":{"rendered":"https:\/\/www.radiopiu.net\/wordpress\/?p=428087"},"modified":"2025-01-04T19:43:35","modified_gmt":"2025-01-04T18:43:35","slug":"ancora-una-giornata-intensa-per-il-suem-118-tra-incidenti-in-montagna-e-sulle-strade-della-provincia","status":"publish","type":"post","link":"https:\/\/www.radiopiu.net\/wordpress\/ancora-una-giornata-intensa-per-il-suem-118-tra-incidenti-in-montagna-e-sulle-strade-della-provincia\/","title":{"rendered":"ANCORA UNA GIORNATA INTENSA PER IL SUEM 118 TRA INCIDENTI IN MONTAGNA E SULLE STRADE DELLA PROVINCIA"},"content":{"rendered":"<p>*******<\/p>\n<p>&nbsp;<\/p>\n<p><strong><a class=\"dt-pswp-item\" href=\"https:\/\/www.radiopiu.net\/wordpress\/wp-content\/uploads\/2025\/01\/IMG-20250104-WA0050-scaled.jpg\" data-dt-img-description=\"\" data-large_image_width=\"2560\" data-large_image_height=\"1920\"><img loading=\"lazy\" decoding=\"async\" class=\" wp-image-428124 alignleft\" src=\"https:\/\/www.radiopiu.net\/wordpress\/wp-content\/uploads\/2025\/01\/IMG-20250104-WA0050-300x225.jpg\" alt=\"\" width=\"205\" height=\"154\" srcset=\"https:\/\/www.radiopiu.net\/wordpress\/wp-content\/uploads\/2025\/01\/IMG-20250104-WA0050-300x225.jpg 300w, https:\/\/www.radiopiu.net\/wordpress\/wp-content\/uploads\/2025\/01\/IMG-20250104-WA0050-1024x768.jpg 1024w, https:\/\/www.radiopiu.net\/wordpress\/wp-content\/uploads\/2025\/01\/IMG-20250104-WA0050-768x576.jpg 768w, https:\/\/www.radiopiu.net\/wordpress\/wp-content\/uploads\/2025\/01\/IMG-20250104-WA0050-1536x1152.jpg 1536w, https:\/\/www.radiopiu.net\/wordpress\/wp-content\/uploads\/2025\/01\/IMG-20250104-WA0050-2048x1536.jpg 2048w\" sizes=\"auto, (max-width: 205px) 100vw, 205px\" \/><\/a>REDAZIONE<\/strong> La giornata del Suem 118 \u00e8 iniziata poco dopo le 9:30 quando \u00e8 arrivata la prima chiamata alla centrale operativa. L&#8217;elicottero Falco 1 \u00e8 stato inviato alla Ferrata Col Dei Bos per soccorrere un padovano di 49 anni che era caduto. E&#8217; stato elitrasportato al Ca Foncello di Treviso con ferite di media gravit\u00e0. Alle 11:12 il secondo intevento sulle piste del Nevegal dove un giovane sie era fatto male causandosi un trauma facciale. Sul posto l&#8217;ambulanza di Val Belluna che ha portato il giovane infortunato a Belluno. Alle 12:35 Falco 1 \u00e8 volato ad Arabba per un trauma cranico e toracico ad un uomo di 61 di Vicenza. Paziente portato al San Martino di Belluno. Nel pomeriggio alle 15:45 un incidente a Padola ha fatto intervenire l&#8217;ambulanza Alfa 1 per soccorrere due ventenni, un uomo e una donna, che erano rimasti feriti nell&#8217;impatto: i due sono stati portati all&#8217;ospedale di Pieve di Cadore. Infine, poco prima delle 16, sono tre gli elicotteri che si sono alzati in volo: Falco 1, Falco 2 e EliTrento per un incidente in montagna a Tambre, Val Salatis, dove sono rimaste coinvolte tre persone. Nella giornata appena conclusa sono stati 16 gli interventi sulle piste dei comprensori sciistici bellunesi.<\/p>\n<p>&nbsp;<\/p>\n<p>&nbsp;<\/p>\n<p>&nbsp;<\/p>\n<p>*********<\/p>\n","protected":false},"excerpt":{"rendered":"<p>******* &nbsp; REDAZIONE La giornata del Suem 118 \u00e8 iniziata poco dopo le 9:30 quando \u00e8 arrivata la prima chiamata alla centrale operativa. L&#8217;elicottero Falco 1 \u00e8 stato inviato alla Ferrata Col Dei Bos per soccorrere un padovano di 49 anni che era caduto. E&#8217; stato elitrasportato al Ca Foncello di Treviso con ferite di&hellip;<\/p>\n","protected":false},"author":4,"featured_media":428124,"comment_status":"closed","ping_status":"closed","sticky":false,"template":"","format":"standard","meta":{"_monsterinsights_skip_tracking":false,"_monsterinsights_sitenote_active":false,"_monsterinsights_sitenote_note":"","_monsterinsights_sitenote_category":0,"footnotes":""},"categories":[51,49],"tags":[],"class_list":["post-428087","post","type-post","status-publish","format-standard","has-post-thumbnail","hentry","category-evidenza-top","category-news-18","category-51","category-49","description-off"],"img_url":"https:\/\/www.radiopiu.net\/wordpress\/wp-content\/uploads\/2025\/01\/IMG-20250104-WA0050-scaled.jpg","_links":{"self":[{"href":"https:\/\/www.radiopiu.net\/wordpress\/wp-json\/wp\/v2\/posts\/428087","targetHints":{"allow":["GET"]}}],"collection":[{"href":"https:\/\/www.radiopiu.net\/wordpress\/wp-json\/wp\/v2\/posts"}],"about":[{"href":"https:\/\/www.radiopiu.net\/wordpress\/wp-json\/wp\/v2\/types\/post"}],"author":[{"embeddable":true,"href":"https:\/\/www.radiopiu.net\/wordpress\/wp-json\/wp\/v2\/users\/4"}],"replies":[{"embeddable":true,"href":"https:\/\/www.radiopiu.net\/wordpress\/wp-json\/wp\/v2\/comments?post=428087"}],"version-history":[{"count":3,"href":"https:\/\/www.radiopiu.net\/wordpress\/wp-json\/wp\/v2\/posts\/428087\/revisions"}],"predecessor-version":[{"id":428125,"href":"https:\/\/www.radiopiu.net\/wordpress\/wp-json\/wp\/v2\/posts\/428087\/revisions\/428125"}],"wp:featuredmedia":[{"embeddable":true,"href":"https:\/\/www.radiopiu.net\/wordpress\/wp-json\/wp\/v2\/media\/428124"}],"wp:attachment":[{"href":"https:\/\/www.radiopiu.net\/wordpress\/wp-json\/wp\/v2\/media?parent=428087"}],"wp:term":[{"taxonomy":"category","embeddable":true,"href":"https:\/\/www.radiopiu.net\/wordpress\/wp-json\/wp\/v2\/categories?post=428087"},{"taxonomy":"post_tag","embeddable":true,"href":"https:\/\/www.radiopiu.net\/wordpress\/wp-json\/wp\/v2\/tags?post=428087"}],"curies":[{"name":"wp","href":"https:\/\/api.w.org\/{rel}","templated":true}]}}