{"id":428109,"date":"2025-01-05T14:00:42","date_gmt":"2025-01-05T13:00:42","guid":{"rendered":"https:\/\/www.radiopiu.net\/wordpress\/?p=428109"},"modified":"2025-01-05T14:14:17","modified_gmt":"2025-01-05T13:14:17","slug":"aperto-un-conto-corrente-per-le-famiglie-colpite-dallincendio-di-frassene","status":"publish","type":"post","link":"https:\/\/www.radiopiu.net\/wordpress\/aperto-un-conto-corrente-per-le-famiglie-colpite-dallincendio-di-frassene\/","title":{"rendered":"APERTO UN CONTO CORRENTE PER LE FAMIGLIE COLPITE DALL&#8217;INCENDIO DI FRASSENE&#8217;"},"content":{"rendered":"<p>*****<\/p>\n<p>&nbsp;<\/p>\n<p><strong><a class=\"dt-pswp-item\" href=\"https:\/\/www.radiopiu.net\/wordpress\/wp-content\/uploads\/2025\/01\/44267cc5-e8ae-4561-8bd1-b2a56408c5ab.jpg\" data-dt-img-description=\"\" data-large_image_width=\"1600\" data-large_image_height=\"1203\"><img loading=\"lazy\" decoding=\"async\" class=\" wp-image-428003 alignleft\" src=\"https:\/\/www.radiopiu.net\/wordpress\/wp-content\/uploads\/2025\/01\/44267cc5-e8ae-4561-8bd1-b2a56408c5ab-300x226.jpg\" alt=\"\" width=\"202\" height=\"152\" srcset=\"https:\/\/www.radiopiu.net\/wordpress\/wp-content\/uploads\/2025\/01\/44267cc5-e8ae-4561-8bd1-b2a56408c5ab-300x226.jpg 300w, https:\/\/www.radiopiu.net\/wordpress\/wp-content\/uploads\/2025\/01\/44267cc5-e8ae-4561-8bd1-b2a56408c5ab-1024x770.jpg 1024w, https:\/\/www.radiopiu.net\/wordpress\/wp-content\/uploads\/2025\/01\/44267cc5-e8ae-4561-8bd1-b2a56408c5ab-768x577.jpg 768w, https:\/\/www.radiopiu.net\/wordpress\/wp-content\/uploads\/2025\/01\/44267cc5-e8ae-4561-8bd1-b2a56408c5ab-1536x1155.jpg 1536w, https:\/\/www.radiopiu.net\/wordpress\/wp-content\/uploads\/2025\/01\/44267cc5-e8ae-4561-8bd1-b2a56408c5ab.jpg 1600w\" sizes=\"auto, (max-width: 202px) 100vw, 202px\" \/><\/a>VOLTAGO<\/strong> Con una nota stampa il parroco di Voltago don Fabiano Del Favero e il sindaco di Voltago Giuseppe Schena hanno voluto dare il loro messaggio di vicinanza alle famiglie interessate dall&#8217;incendio della scorsa notte a Frassen\u00e8.<\/p>\n<p><strong>IL COMUNICATO<\/strong><\/p>\n<p class=\"p1\">In seguito all&#8217;incendio accaduto la notte fra il 03 ed il 04 gennaio 2025 nella frazione di Frassen\u00e9 Agordino, comune di Voltago Agordino, alcune Famiglie hanno subito ingenti danni alle loro abitazioni. In particolare, fra esse, una famiglia di compaesani residenti si \u00e8 vista dichiarare inagibile la propria abitazione dalle competenti autorit\u00e0. La comunit\u00e0 intera vuole farsi loro accanto per l\u2019acquisto di beni di necessit\u00e0 mediante canali ufficiali e trasparenti La Parrocchia e l\u2019Amministrazione comunale intendono manifestare sentimenti di sincera riconoscenza a tutti coloro che &#8211; anche mediante la presenza Associativa &#8211; in qualsiasi modo sono intervenuti in modo repentino, cos\u00ec da arginare il fenomeno il pi\u00f9 possibile. Una parola di autentica gratitudine va in modo particolare ai Compaesani, che con dedizione e generosit\u00e0 si sono affiancati alle intervenute e fondamentali figure professionali, dando un segno commovente di Comunit\u00e0 nel senso pi\u00f9 profondo del termine. In accordo fra l&#8217;Amministrazione comunale rappresentata dal Sindaco Giuseppe Schena e la Parrocchia di S.Nicol\u00f2 in Frassen\u00e9 Ag.no rappresentata dal Parroco don Fabiano Del Favero, \u00e8 stata individuata la disponibilit\u00e0 del conto bancario della suddetta Parrocchia quale strumento per eventuali donazioni, la cui gestione \u00e8 ufficialmente affidata al Parroco stesso. Si trasmettono quindi gli estremi in oggetto. <strong>Presso la Cassa rurale di Fassa, Primiero e Belluno &#8211; filiale di Agordo (BL) \u00e8 disponibile il conto corrente bancario con Iban IT 60 S 08140 60980 000006162000 con causale: \u201cPro famiglie di Frassen\u00e8\u201d<\/strong><\/p>\n<p class=\"p1\"><em><strong>don Fabiano Del Favero e il sindaco Giuseppe Schena<\/strong><\/em><\/p>\n<p>&nbsp;<\/p>\n<h2>CHI VOLESSE DONARE ATTRAVERSO LA PIATTAFORMA GOFUNDME PUO&#8217; <a href=\"https:\/\/www.gofundme.com\/f\/sostegno-alle-famiglie-interessate-dallincendio-di-frassene\"><span style=\"color: #3366ff;\">CLICCARE QUI<\/span><\/a><\/h2>\n<p>&nbsp;<\/p>\n<p>&nbsp;<\/p>\n<p>***********<\/p>\n","protected":false},"excerpt":{"rendered":"<p>***** &nbsp; VOLTAGO Con una nota stampa il parroco di Voltago don Fabiano Del Favero e il sindaco di Voltago Giuseppe Schena hanno voluto dare il loro messaggio di vicinanza alle famiglie interessate dall&#8217;incendio della scorsa notte a Frassen\u00e8. IL COMUNICATO In seguito all&#8217;incendio accaduto la notte fra il 03 ed il 04 gennaio 2025&hellip;<\/p>\n","protected":false},"author":4,"featured_media":428003,"comment_status":"closed","ping_status":"closed","sticky":false,"template":"","format":"standard","meta":{"_monsterinsights_skip_tracking":false,"_monsterinsights_sitenote_active":false,"_monsterinsights_sitenote_note":"","_monsterinsights_sitenote_category":0,"footnotes":""},"categories":[51,49],"tags":[],"class_list":["post-428109","post","type-post","status-publish","format-standard","has-post-thumbnail","hentry","category-evidenza-top","category-news-18","category-51","category-49","description-off"],"img_url":"https:\/\/www.radiopiu.net\/wordpress\/wp-content\/uploads\/2025\/01\/44267cc5-e8ae-4561-8bd1-b2a56408c5ab.jpg","_links":{"self":[{"href":"https:\/\/www.radiopiu.net\/wordpress\/wp-json\/wp\/v2\/posts\/428109","targetHints":{"allow":["GET"]}}],"collection":[{"href":"https:\/\/www.radiopiu.net\/wordpress\/wp-json\/wp\/v2\/posts"}],"about":[{"href":"https:\/\/www.radiopiu.net\/wordpress\/wp-json\/wp\/v2\/types\/post"}],"author":[{"embeddable":true,"href":"https:\/\/www.radiopiu.net\/wordpress\/wp-json\/wp\/v2\/users\/4"}],"replies":[{"embeddable":true,"href":"https:\/\/www.radiopiu.net\/wordpress\/wp-json\/wp\/v2\/comments?post=428109"}],"version-history":[{"count":3,"href":"https:\/\/www.radiopiu.net\/wordpress\/wp-json\/wp\/v2\/posts\/428109\/revisions"}],"predecessor-version":[{"id":428184,"href":"https:\/\/www.radiopiu.net\/wordpress\/wp-json\/wp\/v2\/posts\/428109\/revisions\/428184"}],"wp:featuredmedia":[{"embeddable":true,"href":"https:\/\/www.radiopiu.net\/wordpress\/wp-json\/wp\/v2\/media\/428003"}],"wp:attachment":[{"href":"https:\/\/www.radiopiu.net\/wordpress\/wp-json\/wp\/v2\/media?parent=428109"}],"wp:term":[{"taxonomy":"category","embeddable":true,"href":"https:\/\/www.radiopiu.net\/wordpress\/wp-json\/wp\/v2\/categories?post=428109"},{"taxonomy":"post_tag","embeddable":true,"href":"https:\/\/www.radiopiu.net\/wordpress\/wp-json\/wp\/v2\/tags?post=428109"}],"curies":[{"name":"wp","href":"https:\/\/api.w.org\/{rel}","templated":true}]}}