{"id":428126,"date":"2025-01-04T21:04:50","date_gmt":"2025-01-04T20:04:50","guid":{"rendered":"https:\/\/www.radiopiu.net\/wordpress\/?p=428126"},"modified":"2025-01-04T21:04:57","modified_gmt":"2025-01-04T20:04:57","slug":"recuperati-tre-ragazzi-scivolati-in-un-canale-oltre-200-metri-sotto-il-sentiero-in-cresta","status":"publish","type":"post","link":"https:\/\/www.radiopiu.net\/wordpress\/recuperati-tre-ragazzi-scivolati-in-un-canale-oltre-200-metri-sotto-il-sentiero-in-cresta\/","title":{"rendered":"RECUPERATI TRE RAGAZZI SCIVOLATI IN UN CANALE, OLTRE 200 METRI SOTTO IL SENTIERO IN CRESTA"},"content":{"rendered":"<p>******<\/p>\n<p>&nbsp;<\/p>\n<p><strong>CHIES D&#8217;ALPAGO <\/strong>Si \u00e8 concluso poco prima delle 20 l&#8217;impegnativo intervento di recupero di tre giovani escursionisti infortunati, finiti in un ripido canale, oltre 200 metri sotto la cresta del Monte Pianina, dove si snoda l&#8217;itinerario dell&#8217;Alta Via numero 7, che i tre stavano percorrendo. Alle 16.30 la Centrale del 118 \u00e8 stata attivata da uno dei ragazzi che, probabilmente in stato confusionale, diceva di essere scivolato con i due amici nella zona di Cima Vacche, dando indicazioni distanti rispetto alla loro reale posizione. Decollato da Belluno, Falco 2 ha iniziato una lunga ricognizione prima di riuscire a individuare i tre giovani, che avrebbero dovuto imboccare il sentiero di discesa da Forcella Grava Piana e invece &#8211; non si sa se sbagliando o se per la rottura di un cornicione sotto i loro piedi &#8211; erano ruzzolati nello stretto e ripido canale tra il Monte Pianina e il Sestier. Erano feriti, distanti tra di loro e sul bordo di salti di roccia. Con un verricello di 60 metri, il tecnico di elisoccorso \u00e8 stato calato dal ragazzo che si trovava pi\u00f9 basso, un ventenne di Pordenone, issato a bordo e portato al campo base a Casera Pian de le Stele, per essere affidato all&#8217;equipe medica. Risalito per provvedere al recupero del secondo, l&#8217;equipaggio si \u00e8 trovato per\u00f2 a far fronte a una situazione rischiosa: dagli zaini apertisi durante la caduta era fuoriuscito un grande telo di plastica che si alzava pericolosamente, durante i tentativi di avvicinamento. Dopo aver cercato inutilmente con il flusso del rotore di farlo spostare, Falco 2 \u00e8\u00a0rientrato lasciando sul posto il proprio tecnico di elisoccorso, mentre una squadra di una decina di soccorritori della Stazione dell&#8217;Alpago si preparava per un eventuale trasporto in quota. Fallito il successivo avvicinamento da parte dell&#8217;eliambulanza di Pieve di Cadore, \u00e8 stato poi richiesto l&#8217;intervento dell&#8217;elicottero di Trento, che ha preso a bordo anche il tecnico di elisoccorso bellunese. Non \u00e8 stato semplice riuscire a gestire i movimenti pericolosi del telo, che nel frattempo si era spostato pi\u00f9 in basso, finch\u00e9 il ragazzo bloccato in alto nel canale \u00e8 riuscito ad afferrarlo e a ripiegarlo. I due giovani, un ventenne di Pieve di Soligo (TV) e un 19enne di Cologna Veneta (VR), sono infine stati recuperati dal tecnico di elisoccorso trentino, sbarcato con il verricello in due rotazioni, e trasportati con possibili politraumi direttamente al Santa Chiara. Il primo giovane, sempre con sospetti traumi, \u00e8 invece ricoverato al San Martino di Belluno.<\/p>\n\n\t\t\t<style type='text\/css'>\n\t\t\t\t#gallery-1 {\n\t\t\t\t\tmargin: auto;\n\t\t\t\t}\n\t\t\t\t#gallery-1 .gallery-item {\n\t\t\t\t\tfloat: left;\n\t\t\t\t\tmargin-top: 10px;\n\t\t\t\t\ttext-align: center;\n\t\t\t\t\twidth: 25%;\n\t\t\t\t}\n\t\t\t\t#gallery-1 img {\n\t\t\t\t\tborder: 2px solid #cfcfcf;\n\t\t\t\t}\n\t\t\t\t#gallery-1 .gallery-caption {\n\t\t\t\t\tmargin-left: 0;\n\t\t\t\t}\n\t\t\t\t\/* see gallery_shortcode() in wp-includes\/media.php *\/\n\t\t\t<\/style>\n\t\t<div id='gallery-1' class='dt-gallery-container gallery galleryid-428126 gallery-columns-4 gallery-size-thumbnail'><dl class='gallery-item'>\n\t\t\t\t<dt class='gallery-icon portrait'>\n\t\t\t\t\t<a class=\"rollover rollover-zoom dt-pswp-item\" title=\"Watermark_20250104_202450_515\" data-dt-img-description=\"\" data-large_image_width=\"1773\" data-large_image_height=\"2364\"href='https:\/\/www.radiopiu.net\/wordpress\/wp-content\/uploads\/2025\/01\/Watermark_20250104_202450_515.jpg'><img loading=\"lazy\" decoding=\"async\" width=\"150\" height=\"150\" src=\"https:\/\/www.radiopiu.net\/wordpress\/wp-content\/uploads\/2025\/01\/Watermark_20250104_202450_515-150x150.jpg\" class=\"attachment-thumbnail size-thumbnail\" alt=\"\" \/><\/a>\n\t\t\t\t<\/dt><\/dl><dl class='gallery-item'>\n\t\t\t\t<dt class='gallery-icon portrait'>\n\t\t\t\t\t<a class=\"rollover rollover-zoom dt-pswp-item\" title=\"Watermark_20250104_202328_126\" data-dt-img-description=\"\" data-large_image_width=\"1773\" data-large_image_height=\"2364\"href='https:\/\/www.radiopiu.net\/wordpress\/wp-content\/uploads\/2025\/01\/Watermark_20250104_202328_126.jpg'><img loading=\"lazy\" decoding=\"async\" width=\"150\" height=\"150\" src=\"https:\/\/www.radiopiu.net\/wordpress\/wp-content\/uploads\/2025\/01\/Watermark_20250104_202328_126-150x150.jpg\" class=\"attachment-thumbnail size-thumbnail\" alt=\"\" \/><\/a>\n\t\t\t\t<\/dt><\/dl><dl class='gallery-item'>\n\t\t\t\t<dt class='gallery-icon portrait'>\n\t\t\t\t\t<a class=\"rollover rollover-zoom dt-pswp-item\" title=\"Watermark_20250104_202307_337\" data-dt-img-description=\"\" data-large_image_width=\"1773\" data-large_image_height=\"2364\"href='https:\/\/www.radiopiu.net\/wordpress\/wp-content\/uploads\/2025\/01\/Watermark_20250104_202307_337.jpg'><img loading=\"lazy\" decoding=\"async\" width=\"150\" height=\"150\" src=\"https:\/\/www.radiopiu.net\/wordpress\/wp-content\/uploads\/2025\/01\/Watermark_20250104_202307_337-150x150.jpg\" class=\"attachment-thumbnail size-thumbnail\" alt=\"\" \/><\/a>\n\t\t\t\t<\/dt><\/dl><dl class='gallery-item'>\n\t\t\t\t<dt class='gallery-icon portrait'>\n\t\t\t\t\t<a class=\"rollover rollover-zoom dt-pswp-item\" title=\"Watermark_20250104_202343_926\" data-dt-img-description=\"\" data-large_image_width=\"1773\" data-large_image_height=\"2364\"href='https:\/\/www.radiopiu.net\/wordpress\/wp-content\/uploads\/2025\/01\/Watermark_20250104_202343_926.jpg'><img loading=\"lazy\" decoding=\"async\" width=\"150\" height=\"150\" src=\"https:\/\/www.radiopiu.net\/wordpress\/wp-content\/uploads\/2025\/01\/Watermark_20250104_202343_926-150x150.jpg\" class=\"attachment-thumbnail size-thumbnail\" alt=\"\" \/><\/a>\n\t\t\t\t<\/dt><\/dl><br style=\"clear: both\" \/>\n\t\t\t<\/div>\n\n<p>&nbsp;<\/p>\n<p>&nbsp;<\/p>\n<p>***********<\/p>\n<p>&nbsp;<\/p>\n","protected":false},"excerpt":{"rendered":"<p>****** &nbsp; CHIES D&#8217;ALPAGO Si \u00e8 concluso poco prima delle 20 l&#8217;impegnativo intervento di recupero di tre giovani escursionisti infortunati, finiti in un ripido canale, oltre 200 metri sotto la cresta del Monte Pianina, dove si snoda l&#8217;itinerario dell&#8217;Alta Via numero 7, che i tre stavano percorrendo. Alle 16.30 la Centrale del 118 \u00e8 stata&hellip;<\/p>\n","protected":false},"author":4,"featured_media":428128,"comment_status":"closed","ping_status":"closed","sticky":false,"template":"","format":"standard","meta":{"_monsterinsights_skip_tracking":false,"_monsterinsights_sitenote_active":false,"_monsterinsights_sitenote_note":"","_monsterinsights_sitenote_category":0,"footnotes":""},"categories":[51,49],"tags":[],"class_list":["post-428126","post","type-post","status-publish","format-standard","has-post-thumbnail","hentry","category-evidenza-top","category-news-18","category-51","category-49","description-off"],"img_url":"https:\/\/www.radiopiu.net\/wordpress\/wp-content\/uploads\/2025\/01\/Watermark_20250104_202328_126.jpg","_links":{"self":[{"href":"https:\/\/www.radiopiu.net\/wordpress\/wp-json\/wp\/v2\/posts\/428126","targetHints":{"allow":["GET"]}}],"collection":[{"href":"https:\/\/www.radiopiu.net\/wordpress\/wp-json\/wp\/v2\/posts"}],"about":[{"href":"https:\/\/www.radiopiu.net\/wordpress\/wp-json\/wp\/v2\/types\/post"}],"author":[{"embeddable":true,"href":"https:\/\/www.radiopiu.net\/wordpress\/wp-json\/wp\/v2\/users\/4"}],"replies":[{"embeddable":true,"href":"https:\/\/www.radiopiu.net\/wordpress\/wp-json\/wp\/v2\/comments?post=428126"}],"version-history":[{"count":1,"href":"https:\/\/www.radiopiu.net\/wordpress\/wp-json\/wp\/v2\/posts\/428126\/revisions"}],"predecessor-version":[{"id":428131,"href":"https:\/\/www.radiopiu.net\/wordpress\/wp-json\/wp\/v2\/posts\/428126\/revisions\/428131"}],"wp:featuredmedia":[{"embeddable":true,"href":"https:\/\/www.radiopiu.net\/wordpress\/wp-json\/wp\/v2\/media\/428128"}],"wp:attachment":[{"href":"https:\/\/www.radiopiu.net\/wordpress\/wp-json\/wp\/v2\/media?parent=428126"}],"wp:term":[{"taxonomy":"category","embeddable":true,"href":"https:\/\/www.radiopiu.net\/wordpress\/wp-json\/wp\/v2\/categories?post=428126"},{"taxonomy":"post_tag","embeddable":true,"href":"https:\/\/www.radiopiu.net\/wordpress\/wp-json\/wp\/v2\/tags?post=428126"}],"curies":[{"name":"wp","href":"https:\/\/api.w.org\/{rel}","templated":true}]}}