{"id":428156,"date":"2025-01-05T09:41:49","date_gmt":"2025-01-05T08:41:49","guid":{"rendered":"https:\/\/www.radiopiu.net\/wordpress\/?p=428156"},"modified":"2025-01-05T09:41:49","modified_gmt":"2025-01-05T08:41:49","slug":"il-comitato-gemellaggio-di-agordo-cerca-famiglie-disponibili-ad-ospitare-i-gemelli-di-dolomieu","status":"publish","type":"post","link":"https:\/\/www.radiopiu.net\/wordpress\/il-comitato-gemellaggio-di-agordo-cerca-famiglie-disponibili-ad-ospitare-i-gemelli-di-dolomieu\/","title":{"rendered":"IL COMITATO GEMELLAGGIO DI AGORDO CERCA FAMIGLIE DISPONIBILI AD OSPITARE I GEMELLI DI DOLOMIEU"},"content":{"rendered":"<p>******<\/p>\n<p>&nbsp;<\/p>\n<p><strong><a class=\"dt-pswp-item\" href=\"https:\/\/www.radiopiu.net\/wordpress\/wp-content\/uploads\/2025\/01\/Gruppo-visitaCastelloIMG-20230501-WA0102.jpg\" data-dt-img-description=\"\" data-large_image_width=\"1438\" data-large_image_height=\"848\"><img loading=\"lazy\" decoding=\"async\" class=\" wp-image-428161 alignleft\" src=\"https:\/\/www.radiopiu.net\/wordpress\/wp-content\/uploads\/2025\/01\/Gruppo-visitaCastelloIMG-20230501-WA0102-300x177.jpg\" alt=\"\" width=\"254\" height=\"150\" srcset=\"https:\/\/www.radiopiu.net\/wordpress\/wp-content\/uploads\/2025\/01\/Gruppo-visitaCastelloIMG-20230501-WA0102-300x177.jpg 300w, https:\/\/www.radiopiu.net\/wordpress\/wp-content\/uploads\/2025\/01\/Gruppo-visitaCastelloIMG-20230501-WA0102-1024x604.jpg 1024w, https:\/\/www.radiopiu.net\/wordpress\/wp-content\/uploads\/2025\/01\/Gruppo-visitaCastelloIMG-20230501-WA0102-768x453.jpg 768w, https:\/\/www.radiopiu.net\/wordpress\/wp-content\/uploads\/2025\/01\/Gruppo-visitaCastelloIMG-20230501-WA0102.jpg 1438w\" sizes=\"auto, (max-width: 254px) 100vw, 254px\" \/><\/a>AGORDO <\/strong>Il Comitato di Gemellaggio di Agordo \u00e8 lieto di annunciare che i nostri amici di Dolomieu (Francia) verranno a trovarci dal 1\u00b0 al 4 maggio 2025 per celebrare i 20 anni di gemellaggio e il solido legame di amicizia che unisce le nostre due Comunit\u00e0. In occasione di questo importante anniversario, il Comitato di Gemellaggio \u00e8 alla ricerca di famiglie di Agordo e dei Comuni limitrofi che siano disponibili ad ospitare gli amici Francesi durante la loro visita. La disponibilit\u00e0 delle famiglie \u00e8 fondamentale per organizzare al meglio il soggiorno dei gemelli, in quanto le soluzioni logistiche richiedono che gli ospiti risiedano in zone facilmente raggiungibili per facilitare i trasporti. Chi fosse interessato a collaborare con il Comitato e ad ospitare una o pi\u00f9 persone, \u00e8 pregato di contattarci entro il 31 gennaio 2025 alla e-mail: <a href=\"mailto:cgemellaggio.agordo@libero.it\">cgemellaggio.agordo@libero.it<\/a> oppure al cell. 3489159626. Comunichiamo fin da ora che si parler\u00e0 dell&#8217;accoglienza ai francesi durante l&#8217;assemblea del Comitato di Gemellaggio che si terr\u00e0 il giorno mercoled\u00ec 19 febbraio 2025 alle ore 20.30 presso il bar Schenot in Via Pragrande.\u00a0La collaborazione delle famiglie agordine \u00e8 fondamentale per rendere questa visita un momento indimenticabile di scambio culturale e di amicizia tra le due Comunit\u00e0. Il Comitato di Gemellaggio ringrazia sin da ora tutti coloro che vorranno contribuire all&#8217;evento. l programma delle attivit\u00e0 e delle iniziative per celebrare i 20 anni di gemellaggio sar\u00e0 comunicato prossimamente.<\/p>\n<p>&nbsp;<\/p>\n<p>&nbsp;<\/p>\n<p>&nbsp;<\/p>\n<p>***********<\/p>\n","protected":false},"excerpt":{"rendered":"<p>****** &nbsp; AGORDO Il Comitato di Gemellaggio di Agordo \u00e8 lieto di annunciare che i nostri amici di Dolomieu (Francia) verranno a trovarci dal 1\u00b0 al 4 maggio 2025 per celebrare i 20 anni di gemellaggio e il solido legame di amicizia che unisce le nostre due Comunit\u00e0. In occasione di questo importante anniversario, il&hellip;<\/p>\n","protected":false},"author":4,"featured_media":428161,"comment_status":"closed","ping_status":"closed","sticky":false,"template":"","format":"standard","meta":{"_monsterinsights_skip_tracking":false,"_monsterinsights_sitenote_active":false,"_monsterinsights_sitenote_note":"","_monsterinsights_sitenote_category":0,"footnotes":""},"categories":[49],"tags":[],"class_list":["post-428156","post","type-post","status-publish","format-standard","has-post-thumbnail","hentry","category-news-18","category-49","description-off"],"img_url":"https:\/\/www.radiopiu.net\/wordpress\/wp-content\/uploads\/2025\/01\/Gruppo-visitaCastelloIMG-20230501-WA0102.jpg","_links":{"self":[{"href":"https:\/\/www.radiopiu.net\/wordpress\/wp-json\/wp\/v2\/posts\/428156","targetHints":{"allow":["GET"]}}],"collection":[{"href":"https:\/\/www.radiopiu.net\/wordpress\/wp-json\/wp\/v2\/posts"}],"about":[{"href":"https:\/\/www.radiopiu.net\/wordpress\/wp-json\/wp\/v2\/types\/post"}],"author":[{"embeddable":true,"href":"https:\/\/www.radiopiu.net\/wordpress\/wp-json\/wp\/v2\/users\/4"}],"replies":[{"embeddable":true,"href":"https:\/\/www.radiopiu.net\/wordpress\/wp-json\/wp\/v2\/comments?post=428156"}],"version-history":[{"count":1,"href":"https:\/\/www.radiopiu.net\/wordpress\/wp-json\/wp\/v2\/posts\/428156\/revisions"}],"predecessor-version":[{"id":428162,"href":"https:\/\/www.radiopiu.net\/wordpress\/wp-json\/wp\/v2\/posts\/428156\/revisions\/428162"}],"wp:featuredmedia":[{"embeddable":true,"href":"https:\/\/www.radiopiu.net\/wordpress\/wp-json\/wp\/v2\/media\/428161"}],"wp:attachment":[{"href":"https:\/\/www.radiopiu.net\/wordpress\/wp-json\/wp\/v2\/media?parent=428156"}],"wp:term":[{"taxonomy":"category","embeddable":true,"href":"https:\/\/www.radiopiu.net\/wordpress\/wp-json\/wp\/v2\/categories?post=428156"},{"taxonomy":"post_tag","embeddable":true,"href":"https:\/\/www.radiopiu.net\/wordpress\/wp-json\/wp\/v2\/tags?post=428156"}],"curies":[{"name":"wp","href":"https:\/\/api.w.org\/{rel}","templated":true}]}}