{"id":428186,"date":"2025-01-07T05:35:28","date_gmt":"2025-01-07T04:35:28","guid":{"rendered":"https:\/\/www.radiopiu.net\/wordpress\/?p=428186"},"modified":"2025-01-07T06:20:05","modified_gmt":"2025-01-07T05:20:05","slug":"superati-i-23-mila-euro-su-gofundme-per-aiutare-le-famiglie-colpite-dallincendio-di-frassene","status":"publish","type":"post","link":"https:\/\/www.radiopiu.net\/wordpress\/superati-i-23-mila-euro-su-gofundme-per-aiutare-le-famiglie-colpite-dallincendio-di-frassene\/","title":{"rendered":"SUPERATI I 23 MILA EURO SU GOFUNDME PER AIUTARE LE FAMIGLIE COLPITE DALL&#8217;INCENDIO DI FRASSENE&#8217;"},"content":{"rendered":"<p>*****<\/p>\n<p><span style=\"color: #ff0000;\">Il fienile, da cui sarebbe partito il rogo, \u00e8 stato abbattuto per sicurezza, mentre continuano le indagini per incendio colposo. Intanto, si lavora per ripristinare le abitazioni danneggiate e restituirle ai proprietari, in particolare alla famiglia Gnech, rimasta senza casa.<\/span><\/p>\n<p><strong><a class=\"dt-pswp-item\" href=\"https:\/\/www.radiopiu.net\/wordpress\/wp-content\/uploads\/2025\/01\/85408045_1735999191208803_r.jpg\" data-dt-img-description=\"\" data-large_image_width=\"1170\" data-large_image_height=\"661\"><img loading=\"lazy\" decoding=\"async\" class=\"size-medium wp-image-428187 alignleft\" src=\"https:\/\/www.radiopiu.net\/wordpress\/wp-content\/uploads\/2025\/01\/85408045_1735999191208803_r-300x169.jpg\" alt=\"\" width=\"300\" height=\"169\" srcset=\"https:\/\/www.radiopiu.net\/wordpress\/wp-content\/uploads\/2025\/01\/85408045_1735999191208803_r-300x169.jpg 300w, https:\/\/www.radiopiu.net\/wordpress\/wp-content\/uploads\/2025\/01\/85408045_1735999191208803_r-1024x579.jpg 1024w, https:\/\/www.radiopiu.net\/wordpress\/wp-content\/uploads\/2025\/01\/85408045_1735999191208803_r-768x434.jpg 768w, https:\/\/www.radiopiu.net\/wordpress\/wp-content\/uploads\/2025\/01\/85408045_1735999191208803_r.jpg 1170w\" sizes=\"auto, (max-width: 300px) 100vw, 300px\" \/><\/a>REDAZIONE<\/strong> Al momento del bisogno il grande cuore degli agordini, ma non solo, si fa sentire. Dopo l&#8217;incendio della notte tra venerd\u00ec e sabato che ha colpito Frassen\u00e8, il comune di Voltago e la Parrocchia di San Nicol\u00f2 a Frassen\u00e8, con in prima linea il sindaco Giuseppe Schena e il parroco Don Fabiano Del Favero, hanno iniziato una raccolta fondi per aiutare le famiglie colpite. In particolare, fra esse, una famiglia di compaesani residenti si \u00e8 vista dichiarare inagibile la propria abitazione dalle competenti autorit\u00e0. In due giorni sono stati raccolti oltre 23 mila euro<\/p>\n<p><strong>LE DONAZIONI: Presso la Cassa rurale di Fassa, Primiero e Belluno &#8211; filiale di Agordo (BL) \u00e8 disponibile il conto corrente bancario con Iban IT 60 S 08140 60980 000006162000 con causale: \u201cPro famiglie di Frassen\u00e8\u201d<\/strong><\/p>\n<h2>CHI VOLESSE DONARE ATTRAVERSO LA PIATTAFORMA GOFUNDME PUO&#8217; <a href=\"https:\/\/www.gofundme.com\/f\/sostegno-alle-famiglie-interessate-dallincendio-di-frassene\"><span style=\"color: #3366ff;\">CLICCARE QUI<\/span><\/a><\/h2>\n<p>&nbsp;<\/p>\n<p><a class=\"dt-pswp-item\" href=\"https:\/\/www.radiopiu.net\/wordpress\/wp-content\/uploads\/2025\/01\/qr-code.png\" data-dt-img-description=\"\" data-large_image_width=\"620\" data-large_image_height=\"620\"><img loading=\"lazy\" decoding=\"async\" class=\"size-medium wp-image-428189 aligncenter\" src=\"https:\/\/www.radiopiu.net\/wordpress\/wp-content\/uploads\/2025\/01\/qr-code-300x300.png\" alt=\"\" width=\"300\" height=\"300\" srcset=\"https:\/\/www.radiopiu.net\/wordpress\/wp-content\/uploads\/2025\/01\/qr-code-300x300.png 300w, https:\/\/www.radiopiu.net\/wordpress\/wp-content\/uploads\/2025\/01\/qr-code-150x150.png 150w, https:\/\/www.radiopiu.net\/wordpress\/wp-content\/uploads\/2025\/01\/qr-code.png 620w\" sizes=\"auto, (max-width: 300px) 100vw, 300px\" \/><\/a><\/p>\n<p>&nbsp;<\/p>\n<p>*********<\/p>\n","protected":false},"excerpt":{"rendered":"<p>***** Il fienile, da cui sarebbe partito il rogo, \u00e8 stato abbattuto per sicurezza, mentre continuano le indagini per incendio colposo. Intanto, si lavora per ripristinare le abitazioni danneggiate e restituirle ai proprietari, in particolare alla famiglia Gnech, rimasta senza casa. REDAZIONE Al momento del bisogno il grande cuore degli agordini, ma non solo, si&hellip;<\/p>\n","protected":false},"author":4,"featured_media":428187,"comment_status":"closed","ping_status":"closed","sticky":false,"template":"","format":"standard","meta":{"_monsterinsights_skip_tracking":false,"_monsterinsights_sitenote_active":false,"_monsterinsights_sitenote_note":"","_monsterinsights_sitenote_category":0,"footnotes":""},"categories":[51,49],"tags":[],"class_list":["post-428186","post","type-post","status-publish","format-standard","has-post-thumbnail","hentry","category-evidenza-top","category-news-18","category-51","category-49","description-off"],"img_url":"https:\/\/www.radiopiu.net\/wordpress\/wp-content\/uploads\/2025\/01\/85408045_1735999191208803_r.jpg","_links":{"self":[{"href":"https:\/\/www.radiopiu.net\/wordpress\/wp-json\/wp\/v2\/posts\/428186","targetHints":{"allow":["GET"]}}],"collection":[{"href":"https:\/\/www.radiopiu.net\/wordpress\/wp-json\/wp\/v2\/posts"}],"about":[{"href":"https:\/\/www.radiopiu.net\/wordpress\/wp-json\/wp\/v2\/types\/post"}],"author":[{"embeddable":true,"href":"https:\/\/www.radiopiu.net\/wordpress\/wp-json\/wp\/v2\/users\/4"}],"replies":[{"embeddable":true,"href":"https:\/\/www.radiopiu.net\/wordpress\/wp-json\/wp\/v2\/comments?post=428186"}],"version-history":[{"count":13,"href":"https:\/\/www.radiopiu.net\/wordpress\/wp-json\/wp\/v2\/posts\/428186\/revisions"}],"predecessor-version":[{"id":428455,"href":"https:\/\/www.radiopiu.net\/wordpress\/wp-json\/wp\/v2\/posts\/428186\/revisions\/428455"}],"wp:featuredmedia":[{"embeddable":true,"href":"https:\/\/www.radiopiu.net\/wordpress\/wp-json\/wp\/v2\/media\/428187"}],"wp:attachment":[{"href":"https:\/\/www.radiopiu.net\/wordpress\/wp-json\/wp\/v2\/media?parent=428186"}],"wp:term":[{"taxonomy":"category","embeddable":true,"href":"https:\/\/www.radiopiu.net\/wordpress\/wp-json\/wp\/v2\/categories?post=428186"},{"taxonomy":"post_tag","embeddable":true,"href":"https:\/\/www.radiopiu.net\/wordpress\/wp-json\/wp\/v2\/tags?post=428186"}],"curies":[{"name":"wp","href":"https:\/\/api.w.org\/{rel}","templated":true}]}}