{"id":428238,"date":"2025-01-06T05:35:51","date_gmt":"2025-01-06T04:35:51","guid":{"rendered":"https:\/\/www.radiopiu.net\/wordpress\/?p=428238"},"modified":"2025-01-07T05:45:20","modified_gmt":"2025-01-07T04:45:20","slug":"infortuni-sulle-piste-un-incendio-e-un-incidente-nella-domenica-del-suem-118","status":"publish","type":"post","link":"https:\/\/www.radiopiu.net\/wordpress\/infortuni-sulle-piste-un-incendio-e-un-incidente-nella-domenica-del-suem-118\/","title":{"rendered":"INFORTUNI SULLE PISTE, UN INCENDIO E UN INCIDENTE NELLA DOMENICA DEL SUEM 118"},"content":{"rendered":"<p>******<\/p>\n<p>&nbsp;<\/p>\n<p><strong><a class=\"dt-pswp-item\" href=\"https:\/\/www.radiopiu.net\/wordpress\/wp-content\/uploads\/2021\/12\/ambulanze-3.jpeg\" data-dt-img-description=\"\" data-large_image_width=\"1600\" data-large_image_height=\"1200\"><img loading=\"lazy\" decoding=\"async\" class=\" wp-image-250918 alignleft\" src=\"https:\/\/www.radiopiu.net\/wordpress\/wp-content\/uploads\/2021\/12\/ambulanze-3-300x225.jpeg\" alt=\"\" width=\"188\" height=\"141\" srcset=\"https:\/\/www.radiopiu.net\/wordpress\/wp-content\/uploads\/2021\/12\/ambulanze-3-300x225.jpeg 300w, https:\/\/www.radiopiu.net\/wordpress\/wp-content\/uploads\/2021\/12\/ambulanze-3-1024x768.jpeg 1024w, https:\/\/www.radiopiu.net\/wordpress\/wp-content\/uploads\/2021\/12\/ambulanze-3-768x576.jpeg 768w, https:\/\/www.radiopiu.net\/wordpress\/wp-content\/uploads\/2021\/12\/ambulanze-3-1536x1152.jpeg 1536w, https:\/\/www.radiopiu.net\/wordpress\/wp-content\/uploads\/2021\/12\/ambulanze-3.jpeg 1600w\" sizes=\"auto, (max-width: 188px) 100vw, 188px\" \/><\/a>REDAZIONE<\/strong> Una domenica impegnativa per il Suem 118 che ha iniziato la giornata alle 8:40 quando la centrale operativa \u00e8 stata alletata per un incendio in un&#8217;abitazione di Belluno. Sul posto l&#8217;ambulanza che ha portato al San Martino di Belluno due uomini di 90 e 60 anni. Il primo intervento dell&#8217;elicottero si registra alle 9:05 quando Falco 1 \u00e8 stato inviato sulle piste di Zoldo per soccorrere un minorenne che si era fatto male con gli sci. Il giovane \u00e8 stato portato al pronto soccorso di belluno con ferite di media gravit\u00e0. Nello stesso momento, alle 13:19, i due elicotteri del suem sono stati inviati a Cortina per due incidenti sulle piste dove sono rimasti coinvolti un uomo di 30 anni originario di Conegliano e una donna di Casalecchio di Reno di 58 anni. Infine, alle 18:30, le ambulanze e l&#8217;elicottero Falco sono stati inviati in Galleria Comelico dove in un incidente frontale sono rimaste coinvolte quattro persone che sono state inviate nei nosocomi di Belluno e Pieve di Cadore. Sono 11 gli interventi sulle piste da sci in provincia di Belluno.<\/p>\n<p>&nbsp;<\/p>\n<p>&nbsp;<\/p>\n<p>*********<\/p>\n","protected":false},"excerpt":{"rendered":"<p>****** &nbsp; REDAZIONE Una domenica impegnativa per il Suem 118 che ha iniziato la giornata alle 8:40 quando la centrale operativa \u00e8 stata alletata per un incendio in un&#8217;abitazione di Belluno. Sul posto l&#8217;ambulanza che ha portato al San Martino di Belluno due uomini di 90 e 60 anni. Il primo intervento dell&#8217;elicottero si registra&hellip;<\/p>\n","protected":false},"author":4,"featured_media":250918,"comment_status":"closed","ping_status":"closed","sticky":false,"template":"","format":"standard","meta":{"_monsterinsights_skip_tracking":false,"_monsterinsights_sitenote_active":false,"_monsterinsights_sitenote_note":"","_monsterinsights_sitenote_category":0,"footnotes":""},"categories":[51,49],"tags":[],"class_list":["post-428238","post","type-post","status-publish","format-standard","has-post-thumbnail","hentry","category-evidenza-top","category-news-18","category-51","category-49","description-off"],"img_url":"https:\/\/www.radiopiu.net\/wordpress\/wp-content\/uploads\/2021\/12\/ambulanze-3.jpeg","_links":{"self":[{"href":"https:\/\/www.radiopiu.net\/wordpress\/wp-json\/wp\/v2\/posts\/428238","targetHints":{"allow":["GET"]}}],"collection":[{"href":"https:\/\/www.radiopiu.net\/wordpress\/wp-json\/wp\/v2\/posts"}],"about":[{"href":"https:\/\/www.radiopiu.net\/wordpress\/wp-json\/wp\/v2\/types\/post"}],"author":[{"embeddable":true,"href":"https:\/\/www.radiopiu.net\/wordpress\/wp-json\/wp\/v2\/users\/4"}],"replies":[{"embeddable":true,"href":"https:\/\/www.radiopiu.net\/wordpress\/wp-json\/wp\/v2\/comments?post=428238"}],"version-history":[{"count":2,"href":"https:\/\/www.radiopiu.net\/wordpress\/wp-json\/wp\/v2\/posts\/428238\/revisions"}],"predecessor-version":[{"id":428246,"href":"https:\/\/www.radiopiu.net\/wordpress\/wp-json\/wp\/v2\/posts\/428238\/revisions\/428246"}],"wp:featuredmedia":[{"embeddable":true,"href":"https:\/\/www.radiopiu.net\/wordpress\/wp-json\/wp\/v2\/media\/250918"}],"wp:attachment":[{"href":"https:\/\/www.radiopiu.net\/wordpress\/wp-json\/wp\/v2\/media?parent=428238"}],"wp:term":[{"taxonomy":"category","embeddable":true,"href":"https:\/\/www.radiopiu.net\/wordpress\/wp-json\/wp\/v2\/categories?post=428238"},{"taxonomy":"post_tag","embeddable":true,"href":"https:\/\/www.radiopiu.net\/wordpress\/wp-json\/wp\/v2\/tags?post=428238"}],"curies":[{"name":"wp","href":"https:\/\/api.w.org\/{rel}","templated":true}]}}