{"id":428241,"date":"2025-01-05T20:09:07","date_gmt":"2025-01-05T19:09:07","guid":{"rendered":"https:\/\/www.radiopiu.net\/wordpress\/?p=428241"},"modified":"2025-01-07T05:42:11","modified_gmt":"2025-01-07T04:42:11","slug":"premiazione-concorso-dei-presepi-a-voltago-un-evento-speciale-per-la-solidarieta","status":"publish","type":"post","link":"https:\/\/www.radiopiu.net\/wordpress\/premiazione-concorso-dei-presepi-a-voltago-un-evento-speciale-per-la-solidarieta\/","title":{"rendered":"PREMIAZIONE CONCORSO DEI PRESEPI A VOLTAGO: UN EVENTO SPECIALE PER LA SOLIDARIET\u00c0"},"content":{"rendered":"<p>&nbsp;<\/p>\n<p data-pm-slice=\"1 1 []\">\n<p>Domani, luned\u00ec 6 gennaio alle ore 17.00, la piazza della chiesa di Voltago si trasformer\u00e0 in un luogo di festa e solidariet\u00e0. L&#8217;attesissima premiazione del <strong>Concorso dei Presepi<\/strong> vedr\u00e0 protagonisti i talentuosi artisti locali, che con creativit\u00e0 e passione hanno dato vita a opere che raccontano il significato pi\u00f9 profondo del Natale. <strong>Un momento di gioia per grandi e piccoli<\/strong> La Befana, icona delle festivit\u00e0 invernali, far\u00e0 la sua comparsa per distribuire dolci, t\u00e8 caldo e brul\u00e8 a tutti i presenti, creando un&#8217;atmosfera magica e conviviale. Ma l\u2019evento non si ferma qui. <strong>Solidariet\u00e0 concreta per Frassen\u00e8<\/strong> Le offerte raccolte durante la distribuzione delle prelibatezze saranno destinate a sostenere chi ha perso tutto nell&#8217;incendio a Frassen\u00e8. Questo gesto rappresenta un&#8217;importante occasione per dimostrare vicinanza e solidariet\u00e0 verso una comunit\u00e0 che sta affrontando momenti difficili. <strong>Un invito aperto a tutti <\/strong>per condividere insieme un pomeriggio di festa, emozioni e altruismo.<\/p>\n\n\t\t\t<style type='text\/css'>\n\t\t\t\t#gallery-1 {\n\t\t\t\t\tmargin: auto;\n\t\t\t\t}\n\t\t\t\t#gallery-1 .gallery-item {\n\t\t\t\t\tfloat: left;\n\t\t\t\t\tmargin-top: 10px;\n\t\t\t\t\ttext-align: center;\n\t\t\t\t\twidth: 50%;\n\t\t\t\t}\n\t\t\t\t#gallery-1 img {\n\t\t\t\t\tborder: 2px solid #cfcfcf;\n\t\t\t\t}\n\t\t\t\t#gallery-1 .gallery-caption {\n\t\t\t\t\tmargin-left: 0;\n\t\t\t\t}\n\t\t\t\t\/* see gallery_shortcode() in wp-includes\/media.php *\/\n\t\t\t<\/style>\n\t\t<div id='gallery-1' class='dt-gallery-container gallery galleryid-428241 gallery-columns-2 gallery-size-medium'><dl class='gallery-item'>\n\t\t\t\t<dt class='gallery-icon landscape'>\n\t\t\t\t\t<a class=\"rollover rollover-zoom dt-pswp-item\" title=\"472552575_2742471345940660_7594411516190889892_n\" data-dt-img-description=\"\" data-large_image_width=\"720\" data-large_image_height=\"405\"href='https:\/\/www.radiopiu.net\/wordpress\/wp-content\/uploads\/2025\/01\/472552575_2742471345940660_7594411516190889892_n.jpg'><img loading=\"lazy\" decoding=\"async\" width=\"300\" height=\"169\" src=\"https:\/\/www.radiopiu.net\/wordpress\/wp-content\/uploads\/2025\/01\/472552575_2742471345940660_7594411516190889892_n-300x169.jpg\" class=\"attachment-medium size-medium\" alt=\"\" srcset=\"https:\/\/www.radiopiu.net\/wordpress\/wp-content\/uploads\/2025\/01\/472552575_2742471345940660_7594411516190889892_n-300x169.jpg 300w, https:\/\/www.radiopiu.net\/wordpress\/wp-content\/uploads\/2025\/01\/472552575_2742471345940660_7594411516190889892_n.jpg 720w\" sizes=\"auto, (max-width: 300px) 100vw, 300px\" \/><\/a>\n\t\t\t\t<\/dt><\/dl><dl class='gallery-item'>\n\t\t\t\t<dt class='gallery-icon portrait'>\n\t\t\t\t\t<a class=\"rollover rollover-zoom dt-pswp-item\" title=\"472301837_2742471642607297_6052060026637863895_n\" data-dt-img-description=\"\" data-large_image_width=\"1448\" data-large_image_height=\"2048\"href='https:\/\/www.radiopiu.net\/wordpress\/wp-content\/uploads\/2025\/01\/472301837_2742471642607297_6052060026637863895_n.jpg'><img loading=\"lazy\" decoding=\"async\" width=\"212\" height=\"300\" src=\"https:\/\/www.radiopiu.net\/wordpress\/wp-content\/uploads\/2025\/01\/472301837_2742471642607297_6052060026637863895_n-212x300.jpg\" class=\"attachment-medium size-medium\" alt=\"\" srcset=\"https:\/\/www.radiopiu.net\/wordpress\/wp-content\/uploads\/2025\/01\/472301837_2742471642607297_6052060026637863895_n-212x300.jpg 212w, https:\/\/www.radiopiu.net\/wordpress\/wp-content\/uploads\/2025\/01\/472301837_2742471642607297_6052060026637863895_n-724x1024.jpg 724w, https:\/\/www.radiopiu.net\/wordpress\/wp-content\/uploads\/2025\/01\/472301837_2742471642607297_6052060026637863895_n-768x1086.jpg 768w, https:\/\/www.radiopiu.net\/wordpress\/wp-content\/uploads\/2025\/01\/472301837_2742471642607297_6052060026637863895_n-1086x1536.jpg 1086w, https:\/\/www.radiopiu.net\/wordpress\/wp-content\/uploads\/2025\/01\/472301837_2742471642607297_6052060026637863895_n.jpg 1448w\" sizes=\"auto, (max-width: 212px) 100vw, 212px\" \/><\/a>\n\t\t\t\t<\/dt><\/dl><br style=\"clear: both\" \/>\n\t\t\t<\/div>\n\n<p>_<\/p>\n","protected":false},"excerpt":{"rendered":"<p>&nbsp; Domani, luned\u00ec 6 gennaio alle ore 17.00, la piazza della chiesa di Voltago si trasformer\u00e0 in un luogo di festa e solidariet\u00e0. L&#8217;attesissima premiazione del Concorso dei Presepi vedr\u00e0 protagonisti i talentuosi artisti locali, che con creativit\u00e0 e passione hanno dato vita a opere che raccontano il significato pi\u00f9 profondo del Natale. Un momento&hellip;<\/p>\n","protected":false},"author":4,"featured_media":428242,"comment_status":"closed","ping_status":"closed","sticky":false,"template":"","format":"standard","meta":{"_monsterinsights_skip_tracking":false,"_monsterinsights_sitenote_active":false,"_monsterinsights_sitenote_note":"","_monsterinsights_sitenote_category":0,"footnotes":""},"categories":[104,49],"tags":[],"class_list":["post-428241","post","type-post","status-publish","format-standard","has-post-thumbnail","hentry","category-evidenza_3","category-news-18","category-104","category-49","description-off"],"img_url":"https:\/\/www.radiopiu.net\/wordpress\/wp-content\/uploads\/2025\/01\/472552575_2742471345940660_7594411516190889892_n.jpg","_links":{"self":[{"href":"https:\/\/www.radiopiu.net\/wordpress\/wp-json\/wp\/v2\/posts\/428241","targetHints":{"allow":["GET"]}}],"collection":[{"href":"https:\/\/www.radiopiu.net\/wordpress\/wp-json\/wp\/v2\/posts"}],"about":[{"href":"https:\/\/www.radiopiu.net\/wordpress\/wp-json\/wp\/v2\/types\/post"}],"author":[{"embeddable":true,"href":"https:\/\/www.radiopiu.net\/wordpress\/wp-json\/wp\/v2\/users\/4"}],"replies":[{"embeddable":true,"href":"https:\/\/www.radiopiu.net\/wordpress\/wp-json\/wp\/v2\/comments?post=428241"}],"version-history":[{"count":1,"href":"https:\/\/www.radiopiu.net\/wordpress\/wp-json\/wp\/v2\/posts\/428241\/revisions"}],"predecessor-version":[{"id":428244,"href":"https:\/\/www.radiopiu.net\/wordpress\/wp-json\/wp\/v2\/posts\/428241\/revisions\/428244"}],"wp:featuredmedia":[{"embeddable":true,"href":"https:\/\/www.radiopiu.net\/wordpress\/wp-json\/wp\/v2\/media\/428242"}],"wp:attachment":[{"href":"https:\/\/www.radiopiu.net\/wordpress\/wp-json\/wp\/v2\/media?parent=428241"}],"wp:term":[{"taxonomy":"category","embeddable":true,"href":"https:\/\/www.radiopiu.net\/wordpress\/wp-json\/wp\/v2\/categories?post=428241"},{"taxonomy":"post_tag","embeddable":true,"href":"https:\/\/www.radiopiu.net\/wordpress\/wp-json\/wp\/v2\/tags?post=428241"}],"curies":[{"name":"wp","href":"https:\/\/api.w.org\/{rel}","templated":true}]}}