{"id":428456,"date":"2025-01-07T05:32:50","date_gmt":"2025-01-07T04:32:50","guid":{"rendered":"https:\/\/www.radiopiu.net\/wordpress\/?p=428456"},"modified":"2025-01-07T05:41:11","modified_gmt":"2025-01-07T04:41:11","slug":"valle-del-biois-critiche-costruttive-in-vista-delle-prossime-vacanze","status":"publish","type":"post","link":"https:\/\/www.radiopiu.net\/wordpress\/valle-del-biois-critiche-costruttive-in-vista-delle-prossime-vacanze\/","title":{"rendered":"VALLE DEL BIOIS, CRITICHE COSTRUTTIVE IN VISTA DELLE PROSSIME VACANZE"},"content":{"rendered":"<p>**<\/p>\n<p>&nbsp;<\/p>\n<div class=\"x1lliihq xjkvuk6 x1iorvi4\">\n<div class=\"xdj266r x11i5rnm xat24cr x1mh8g0r x1vvkbs\">\n<div dir=\"auto\"><a class=\"dt-pswp-item\" href=\"https:\/\/www.radiopiu.net\/wordpress\/wp-content\/uploads\/2025\/01\/472210419_10160859275518434_6671609083261720784_n.jpg\" data-dt-img-description=\"\" data-large_image_width=\"720\" data-large_image_height=\"540\"><img loading=\"lazy\" decoding=\"async\" class=\"wp-image-428458  alignleft\" src=\"https:\/\/www.radiopiu.net\/wordpress\/wp-content\/uploads\/2025\/01\/472210419_10160859275518434_6671609083261720784_n.jpg\" alt=\"\" width=\"396\" height=\"297\" srcset=\"https:\/\/www.radiopiu.net\/wordpress\/wp-content\/uploads\/2025\/01\/472210419_10160859275518434_6671609083261720784_n.jpg 720w, https:\/\/www.radiopiu.net\/wordpress\/wp-content\/uploads\/2025\/01\/472210419_10160859275518434_6671609083261720784_n-300x225.jpg 300w\" sizes=\"auto, (max-width: 396px) 100vw, 396px\" \/><\/a><strong>CANALE D&#8217;AGORDO<\/strong><br \/>\n<span class=\"\"><span class=\"xt0psk2\"><a class=\"x1i10hfl xjbqb8w x1ejq31n xd10rxx x1sy0etr x17r0tee x972fbf xcfux6l x1qhh985 xm0m39n x9f619 x1ypdohk xt0psk2 xe8uvvx xdj266r x11i5rnm xat24cr x1mh8g0r xexx8yu x4uap5 x18d9i69 xkhd6sd x16tdsg8 x1hl2dhg xggy1nq x1a2a7pz x1heor9g x1sur9pj xkrqix3 x1s688f\" tabindex=\"0\" role=\"link\" href=\"https:\/\/www.facebook.com\/groups\/696601703717574\/user\/1405193335\/?__cft__[0]=AZVj3avt9QqyaXWUVqZDGsmLJmsk5JGKh-0DtR_OM5oukLSTRBKvXOxcFezU3gzIk_0w1njXlSN2vHf7CJzZA5iiu0sBU1ISCFUYPsqfs69vBaGHXoOlpJC5cgylOGuvDlDA_QuESm1gDGa172ORiTXF3sAcPRTz3evTTtRDJsjoSK14CQehJlDGBSYgJ6nihp5lroSHnQOEcF7pKP2RiC3H&amp;__tn__=R]-R\" aria-hidden=\"false\"><span class=\"x3nfvp2\"><span class=\"x193iq5w xeuugli x13faqbe x1vvkbs x1xmvt09 x1lliihq x1s928wv xhkezso x1gmr53x x1cpjm7i x1fgarty x1943h6x x4zkp8e x676frb x1nxh6w3 x1sibtaa x1s688f xzsf02u\" dir=\"auto\">Stefania Alfonsi<\/span><\/span><\/a><\/span><\/span>\u00c8 la stessa storia ogni anno. Il contenitore di Canale, unico per tutta la vallata, \u00e8 insufficiente, in periodo di forte afflusso turistico. La raccolta porta a porta andrebbe potenziata, in questo periodo. Non \u00e8 possibile passare a raccogliere il secco solo il 26\/12 e poi il 09\/01, se la gente aumenta, aumentano anche i rifiuti. In pi\u00f9, quest&#8217;anno, il display dell&#8217;isola ecologica \u00e8 rotto almeno dal 31\/12, non appare nessuna indicazione. Ieri, lo sportello del secco neanche si apriva e, comunque, \u00e8 solo uno, si riempie subito. A me, sinceramente, scoccia portare i rifiuti in citt\u00e0, il servizio di asporto rifiuti si paga caro, come seconda casa, non \u00e8 giusto avere disservizi di questo genere.<\/p>\n<p><span class=\"\"><span class=\"xt0psk2\"><a class=\"x1i10hfl xjbqb8w x1ejq31n xd10rxx x1sy0etr x17r0tee x972fbf xcfux6l x1qhh985 xm0m39n x9f619 x1ypdohk xt0psk2 xe8uvvx xdj266r x11i5rnm xat24cr x1mh8g0r xexx8yu x4uap5 x18d9i69 xkhd6sd x16tdsg8 x1hl2dhg xggy1nq x1a2a7pz x1heor9g x1sur9pj xkrqix3 x1s688f\" tabindex=\"0\" role=\"link\" href=\"https:\/\/www.facebook.com\/groups\/696601703717574\/user\/1152026764\/?__cft__[0]=AZVj3avt9QqyaXWUVqZDGsmLJmsk5JGKh-0DtR_OM5oukLSTRBKvXOxcFezU3gzIk_0w1njXlSN2vHf7CJzZA5iiu0sBU1ISCFUYPsqfs69vBaGHXoOlpJC5cgylOGuvDlDA_QuESm1gDGa172ORiTXF3sAcPRTz3evTTtRDJsjoSK14CQehJlDGBSYgJ6nihp5lroSHnQOEcF7pKP2RiC3H&amp;__tn__=R]-R\" aria-hidden=\"false\"><span class=\"x3nfvp2\"><span class=\"x193iq5w xeuugli x13faqbe x1vvkbs x1xmvt09 x1lliihq x1s928wv xhkezso x1gmr53x x1cpjm7i x1fgarty x1943h6x x4zkp8e x676frb x1nxh6w3 x1sibtaa x1s688f xzsf02u\" dir=\"auto\">Enrico Alfa Gottardo<\/span><\/span><\/a><\/span><\/span>Sono stato su dal 27 al 5. In questo periodo ho sempre conferito i miei rifiuti con i miei bidoni per la raccolta differenziata.Il 5 tornando a casa in pianura ho conferito umido e carta nell&#8217;Ecocentro di Canale: fuori un disastro come da foto, aprendo i contenitori con il mio QRCODE fornito da Valpe dentro mi sono accorto che invece erano mezzi vuoti.Quindi o i turisti che vengono pochi giorni non hanno il QRCODE (problema penso facilmente risolvibile, basta fornirne uno temporaneo) oppure se ne fregano e abbandonano i rifiuti davanti all&#8217;ecocentro &#8230; che NON VA BENE ma \u00e8 comunque meglio che lasciarli in giro. Certo se li portassero a casa come tutti abbiamo spesso fatto sarebbe ancora meglio.Da dire ad onor del vero che altre volte non sono riuscito ad aprire i contenitori perch\u00e9 il QRCODE non funzionava&#8230;<\/p>\n<\/div>\n\n\t\t\t<style type='text\/css'>\n\t\t\t\t#gallery-1 {\n\t\t\t\t\tmargin: auto;\n\t\t\t\t}\n\t\t\t\t#gallery-1 .gallery-item {\n\t\t\t\t\tfloat: left;\n\t\t\t\t\tmargin-top: 10px;\n\t\t\t\t\ttext-align: center;\n\t\t\t\t\twidth: 50%;\n\t\t\t\t}\n\t\t\t\t#gallery-1 img {\n\t\t\t\t\tborder: 2px solid #cfcfcf;\n\t\t\t\t}\n\t\t\t\t#gallery-1 .gallery-caption {\n\t\t\t\t\tmargin-left: 0;\n\t\t\t\t}\n\t\t\t\t\/* see gallery_shortcode() in wp-includes\/media.php *\/\n\t\t\t<\/style>\n\t\t<div id='gallery-1' class='dt-gallery-container gallery galleryid-428456 gallery-columns-2 gallery-size-medium'><dl class='gallery-item'>\n\t\t\t\t<dt class='gallery-icon portrait'>\n\t\t\t\t\t<a class=\"rollover rollover-zoom dt-pswp-item\" title=\"472411285_10236008027487091_2949302519749832034_n\" data-dt-img-description=\"\" data-large_image_width=\"450\" data-large_image_height=\"600\"href='https:\/\/www.radiopiu.net\/wordpress\/wp-content\/uploads\/2025\/01\/472411285_10236008027487091_2949302519749832034_n.jpg'><img loading=\"lazy\" decoding=\"async\" width=\"225\" height=\"300\" src=\"https:\/\/www.radiopiu.net\/wordpress\/wp-content\/uploads\/2025\/01\/472411285_10236008027487091_2949302519749832034_n-225x300.jpg\" class=\"attachment-medium size-medium\" alt=\"\" srcset=\"https:\/\/www.radiopiu.net\/wordpress\/wp-content\/uploads\/2025\/01\/472411285_10236008027487091_2949302519749832034_n-225x300.jpg 225w, https:\/\/www.radiopiu.net\/wordpress\/wp-content\/uploads\/2025\/01\/472411285_10236008027487091_2949302519749832034_n.jpg 450w\" sizes=\"auto, (max-width: 225px) 100vw, 225px\" \/><\/a>\n\t\t\t\t<\/dt><\/dl><dl class='gallery-item'>\n\t\t\t\t<dt class='gallery-icon portrait'>\n\t\t\t\t\t<a class=\"rollover rollover-zoom dt-pswp-item\" title=\"472720377_10236008027407089_1274557076772996411_n\" data-dt-img-description=\"\" data-large_image_width=\"450\" data-large_image_height=\"600\"href='https:\/\/www.radiopiu.net\/wordpress\/wp-content\/uploads\/2025\/01\/472720377_10236008027407089_1274557076772996411_n.jpg'><img loading=\"lazy\" decoding=\"async\" width=\"225\" height=\"300\" src=\"https:\/\/www.radiopiu.net\/wordpress\/wp-content\/uploads\/2025\/01\/472720377_10236008027407089_1274557076772996411_n-225x300.jpg\" class=\"attachment-medium size-medium\" alt=\"\" srcset=\"https:\/\/www.radiopiu.net\/wordpress\/wp-content\/uploads\/2025\/01\/472720377_10236008027407089_1274557076772996411_n-225x300.jpg 225w, https:\/\/www.radiopiu.net\/wordpress\/wp-content\/uploads\/2025\/01\/472720377_10236008027407089_1274557076772996411_n.jpg 450w\" sizes=\"auto, (max-width: 225px) 100vw, 225px\" \/><\/a>\n\t\t\t\t<\/dt><\/dl><br style=\"clear: both\" \/>\n\t\t\t<\/div>\n\n<div dir=\"auto\"><\/div>\n<\/div>\n<\/div>\n","protected":false},"excerpt":{"rendered":"<p>** &nbsp; CANALE D&#8217;AGORDO Stefania Alfonsi\u00c8 la stessa storia ogni anno. Il contenitore di Canale, unico per tutta la vallata, \u00e8 insufficiente, in periodo di forte afflusso turistico. La raccolta porta a porta andrebbe potenziata, in questo periodo. Non \u00e8 possibile passare a raccogliere il secco solo il 26\/12 e poi il 09\/01, se la&hellip;<\/p>\n","protected":false},"author":4,"featured_media":428458,"comment_status":"closed","ping_status":"closed","sticky":false,"template":"","format":"standard","meta":{"_monsterinsights_skip_tracking":false,"_monsterinsights_sitenote_active":false,"_monsterinsights_sitenote_note":"","_monsterinsights_sitenote_category":0,"footnotes":""},"categories":[51,49],"tags":[],"class_list":["post-428456","post","type-post","status-publish","format-standard","has-post-thumbnail","hentry","category-evidenza-top","category-news-18","category-51","category-49","description-off"],"img_url":"https:\/\/www.radiopiu.net\/wordpress\/wp-content\/uploads\/2025\/01\/472210419_10160859275518434_6671609083261720784_n.jpg","_links":{"self":[{"href":"https:\/\/www.radiopiu.net\/wordpress\/wp-json\/wp\/v2\/posts\/428456","targetHints":{"allow":["GET"]}}],"collection":[{"href":"https:\/\/www.radiopiu.net\/wordpress\/wp-json\/wp\/v2\/posts"}],"about":[{"href":"https:\/\/www.radiopiu.net\/wordpress\/wp-json\/wp\/v2\/types\/post"}],"author":[{"embeddable":true,"href":"https:\/\/www.radiopiu.net\/wordpress\/wp-json\/wp\/v2\/users\/4"}],"replies":[{"embeddable":true,"href":"https:\/\/www.radiopiu.net\/wordpress\/wp-json\/wp\/v2\/comments?post=428456"}],"version-history":[{"count":1,"href":"https:\/\/www.radiopiu.net\/wordpress\/wp-json\/wp\/v2\/posts\/428456\/revisions"}],"predecessor-version":[{"id":428461,"href":"https:\/\/www.radiopiu.net\/wordpress\/wp-json\/wp\/v2\/posts\/428456\/revisions\/428461"}],"wp:featuredmedia":[{"embeddable":true,"href":"https:\/\/www.radiopiu.net\/wordpress\/wp-json\/wp\/v2\/media\/428458"}],"wp:attachment":[{"href":"https:\/\/www.radiopiu.net\/wordpress\/wp-json\/wp\/v2\/media?parent=428456"}],"wp:term":[{"taxonomy":"category","embeddable":true,"href":"https:\/\/www.radiopiu.net\/wordpress\/wp-json\/wp\/v2\/categories?post=428456"},{"taxonomy":"post_tag","embeddable":true,"href":"https:\/\/www.radiopiu.net\/wordpress\/wp-json\/wp\/v2\/tags?post=428456"}],"curies":[{"name":"wp","href":"https:\/\/api.w.org\/{rel}","templated":true}]}}