{"id":428516,"date":"2025-01-08T05:52:46","date_gmt":"2025-01-08T04:52:46","guid":{"rendered":"https:\/\/www.radiopiu.net\/wordpress\/?p=428516"},"modified":"2025-01-08T06:09:04","modified_gmt":"2025-01-08T05:09:04","slug":"un-fiume-di-bene-per-frassene-la-comunita-risponde-con-solidarieta","status":"publish","type":"post","link":"https:\/\/www.radiopiu.net\/wordpress\/un-fiume-di-bene-per-frassene-la-comunita-risponde-con-solidarieta\/","title":{"rendered":"Un Fiume di Bene per Frassen\u00e8: la Comunit\u00e0 Risponde con Solidariet\u00e0"},"content":{"rendered":"<p>**<\/p>\n<p>&nbsp;<\/p>\n<p><strong><img loading=\"lazy\" decoding=\"async\" class=\"alignleft\" src=\"https:\/\/www.radiopiu.net\/wordpress\/wp-content\/uploads\/2020\/07\/e064d2b6-8625-40ed-9346-bc5fa19746bf.jpg\" width=\"198\" height=\"149\" \/>I Risultati della Raccolta Fondi<\/strong><br \/>\nAd oggi, grazie alla piattaforma Gofundme sono stati raccolti <strong>24.053 euro<\/strong>, mentre le donazioni dirette al parroco o sul conto della Parrocchia di Frassen\u00e8 ammontano a <strong>18.541 euro<\/strong>. Un risultato straordinario, che testimonia il cuore grande di questa comunit\u00e0 e di quanti, anche da lontano, hanno voluto fare la loro parte.<\/p>\n<p>Da quando, nel tardo pomeriggio di sabato 4 gennaio scorso, \u00e8 stata avviata la raccolta fondi per supportare le famiglie colpite dal recente incendio a Frassen\u00e8, abbiamo assistito a un autentico fiume di solidariet\u00e0 e generosit\u00e0. La comunit\u00e0, unita nel dolore e nel sostegno, ha mostrato il suo volto migliore.<\/p>\n<p><strong>Una Risposta Corale di Solidariet\u00e0<\/strong><br \/>\nCompaesani, cittadini di ogni estrazione sociale, sacerdoti e associazioni si sono mobilitati per sostenere le famiglie coinvolte, oltre che l\u2019Amministrazione comunale e la Parrocchia. Questi enti, ora, sono chiamati al delicato compito di gestire i rapporti e pianificare la ripartizione dei fondi in modo trasparente e rispettoso, garantendo che ogni gesto di generosit\u00e0 abbia un impatto significativo.<\/p>\n<p><strong>Un Segno di Gratitudine Condivisa<\/strong><br \/>\nAttraverso l\u2019emittente locale Radio Pi\u00f9, sono stati espressi i ringraziamenti pi\u00f9 sentiti, dando voce anche alle famiglie colpite, che hanno voluto manifestare direttamente la loro riconoscenza. Ogni donazione, piccola o grande, rappresenta un tassello fondamentale in questo percorso di ricostruzione, sia materiale che emotivo.<\/p>\n<p><strong>Un Messaggio di Speranza<\/strong><br \/>\nIl parroco don Fabiano Del Favero e il sindaco Giuseppe Schena, congiuntamente, hanno voluto rivolgere un ringraziamento a tutti coloro che hanno contribuito, sottolineando come ogni gesto di vicinanza sia stato accolto con profonda gratitudine.<\/p>\n<p>La strada verso la piena ricostruzione \u00e8 ancora lunga, ma il senso di comunit\u00e0 e la forza della solidariet\u00e0 rappresentano il faro che guider\u00e0 Frassen\u00e8 verso un futuro migliore.<\/p>\n<p>&nbsp;<\/p>\n<p>&nbsp;<\/p>\n<hr \/>\n<p>&nbsp;<\/p>\n","protected":false},"excerpt":{"rendered":"<p>** &nbsp; I Risultati della Raccolta Fondi Ad oggi, grazie alla piattaforma Gofundme sono stati raccolti 24.053 euro, mentre le donazioni dirette al parroco o sul conto della Parrocchia di Frassen\u00e8 ammontano a 18.541 euro. Un risultato straordinario, che testimonia il cuore grande di questa comunit\u00e0 e di quanti, anche da lontano, hanno voluto fare&hellip;<\/p>\n","protected":false},"author":4,"featured_media":150740,"comment_status":"closed","ping_status":"closed","sticky":false,"template":"","format":"standard","meta":{"_monsterinsights_skip_tracking":false,"_monsterinsights_sitenote_active":false,"_monsterinsights_sitenote_note":"","_monsterinsights_sitenote_category":0,"footnotes":""},"categories":[51,49],"tags":[],"class_list":["post-428516","post","type-post","status-publish","format-standard","has-post-thumbnail","hentry","category-evidenza-top","category-news-18","category-51","category-49","description-off"],"img_url":"https:\/\/www.radiopiu.net\/wordpress\/wp-content\/uploads\/2020\/07\/e064d2b6-8625-40ed-9346-bc5fa19746bf.jpg","_links":{"self":[{"href":"https:\/\/www.radiopiu.net\/wordpress\/wp-json\/wp\/v2\/posts\/428516","targetHints":{"allow":["GET"]}}],"collection":[{"href":"https:\/\/www.radiopiu.net\/wordpress\/wp-json\/wp\/v2\/posts"}],"about":[{"href":"https:\/\/www.radiopiu.net\/wordpress\/wp-json\/wp\/v2\/types\/post"}],"author":[{"embeddable":true,"href":"https:\/\/www.radiopiu.net\/wordpress\/wp-json\/wp\/v2\/users\/4"}],"replies":[{"embeddable":true,"href":"https:\/\/www.radiopiu.net\/wordpress\/wp-json\/wp\/v2\/comments?post=428516"}],"version-history":[{"count":1,"href":"https:\/\/www.radiopiu.net\/wordpress\/wp-json\/wp\/v2\/posts\/428516\/revisions"}],"predecessor-version":[{"id":428517,"href":"https:\/\/www.radiopiu.net\/wordpress\/wp-json\/wp\/v2\/posts\/428516\/revisions\/428517"}],"wp:featuredmedia":[{"embeddable":true,"href":"https:\/\/www.radiopiu.net\/wordpress\/wp-json\/wp\/v2\/media\/150740"}],"wp:attachment":[{"href":"https:\/\/www.radiopiu.net\/wordpress\/wp-json\/wp\/v2\/media?parent=428516"}],"wp:term":[{"taxonomy":"category","embeddable":true,"href":"https:\/\/www.radiopiu.net\/wordpress\/wp-json\/wp\/v2\/categories?post=428516"},{"taxonomy":"post_tag","embeddable":true,"href":"https:\/\/www.radiopiu.net\/wordpress\/wp-json\/wp\/v2\/tags?post=428516"}],"curies":[{"name":"wp","href":"https:\/\/api.w.org\/{rel}","templated":true}]}}