{"id":428565,"date":"2025-01-07T17:07:37","date_gmt":"2025-01-07T16:07:37","guid":{"rendered":"https:\/\/www.radiopiu.net\/wordpress\/?p=428565"},"modified":"2025-01-08T06:11:25","modified_gmt":"2025-01-08T05:11:25","slug":"un-nuovo-direttore-generale-per-cortinabanca","status":"publish","type":"post","link":"https:\/\/www.radiopiu.net\/wordpress\/un-nuovo-direttore-generale-per-cortinabanca\/","title":{"rendered":"UN NUOVO DIRETTORE GENERALE PER CORTINABANCA"},"content":{"rendered":"<p>******<\/p>\n<p>&nbsp;<\/p>\n<p><strong><a class=\"dt-pswp-item\" href=\"https:\/\/www.radiopiu.net\/wordpress\/wp-content\/uploads\/2025\/01\/Ex-Direttore-Lacedelli-Roberto-e-Direttore-Generale-Bernardi-Nicola.jpg\" data-dt-img-description=\"\" data-large_image_width=\"1737\" data-large_image_height=\"1365\"><img loading=\"lazy\" decoding=\"async\" class=\" wp-image-428566 alignleft\" src=\"https:\/\/www.radiopiu.net\/wordpress\/wp-content\/uploads\/2025\/01\/Ex-Direttore-Lacedelli-Roberto-e-Direttore-Generale-Bernardi-Nicola-300x236.jpg\" alt=\"\" width=\"197\" height=\"155\" srcset=\"https:\/\/www.radiopiu.net\/wordpress\/wp-content\/uploads\/2025\/01\/Ex-Direttore-Lacedelli-Roberto-e-Direttore-Generale-Bernardi-Nicola-300x236.jpg 300w, https:\/\/www.radiopiu.net\/wordpress\/wp-content\/uploads\/2025\/01\/Ex-Direttore-Lacedelli-Roberto-e-Direttore-Generale-Bernardi-Nicola-1024x805.jpg 1024w, https:\/\/www.radiopiu.net\/wordpress\/wp-content\/uploads\/2025\/01\/Ex-Direttore-Lacedelli-Roberto-e-Direttore-Generale-Bernardi-Nicola-768x604.jpg 768w, https:\/\/www.radiopiu.net\/wordpress\/wp-content\/uploads\/2025\/01\/Ex-Direttore-Lacedelli-Roberto-e-Direttore-Generale-Bernardi-Nicola-1536x1207.jpg 1536w, https:\/\/www.radiopiu.net\/wordpress\/wp-content\/uploads\/2025\/01\/Ex-Direttore-Lacedelli-Roberto-e-Direttore-Generale-Bernardi-Nicola.jpg 1737w\" sizes=\"auto, (max-width: 197px) 100vw, 197px\" \/><\/a>CORTINA D&#8217;AMPEZZO <\/strong>CORTINABANCA ha un nuovo Direttore Generale dal primo gennaio 2025, a seguito del pensionamento del dott. Roberto Lacedelli, che ha dedicato 38 anni di servizio all\u2019istituto di credito di Cortina. La sua leadership e il suo impegno hanno contribuito in modo significativo alla crescita e al successo della banca. Nel salutare i dipendenti, Roberto Lacedelli ha espresso il suo pi\u00f9 sincero ringraziamento a tutti per la loro dedizione e il loro impegno costante. &#8220;<em>\u00c8 stato un privilegio lavorare con un gruppo cos\u00ec straordinario. Il vostro supporto e la vostra professionalit\u00e0 sono stati fondamentali per il nostro successo.<\/em>&#8220;, queste le parole dell\u2019ex Direttore. Il suo ruolo \u00e8 stato assunto da Nicola Bernardi, un manager trevigiano che vanta un lungo percorso professionale interamente vissuto nel mondo del credito cooperativo. Il Consiglio di Amministrazione, per esperienza e caratteristiche, lo ha individuato come profilo ideale per guidare l\u2019operativit\u00e0 della banca verso nuovi traguardi. \u201c<em>La mia \u00e8 stata una scelta di valori<\/em>\u201d, riferisce il nuovo Direttore, \u201c<em>CORTINABANCA ha custodito e preservato al meglio il senso profondo della mission statutaria del credito cooperativo e quindi di una finanza a servizio delle comunit\u00e0.<\/em>\u201d Le priorit\u00e0 che vuole portare avanti da subito riguardano la valorizzazione delle risorse umane e l\u2019avvio di un approccio attivo nella relazione con i Soci e con i Clienti. \u201c<em>Il mondo attorno a noi nei prossimi anni cambier\u00e0 ad una velocit\u00e0 che difficilmente oggi riusciamo ad immaginare: l\u2019unico vero antidoto per adattarsi senza subirlo sar\u00e0 quello di curare costantemente la propria crescita umana e professionale.<\/em>\u201d L\u2019obiettivo a lungo termine \u00e8 quello di accompagnare CORTINABANCA nel proprio percorso di rafforzamento dei valori fondanti, nell\u2019ambito di una innovazione dei metodi e degli strumenti, e di servire i suoi clienti con la stessa dedizione e professionalit\u00e0, che da sempre l\u2019hanno contraddistinta. Un ringraziamento a Roberto Lacedelli per il suo importante contributo arriva da CORTINABANCA, per il tramite del suo Presidente Massimo Antonelli, con gli auguri a Nicola Bernardi per il suo nuovo incarico.<\/p>\n<p>&nbsp;<\/p>\n<p>&nbsp;<\/p>\n<p>&nbsp;<\/p>\n<p>*******<\/p>\n","protected":false},"excerpt":{"rendered":"<p>****** &nbsp; CORTINA D&#8217;AMPEZZO CORTINABANCA ha un nuovo Direttore Generale dal primo gennaio 2025, a seguito del pensionamento del dott. Roberto Lacedelli, che ha dedicato 38 anni di servizio all\u2019istituto di credito di Cortina. La sua leadership e il suo impegno hanno contribuito in modo significativo alla crescita e al successo della banca. Nel salutare&hellip;<\/p>\n","protected":false},"author":4,"featured_media":428566,"comment_status":"closed","ping_status":"closed","sticky":false,"template":"","format":"standard","meta":{"_monsterinsights_skip_tracking":false,"_monsterinsights_sitenote_active":false,"_monsterinsights_sitenote_note":"","_monsterinsights_sitenote_category":0,"footnotes":""},"categories":[104,49],"tags":[],"class_list":["post-428565","post","type-post","status-publish","format-standard","has-post-thumbnail","hentry","category-evidenza_3","category-news-18","category-104","category-49","description-off"],"img_url":"https:\/\/www.radiopiu.net\/wordpress\/wp-content\/uploads\/2025\/01\/Ex-Direttore-Lacedelli-Roberto-e-Direttore-Generale-Bernardi-Nicola.jpg","_links":{"self":[{"href":"https:\/\/www.radiopiu.net\/wordpress\/wp-json\/wp\/v2\/posts\/428565","targetHints":{"allow":["GET"]}}],"collection":[{"href":"https:\/\/www.radiopiu.net\/wordpress\/wp-json\/wp\/v2\/posts"}],"about":[{"href":"https:\/\/www.radiopiu.net\/wordpress\/wp-json\/wp\/v2\/types\/post"}],"author":[{"embeddable":true,"href":"https:\/\/www.radiopiu.net\/wordpress\/wp-json\/wp\/v2\/users\/4"}],"replies":[{"embeddable":true,"href":"https:\/\/www.radiopiu.net\/wordpress\/wp-json\/wp\/v2\/comments?post=428565"}],"version-history":[{"count":1,"href":"https:\/\/www.radiopiu.net\/wordpress\/wp-json\/wp\/v2\/posts\/428565\/revisions"}],"predecessor-version":[{"id":428567,"href":"https:\/\/www.radiopiu.net\/wordpress\/wp-json\/wp\/v2\/posts\/428565\/revisions\/428567"}],"wp:featuredmedia":[{"embeddable":true,"href":"https:\/\/www.radiopiu.net\/wordpress\/wp-json\/wp\/v2\/media\/428566"}],"wp:attachment":[{"href":"https:\/\/www.radiopiu.net\/wordpress\/wp-json\/wp\/v2\/media?parent=428565"}],"wp:term":[{"taxonomy":"category","embeddable":true,"href":"https:\/\/www.radiopiu.net\/wordpress\/wp-json\/wp\/v2\/categories?post=428565"},{"taxonomy":"post_tag","embeddable":true,"href":"https:\/\/www.radiopiu.net\/wordpress\/wp-json\/wp\/v2\/tags?post=428565"}],"curies":[{"name":"wp","href":"https:\/\/api.w.org\/{rel}","templated":true}]}}