{"id":428622,"date":"2025-01-09T05:41:19","date_gmt":"2025-01-09T04:41:19","guid":{"rendered":"https:\/\/www.radiopiu.net\/wordpress\/?p=428622"},"modified":"2025-01-09T08:59:19","modified_gmt":"2025-01-09T07:59:19","slug":"giornale-radiopiu-09-gennaio-2025-direttore-mirko-mezzacasada-41-anni-25-giugno-1983-25-giugno-2024","status":"publish","type":"post","link":"https:\/\/www.radiopiu.net\/wordpress\/giornale-radiopiu-09-gennaio-2025-direttore-mirko-mezzacasada-41-anni-25-giugno-1983-25-giugno-2024\/","title":{"rendered":"GIORNALE RADIOPIU 09 GENNAIO 2025 DIRETTORE MIRKO MEZZACASA\u2026DA 41 ANNI 25 GIUGNO 1983-25 GIUGNO 2024"},"content":{"rendered":"<p>********<\/p>\n<p>&nbsp;<\/p>\n<p><em><span style=\"color: #ff0000;\"><a class=\"dt-pswp-item\" href=\"https:\/\/www.radiopiu.net\/wordpress\/wp-content\/uploads\/2024\/10\/Senza-nome-8.png\" data-dt-img-description=\"\" data-large_image_width=\"343\" data-large_image_height=\"303\"><img loading=\"lazy\" decoding=\"async\" class=\"wp-image-412130 alignleft\" src=\"https:\/\/www.radiopiu.net\/wordpress\/wp-content\/uploads\/2024\/10\/Senza-nome-8-300x265.png\" alt=\"\" width=\"105\" height=\"93\" srcset=\"https:\/\/www.radiopiu.net\/wordpress\/wp-content\/uploads\/2024\/10\/Senza-nome-8-300x265.png 300w, https:\/\/www.radiopiu.net\/wordpress\/wp-content\/uploads\/2024\/10\/Senza-nome-8.png 343w\" sizes=\"auto, (max-width: 105px) 100vw, 105px\" \/><\/a><\/span><\/em><strong><em><span style=\"color: #ff0000;\"> LA\u00a0 APP PER IOS-IPHONE di Nicola Vettorello<\/span><\/em><\/strong><\/p>\n<p><strong><span style=\"color: #0000ff;\"><a style=\"color: #0000ff;\" href=\"https:\/\/apps.apple.com\/it\/app\/radio-pi%C3%B9-emittente-agordina\/id1515939845\">https:\/\/apps.apple.com\/it\/app\/radio-pi%C3%B9-emittente-agordina\/id1515939845<\/a><\/span><\/strong><\/p>\n<p><strong><em style=\"color: #ff0000;\">LA\u00a0 APP RADIO\u00a0 PER ANDROID di Nicola Vettorello<\/em><\/strong><\/p>\n<p><strong><span style=\"color: #0000ff;\"><a style=\"color: #0000ff;\" href=\"https:\/\/play.google.com\/store\/apps\/details?id=net.radiopiu.iniko\" target=\"_blank\" rel=\"noopener noreferrer\">https:\/\/<\/a><a style=\"color: #0000ff;\" href=\"https:\/\/play.google.com\/store\/apps\/details?id=net.radiopiu.iniko\" target=\"_blank\" rel=\"noopener noreferrer\">play.google.com\/store\/apps\/details?id=net.radiopiu.iniko\u00a0\u00a0\u00a0<\/a><\/span><\/strong><\/p>\n<p>&nbsp;<\/p>\n<p>&nbsp;<\/p>\n<p>&nbsp;<\/p>\n<hr \/>\n<p>&nbsp;<\/p>\n<p><span style=\"color: #ff0000;\"><strong>OGGI ALLA RADIO:\u00a0<\/strong><\/span><\/p>\n<p><strong>rassegna stampa nazionale,<\/strong> ogni giorno alle 5 e alle 6 del mattino.<br \/>\ngiornali locali 7 rassegna stampa flash, 8 rassegna stampa, gr flash alle 10 e alle 11, principale 12.30. Informazione pomeriggio ogni ora fino alle 20, in coda ai notiziari nazionali. Giornale radio nazionale: ogni ora dalle 4 del mattino, alle 20 della sera. Alle 19 le anticipazioni dal TG di Antenna 3 di Tiziana Bolognani.<\/p>\n<p><strong><a class=\"dt-pswp-item\" href=\"https:\/\/www.radiopiu.net\/wordpress\/wp-content\/uploads\/2025\/01\/472829941_2932303353603930_5999186272928033279_n.jpg\" data-dt-img-description=\"\" data-large_image_width=\"526\" data-large_image_height=\"580\"><img loading=\"lazy\" decoding=\"async\" class=\" wp-image-428740 alignleft\" src=\"https:\/\/www.radiopiu.net\/wordpress\/wp-content\/uploads\/2025\/01\/472829941_2932303353603930_5999186272928033279_n-272x300.jpg\" alt=\"\" width=\"204\" height=\"225\" srcset=\"https:\/\/www.radiopiu.net\/wordpress\/wp-content\/uploads\/2025\/01\/472829941_2932303353603930_5999186272928033279_n-272x300.jpg 272w, https:\/\/www.radiopiu.net\/wordpress\/wp-content\/uploads\/2025\/01\/472829941_2932303353603930_5999186272928033279_n.jpg 526w\" sizes=\"auto, (max-width: 204px) 100vw, 204px\" \/><\/a>OGGI ALLE 10.30<\/strong> IL PRIMO APPUNTAMENTO CON MARIA RITA GENTILIN, SPI CGIL BELLUNO quindicinale appuntamento alla Radio, il giovedi alle 10.30<br \/>\n<strong>ALLE 10.10<\/strong> COSA GUARDO STASERA IN TV&#8230; CON PAOLA LANCIATO. DALLE PIATTAFORME TELEVISIVE ON DEMAND.<\/p>\n<p><span style=\"color: #ff0000;\"><strong>e alle 15.10&#8230; RITORNA TIME FOR ME&#8230; OSPITE Antonio Onorato<\/strong> <\/span>\u00e8 un chitarrista di fama internazionale. Ha suonato anche, tra tanti artisti famosi, con Pino Daniele, con il quale aveva un rapporto fraterno. Ha accettato volentieri di fare una chiacchierata con noi di <span class=\"html-span xdj266r x11i5rnm xat24cr x1mh8g0r xexx8yu x4uap5 x18d9i69 xkhd6sd x1hl2dhg x16tdsg8 x1vvkbs\"><a class=\"x1i10hfl xjbqb8w x1ejq31n xd10rxx x1sy0etr x17r0tee x972fbf xcfux6l x1qhh985 xm0m39n x9f619 x1ypdohk xt0psk2 xe8uvvx xdj266r x11i5rnm xat24cr x1mh8g0r xexx8yu x4uap5 x18d9i69 xkhd6sd x16tdsg8 x1hl2dhg xggy1nq x1a2a7pz x1sur9pj xkrqix3 x1fey0fg x1s688f\" tabindex=\"0\" role=\"link\" href=\"https:\/\/www.facebook.com\/groups\/61488111720\/user\/100064054659813\/?__cft__[0]=AZUerQhkC_FoXLj1UFec1ztYDX3BHn61iXH-u061Twy_e-_S1k2LR5WlcrDaEdWxnhjsx_ZNDmqwa4TFzYkAlMC79FHakQCvjByhy7kGCIQ8UmFVPvm876I5Mwnc2u73641tIvAA_hv8gEQwkLJWWq3HzfFHKBOBjCYh2kZKbeW0pbP2az6JSq31zN4CG1MH9VFDDdMtDcu_M3ZYZaCXKREctY1bP03yxVPThY0VaRWtmQ&amp;__tn__=-]K-y-R\"><span class=\"xt0psk2\">Radio Pi\u00f9<\/span><\/a><\/span> . \u00a0alle 15.10 e in replica alle 23.00<\/p>\n<p>&nbsp;<\/p>\n<p>&nbsp;<\/p>\n<p>&nbsp;<\/p>\n<hr \/>\n<p>&nbsp;<\/p>\n<p>&nbsp;<\/p>\n<div class=\"x11i5rnm xat24cr x1mh8g0r x1vvkbs xtlvy1s x126k92a\">\n<div dir=\"auto\">\n<div dir=\"auto\">\n<p><strong><a class=\"dt-pswp-item\" href=\"https:\/\/www.radiopiu.net\/wordpress\/wp-content\/uploads\/2024\/02\/2d44e751-d8a8-461b-8e22-d8e4e853b032.jpg\" data-dt-img-description=\"\" data-large_image_width=\"1600\" data-large_image_height=\"1200\"><img loading=\"lazy\" decoding=\"async\" class=\"wp-image-373307 alignleft\" src=\"https:\/\/www.radiopiu.net\/wordpress\/wp-content\/uploads\/2024\/02\/2d44e751-d8a8-461b-8e22-d8e4e853b032-300x225.jpg\" alt=\"\" width=\"105\" height=\"79\" srcset=\"https:\/\/www.radiopiu.net\/wordpress\/wp-content\/uploads\/2024\/02\/2d44e751-d8a8-461b-8e22-d8e4e853b032-300x225.jpg 300w, https:\/\/www.radiopiu.net\/wordpress\/wp-content\/uploads\/2024\/02\/2d44e751-d8a8-461b-8e22-d8e4e853b032-1024x768.jpg 1024w, https:\/\/www.radiopiu.net\/wordpress\/wp-content\/uploads\/2024\/02\/2d44e751-d8a8-461b-8e22-d8e4e853b032-768x576.jpg 768w, https:\/\/www.radiopiu.net\/wordpress\/wp-content\/uploads\/2024\/02\/2d44e751-d8a8-461b-8e22-d8e4e853b032-1536x1152.jpg 1536w, https:\/\/www.radiopiu.net\/wordpress\/wp-content\/uploads\/2024\/02\/2d44e751-d8a8-461b-8e22-d8e4e853b032.jpg 1600w\" sizes=\"auto, (max-width: 105px) 100vw, 105px\" \/><\/a>EL BAL DEL FIOR, DI GIULIANA DA RONCH, 09 GENNAIO<\/strong><strong> 2025<\/strong><\/p>\n<\/div>\n<\/div>\n<\/div>\n<div class=\"x11i5rnm xat24cr x1mh8g0r x1vvkbs xtlvy1s x126k92a\">\n<audio class=\"wp-audio-shortcode\" id=\"audio-428622-1\" preload=\"none\" style=\"width: 100%;\" controls=\"controls\"><source type=\"audio\/mpeg\" src=\"https:\/\/www.radiopiu.net\/wordpress\/wp-content\/uploads\/2025\/01\/GGI.mp3?_=1\" \/><a href=\"https:\/\/www.radiopiu.net\/wordpress\/wp-content\/uploads\/2025\/01\/GGI.mp3\">https:\/\/www.radiopiu.net\/wordpress\/wp-content\/uploads\/2025\/01\/GGI.mp3<\/a><\/audio>\n<p>&nbsp;<\/p>\n<p>&nbsp;<\/p>\n<hr \/>\n<p>&nbsp;<\/p>\n<p>&nbsp;<\/p>\n<blockquote>\n<h1><strong><a class=\"dt-pswp-item\" href=\"https:\/\/www.radiopiu.net\/wordpress\/wp-content\/uploads\/2024\/10\/629301fd-708d-4f53-95c2-d28cbefd500f.jpg\" data-dt-img-description=\"\" data-large_image_width=\"1600\" data-large_image_height=\"1322\"><img loading=\"lazy\" decoding=\"async\" class=\"wp-image-413782 alignright\" src=\"https:\/\/www.radiopiu.net\/wordpress\/wp-content\/uploads\/2024\/10\/629301fd-708d-4f53-95c2-d28cbefd500f-300x248.jpg\" alt=\"\" width=\"106\" height=\"88\" srcset=\"https:\/\/www.radiopiu.net\/wordpress\/wp-content\/uploads\/2024\/10\/629301fd-708d-4f53-95c2-d28cbefd500f-300x248.jpg 300w, https:\/\/www.radiopiu.net\/wordpress\/wp-content\/uploads\/2024\/10\/629301fd-708d-4f53-95c2-d28cbefd500f-1024x846.jpg 1024w, https:\/\/www.radiopiu.net\/wordpress\/wp-content\/uploads\/2024\/10\/629301fd-708d-4f53-95c2-d28cbefd500f-768x635.jpg 768w, https:\/\/www.radiopiu.net\/wordpress\/wp-content\/uploads\/2024\/10\/629301fd-708d-4f53-95c2-d28cbefd500f-1536x1269.jpg 1536w, https:\/\/www.radiopiu.net\/wordpress\/wp-content\/uploads\/2024\/10\/629301fd-708d-4f53-95c2-d28cbefd500f.jpg 1600w\" sizes=\"auto, (max-width: 106px) 100vw, 106px\" \/><\/a><\/strong><\/h1>\n<h1><strong><a class=\"dt-pswp-item\" href=\"https:\/\/www.radiopiu.net\/wordpress\/wp-content\/uploads\/2024\/11\/th-18.jpg\" data-dt-img-description=\"\" data-large_image_width=\"156\" data-large_image_height=\"180\"><img loading=\"lazy\" decoding=\"async\" class=\"size-full wp-image-421611 alignleft\" src=\"https:\/\/www.radiopiu.net\/wordpress\/wp-content\/uploads\/2024\/11\/th-18.jpg\" alt=\"\" width=\"156\" height=\"180\" \/><\/a><\/strong><\/h1>\n<h1><strong>N di parom &#8211; L Almanach de la nosta jent<\/strong><\/h1>\n<\/blockquote>\n<p>&nbsp;<\/p>\n<p>Le voci: Davide Conedera, Agordo, Michela Dell&#8217;Osbel, La Valle Agordina Simone Ganz, Falcade Veronica Lezuo, Colle Santa Lucia. La voce nella sigla \u00e8 di Giorgia Taio<\/p>\n<p><strong>LA PUNTATA DI OGGI, 09 GENNAIO 2025<\/strong><\/p>\n<audio class=\"wp-audio-shortcode\" id=\"audio-428622-2\" preload=\"none\" style=\"width: 100%;\" controls=\"controls\"><source type=\"audio\/mpeg\" src=\"https:\/\/www.radiopiu.net\/wordpress\/wp-content\/uploads\/2025\/01\/AL4.mp3?_=2\" \/><a href=\"https:\/\/www.radiopiu.net\/wordpress\/wp-content\/uploads\/2025\/01\/AL4.mp3\">https:\/\/www.radiopiu.net\/wordpress\/wp-content\/uploads\/2025\/01\/AL4.mp3<\/a><\/audio>\n<p>&nbsp;<\/p>\n<\/div>\n<div class=\"x11i5rnm xat24cr x1mh8g0r x1vvkbs xtlvy1s x126k92a\">\n<div dir=\"auto\">\n<p>&nbsp;<\/p>\n<hr \/>\n<\/div>\n<\/div>\n<blockquote>\n<blockquote>\n<h1><span style=\"color: #ff0000;\">\u00a0<\/span><\/h1>\n<h1><span style=\"color: #ff0000;\">I podcast informativi del mattino &#8211; audio &#8211;\u00a0\u00a0<\/span><\/h1>\n<\/blockquote>\n<p><strong><a class=\"dt-pswp-item\" href=\"https:\/\/www.radiopiu.net\/wordpress\/wp-content\/uploads\/2024\/11\/6.jpg\" data-dt-img-description=\"\" data-large_image_width=\"177\" data-large_image_height=\"180\"><img loading=\"lazy\" decoding=\"async\" class=\"size-full wp-image-417911 alignleft\" src=\"https:\/\/www.radiopiu.net\/wordpress\/wp-content\/uploads\/2024\/11\/6.jpg\" alt=\"\" width=\"177\" height=\"180\" \/><\/a>LA RASSEGNA STAMPA NAZIONALE ALLA RADIO, OGNI GIORNO ALLE 5 E ALLE 6 DEL MATTINO <span style=\"color: #0000ff;\">viene pubblicata alle 6.00 <span style=\"color: #ff0000;\">DIRETTA RADIO\u00a0 \u00a0\u00a0<\/span><\/span><\/strong><\/p><\/blockquote>\n<p>&nbsp;<\/p>\n<p><strong>NOTIZIE DELLA NOTTE<\/strong><\/p>\n<p><strong>Biden<\/strong> annulla il viaggio in Italia, priorit\u00e0 incendi Los Angeles <strong>Ucraina,<\/strong> media: ex soldato britannico ucciso da un drone russo <strong>Gaza<\/strong>, Israele: tre soldati morti nel nord della Striscia <strong>Borsa:<\/strong> Tokyo, apertura in lieve ribasso (-0,23%) <strong>Salgono a 5 le vittime<\/strong> degli incendi a Los Angeles <strong>Coppa Lega:<\/strong>Tottenham-Liverpool 1-0, Spurs&#8217;Bentancur \u00e8 cosciente&#8217;<\/p>\n<h2>AUDIO dalle 6 del mattino<\/h2>\n<audio class=\"wp-audio-shortcode\" id=\"audio-428622-3\" preload=\"none\" style=\"width: 100%;\" controls=\"controls\"><source type=\"audio\/mpeg\" src=\"https:\/\/www.radiopiu.net\/wordpress\/wp-content\/uploads\/2025\/01\/GIORNALEDELLESEI-5.mp3?_=3\" \/><a href=\"https:\/\/www.radiopiu.net\/wordpress\/wp-content\/uploads\/2025\/01\/GIORNALEDELLESEI-5.mp3\">https:\/\/www.radiopiu.net\/wordpress\/wp-content\/uploads\/2025\/01\/GIORNALEDELLESEI-5.mp3<\/a><\/audio>\n<p>&nbsp;<\/p>\n<p>&nbsp;<\/p>\n<hr \/>\n<p>&nbsp;<\/p>\n<h1 style=\"text-align: center;\"><span style=\"color: #ff0000;\"><a class=\"dt-pswp-item\" href=\"https:\/\/www.radiopiu.net\/wordpress\/wp-content\/uploads\/2024\/11\/7.jpg\" data-dt-img-description=\"\" data-large_image_width=\"180\" data-large_image_height=\"180\"><img loading=\"lazy\" decoding=\"async\" class=\"size-full wp-image-417912 alignleft\" src=\"https:\/\/www.radiopiu.net\/wordpress\/wp-content\/uploads\/2024\/11\/7.jpg\" alt=\"\" width=\"180\" height=\"180\" srcset=\"https:\/\/www.radiopiu.net\/wordpress\/wp-content\/uploads\/2024\/11\/7.jpg 180w, https:\/\/www.radiopiu.net\/wordpress\/wp-content\/uploads\/2024\/11\/7-150x150.jpg 150w\" sizes=\"auto, (max-width: 180px) 100vw, 180px\" \/><\/a>I podcast informativi del mattino &#8211; audio &#8211;\u00a0<\/span><\/h1>\n<p><strong>OGNI GIORNO ALLE SETTE DEL MATTINO, LA RASSEGNA STAMPA LOCALE FLASH&#8230; PER CHI VA IN FRETTA. I TITOLI DAI GIORNALI E DAL SITO WWW.RADIOPIU.NET <span style=\"color: #0000ff;\">viene pubblicato alle 7.00<\/span> <span style=\"color: #ff0000;\">DIRETTA RADIO\u00a0<\/span><\/strong><\/p>\n<p><em><span style=\"color: #ff0000;\">per chi va in fretta&#8230; tante notizie in pochi minuti. L&#8217;informazione locale alla radio, ogni ora dalle 7 del mattino alle 19 della sera.<\/span><\/em><\/p>\n<h1>AUDIO dalle 7 del mattino<\/h1>\n<audio class=\"wp-audio-shortcode\" id=\"audio-428622-4\" preload=\"none\" style=\"width: 100%;\" controls=\"controls\"><source type=\"audio\/mpeg\" src=\"https:\/\/www.radiopiu.net\/wordpress\/wp-content\/uploads\/2025\/01\/GF07-5.mp3?_=4\" \/><a href=\"https:\/\/www.radiopiu.net\/wordpress\/wp-content\/uploads\/2025\/01\/GF07-5.mp3\">https:\/\/www.radiopiu.net\/wordpress\/wp-content\/uploads\/2025\/01\/GF07-5.mp3<\/a><\/audio>\n<p>&nbsp;<\/p>\n<p>&nbsp;<\/p>\n<hr \/>\n<p>&nbsp;<\/p>\n<h1><\/h1>\n<h1 style=\"text-align: center;\"><span style=\"color: #ff0000;\"><a class=\"dt-pswp-item\" href=\"https:\/\/www.radiopiu.net\/wordpress\/wp-content\/uploads\/2024\/11\/th.jpg\" data-dt-img-description=\"\" data-large_image_width=\"148\" data-large_image_height=\"179\"><img loading=\"lazy\" decoding=\"async\" class=\"size-full wp-image-417913 alignleft\" src=\"https:\/\/www.radiopiu.net\/wordpress\/wp-content\/uploads\/2024\/11\/th.jpg\" alt=\"\" width=\"148\" height=\"179\" \/><\/a>I podcast informativi del mattino &#8211; audio &#8211;\u00a0<\/span><\/h1>\n<blockquote><p><strong>GIORNALE RADIO NAZIONALE, EDIZIONE DELLE SETTE <span style=\"color: #0000ff;\">viene pubblicato alle 7.05 <span style=\"color: #ff0000;\">DIRETTA RADIO\u00a0<\/span><\/span><\/strong><\/p><\/blockquote>\n<p><strong>il giornale radionazionale e&#8217; in onda ogni ora, dalle sette del mattino alle venti della sera\u00a0 \u00a0<\/strong><strong>\u00a0<\/strong><\/p>\n<p><strong>ROMA<\/strong> Lotta ai femminicidi Valditara e Cecchettin, intesa contro la violenza sulle donne <strong>REGGIO EMILIA<\/strong> &#8216;Violentata in un garage&#8217;, indaga la Polizia a Reggio Emilia La denuncia di una giovane donna <strong>TORINO<\/strong> La accoltella perch\u00e8 il suo cane abbaia troppo, grave una donna 72enne arrestato per tentato omicidio <strong>PALERMO\u00a0<\/strong>Estorsione al padre che s&#8217;uccide, 16enne arrestata col fidanzato <strong>SASSARI<\/strong> Chiesto il processo per il fratello di Becciu e per altri 8 La Procura di Sassari li accusa di peculato e riciclaggio in relazione all&#8217;inchiesta sui fondi della Santa Sede <b>\u00a0BARI <\/b>Neonato morto\u00a0 per l&#8217;autopsia c&#8217;\u00e8 &#8216;l&#8217;ipotesi ipotermia&#8217; Il piccolo trovato nella culla termica la mattina del 2 gennaio<\/p>\n<h2><span style=\"color: #ff0000;\"><span style=\"color: #0000ff;\">ULTIM&#8217;ORA<\/span> AUDIO dalle sette del mattino, ogni ora alla radio EDIZIONE DELLE SETTE<\/span><\/h2>\n<audio class=\"wp-audio-shortcode\" id=\"audio-428622-5\" preload=\"none\" style=\"width: 100%;\" controls=\"controls\"><source type=\"audio\/mpeg\" src=\"https:\/\/www.radiopiu.net\/wordpress\/wp-content\/uploads\/2025\/01\/giornale07-9.mp3?_=5\" \/><a href=\"https:\/\/www.radiopiu.net\/wordpress\/wp-content\/uploads\/2025\/01\/giornale07-9.mp3\">https:\/\/www.radiopiu.net\/wordpress\/wp-content\/uploads\/2025\/01\/giornale07-9.mp3<\/a><\/audio>\n<p>&nbsp;<\/p>\n<p>&nbsp;<\/p>\n<hr \/>\n<p>&nbsp;<\/p>\n<p>&nbsp;<\/p>\n<h1><span style=\"color: #ff0000;\"><a class=\"dt-pswp-item\" href=\"https:\/\/www.radiopiu.net\/wordpress\/wp-content\/uploads\/2024\/11\/8.jpg\" data-dt-img-description=\"\" data-large_image_width=\"180\" data-large_image_height=\"180\"><img loading=\"lazy\" decoding=\"async\" class=\"size-full wp-image-417910 alignleft\" src=\"https:\/\/www.radiopiu.net\/wordpress\/wp-content\/uploads\/2024\/11\/8.jpg\" alt=\"\" width=\"180\" height=\"180\" srcset=\"https:\/\/www.radiopiu.net\/wordpress\/wp-content\/uploads\/2024\/11\/8.jpg 180w, https:\/\/www.radiopiu.net\/wordpress\/wp-content\/uploads\/2024\/11\/8-150x150.jpg 150w\" sizes=\"auto, (max-width: 180px) 100vw, 180px\" \/><\/a>I podcast informativi del mattino &#8211; video &#8211;\u00a0<\/span><\/h1>\n<h2 style=\"text-align: left;\"><strong>RASSEGNA STAMPA LOCALE, ORE OTTO<\/strong><\/h2>\n<h2><strong> <span style=\"color: #0000ff;\">viene\u00a0 <\/span><\/strong><strong><span style=\"color: #0000ff;\">pubblicata alle 8.05 <span style=\"color: #ff0000;\">DIRETTA RADIO\u00a0 \u00a0<\/span><\/span><\/strong><strong>DI MIRKO MEZZACASA<\/strong><\/h2>\n<h2><span style=\"color: #ff0000;\"><strong>\u00a0<\/strong><\/span><span style=\"color: #ff0000;\"><strong>\u00a0<\/strong><\/span><span style=\"color: #ff0000;\"><strong>VIDEO\u00a0 \u00a0in diretta dalle 8 del mattino\u00a0 \u00a0per ASCOLTARE\u00a0<\/strong><\/span><\/h2>\n<blockquote>\n<h1 style=\"text-align: center;\"><iframe loading=\"lazy\" style=\"border: none; overflow: hidden;\" src=\"https:\/\/www.facebook.com\/plugins\/video.php?height=314&amp;href=https%3A%2F%2Fwww.facebook.com%2Fradiopiu%2Fvideos%2F601857492439728%2F&amp;show_text=false&amp;width=560&amp;t=0\" width=\"560\" height=\"314\" frameborder=\"0\" scrolling=\"no\" allowfullscreen=\"allowfullscreen\"><\/iframe><\/h1>\n<\/blockquote>\n\n\t\t\t<style type='text\/css'>\n\t\t\t\t#gallery-1 {\n\t\t\t\t\tmargin: auto;\n\t\t\t\t}\n\t\t\t\t#gallery-1 .gallery-item {\n\t\t\t\t\tfloat: left;\n\t\t\t\t\tmargin-top: 10px;\n\t\t\t\t\ttext-align: center;\n\t\t\t\t\twidth: 50%;\n\t\t\t\t}\n\t\t\t\t#gallery-1 img {\n\t\t\t\t\tborder: 2px solid #cfcfcf;\n\t\t\t\t}\n\t\t\t\t#gallery-1 .gallery-caption {\n\t\t\t\t\tmargin-left: 0;\n\t\t\t\t}\n\t\t\t\t\/* see gallery_shortcode() in wp-includes\/media.php *\/\n\t\t\t<\/style>\n\t\t<div id='gallery-1' class='dt-gallery-container gallery galleryid-428622 gallery-columns-2 gallery-size-thumbnail'><dl class='gallery-item'>\n\t\t\t\t<dt class='gallery-icon landscape'>\n\t\t\t\t\t<a class=\"rollover rollover-zoom dt-pswp-item\" title=\"coop1\" data-dt-img-description=\"\" data-large_image_width=\"577\" data-large_image_height=\"317\"href='https:\/\/www.radiopiu.net\/wordpress\/wp-content\/uploads\/2025\/01\/coop1-4.png'><img loading=\"lazy\" decoding=\"async\" width=\"150\" height=\"150\" src=\"https:\/\/www.radiopiu.net\/wordpress\/wp-content\/uploads\/2025\/01\/coop1-4-150x150.png\" class=\"attachment-thumbnail size-thumbnail\" alt=\"\" \/><\/a>\n\t\t\t\t<\/dt><\/dl><dl class='gallery-item'>\n\t\t\t\t<dt class='gallery-icon landscape'>\n\t\t\t\t\t<a class=\"rollover rollover-zoom dt-pswp-item\" title=\"coop2\" data-dt-img-description=\"\" data-large_image_width=\"560\" data-large_image_height=\"375\"href='https:\/\/www.radiopiu.net\/wordpress\/wp-content\/uploads\/2025\/01\/coop2-5.png'><img loading=\"lazy\" decoding=\"async\" width=\"150\" height=\"150\" src=\"https:\/\/www.radiopiu.net\/wordpress\/wp-content\/uploads\/2025\/01\/coop2-5-150x150.png\" class=\"attachment-thumbnail size-thumbnail\" alt=\"\" \/><\/a>\n\t\t\t\t<\/dt><\/dl><br style=\"clear: both\" \/>\n\t\t\t<\/div>\n\n<blockquote><p>&nbsp;<\/p><\/blockquote>\n<hr \/>\n<p>&nbsp;<\/p>\n<p>&nbsp;<\/p>\n<p><strong><a class=\"dt-pswp-item\" href=\"https:\/\/www.radiopiu.net\/wordpress\/wp-content\/uploads\/2023\/12\/ANTENNA.png\" data-dt-img-description=\"\" data-large_image_width=\"300\" data-large_image_height=\"166\"><img loading=\"lazy\" decoding=\"async\" class=\"wp-image-366306 alignright\" src=\"https:\/\/www.radiopiu.net\/wordpress\/wp-content\/uploads\/2023\/12\/ANTENNA.png\" alt=\"\" width=\"101\" height=\"56\" \/><\/a><a class=\"dt-pswp-item\" href=\"https:\/\/www.radiopiu.net\/wordpress\/wp-content\/uploads\/2024\/11\/th-17.jpg\" data-dt-img-description=\"\" data-large_image_width=\"224\" data-large_image_height=\"180\"><img loading=\"lazy\" decoding=\"async\" class=\" wp-image-421610 alignleft\" src=\"https:\/\/www.radiopiu.net\/wordpress\/wp-content\/uploads\/2024\/11\/th-17.jpg\" alt=\"\" width=\"167\" height=\"134\" \/><\/a>ogni sera alle 19 le anticipazioni alla radio, quello che poi seguirete nel TELEGIORNALE BELLUNESE\u00a0 in onda alle 19.30 sul CANALE 10 del digitale terrestre.\u00a0\u00a0<\/strong><\/p>\n<p>&nbsp;<\/p>\n<p><strong>IERI SERA, LE ANTICIPAZIONI DI TIZIANA BOLOGNANI<\/strong><\/p>\n<audio class=\"wp-audio-shortcode\" id=\"audio-428622-6\" preload=\"none\" style=\"width: 100%;\" controls=\"controls\"><source type=\"audio\/mpeg\" src=\"https:\/\/www.radiopiu.net\/wordpress\/wp-content\/uploads\/2025\/01\/ANTENNA3-4.mp3?_=6\" \/><a href=\"https:\/\/www.radiopiu.net\/wordpress\/wp-content\/uploads\/2025\/01\/ANTENNA3-4.mp3\">https:\/\/www.radiopiu.net\/wordpress\/wp-content\/uploads\/2025\/01\/ANTENNA3-4.mp3<\/a><\/audio>\n<p>&nbsp;<\/p>\n<hr \/>\n<p>&nbsp;<\/p>\n<blockquote>\n<h3>MALORE A VALLADA, INVESTITO UN PEDONE A SAN VITO DI CADORE<\/h3>\n<\/blockquote>\n<p><strong><a class=\"dt-pswp-item\" href=\"https:\/\/www.radiopiu.net\/wordpress\/wp-content\/uploads\/2024\/05\/e46e3a6b-235a-4041-a800-681d806aa674.jpg\" data-dt-img-description=\"\" data-large_image_width=\"1600\" data-large_image_height=\"1200\"><img loading=\"lazy\" decoding=\"async\" class=\" wp-image-388212 alignleft\" src=\"https:\/\/www.radiopiu.net\/wordpress\/wp-content\/uploads\/2024\/05\/e46e3a6b-235a-4041-a800-681d806aa674-300x225.jpg\" alt=\"\" width=\"197\" height=\"148\" srcset=\"https:\/\/www.radiopiu.net\/wordpress\/wp-content\/uploads\/2024\/05\/e46e3a6b-235a-4041-a800-681d806aa674-300x225.jpg 300w, https:\/\/www.radiopiu.net\/wordpress\/wp-content\/uploads\/2024\/05\/e46e3a6b-235a-4041-a800-681d806aa674-1024x768.jpg 1024w, https:\/\/www.radiopiu.net\/wordpress\/wp-content\/uploads\/2024\/05\/e46e3a6b-235a-4041-a800-681d806aa674-768x576.jpg 768w, https:\/\/www.radiopiu.net\/wordpress\/wp-content\/uploads\/2024\/05\/e46e3a6b-235a-4041-a800-681d806aa674-1536x1152.jpg 1536w, https:\/\/www.radiopiu.net\/wordpress\/wp-content\/uploads\/2024\/05\/e46e3a6b-235a-4041-a800-681d806aa674.jpg 1600w\" sizes=\"auto, (max-width: 197px) 100vw, 197px\" \/><\/a>REDAZIONE<\/strong> Nelle ultime 24 ore, la Centrale Operativa SUEM 118 dell\u2019Azienda ULSS 1 Dolomiti ha gestito quattro interventi di emergenza. Alle 10:58 ad Arabba, un uomo di 43 anni \u00e8 caduto sugli sci sulla pista Cherz ed \u00e8 stato trasportato a Belluno con l\u2019elicottero Falco 2. Alle 12:19 a Cortina, sulla pista Tofana, un uomo di 58 anni \u00e8 stato soccorso per una caduta sugli sci e trasferito a Belluno con Falco 1. Alle 13:42 a Vallada Agordina, una donna di 87 anni ha avuto un malore ed \u00e8 stata portata in ospedale con Falco 2. Infine, alle 16:27 a San Vito di Cadore, un pedone di 50 anni \u00e8 stato investito e trasferito a Belluno con Falco 1. Nell&#8217;ultima giornata sono stati 6 gli interventi sulle piste dei comprensori sciistici bellunesi.<\/p>\n<p>&nbsp;<\/p>\n<p>&nbsp;<\/p>\n<hr \/>\n<p>&nbsp;<\/p>\n<blockquote>\n<h2>&#8220;Emergenza sulle piste: soccorso provvidenziale salva la vita a una sciatrice a Selva di Cadore&#8221;<\/h2>\n<\/blockquote>\n<p><strong>SELVA DI CADORE<\/strong><\/p>\n<p><a class=\"dt-pswp-item\" href=\"https:\/\/www.radiopiu.net\/wordpress\/wp-content\/uploads\/2025\/01\/PHOTO-2025-01-08-08-13-29.jpg\" data-dt-img-description=\"\" data-large_image_width=\"2048\" data-large_image_height=\"1536\"><img loading=\"lazy\" decoding=\"async\" class=\" wp-image-428661 alignleft\" src=\"https:\/\/www.radiopiu.net\/wordpress\/wp-content\/uploads\/2025\/01\/PHOTO-2025-01-08-08-13-29-300x225.jpg\" alt=\"\" width=\"207\" height=\"155\" srcset=\"https:\/\/www.radiopiu.net\/wordpress\/wp-content\/uploads\/2025\/01\/PHOTO-2025-01-08-08-13-29-300x225.jpg 300w, https:\/\/www.radiopiu.net\/wordpress\/wp-content\/uploads\/2025\/01\/PHOTO-2025-01-08-08-13-29-1024x768.jpg 1024w, https:\/\/www.radiopiu.net\/wordpress\/wp-content\/uploads\/2025\/01\/PHOTO-2025-01-08-08-13-29-768x576.jpg 768w, https:\/\/www.radiopiu.net\/wordpress\/wp-content\/uploads\/2025\/01\/PHOTO-2025-01-08-08-13-29-1536x1152.jpg 1536w, https:\/\/www.radiopiu.net\/wordpress\/wp-content\/uploads\/2025\/01\/PHOTO-2025-01-08-08-13-29.jpg 2048w\" sizes=\"auto, (max-width: 207px) 100vw, 207px\" \/><\/a>Momenti di tensione il 30 dicembre a Selva di Cadore, dove una donna di 70 anni ha accusato un malore cardiaco fuori dal \u201cRistoro Belvedere\u201d in Cima Fertazza. Alle 10.15, un uomo ha chiesto aiuto al Distaccamento Sciatori. Gli agenti di Polizia, constatata la gravit\u00e0 della situazione, hanno allertato il 118. Un elicottero con unit\u00e0 medica \u00e8 atterrato alle 10.38, grazie alla messa in sicurezza dell\u2019area. Dopo i primi soccorsi, la donna \u00e8 stata trasportata d\u2019urgenza all\u2019ospedale di Belluno per ischemia cardiaca. L\u2019intervento tempestivo e la collaborazione tra soccorritori si sono rivelati provvidenziali. La paziente \u00e8 ricoverata in terapia intensiva, ma fuori pericolo grazie all\u2019efficienza dell\u2019operazione.<\/p>\n<p>&nbsp;<\/p>\n<p>&nbsp;<\/p>\n<hr \/>\n<p>&nbsp;<\/p>\n<blockquote>\n<h2>IN MONOPATTINO SENZA CASCO: SANZIONATO<\/h2>\n<\/blockquote>\n<blockquote><p><em><strong>Polizia Locale di Belluno: prime sanzioni con le nuove norme sulla sicurezza stradale<\/strong><\/em><\/p><\/blockquote>\n<p><strong><img loading=\"lazy\" decoding=\"async\" class=\"alignleft\" src=\"https:\/\/www.radiopiu.net\/wordpress\/wp-content\/uploads\/2022\/12\/polizia-locale-belluno.jpg\" width=\"200\" height=\"119\" \/>BELLUNO<\/strong> La Polizia Locale di Belluno intensifica il suo impegno per la sicurezza stradale, applicando le nuove normative in vigore dal 14 dicembre 2024. Tra le prime violazioni accertate: un giovane multato per guida di monopattino senza casco (50 euro di sanzione, ridotta a 35 euro se pagata entro 5 giorni) e un conducente sanzionato per mancato uso della cintura di sicurezza, con 80 euro di multa (ridotta a 58,10 euro), 5 punti decurtati e patente sospesa per 7 giorni.<\/p>\n<blockquote><p><em>&#8220;Promuovere la cultura della sicurezza stradale \u00e8 essenziale&#8221;, ha dichiarato il comandante Antonio Codemo, sottolineando l&#8217;importanza di queste misure per ridurre incidenti e garantire il rispetto delle regole.\u00a0\u00a0<\/em><\/p>\n<p>&nbsp;<\/p><\/blockquote>\n<hr \/>\n<p>&nbsp;<\/p>\n<blockquote>\n<h2 style=\"text-align: left;\">Turista ammanettato dopo protesta sull\u2019etilometro: accusato di resistenza a pubblico ufficiale<\/h2>\n<\/blockquote>\n<p><strong>OGGI LA GIUDIZIARIA, SUL CORRIERE DELLE ALPI<\/strong><br \/>\n<strong>SINTESI, ARTICOLI DI GIGI SOSSO\u00a0<\/strong><\/p>\n<div class=\"flex max-w-full flex-col flex-grow\">\n<div class=\"min-h-8 text-message flex w-full flex-col items-end gap-2 whitespace-normal break-words text-start [.text-message+&amp;]:mt-5\" dir=\"auto\" data-message-author-role=\"assistant\" data-message-id=\"b1bf6f81-b94c-44d0-a370-c7ca1b03499d\" data-message-model-slug=\"gpt-4o\">\n<div class=\"flex w-full flex-col gap-1 empty:hidden first:pt-[3px]\">\n<div class=\"markdown prose w-full break-words dark:prose-invert dark\">\n<p><strong>LIVINALLONGO<\/strong> LT, turista trevigiano, \u00e8 stato accusato di <strong>resistenza a pubblico ufficiale<\/strong> dopo una lite con le forze dell&#8217;ordine ad Arabba. Sostiene che l\u2019alcoltest non funzionasse, negando atteggiamenti ostili.\u00a0 LT ha ricostruito la vicenda in maniera molto diversa. Per cominciare, chi c&#8217;era alla guida? Lui o la compagna? Secondo la polizia, ha avuto un comportamento provocatorio, culminato in una colluttazione. <em>&#8220;Ero talmente poco ostile da dare la mia disponibilit\u00e0 ad andare all&#8217;ospedale per un prelievo del sangue&#8221;. <\/em>ha detto. La prossima udienza \u00e8 fissata per il 19 febbraio.<\/p>\n<\/div>\n<\/div>\n<\/div>\n<\/div>\n<div class=\"mb-2 flex gap-3 empty:hidden -ml-2\">\n<div class=\"items-center justify-start rounded-xl p-1 flex\">\n<div class=\"flex items-center\">\n<div class=\"flex\"><\/div>\n<div class=\"flex items-center pb-0\"><\/div>\n<\/div>\n<\/div>\n<\/div>\n<blockquote><p><strong>Detenuto condannato per oltraggio al giudice durante un&#8217;udienza da remoto<\/strong><\/p><\/blockquote>\n<p><strong>BELLUNO<\/strong> Il detenuto tunisino\u00a0 del carcere di Baldenich, \u00e8 stato condannato a nove mesi di reclusione e al pagamento delle spese processuali per aver insultato un giudice durante un&#8217;udienza online nel 2021. L&#8217;episodio, nato da lamentele sul sovraffollamento carcerario, ha portato all\u2019interruzione dell\u2019udienza e a un successivo processo.<\/p>\n<p>&nbsp;<\/p>\n<blockquote><p><strong>Condannata per furto di cosmetici e articoli per animali a Feltre<\/strong><\/p><\/blockquote>\n<p><strong>FELTRE\u00a0<\/strong> \u00e8 stata condannata a nove mesi di reclusione e 200 euro di multa per furto aggravato nella farmacia Minciotti di Feltre. Nel 2021 aveva rubato cosmetici, mascherine e mangime per il cane. La sentenza include la sospensione condizionale della pena.<\/p>\n<div class=\"mb-2 flex gap-3 empty:hidden -ml-2\">\n<div class=\"items-center justify-start rounded-xl p-1 flex\">\n<div class=\"flex items-center\">\n<div class=\"flex\"><\/div>\n<\/div>\n<\/div>\n<\/div>\n<blockquote><p>&nbsp;<\/p><\/blockquote>\n<hr \/>\n<p>&nbsp;<\/p>\n<blockquote>\n<h2>LUTTI A BELLUNO, E&#8217; MANCATA PIERINA E DON ALBERTO<\/h2>\n<\/blockquote>\n<p><img loading=\"lazy\" decoding=\"async\" class=\"alignleft\" src=\"https:\/\/www.radiopiu.net\/wordpress\/wp-content\/uploads\/2025\/01\/Senza-nome-13.png\" width=\"188\" height=\"162\" \/><strong>BELLUNO<\/strong><\/p>\n<div class=\"flex max-w-full flex-col flex-grow\">\n<div class=\"min-h-8 text-message flex w-full flex-col items-end gap-2 whitespace-normal break-words text-start [.text-message+&amp;]:mt-5\" dir=\"auto\" data-message-author-role=\"assistant\" data-message-id=\"efcbfaf3-d625-4ab8-918d-ed7000371131\" data-message-model-slug=\"gpt-4o\">\n<div class=\"flex w-full flex-col gap-1 empty:hidden first:pt-[3px]\">\n<div class=\"markdown prose w-full break-words dark:prose-invert dark\">\n<p>Pierina Coletti, titolare del negozio di abbigliamento per bambini <strong>S&#8217;cius<\/strong> in piazza Duomo a Belluno, si \u00e8 spenta a 90 anni. Nota per la sua gentilezza e i preziosi consigli, la sua bottega era un simbolo del commercio di una volta. I funerali si terranno oggi alle 15 nella chiesa di Santo Stefano.<\/p>\n<\/div>\n<\/div>\n<\/div>\n<\/div>\n<p>&nbsp;<\/p>\n<p>&nbsp;<\/p>\n<p>&nbsp;<\/p>\n<p>&nbsp;<\/p>\n<p>&nbsp;<\/p>\n<hr \/>\n<blockquote><p><strong><a class=\"dt-pswp-item\" href=\"https:\/\/www.radiopiu.net\/wordpress\/wp-content\/uploads\/2025\/01\/Senza-nome-14.png\" data-dt-img-description=\"\" data-large_image_width=\"269\" data-large_image_height=\"272\"><img loading=\"lazy\" decoding=\"async\" class=\" wp-image-428747 alignleft\" src=\"https:\/\/www.radiopiu.net\/wordpress\/wp-content\/uploads\/2025\/01\/Senza-nome-14.png\" alt=\"\" width=\"150\" height=\"152\" \/><\/a>Addio a don Alberto Trevisan, ex direttore dell\u2019Istituto Agosti di Belluno<\/strong><\/p><\/blockquote>\n<p>Lutto nella provincia di Belluno per la scomparsa di <strong>don Alberto Trevisan<\/strong>, salesiano di 90 anni. Nato a Domegge nel 1934, aveva diretto l&#8217;Istituto Agosti di Belluno dal 2006 al 2009. Figura carismatica, \u00e8 ricordato per il suo impegno educativo e il rapporto moderno con i ragazzi. I funerali si terranno oggi a Pordenone; le ceneri riposeranno a Domegge.<\/p>\n<p>&nbsp;<\/p>\n<p>&nbsp;<\/p>\n<p>&nbsp;<\/p>\n<hr \/>\n<p>&nbsp;<\/p>\n<blockquote>\n<h3>Incendio distrugge quattro e-bike e danneggia un magazzino a Belluno<\/h3>\n<\/blockquote>\n<blockquote><p><em>Un possibile fenomeno di autocombustione per un singolare incendio che ha causato danni anche al vicino Big Mat di Barbante che ha il muro sul retro confinante con la propriet\u00e0 dove \u00e8 avvenuto il fatto<\/em><\/p><\/blockquote>\n<p><strong><img loading=\"lazy\" decoding=\"async\" class=\"alignleft\" src=\"https:\/\/www.radiopiu.net\/wordpress\/wp-content\/uploads\/2020\/01\/incendio-Locanda-Feltre.jpg\" width=\"141\" height=\"106\" \/>FELTRE<\/strong> Un incendio, un&#8217;ipotesi:\u00a0 causato dall\u2019autocombustione della batteria di un\u2019e-bike ha distrutto quattro biciclette elettriche e una casetta in PVC in viale Farra. Le fiamme, sviluppatesi senza alcuna ricarica in corso, hanno danneggiato anche il vicino magazzino Big Mat. Nessun ferito, ma i danni superano i 10.000 euro.<\/p>\n<p>FOTO ARCHIVIO RADIOPIU<\/p>\n<p>&nbsp;<\/p>\n<hr \/>\n<p>&nbsp;<\/p>\n<blockquote>\n<h2>Frassen\u00e8 di Voltago: fondi civici del legname per i lavori post-incendio<\/h2>\n<\/blockquote>\n<p><strong><img loading=\"lazy\" decoding=\"async\" class=\"alignleft\" src=\"https:\/\/www.radiopiu.net\/wordpress\/wp-content\/uploads\/2025\/01\/SCR-20250104-qcta.jpeg\" width=\"175\" height=\"138\" \/>VOLTAGO<\/strong> Il Comune di Voltago utilizzer\u00e0 i proventi della vendita del legname di uso civico di Frassen\u00e8 per finanziare i lavori di somma urgenza necessari dopo l\u2019incendio del 3-4 gennaio. Lo ha annunciato il sindaco Giuseppe Schena, precisando che i fondi saranno prelevati dal capitolo 405 del bilancio comunale.<\/p>\n<p>Intanto, prosegue la gara di solidariet\u00e0 per le famiglie colpite: la raccolta fondi su Gofundme ha superato i 26.000 euro con 67 donazioni, mentre \u00e8 attivo anche il conto comunale dedicato (IBAN: IT 60 S 08140 60980 0000061 62000, causale &#8220;Pro famiglie di Frassen\u00e8&#8221;). Un segnale di vicinanza concreta della comunit\u00e0 a chi \u00e8 stato colpito dalla tragedia.<\/p>\n<p>&nbsp;<\/p>\n<hr \/>\n<p>&nbsp;<\/p>\n<blockquote>\n<h3>COMITATO DI GEMELLAGGIO AGORDO-ZUGLIANO-DOLOMIEU<\/h3>\n<\/blockquote>\n<blockquote>\n<h3>Speciale &#8220;accoglienza offresi&#8221;<\/h3>\n<\/blockquote>\n<p><strong>di Mirko Mezzacasa<\/strong><\/p>\n<p><strong>ospiti, Claudia Cattadori, Fabrizio Campedel<\/strong><\/p>\n<audio class=\"wp-audio-shortcode\" id=\"audio-428622-7\" preload=\"none\" style=\"width: 100%;\" controls=\"controls\"><source type=\"audio\/mpeg\" src=\"https:\/\/www.radiopiu.net\/wordpress\/wp-content\/uploads\/2025\/01\/CLAUDIA-E-FABRIZIO-DOLOMIEU-ZUGLIANO.mp3?_=7\" \/><a href=\"https:\/\/www.radiopiu.net\/wordpress\/wp-content\/uploads\/2025\/01\/CLAUDIA-E-FABRIZIO-DOLOMIEU-ZUGLIANO.mp3\">https:\/\/www.radiopiu.net\/wordpress\/wp-content\/uploads\/2025\/01\/CLAUDIA-E-FABRIZIO-DOLOMIEU-ZUGLIANO.mp3<\/a><\/audio>\n<p>&nbsp;<\/p>\n<p><strong><a class=\"dt-pswp-item\" href=\"https:\/\/www.radiopiu.net\/wordpress\/wp-content\/uploads\/2025\/01\/Gruppo-visitaCastelloIMG-20230501-WA0102.jpg\" data-dt-img-description=\"\" data-large_image_width=\"1438\" data-large_image_height=\"848\"><img loading=\"lazy\" decoding=\"async\" class=\" wp-image-428161 alignleft\" src=\"https:\/\/www.radiopiu.net\/wordpress\/wp-content\/uploads\/2025\/01\/Gruppo-visitaCastelloIMG-20230501-WA0102-300x177.jpg\" alt=\"\" width=\"254\" height=\"150\" srcset=\"https:\/\/www.radiopiu.net\/wordpress\/wp-content\/uploads\/2025\/01\/Gruppo-visitaCastelloIMG-20230501-WA0102-300x177.jpg 300w, https:\/\/www.radiopiu.net\/wordpress\/wp-content\/uploads\/2025\/01\/Gruppo-visitaCastelloIMG-20230501-WA0102-1024x604.jpg 1024w, https:\/\/www.radiopiu.net\/wordpress\/wp-content\/uploads\/2025\/01\/Gruppo-visitaCastelloIMG-20230501-WA0102-768x453.jpg 768w, https:\/\/www.radiopiu.net\/wordpress\/wp-content\/uploads\/2025\/01\/Gruppo-visitaCastelloIMG-20230501-WA0102.jpg 1438w\" sizes=\"auto, (max-width: 254px) 100vw, 254px\" \/><\/a>AGORDO <\/strong>Il Comitato di Gemellaggio di Agordo \u00e8 lieto di annunciare che i nostri amici di Dolomieu (Francia) verranno ad Agordo dal 1\u00b0 al 4 maggio 2025 per celebrare i 20 anni di gemellaggio e il solido legame di amicizia che unisce le nostre due Comunit\u00e0. In occasione di questo importante anniversario, il Comitato di Gemellaggio \u00e8 alla ricerca di famiglie di Agordo e dei Comuni limitrofi che siano disponibili ad ospitare gli amici Francesi durante la loro visita. La disponibilit\u00e0 delle famiglie \u00e8 fondamentale per organizzare al meglio il soggiorno dei gemelli, in quanto le soluzioni logistiche richiedono che gli ospiti risiedano in zone facilmente raggiungibili per facilitare i trasporti. Chi fosse interessato a collaborare con il Comitato e ad ospitare una o pi\u00f9 persone, \u00e8 pregato di contattarci entro il 31 gennaio 2025 alla e-mail: <a href=\"mailto:cgemellaggio.agordo@libero.it\">cgemellaggio.agordo@libero.it<\/a> oppure al cell. 3489159626.<\/p>\n<p>&nbsp;<\/p>\n<hr \/>\n<p>&nbsp;<\/p>\n<blockquote>\n<h3 style=\"text-align: right;\"><strong>Dolomiti Bus: Trillo, un servizio sempre pi\u00f9 flessibile<\/strong><\/h3>\n<\/blockquote>\n<p><strong><a class=\"dt-pswp-item\" href=\"https:\/\/www.radiopiu.net\/wordpress\/wp-content\/uploads\/2025\/01\/Cs_DolomitiBus_Trillo_1ora-scaled.jpg\" data-dt-img-description=\"\" data-large_image_width=\"2560\" data-large_image_height=\"1707\"><img loading=\"lazy\" decoding=\"async\" class=\" wp-image-428682 alignleft\" src=\"https:\/\/www.radiopiu.net\/wordpress\/wp-content\/uploads\/2025\/01\/Cs_DolomitiBus_Trillo_1ora-300x200.jpg\" alt=\"\" width=\"203\" height=\"135\" srcset=\"https:\/\/www.radiopiu.net\/wordpress\/wp-content\/uploads\/2025\/01\/Cs_DolomitiBus_Trillo_1ora-300x200.jpg 300w, https:\/\/www.radiopiu.net\/wordpress\/wp-content\/uploads\/2025\/01\/Cs_DolomitiBus_Trillo_1ora-1024x683.jpg 1024w, https:\/\/www.radiopiu.net\/wordpress\/wp-content\/uploads\/2025\/01\/Cs_DolomitiBus_Trillo_1ora-768x512.jpg 768w, https:\/\/www.radiopiu.net\/wordpress\/wp-content\/uploads\/2025\/01\/Cs_DolomitiBus_Trillo_1ora-1536x1024.jpg 1536w, https:\/\/www.radiopiu.net\/wordpress\/wp-content\/uploads\/2025\/01\/Cs_DolomitiBus_Trillo_1ora-2048x1366.jpg 2048w\" sizes=\"auto, (max-width: 203px) 100vw, 203px\" \/><\/a>BELLUNO<\/strong> Il servizio a chiamata <strong>Trillo<\/strong>\u00a0ora consente prenotazioni fino a un\u2019ora prima della corsa, migliorando l\u2019accessibilit\u00e0 per gli utenti. Attivo dal giugno scorso, Trillo copre le aree urbane di Belluno e Feltre, oltre a diverse localit\u00e0 della Valbelluna e del Feltrino, con oltre 780 fermate. Operativo dal luned\u00ec al sabato, \u00e8 prenotabile tramite app o numero unico. \u00abLa maggiore flessibilit\u00e0 dimostra il nostro impegno per un trasporto innovativo e vicino alle esigenze del territorio\u00bb, ha dichiarato il presidente Andrea Biasiotto. Trillo rappresenta una soluzione moderna, utilizzabile con abbonamenti o biglietti, per migliorare la connessione tra le diverse zone.<\/p>\n<p>&nbsp;<\/p>\n<hr \/>\n<p>&nbsp;<\/p>\n<div class=\"flex-shrink-0 flex flex-col relative items-end\">\n<div class=\"pt-0\">\n<div class=\"gizmo-bot-avatar flex h-8 w-8 items-center justify-center overflow-hidden rounded-full\">\n<blockquote>\n<h3 class=\"relative p-1 rounded-sm flex items-center justify-center bg-token-main-surface-primary text-token-text-primary h-8 w-8\">PROROGATI I SEI BANDI DI CONCORSO PROMOSSI DAL COMUNE DI BELLUNO<\/h3>\n<\/blockquote>\n<div>\n<p><strong><a class=\"dt-pswp-item\" href=\"https:\/\/www.radiopiu.net\/wordpress\/wp-content\/uploads\/2022\/12\/PALAZZO-ROSSO.png\" data-dt-img-description=\"\" data-large_image_width=\"2076\" data-large_image_height=\"1328\"><img loading=\"lazy\" decoding=\"async\" class=\" wp-image-313801 alignleft\" src=\"https:\/\/www.radiopiu.net\/wordpress\/wp-content\/uploads\/2022\/12\/PALAZZO-ROSSO-300x192.png\" alt=\"\" width=\"202\" height=\"129\" srcset=\"https:\/\/www.radiopiu.net\/wordpress\/wp-content\/uploads\/2022\/12\/PALAZZO-ROSSO-300x192.png 300w, https:\/\/www.radiopiu.net\/wordpress\/wp-content\/uploads\/2022\/12\/PALAZZO-ROSSO-1024x655.png 1024w, https:\/\/www.radiopiu.net\/wordpress\/wp-content\/uploads\/2022\/12\/PALAZZO-ROSSO-768x491.png 768w, https:\/\/www.radiopiu.net\/wordpress\/wp-content\/uploads\/2022\/12\/PALAZZO-ROSSO-1536x983.png 1536w, https:\/\/www.radiopiu.net\/wordpress\/wp-content\/uploads\/2022\/12\/PALAZZO-ROSSO-2048x1310.png 2048w\" sizes=\"auto, (max-width: 202px) 100vw, 202px\" \/><\/a>BELLUNO<\/strong> Si chiuderanno a giorni i sei bandi di concorso promossi dal Comune di Belluno: dieci i posti di lavoro disponibili, ma \u00e8 sempre pi\u00f9 difficile trovare lavoratori, anche nel settore pubblico.<\/p>\n<p><strong>DI DANIELE DALVIT<\/strong><\/p>\n<audio class=\"wp-audio-shortcode\" id=\"audio-428622-8\" preload=\"none\" style=\"width: 100%;\" controls=\"controls\"><source type=\"audio\/mpeg\" src=\"https:\/\/www.radiopiu.net\/wordpress\/wp-content\/uploads\/2025\/01\/Servizio-Proroga-concorsi-Belluno.mp3?_=8\" \/><a href=\"https:\/\/www.radiopiu.net\/wordpress\/wp-content\/uploads\/2025\/01\/Servizio-Proroga-concorsi-Belluno.mp3\">https:\/\/www.radiopiu.net\/wordpress\/wp-content\/uploads\/2025\/01\/Servizio-Proroga-concorsi-Belluno.mp3<\/a><\/audio>\n<p>&nbsp;<\/p>\n<hr \/>\n<p>&nbsp;<\/p>\n<blockquote>\n<h3>IL CIRCOLO PENSIONATI LUXOTTICA IN AIUTO AD ASCA<\/h3>\n<\/blockquote>\n<p><strong><a class=\"dt-pswp-item\" href=\"https:\/\/www.radiopiu.net\/wordpress\/wp-content\/uploads\/2025\/01\/foto08012025.jpg\" data-dt-img-description=\"\" data-large_image_width=\"1200\" data-large_image_height=\"1600\"><img loading=\"lazy\" decoding=\"async\" class=\" wp-image-428716 alignleft\" src=\"https:\/\/www.radiopiu.net\/wordpress\/wp-content\/uploads\/2025\/01\/foto08012025-225x300.jpg\" alt=\"\" width=\"158\" height=\"211\" srcset=\"https:\/\/www.radiopiu.net\/wordpress\/wp-content\/uploads\/2025\/01\/foto08012025-225x300.jpg 225w, https:\/\/www.radiopiu.net\/wordpress\/wp-content\/uploads\/2025\/01\/foto08012025-768x1024.jpg 768w, https:\/\/www.radiopiu.net\/wordpress\/wp-content\/uploads\/2025\/01\/foto08012025-1152x1536.jpg 1152w, https:\/\/www.radiopiu.net\/wordpress\/wp-content\/uploads\/2025\/01\/foto08012025.jpg 1200w\" sizes=\"auto, (max-width: 158px) 100vw, 158px\" \/><\/a>AGORDO <\/strong>Nel corso degli ultimi mesi, un&#8217;importante iniziativa \u00e8 stata realizzata grazie alla collaborazione con il Circolo Pensionati Luxottica, che ha consentito l&#8217;acquisto di un&#8217;auto destinata alla consegna dei pasti a domicilio per le persone pi\u00f9 vulnerabili, supportando al contempo le attivit\u00e0 logistiche di ASCA. Grazie a questo prezioso contributo, il servizio di consegna dei pasti a domicilio per gli anziani fragili della Conca Agordina e della Valle del Biois sar\u00e0 ulteriormente potenziato. Dal luned\u00ec al venerd\u00ec, e in alcuni comuni anche il sabato, circa 115 anziani ricevono i pasti, con oltre 2.500 pasti distribuiti ogni mese lungo un percorso complessivo di circa 193 km. Oltre ai due operatori di ASCA che svolgono quotidianamente il giro di consegne, partecipano attivamente anche diverse associazioni di volontariato, tra cui il GAV e AUSER Val Biois, per un totale di circa 35 volontari. I pasti, preparati presso l&#8217;azienda EssilorLuxottica di Agordo, rappresentano un sostegno concreto per gli anziani fragili residenti nell&#8217;Agordino. Grazie alla dedizione delle associazioni di volontariato, \u00e8 possibile offrire un servizio fondamentale per la comunit\u00e0.<\/p>\n<p>&nbsp;<\/p>\n<p>&nbsp;<\/p>\n<hr \/>\n<p>&nbsp;<\/p>\n<blockquote>\n<h3><a class=\"dt-pswp-item\" href=\"https:\/\/www.radiopiu.net\/wordpress\/wp-content\/uploads\/2025\/01\/b71a4e48-0450-4839-996a-70a458079799.jpg\" data-dt-img-description=\"\" data-large_image_width=\"960\" data-large_image_height=\"720\"><img loading=\"lazy\" decoding=\"async\" class=\" wp-image-428725 alignleft\" src=\"https:\/\/www.radiopiu.net\/wordpress\/wp-content\/uploads\/2025\/01\/b71a4e48-0450-4839-996a-70a458079799-300x225.jpg\" alt=\"\" width=\"204\" height=\"153\" srcset=\"https:\/\/www.radiopiu.net\/wordpress\/wp-content\/uploads\/2025\/01\/b71a4e48-0450-4839-996a-70a458079799-300x225.jpg 300w, https:\/\/www.radiopiu.net\/wordpress\/wp-content\/uploads\/2025\/01\/b71a4e48-0450-4839-996a-70a458079799-768x576.jpg 768w, https:\/\/www.radiopiu.net\/wordpress\/wp-content\/uploads\/2025\/01\/b71a4e48-0450-4839-996a-70a458079799.jpg 960w\" sizes=\"auto, (max-width: 204px) 100vw, 204px\" \/><\/a>IL BILANCIO DELLE VACANZE DI NATALE SUL COMPRENSORIO DEL FALORIA<\/h3>\n<\/blockquote>\n<p><strong>PER LE TRE RADIO BARBARA PAOLAZZI<\/strong><\/p>\n<p>A pochi mesi dalla sua nomina a Direttore Generale di Faloria Spa, Renzo Minella traccia un primo bilancio del periodo natalizio nel comprensorio Faloria \u2013 Cristallo, tra soddisfazione, impegno e nuovi obiettivi.<\/p>\n<audio class=\"wp-audio-shortcode\" id=\"audio-428622-9\" preload=\"none\" style=\"width: 100%;\" controls=\"controls\"><source type=\"audio\/mpeg\" src=\"https:\/\/www.radiopiu.net\/wordpress\/wp-content\/uploads\/2025\/01\/PAOLAZZI-BILANCIO-COMPRENSORIO-FALORIA-MINELLA.mp3?_=9\" \/><a href=\"https:\/\/www.radiopiu.net\/wordpress\/wp-content\/uploads\/2025\/01\/PAOLAZZI-BILANCIO-COMPRENSORIO-FALORIA-MINELLA.mp3\">https:\/\/www.radiopiu.net\/wordpress\/wp-content\/uploads\/2025\/01\/PAOLAZZI-BILANCIO-COMPRENSORIO-FALORIA-MINELLA.mp3<\/a><\/audio>\n<p>&nbsp;<\/p>\n<p>&nbsp;<\/p>\n<hr \/>\n<p>&nbsp;<\/p>\n<\/div>\n<\/div>\n<\/div>\n<\/div>\n<div class=\"group\/conversation-turn relative flex w-full min-w-0 flex-col agent-turn\">\n<div class=\"flex-col gap-1 md:gap-3\">\n<div class=\"flex max-w-full flex-col flex-grow\">\n<div class=\"min-h-8 text-message flex w-full flex-col items-end gap-2 whitespace-normal break-words text-start [.text-message+&amp;]:mt-5\" dir=\"auto\" data-message-author-role=\"assistant\" data-message-id=\"d8f0fe22-bcb1-40f8-b239-9628caf063f2\" data-message-model-slug=\"gpt-4o\">\n<div class=\"flex w-full flex-col gap-1 empty:hidden first:pt-[3px]\">\n<div class=\"markdown prose w-full break-words dark:prose-invert dark\">\n<blockquote><p><strong>La Famiglia Bellunese del Nord Reno Westfalia porta gli auguri a Belluno<\/strong><\/p><\/blockquote>\n<p><strong><a class=\"dt-pswp-item\" href=\"https:\/\/www.radiopiu.net\/wordpress\/wp-content\/uploads\/2025\/01\/fam_abm_germania.jpg\" data-dt-img-description=\"\" data-large_image_width=\"1280\" data-large_image_height=\"640\"><img loading=\"lazy\" decoding=\"async\" class=\" wp-image-428688 alignleft\" src=\"https:\/\/www.radiopiu.net\/wordpress\/wp-content\/uploads\/2025\/01\/fam_abm_germania-300x150.jpg\" alt=\"\" width=\"292\" height=\"146\" srcset=\"https:\/\/www.radiopiu.net\/wordpress\/wp-content\/uploads\/2025\/01\/fam_abm_germania-300x150.jpg 300w, https:\/\/www.radiopiu.net\/wordpress\/wp-content\/uploads\/2025\/01\/fam_abm_germania-1024x512.jpg 1024w, https:\/\/www.radiopiu.net\/wordpress\/wp-content\/uploads\/2025\/01\/fam_abm_germania-768x384.jpg 768w, https:\/\/www.radiopiu.net\/wordpress\/wp-content\/uploads\/2025\/01\/fam_abm_germania.jpg 1280w\" sizes=\"auto, (max-width: 292px) 100vw, 292px\" \/><\/a>BELLUNO<\/strong> La <strong>Famiglia Bellunese del Nord Reno Westfalia e Germania<\/strong>, guidata dal presidente Riccardo Simonetti, ha visitato il vescovo Renato Marangoni e il prefetto Antonello Roccoberton per portare gli auguri di buon anno. Durante gli incontri, \u00e8 stata sottolineata l&#8217;importanza del gelatiere come ambasciatore della cultura bellunese in Germania, rafforzando il legame tra le comunit\u00e0 emigrate e la terra d&#8217;origine.<\/p>\n<p>&nbsp;<\/p>\n<\/div>\n<\/div>\n<\/div>\n<\/div>\n<\/div>\n<\/div>\n<p>&nbsp;<\/p>\n<hr \/>\n<p>&nbsp;<\/p>\n<blockquote><p><strong><a class=\"dt-pswp-item\" href=\"https:\/\/www.radiopiu.net\/wordpress\/wp-content\/uploads\/2021\/07\/2eb8f214-39a6-4e15-bd1e-539b9100c08b.jpg\" data-dt-img-description=\"\" data-large_image_width=\"1080\" data-large_image_height=\"719\"><img loading=\"lazy\" decoding=\"async\" class=\" wp-image-222506 alignleft\" src=\"https:\/\/www.radiopiu.net\/wordpress\/wp-content\/uploads\/2021\/07\/2eb8f214-39a6-4e15-bd1e-539b9100c08b-300x200.jpg\" alt=\"\" width=\"203\" height=\"135\" srcset=\"https:\/\/www.radiopiu.net\/wordpress\/wp-content\/uploads\/2021\/07\/2eb8f214-39a6-4e15-bd1e-539b9100c08b-300x200.jpg 300w, https:\/\/www.radiopiu.net\/wordpress\/wp-content\/uploads\/2021\/07\/2eb8f214-39a6-4e15-bd1e-539b9100c08b-1024x682.jpg 1024w, https:\/\/www.radiopiu.net\/wordpress\/wp-content\/uploads\/2021\/07\/2eb8f214-39a6-4e15-bd1e-539b9100c08b-768x511.jpg 768w, https:\/\/www.radiopiu.net\/wordpress\/wp-content\/uploads\/2021\/07\/2eb8f214-39a6-4e15-bd1e-539b9100c08b.jpg 1080w\" sizes=\"auto, (max-width: 203px) 100vw, 203px\" \/><\/a>Guardia di Finanza: Concorso per 12 Tenenti<\/strong><\/p><\/blockquote>\n<p>La Guardia di Finanza ha indetto un concorso, per titoli ed esami, per il reclutamento di 12 tenenti nel ruolo tecnico-logistico-amministrativo. Le domande, da presentare entro le ore 12:00 del 22 gennaio 2025, devono essere inoltrate tramite il portale <a href=\"https:\/\/concorsi.gdf.gov.it\" target=\"_new\" rel=\"noopener\">https:\/\/concorsi.gdf.gov.it<\/a>. Possono partecipare cittadini italiani con requisiti specifici di et\u00e0 e titolo di studio.<\/p>\n<p>&nbsp;<\/p>\n<p>&nbsp;<\/p>\n<hr \/>\n<p>&nbsp;<\/p>\n<blockquote>\n<h3>CONVEGNO A CENCENIGHE SULLE COMUNITA&#8217; ENERGETICHE RINNOVABILI<\/h3>\n<\/blockquote>\n<p><strong><a class=\"dt-pswp-item\" href=\"https:\/\/www.radiopiu.net\/wordpress\/wp-content\/uploads\/2025\/01\/SCR-20250108-shcv.jpeg\" data-dt-img-description=\"\" data-large_image_width=\"1248\" data-large_image_height=\"688\"><img loading=\"lazy\" decoding=\"async\" class=\" wp-image-428730 alignleft\" src=\"https:\/\/www.radiopiu.net\/wordpress\/wp-content\/uploads\/2025\/01\/SCR-20250108-shcv-300x165.jpeg\" alt=\"\" width=\"242\" height=\"133\" srcset=\"https:\/\/www.radiopiu.net\/wordpress\/wp-content\/uploads\/2025\/01\/SCR-20250108-shcv-300x165.jpeg 300w, https:\/\/www.radiopiu.net\/wordpress\/wp-content\/uploads\/2025\/01\/SCR-20250108-shcv-1024x565.jpeg 1024w, https:\/\/www.radiopiu.net\/wordpress\/wp-content\/uploads\/2025\/01\/SCR-20250108-shcv-768x423.jpeg 768w, https:\/\/www.radiopiu.net\/wordpress\/wp-content\/uploads\/2025\/01\/SCR-20250108-shcv.jpeg 1248w\" sizes=\"auto, (max-width: 242px) 100vw, 242px\" \/><\/a>CENCENIGHE <\/strong>Domani, alle 18, nella sala consigliare del Municipio di Cencenighe, si terr\u00e0 un incontro informativo dedicato alle Comunit\u00e0 Energetiche Rinnovabili (CER). La CER Dolomiti, promossa dal BIM Consorzio in collaborazione con i Comuni di Belluno e Feltre e con la Camera di Commercio Treviso-Belluno, organizza questa serata per illustrare i vantaggi e le modalit\u00e0 di adesione alla CER, aperta a privati cittadini, imprese ed enti pubblici. Questa innovativa iniziativa permette di ridurre i costi energetici condividendo la produzione di energia e contribuendo al rispetto dell\u2019ambiente. Interverranno: Antonio Barattin, presidente della CER Dolomiti; Giovanni Piccoli, presidente del Centro Studi Bellunese; Marco Staunovo, presidente del BIM Consorzio e altri esperti del settore disponibili a rispondere alle domande del pubblico. L\u2019incontro \u00e8 aperto a tutti.<\/p>\n<p><strong>ANTONIO BARATTIN PRESIDENTE DELLA CER DOLOMITI<\/strong><\/p>\n<audio class=\"wp-audio-shortcode\" id=\"audio-428622-10\" preload=\"none\" style=\"width: 100%;\" controls=\"controls\"><source type=\"audio\/mpeg\" src=\"https:\/\/www.radiopiu.net\/wordpress\/wp-content\/uploads\/2025\/01\/ANTONIO-BARATTIN-CER-CENCENIGHE.mp3?_=10\" \/><a href=\"https:\/\/www.radiopiu.net\/wordpress\/wp-content\/uploads\/2025\/01\/ANTONIO-BARATTIN-CER-CENCENIGHE.mp3\">https:\/\/www.radiopiu.net\/wordpress\/wp-content\/uploads\/2025\/01\/ANTONIO-BARATTIN-CER-CENCENIGHE.mp3<\/a><\/audio>\n<p>&nbsp;<\/p>\n<hr \/>\n<p>&nbsp;<\/p>\n<blockquote>\n<h3 class=\"_title post-title entry-title\">BELLUNO | SALDI AL VIA, DOGLIONI CONFCOMMERCIO: \u00abON LINE IN CALO, SU ACQUISTI IN NEGOZIO\u00bb<\/h3>\n<\/blockquote>\n<p>\u2013 Intervistati PAOLO DOGLIONI (PRESIDENTE CONFCOMMERCIO BELLUNO) (Servizio di\u00a0<a href=\"https:\/\/antennatre.medianordest.it\/redazione\/Fabio-Fioravanzi\/\">Fabio Fioravanzi<\/a>)<\/p>\n<p><iframe loading=\"lazy\" title=\"SALDI AL VIA, DOGLIONI CONFCOMMERCIO: \u00abON LINE IN CALO, SU ACQUISTI IN NEGOZIO\u00bb | 08\/01\/2025\" width=\"1200\" height=\"675\" src=\"https:\/\/www.youtube.com\/embed\/J3yu_rcOp5Q?feature=oembed\" frameborder=\"0\" allow=\"accelerometer; autoplay; clipboard-write; encrypted-media; gyroscope; picture-in-picture; web-share\" referrerpolicy=\"strict-origin-when-cross-origin\" allowfullscreen><\/iframe><\/p>\n<p>&nbsp;<\/p>\n<p>&nbsp;<\/p>\n<hr \/>\n<p>&nbsp;<\/p>\n<p><strong><a class=\"dt-pswp-item\" href=\"https:\/\/www.radiopiu.net\/wordpress\/wp-content\/uploads\/2024\/11\/AMICI-MINERARI.png\" data-dt-img-description=\"\" data-large_image_width=\"209\" data-large_image_height=\"174\"><img loading=\"lazy\" decoding=\"async\" class=\" wp-image-419180 alignleft\" src=\"https:\/\/www.radiopiu.net\/wordpress\/wp-content\/uploads\/2024\/11\/AMICI-MINERARI.png\" alt=\"\" width=\"168\" height=\"140\" \/><\/a>&#8220;Con gli Amici dei Minerari: Serate d&#8217;Inverno \u2013 un viaggio tra storia, scienza e meraviglie. Incontri presso la Sala con T\u00e0-Mis. Non mancare!&#8221;<\/strong><\/p>\n<ul>\n<li><em>Venerd\u00ec 24 gennaio, ore 20:30<\/em>: &#8220;Il meraviglioso mondo dei fossili delle Dolomiti&#8221; \u2013 Relatore Danilo Giordano.<\/li>\n<li><em>Venerd\u00ec 21 febbraio, ore 20:30<\/em>: &#8220;Il traforo del Brennero: studio, progettazione e realizzazione&#8221; \u2013 Relatori Vittorio Fenti e Mario Guadagnini.<\/li>\n<\/ul>\n<p><strong>Vivi la cultura e la passione per la montagna!<\/strong><\/p>\n<p>&nbsp;<\/p>\n<p>&nbsp;<\/p>\n<hr \/>\n<p>&nbsp;<\/p>\n<blockquote>\n<h3><a class=\"dt-pswp-item\" href=\"https:\/\/www.radiopiu.net\/wordpress\/wp-content\/uploads\/2025\/01\/presentazione-libri-11-genn-2025.jpeg\" data-dt-img-description=\"\" data-large_image_width=\"1130\" data-large_image_height=\"1600\"><img loading=\"lazy\" decoding=\"async\" class=\" wp-image-428165 alignleft\" src=\"https:\/\/www.radiopiu.net\/wordpress\/wp-content\/uploads\/2025\/01\/presentazione-libri-11-genn-2025-212x300.jpeg\" alt=\"\" width=\"135\" height=\"191\" srcset=\"https:\/\/www.radiopiu.net\/wordpress\/wp-content\/uploads\/2025\/01\/presentazione-libri-11-genn-2025-212x300.jpeg 212w, https:\/\/www.radiopiu.net\/wordpress\/wp-content\/uploads\/2025\/01\/presentazione-libri-11-genn-2025-723x1024.jpeg 723w, https:\/\/www.radiopiu.net\/wordpress\/wp-content\/uploads\/2025\/01\/presentazione-libri-11-genn-2025-768x1087.jpeg 768w, https:\/\/www.radiopiu.net\/wordpress\/wp-content\/uploads\/2025\/01\/presentazione-libri-11-genn-2025-1085x1536.jpeg 1085w, https:\/\/www.radiopiu.net\/wordpress\/wp-content\/uploads\/2025\/01\/presentazione-libri-11-genn-2025.jpeg 1130w\" sizes=\"auto, (max-width: 135px) 100vw, 135px\" \/><\/a>SABATO SI PARLA DI OMICIDI CON ROBERTO DE NART<\/h3>\n<\/blockquote>\n<p><strong>BELLUNO <\/strong>Sabato 11 gennaio 2025 alle 17, presso il Circolo culturale &#8220;La Terra dei Padri &#8211; Belluno Aps&#8221; in via dei Molini, 10 (Borgo Piave, Belluno), si terr\u00e0 un incontro dedicato agli omicidi del secolo scorso. L\u2019evento prevede la presentazione dei libri <strong>&#8220;Omicidio di Emma Canton&#8221;<\/strong> e <strong>&#8220;Assassinio sulla riva destra del Brenta&#8221;<\/strong> di Roberto De Nart, giornalista e direttore di <em>Bellunopress<\/em>. La serata sar\u00e0 introdotta dal professor Francesco Dematt\u00e8, presidente del Circolo, e vedr\u00e0 la partecipazione dell\u2019avvocato Anna Polifroni, che dialogher\u00e0 con l\u2019autore. Verranno approfonditi il profilo criminologico degli assassini, le vittime, i dettagli chimici, gli atti processuali e le sentenze di questi casi. Un appuntamento imperdibile per gli appassionati di storia e criminologia.<\/p>\n<p>&nbsp;<\/p>\n<p>&nbsp;<\/p>\n<hr \/>\n<p>&nbsp;<\/p>\n<blockquote><p><strong>Etruschi del Novecento: il Mart presenta la mostra al Rizzarda<\/strong><\/p><\/blockquote>\n<p><a class=\"dt-pswp-item\" href=\"https:\/\/www.radiopiu.net\/wordpress\/wp-content\/uploads\/2025\/01\/Senza-nome-12.png\" data-dt-img-description=\"\" data-large_image_width=\"463\" data-large_image_height=\"230\"><img loading=\"lazy\" decoding=\"async\" class=\"size-medium wp-image-428686 alignleft\" src=\"https:\/\/www.radiopiu.net\/wordpress\/wp-content\/uploads\/2025\/01\/Senza-nome-12-300x149.png\" alt=\"\" width=\"300\" height=\"149\" srcset=\"https:\/\/www.radiopiu.net\/wordpress\/wp-content\/uploads\/2025\/01\/Senza-nome-12-300x149.png 300w, https:\/\/www.radiopiu.net\/wordpress\/wp-content\/uploads\/2025\/01\/Senza-nome-12.png 463w\" sizes=\"auto, (max-width: 300px) 100vw, 300px\" \/><\/a><strong>FELTRE\u00a0<\/strong><\/p>\n<p>Il Mart di Rovereto e la Fondazione Rovati propongono la mostra Etruschi del Novecento, dedicata all&#8217;influenza della civilt\u00e0 etrusca nell\u2019arte moderna. L\u2019esposizione, inaugurata il 6 dicembre 2024, esplora il &#8220;mito etrusco&#8221; tra le due guerre e il dopoguerra, includendo opere di artisti come Giacometti e Picasso. La Galleria Rizzarda di Feltre partecipa con il prestito della scultura Modella che fugge di Libero Andreotti. Alessandra Tiddia, curatrice, presenter\u00e0 la mostra a Feltre il 16 gennaio 2025 nel ciclo Conversazioni in Museo.<\/p>\n<p>&nbsp;<\/p>\n<hr \/>\n<h1><span style=\"color: #ff0000;\"><strong>IERI ALLA RADIO<\/strong><\/span><\/h1>\n<p>&nbsp;<\/p>\n<blockquote>\n<h3><a class=\"dt-pswp-item\" href=\"https:\/\/www.radiopiu.net\/wordpress\/wp-content\/uploads\/2025\/01\/d10c4f64-1098-4d86-9a43-5d3a91b36697.jpg\" data-dt-img-description=\"\" data-large_image_width=\"2048\" data-large_image_height=\"1152\"><img loading=\"lazy\" decoding=\"async\" class=\" wp-image-428479 alignleft\" src=\"https:\/\/www.radiopiu.net\/wordpress\/wp-content\/uploads\/2025\/01\/d10c4f64-1098-4d86-9a43-5d3a91b36697-300x169.jpg\" alt=\"\" width=\"231\" height=\"130\" srcset=\"https:\/\/www.radiopiu.net\/wordpress\/wp-content\/uploads\/2025\/01\/d10c4f64-1098-4d86-9a43-5d3a91b36697-300x169.jpg 300w, https:\/\/www.radiopiu.net\/wordpress\/wp-content\/uploads\/2025\/01\/d10c4f64-1098-4d86-9a43-5d3a91b36697-1024x576.jpg 1024w, https:\/\/www.radiopiu.net\/wordpress\/wp-content\/uploads\/2025\/01\/d10c4f64-1098-4d86-9a43-5d3a91b36697-768x432.jpg 768w, https:\/\/www.radiopiu.net\/wordpress\/wp-content\/uploads\/2025\/01\/d10c4f64-1098-4d86-9a43-5d3a91b36697-1536x864.jpg 1536w, https:\/\/www.radiopiu.net\/wordpress\/wp-content\/uploads\/2025\/01\/d10c4f64-1098-4d86-9a43-5d3a91b36697.jpg 2048w\" sizes=\"auto, (max-width: 231px) 100vw, 231px\" \/><\/a>&#8230;. IL CARNEVALE ALLA RADIO<\/h3>\n<\/blockquote>\n<blockquote><p><span style=\"color: #800000;\"><em>PRESENTAZIONE DEI CARNEVAI DE LE VAI, CON SIMONE ONGARO canale d agordo, GABRIELE RIVA voltago-rivamonte, FEDERICO DELL&#8217;ANTONE E MATTEO DAGAI rocca pietore\u00a0\u00a0<\/em><\/span><\/p><\/blockquote>\n<p><strong>di MIRKO MEZZACASA 2025<\/strong><\/p>\n<audio class=\"wp-audio-shortcode\" id=\"audio-428622-11\" preload=\"none\" style=\"width: 100%;\" controls=\"controls\"><source type=\"audio\/mpeg\" src=\"https:\/\/www.radiopiu.net\/wordpress\/wp-content\/uploads\/2025\/01\/carnevai-de-la-vai.mp3?_=11\" \/><a href=\"https:\/\/www.radiopiu.net\/wordpress\/wp-content\/uploads\/2025\/01\/carnevai-de-la-vai.mp3\">https:\/\/www.radiopiu.net\/wordpress\/wp-content\/uploads\/2025\/01\/carnevai-de-la-vai.mp3<\/a><\/audio>\n<p>&nbsp;<\/p>\n<p><strong>VIDEO STUDIO 2 RADIOPIU<\/strong><\/p>\n<p><iframe loading=\"lazy\" style=\"border: none; overflow: hidden;\" src=\"https:\/\/www.facebook.com\/plugins\/video.php?height=314&amp;href=https%3A%2F%2Fwww.facebook.com%2Fradiopiu%2Fvideos%2F949654359955318%2F&amp;show_text=false&amp;width=560&amp;t=0\" width=\"560\" height=\"314\" frameborder=\"0\" scrolling=\"no\" allowfullscreen=\"allowfullscreen\" data-mce-fragment=\"1\"><\/iframe><\/p>\n<p>&nbsp;<\/p>\n<p>&nbsp;<\/p>\n<p>&nbsp;<\/p>\n<blockquote>\n<h1>&#8220;LIBER&#8221; di Liana Cavallet. IL MERCOLEDI ALLE 9.10 E ALLE 20.30<\/h1>\n<\/blockquote>\n<p><strong>PUNTATA 17 08 GENNAIO 2025 &#8220;LA DONNA GIUSTA&#8221; SANDOR MARAI<\/strong><\/p>\n<audio class=\"wp-audio-shortcode\" id=\"audio-428622-12\" preload=\"none\" style=\"width: 100%;\" controls=\"controls\"><source type=\"audio\/mpeg\" src=\"https:\/\/www.radiopiu.net\/wordpress\/wp-content\/uploads\/2025\/01\/LIANA-1.mp3?_=12\" \/><a href=\"https:\/\/www.radiopiu.net\/wordpress\/wp-content\/uploads\/2025\/01\/LIANA-1.mp3\">https:\/\/www.radiopiu.net\/wordpress\/wp-content\/uploads\/2025\/01\/LIANA-1.mp3<\/a><\/audio>\n<p><a class=\"dt-pswp-item\" href=\"https:\/\/www.radiopiu.net\/wordpress\/wp-content\/uploads\/2025\/01\/9d0b9bbd-1d56-4112-9cad-c8c367f72093.jpg\" data-dt-img-description=\"\" data-large_image_width=\"354\" data-large_image_height=\"552\"><img loading=\"lazy\" decoding=\"async\" class=\"size-medium wp-image-428668 aligncenter\" src=\"https:\/\/www.radiopiu.net\/wordpress\/wp-content\/uploads\/2025\/01\/9d0b9bbd-1d56-4112-9cad-c8c367f72093-192x300.jpg\" alt=\"\" width=\"192\" height=\"300\" srcset=\"https:\/\/www.radiopiu.net\/wordpress\/wp-content\/uploads\/2025\/01\/9d0b9bbd-1d56-4112-9cad-c8c367f72093-192x300.jpg 192w, https:\/\/www.radiopiu.net\/wordpress\/wp-content\/uploads\/2025\/01\/9d0b9bbd-1d56-4112-9cad-c8c367f72093.jpg 354w\" sizes=\"auto, (max-width: 192px) 100vw, 192px\" \/><\/a><\/p>\n<p>&nbsp;<\/p>\n<p><strong>LA RACCOLTA COMPLETA<\/strong> <span style=\"color: #0000ff;\"><strong><a style=\"color: #0000ff;\" href=\"https:\/\/www.radiopiu.net\/wordpress\/?p=428669\">CLICCA QUI<\/a><\/strong><\/span><\/p>\n<p>&nbsp;<\/p>\n<h2><span style=\"color: #800080;\">AMAZING CALENDAR, CON MICHELA E MARINA<\/span><\/h2>\n<p><span style=\"color: #0000ff;\"><strong><a class=\"dt-pswp-item\" href=\"https:\/\/www.radiopiu.net\/wordpress\/wp-content\/uploads\/2024\/11\/camera-7101040_1280.jpg\" data-dt-img-description=\"\" data-large_image_width=\"1280\" data-large_image_height=\"853\"><img loading=\"lazy\" decoding=\"async\" class=\" wp-image-428705 alignleft\" src=\"https:\/\/www.radiopiu.net\/wordpress\/wp-content\/uploads\/2024\/11\/camera-7101040_1280-300x200.jpg\" alt=\"\" width=\"179\" height=\"119\" srcset=\"https:\/\/www.radiopiu.net\/wordpress\/wp-content\/uploads\/2024\/11\/camera-7101040_1280-300x200.jpg 300w, https:\/\/www.radiopiu.net\/wordpress\/wp-content\/uploads\/2024\/11\/camera-7101040_1280-1024x682.jpg 1024w, https:\/\/www.radiopiu.net\/wordpress\/wp-content\/uploads\/2024\/11\/camera-7101040_1280-768x512.jpg 768w, https:\/\/www.radiopiu.net\/wordpress\/wp-content\/uploads\/2024\/11\/camera-7101040_1280.jpg 1280w\" sizes=\"auto, (max-width: 179px) 100vw, 179px\" \/><\/a>6A PUNTATA &#8211; PARTE UNO<\/strong><\/span><\/p>\n<audio class=\"wp-audio-shortcode\" id=\"audio-428622-13\" preload=\"none\" style=\"width: 100%;\" controls=\"controls\"><source type=\"audio\/mpeg\" src=\"https:\/\/www.radiopiu.net\/wordpress\/wp-content\/uploads\/2024\/11\/AMAZING-CALENDAR-QUINTA-PUNTATA-1-1.mp3?_=13\" \/><a href=\"https:\/\/www.radiopiu.net\/wordpress\/wp-content\/uploads\/2024\/11\/AMAZING-CALENDAR-QUINTA-PUNTATA-1-1.mp3\">https:\/\/www.radiopiu.net\/wordpress\/wp-content\/uploads\/2024\/11\/AMAZING-CALENDAR-QUINTA-PUNTATA-1-1.mp3<\/a><\/audio>\n<p>&nbsp;<\/p>\n<p><span style=\"color: #0000ff;\"><strong>PARTE DUE<\/strong><\/span><\/p>\n<audio class=\"wp-audio-shortcode\" id=\"audio-428622-14\" preload=\"none\" style=\"width: 100%;\" controls=\"controls\"><source type=\"audio\/mpeg\" src=\"https:\/\/www.radiopiu.net\/wordpress\/wp-content\/uploads\/2024\/11\/AMAZING-CALENDAR-QUINTA-PUNTATA-3-1.mp3?_=14\" \/><a href=\"https:\/\/www.radiopiu.net\/wordpress\/wp-content\/uploads\/2024\/11\/AMAZING-CALENDAR-QUINTA-PUNTATA-3-1.mp3\">https:\/\/www.radiopiu.net\/wordpress\/wp-content\/uploads\/2024\/11\/AMAZING-CALENDAR-QUINTA-PUNTATA-3-1.mp3<\/a><\/audio>\n<p>&nbsp;<\/p>\n<p><span style=\"color: #0000ff;\"><strong>PARTE TRE<\/strong><\/span><\/p>\n<audio class=\"wp-audio-shortcode\" id=\"audio-428622-15\" preload=\"none\" style=\"width: 100%;\" controls=\"controls\"><source type=\"audio\/mpeg\" src=\"https:\/\/www.radiopiu.net\/wordpress\/wp-content\/uploads\/2024\/11\/AMAZING-CALENDAR-QUINTA-PUNTATA-2-1.mp3?_=15\" \/><a href=\"https:\/\/www.radiopiu.net\/wordpress\/wp-content\/uploads\/2024\/11\/AMAZING-CALENDAR-QUINTA-PUNTATA-2-1.mp3\">https:\/\/www.radiopiu.net\/wordpress\/wp-content\/uploads\/2024\/11\/AMAZING-CALENDAR-QUINTA-PUNTATA-2-1.mp3<\/a><\/audio>\n<p>&nbsp;<\/p>\n<p><strong>LA RACCOLTA COMPLETA <a href=\"https:\/\/www.radiopiu.net\/wordpress\/amazing-calendar-con-michela-e-marina-la-raccolta\/\"><span style=\"color: #3366ff;\">CLICCA QUI<\/span><\/a><\/strong><\/p>\n<p>&nbsp;<\/p>\n<hr \/>\n<p>&nbsp;<\/p>\n<p>&nbsp;<\/p>\n<blockquote>\n<h3>STORIE FOTOGRAFICHE DAL PASSATO. ARCHIVIO GIULIANO LAVEDER<\/h3>\n<\/blockquote>\n<p><a class=\"dt-pswp-item\" href=\"https:\/\/www.radiopiu.net\/wordpress\/wp-content\/uploads\/2025\/01\/417426936_762486639163066_7013096968145185989_n.jpg\" data-dt-img-description=\"\" data-large_image_width=\"640\" data-large_image_height=\"641\"><img loading=\"lazy\" decoding=\"async\" class=\" wp-image-428546 alignleft\" src=\"https:\/\/www.radiopiu.net\/wordpress\/wp-content\/uploads\/2025\/01\/417426936_762486639163066_7013096968145185989_n-300x300.jpg\" alt=\"\" width=\"130\" height=\"130\" srcset=\"https:\/\/www.radiopiu.net\/wordpress\/wp-content\/uploads\/2025\/01\/417426936_762486639163066_7013096968145185989_n-300x300.jpg 300w, https:\/\/www.radiopiu.net\/wordpress\/wp-content\/uploads\/2025\/01\/417426936_762486639163066_7013096968145185989_n-150x150.jpg 150w, https:\/\/www.radiopiu.net\/wordpress\/wp-content\/uploads\/2025\/01\/417426936_762486639163066_7013096968145185989_n.jpg 640w\" sizes=\"auto, (max-width: 130px) 100vw, 130px\" \/><\/a>Giuliano Laveder, di Rivamonte, vanta un collezione importante di ricordi del passato. In questi giorni ed \u00e8 un regalo di inizio anno di non poco conto, ha messo a disposizione una parte del suo tesoro dal passato.<\/p>\n<p>Scopriremo particolari dell&#8217;Agordino che rischiano di essere dimenticati. Oggi dall&#8217;archivio di Giuliano due rari bianco e nero &#8220;viaggio nell&#8217;Agordino&#8221; in pullman o in auto<\/p>\n\n\t\t\t<style type='text\/css'>\n\t\t\t\t#gallery-2 {\n\t\t\t\t\tmargin: auto;\n\t\t\t\t}\n\t\t\t\t#gallery-2 .gallery-item {\n\t\t\t\t\tfloat: left;\n\t\t\t\t\tmargin-top: 10px;\n\t\t\t\t\ttext-align: center;\n\t\t\t\t\twidth: 50%;\n\t\t\t\t}\n\t\t\t\t#gallery-2 img {\n\t\t\t\t\tborder: 2px solid #cfcfcf;\n\t\t\t\t}\n\t\t\t\t#gallery-2 .gallery-caption {\n\t\t\t\t\tmargin-left: 0;\n\t\t\t\t}\n\t\t\t\t\/* see gallery_shortcode() in wp-includes\/media.php *\/\n\t\t\t<\/style>\n\t\t<div id='gallery-2' class='dt-gallery-container gallery galleryid-428622 gallery-columns-2 gallery-size-medium'><dl class='gallery-item'>\n\t\t\t\t<dt class='gallery-icon landscape'>\n\t\t\t\t\t<a class=\"rollover rollover-zoom dt-pswp-item\" title=\"gita di istruzione\" data-dt-img-description=\"\" data-large_image_width=\"543\" data-large_image_height=\"376\"href='https:\/\/www.radiopiu.net\/wordpress\/wp-content\/uploads\/2025\/01\/4e191bb5-be30-48f9-beda-69e62b6ee67f.jpg'><img loading=\"lazy\" decoding=\"async\" width=\"300\" height=\"208\" src=\"https:\/\/www.radiopiu.net\/wordpress\/wp-content\/uploads\/2025\/01\/4e191bb5-be30-48f9-beda-69e62b6ee67f-300x208.jpg\" class=\"attachment-medium size-medium\" alt=\"\" aria-describedby=\"gallery-2-428695\" srcset=\"https:\/\/www.radiopiu.net\/wordpress\/wp-content\/uploads\/2025\/01\/4e191bb5-be30-48f9-beda-69e62b6ee67f-300x208.jpg 300w, https:\/\/www.radiopiu.net\/wordpress\/wp-content\/uploads\/2025\/01\/4e191bb5-be30-48f9-beda-69e62b6ee67f.jpg 543w\" sizes=\"auto, (max-width: 300px) 100vw, 300px\" \/><\/a>\n\t\t\t\t<\/dt>\n\t\t\t\t\t<dd class='wp-caption-text gallery-caption' id='gallery-2-428695'>\n\t\t\t\t\tgita di istruzione\n\n\t\t\t\t\t<\/dd><\/dl><dl class='gallery-item'>\n\t\t\t\t<dt class='gallery-icon landscape'>\n\t\t\t\t\t<a class=\"rollover rollover-zoom dt-pswp-item\" title=\"sulle strade dell&#039;Alto Agordino\" data-dt-img-description=\"\" data-large_image_width=\"791\" data-large_image_height=\"552\"href='https:\/\/www.radiopiu.net\/wordpress\/wp-content\/uploads\/2025\/01\/3f87366c-b241-417d-a9d4-b1501081727a.jpg'><img loading=\"lazy\" decoding=\"async\" width=\"300\" height=\"209\" src=\"https:\/\/www.radiopiu.net\/wordpress\/wp-content\/uploads\/2025\/01\/3f87366c-b241-417d-a9d4-b1501081727a-300x209.jpg\" class=\"attachment-medium size-medium\" alt=\"\" aria-describedby=\"gallery-2-428696\" srcset=\"https:\/\/www.radiopiu.net\/wordpress\/wp-content\/uploads\/2025\/01\/3f87366c-b241-417d-a9d4-b1501081727a-300x209.jpg 300w, https:\/\/www.radiopiu.net\/wordpress\/wp-content\/uploads\/2025\/01\/3f87366c-b241-417d-a9d4-b1501081727a-768x536.jpg 768w, https:\/\/www.radiopiu.net\/wordpress\/wp-content\/uploads\/2025\/01\/3f87366c-b241-417d-a9d4-b1501081727a.jpg 791w\" sizes=\"auto, (max-width: 300px) 100vw, 300px\" \/><\/a>\n\t\t\t\t<\/dt>\n\t\t\t\t\t<dd class='wp-caption-text gallery-caption' id='gallery-2-428696'>\n\t\t\t\t\tsulle strade dell&#8217;Alto Agordino\n\t\t\t\t\t<\/dd><\/dl><br style=\"clear: both\" \/>\n\t\t\t<\/div>\n\n<p>&nbsp;<\/p>\n<p><strong>PRECEDENTE 08 GENNAIO 2025<\/strong><\/p>\n<blockquote class=\"wp-embedded-content\" data-secret=\"kQpgvfbOvP\"><p><a href=\"https:\/\/www.radiopiu.net\/wordpress\/storie-fotografiche-dal-passato-archivio-giuliano-laveder\/\">STORIE FOTOGRAFICHE DAL PASSATO. ARCHIVIO GIULIANO LAVEDER<\/a><\/p><\/blockquote>\n<p><iframe loading=\"lazy\" class=\"wp-embedded-content\" sandbox=\"allow-scripts\" security=\"restricted\" style=\"position: absolute; visibility: hidden;\" title=\"&#8220;STORIE FOTOGRAFICHE DAL PASSATO. ARCHIVIO GIULIANO LAVEDER&#8221; &#8212; Radio Pi\u00f9\" src=\"https:\/\/www.radiopiu.net\/wordpress\/storie-fotografiche-dal-passato-archivio-giuliano-laveder\/embed\/#?secret=kefyOH9c9e#?secret=kQpgvfbOvP\" data-secret=\"kQpgvfbOvP\" width=\"600\" height=\"338\" frameborder=\"0\" marginwidth=\"0\" marginheight=\"0\" scrolling=\"no\"><\/iframe><\/p>\n<p>&nbsp;<\/p>\n<p>&nbsp;<\/p>\n<hr \/>\n<p>&nbsp;<\/p>\n<blockquote>\n<h3>LE NOZE TRIBOLADE AL NOF FILO&#8217;<\/h3>\n<\/blockquote>\n<p><strong>CENCENIGHE<\/strong><\/p>\n<p><img loading=\"lazy\" decoding=\"async\" class=\"alignleft\" src=\"https:\/\/www.radiopiu.net\/wordpress\/wp-content\/uploads\/2025\/01\/NOZE.png\" width=\"130\" height=\"184\" \/>Sabato 11 gennaio, alle 20.30, il Nof Fil\u00f2 di Cencenighe Agordino ospiter\u00e0 lo spettacolo teatrale \u201cLe noze tribulade, tragedia poc seria in dial\u00e8to nostr\u00e0n\u201d, messo in scena dalla compagnia dell\u2019Associazione Culturale Anfibi Spaiati di Santa Giustina.<\/p>\n<p>L\u2019iniziativa, organizzata a favore della sezione bellunese di Acto Triveneto, punta a sensibilizzare sul tumore ovarico, promuovendo l\u2019importanza della diagnosi precoce. L&#8217;evento gode del patrocinio gratuito del Comune, della Pro Loco e della Biblioteca.<\/p>\n<p>L\u2019ingresso \u00e8 libero, con offerte spontanee del pubblico che saranno interamente devolute ad Acto Triveneto. Un\u2019occasione per unire teatro, solidariet\u00e0 e sensibilizzazione attraverso l\u2019arma pi\u00f9 potente: la risata.<\/p>\n<p>&nbsp;<\/p>\n<p>&nbsp;<\/p>\n<hr \/>\n<p>&nbsp;<\/p>\n<blockquote>\n<h2><a class=\"dt-pswp-item\" href=\"https:\/\/www.radiopiu.net\/wordpress\/wp-content\/uploads\/2025\/01\/222c1268-28ad-4f2a-b9c7-7e3a82831958.jpg\" data-dt-img-description=\"\" data-large_image_width=\"1131\" data-large_image_height=\"1600\"><img loading=\"lazy\" decoding=\"async\" class=\" wp-image-428503 alignleft\" src=\"https:\/\/www.radiopiu.net\/wordpress\/wp-content\/uploads\/2025\/01\/222c1268-28ad-4f2a-b9c7-7e3a82831958-212x300.jpg\" alt=\"\" width=\"145\" height=\"205\" srcset=\"https:\/\/www.radiopiu.net\/wordpress\/wp-content\/uploads\/2025\/01\/222c1268-28ad-4f2a-b9c7-7e3a82831958-212x300.jpg 212w, https:\/\/www.radiopiu.net\/wordpress\/wp-content\/uploads\/2025\/01\/222c1268-28ad-4f2a-b9c7-7e3a82831958-724x1024.jpg 724w, https:\/\/www.radiopiu.net\/wordpress\/wp-content\/uploads\/2025\/01\/222c1268-28ad-4f2a-b9c7-7e3a82831958-768x1086.jpg 768w, https:\/\/www.radiopiu.net\/wordpress\/wp-content\/uploads\/2025\/01\/222c1268-28ad-4f2a-b9c7-7e3a82831958-1086x1536.jpg 1086w, https:\/\/www.radiopiu.net\/wordpress\/wp-content\/uploads\/2025\/01\/222c1268-28ad-4f2a-b9c7-7e3a82831958.jpg 1131w\" sizes=\"auto, (max-width: 145px) 100vw, 145px\" \/><\/a>A TEATRO CON LA FILODRAMMATICA<\/h2>\n<\/blockquote>\n<p><strong>FALCADE<\/strong> La Filodrammatica SAN BASTIAN di Falcade Alto, in collaborazione con la parrocchia di Falcade e Caviola, presenta la commedia brillante in due atti di Camillo Vittici:<br \/>\nEN DI EN OSPEDAL<br \/>\nLuned\u00ec 20 gennaio alle 20.30 presso la Casa del Popolo di Falcade Alto<br \/>\nSabato 25 e domenica 26 gennaio sempre alle 20.30 presso la Casa della Giovent\u00f9 di Caviola<br \/>\nNon perdetevi questa serata di risate e divertimento! Vi aspettiamo numerosi! in valle del biois a falcade e caviola<\/p>\n<p>&nbsp;<\/p>\n<p>&nbsp;<\/p>\n<hr \/>\n<p>&nbsp;<\/p>\n<p>&nbsp;<\/p>\n<blockquote>\n<h2><a class=\"dt-pswp-item\" href=\"https:\/\/www.radiopiu.net\/wordpress\/wp-content\/uploads\/2024\/01\/Foto-Carnevale_0001-9-scaled.jpg\" data-dt-img-description=\"\" data-large_image_width=\"1825\" data-large_image_height=\"2560\"><img loading=\"lazy\" decoding=\"async\" class=\"wp-image-371954 alignleft\" src=\"https:\/\/www.radiopiu.net\/wordpress\/wp-content\/uploads\/2024\/01\/Foto-Carnevale_0001-9-214x300.jpg\" alt=\"\" width=\"85\" height=\"119\" srcset=\"https:\/\/www.radiopiu.net\/wordpress\/wp-content\/uploads\/2024\/01\/Foto-Carnevale_0001-9-214x300.jpg 214w, https:\/\/www.radiopiu.net\/wordpress\/wp-content\/uploads\/2024\/01\/Foto-Carnevale_0001-9-730x1024.jpg 730w, https:\/\/www.radiopiu.net\/wordpress\/wp-content\/uploads\/2024\/01\/Foto-Carnevale_0001-9-768x1078.jpg 768w, https:\/\/www.radiopiu.net\/wordpress\/wp-content\/uploads\/2024\/01\/Foto-Carnevale_0001-9-1095x1536.jpg 1095w, https:\/\/www.radiopiu.net\/wordpress\/wp-content\/uploads\/2024\/01\/Foto-Carnevale_0001-9-1460x2048.jpg 1460w, https:\/\/www.radiopiu.net\/wordpress\/wp-content\/uploads\/2024\/01\/Foto-Carnevale_0001-9-scaled.jpg 1825w\" sizes=\"auto, (max-width: 85px) 100vw, 85px\" \/><\/a>CINQUE APPUNTAMENTI COL CARNEVALE<\/h2>\n<\/blockquote>\n<p>Ritorna carnevai de la vai, mascherate tradizionali delle dolomiti agordine.\u00a0 5 appuntamenti con la tradizione e il divertimento: 26 gennaio a SELVA DI CADORE, 22 febbraio LASTE DI ROCCA PIETORE, 23 febbraio a Rivamonte Agordino, 1 Marzo Sottoguda di Rocca Pietore, e 2 marzo a CANALE D&#8217;AGORDO aspettiamo anche te, con la tua maschera, tradizionale o di fantasia<\/p>\n<p>&nbsp;<\/p>\n<p>&nbsp;<\/p>\n<hr \/>\n<p>&nbsp;<\/p>\n<blockquote>\n<h3>LA MOSTRA DI PITTURA DI WALTER COMIOTTO<\/h3>\n<\/blockquote>\n<p><strong>LIMANA<\/strong> Il Comune di Limana inaugura la mostra di pittura <em>&#8220;Chiesette del Contado di Mel&#8221;<\/em> dell\u2019artista Walter Comiotto, curata da Dario Dall\u2019Olio. L\u2019evento si terr\u00e0 sabato 11 gennaio 2025 alle ore 17.00 presso le Sale Mostre del Municipio di Limana. Sar\u00e0 presente l\u2019artista. Un\u2019occasione per apprezzare il territorio attraverso l\u2019arte.<\/p>\n<p>&nbsp;<\/p>\n<p>&nbsp;<\/p>\n<hr \/>\n<p>&nbsp;<\/p>\n<blockquote>\n<h3><a class=\"dt-pswp-item\" href=\"https:\/\/www.radiopiu.net\/wordpress\/wp-content\/uploads\/2025\/01\/7afd2d9f-3ff5-4031-96c4-1bc5e7ff2e42.jpg\" data-dt-img-description=\"\" data-large_image_width=\"1046\" data-large_image_height=\"1271\"><img loading=\"lazy\" decoding=\"async\" class=\" wp-image-427885 alignleft\" src=\"https:\/\/www.radiopiu.net\/wordpress\/wp-content\/uploads\/2025\/01\/7afd2d9f-3ff5-4031-96c4-1bc5e7ff2e42-247x300.jpg\" alt=\"\" width=\"128\" height=\"155\" srcset=\"https:\/\/www.radiopiu.net\/wordpress\/wp-content\/uploads\/2025\/01\/7afd2d9f-3ff5-4031-96c4-1bc5e7ff2e42-247x300.jpg 247w, https:\/\/www.radiopiu.net\/wordpress\/wp-content\/uploads\/2025\/01\/7afd2d9f-3ff5-4031-96c4-1bc5e7ff2e42-843x1024.jpg 843w, https:\/\/www.radiopiu.net\/wordpress\/wp-content\/uploads\/2025\/01\/7afd2d9f-3ff5-4031-96c4-1bc5e7ff2e42-768x933.jpg 768w, https:\/\/www.radiopiu.net\/wordpress\/wp-content\/uploads\/2025\/01\/7afd2d9f-3ff5-4031-96c4-1bc5e7ff2e42.jpg 1046w\" sizes=\"auto, (max-width: 128px) 100vw, 128px\" \/><\/a>MEMORIE DI RESISTENZE CON ADELMO CERVI<\/h3>\n<\/blockquote>\n<p><strong>BELLUNO\u00a0<\/strong><\/p>\n<p>DI ROBERTO BONA<\/p>\n<audio class=\"wp-audio-shortcode\" id=\"audio-428622-16\" preload=\"none\" style=\"width: 100%;\" controls=\"controls\"><source type=\"audio\/mpeg\" src=\"https:\/\/www.radiopiu.net\/wordpress\/wp-content\/uploads\/2025\/01\/BONA-ADELMO-CERVI-SCADENZA-10-GENNAIO.mp3?_=16\" \/><a href=\"https:\/\/www.radiopiu.net\/wordpress\/wp-content\/uploads\/2025\/01\/BONA-ADELMO-CERVI-SCADENZA-10-GENNAIO.mp3\">https:\/\/www.radiopiu.net\/wordpress\/wp-content\/uploads\/2025\/01\/BONA-ADELMO-CERVI-SCADENZA-10-GENNAIO.mp3<\/a><\/audio>\n<p>&nbsp;<\/p>\n<hr \/>\n<p>&nbsp;<\/p>\n<blockquote>\n<h3><a class=\"dt-pswp-item\" href=\"https:\/\/www.radiopiu.net\/wordpress\/wp-content\/uploads\/2025\/01\/85094e2f-2ad8-4765-98e8-74966101d750.jpg\" data-dt-img-description=\"\" data-large_image_width=\"1131\" data-large_image_height=\"1600\"><img loading=\"lazy\" decoding=\"async\" class=\" wp-image-428385 alignleft\" src=\"https:\/\/www.radiopiu.net\/wordpress\/wp-content\/uploads\/2025\/01\/85094e2f-2ad8-4765-98e8-74966101d750-212x300.jpg\" alt=\"\" width=\"119\" height=\"168\" srcset=\"https:\/\/www.radiopiu.net\/wordpress\/wp-content\/uploads\/2025\/01\/85094e2f-2ad8-4765-98e8-74966101d750-212x300.jpg 212w, https:\/\/www.radiopiu.net\/wordpress\/wp-content\/uploads\/2025\/01\/85094e2f-2ad8-4765-98e8-74966101d750-724x1024.jpg 724w, https:\/\/www.radiopiu.net\/wordpress\/wp-content\/uploads\/2025\/01\/85094e2f-2ad8-4765-98e8-74966101d750-768x1086.jpg 768w, https:\/\/www.radiopiu.net\/wordpress\/wp-content\/uploads\/2025\/01\/85094e2f-2ad8-4765-98e8-74966101d750-1086x1536.jpg 1086w, https:\/\/www.radiopiu.net\/wordpress\/wp-content\/uploads\/2025\/01\/85094e2f-2ad8-4765-98e8-74966101d750.jpg 1131w\" sizes=\"auto, (max-width: 119px) 100vw, 119px\" \/><\/a>DONNE NELLA SHOA<\/h3>\n<\/blockquote>\n<p><strong>BELLUNO<\/strong><\/p>\n<p>DI ROBERTO BONA<\/p>\n<audio class=\"wp-audio-shortcode\" id=\"audio-428622-17\" preload=\"none\" style=\"width: 100%;\" controls=\"controls\"><source type=\"audio\/mpeg\" src=\"https:\/\/www.radiopiu.net\/wordpress\/wp-content\/uploads\/2025\/01\/BONA-Donne-Nella-Shoah-SCADENZA-18-GENNAIO.mp3?_=17\" \/><a href=\"https:\/\/www.radiopiu.net\/wordpress\/wp-content\/uploads\/2025\/01\/BONA-Donne-Nella-Shoah-SCADENZA-18-GENNAIO.mp3\">https:\/\/www.radiopiu.net\/wordpress\/wp-content\/uploads\/2025\/01\/BONA-Donne-Nella-Shoah-SCADENZA-18-GENNAIO.mp3<\/a><\/audio>\n<p>&nbsp;<\/p>\n<hr \/>\n<p>&nbsp;<\/p>\n<blockquote>\n<h3>&#8220;MUFASA &#8211; IL RE LEONE&#8221; AL CINEMA DOLOMITI DI FALCADE<\/h3>\n<\/blockquote>\n<p><strong><a class=\"dt-pswp-item\" href=\"https:\/\/www.radiopiu.net\/wordpress\/wp-content\/uploads\/2024\/12\/image_25c5d7bc.jpg\" data-dt-img-description=\"\" data-large_image_width=\"540\" data-large_image_height=\"810\"><img loading=\"lazy\" decoding=\"async\" class=\" wp-image-427259 alignleft\" src=\"https:\/\/www.radiopiu.net\/wordpress\/wp-content\/uploads\/2024\/12\/image_25c5d7bc-200x300.jpg\" alt=\"\" width=\"148\" height=\"222\" srcset=\"https:\/\/www.radiopiu.net\/wordpress\/wp-content\/uploads\/2024\/12\/image_25c5d7bc-200x300.jpg 200w, https:\/\/www.radiopiu.net\/wordpress\/wp-content\/uploads\/2024\/12\/image_25c5d7bc.jpg 540w\" sizes=\"auto, (max-width: 148px) 100vw, 148px\" \/><\/a>FALCADE<\/strong> Continua la programmazione con i grandi film del momento al Cinema Dolomiti di Falcade. L&#8217;11 e 12 gennaio verr\u00e0 proiettato il nuovo film Disney &#8220;Mufasa &#8211; Il Re Leone&#8221;. Nelle Terre del Branco della Tanzania, Simba e Nala hanno una figlia, Kiara. Rafiki racconta a Kiara la storia di suo nonno Mufasa, nato nel deserto della Namibia. Da piccolo, Mufasa viene trascinato via da un fiume in piena e salvato da Taka, un giovane leone del branco di Obasi. Per restare con loro, Mufasa affronta una gara di velocit\u00e0, vincendo grazie all&#8217;aiuto di Taka. I due crescono come fratelli, ma Obasi diffida di Mufasa, temendo che tradisca Taka. Durante un attacco di leoni bianchi, Mufasa dimostra coraggio uccidendo uno degli aggressori, ma ci\u00f2 scatena la vendetta del loro capo, Kiros. Per proteggere il branco, Obasi ordina a Mufasa e Taka di fuggire. In viaggio, incontrano Sarabi, Zazu e Rafiki. Mufasa si innamora di Sarabi, scatenando la gelosia di Taka, che si allea con Kiros. Arrivati al leggendario Milele, Mufasa guida gli animali contro gli Emarginati. Durante lo scontro, Taka tradisce Kiros, ma viene ferito, assumendo il nome &#8220;Scar&#8221;. Dopo la vittoria, Mufasa \u00e8 acclamato re. Tuttavia, Scar, pieno di rancore, si ritira nelle ombre. La storia si conclude con Kiara che narra le gesta di Mufasa al nuovo cucciolo di Simba e Nala.<\/p>\n<p><span style=\"color: #ff0000;\"><strong>SPETTACOLI ALLE 21, IL 12 GENNAIO ANCHE ALLE 15:30<\/strong><\/span><\/p>\n<p><strong>LA PRESENTAZIONE A CURA DI PAOLA LANCIATO<\/strong><\/p>\n<audio class=\"wp-audio-shortcode\" id=\"audio-428622-18\" preload=\"none\" style=\"width: 100%;\" controls=\"controls\"><source type=\"audio\/mpeg\" src=\"https:\/\/www.radiopiu.net\/wordpress\/wp-content\/uploads\/2024\/12\/MUFASA-IL-RE-LEONE.mp3?_=18\" \/><a href=\"https:\/\/www.radiopiu.net\/wordpress\/wp-content\/uploads\/2024\/12\/MUFASA-IL-RE-LEONE.mp3\">https:\/\/www.radiopiu.net\/wordpress\/wp-content\/uploads\/2024\/12\/MUFASA-IL-RE-LEONE.mp3<\/a><\/audio>\n<p>&nbsp;<\/p>\n<hr \/>\n<p>&nbsp;<\/p>\n<h2><span style=\"color: #ff0000;\"><a class=\"dt-pswp-item\" href=\"https:\/\/www.radiopiu.net\/wordpress\/wp-content\/uploads\/2018\/09\/appuntamenti.jpeg\" data-dt-img-description=\"\" data-large_image_width=\"800\" data-large_image_height=\"100\"><img loading=\"lazy\" decoding=\"async\" class=\"wp-image-61958 size-full aligncenter\" src=\"https:\/\/www.radiopiu.net\/wordpress\/wp-content\/uploads\/2018\/09\/appuntamenti.jpeg\" alt=\"\" width=\"800\" height=\"100\" srcset=\"https:\/\/www.radiopiu.net\/wordpress\/wp-content\/uploads\/2018\/09\/appuntamenti.jpeg 800w, https:\/\/www.radiopiu.net\/wordpress\/wp-content\/uploads\/2018\/09\/appuntamenti-300x38.jpeg 300w, https:\/\/www.radiopiu.net\/wordpress\/wp-content\/uploads\/2018\/09\/appuntamenti-768x96.jpeg 768w\" sizes=\"auto, (max-width: 800px) 100vw, 800px\" \/><\/a><\/span><\/h2>\n<div dir=\"auto\"><strong>AL CINEMA DOLOMITI DI FALCADE LE GRANDI PELLICOLE DEL MOMENTO. SABATO E DOMENICA VERRA&#8217; PROIETTATO IL FILM &#8220;MUFASA IL RE LEONE&#8221;. SPETTACOLI ALLE 21, DOMENICA ANCHE ALLE 15:30<\/strong><\/div>\n<div class=\"xdj266r x11i5rnm xat24cr x1mh8g0r x1vvkbs x126k92a\">\n<div dir=\"auto\"><\/div>\n<\/div>\n<div>\n<div class=\"\" dir=\"auto\">\n<div id=\":r9h:\" class=\"x1iorvi4 x1pi30zi x1l90r2v x1swvt13\" data-ad-comet-preview=\"message\" data-ad-preview=\"message\">\n<div>\n<div class=\"\" dir=\"auto\">\n<div id=\":r9h:\" class=\"x1iorvi4 x1pi30zi x1l90r2v x1swvt13\" data-ad-comet-preview=\"message\" data-ad-preview=\"message\">\n<div class=\"xdj266r x11i5rnm xat24cr x1mh8g0r x1vvkbs x126k92a\">\n<div dir=\"auto\"><\/div>\n<\/div>\n<div>\n<div class=\"\" dir=\"auto\">\n<div id=\":r9h:\" class=\"x1iorvi4 x1pi30zi x1l90r2v x1swvt13\" data-ad-comet-preview=\"message\" data-ad-preview=\"message\">\n<div>\n<div class=\"\" dir=\"auto\">\n<div id=\":r9h:\" class=\"x1iorvi4 x1pi30zi x1l90r2v x1swvt13\" data-ad-comet-preview=\"message\" data-ad-preview=\"message\">\n\n\t\t\t<style type='text\/css'>\n\t\t\t\t#gallery-3 {\n\t\t\t\t\tmargin: auto;\n\t\t\t\t}\n\t\t\t\t#gallery-3 .gallery-item {\n\t\t\t\t\tfloat: left;\n\t\t\t\t\tmargin-top: 10px;\n\t\t\t\t\ttext-align: center;\n\t\t\t\t\twidth: 33%;\n\t\t\t\t}\n\t\t\t\t#gallery-3 img {\n\t\t\t\t\tborder: 2px solid #cfcfcf;\n\t\t\t\t}\n\t\t\t\t#gallery-3 .gallery-caption {\n\t\t\t\t\tmargin-left: 0;\n\t\t\t\t}\n\t\t\t\t\/* see gallery_shortcode() in wp-includes\/media.php *\/\n\t\t\t<\/style>\n\t\t<div id='gallery-3' class='dt-gallery-container gallery galleryid-428622 gallery-columns-3 gallery-size-thumbnail'><dl class='gallery-item'>\n\t\t\t\t<dt class='gallery-icon portrait'>\n\t\t\t\t\t<a class=\"rollover rollover-zoom dt-pswp-item\" title=\"manifesto serate invernali\" data-dt-img-description=\"\" data-large_image_width=\"1683\" data-large_image_height=\"2383\"href='https:\/\/www.radiopiu.net\/wordpress\/wp-content\/uploads\/2024\/11\/manifesto-serate-invernali.jpg'><img loading=\"lazy\" decoding=\"async\" width=\"150\" height=\"150\" src=\"https:\/\/www.radiopiu.net\/wordpress\/wp-content\/uploads\/2024\/11\/manifesto-serate-invernali-150x150.jpg\" class=\"attachment-thumbnail size-thumbnail\" alt=\"\" aria-describedby=\"gallery-3-418816\" \/><\/a>\n\t\t\t\t<\/dt>\n\t\t\t\t\t<dd class='wp-caption-text gallery-caption' id='gallery-3-418816'>\n\t\t\t\t\t21 FEBBRAIO\n\t\t\t\t\t<\/dd><\/dl><dl class='gallery-item'>\n\t\t\t\t<dt class='gallery-icon portrait'>\n\t\t\t\t\t<a class=\"rollover rollover-zoom dt-pswp-item\" title=\"11 gennaio 2025 (2)\" data-dt-img-description=\"\" data-large_image_width=\"1414\" data-large_image_height=\"2000\"href='https:\/\/www.radiopiu.net\/wordpress\/wp-content\/uploads\/2024\/12\/11-gennaio-2025-2.jpg'><img loading=\"lazy\" decoding=\"async\" width=\"150\" height=\"150\" src=\"https:\/\/www.radiopiu.net\/wordpress\/wp-content\/uploads\/2024\/12\/11-gennaio-2025-2-150x150.jpg\" class=\"attachment-thumbnail size-thumbnail\" alt=\"\" aria-describedby=\"gallery-3-427238\" \/><\/a>\n\t\t\t\t<\/dt>\n\t\t\t\t\t<dd class='wp-caption-text gallery-caption' id='gallery-3-427238'>\n\t\t\t\t\tAL NOF FILO DI CENCENIGHE\n\t\t\t\t\t<\/dd><\/dl><dl class='gallery-item'>\n\t\t\t\t<dt class='gallery-icon portrait'>\n\t\t\t\t\t<a class=\"rollover rollover-zoom dt-pswp-item\" title=\"Locandina Emma Canton Roberto De Nart 11 gennaio 2025\" data-dt-img-description=\"\" data-large_image_width=\"1447\" data-large_image_height=\"2048\"href='https:\/\/www.radiopiu.net\/wordpress\/wp-content\/uploads\/2024\/12\/Locandina-Emma-Canton-Roberto-De-Nart-11-gennaio-2025.jpg'><img loading=\"lazy\" decoding=\"async\" width=\"150\" height=\"150\" src=\"https:\/\/www.radiopiu.net\/wordpress\/wp-content\/uploads\/2024\/12\/Locandina-Emma-Canton-Roberto-De-Nart-11-gennaio-2025-150x150.jpg\" class=\"attachment-thumbnail size-thumbnail\" alt=\"\" aria-describedby=\"gallery-3-426749\" \/><\/a>\n\t\t\t\t<\/dt>\n\t\t\t\t\t<dd class='wp-caption-text gallery-caption' id='gallery-3-426749'>\n\t\t\t\t\tCON ROBERTO DE NART\n\t\t\t\t\t<\/dd><\/dl><br style=\"clear: both\" \/><dl class='gallery-item'>\n\t\t\t\t<dt class='gallery-icon portrait'>\n\t\t\t\t\t<a class=\"rollover rollover-zoom dt-pswp-item\" title=\"222c1268-28ad-4f2a-b9c7-7e3a82831958\" data-dt-img-description=\"\" data-large_image_width=\"1131\" data-large_image_height=\"1600\"href='https:\/\/www.radiopiu.net\/wordpress\/wp-content\/uploads\/2025\/01\/222c1268-28ad-4f2a-b9c7-7e3a82831958.jpg'><img loading=\"lazy\" decoding=\"async\" width=\"150\" height=\"150\" src=\"https:\/\/www.radiopiu.net\/wordpress\/wp-content\/uploads\/2025\/01\/222c1268-28ad-4f2a-b9c7-7e3a82831958-150x150.jpg\" class=\"attachment-thumbnail size-thumbnail\" alt=\"\" \/><\/a>\n\t\t\t\t<\/dt><\/dl><dl class='gallery-item'>\n\t\t\t\t<dt class='gallery-icon portrait'>\n\t\t\t\t\t<a class=\"rollover rollover-zoom dt-pswp-item\" title=\"85094e2f-2ad8-4765-98e8-74966101d750\" data-dt-img-description=\"\" data-large_image_width=\"1131\" data-large_image_height=\"1600\"href='https:\/\/www.radiopiu.net\/wordpress\/wp-content\/uploads\/2025\/01\/85094e2f-2ad8-4765-98e8-74966101d750.jpg'><img loading=\"lazy\" decoding=\"async\" width=\"150\" height=\"150\" src=\"https:\/\/www.radiopiu.net\/wordpress\/wp-content\/uploads\/2025\/01\/85094e2f-2ad8-4765-98e8-74966101d750-150x150.jpg\" class=\"attachment-thumbnail size-thumbnail\" alt=\"\" aria-describedby=\"gallery-3-428385\" \/><\/a>\n\t\t\t\t<\/dt>\n\t\t\t\t\t<dd class='wp-caption-text gallery-caption' id='gallery-3-428385'>\n\t\t\t\t\t18 GENNAIO \n\t\t\t\t\t<\/dd><\/dl><dl class='gallery-item'>\n\t\t\t\t<dt class='gallery-icon portrait'>\n\t\t\t\t\t<a class=\"rollover rollover-zoom dt-pswp-item\" title=\"646060e7-2d2b-4b75-8b96-82eed5e77b41\" data-dt-img-description=\"\" data-large_image_width=\"1132\" data-large_image_height=\"1600\"href='https:\/\/www.radiopiu.net\/wordpress\/wp-content\/uploads\/2025\/01\/646060e7-2d2b-4b75-8b96-82eed5e77b41.jpg'><img loading=\"lazy\" decoding=\"async\" width=\"150\" height=\"150\" src=\"https:\/\/www.radiopiu.net\/wordpress\/wp-content\/uploads\/2025\/01\/646060e7-2d2b-4b75-8b96-82eed5e77b41-150x150.jpg\" class=\"attachment-thumbnail size-thumbnail\" alt=\"\" \/><\/a>\n\t\t\t\t<\/dt><\/dl><br style=\"clear: both\" \/><dl class='gallery-item'>\n\t\t\t\t<dt class='gallery-icon portrait'>\n\t\t\t\t\t<a class=\"rollover rollover-zoom dt-pswp-item\" title=\"538725a2-d8e0-4c4f-a031-a76631224057\" data-dt-img-description=\"\" data-large_image_width=\"1131\" data-large_image_height=\"1600\"href='https:\/\/www.radiopiu.net\/wordpress\/wp-content\/uploads\/2025\/01\/538725a2-d8e0-4c4f-a031-a76631224057.jpg'><img loading=\"lazy\" decoding=\"async\" width=\"150\" height=\"150\" src=\"https:\/\/www.radiopiu.net\/wordpress\/wp-content\/uploads\/2025\/01\/538725a2-d8e0-4c4f-a031-a76631224057-150x150.jpg\" class=\"attachment-thumbnail size-thumbnail\" alt=\"\" aria-describedby=\"gallery-3-428652\" \/><\/a>\n\t\t\t\t<\/dt>\n\t\t\t\t\t<dd class='wp-caption-text gallery-caption' id='gallery-3-428652'>\n\t\t\t\t\tIL LIBRO  A CANALE D&#8217;AGORDO\n\t\t\t\t\t<\/dd><\/dl>\n\t\t\t\t<br style='clear: both' \/>\n\t\t\t<\/div>\n\n<\/div>\n<\/div>\n<\/div>\n<p>&nbsp;<\/p>\n<\/div>\n<\/div>\n<\/div>\n<\/div>\n<\/div>\n<\/div>\n<\/div>\n<\/div>\n<\/div>\n<p>&nbsp;<\/p>\n<p>&nbsp;<\/p>\n<hr \/>\n<p>&nbsp;<\/p>\n<p class=\"mceTemp\"><a class=\"dt-pswp-item\" href=\"https:\/\/www.radiopiu.net\/wordpress\/wp-content\/uploads\/2018\/09\/WhatsApp-Image-2018-09-20-at-16.04.06.jpeg\" data-dt-img-description=\"\" data-large_image_width=\"800\" data-large_image_height=\"100\"><img loading=\"lazy\" decoding=\"async\" class=\"wp-image-61378 size-full aligncenter\" src=\"https:\/\/www.radiopiu.net\/wordpress\/wp-content\/uploads\/2018\/09\/WhatsApp-Image-2018-09-20-at-16.04.06.jpeg\" alt=\"\" width=\"800\" height=\"100\" srcset=\"https:\/\/www.radiopiu.net\/wordpress\/wp-content\/uploads\/2018\/09\/WhatsApp-Image-2018-09-20-at-16.04.06.jpeg 800w, https:\/\/www.radiopiu.net\/wordpress\/wp-content\/uploads\/2018\/09\/WhatsApp-Image-2018-09-20-at-16.04.06-300x38.jpeg 300w, https:\/\/www.radiopiu.net\/wordpress\/wp-content\/uploads\/2018\/09\/WhatsApp-Image-2018-09-20-at-16.04.06-768x96.jpeg 768w\" sizes=\"auto, (max-width: 800px) 100vw, 800px\" \/><\/a><\/p>\n<p><center><\/center><center><\/center><center><b>OGGI<\/b><\/center>Nuovo peggioramento del tempo tra la notte e il mattino, di lieve entit\u00e0 sulle Dolomiti e moderata sulle Prealpi, con cielo coperto e diffusi fenomeni. Nel primo pomeriggio residua perturbabilit\u00e0, prima di una certa variabilit\u00e0 con riduzione della nuvolosit\u00e0 e ritorno di qualche breve schiarita.<br \/>\n<b>Precipitazioni: <\/b>Probabili diffuse ma deboli precipitazioni sulle Dolomiti tra la notte ed il mattino, nevose oltre i 1200-1400 m; Sulle Prealpi saranno a tratti moderate con limite neve oltre i 1600-1700 m. Gli apporti saranno modesti<\/p>\n<hr \/>\n<p><center><b>DOMANI<\/b><\/center>Evoluzione incerta, tratti soleggiati e primi annuvolamenti irregolari al mattino, poi passaggio di un fronte freddo al pomeriggio con crescente nuvolosit\u00e0 associata a qualche debole fenomeno sulle Dolomiti, mentre gli stessi dovrebbero essere marginali o assenti sulle Prealpi.<br \/>\n<b>Precipitazioni: <\/b>Al mattino perlopi\u00f9 assenti\u00a0 salvo qualche fiocco in quota sulle Dolomiti. Al pomeriggio debole neve su buona parte delle Dolomiti, anche nei fondovalle, ma non sulle Prealpi, eccetto burrasche nevose sulle cime.<br \/>\n<b>Temperature: <\/b>In generale calo a tutte le quote<\/p>\n<hr \/>\n<p><center><b>SABATO<\/b><\/center>Nottetempo sulle Dolomiti cielo coperto con qualche fiocco di neve fino a fondovalle; sulle Prealpi nuvolosit\u00e0 irregolare senza fenomeni. In giornata miglioramento del tempo con ritorno del sole e del cielo sereno, dapprima sulle Dolomiti, poi anche sulle Prealpi dopo diradamento nuvolosit\u00e0. Temperature in ulteriore contenuto calo sotto i 2000 m<\/p>\n<hr \/>\n<p><center><b>DOMENICA<\/b><\/center>Bel tempo di stampo invernale con sole, cielo terso ed aria limpida. Temperature minime in sensibile calo e massime in contenuta diminuzione sulla scia del calo delle prime; le gelate saranno particolarmente intense nei settori innevati in seguito al forte irraggiamento notturno.<\/p>\n<p>&nbsp;<\/p>\n<hr \/>\n<p>&nbsp;<\/p>\n<blockquote class=\"wp-embedded-content\" data-secret=\"POtj6DlWuH\"><p><a href=\"https:\/\/www.radiopiu.net\/wordpress\/estratti-i-biglietti-vincenti-della-lotteria-dellalleghe-hockey-2\/\">ESTRATTI I BIGLIETTI VINCENTI DELLA LOTTERIA DELL&#8217;ALLEGHE HOCKEY<\/a><\/p><\/blockquote>\n<p><iframe loading=\"lazy\" class=\"wp-embedded-content\" sandbox=\"allow-scripts\" security=\"restricted\" style=\"position: absolute; visibility: hidden;\" title=\"&#8220;ESTRATTI I BIGLIETTI VINCENTI DELLA LOTTERIA DELL&#8217;ALLEGHE HOCKEY&#8221; &#8212; Radio Pi\u00f9\" src=\"https:\/\/www.radiopiu.net\/wordpress\/estratti-i-biglietti-vincenti-della-lotteria-dellalleghe-hockey-2\/embed\/#?secret=PAvIBL2lOF#?secret=POtj6DlWuH\" data-secret=\"POtj6DlWuH\" width=\"600\" height=\"338\" frameborder=\"0\" marginwidth=\"0\" marginheight=\"0\" scrolling=\"no\"><\/iframe><\/p>\n<p>&nbsp;<\/p>\n<hr \/>\n<p>&nbsp;<\/p>\n<p class=\"mceTemp\"><a class=\"dt-pswp-item\" href=\"https:\/\/www.radiopiu.net\/wordpress\/wp-content\/uploads\/2018\/09\/sport.jpg\" data-dt-img-description=\"\" data-large_image_width=\"800\" data-large_image_height=\"100\"><img loading=\"lazy\" decoding=\"async\" class=\"aligncenter wp-image-60761 size-full\" src=\"https:\/\/www.radiopiu.net\/wordpress\/wp-content\/uploads\/2018\/09\/sport.jpg\" alt=\"\" width=\"800\" height=\"100\" srcset=\"https:\/\/www.radiopiu.net\/wordpress\/wp-content\/uploads\/2018\/09\/sport.jpg 800w, https:\/\/www.radiopiu.net\/wordpress\/wp-content\/uploads\/2018\/09\/sport-300x38.jpg 300w, https:\/\/www.radiopiu.net\/wordpress\/wp-content\/uploads\/2018\/09\/sport-768x96.jpg 768w\" sizes=\"auto, (max-width: 800px) 100vw, 800px\" \/> <\/a><\/p>\n<p class=\"mceTemp\"><span style=\"color: #0000ff;\"><strong>\u00a0 \u00a0<\/strong><\/span><\/p>\n<p><span style=\"color: #0000ff;\"><strong>CALCIO<\/strong><\/span><\/p>\n<blockquote>\n<h3>SI AVVICINA LA 50ESIMA EDIZIONE DEL CAMPIONATO AGORDINO DI CALCIO. IL TAIBON CAMBIA ALLENATORE<\/h3>\n<\/blockquote>\n<p><strong><a class=\"dt-pswp-item\" href=\"https:\/\/www.radiopiu.net\/wordpress\/wp-content\/uploads\/2025\/01\/SCR-20250108-sgny.png\" data-dt-img-description=\"\" data-large_image_width=\"582\" data-large_image_height=\"416\"><img loading=\"lazy\" decoding=\"async\" class=\" wp-image-428732 alignleft\" src=\"https:\/\/www.radiopiu.net\/wordpress\/wp-content\/uploads\/2025\/01\/SCR-20250108-sgny-300x214.png\" alt=\"\" width=\"181\" height=\"129\" srcset=\"https:\/\/www.radiopiu.net\/wordpress\/wp-content\/uploads\/2025\/01\/SCR-20250108-sgny-300x214.png 300w, https:\/\/www.radiopiu.net\/wordpress\/wp-content\/uploads\/2025\/01\/SCR-20250108-sgny.png 582w\" sizes=\"auto, (max-width: 181px) 100vw, 181px\" \/><\/a>di Marco Gaz<\/strong><\/p>\n<p><strong>REDAZIONE\u00a0<\/strong>Mancano circa 6 mesi al fischio d&#8217;inizio, ma le squadre di calcio agordine si stanno gi\u00e0 preparando per il Campionato Agordino di Calcio 2025. Il torneo pi\u00f9 seguito della vallata compir\u00e0 quest&#8217;anno 50 anni e le aspettative sono molte. Un cinquantesimo che sicuramente sar\u00e0 festeggiato a dovere dal Comitato Calcio Agordino con tante sorprese. Al momento le squadre non si sono ancora riunite per definire i primi particolari ma si stanno gi\u00e0 muovendo sul mercato. La prima indiscrezione arriva da Taibon dove la compagine del presidente Antimo Savaris avr\u00e0 un nuovo allenatore alla guida della squadra. Daniele Cancel abbandona la panchina dei gialloblu e al suo posto arriva un uomo che negli ultimi anni ha giocato nel La Valle. Si tratta di Daniele &#8220;Dedo&#8221; De Dea, una carriera da giocatore di livello sia in provincia che nel Campionato Agordino portando in alto la bandiera del La Valle Calcio dal 1993 al 2022, disputando 9 finali e vincendone 2 (nel 2005 e 2012). Dopo aver appeso gli scarpini al chiodo, De Dea si appresta dunque ad intraprendere la carriera da allenatore dove trover\u00e0 di fronte altri allenatori che negli anni scorsi sono stati amici e nemici sui campi da gioco, in primis Marco &#8220;Caco&#8221; Lorenzi, ora allenatore del Canale. Il primo appuntamento ufficiale per gli appassionati sar\u00e0 sicuramente la presentazione delle squadre e l&#8217;estrazione dei gironi in occasione della Sagra de Pasca, anche se ancora tutto da confermare.<\/p>\n<p>&nbsp;<\/p>\n<p><span style=\"color: #0000ff;\"><strong>CORSA IN MONTAGNA\u00a0<\/strong><\/span><\/p>\n<blockquote><p><strong><a class=\"dt-pswp-item\" href=\"https:\/\/www.radiopiu.net\/wordpress\/wp-content\/uploads\/2025\/01\/Martinez_e_compagni_esultano.jpg\" data-dt-img-description=\"\" data-large_image_width=\"1266\" data-large_image_height=\"794\"><img loading=\"lazy\" decoding=\"async\" class=\" wp-image-428758 alignleft\" src=\"https:\/\/www.radiopiu.net\/wordpress\/wp-content\/uploads\/2025\/01\/Martinez_e_compagni_esultano-300x188.jpg\" alt=\"\" width=\"195\" height=\"122\" srcset=\"https:\/\/www.radiopiu.net\/wordpress\/wp-content\/uploads\/2025\/01\/Martinez_e_compagni_esultano-300x188.jpg 300w, https:\/\/www.radiopiu.net\/wordpress\/wp-content\/uploads\/2025\/01\/Martinez_e_compagni_esultano-1024x642.jpg 1024w, https:\/\/www.radiopiu.net\/wordpress\/wp-content\/uploads\/2025\/01\/Martinez_e_compagni_esultano-768x482.jpg 768w, https:\/\/www.radiopiu.net\/wordpress\/wp-content\/uploads\/2025\/01\/Martinez_e_compagni_esultano.jpg 1266w\" sizes=\"auto, (max-width: 195px) 100vw, 195px\" \/><\/a>Belluno Volley vola in semifinale: Acqui Terme battuta 3-1<\/strong><\/p><\/blockquote>\n<p>Il <strong>Belluno Volley<\/strong> conquista la semifinale di Coppa Italia di A3 con una vittoria per <strong>3-1<\/strong> contro Negrini CTE Acqui Terme. Nella sfida alla <strong>VHV Arena<\/strong>, i &#8220;rinoceronti&#8221; dominano grazie a prestazioni decisive di <strong>Mian<\/strong> e <strong>Loglisci<\/strong>, nonostante le assenze di Bisi e Schiro.<\/p>\n<p><strong>Parziali:<\/strong> 25-23, 21-25, 25-23, 25-17.<br \/>\nCoach Marzola elogia la squadra: \u00abAbbiamo svoltato in battuta e giocato con tranquillit\u00e0\u00bb.<\/p>\n<p>Prossima sfida in semifinale contro Romeo Sorrento il 29 gennaio. Intanto, Belluno torna in campo sabato 11 gennaio contro il Cus Cagliari per il campionato.<\/p>\n<p>&nbsp;<\/p>\n<p><span style=\"color: #0000ff;\"><strong>CORSA IN MONTAGNA <\/strong><\/span><\/p>\n<blockquote><p><strong><a class=\"dt-pswp-item\" href=\"https:\/\/www.radiopiu.net\/wordpress\/wp-content\/uploads\/2025\/01\/RobertoDePellegrin_TRANSPELMO_2024.jpg\" data-dt-img-description=\"\" data-large_image_width=\"1500\" data-large_image_height=\"1000\"><img loading=\"lazy\" decoding=\"async\" class=\"wp-image-428679 alignleft\" src=\"https:\/\/www.radiopiu.net\/wordpress\/wp-content\/uploads\/2025\/01\/RobertoDePellegrin_TRANSPELMO_2024-300x200.jpg\" alt=\"\" width=\"158\" height=\"105\" srcset=\"https:\/\/www.radiopiu.net\/wordpress\/wp-content\/uploads\/2025\/01\/RobertoDePellegrin_TRANSPELMO_2024-300x200.jpg 300w, https:\/\/www.radiopiu.net\/wordpress\/wp-content\/uploads\/2025\/01\/RobertoDePellegrin_TRANSPELMO_2024-1024x683.jpg 1024w, https:\/\/www.radiopiu.net\/wordpress\/wp-content\/uploads\/2025\/01\/RobertoDePellegrin_TRANSPELMO_2024-768x512.jpg 768w, https:\/\/www.radiopiu.net\/wordpress\/wp-content\/uploads\/2025\/01\/RobertoDePellegrin_TRANSPELMO_2024.jpg 1500w\" sizes=\"auto, (max-width: 158px) 100vw, 158px\" \/><\/a>Transpelmo 2025: Novit\u00e0 Pelmo Sprint Run<\/strong><\/p><\/blockquote>\n<p>Il 7 settembre 2025, la Val di Zoldo ospiter\u00e0 la Transpelmo, arricchita dalla nuova <strong>Pelmo Sprint Run<\/strong>, una gara breve di 8,5 km con 650 metri di dislivello. Le iscrizioni per entrambi gli eventi apriranno il 3 febbraio.<\/p>\n<p>&nbsp;<\/p>\n<hr \/>\n<p>&nbsp;<\/p>\n","protected":false},"excerpt":{"rendered":"<p>******** &nbsp; LA\u00a0 APP PER IOS-IPHONE di Nicola Vettorello https:\/\/apps.apple.com\/it\/app\/radio-pi%C3%B9-emittente-agordina\/id1515939845 LA\u00a0 APP RADIO\u00a0 PER ANDROID di Nicola Vettorello https:\/\/play.google.com\/store\/apps\/details?id=net.radiopiu.iniko\u00a0\u00a0\u00a0 &nbsp; &nbsp; &nbsp; &nbsp; OGGI ALLA RADIO:\u00a0 rassegna stampa nazionale, ogni giorno alle 5 e alle 6 del mattino. giornali locali 7 rassegna stampa flash, 8 rassegna stampa, gr flash alle 10 e alle 11, principale&hellip;<\/p>\n","protected":false},"author":4,"featured_media":428662,"comment_status":"closed","ping_status":"closed","sticky":false,"template":"","format":"standard","meta":{"_monsterinsights_skip_tracking":false,"_monsterinsights_sitenote_active":false,"_monsterinsights_sitenote_note":"","_monsterinsights_sitenote_category":0,"footnotes":""},"categories":[51,86,49],"tags":[],"class_list":["post-428622","post","type-post","status-publish","format-standard","has-post-thumbnail","hentry","category-evidenza-top","category-gr","category-news-18","category-51","category-86","category-49","description-off"],"img_url":"https:\/\/www.radiopiu.net\/wordpress\/wp-content\/uploads\/2025\/01\/PHOTO-2025-01-08-08-13-00.jpg","_links":{"self":[{"href":"https:\/\/www.radiopiu.net\/wordpress\/wp-json\/wp\/v2\/posts\/428622","targetHints":{"allow":["GET"]}}],"collection":[{"href":"https:\/\/www.radiopiu.net\/wordpress\/wp-json\/wp\/v2\/posts"}],"about":[{"href":"https:\/\/www.radiopiu.net\/wordpress\/wp-json\/wp\/v2\/types\/post"}],"author":[{"embeddable":true,"href":"https:\/\/www.radiopiu.net\/wordpress\/wp-json\/wp\/v2\/users\/4"}],"replies":[{"embeddable":true,"href":"https:\/\/www.radiopiu.net\/wordpress\/wp-json\/wp\/v2\/comments?post=428622"}],"version-history":[{"count":19,"href":"https:\/\/www.radiopiu.net\/wordpress\/wp-json\/wp\/v2\/posts\/428622\/revisions"}],"predecessor-version":[{"id":428763,"href":"https:\/\/www.radiopiu.net\/wordpress\/wp-json\/wp\/v2\/posts\/428622\/revisions\/428763"}],"wp:featuredmedia":[{"embeddable":true,"href":"https:\/\/www.radiopiu.net\/wordpress\/wp-json\/wp\/v2\/media\/428662"}],"wp:attachment":[{"href":"https:\/\/www.radiopiu.net\/wordpress\/wp-json\/wp\/v2\/media?parent=428622"}],"wp:term":[{"taxonomy":"category","embeddable":true,"href":"https:\/\/www.radiopiu.net\/wordpress\/wp-json\/wp\/v2\/categories?post=428622"},{"taxonomy":"post_tag","embeddable":true,"href":"https:\/\/www.radiopiu.net\/wordpress\/wp-json\/wp\/v2\/tags?post=428622"}],"curies":[{"name":"wp","href":"https:\/\/api.w.org\/{rel}","templated":true}]}}