{"id":428660,"date":"2025-01-09T05:38:23","date_gmt":"2025-01-09T04:38:23","guid":{"rendered":"https:\/\/www.radiopiu.net\/wordpress\/?p=428660"},"modified":"2025-01-09T05:44:09","modified_gmt":"2025-01-09T04:44:09","slug":"emergenza-sulle-piste-soccorso-provvidenziale-salva-la-vita-a-una-sciatrice-a-selva-di-cadore","status":"publish","type":"post","link":"https:\/\/www.radiopiu.net\/wordpress\/emergenza-sulle-piste-soccorso-provvidenziale-salva-la-vita-a-una-sciatrice-a-selva-di-cadore\/","title":{"rendered":"&#8220;Emergenza sulle piste: soccorso provvidenziale salva la vita a una sciatrice a Selva di Cadore&#8221;"},"content":{"rendered":"<p>**<\/p>\n<div class=\"flex-1 overflow-hidden @container\/thread\">\n<div class=\"h-full\">\n<div class=\"react-scroll-to-bottom--css-kcyau-79elbk h-full\">\n<div class=\"react-scroll-to-bottom--css-kcyau-1n7m0yu\">\n<div class=\"flex flex-col text-sm md:pb-9\">\n<article class=\"w-full scroll-mb-[var(--thread-trailing-height,150px)] text-token-text-primary focus-visible:outline-2 focus-visible:outline-offset-[-4px]\" dir=\"auto\" data-testid=\"conversation-turn-3\" data-scroll-anchor=\"true\">\n<div class=\"m-auto text-base py-[18px] px-3 md:px-4 w-full md:px-5 lg:px-4 xl:px-5\">\n<div class=\"mx-auto flex flex-1 gap-4 text-base md:gap-5 lg:gap-6 md:max-w-3xl lg:max-w-[40rem] xl:max-w-[48rem]\">\n<div class=\"group\/conversation-turn relative flex w-full min-w-0 flex-col agent-turn\">\n<div class=\"flex-col gap-1 md:gap-3\">\n<div class=\"flex max-w-full flex-col flex-grow\">\n<div class=\"min-h-8 text-message flex w-full flex-col items-end gap-2 whitespace-normal break-words text-start [.text-message+&amp;]:mt-5\" dir=\"auto\" data-message-author-role=\"assistant\" data-message-id=\"f45a6ef5-6747-4548-b00b-67eaa6b2ae42\" data-message-model-slug=\"gpt-4o\">\n<div class=\"flex w-full flex-col gap-1 empty:hidden first:pt-[3px]\">\n<div class=\"markdown prose w-full break-words dark:prose-invert dark\">\n<p><img loading=\"lazy\" decoding=\"async\" class=\"alignleft\" src=\"https:\/\/www.radiopiu.net\/wordpress\/wp-content\/uploads\/2025\/01\/PHOTO-2025-01-08-08-13-29.jpg\" width=\"239\" height=\"179\" \/>Momenti di grande tensione sabato 30 dicembre sulle piste del comprensorio sciistico di <strong>Selva di Cadore<\/strong>, dove una giornata di sport e divertimento si \u00e8 trasformata in un\u2019operazione di emergenza.\u00a0 Alle 10.15, un uomo in evidente stato di agitazione ha raggiunto gli uffici del <strong>Distaccamento Sciatori<\/strong>, chiedendo aiuto per la suocera, colpita da un malore all\u2019esterno del \u201c<strong>Ristoro Belvedere<\/strong>\u201d in <strong>Cima Fertazza<\/strong>. Secondo quanto riportato, la donna, 70 anni, era seduta su una panchina, lamentando forti dolori al petto. Gli agenti della Polizia, resisi conto della gravit\u00e0 della situazione, hanno raggiunto immediatamente la paziente. Nonostante fosse cosciente, la signora manifestava sintomi evidenti di un problema cardiaco: voce flebile, colorito pallido e difficolt\u00e0 respiratorie. <strong>L\u2019elicottero salvavita <\/strong>Considerando la possibile urgenza di un arresto cardiaco imminente, \u00e8 stata allertata la <a class=\"dt-pswp-item\" href=\"https:\/\/www.radiopiu.net\/wordpress\/wp-content\/uploads\/2025\/01\/PHOTO-2025-01-08-08-13-00.jpg\" data-dt-img-description=\"\" data-large_image_width=\"899\" data-large_image_height=\"1600\"><img loading=\"lazy\" decoding=\"async\" class=\"size-medium wp-image-428662 alignright\" src=\"https:\/\/www.radiopiu.net\/wordpress\/wp-content\/uploads\/2025\/01\/PHOTO-2025-01-08-08-13-00-169x300.jpg\" alt=\"\" width=\"169\" height=\"300\" srcset=\"https:\/\/www.radiopiu.net\/wordpress\/wp-content\/uploads\/2025\/01\/PHOTO-2025-01-08-08-13-00-169x300.jpg 169w, https:\/\/www.radiopiu.net\/wordpress\/wp-content\/uploads\/2025\/01\/PHOTO-2025-01-08-08-13-00-575x1024.jpg 575w, https:\/\/www.radiopiu.net\/wordpress\/wp-content\/uploads\/2025\/01\/PHOTO-2025-01-08-08-13-00-768x1367.jpg 768w, https:\/\/www.radiopiu.net\/wordpress\/wp-content\/uploads\/2025\/01\/PHOTO-2025-01-08-08-13-00-863x1536.jpg 863w, https:\/\/www.radiopiu.net\/wordpress\/wp-content\/uploads\/2025\/01\/PHOTO-2025-01-08-08-13-00.jpg 899w\" sizes=\"auto, (max-width: 169px) 100vw, 169px\" \/><\/a>Centrale Operativa del <strong>118<\/strong>, che ha deciso di inviare un elicottero con a bordo un\u2019unit\u00e0 medica di rianimazione. Gli agenti, nel frattempo, hanno messo in sicurezza l\u2019area di atterraggio, particolarmente affollata in quel momento, liberandola da sciatori e attrezzature. Alle 10.38 il velivolo \u00e8 atterrato e i sanitari hanno immediatamente stabilizzato la paziente. Poco dopo, la donna \u00e8 stata trasportata d\u2019urgenza presso l\u2019ospedale di <strong>Belluno<\/strong>, dove \u00e8 stata ricoverata in terapia intensiva per ischemia cardiaca. <strong>Un intervento provvidenziale <\/strong>Grazie alla tempestivit\u00e0 dei soccorsi e alla coordinazione tra gli agenti del Distaccamento Sciatori e il personale sanitario, l\u2019intervento si \u00e8 rivelato decisivo. Attualmente, la donna \u00e8 sotto stretta osservazione medica, ma il rapido intervento ha evitato conseguenze ben pi\u00f9 gravi.<\/p>\n<\/div>\n<\/div>\n<p>__<\/p>\n<\/div>\n<\/div>\n<div class=\"mt-3 w-full empty:hidden\">\n<div class=\"text-center\"><\/div>\n<\/div>\n<\/div>\n<div class=\"absolute\">\n<div class=\"flex items-center justify-center\"><\/div>\n<\/div>\n<\/div>\n<\/div>\n<\/div>\n<\/article>\n<\/div>\n<\/div>\n<\/div>\n<\/div>\n<\/div>\n<div class=\"md:pt-0 dark:border-white\/20 md:border-transparent md:dark:border-transparent w-full\">\n<div>\n<div class=\"m-auto text-base px-3 md:px-4 w-full md:px-5 lg:px-4 xl:px-5\">\n<div class=\"mx-auto flex flex-1 gap-4 text-base md:gap-5 lg:gap-6 md:max-w-3xl lg:max-w-[40rem] xl:max-w-[48rem]\">\n<div class=\"flex justify-center\"><\/div>\n<\/div>\n<\/div>\n<\/div>\n<\/div>\n","protected":false},"excerpt":{"rendered":"<p>** Momenti di grande tensione sabato 30 dicembre sulle piste del comprensorio sciistico di Selva di Cadore, dove una giornata di sport e divertimento si \u00e8 trasformata in un\u2019operazione di emergenza.\u00a0 Alle 10.15, un uomo in evidente stato di agitazione ha raggiunto gli uffici del Distaccamento Sciatori, chiedendo aiuto per la suocera, colpita da un&hellip;<\/p>\n","protected":false},"author":4,"featured_media":428661,"comment_status":"closed","ping_status":"closed","sticky":false,"template":"","format":"standard","meta":{"_monsterinsights_skip_tracking":false,"_monsterinsights_sitenote_active":false,"_monsterinsights_sitenote_note":"","_monsterinsights_sitenote_category":0,"footnotes":""},"categories":[51,49],"tags":[],"class_list":["post-428660","post","type-post","status-publish","format-standard","has-post-thumbnail","hentry","category-evidenza-top","category-news-18","category-51","category-49","description-off"],"img_url":"https:\/\/www.radiopiu.net\/wordpress\/wp-content\/uploads\/2025\/01\/PHOTO-2025-01-08-08-13-29.jpg","_links":{"self":[{"href":"https:\/\/www.radiopiu.net\/wordpress\/wp-json\/wp\/v2\/posts\/428660","targetHints":{"allow":["GET"]}}],"collection":[{"href":"https:\/\/www.radiopiu.net\/wordpress\/wp-json\/wp\/v2\/posts"}],"about":[{"href":"https:\/\/www.radiopiu.net\/wordpress\/wp-json\/wp\/v2\/types\/post"}],"author":[{"embeddable":true,"href":"https:\/\/www.radiopiu.net\/wordpress\/wp-json\/wp\/v2\/users\/4"}],"replies":[{"embeddable":true,"href":"https:\/\/www.radiopiu.net\/wordpress\/wp-json\/wp\/v2\/comments?post=428660"}],"version-history":[{"count":3,"href":"https:\/\/www.radiopiu.net\/wordpress\/wp-json\/wp\/v2\/posts\/428660\/revisions"}],"predecessor-version":[{"id":428665,"href":"https:\/\/www.radiopiu.net\/wordpress\/wp-json\/wp\/v2\/posts\/428660\/revisions\/428665"}],"wp:featuredmedia":[{"embeddable":true,"href":"https:\/\/www.radiopiu.net\/wordpress\/wp-json\/wp\/v2\/media\/428661"}],"wp:attachment":[{"href":"https:\/\/www.radiopiu.net\/wordpress\/wp-json\/wp\/v2\/media?parent=428660"}],"wp:term":[{"taxonomy":"category","embeddable":true,"href":"https:\/\/www.radiopiu.net\/wordpress\/wp-json\/wp\/v2\/categories?post=428660"},{"taxonomy":"post_tag","embeddable":true,"href":"https:\/\/www.radiopiu.net\/wordpress\/wp-json\/wp\/v2\/tags?post=428660"}],"curies":[{"name":"wp","href":"https:\/\/api.w.org\/{rel}","templated":true}]}}