{"id":428709,"date":"2025-01-08T23:59:22","date_gmt":"2025-01-08T22:59:22","guid":{"rendered":"https:\/\/www.radiopiu.net\/wordpress\/?p=428709"},"modified":"2025-01-09T05:45:26","modified_gmt":"2025-01-09T04:45:26","slug":"si-avvicina-la-50esima-edizione-del-campionato-agordino-di-calcio-il-taibon-cambia-allenatore","status":"publish","type":"post","link":"https:\/\/www.radiopiu.net\/wordpress\/si-avvicina-la-50esima-edizione-del-campionato-agordino-di-calcio-il-taibon-cambia-allenatore\/","title":{"rendered":"SI AVVICINA LA 50ESIMA EDIZIONE DEL CAMPIONATO AGORDINO DI CALCIO. IL TAIBON CAMBIA ALLENATORE"},"content":{"rendered":"<p>*******<\/p>\n<p>&nbsp;<\/p>\n<p><strong><a class=\"dt-pswp-item\" href=\"https:\/\/www.radiopiu.net\/wordpress\/wp-content\/uploads\/2025\/01\/SCR-20250108-sgny.png\" data-dt-img-description=\"\" data-large_image_width=\"582\" data-large_image_height=\"416\"><img loading=\"lazy\" decoding=\"async\" class=\" wp-image-428732 alignleft\" src=\"https:\/\/www.radiopiu.net\/wordpress\/wp-content\/uploads\/2025\/01\/SCR-20250108-sgny-300x214.png\" alt=\"\" width=\"205\" height=\"146\" srcset=\"https:\/\/www.radiopiu.net\/wordpress\/wp-content\/uploads\/2025\/01\/SCR-20250108-sgny-300x214.png 300w, https:\/\/www.radiopiu.net\/wordpress\/wp-content\/uploads\/2025\/01\/SCR-20250108-sgny.png 582w\" sizes=\"auto, (max-width: 205px) 100vw, 205px\" \/><\/a>di Marco Gaz<\/strong><\/p>\n<p><strong>REDAZIONE\u00a0<\/strong>Mancano circa 6 mesi al fischio d&#8217;inizio, ma le squadre di calcio agordine si stanno gi\u00e0 preparando per il Campionato Agordino di Calcio 2025. Il torneo pi\u00f9 seguito della vallata compir\u00e0 quest&#8217;anno 50 anni e le aspettative sono molte. Un cinquantesimo che sicuramente sar\u00e0 festeggiato a dovere dal Comitato Calcio Agordino con tante sorprese. Al momento le squadre non si sono ancora riunite per definire i primi particolari ma si stanno gi\u00e0 muovendo sul mercato. La prima indiscrezione arriva da Taibon dove la compagine del presidente Antimo Savaris avr\u00e0 un nuovo allenatore alla guida della squadra. Daniele Cancel abbandona la panchina dei gialloblu e al suo posto arriva un uomo che negli ultimi anni ha giocato nel La Valle. Si tratta di Daniele &#8220;Dedo&#8221; De Dea, una carriera da giocatore di livello sia in provincia che nel Campionato Agordino portando in alto la bandiera del La Valle Calcio dal 1993 al 2022, disputando 9 finali e vincendone 2 (nel 2005 e 2012). Dopo aver appeso gli scarpini al chiodo, De Dea si appresta dunque ad intraprendere la carriera da allenatore dove trover\u00e0 di fronte altri allenatori che negli anni scorsi sono stati amici e nemici sui campi da gioco, in primis Marco &#8220;Caco&#8221; Lorenzi, ora allenatore del Canale. Il primo appuntamento ufficiale con gli appassionati sar\u00e0 sicuramente la presentazione delle squadre e l&#8217;estrazione dei gironi in occasione della Sagra de Pasca, anche se ancora tutto da confermare.<\/p>\n<p>&nbsp;<\/p>\n<p>&nbsp;<\/p>\n<p>&nbsp;<\/p>\n<p>********<\/p>\n","protected":false},"excerpt":{"rendered":"<p>******* &nbsp; di Marco Gaz REDAZIONE\u00a0Mancano circa 6 mesi al fischio d&#8217;inizio, ma le squadre di calcio agordine si stanno gi\u00e0 preparando per il Campionato Agordino di Calcio 2025. Il torneo pi\u00f9 seguito della vallata compir\u00e0 quest&#8217;anno 50 anni e le aspettative sono molte. Un cinquantesimo che sicuramente sar\u00e0 festeggiato a dovere dal Comitato Calcio&hellip;<\/p>\n","protected":false},"author":4,"featured_media":360218,"comment_status":"closed","ping_status":"closed","sticky":false,"template":"","format":"standard","meta":{"_monsterinsights_skip_tracking":false,"_monsterinsights_sitenote_active":false,"_monsterinsights_sitenote_note":"","_monsterinsights_sitenote_category":0,"footnotes":""},"categories":[104,49],"tags":[],"class_list":["post-428709","post","type-post","status-publish","format-standard","has-post-thumbnail","hentry","category-evidenza_3","category-news-18","category-104","category-49","description-off"],"img_url":"https:\/\/www.radiopiu.net\/wordpress\/wp-content\/uploads\/2023\/11\/calcio.jpg","_links":{"self":[{"href":"https:\/\/www.radiopiu.net\/wordpress\/wp-json\/wp\/v2\/posts\/428709","targetHints":{"allow":["GET"]}}],"collection":[{"href":"https:\/\/www.radiopiu.net\/wordpress\/wp-json\/wp\/v2\/posts"}],"about":[{"href":"https:\/\/www.radiopiu.net\/wordpress\/wp-json\/wp\/v2\/types\/post"}],"author":[{"embeddable":true,"href":"https:\/\/www.radiopiu.net\/wordpress\/wp-json\/wp\/v2\/users\/4"}],"replies":[{"embeddable":true,"href":"https:\/\/www.radiopiu.net\/wordpress\/wp-json\/wp\/v2\/comments?post=428709"}],"version-history":[{"count":3,"href":"https:\/\/www.radiopiu.net\/wordpress\/wp-json\/wp\/v2\/posts\/428709\/revisions"}],"predecessor-version":[{"id":428733,"href":"https:\/\/www.radiopiu.net\/wordpress\/wp-json\/wp\/v2\/posts\/428709\/revisions\/428733"}],"wp:featuredmedia":[{"embeddable":true,"href":"https:\/\/www.radiopiu.net\/wordpress\/wp-json\/wp\/v2\/media\/360218"}],"wp:attachment":[{"href":"https:\/\/www.radiopiu.net\/wordpress\/wp-json\/wp\/v2\/media?parent=428709"}],"wp:term":[{"taxonomy":"category","embeddable":true,"href":"https:\/\/www.radiopiu.net\/wordpress\/wp-json\/wp\/v2\/categories?post=428709"},{"taxonomy":"post_tag","embeddable":true,"href":"https:\/\/www.radiopiu.net\/wordpress\/wp-json\/wp\/v2\/tags?post=428709"}],"curies":[{"name":"wp","href":"https:\/\/api.w.org\/{rel}","templated":true}]}}