{"id":428728,"date":"2025-01-08T21:12:07","date_gmt":"2025-01-08T20:12:07","guid":{"rendered":"https:\/\/www.radiopiu.net\/wordpress\/?p=428728"},"modified":"2025-01-08T21:12:07","modified_gmt":"2025-01-08T20:12:07","slug":"convegno-a-cencenighe-sulle-comunita-energetiche-rinnovabili","status":"publish","type":"post","link":"https:\/\/www.radiopiu.net\/wordpress\/convegno-a-cencenighe-sulle-comunita-energetiche-rinnovabili\/","title":{"rendered":"CONVEGNO A CENCENIGHE SULLE COMUNITA&#8217; ENERGETICHE RINNOVABILI"},"content":{"rendered":"<p>******<\/p>\n<p>&nbsp;<\/p>\n<p><strong><a class=\"dt-pswp-item\" href=\"https:\/\/www.radiopiu.net\/wordpress\/wp-content\/uploads\/2025\/01\/SCR-20250108-shcv.jpeg\" data-dt-img-description=\"\" data-large_image_width=\"1248\" data-large_image_height=\"688\"><img loading=\"lazy\" decoding=\"async\" class=\" wp-image-428730 alignleft\" src=\"https:\/\/www.radiopiu.net\/wordpress\/wp-content\/uploads\/2025\/01\/SCR-20250108-shcv-300x165.jpeg\" alt=\"\" width=\"242\" height=\"133\" srcset=\"https:\/\/www.radiopiu.net\/wordpress\/wp-content\/uploads\/2025\/01\/SCR-20250108-shcv-300x165.jpeg 300w, https:\/\/www.radiopiu.net\/wordpress\/wp-content\/uploads\/2025\/01\/SCR-20250108-shcv-1024x565.jpeg 1024w, https:\/\/www.radiopiu.net\/wordpress\/wp-content\/uploads\/2025\/01\/SCR-20250108-shcv-768x423.jpeg 768w, https:\/\/www.radiopiu.net\/wordpress\/wp-content\/uploads\/2025\/01\/SCR-20250108-shcv.jpeg 1248w\" sizes=\"auto, (max-width: 242px) 100vw, 242px\" \/><\/a>CENCENIGHE <\/strong>Venerd\u00ec 10 gennaio, alle 18, nella sala consigliare del Municipio di Cencenighe, si terr\u00e0 un incontro informativo dedicato alle Comunit\u00e0 Energetiche Rinnovabili (CER). La CER Dolomiti, promossa dal BIM Consorzio in collaborazione con i Comuni di Belluno e Feltre e con la Camera di Commercio Treviso-Belluno, organizza questa serata per illustrare i vantaggi e le modalit\u00e0 di adesione alla CER, aperta a privati cittadini, imprese ed enti pubblici. Questa innovativa iniziativa permette di ridurre i costi energetici condividendo la produzione di energia e contribuendo al rispetto dell\u2019ambiente. Interverranno: Antonio Barattin, presidente della CER Dolomiti; Giovanni Piccoli, presidente del Centro Studi Bellunese; Marco Staunovo, presidente del BIM Consorzio e altri esperti del settore disponibili a rispondere alle domande del pubblico. L\u2019incontro \u00e8 aperto a tutti.<\/p>\n<p><strong>ANTONIO BARATTIN PRESIDENTE DELLA CER DOLOMITI<\/strong><\/p>\n<audio class=\"wp-audio-shortcode\" id=\"audio-428728-1\" preload=\"none\" style=\"width: 100%;\" controls=\"controls\"><source type=\"audio\/mpeg\" src=\"https:\/\/www.radiopiu.net\/wordpress\/wp-content\/uploads\/2025\/01\/ANTONIO-BARATTIN-CER-CENCENIGHE.mp3?_=1\" \/><a href=\"https:\/\/www.radiopiu.net\/wordpress\/wp-content\/uploads\/2025\/01\/ANTONIO-BARATTIN-CER-CENCENIGHE.mp3\">https:\/\/www.radiopiu.net\/wordpress\/wp-content\/uploads\/2025\/01\/ANTONIO-BARATTIN-CER-CENCENIGHE.mp3<\/a><\/audio>\n<p>&nbsp;<\/p>\n<p>&nbsp;<\/p>\n<p>********<\/p>\n","protected":false},"excerpt":{"rendered":"<p>****** &nbsp; CENCENIGHE Venerd\u00ec 10 gennaio, alle 18, nella sala consigliare del Municipio di Cencenighe, si terr\u00e0 un incontro informativo dedicato alle Comunit\u00e0 Energetiche Rinnovabili (CER). La CER Dolomiti, promossa dal BIM Consorzio in collaborazione con i Comuni di Belluno e Feltre e con la Camera di Commercio Treviso-Belluno, organizza questa serata per illustrare i&hellip;<\/p>\n","protected":false},"author":4,"featured_media":428730,"comment_status":"closed","ping_status":"closed","sticky":false,"template":"","format":"standard","meta":{"_monsterinsights_skip_tracking":false,"_monsterinsights_sitenote_active":false,"_monsterinsights_sitenote_note":"","_monsterinsights_sitenote_category":0,"footnotes":""},"categories":[49],"tags":[],"class_list":["post-428728","post","type-post","status-publish","format-standard","has-post-thumbnail","hentry","category-news-18","category-49","description-off"],"img_url":"https:\/\/www.radiopiu.net\/wordpress\/wp-content\/uploads\/2025\/01\/SCR-20250108-shcv.jpeg","_links":{"self":[{"href":"https:\/\/www.radiopiu.net\/wordpress\/wp-json\/wp\/v2\/posts\/428728","targetHints":{"allow":["GET"]}}],"collection":[{"href":"https:\/\/www.radiopiu.net\/wordpress\/wp-json\/wp\/v2\/posts"}],"about":[{"href":"https:\/\/www.radiopiu.net\/wordpress\/wp-json\/wp\/v2\/types\/post"}],"author":[{"embeddable":true,"href":"https:\/\/www.radiopiu.net\/wordpress\/wp-json\/wp\/v2\/users\/4"}],"replies":[{"embeddable":true,"href":"https:\/\/www.radiopiu.net\/wordpress\/wp-json\/wp\/v2\/comments?post=428728"}],"version-history":[{"count":1,"href":"https:\/\/www.radiopiu.net\/wordpress\/wp-json\/wp\/v2\/posts\/428728\/revisions"}],"predecessor-version":[{"id":428731,"href":"https:\/\/www.radiopiu.net\/wordpress\/wp-json\/wp\/v2\/posts\/428728\/revisions\/428731"}],"wp:featuredmedia":[{"embeddable":true,"href":"https:\/\/www.radiopiu.net\/wordpress\/wp-json\/wp\/v2\/media\/428730"}],"wp:attachment":[{"href":"https:\/\/www.radiopiu.net\/wordpress\/wp-json\/wp\/v2\/media?parent=428728"}],"wp:term":[{"taxonomy":"category","embeddable":true,"href":"https:\/\/www.radiopiu.net\/wordpress\/wp-json\/wp\/v2\/categories?post=428728"},{"taxonomy":"post_tag","embeddable":true,"href":"https:\/\/www.radiopiu.net\/wordpress\/wp-json\/wp\/v2\/tags?post=428728"}],"curies":[{"name":"wp","href":"https:\/\/api.w.org\/{rel}","templated":true}]}}