{"id":428755,"date":"2025-01-09T05:36:18","date_gmt":"2025-01-09T04:36:18","guid":{"rendered":"https:\/\/www.radiopiu.net\/wordpress\/?p=428755"},"modified":"2025-01-09T05:44:48","modified_gmt":"2025-01-09T04:44:48","slug":"frassene-di-voltago-fondi-civici-del-legname-per-i-lavori-post-incendio","status":"publish","type":"post","link":"https:\/\/www.radiopiu.net\/wordpress\/frassene-di-voltago-fondi-civici-del-legname-per-i-lavori-post-incendio\/","title":{"rendered":"Frassen\u00e8 di Voltago: fondi civici del legname per i lavori post-incendio"},"content":{"rendered":"<p>**<\/p>\n<p><strong><img loading=\"lazy\" decoding=\"async\" class=\"alignleft\" src=\"https:\/\/www.radiopiu.net\/wordpress\/wp-content\/uploads\/2025\/01\/SCR-20250104-qcta.jpeg\" width=\"175\" height=\"138\" \/>VOLTAGO<\/strong> Il Comune di Voltago utilizzer\u00e0 i proventi della vendita del legname di uso civico di Frassen\u00e8 per finanziare i lavori di somma urgenza necessari dopo l\u2019incendio del 3-4 gennaio. Lo ha annunciato il sindaco Giuseppe Schena, precisando che i fondi saranno prelevati dal capitolo 405 del bilancio comunale.<\/p>\n<p>Intanto, prosegue la gara di solidariet\u00e0 per le famiglie colpite: la raccolta fondi su Gofundme ha superato i 26.000 euro con 67 donazioni, mentre \u00e8 attivo anche il conto comunale dedicato (IBAN: IT 60 S 08140 60980 0000061 62000, causale &#8220;Pro famiglie di Frassen\u00e8&#8221;). Un segnale di vicinanza concreta della comunit\u00e0 a chi \u00e8 stato colpito dalla tragedia.<\/p>\n<p>&nbsp;<\/p>\n<p>&nbsp;<\/p>\n<hr \/>\n<p>&nbsp;<\/p>\n","protected":false},"excerpt":{"rendered":"<p>** VOLTAGO Il Comune di Voltago utilizzer\u00e0 i proventi della vendita del legname di uso civico di Frassen\u00e8 per finanziare i lavori di somma urgenza necessari dopo l\u2019incendio del 3-4 gennaio. Lo ha annunciato il sindaco Giuseppe Schena, precisando che i fondi saranno prelevati dal capitolo 405 del bilancio comunale. Intanto, prosegue la gara di&hellip;<\/p>\n","protected":false},"author":4,"featured_media":428119,"comment_status":"closed","ping_status":"closed","sticky":false,"template":"","format":"standard","meta":{"_monsterinsights_skip_tracking":false,"_monsterinsights_sitenote_active":false,"_monsterinsights_sitenote_note":"","_monsterinsights_sitenote_category":0,"footnotes":""},"categories":[51,104,49],"tags":[],"class_list":["post-428755","post","type-post","status-publish","format-standard","has-post-thumbnail","hentry","category-evidenza-top","category-evidenza_3","category-news-18","category-51","category-104","category-49","description-off"],"img_url":"https:\/\/www.radiopiu.net\/wordpress\/wp-content\/uploads\/2025\/01\/SCR-20250104-qcta.jpeg","_links":{"self":[{"href":"https:\/\/www.radiopiu.net\/wordpress\/wp-json\/wp\/v2\/posts\/428755","targetHints":{"allow":["GET"]}}],"collection":[{"href":"https:\/\/www.radiopiu.net\/wordpress\/wp-json\/wp\/v2\/posts"}],"about":[{"href":"https:\/\/www.radiopiu.net\/wordpress\/wp-json\/wp\/v2\/types\/post"}],"author":[{"embeddable":true,"href":"https:\/\/www.radiopiu.net\/wordpress\/wp-json\/wp\/v2\/users\/4"}],"replies":[{"embeddable":true,"href":"https:\/\/www.radiopiu.net\/wordpress\/wp-json\/wp\/v2\/comments?post=428755"}],"version-history":[{"count":1,"href":"https:\/\/www.radiopiu.net\/wordpress\/wp-json\/wp\/v2\/posts\/428755\/revisions"}],"predecessor-version":[{"id":428756,"href":"https:\/\/www.radiopiu.net\/wordpress\/wp-json\/wp\/v2\/posts\/428755\/revisions\/428756"}],"wp:featuredmedia":[{"embeddable":true,"href":"https:\/\/www.radiopiu.net\/wordpress\/wp-json\/wp\/v2\/media\/428119"}],"wp:attachment":[{"href":"https:\/\/www.radiopiu.net\/wordpress\/wp-json\/wp\/v2\/media?parent=428755"}],"wp:term":[{"taxonomy":"category","embeddable":true,"href":"https:\/\/www.radiopiu.net\/wordpress\/wp-json\/wp\/v2\/categories?post=428755"},{"taxonomy":"post_tag","embeddable":true,"href":"https:\/\/www.radiopiu.net\/wordpress\/wp-json\/wp\/v2\/tags?post=428755"}],"curies":[{"name":"wp","href":"https:\/\/api.w.org\/{rel}","templated":true}]}}