{"id":428864,"date":"2025-01-11T09:15:11","date_gmt":"2025-01-11T08:15:11","guid":{"rendered":"https:\/\/www.radiopiu.net\/wordpress\/?p=428864"},"modified":"2025-01-11T09:22:39","modified_gmt":"2025-01-11T08:22:39","slug":"aggiornamento-dopo-le-ruote-rubate-anche-le-targhe","status":"publish","type":"post","link":"https:\/\/www.radiopiu.net\/wordpress\/aggiornamento-dopo-le-ruote-rubate-anche-le-targhe\/","title":{"rendered":"AGGIORNAMENTO: DOPO LE RUOTE&#8230; RUBATE ANCHE LE TARGHE"},"content":{"rendered":"<p>**<\/p>\n<p><strong>di mirko mezzacasa<\/strong><\/p>\n<p><strong>PASSO FALZAREGO<\/strong> \u2013 Non \u00e8 una puntata di <em>Fast &amp; Furious<\/em>, n\u00e9 l\u2019ultima trovata di un artista contemporaneo: l\u2019ormai celebre Bmw abbandonata lungo la strada per il Passo Falzarego sta diventando un autentico fenomeno di cronaca (e ironia). L\u2019auto, che campeggia ai bordi della carreggiata da oltre un mese, ha perso in sequenza prima le ruote, poi le targhe, e ora qualcuno, con un tocco di creativit\u00e0, ha suggerito che i sedili \u2013 ancora in buono stato \u2013 potrebbero trovarsi nell\u2019ecocentro lato strada.<\/p>\n<p>&nbsp;<\/p>\n\n\t\t\t<style type='text\/css'>\n\t\t\t\t#gallery-1 {\n\t\t\t\t\tmargin: auto;\n\t\t\t\t}\n\t\t\t\t#gallery-1 .gallery-item {\n\t\t\t\t\tfloat: left;\n\t\t\t\t\tmargin-top: 10px;\n\t\t\t\t\ttext-align: center;\n\t\t\t\t\twidth: 33%;\n\t\t\t\t}\n\t\t\t\t#gallery-1 img {\n\t\t\t\t\tborder: 2px solid #cfcfcf;\n\t\t\t\t}\n\t\t\t\t#gallery-1 .gallery-caption {\n\t\t\t\t\tmargin-left: 0;\n\t\t\t\t}\n\t\t\t\t\/* see gallery_shortcode() in wp-includes\/media.php *\/\n\t\t\t<\/style>\n\t\t<div id='gallery-1' class='dt-gallery-container gallery galleryid-428864 gallery-columns-3 gallery-size-thumbnail'><dl class='gallery-item'>\n\t\t\t\t<dt class='gallery-icon portrait'>\n\t\t\t\t\t<a class=\"rollover rollover-zoom dt-pswp-item\" title=\"ada48f33-4ab7-4c35-ad0d-1e4d8254a2c8\" data-dt-img-description=\"\" data-large_image_width=\"1086\" data-large_image_height=\"1448\"href='https:\/\/www.radiopiu.net\/wordpress\/wp-content\/uploads\/2025\/01\/ada48f33-4ab7-4c35-ad0d-1e4d8254a2c8.jpg'><img loading=\"lazy\" decoding=\"async\" width=\"150\" height=\"150\" src=\"https:\/\/www.radiopiu.net\/wordpress\/wp-content\/uploads\/2025\/01\/ada48f33-4ab7-4c35-ad0d-1e4d8254a2c8-150x150.jpg\" class=\"attachment-thumbnail size-thumbnail\" alt=\"\" \/><\/a>\n\t\t\t\t<\/dt><\/dl><dl class='gallery-item'>\n\t\t\t\t<dt class='gallery-icon portrait'>\n\t\t\t\t\t<a class=\"rollover rollover-zoom dt-pswp-item\" title=\"beade727-1f92-4ac4-b0ee-7f88b721538c\" data-dt-img-description=\"\" data-large_image_width=\"1086\" data-large_image_height=\"1448\"href='https:\/\/www.radiopiu.net\/wordpress\/wp-content\/uploads\/2025\/01\/beade727-1f92-4ac4-b0ee-7f88b721538c.jpg'><img loading=\"lazy\" decoding=\"async\" width=\"150\" height=\"150\" src=\"https:\/\/www.radiopiu.net\/wordpress\/wp-content\/uploads\/2025\/01\/beade727-1f92-4ac4-b0ee-7f88b721538c-150x150.jpg\" class=\"attachment-thumbnail size-thumbnail\" alt=\"\" \/><\/a>\n\t\t\t\t<\/dt><\/dl><dl class='gallery-item'>\n\t\t\t\t<dt class='gallery-icon portrait'>\n\t\t\t\t\t<a class=\"rollover rollover-zoom dt-pswp-item\" title=\"99d3d75d-d96f-4b5d-9c99-38ab39df46a9\" data-dt-img-description=\"\" data-large_image_width=\"1086\" data-large_image_height=\"1448\"href='https:\/\/www.radiopiu.net\/wordpress\/wp-content\/uploads\/2025\/01\/99d3d75d-d96f-4b5d-9c99-38ab39df46a9.jpg'><img loading=\"lazy\" decoding=\"async\" width=\"150\" height=\"150\" src=\"https:\/\/www.radiopiu.net\/wordpress\/wp-content\/uploads\/2025\/01\/99d3d75d-d96f-4b5d-9c99-38ab39df46a9-150x150.jpg\" class=\"attachment-thumbnail size-thumbnail\" alt=\"\" \/><\/a>\n\t\t\t\t<\/dt><\/dl><br style=\"clear: both\" \/>\n\t\t\t<\/div>\n\n<p>Gli automobilisti di passaggio e i curiosi si interrogano: questa macchina, ridotta a un puzzle senza scatola, \u00e8 di propriet\u00e0 privata o \u00e8 stata presa a noleggio? Nel secondo caso, sembrerebbe esserci stata un\u2019interpretazione un po\u2019 troppo personale del concetto di \u201ccar sharing\u201d. D\u2019altronde, a chi non piace condividere, specie in montagna? <strong>Un\u2019attrazione turistica inaspettata <\/strong>Nel corso delle settimane, la Bmw \u00e8 diventata protagonista di un processo di \u201criciclo creativo\u201d. Le ruote? Sparite. Le targhe? Portate via, forse come souvenir. I sedili? Secondo i social, pronti anche per arredare un&#8217;area lounge. E mentre i residenti si indignano, i turisti si fermano per scattare foto, trasformando quella che dovrebbe essere una strada panoramica in una sorta di museo dell\u2019assurdo.<\/p>\n<p>&nbsp;<\/p>\n\n\t\t\t<style type='text\/css'>\n\t\t\t\t#gallery-2 {\n\t\t\t\t\tmargin: auto;\n\t\t\t\t}\n\t\t\t\t#gallery-2 .gallery-item {\n\t\t\t\t\tfloat: left;\n\t\t\t\t\tmargin-top: 10px;\n\t\t\t\t\ttext-align: center;\n\t\t\t\t\twidth: 33%;\n\t\t\t\t}\n\t\t\t\t#gallery-2 img {\n\t\t\t\t\tborder: 2px solid #cfcfcf;\n\t\t\t\t}\n\t\t\t\t#gallery-2 .gallery-caption {\n\t\t\t\t\tmargin-left: 0;\n\t\t\t\t}\n\t\t\t\t\/* see gallery_shortcode() in wp-includes\/media.php *\/\n\t\t\t<\/style>\n\t\t<div id='gallery-2' class='dt-gallery-container gallery galleryid-428864 gallery-columns-3 gallery-size-thumbnail'><dl class='gallery-item'>\n\t\t\t\t<dt class='gallery-icon portrait'>\n\t\t\t\t\t<a class=\"rollover rollover-zoom dt-pswp-item\" title=\"6124fa48-d778-442b-acb2-f64820aab972\" data-dt-img-description=\"\" data-large_image_width=\"1086\" data-large_image_height=\"1448\"href='https:\/\/www.radiopiu.net\/wordpress\/wp-content\/uploads\/2025\/01\/6124fa48-d778-442b-acb2-f64820aab972.jpg'><img loading=\"lazy\" decoding=\"async\" width=\"150\" height=\"150\" src=\"https:\/\/www.radiopiu.net\/wordpress\/wp-content\/uploads\/2025\/01\/6124fa48-d778-442b-acb2-f64820aab972-150x150.jpg\" class=\"attachment-thumbnail size-thumbnail\" alt=\"\" \/><\/a>\n\t\t\t\t<\/dt><\/dl><dl class='gallery-item'>\n\t\t\t\t<dt class='gallery-icon portrait'>\n\t\t\t\t\t<a class=\"rollover rollover-zoom dt-pswp-item\" title=\"15d3125c-06a9-451c-8067-09071245113d\" data-dt-img-description=\"\" data-large_image_width=\"1086\" data-large_image_height=\"1448\"href='https:\/\/www.radiopiu.net\/wordpress\/wp-content\/uploads\/2025\/01\/15d3125c-06a9-451c-8067-09071245113d.jpg'><img loading=\"lazy\" decoding=\"async\" width=\"150\" height=\"150\" src=\"https:\/\/www.radiopiu.net\/wordpress\/wp-content\/uploads\/2025\/01\/15d3125c-06a9-451c-8067-09071245113d-150x150.jpg\" class=\"attachment-thumbnail size-thumbnail\" alt=\"\" \/><\/a>\n\t\t\t\t<\/dt><\/dl><dl class='gallery-item'>\n\t\t\t\t<dt class='gallery-icon portrait'>\n\t\t\t\t\t<a class=\"rollover rollover-zoom dt-pswp-item\" title=\"5d03e407-8d86-4f9d-bc65-726e0e76066a\" data-dt-img-description=\"\" data-large_image_width=\"748\" data-large_image_height=\"1375\"href='https:\/\/www.radiopiu.net\/wordpress\/wp-content\/uploads\/2025\/01\/5d03e407-8d86-4f9d-bc65-726e0e76066a.jpg'><img loading=\"lazy\" decoding=\"async\" width=\"150\" height=\"150\" src=\"https:\/\/www.radiopiu.net\/wordpress\/wp-content\/uploads\/2025\/01\/5d03e407-8d86-4f9d-bc65-726e0e76066a-150x150.jpg\" class=\"attachment-thumbnail size-thumbnail\" alt=\"\" \/><\/a>\n\t\t\t\t<\/dt><\/dl><br style=\"clear: both\" \/>\n\t\t\t<\/div>\n\n<p>La domanda che tutti si pongono \u201cMa ne valeva la pena abbandonarla qui?\u201d Forse il proprietario \u2013 o l\u2019ultimo inquilino dell\u2019auto \u2013 ha pensato che la montagna fosse un parcheggio infinito, ma si \u00e8 dimenticato che la Dolomiti non sono un\u2019autosalone. Il lato comico della tragedia (ambientale) Sui social, le battute non si sono fatte attendere. \u201cUn\u2019officina a cielo aperto\u201d, ha commentato qualcuno. \u201cIl primo caso di car sharing involontario in montagna\u201d, ha aggiunto un altro. E c\u2019\u00e8 anche chi si \u00e8 lanciato in suggerimenti per il riuso creativo dei pezzi mancanti: \u201cCon i cerchioni si potrebbero fare ottime griglie per barbecue\u201d. E adesso? Intanto, l\u2019auto continua a resistere eroicamente, sfidando il tempo e i ladri di componenti. La speranza \u00e8 che presto qualcuno decida di rimuovere questo insolito monumento all\u2019incuria, restituendo alla strada il suo decoro (e ai turisti la vista mozzafiato, senza ruote e targhe sparse a fare da cornice). Nel frattempo, la Bmw abbandonata resta l\u00ec, a met\u00e0 tra una storia di degrado e un\u2019ironica cartolina della montagna. Un consiglio? Se passate da quelle parti, scattate una foto: potrebbe diventare il simbolo di una nuova campagna per il \u201ccar sharing involontario\u201d!<\/p>\n<p>&nbsp;<\/p>\n<p>&nbsp;<\/p>\n<hr \/>\n<p>&nbsp;<\/p>\n","protected":false},"excerpt":{"rendered":"<p>** di mirko mezzacasa PASSO FALZAREGO \u2013 Non \u00e8 una puntata di Fast &amp; Furious, n\u00e9 l\u2019ultima trovata di un artista contemporaneo: l\u2019ormai celebre Bmw abbandonata lungo la strada per il Passo Falzarego sta diventando un autentico fenomeno di cronaca (e ironia). L\u2019auto, che campeggia ai bordi della carreggiata da oltre un mese, ha perso&hellip;<\/p>\n","protected":false},"author":4,"featured_media":428860,"comment_status":"closed","ping_status":"closed","sticky":false,"template":"","format":"standard","meta":{"_monsterinsights_skip_tracking":false,"_monsterinsights_sitenote_active":false,"_monsterinsights_sitenote_note":"","_monsterinsights_sitenote_category":0,"footnotes":""},"categories":[51,49],"tags":[],"class_list":["post-428864","post","type-post","status-publish","format-standard","has-post-thumbnail","hentry","category-evidenza-top","category-news-18","category-51","category-49","description-off"],"img_url":"https:\/\/www.radiopiu.net\/wordpress\/wp-content\/uploads\/2025\/01\/5d03e407-8d86-4f9d-bc65-726e0e76066a.jpg","_links":{"self":[{"href":"https:\/\/www.radiopiu.net\/wordpress\/wp-json\/wp\/v2\/posts\/428864","targetHints":{"allow":["GET"]}}],"collection":[{"href":"https:\/\/www.radiopiu.net\/wordpress\/wp-json\/wp\/v2\/posts"}],"about":[{"href":"https:\/\/www.radiopiu.net\/wordpress\/wp-json\/wp\/v2\/types\/post"}],"author":[{"embeddable":true,"href":"https:\/\/www.radiopiu.net\/wordpress\/wp-json\/wp\/v2\/users\/4"}],"replies":[{"embeddable":true,"href":"https:\/\/www.radiopiu.net\/wordpress\/wp-json\/wp\/v2\/comments?post=428864"}],"version-history":[{"count":6,"href":"https:\/\/www.radiopiu.net\/wordpress\/wp-json\/wp\/v2\/posts\/428864\/revisions"}],"predecessor-version":[{"id":429144,"href":"https:\/\/www.radiopiu.net\/wordpress\/wp-json\/wp\/v2\/posts\/428864\/revisions\/429144"}],"wp:featuredmedia":[{"embeddable":true,"href":"https:\/\/www.radiopiu.net\/wordpress\/wp-json\/wp\/v2\/media\/428860"}],"wp:attachment":[{"href":"https:\/\/www.radiopiu.net\/wordpress\/wp-json\/wp\/v2\/media?parent=428864"}],"wp:term":[{"taxonomy":"category","embeddable":true,"href":"https:\/\/www.radiopiu.net\/wordpress\/wp-json\/wp\/v2\/categories?post=428864"},{"taxonomy":"post_tag","embeddable":true,"href":"https:\/\/www.radiopiu.net\/wordpress\/wp-json\/wp\/v2\/tags?post=428864"}],"curies":[{"name":"wp","href":"https:\/\/api.w.org\/{rel}","templated":true}]}}