{"id":429032,"date":"2025-01-10T15:48:19","date_gmt":"2025-01-10T14:48:19","guid":{"rendered":"https:\/\/www.radiopiu.net\/wordpress\/?p=429032"},"modified":"2025-01-11T05:45:24","modified_gmt":"2025-01-11T04:45:24","slug":"nella-notte-10-cm-di-neve-a-malga-losch-il-bollettino-neve-al-suolo-di-arpav","status":"publish","type":"post","link":"https:\/\/www.radiopiu.net\/wordpress\/nella-notte-10-cm-di-neve-a-malga-losch-il-bollettino-neve-al-suolo-di-arpav\/","title":{"rendered":"NELLA NOTTE 10 CM DI NEVE A MALGA LOSCH. IL BOLLETTINO NEVE AL SUOLO DI ARPAV"},"content":{"rendered":"<p>*******<\/p>\n<p>&nbsp;<\/p>\n<p><strong>REDAZIONE<\/strong> Nella notte scorsa le cime dolomitiche sono state interessate da una leggera perturbazione e il Centro Valanghe ARPAV di Arabba ha diramato il bollettino neve al suolo. Pochi i centimetri di neve registrati sulle principali localit\u00e0 dolomitiche. La zona dove si \u00e8 registrato il maggior cumulo \u00e8 Malga Losch a Frassen\u00e8 con 10 cm di neve fresca.<\/p>\n<p><strong>IL BOLLETTINO NEVE AL SUOLO DI ARPAV<\/strong><\/p>\n<a href=\"https:\/\/www.radiopiu.net\/wordpress\/wp-content\/uploads\/2025\/01\/2025_01_10_Dolomiti-Neve-al-Suolo.pdf\" class=\"pdfemb-viewer\" style=\"\" data-width=\"max\" data-height=\"max\" data-toolbar=\"top\" data-toolbar-fixed=\"on\">2025_01_10_Dolomiti Neve al Suolo<\/a>\n<p>&nbsp;<\/p>\n<p>&nbsp;<\/p>\n<p>********<\/p>\n","protected":false},"excerpt":{"rendered":"<p>******* &nbsp; REDAZIONE Nella notte scorsa le cime dolomitiche sono state interessate da una leggera perturbazione e il Centro Valanghe ARPAV di Arabba ha diramato il bollettino neve al suolo. Pochi i centimetri di neve registrati sulle principali localit\u00e0 dolomitiche. La zona dove si \u00e8 registrato il maggior cumulo \u00e8 Malga Losch a Frassen\u00e8 con&hellip;<\/p>\n","protected":false},"author":4,"featured_media":246934,"comment_status":"closed","ping_status":"closed","sticky":false,"template":"","format":"standard","meta":{"_monsterinsights_skip_tracking":false,"_monsterinsights_sitenote_active":false,"_monsterinsights_sitenote_note":"","_monsterinsights_sitenote_category":0,"footnotes":""},"categories":[104,49],"tags":[],"class_list":["post-429032","post","type-post","status-publish","format-standard","has-post-thumbnail","hentry","category-evidenza_3","category-news-18","category-104","category-49","description-off"],"img_url":"https:\/\/www.radiopiu.net\/wordpress\/wp-content\/uploads\/2021\/12\/neve-fiocco.jpeg","_links":{"self":[{"href":"https:\/\/www.radiopiu.net\/wordpress\/wp-json\/wp\/v2\/posts\/429032","targetHints":{"allow":["GET"]}}],"collection":[{"href":"https:\/\/www.radiopiu.net\/wordpress\/wp-json\/wp\/v2\/posts"}],"about":[{"href":"https:\/\/www.radiopiu.net\/wordpress\/wp-json\/wp\/v2\/types\/post"}],"author":[{"embeddable":true,"href":"https:\/\/www.radiopiu.net\/wordpress\/wp-json\/wp\/v2\/users\/4"}],"replies":[{"embeddable":true,"href":"https:\/\/www.radiopiu.net\/wordpress\/wp-json\/wp\/v2\/comments?post=429032"}],"version-history":[{"count":1,"href":"https:\/\/www.radiopiu.net\/wordpress\/wp-json\/wp\/v2\/posts\/429032\/revisions"}],"predecessor-version":[{"id":429034,"href":"https:\/\/www.radiopiu.net\/wordpress\/wp-json\/wp\/v2\/posts\/429032\/revisions\/429034"}],"wp:featuredmedia":[{"embeddable":true,"href":"https:\/\/www.radiopiu.net\/wordpress\/wp-json\/wp\/v2\/media\/246934"}],"wp:attachment":[{"href":"https:\/\/www.radiopiu.net\/wordpress\/wp-json\/wp\/v2\/media?parent=429032"}],"wp:term":[{"taxonomy":"category","embeddable":true,"href":"https:\/\/www.radiopiu.net\/wordpress\/wp-json\/wp\/v2\/categories?post=429032"},{"taxonomy":"post_tag","embeddable":true,"href":"https:\/\/www.radiopiu.net\/wordpress\/wp-json\/wp\/v2\/tags?post=429032"}],"curies":[{"name":"wp","href":"https:\/\/api.w.org\/{rel}","templated":true}]}}