{"id":429104,"date":"2025-01-11T05:37:29","date_gmt":"2025-01-11T04:37:29","guid":{"rendered":"https:\/\/www.radiopiu.net\/wordpress\/?p=429104"},"modified":"2025-01-11T05:37:29","modified_gmt":"2025-01-11T04:37:29","slug":"dillo-a-radio-piu-centro-benessere-ad-agordo-una-questione-ancora-irrisolta","status":"publish","type":"post","link":"https:\/\/www.radiopiu.net\/wordpress\/dillo-a-radio-piu-centro-benessere-ad-agordo-una-questione-ancora-irrisolta\/","title":{"rendered":"DILLO A RADIO PIU: Centro benessere ad Agordo: una questione ancora irrisolta"},"content":{"rendered":"<p>**<\/p>\n<p>Lo scorso 31 dicembre, come ogni anno da 42 anni, Radio Pi\u00f9 ha trasmesso l&#8217;intervista di fine anno al Presidente dell&#8217;Unione Montana Agordina, Paolo Frena. Nell&#8217;ora dedicata al territorio e alla sua gente, il Presidente ha affrontato diverse tematiche, non ultima quella dedicata ai possibili lavori alla piscina comprensoriale di via Lungo Rova.\u00a0 Dopo anni di dibattiti, il futuro del centro benessere\u00a0 rimane incerto, bloccato da una domanda ricorrente: &#8220;Ma ne vale la pena?&#8221;. Un quesito, vecchio di 15 anni, che avrebbe dovuto trovare risposta prima ancora della progettazione. A questo proposito riceviamo e pubblichiamo la lettera di Nevio De Col di La Valle Agordina.<\/p>\n<p><strong>LA LETTERA<\/strong><\/p>\n<p><img decoding=\"async\" class=\"alignleft\" src=\"https:\/\/www.radiopiu.net\/wordpress\/wp-content\/uploads\/2019\/08\/images.jpg\" \/>Ho atteso la pubblicazione dell&#8217;audio, perch\u00e8 dai toni si capiscono molte cose che le parole non dicono. La mia attesa non \u00e8 stata vana visto che \u00e8 stata posta la tanto attesa domanda a me cara, che riguarda il centro benessere presso la piscina di Agordo.<br \/>\nSinceramente mi dispiace molto che alla\u00a0 domanda diretta non ci sia stata una risposta altrettanto diretta. Mi dispiace, a dire il vero, che si sia ancora fermi alla domanda &#8220;ma ne vale la pena?&#8221;. Questa domanda vecchia di 15 anni, che non implica la sola sostenibilit\u00e0 economica, dovrebbe aver avuto risposta molto prima della realizzazione di un progetto. Non si tratta o meno di realizzare un qualcosa che dia sfogo a velleit\u00e0 di un ristretto gruppo di fruitori, ma di un qualcosa che, tarato in un modo corretto e sostenibile, deve dare risposta a richieste turistiche. Partendo da questo, poi si potr\u00e0 dare risposte a domande puramente economiche&#8230;.. ma che dopo decenni si sia ancora fermi ad una domanda di base (ma ne vale la pena?) \u00e8 avvilente per chi, come me, segue da anni l&#8217;evolversi dell&#8217;ambiente wellness fra successi e, purtroppo, fallimenti. Altra cosa che mi ha lasciato di stucco \u00e8 continuare a porre sullo stesso piano le ipotetiche strutture che sarebbero dovute nascere a Falcade ed Arabba, con la struttura che eventualmente dovrebbe nascere ad Agordo. Non conoscendo i progetti, mi vien comunque da dire che un impianto adiacente alla piscina potrebbe condividere alcuni spazi e servizi aumentando, non di poco, la sostenibilit\u00e0 realizzativa e gestionale. Oltretutto la presenza nel capoluogo di vallata di un possibile serbatoio di fruitori non legati alla stagionalit\u00e0 (leggi dipendenti Luxottica) ed un possibile richiamo di fruitori dalla Val Belluna dove questo servizio manca, cambia non di poco l&#8217;orizzonte gestionale della struttura. Se a questo punto fosse necessaria la prova del nove, ci sarebbe la possibilit\u00e0 di interpellare una persona che ha seguito l\u2019aggiunta di un centro benessere ad una piscina comunale in ambiente montano e sta gestendo la struttura da due o tre anni. Se c\u2019\u00e8 questa volont\u00e0, io sarei disponibile per organizzare tale incontro. A dire il vero, mi aspettavo che fosse resa nota l&#8217;esistenza (o meno) di un gruppo di lavoro, con nomi e cognomi, incaricato di dare risposte a delle domande che vanno avanti da pi\u00f9 di dieci anni.<\/p>\n<p>&nbsp;<\/p>\n<div class=\"page-title-head hgroup\">\n<h1 class=\"entry-title\">L\u2019INTERVISTA DI FINE ANNO AL PRESIDENTE DELL\u2019UNIONE MONTANA AGORDINA PAOLO FRENA<\/h1>\n<p>di mirko mezzacasa<\/p>\n<\/div>\n<div class=\"page-title-breadcrumbs\">\n<div class=\"photoswipe-wrapper\" dir=\"auto\"><a class=\"dt-pswp-item pspw-wrap-ready\" href=\"https:\/\/www.radiopiu.net\/wordpress\/wp-content\/uploads\/2024\/12\/471596507_10236396431037698_3094808571034660316_n.jpg\" data-dt-img-description=\"\" data-large_image_width=\"235\" data-large_image_height=\"180\"><img loading=\"lazy\" decoding=\"async\" class=\"size-full wp-image-427179 alignleft\" src=\"https:\/\/www.radiopiu.net\/wordpress\/wp-content\/uploads\/2024\/12\/471596507_10236396431037698_3094808571034660316_n.jpg\" alt=\"\" width=\"235\" height=\"180\" \/><\/a>41 anni fa,\u00a0 Floriano Pra, (sindaco di Alleghe dal 1970) ci ospitava nel suo ufficio in Comunit\u00e0 Montana concedendoci una prima lunga intervista. Era il Presidente dell\u2019allora Comunit\u00e0 Montana Agordina a marchio Democrazia Cristiana, la grande Balena in effetti era ben spiaggiata nell\u2019Agordino, da Colle Santa Lucia a Gosaldo, ma non in piazza ad Agordo saldamente nella mani del Socialista e Senatore Armando Da Roit, \u201cTama\u201d. Allora, nel dicembre 1983 RADIOPIU realizz\u00f2 la prima intervista al Presidente. Io non ancora ventenne e Lui politico gi\u00e0 navigato\u2026Non fu facile, ma sicuramente fantastico, Floriano Pra al microfono di RADIOPIU era per noi gi\u00e0 un importante traguardo.<\/div>\n<div dir=\"auto\">Dal 1983 ad oggi, ogni anno, l\u2019ultimo dell\u2019anno, il 31 dicembre alle 12.30 la RADIO dedica un\u2019ora di tempo al Presidente dell\u2019Unione Montana. Sar\u00e0 cos\u00ec anche quest\u2019anno, martedi un\u2019ora con il Presidente Paolo Frena. Rapporti con la regione, viabilit\u00e0, ciclabile, Luxottica, spopolamento, programmi \u2026 e molto altro<\/div>\n<div dir=\"auto\">mirko mezzacasa<\/div>\n<p dir=\"auto\"><strong>L&#8217;INTERVISTA AL PRESIDENTE DELL&#8217;UNIONE MONTANA AGORDINA PAOLO FRENA<\/strong><\/p>\n<audio class=\"wp-audio-shortcode\" id=\"audio-429104-1\" preload=\"none\" style=\"width: 100%;\" controls=\"controls\"><source type=\"audio\/mpeg\" src=\"https:\/\/www.radiopiu.net\/wordpress\/wp-content\/uploads\/2025\/01\/PAOLO-FRENA-FINE-ANNO-2024-DI-MIRKO.mp3?_=1\" \/><a href=\"https:\/\/www.radiopiu.net\/wordpress\/wp-content\/uploads\/2025\/01\/PAOLO-FRENA-FINE-ANNO-2024-DI-MIRKO.mp3\">https:\/\/www.radiopiu.net\/wordpress\/wp-content\/uploads\/2025\/01\/PAOLO-FRENA-FINE-ANNO-2024-DI-MIRKO.mp3<\/a><\/audio>\n<p>&nbsp;<\/p>\n<\/div>\n<p>&nbsp;<\/p>\n<hr \/>\n<p>&nbsp;<\/p>\n","protected":false},"excerpt":{"rendered":"<p>** Lo scorso 31 dicembre, come ogni anno da 42 anni, Radio Pi\u00f9 ha trasmesso l&#8217;intervista di fine anno al Presidente dell&#8217;Unione Montana Agordina, Paolo Frena. Nell&#8217;ora dedicata al territorio e alla sua gente, il Presidente ha affrontato diverse tematiche, non ultima quella dedicata ai possibili lavori alla piscina comprensoriale di via Lungo Rova.\u00a0 Dopo&hellip;<\/p>\n","protected":false},"author":4,"featured_media":95499,"comment_status":"closed","ping_status":"closed","sticky":false,"template":"","format":"standard","meta":{"_monsterinsights_skip_tracking":false,"_monsterinsights_sitenote_active":false,"_monsterinsights_sitenote_note":"","_monsterinsights_sitenote_category":0,"footnotes":""},"categories":[51,49],"tags":[],"class_list":["post-429104","post","type-post","status-publish","format-standard","has-post-thumbnail","hentry","category-evidenza-top","category-news-18","category-51","category-49","description-off"],"img_url":"https:\/\/www.radiopiu.net\/wordpress\/wp-content\/uploads\/2019\/08\/images.jpg","_links":{"self":[{"href":"https:\/\/www.radiopiu.net\/wordpress\/wp-json\/wp\/v2\/posts\/429104","targetHints":{"allow":["GET"]}}],"collection":[{"href":"https:\/\/www.radiopiu.net\/wordpress\/wp-json\/wp\/v2\/posts"}],"about":[{"href":"https:\/\/www.radiopiu.net\/wordpress\/wp-json\/wp\/v2\/types\/post"}],"author":[{"embeddable":true,"href":"https:\/\/www.radiopiu.net\/wordpress\/wp-json\/wp\/v2\/users\/4"}],"replies":[{"embeddable":true,"href":"https:\/\/www.radiopiu.net\/wordpress\/wp-json\/wp\/v2\/comments?post=429104"}],"version-history":[{"count":1,"href":"https:\/\/www.radiopiu.net\/wordpress\/wp-json\/wp\/v2\/posts\/429104\/revisions"}],"predecessor-version":[{"id":429105,"href":"https:\/\/www.radiopiu.net\/wordpress\/wp-json\/wp\/v2\/posts\/429104\/revisions\/429105"}],"wp:featuredmedia":[{"embeddable":true,"href":"https:\/\/www.radiopiu.net\/wordpress\/wp-json\/wp\/v2\/media\/95499"}],"wp:attachment":[{"href":"https:\/\/www.radiopiu.net\/wordpress\/wp-json\/wp\/v2\/media?parent=429104"}],"wp:term":[{"taxonomy":"category","embeddable":true,"href":"https:\/\/www.radiopiu.net\/wordpress\/wp-json\/wp\/v2\/categories?post=429104"},{"taxonomy":"post_tag","embeddable":true,"href":"https:\/\/www.radiopiu.net\/wordpress\/wp-json\/wp\/v2\/tags?post=429104"}],"curies":[{"name":"wp","href":"https:\/\/api.w.org\/{rel}","templated":true}]}}