{"id":429145,"date":"2025-01-11T09:47:07","date_gmt":"2025-01-11T08:47:07","guid":{"rendered":"https:\/\/www.radiopiu.net\/wordpress\/?p=429145"},"modified":"2025-01-11T09:47:07","modified_gmt":"2025-01-11T08:47:07","slug":"caro-bollette-per-le-imprese-venete-15-miliardi-rispetto-al-2024","status":"publish","type":"post","link":"https:\/\/www.radiopiu.net\/wordpress\/caro-bollette-per-le-imprese-venete-15-miliardi-rispetto-al-2024\/","title":{"rendered":"CARO BOLLETTE: PER LE IMPRESE VENETE +1,5 MILIARDI RISPETTO AL 2024"},"content":{"rendered":"<p>Quest\u2019anno, le bollette potrebbero costare all\u2019intero sistema imprenditoriale del Veneto ben 1,5 miliardi di euro in pi\u00f9 rispetto al 2024, pari a un aumento del 19,3 per cento. In totale, la spesa complessiva dovrebbe toccare 9,5 miliardi: di questi, 7,1 sarebbero per l\u2019energia elettrica e 2,4 per il gas. Queste stime arrivano dall\u2019Ufficio studi della CGIA e si basano su un\u2019ipotesi del prezzo medio dell\u2019energia elettrica nel 2025 di 150 euro per MWh e del gas a 50 euro per MWh; mantenendo cos\u00ec una proporzione di tre a uno tra le due tariffe, come si \u00e8 verificato nei due anni precedenti. Per quanto riguarda i consumi, si \u00e8 fatto riferimento ai dati del 2023 e si \u00e8 ipotizzato che rimangano costanti anche nei successivi due anni.<br \/>\n<strong>In Veneto in un anno e mezzo spesi 10 miliardi di aiuti pubblici per mitigare i rincari<\/strong><br \/>\nAnche se quest\u2019anno ci aspettiamo un aumento importante dei costi energetici, questo sar\u00e0 comunque molto inferiore a quanto abbiamo vissuto durante il periodo pi\u00f9 critico della recente crisi energetica che ha colpito tutta Europa tra la fine del 2021 e i primi mesi del 2023 (vedi Graf. 1). \u00c8 importante ricordare che oggi non abbiamo pi\u00f9 quelle misure pubbliche adottate all\u2019epoca che hanno aiutato a contenere gli aumenti delle bollette sia per le famiglie che per le imprese: stiamo parlando di un totale di ben 92,7 miliardi di euro, di cui almeno 10 miliardi sono stati erogati alle famiglie e alle imprese venete.<br \/>\nDobbiamo evitare l\u2019aumento dell\u2019inflazione<br \/>\nQuest\u2019anno gli effetti dell\u2019aumento delle bollette potrebbero farsi sentire pesantemente sui bilanci sia delle imprese che delle famiglie. Ma c\u2019\u00e8 un altro aspetto negativo da considerare. Cos\u00ec come accaduto negli anni passati, potremmo trovarci davanti a un\u2019impennata dei prezzi del gas e dell\u2019energia che rischiano di provocare una spirale inflazionistica. Ricordiamoci che nel biennio 2022-2023, la crisi energetica ha causato una significativa perdita del potere d\u2019acquisto per lavoratori dipendenti e pensionati; senza contare l\u2019aumento dei tassi d\u2019interesse e quindi il costo maggiore del denaro che ha messo in difficolt\u00e0 investimenti e crescita del Pil. Ma c\u2019\u00e8 dell\u2019altro. Gli esperti paragonano l\u2019inflazione a una \u201ctassa ingiusta\u201d: infatti, riduce la quantit\u00e0 di beni e servizi acquistabili da tutti noi ed \u00e8 particolarmente dura con chi \u00e8 gi\u00e0 economicamente fragile.<\/p>\n<p><strong>Difendere i consumi e spendere bene tutti soldi del Pnrr<\/strong><br \/>\nPer contrastare efficacemente il rallentamento economico in corso, in primo luogo dobbiamo evitare il crollo dei consumi interni, obbiettivo che potrebbe non essere conseguito se l\u2019inflazione, a causa di un forte impennata dei prezzi dei prodotti energetici, dovesse tornare a crescere. In secondo luogo \u00e8 necessario spendere bene ed entro la scadenza (31 agosto 2026) le risorse del Pnrr ancora a nostra disposizione; praticamente 130 miliardi di euro. Secondo la BCE, l\u2019utilizzo di tutti i prestiti e le sovvenzioni che ci sono stati erogati da Bruxelles far\u00e0 aumentare in via permanente il nostro Pil nello scenario migliore dell\u20191,9 per cento fino al 2026 e dell\u20191,5 per cento fino al 2031 rispetto a un Pil senza questi speciali sostegni post-pandemici.<\/p>\n<p><strong>Rincari top al Nord: in particolare in Lombardia, Emilia Romagna e Veneto<\/strong><br \/>\nA livello regionale, visto che la maggioranza delle attivit\u00e0 produttive e commerciali sono ubicate al Nord, i rincari relativi al 2025 di luce e gas interesseranno, in particolare, le aree che presentano i consumi maggiori: vale a dire la Lombardia con un aggravio di 3,2 miliardi di euro, l\u2019Emilia Romagna con +1,6 miliardi, il Veneto con +1,5 e il Piemonte con +1,2. Sull\u2019incremento di costo previsto per quest\u2019anno che, ricordiamo, a livello nazionale dovrebbe essere pari a 13,7 miliardi, 8,8 (pari al 64 per cento del totale), saranno in capo alle aziende settentrionali (vedi Tab. 1).<\/p>\n<p><strong>Pi\u00f9 cara l\u2019energia del gas<\/strong><br \/>\nCome dicevamo pi\u00f9 sopra, la variazione di spesa rispetto l\u2019anno scorso interesser\u00e0 maggiormente l\u2019energia elettrica del gas. Gli imprenditori veneti pagheranno le bollette elettriche un miliardo in pi\u00f9 e quelle del gas solo, si fa per dire, 480 milioni. Per l\u2019elettricit\u00e0 gli incrementi pi\u00f9 significativi riguarderanno sempre il Nord, in particolare la Lombardia con 2,3 miliardi aggiuntivi, il Veneto, come dicevamo, con +1 miliardo e l\u2019Emilia Romagna con +986 milioni. Il settentrione dovrebbe farsi carico di oltre il 61 per cento dell\u2019incremento di costo (vedi Tab. 2). Per quanto concerne il gas, invece, i costi aggiuntivi interesseranno soprattutto la Lombardia con +887 milioni, l\u2019Emilia Romagna con +660 milioni e il Veneto con +480 milioni. Dei 3,9 miliardi di rincari relativi alle bollette del gas, 2,8 miliardi (pari al 70,8 per cento del totale) dovrebbero gravare sulle imprese del Nord (vedi Tab. 3).<\/p>\n<p><strong>L\u201911% dei consumi di energia e il 12% di quelli gas del Paese sono in capo alle imprese venete<\/strong><br \/>\nCon 49.331 GW\/h di consumi elettrici registrati nel 2023, pari al 23,8 per cento del totale nazionale, la Lombardia \u00e8 la regione che ha le imprese pi\u00f9 energivore d\u2019Italia. Seguono le realt\u00e0 produttive del Veneto con 22.578 GW\/h (10,9 per cento del totale) e l\u2019Emilia Romagna con 20.934 GW\/h (10,1 per cento del totale). Sui 207.434 GW\/h consumati a livello nazionale, il 61,3 per cento \u00e8 attribuibile alle imprese del Nord (vedi Tab. 4). Anche per quanto riguarda il gas, la regione che nel 2023 ha censito i consumi pi\u00f9 elevati \u00e8 Lombardia con 48.201 GW\/h (22,4 per cento del totale nazionale). Seguono l\u2019Emilia Romagna con 35.828 GW\/h (16,7 per cento) e il Veneto con 26.057 GW\/h (12,1 per cento). I consumi del gas della nostra regione incidono sul dato nazionale del 12,1 per cento, mentre quelli riconducibili alle regioni del Nord sono apri al 70,8 per cento del dato Italia (vedi Tab. 5).<\/p>\n<p><strong>Ecco i settori pi\u00f9 a rischio rincari<\/strong><br \/>\nCon un\u2019eventuale impennata dei costi delle bollette elettriche, i settori pi\u00f9 \u201ccolpiti\u201d potrebbero essere quelli che registrano i consumi pi\u00f9 importanti. Riferendoci ai dati dei consumi pre-Covid, essi sono:<br \/>\nmetallurgia (acciaierie, fonderie, ferriere, etc.);<br \/>\ncommercio (negozi, botteghe, centri commerciali, etc.);<br \/>\naltri servizi (cinema, teatri, discoteche, lavanderie, parrucchieri, estetiste, etc.);<br \/>\nalimentari (pastifici, prosciuttifici, panifici, molini, etc.);<br \/>\nalberghi, bar e ristoranti;<br \/>\ntrasporto e logistica;<br \/>\nchimica.<\/p>\n<p><strong>Per quanto concerne le imprese gasivore, i comparti che potrebbero subire gli effetti economici maggiormente negativi potrebbero essere:<\/strong><\/p>\n<p>estrattivo (minerali metalliferi ferrosi e non ferrosi, etc.);<br \/>\nlavorazione e conservazione alimenti (carni, pesce, frutta, ortaggi, oli e grassi, etc.);<br \/>\nproduzione alimentare (pasta, pasti, gelati, etc.)<br \/>\nconfezione e produzione tessile, abbigliamento e calzature;<br \/>\nfabbricazione\/produzione legno, carta, cartone, ceramica, utensileria, plastica e chimica;<br \/>\nfabbricazione apparecchiature elettriche ed elettroniche, macchine utensili e per l\u2019industria, etc.;<br \/>\ncostruzione di navi e imbarcazioni da diporto.<\/p>\n<p>&nbsp;<\/p>\n\n\t\t\t<style type='text\/css'>\n\t\t\t\t#gallery-1 {\n\t\t\t\t\tmargin: auto;\n\t\t\t\t}\n\t\t\t\t#gallery-1 .gallery-item {\n\t\t\t\t\tfloat: left;\n\t\t\t\t\tmargin-top: 10px;\n\t\t\t\t\ttext-align: center;\n\t\t\t\t\twidth: 33%;\n\t\t\t\t}\n\t\t\t\t#gallery-1 img {\n\t\t\t\t\tborder: 2px solid #cfcfcf;\n\t\t\t\t}\n\t\t\t\t#gallery-1 .gallery-caption {\n\t\t\t\t\tmargin-left: 0;\n\t\t\t\t}\n\t\t\t\t\/* see gallery_shortcode() in wp-includes\/media.php *\/\n\t\t\t<\/style>\n\t\t<div id='gallery-1' class='dt-gallery-container gallery galleryid-429145 gallery-columns-3 gallery-size-thumbnail'><dl class='gallery-item'>\n\t\t\t\t<dt class='gallery-icon landscape'>\n\t\t\t\t\t<a class=\"rollover\" href='https:\/\/www.radiopiu.net\/wordpress\/caro-bollette-per-le-imprese-venete-15-miliardi-rispetto-al-2024\/attachment\/20250111093810\/'><img loading=\"lazy\" decoding=\"async\" width=\"150\" height=\"150\" src=\"https:\/\/www.radiopiu.net\/wordpress\/wp-content\/uploads\/2025\/01\/20250111093810-150x150.png\" class=\"attachment-thumbnail size-thumbnail\" alt=\"\" \/><\/a>\n\t\t\t\t<\/dt><\/dl><dl class='gallery-item'>\n\t\t\t\t<dt class='gallery-icon portrait'>\n\t\t\t\t\t<a class=\"rollover\" href='https:\/\/www.radiopiu.net\/wordpress\/caro-bollette-per-le-imprese-venete-15-miliardi-rispetto-al-2024\/attachment\/20250111093852\/'><img loading=\"lazy\" decoding=\"async\" width=\"150\" height=\"150\" src=\"https:\/\/www.radiopiu.net\/wordpress\/wp-content\/uploads\/2025\/01\/20250111093852-150x150.png\" class=\"attachment-thumbnail size-thumbnail\" alt=\"\" \/><\/a>\n\t\t\t\t<\/dt><\/dl><dl class='gallery-item'>\n\t\t\t\t<dt class='gallery-icon portrait'>\n\t\t\t\t\t<a class=\"rollover\" href='https:\/\/www.radiopiu.net\/wordpress\/caro-bollette-per-le-imprese-venete-15-miliardi-rispetto-al-2024\/attachment\/20250111094342\/'><img loading=\"lazy\" decoding=\"async\" width=\"150\" height=\"150\" src=\"https:\/\/www.radiopiu.net\/wordpress\/wp-content\/uploads\/2025\/01\/20250111094342-150x150.png\" class=\"attachment-thumbnail size-thumbnail\" alt=\"\" \/><\/a>\n\t\t\t\t<\/dt><\/dl><br style=\"clear: both\" \/><dl class='gallery-item'>\n\t\t\t\t<dt class='gallery-icon portrait'>\n\t\t\t\t\t<a class=\"rollover\" href='https:\/\/www.radiopiu.net\/wordpress\/caro-bollette-per-le-imprese-venete-15-miliardi-rispetto-al-2024\/attachment\/20250111094404\/'><img loading=\"lazy\" decoding=\"async\" width=\"150\" height=\"150\" src=\"https:\/\/www.radiopiu.net\/wordpress\/wp-content\/uploads\/2025\/01\/20250111094404-150x150.png\" class=\"attachment-thumbnail size-thumbnail\" alt=\"\" \/><\/a>\n\t\t\t\t<\/dt><\/dl><dl class='gallery-item'>\n\t\t\t\t<dt class='gallery-icon portrait'>\n\t\t\t\t\t<a class=\"rollover\" href='https:\/\/www.radiopiu.net\/wordpress\/caro-bollette-per-le-imprese-venete-15-miliardi-rispetto-al-2024\/attachment\/20250111094437\/'><img loading=\"lazy\" decoding=\"async\" width=\"150\" height=\"150\" src=\"https:\/\/www.radiopiu.net\/wordpress\/wp-content\/uploads\/2025\/01\/20250111094437-150x150.png\" class=\"attachment-thumbnail size-thumbnail\" alt=\"\" \/><\/a>\n\t\t\t\t<\/dt><\/dl><dl class='gallery-item'>\n\t\t\t\t<dt class='gallery-icon portrait'>\n\t\t\t\t\t<a class=\"rollover\" href='https:\/\/www.radiopiu.net\/wordpress\/caro-bollette-per-le-imprese-venete-15-miliardi-rispetto-al-2024\/attachment\/20250111094458\/'><img loading=\"lazy\" decoding=\"async\" width=\"150\" height=\"150\" src=\"https:\/\/www.radiopiu.net\/wordpress\/wp-content\/uploads\/2025\/01\/20250111094458-150x150.png\" class=\"attachment-thumbnail size-thumbnail\" alt=\"\" \/><\/a>\n\t\t\t\t<\/dt><\/dl><br style=\"clear: both\" \/>\n\t\t\t<\/div>\n\n","protected":false},"excerpt":{"rendered":"<p>Quest\u2019anno, le bollette potrebbero costare all\u2019intero sistema imprenditoriale del Veneto ben 1,5 miliardi di euro in pi\u00f9 rispetto al 2024, pari a un aumento del 19,3 per cento. In totale, la spesa complessiva dovrebbe toccare 9,5 miliardi: di questi, 7,1 sarebbero per l\u2019energia elettrica e 2,4 per il gas. Queste stime arrivano dall\u2019Ufficio studi della&hellip;<\/p>\n","protected":false},"author":2,"featured_media":80013,"comment_status":"closed","ping_status":"closed","sticky":false,"template":"","format":"standard","meta":{"_monsterinsights_skip_tracking":false,"_monsterinsights_sitenote_active":false,"_monsterinsights_sitenote_note":"","_monsterinsights_sitenote_category":0,"footnotes":""},"categories":[49],"tags":[],"class_list":["post-429145","post","type-post","status-publish","format-standard","has-post-thumbnail","hentry","category-news-18","category-49","description-off"],"img_url":"https:\/\/www.radiopiu.net\/wordpress\/wp-content\/uploads\/2019\/03\/soldi.jpg","_links":{"self":[{"href":"https:\/\/www.radiopiu.net\/wordpress\/wp-json\/wp\/v2\/posts\/429145","targetHints":{"allow":["GET"]}}],"collection":[{"href":"https:\/\/www.radiopiu.net\/wordpress\/wp-json\/wp\/v2\/posts"}],"about":[{"href":"https:\/\/www.radiopiu.net\/wordpress\/wp-json\/wp\/v2\/types\/post"}],"author":[{"embeddable":true,"href":"https:\/\/www.radiopiu.net\/wordpress\/wp-json\/wp\/v2\/users\/2"}],"replies":[{"embeddable":true,"href":"https:\/\/www.radiopiu.net\/wordpress\/wp-json\/wp\/v2\/comments?post=429145"}],"version-history":[{"count":1,"href":"https:\/\/www.radiopiu.net\/wordpress\/wp-json\/wp\/v2\/posts\/429145\/revisions"}],"predecessor-version":[{"id":429152,"href":"https:\/\/www.radiopiu.net\/wordpress\/wp-json\/wp\/v2\/posts\/429145\/revisions\/429152"}],"wp:featuredmedia":[{"embeddable":true,"href":"https:\/\/www.radiopiu.net\/wordpress\/wp-json\/wp\/v2\/media\/80013"}],"wp:attachment":[{"href":"https:\/\/www.radiopiu.net\/wordpress\/wp-json\/wp\/v2\/media?parent=429145"}],"wp:term":[{"taxonomy":"category","embeddable":true,"href":"https:\/\/www.radiopiu.net\/wordpress\/wp-json\/wp\/v2\/categories?post=429145"},{"taxonomy":"post_tag","embeddable":true,"href":"https:\/\/www.radiopiu.net\/wordpress\/wp-json\/wp\/v2\/tags?post=429145"}],"curies":[{"name":"wp","href":"https:\/\/api.w.org\/{rel}","templated":true}]}}