{"id":429323,"date":"2025-01-12T11:52:32","date_gmt":"2025-01-12T10:52:32","guid":{"rendered":"https:\/\/www.radiopiu.net\/wordpress\/?p=429323"},"modified":"2025-01-13T05:33:13","modified_gmt":"2025-01-13T04:33:13","slug":"dillo-a-radio-piu-lunione-dei-comuni","status":"publish","type":"post","link":"https:\/\/www.radiopiu.net\/wordpress\/dillo-a-radio-piu-lunione-dei-comuni\/","title":{"rendered":"DILLO A RADIO PIU&#8217;&#8230;L&#8217;UNIONE DEI COMUNI: UNA NECESSITA&#8217; ORMAI IMPRESCINDIBILE"},"content":{"rendered":"<p>******<\/p>\n<p>&nbsp;<\/p>\n<p><strong><a class=\"dt-pswp-item\" href=\"https:\/\/www.radiopiu.net\/wordpress\/wp-content\/uploads\/2020\/09\/FALCADE-3.jpg\" data-dt-img-description=\"\" data-large_image_width=\"960\" data-large_image_height=\"720\"><img loading=\"lazy\" decoding=\"async\" class=\" wp-image-163179 alignleft\" src=\"https:\/\/www.radiopiu.net\/wordpress\/wp-content\/uploads\/2020\/09\/FALCADE-3-300x225.jpg\" alt=\"\" width=\"213\" height=\"160\" srcset=\"https:\/\/www.radiopiu.net\/wordpress\/wp-content\/uploads\/2020\/09\/FALCADE-3-300x225.jpg 300w, https:\/\/www.radiopiu.net\/wordpress\/wp-content\/uploads\/2020\/09\/FALCADE-3-768x576.jpg 768w, https:\/\/www.radiopiu.net\/wordpress\/wp-content\/uploads\/2020\/09\/FALCADE-3-640x480.jpg 640w, https:\/\/www.radiopiu.net\/wordpress\/wp-content\/uploads\/2020\/09\/FALCADE-3.jpg 960w\" sizes=\"auto, (max-width: 213px) 100vw, 213px\" \/><\/a>RICEVIAMO E PUBBLICHIAMO<\/strong><\/p>\n<p>Considerate le difficolt\u00e0 che molti Sindaci affrontano per amministrare e far quadrare i conti nei piccoli comuni, ritengo che l\u2019unione dei comuni sia ormai indispensabile. Recentemente \u00e8 stata presentata un\u2019ulteriore proposta di legge in questa direzione, con la speranza che essa possa raggiungere, in sede di Camera e Senato, tutti gli obiettivi prefissati. I vantaggi economici sarebbero di sicuro interesse, considerando gli incentivi statali e regionali previsti. \u00c8 importante sottolineare che il Decreto Legge n. 21 del 2022, con decorrenza dal 2024, ha aumentato il limite del contributo straordinario per i comuni che procedono alla fusione. Un altro aspetto da non sottovalutare riguarda la maggiore capacit\u00e0 di assunzione di personale. Nei nostri piccoli comuni montani, infatti, la carenza di risorse umane \u00e8 particolarmente critica. Va ricordato che il 60% dei piccoli comuni italiani si trova in aree montane, dove le amministrazioni devono affrontare incombenze aggiuntive, come la gestione della neve durante la stagione invernale. Oltre agli aspetti economici e organizzativi, l\u2019unione dei comuni porterebbe anche un maggiore peso politico nei rapporti con le altre istituzioni, un elemento cruciale per garantire una rappresentanza efficace. Nel 2024, i comuni italiani risultavano essere 7.896, dei quali ben 5.521 con meno di 5.000 abitanti e 2.012 con meno di 1.000 abitanti. Questa frammentazione amministrativa non \u00e8 pi\u00f9 sostenibile e comporta enormi difficolt\u00e0 nella gestione quotidiana. Esistono realt\u00e0 estremamente piccole, come Monterone (Lecco), che conta appena 33 abitanti, o Baradili (Oristano), con soli 75 abitanti. Questi casi rappresentano delle anomalie che potevano essere giustificate nell\u2019Ottocento, ma che risultano del tutto inadeguate nel contesto del XXI secolo. \u00c8 auspicabile che il Governo intervenga per mettere ordine a questa situazione, adottando misure che favoriscano le fusioni e garantiscano una gestione pi\u00f9 efficiente del territorio. Solo cos\u00ec potremo superare le difficolt\u00e0 amministrative e garantire un futuro migliore per i nostri piccoli comuni.<\/p>\n<p>Rodolfo Pellegrinon<\/p>\n<p>&nbsp;<\/p>\n<p>&nbsp;<\/p>\n<p>********<\/p>\n","protected":false},"excerpt":{"rendered":"<p>****** &nbsp; RICEVIAMO E PUBBLICHIAMO Considerate le difficolt\u00e0 che molti Sindaci affrontano per amministrare e far quadrare i conti nei piccoli comuni, ritengo che l\u2019unione dei comuni sia ormai indispensabile. Recentemente \u00e8 stata presentata un\u2019ulteriore proposta di legge in questa direzione, con la speranza che essa possa raggiungere, in sede di Camera e Senato, tutti&hellip;<\/p>\n","protected":false},"author":4,"featured_media":163179,"comment_status":"closed","ping_status":"closed","sticky":false,"template":"","format":"standard","meta":{"_monsterinsights_skip_tracking":false,"_monsterinsights_sitenote_active":false,"_monsterinsights_sitenote_note":"","_monsterinsights_sitenote_category":0,"footnotes":""},"categories":[51,49],"tags":[],"class_list":["post-429323","post","type-post","status-publish","format-standard","has-post-thumbnail","hentry","category-evidenza-top","category-news-18","category-51","category-49","description-off"],"img_url":"https:\/\/www.radiopiu.net\/wordpress\/wp-content\/uploads\/2020\/09\/FALCADE-3.jpg","_links":{"self":[{"href":"https:\/\/www.radiopiu.net\/wordpress\/wp-json\/wp\/v2\/posts\/429323","targetHints":{"allow":["GET"]}}],"collection":[{"href":"https:\/\/www.radiopiu.net\/wordpress\/wp-json\/wp\/v2\/posts"}],"about":[{"href":"https:\/\/www.radiopiu.net\/wordpress\/wp-json\/wp\/v2\/types\/post"}],"author":[{"embeddable":true,"href":"https:\/\/www.radiopiu.net\/wordpress\/wp-json\/wp\/v2\/users\/4"}],"replies":[{"embeddable":true,"href":"https:\/\/www.radiopiu.net\/wordpress\/wp-json\/wp\/v2\/comments?post=429323"}],"version-history":[{"count":3,"href":"https:\/\/www.radiopiu.net\/wordpress\/wp-json\/wp\/v2\/posts\/429323\/revisions"}],"predecessor-version":[{"id":429326,"href":"https:\/\/www.radiopiu.net\/wordpress\/wp-json\/wp\/v2\/posts\/429323\/revisions\/429326"}],"wp:featuredmedia":[{"embeddable":true,"href":"https:\/\/www.radiopiu.net\/wordpress\/wp-json\/wp\/v2\/media\/163179"}],"wp:attachment":[{"href":"https:\/\/www.radiopiu.net\/wordpress\/wp-json\/wp\/v2\/media?parent=429323"}],"wp:term":[{"taxonomy":"category","embeddable":true,"href":"https:\/\/www.radiopiu.net\/wordpress\/wp-json\/wp\/v2\/categories?post=429323"},{"taxonomy":"post_tag","embeddable":true,"href":"https:\/\/www.radiopiu.net\/wordpress\/wp-json\/wp\/v2\/tags?post=429323"}],"curies":[{"name":"wp","href":"https:\/\/api.w.org\/{rel}","templated":true}]}}