{"id":429669,"date":"2025-01-14T10:07:19","date_gmt":"2025-01-14T09:07:19","guid":{"rendered":"https:\/\/www.radiopiu.net\/wordpress\/?p=429669"},"modified":"2025-01-15T05:53:23","modified_gmt":"2025-01-15T04:53:23","slug":"cera-una-volta-buzzatti-gli-autoservizi","status":"publish","type":"post","link":"https:\/\/www.radiopiu.net\/wordpress\/cera-una-volta-buzzatti-gli-autoservizi\/","title":{"rendered":"C&#8217;ERA UNA VOLTA BUZZATTI&#8230;GLI AUTOSERVIZI"},"content":{"rendered":"<p>**<\/p>\n<p>&nbsp;<\/p>\n<p><strong><span style=\"color: #ff0000;\"><a class=\"dt-pswp-item\" href=\"https:\/\/www.radiopiu.net\/wordpress\/wp-content\/uploads\/2021\/08\/GIULIANO-LAVEDER.png\" data-dt-img-description=\"\" data-large_image_width=\"1308\" data-large_image_height=\"1254\"><img loading=\"lazy\" decoding=\"async\" class=\"wp-image-227144 alignleft\" src=\"https:\/\/www.radiopiu.net\/wordpress\/wp-content\/uploads\/2021\/08\/GIULIANO-LAVEDER-300x288.png\" alt=\"\" width=\"88\" height=\"84\" srcset=\"https:\/\/www.radiopiu.net\/wordpress\/wp-content\/uploads\/2021\/08\/GIULIANO-LAVEDER-300x288.png 300w, https:\/\/www.radiopiu.net\/wordpress\/wp-content\/uploads\/2021\/08\/GIULIANO-LAVEDER-1024x982.png 1024w, https:\/\/www.radiopiu.net\/wordpress\/wp-content\/uploads\/2021\/08\/GIULIANO-LAVEDER-768x736.png 768w, https:\/\/www.radiopiu.net\/wordpress\/wp-content\/uploads\/2021\/08\/GIULIANO-LAVEDER.png 1308w\" sizes=\"auto, (max-width: 88px) 100vw, 88px\" \/><\/a>Dall&#8217;archivio di Giuliano Laveder iniziamo oggi a presentare alcuni scatti storici, una storia importante.<\/span><br \/>\n<\/strong><\/p>\n<p>&nbsp;<\/p>\n<p>&nbsp;<\/p>\n<p>&nbsp;<\/p>\n<p>&nbsp;<\/p>\n<blockquote><p><a class=\"dt-pswp-item\" href=\"https:\/\/www.radiopiu.net\/wordpress\/wp-content\/uploads\/2025\/01\/45e2e158-0870-44f5-aba1-b331fb4b9d67.jpg\" data-dt-img-description=\"\" data-large_image_width=\"600\" data-large_image_height=\"818\"><img loading=\"lazy\" decoding=\"async\" class=\"aligncenter wp-image-429785 \" src=\"https:\/\/www.radiopiu.net\/wordpress\/wp-content\/uploads\/2025\/01\/45e2e158-0870-44f5-aba1-b331fb4b9d67.jpg\" alt=\"\" width=\"408\" height=\"556\" srcset=\"https:\/\/www.radiopiu.net\/wordpress\/wp-content\/uploads\/2025\/01\/45e2e158-0870-44f5-aba1-b331fb4b9d67.jpg 600w, https:\/\/www.radiopiu.net\/wordpress\/wp-content\/uploads\/2025\/01\/45e2e158-0870-44f5-aba1-b331fb4b9d67-220x300.jpg 220w\" sizes=\"auto, (max-width: 408px) 100vw, 408px\" \/><\/a><\/p>\n<p><strong>Giovanni Buzzatti: il pioniere che rivoluzion\u00f2 i trasporti e l\u2019economia dell\u2019Agordino<\/strong><\/p><\/blockquote>\n<div class=\"flex max-w-full flex-col flex-grow\">\n<div class=\"min-h-8 text-message flex w-full flex-col items-end gap-2 whitespace-normal break-words text-start [.text-message+&amp;]:mt-5\" dir=\"auto\" data-message-author-role=\"assistant\" data-message-id=\"827919bb-b6f8-43c9-9ca7-f22c3144bb5d\" data-message-model-slug=\"gpt-4o\">\n<div class=\"flex w-full flex-col gap-1 empty:hidden first:pt-[3px]\">\n<div class=\"markdown prose w-full break-words dark:prose-invert dark\">\n<p><a class=\"dt-pswp-item\" href=\"https:\/\/www.radiopiu.net\/wordpress\/wp-content\/uploads\/2025\/01\/Senza-nome-32.png\" data-dt-img-description=\"\" data-large_image_width=\"287\" data-large_image_height=\"425\"><img loading=\"lazy\" decoding=\"async\" class=\"size-medium wp-image-429676 alignleft\" src=\"https:\/\/www.radiopiu.net\/wordpress\/wp-content\/uploads\/2025\/01\/Senza-nome-32-203x300.png\" alt=\"\" width=\"203\" height=\"300\" srcset=\"https:\/\/www.radiopiu.net\/wordpress\/wp-content\/uploads\/2025\/01\/Senza-nome-32-203x300.png 203w, https:\/\/www.radiopiu.net\/wordpress\/wp-content\/uploads\/2025\/01\/Senza-nome-32.png 287w\" sizes=\"auto, (max-width: 203px) 100vw, 203px\" \/><\/a>Giovanni Buzzatti, nato il 17 marzo 1875 e scomparso il 30 novembre 1941, \u00e8 ricordato come un uomo straordinario che seppe trasformare le difficolt\u00e0 della vita in opportunit\u00e0, contribuendo in modo significativo allo sviluppo economico e turistico dell\u2019Agordino.<\/p>\n<p><strong>Gli inizi difficili<\/strong><br \/>\nRimasto orfano in giovane et\u00e0, Buzzatti si ritrov\u00f2 presto a dover provvedere alla sua numerosa famiglia di undici fratelli. Lavorava come garzone spedizioniere alla stazione di Sedico-Bribano, ma la sua intraprendenza lo port\u00f2 a organizzare un servizio di diligenze a cavalli che collegava la stazione ai paesi della Val Cordevole, inclusa Agordo.<\/p>\n<p><strong>Il successo dei trasporti<\/strong><br \/>\nL\u2019attivit\u00e0 crebbe rapidamente, soprattutto grazie al trasporto delle piriti e calcopiriti estratte dalla miniera di Agordo verso la ferrovia statale. Nei primi anni del Novecento, Buzzatti disponeva di oltre cento cavalli impiegati sia per il trasporto passeggeri che per quello minerario. Con l\u2019introduzione degli autocarri dopo la Prima Guerra Mondiale, il servizio fu ulteriormente modernizzato, garantendo maggiore efficienza.<\/p>\n<p><strong><a class=\"dt-pswp-item\" href=\"https:\/\/www.radiopiu.net\/wordpress\/wp-content\/uploads\/2025\/01\/4d5373fe-c738-4d83-8b97-3ef47f78b1bc.jpg\" data-dt-img-description=\"\" data-large_image_width=\"600\" data-large_image_height=\"818\"><img loading=\"lazy\" decoding=\"async\" class=\"size-medium wp-image-429677 alignleft\" src=\"https:\/\/www.radiopiu.net\/wordpress\/wp-content\/uploads\/2025\/01\/4d5373fe-c738-4d83-8b97-3ef47f78b1bc-220x300.jpg\" alt=\"\" width=\"220\" height=\"300\" srcset=\"https:\/\/www.radiopiu.net\/wordpress\/wp-content\/uploads\/2025\/01\/4d5373fe-c738-4d83-8b97-3ef47f78b1bc-220x300.jpg 220w, https:\/\/www.radiopiu.net\/wordpress\/wp-content\/uploads\/2025\/01\/4d5373fe-c738-4d83-8b97-3ef47f78b1bc.jpg 600w\" sizes=\"auto, (max-width: 220px) 100vw, 220px\" \/><\/a>Una sfida superata: la ferrovia Bribano-Agordo<\/strong><br \/>\nNel 1925, l\u2019apertura della ferrovia Bribano-Agordo rappresent\u00f2 una grave minaccia per l\u2019impresa di Buzzatti. Tuttavia, la sua capacit\u00e0 di adattarsi alle sfide lo spinse a espandere i trasporti in nuove valli, contribuendo allo sviluppo degli autotrasporti nell\u2019area e creando una rete che favor\u00ec il turismo e il commercio in una zona tradizionalmente povera di risorse agricole.<\/p>\n<p><strong>L\u2019impulso al turismo e all\u2019ospitalit\u00e0<\/strong><br \/>\nParallelamente, Buzzatti intu\u00ec l\u2019importanza del turismo per l\u2019economia locale. Nel dopoguerra si dedic\u00f2 alla costruzione e alla modernizzazione degli alberghi della zona, come l\u2019Albergo Roma e l\u2019Albergo Agordo ad Agordo, La Stella a Cencenighe e l\u2019Agordino a Bribano. Queste strutture diventarono punti di riferimento per il turismo emergente, ponendo le basi per un settore che avrebbe prosperato negli anni successivi.<\/p>\n<p><strong>Un\u2019eredit\u00e0 duratura<\/strong><br \/>\nGiovanni Buzzatti non fu solo un imprenditore visionario, ma anche un uomo che, con il suo lavoro, port\u00f2 benessere e sviluppo in un territorio difficile. La sua capacit\u00e0 di innovare e superare le sfide lo rende ancora oggi una figura di riferimento per la comunit\u00e0 agordina e per la storia economica della provincia di Belluno.<\/p>\n<\/div>\n<\/div>\n<\/div>\n<\/div>\n<p>&nbsp;<\/p>\n<blockquote>\n<h2>ARCHIVIO FOTOGRAFICO GIULIANO LAVEDER<\/h2>\n<\/blockquote>\n\n\t\t\t<style type='text\/css'>\n\t\t\t\t#gallery-1 {\n\t\t\t\t\tmargin: auto;\n\t\t\t\t}\n\t\t\t\t#gallery-1 .gallery-item {\n\t\t\t\t\tfloat: left;\n\t\t\t\t\tmargin-top: 10px;\n\t\t\t\t\ttext-align: center;\n\t\t\t\t\twidth: 33%;\n\t\t\t\t}\n\t\t\t\t#gallery-1 img {\n\t\t\t\t\tborder: 2px solid #cfcfcf;\n\t\t\t\t}\n\t\t\t\t#gallery-1 .gallery-caption {\n\t\t\t\t\tmargin-left: 0;\n\t\t\t\t}\n\t\t\t\t\/* see gallery_shortcode() in wp-includes\/media.php *\/\n\t\t\t<\/style>\n\t\t<div id='gallery-1' class='dt-gallery-container gallery galleryid-429669 gallery-columns-3 gallery-size-thumbnail'><dl class='gallery-item'>\n\t\t\t\t<dt class='gallery-icon landscape'>\n\t\t\t\t\t<a class=\"rollover rollover-zoom dt-pswp-item\" title=\"Giovanni Buzzatti: il pioniere che rivoluzion\u00f2 i trasporti e l\u2019economia dell\u2019Agordino\" data-dt-img-description=\"\" data-large_image_width=\"833\" data-large_image_height=\"815\"href='https:\/\/www.radiopiu.net\/wordpress\/wp-content\/uploads\/2025\/01\/6f3fd3f8-32e1-4ca3-a714-c1fc835b7aee.jpg'><img loading=\"lazy\" decoding=\"async\" width=\"150\" height=\"150\" src=\"https:\/\/www.radiopiu.net\/wordpress\/wp-content\/uploads\/2025\/01\/6f3fd3f8-32e1-4ca3-a714-c1fc835b7aee-150x150.jpg\" class=\"attachment-thumbnail size-thumbnail\" alt=\"\" aria-describedby=\"gallery-1-429687\" \/><\/a>\n\t\t\t\t<\/dt>\n\t\t\t\t\t<dd class='wp-caption-text gallery-caption' id='gallery-1-429687'>\n\t\t\t\t\tGiovanni Buzzatti: il pioniere che rivoluzion\u00f2 i trasporti e l\u2019economia dell\u2019Agordino\n\t\t\t\t\t<\/dd><\/dl><dl class='gallery-item'>\n\t\t\t\t<dt class='gallery-icon landscape'>\n\t\t\t\t\t<a class=\"rollover rollover-zoom dt-pswp-item\" title=\"Giovanni Buzzatti: il pioniere che rivoluzion\u00f2 i trasporti e l\u2019economia dell\u2019Agordino\" data-dt-img-description=\"\" data-large_image_width=\"1060\" data-large_image_height=\"717\"href='https:\/\/www.radiopiu.net\/wordpress\/wp-content\/uploads\/2025\/01\/6ba7c9d7-8a2b-40f7-8f71-e068b90c6ece.jpg'><img loading=\"lazy\" decoding=\"async\" width=\"150\" height=\"150\" src=\"https:\/\/www.radiopiu.net\/wordpress\/wp-content\/uploads\/2025\/01\/6ba7c9d7-8a2b-40f7-8f71-e068b90c6ece-150x150.jpg\" class=\"attachment-thumbnail size-thumbnail\" alt=\"\" aria-describedby=\"gallery-1-429683\" \/><\/a>\n\t\t\t\t<\/dt>\n\t\t\t\t\t<dd class='wp-caption-text gallery-caption' id='gallery-1-429683'>\n\t\t\t\t\tGiovanni Buzzatti: il pioniere che rivoluzion\u00f2 i trasporti e l\u2019economia dell\u2019Agordino\n\t\t\t\t\t<\/dd><\/dl><dl class='gallery-item'>\n\t\t\t\t<dt class='gallery-icon landscape'>\n\t\t\t\t\t<a class=\"rollover rollover-zoom dt-pswp-item\" title=\"Giovanni Buzzatti: il pioniere che rivoluzion\u00f2 i trasporti e l\u2019economia dell\u2019Agordino\" data-dt-img-description=\"\" data-large_image_width=\"1230\" data-large_image_height=\"928\"href='https:\/\/www.radiopiu.net\/wordpress\/wp-content\/uploads\/2025\/01\/612ac518-1c09-46eb-aa20-c062142903c1.jpg'><img loading=\"lazy\" decoding=\"async\" width=\"150\" height=\"150\" src=\"https:\/\/www.radiopiu.net\/wordpress\/wp-content\/uploads\/2025\/01\/612ac518-1c09-46eb-aa20-c062142903c1-150x150.jpg\" class=\"attachment-thumbnail size-thumbnail\" alt=\"\" aria-describedby=\"gallery-1-429689\" \/><\/a>\n\t\t\t\t<\/dt>\n\t\t\t\t\t<dd class='wp-caption-text gallery-caption' id='gallery-1-429689'>\n\t\t\t\t\tGiovanni Buzzatti: il pioniere che rivoluzion\u00f2 i trasporti e l\u2019economia dell\u2019Agordino\n\t\t\t\t\t<\/dd><\/dl><br style=\"clear: both\" \/><dl class='gallery-item'>\n\t\t\t\t<dt class='gallery-icon landscape'>\n\t\t\t\t\t<a class=\"rollover rollover-zoom dt-pswp-item\" title=\"Giovanni Buzzatti: il pioniere che rivoluzion\u00f2 i trasporti e l\u2019economia dell\u2019Agordino\" data-dt-img-description=\"\" data-large_image_width=\"842\" data-large_image_height=\"510\"href='https:\/\/www.radiopiu.net\/wordpress\/wp-content\/uploads\/2025\/01\/25ada8f8-d433-458c-bc90-41c58fc1c6c1.jpg'><img loading=\"lazy\" decoding=\"async\" width=\"150\" height=\"150\" src=\"https:\/\/www.radiopiu.net\/wordpress\/wp-content\/uploads\/2025\/01\/25ada8f8-d433-458c-bc90-41c58fc1c6c1-150x150.jpg\" class=\"attachment-thumbnail size-thumbnail\" alt=\"\" aria-describedby=\"gallery-1-429684\" \/><\/a>\n\t\t\t\t<\/dt>\n\t\t\t\t\t<dd class='wp-caption-text gallery-caption' id='gallery-1-429684'>\n\t\t\t\t\tGiovanni Buzzatti: il pioniere che rivoluzion\u00f2 i trasporti e l\u2019economia dell\u2019Agordino\n\t\t\t\t\t<\/dd><\/dl><dl class='gallery-item'>\n\t\t\t\t<dt class='gallery-icon landscape'>\n\t\t\t\t\t<a class=\"rollover rollover-zoom dt-pswp-item\" title=\"Giovanni Buzzatti: il pioniere che rivoluzion\u00f2 i trasporti e l\u2019economia dell\u2019Agordino\" data-dt-img-description=\"\" data-large_image_width=\"548\" data-large_image_height=\"372\"href='https:\/\/www.radiopiu.net\/wordpress\/wp-content\/uploads\/2025\/01\/3b9234e1-96c6-4539-beb4-bf8e33f36337.jpg'><img loading=\"lazy\" decoding=\"async\" width=\"150\" height=\"150\" src=\"https:\/\/www.radiopiu.net\/wordpress\/wp-content\/uploads\/2025\/01\/3b9234e1-96c6-4539-beb4-bf8e33f36337-150x150.jpg\" class=\"attachment-thumbnail size-thumbnail\" alt=\"\" aria-describedby=\"gallery-1-429686\" \/><\/a>\n\t\t\t\t<\/dt>\n\t\t\t\t\t<dd class='wp-caption-text gallery-caption' id='gallery-1-429686'>\n\t\t\t\t\tGiovanni Buzzatti: il pioniere che rivoluzion\u00f2 i trasporti e l\u2019economia dell\u2019Agordino\n\t\t\t\t\t<\/dd><\/dl><dl class='gallery-item'>\n\t\t\t\t<dt class='gallery-icon landscape'>\n\t\t\t\t\t<a class=\"rollover rollover-zoom dt-pswp-item\" title=\"Giovanni Buzzatti: il pioniere che rivoluzion\u00f2 i trasporti e l\u2019economia dell\u2019Agordino\" data-dt-img-description=\"\" data-large_image_width=\"1246\" data-large_image_height=\"918\"href='https:\/\/www.radiopiu.net\/wordpress\/wp-content\/uploads\/2025\/01\/2d3ba0a7-6f77-425c-8624-b91016a6a349.jpg'><img loading=\"lazy\" decoding=\"async\" width=\"150\" height=\"150\" src=\"https:\/\/www.radiopiu.net\/wordpress\/wp-content\/uploads\/2025\/01\/2d3ba0a7-6f77-425c-8624-b91016a6a349-150x150.jpg\" class=\"attachment-thumbnail size-thumbnail\" alt=\"\" aria-describedby=\"gallery-1-429685\" \/><\/a>\n\t\t\t\t<\/dt>\n\t\t\t\t\t<dd class='wp-caption-text gallery-caption' id='gallery-1-429685'>\n\t\t\t\t\tGiovanni Buzzatti: il pioniere che rivoluzion\u00f2 i trasporti e l\u2019economia dell\u2019Agordino\n\t\t\t\t\t<\/dd><\/dl><br style=\"clear: both\" \/>\n\t\t\t<\/div>\n\n<p><strong>\u00a0ARCHIVIO GIULIANO LAVEDER, LA RACCOLTA COMPLETA\u00a0<\/strong><\/p>\n<blockquote class=\"wp-embedded-content\" data-secret=\"f686oNq3IT\"><p><a href=\"https:\/\/www.radiopiu.net\/wordpress\/storie-fotografiche-dal-passato-archivio-giuliano-laveder\/\">LA RACCOLTA COMPLETA. archivio privato giuliano laveder<\/a><\/p><\/blockquote>\n<p><iframe loading=\"lazy\" class=\"wp-embedded-content\" sandbox=\"allow-scripts\" security=\"restricted\" style=\"position: absolute; visibility: hidden;\" title=\"&#8220;LA RACCOLTA COMPLETA. archivio privato giuliano laveder&#8221; &#8212; Radio Pi\u00f9\" src=\"https:\/\/www.radiopiu.net\/wordpress\/storie-fotografiche-dal-passato-archivio-giuliano-laveder\/embed\/#?secret=xyLDUWZrvo#?secret=f686oNq3IT\" data-secret=\"f686oNq3IT\" width=\"600\" height=\"338\" frameborder=\"0\" marginwidth=\"0\" marginheight=\"0\" scrolling=\"no\"><\/iframe><\/p>\n<p>&nbsp;<\/p>\n","protected":false},"excerpt":{"rendered":"<p>** &nbsp; Dall&#8217;archivio di Giuliano Laveder iniziamo oggi a presentare alcuni scatti storici, una storia importante. &nbsp; &nbsp; &nbsp; &nbsp; Giovanni Buzzatti: il pioniere che rivoluzion\u00f2 i trasporti e l\u2019economia dell\u2019Agordino Giovanni Buzzatti, nato il 17 marzo 1875 e scomparso il 30 novembre 1941, \u00e8 ricordato come un uomo straordinario che seppe trasformare le difficolt\u00e0&hellip;<\/p>\n","protected":false},"author":4,"featured_media":429687,"comment_status":"closed","ping_status":"closed","sticky":false,"template":"","format":"standard","meta":{"_monsterinsights_skip_tracking":false,"_monsterinsights_sitenote_active":false,"_monsterinsights_sitenote_note":"","_monsterinsights_sitenote_category":0,"footnotes":""},"categories":[104,49],"tags":[],"class_list":["post-429669","post","type-post","status-publish","format-standard","has-post-thumbnail","hentry","category-evidenza_3","category-news-18","category-104","category-49","description-off"],"img_url":"https:\/\/www.radiopiu.net\/wordpress\/wp-content\/uploads\/2025\/01\/6f3fd3f8-32e1-4ca3-a714-c1fc835b7aee.jpg","_links":{"self":[{"href":"https:\/\/www.radiopiu.net\/wordpress\/wp-json\/wp\/v2\/posts\/429669","targetHints":{"allow":["GET"]}}],"collection":[{"href":"https:\/\/www.radiopiu.net\/wordpress\/wp-json\/wp\/v2\/posts"}],"about":[{"href":"https:\/\/www.radiopiu.net\/wordpress\/wp-json\/wp\/v2\/types\/post"}],"author":[{"embeddable":true,"href":"https:\/\/www.radiopiu.net\/wordpress\/wp-json\/wp\/v2\/users\/4"}],"replies":[{"embeddable":true,"href":"https:\/\/www.radiopiu.net\/wordpress\/wp-json\/wp\/v2\/comments?post=429669"}],"version-history":[{"count":4,"href":"https:\/\/www.radiopiu.net\/wordpress\/wp-json\/wp\/v2\/posts\/429669\/revisions"}],"predecessor-version":[{"id":429786,"href":"https:\/\/www.radiopiu.net\/wordpress\/wp-json\/wp\/v2\/posts\/429669\/revisions\/429786"}],"wp:featuredmedia":[{"embeddable":true,"href":"https:\/\/www.radiopiu.net\/wordpress\/wp-json\/wp\/v2\/media\/429687"}],"wp:attachment":[{"href":"https:\/\/www.radiopiu.net\/wordpress\/wp-json\/wp\/v2\/media?parent=429669"}],"wp:term":[{"taxonomy":"category","embeddable":true,"href":"https:\/\/www.radiopiu.net\/wordpress\/wp-json\/wp\/v2\/categories?post=429669"},{"taxonomy":"post_tag","embeddable":true,"href":"https:\/\/www.radiopiu.net\/wordpress\/wp-json\/wp\/v2\/tags?post=429669"}],"curies":[{"name":"wp","href":"https:\/\/api.w.org\/{rel}","templated":true}]}}