{"id":429724,"date":"2025-01-14T15:30:54","date_gmt":"2025-01-14T14:30:54","guid":{"rendered":"https:\/\/www.radiopiu.net\/wordpress\/?p=429724"},"modified":"2025-01-15T05:44:10","modified_gmt":"2025-01-15T04:44:10","slug":"dillo-a-radio-piu-castello-canaola-a-la-valle-agordina","status":"publish","type":"post","link":"https:\/\/www.radiopiu.net\/wordpress\/dillo-a-radio-piu-castello-canaola-a-la-valle-agordina\/","title":{"rendered":"DILLO A RADIO PIU&#8230;. CASTELLO CANAOLA A LA VALLE AGORDINA"},"content":{"rendered":"<p>**<\/p>\n<p><strong><a class=\"dt-pswp-item\" href=\"https:\/\/www.radiopiu.net\/wordpress\/wp-content\/uploads\/2025\/01\/Senza-nome-33.png\" data-dt-img-description=\"\" data-large_image_width=\"900\" data-large_image_height=\"666\"><img loading=\"lazy\" decoding=\"async\" class=\"size-medium wp-image-429725 alignleft\" src=\"https:\/\/www.radiopiu.net\/wordpress\/wp-content\/uploads\/2025\/01\/Senza-nome-33-300x222.png\" alt=\"\" width=\"300\" height=\"222\" srcset=\"https:\/\/www.radiopiu.net\/wordpress\/wp-content\/uploads\/2025\/01\/Senza-nome-33-300x222.png 300w, https:\/\/www.radiopiu.net\/wordpress\/wp-content\/uploads\/2025\/01\/Senza-nome-33-768x568.png 768w, https:\/\/www.radiopiu.net\/wordpress\/wp-content\/uploads\/2025\/01\/Senza-nome-33.png 900w\" sizes=\"auto, (max-width: 300px) 100vw, 300px\" \/><\/a>All&#8217;attenzione di Tiziano De Col<\/strong><\/p>\n<p>Mio zio Ludovico DA ROIT ha dipinto questo quadro riferendosi al castello\u00a0 Canaola \u00a0le cui origini si perdono nella notte dei tempi.\u00a0 Mio zio Paolino DA ROIT ( classe 1934 ) mi ha confermato che da piccolo a Conaggia giocava all\u2019ingresso di quello che si diceva il castello Canaola. Che non sia una leggenda lo confermerebbe <span style=\"color: #0000ff;\"><strong><a style=\"color: #0000ff;\" href=\"https:\/\/www.google.it\/maps\/place\/pozzo+di+Matten\/@46.2839811,12.0736711,1372m\/data=!3m1!1e3!4m15!1m8!3m7!1s0x4778537475fc4c59:0x6f91b70227d00490!2s32020+La+Valle+Agordina+BL!3b1!8m2!3d46.2812345!4d12.0662182!16zL20vMGdrMXN6!3m5!1s0x477853d4c1ace54f:0x9e54f2709c9f95df!8m2!3d46.2856534!4d12.0767055!16s%2Fg%2F11qpw3yxd3?hl=it&amp;entry=ttu&amp;g_ep=EgoyMDI1MDEwOC4wIKXMDSoASAFQAw%3D%3D\">Goggle MAP<\/a> (CLICCA QUI). <\/strong><\/span>Pertanto le chiederei se, come ha gi\u00e0 fatto per il Casal di Cugnago, pu\u00f2 verificare e divulgare su Radio Pi\u00f9 notizie pi\u00f9 fondate su questo castello prima che si perda nel dimenticatoio come tante altre informazioni della nostra storia passata<\/p>\n<p>&nbsp;<\/p>\n<p><strong>LA RISPOSTA DI TIZIANO DE COL<\/strong><br \/>\n<a class=\"dt-pswp-item\" href=\"https:\/\/www.radiopiu.net\/wordpress\/wp-content\/uploads\/2025\/01\/fc9464ca-63a9-4175-bf41-f4c806e893ef.jpg\" data-dt-img-description=\"\" data-large_image_width=\"1409\" data-large_image_height=\"889\"><img loading=\"lazy\" decoding=\"async\" class=\"size-medium wp-image-429726 alignleft\" src=\"https:\/\/www.radiopiu.net\/wordpress\/wp-content\/uploads\/2025\/01\/fc9464ca-63a9-4175-bf41-f4c806e893ef-300x189.jpg\" alt=\"\" width=\"300\" height=\"189\" srcset=\"https:\/\/www.radiopiu.net\/wordpress\/wp-content\/uploads\/2025\/01\/fc9464ca-63a9-4175-bf41-f4c806e893ef-300x189.jpg 300w, https:\/\/www.radiopiu.net\/wordpress\/wp-content\/uploads\/2025\/01\/fc9464ca-63a9-4175-bf41-f4c806e893ef-1024x646.jpg 1024w, https:\/\/www.radiopiu.net\/wordpress\/wp-content\/uploads\/2025\/01\/fc9464ca-63a9-4175-bf41-f4c806e893ef-768x485.jpg 768w, https:\/\/www.radiopiu.net\/wordpress\/wp-content\/uploads\/2025\/01\/fc9464ca-63a9-4175-bf41-f4c806e893ef.jpg 1409w\" sizes=\"auto, (max-width: 300px) 100vw, 300px\" \/><\/a>Sicuramente pubblicheremo sul Castel Canaola che, al momento nei miei studi e ricerche non ha purtroppo riscontro storico documentale ma \u00e8 riportato in modo fermo e preciso nella tradizione locale. Non trovo tracce di ruderi o fabbricati cartografati, n\u00e8 nel Catasto Austriaco (1839) n\u00e8 nel catasto Napoleonico (1811) e sto cercando di ricomporre la storia di Conaggia ,ove la tradizione riporta sorgesse sul Col delle Murae (=Muraglie), attraverso ricerche di toponomastica ed onomastica antiche a partire dal secolo XIV\u00b0. Non mi risulta che nei luoghi considerati siano state mai rinvenute sepolture Tardo Antiche o Altomedioevali come nel caso delle pertinenze del Cas\u00e0l , n\u00e8 esistono tutt&#8217;ora tracce delle Murae del Castel Canaola anche se negli anni a cavallo della 2a guerra mondiale una persona aveva provato a scavare un cunicolo nel fianco della collina, poi franato, e del quale si riscontravano ottime tracce 50-60 anni fa e che ben ricordo, cos\u00ec come ricordo una depressione in cima alla collina ora quasi completamente ripianata. Sicuramente riporteremo quella che \u00e8 la tradizione paesana, con la descrizione delle residue tracce sul luogo, ma sarebbe fondamentale riuscire a trovare almeno uno spunto storico documentale. Se non ricordo male dovrei anche conoscere Gianfranco Lena, al quale va il mio saluto e ringraziamento per l&#8217;attenzione prestata alla storia di La Valle ed ai nostri articoli su Radio Pi\u00f9 riguardanti la stessa.<br \/>\nCon i migliori saluti,<br \/>\nTiziano De Col<\/p>\n<p>&nbsp;<\/p>\n<p>__<\/p>\n","protected":false},"excerpt":{"rendered":"<p>** All&#8217;attenzione di Tiziano De Col Mio zio Ludovico DA ROIT ha dipinto questo quadro riferendosi al castello\u00a0 Canaola \u00a0le cui origini si perdono nella notte dei tempi.\u00a0 Mio zio Paolino DA ROIT ( classe 1934 ) mi ha confermato che da piccolo a Conaggia giocava all\u2019ingresso di quello che si diceva il castello Canaola.&hellip;<\/p>\n","protected":false},"author":4,"featured_media":429725,"comment_status":"closed","ping_status":"closed","sticky":false,"template":"","format":"standard","meta":{"_monsterinsights_skip_tracking":false,"_monsterinsights_sitenote_active":false,"_monsterinsights_sitenote_note":"","_monsterinsights_sitenote_category":0,"footnotes":""},"categories":[104,49],"tags":[],"class_list":["post-429724","post","type-post","status-publish","format-standard","has-post-thumbnail","hentry","category-evidenza_3","category-news-18","category-104","category-49","description-off"],"img_url":"https:\/\/www.radiopiu.net\/wordpress\/wp-content\/uploads\/2025\/01\/Senza-nome-33.png","_links":{"self":[{"href":"https:\/\/www.radiopiu.net\/wordpress\/wp-json\/wp\/v2\/posts\/429724","targetHints":{"allow":["GET"]}}],"collection":[{"href":"https:\/\/www.radiopiu.net\/wordpress\/wp-json\/wp\/v2\/posts"}],"about":[{"href":"https:\/\/www.radiopiu.net\/wordpress\/wp-json\/wp\/v2\/types\/post"}],"author":[{"embeddable":true,"href":"https:\/\/www.radiopiu.net\/wordpress\/wp-json\/wp\/v2\/users\/4"}],"replies":[{"embeddable":true,"href":"https:\/\/www.radiopiu.net\/wordpress\/wp-json\/wp\/v2\/comments?post=429724"}],"version-history":[{"count":2,"href":"https:\/\/www.radiopiu.net\/wordpress\/wp-json\/wp\/v2\/posts\/429724\/revisions"}],"predecessor-version":[{"id":429740,"href":"https:\/\/www.radiopiu.net\/wordpress\/wp-json\/wp\/v2\/posts\/429724\/revisions\/429740"}],"wp:featuredmedia":[{"embeddable":true,"href":"https:\/\/www.radiopiu.net\/wordpress\/wp-json\/wp\/v2\/media\/429725"}],"wp:attachment":[{"href":"https:\/\/www.radiopiu.net\/wordpress\/wp-json\/wp\/v2\/media?parent=429724"}],"wp:term":[{"taxonomy":"category","embeddable":true,"href":"https:\/\/www.radiopiu.net\/wordpress\/wp-json\/wp\/v2\/categories?post=429724"},{"taxonomy":"post_tag","embeddable":true,"href":"https:\/\/www.radiopiu.net\/wordpress\/wp-json\/wp\/v2\/tags?post=429724"}],"curies":[{"name":"wp","href":"https:\/\/api.w.org\/{rel}","templated":true}]}}