{"id":429735,"date":"2025-01-14T16:23:40","date_gmt":"2025-01-14T15:23:40","guid":{"rendered":"https:\/\/www.radiopiu.net\/wordpress\/?p=429735"},"modified":"2025-01-15T05:44:24","modified_gmt":"2025-01-15T04:44:24","slug":"belluno-si-mobilita-la-petizione-per-salvare-piazza-dei-martiri","status":"publish","type":"post","link":"https:\/\/www.radiopiu.net\/wordpress\/belluno-si-mobilita-la-petizione-per-salvare-piazza-dei-martiri\/","title":{"rendered":"Belluno si mobilita: la petizione per salvare Piazza dei Martiri"},"content":{"rendered":"<p>&nbsp;<\/p>\n<p><strong><img loading=\"lazy\" decoding=\"async\" class=\"alignleft\" src=\"https:\/\/www.radiopiu.net\/wordpress\/wp-content\/uploads\/2025\/01\/aea6e4da-4715-46b1-92b3-517eeff87328-scaled.jpg\" width=\"224\" height=\"168\" \/>BELLUNO<\/strong><\/p>\n<p>A Belluno \u00e8 nata una petizione per <strong>migliorare la vivibilit\u00e0 e la qualit\u00e0 di Piazza dei Martiri<\/strong>, raccogliendo firme presso l\u2019edicola accanto al Teatro Buzzati. L\u2019iniziativa, promossa da Stefano De Toffol, denuncia i disagi legati alla gestione del recente Villaggio di Natale e propone interventi concreti.<\/p>\n<p><strong>DI DANIELE DALVIT<\/strong><\/p>\n<audio class=\"wp-audio-shortcode\" id=\"audio-429735-1\" preload=\"none\" style=\"width: 100%;\" controls=\"controls\"><source type=\"audio\/mpeg\" src=\"https:\/\/www.radiopiu.net\/wordpress\/wp-content\/uploads\/2025\/01\/Servizio-Petizione-eventi-in-centro.mp3?_=1\" \/><a href=\"https:\/\/www.radiopiu.net\/wordpress\/wp-content\/uploads\/2025\/01\/Servizio-Petizione-eventi-in-centro.mp3\">https:\/\/www.radiopiu.net\/wordpress\/wp-content\/uploads\/2025\/01\/Servizio-Petizione-eventi-in-centro.mp3<\/a><\/audio>\n<p>&nbsp;<\/p>\n<hr \/>\n<p>&nbsp;<\/p>\n","protected":false},"excerpt":{"rendered":"<p>&nbsp; BELLUNO A Belluno \u00e8 nata una petizione per migliorare la vivibilit\u00e0 e la qualit\u00e0 di Piazza dei Martiri, raccogliendo firme presso l\u2019edicola accanto al Teatro Buzzati. L\u2019iniziativa, promossa da Stefano De Toffol, denuncia i disagi legati alla gestione del recente Villaggio di Natale e propone interventi concreti. DI DANIELE DALVIT &nbsp; &nbsp;<\/p>\n","protected":false},"author":4,"featured_media":429736,"comment_status":"closed","ping_status":"closed","sticky":false,"template":"","format":"standard","meta":{"_monsterinsights_skip_tracking":false,"_monsterinsights_sitenote_active":false,"_monsterinsights_sitenote_note":"","_monsterinsights_sitenote_category":0,"footnotes":""},"categories":[51,49],"tags":[],"class_list":["post-429735","post","type-post","status-publish","format-standard","has-post-thumbnail","hentry","category-evidenza-top","category-news-18","category-51","category-49","description-off"],"img_url":"https:\/\/www.radiopiu.net\/wordpress\/wp-content\/uploads\/2025\/01\/aea6e4da-4715-46b1-92b3-517eeff87328-scaled.jpg","_links":{"self":[{"href":"https:\/\/www.radiopiu.net\/wordpress\/wp-json\/wp\/v2\/posts\/429735","targetHints":{"allow":["GET"]}}],"collection":[{"href":"https:\/\/www.radiopiu.net\/wordpress\/wp-json\/wp\/v2\/posts"}],"about":[{"href":"https:\/\/www.radiopiu.net\/wordpress\/wp-json\/wp\/v2\/types\/post"}],"author":[{"embeddable":true,"href":"https:\/\/www.radiopiu.net\/wordpress\/wp-json\/wp\/v2\/users\/4"}],"replies":[{"embeddable":true,"href":"https:\/\/www.radiopiu.net\/wordpress\/wp-json\/wp\/v2\/comments?post=429735"}],"version-history":[{"count":1,"href":"https:\/\/www.radiopiu.net\/wordpress\/wp-json\/wp\/v2\/posts\/429735\/revisions"}],"predecessor-version":[{"id":429738,"href":"https:\/\/www.radiopiu.net\/wordpress\/wp-json\/wp\/v2\/posts\/429735\/revisions\/429738"}],"wp:featuredmedia":[{"embeddable":true,"href":"https:\/\/www.radiopiu.net\/wordpress\/wp-json\/wp\/v2\/media\/429736"}],"wp:attachment":[{"href":"https:\/\/www.radiopiu.net\/wordpress\/wp-json\/wp\/v2\/media?parent=429735"}],"wp:term":[{"taxonomy":"category","embeddable":true,"href":"https:\/\/www.radiopiu.net\/wordpress\/wp-json\/wp\/v2\/categories?post=429735"},{"taxonomy":"post_tag","embeddable":true,"href":"https:\/\/www.radiopiu.net\/wordpress\/wp-json\/wp\/v2\/tags?post=429735"}],"curies":[{"name":"wp","href":"https:\/\/api.w.org\/{rel}","templated":true}]}}