{"id":429739,"date":"2025-01-15T05:38:58","date_gmt":"2025-01-15T04:38:58","guid":{"rendered":"https:\/\/www.radiopiu.net\/wordpress\/?p=429739"},"modified":"2025-01-15T05:42:00","modified_gmt":"2025-01-15T04:42:00","slug":"grave-incidente-sul-cantiere-ferroviario-di-feltre-operaio-perde-una-mano","status":"publish","type":"post","link":"https:\/\/www.radiopiu.net\/wordpress\/grave-incidente-sul-cantiere-ferroviario-di-feltre-operaio-perde-una-mano\/","title":{"rendered":"GRAVE INCIDENTE SUL CANTIERE FERROVIARIO DI FELTRE: OPERAIO PERDE UNA MANO"},"content":{"rendered":"<p>**<\/p>\n<p><img loading=\"lazy\" decoding=\"async\" class=\"alignleft\" src=\"https:\/\/www.radiopiu.net\/wordpress\/wp-content\/uploads\/2025\/01\/download-4.jpg\" width=\"135\" height=\"101\" \/>Tre interventi nella mattinata del Suem. A San Vito di Cadore richiesta l&#8217;assistenza e l&#8217;urgenza pediatrica per una piccola di 1 anno di Pistoia, trasferita in elicottero al San Martino di Belluno.<\/p>\n<p>Un drammatico incidente si \u00e8 verificato ieri intorno alle 13 nel cantiere ferroviario di Feltre, dove si stanno svolgendo i lavori per l\u2019elettrificazione della linea ferroviaria. Un operaio quarantenne di origine albanese ha subito l\u2019amputazione della mano destra mentre operava sui binari.L\u2019uomo \u00e8 stato soccorso dal 118 e trasferito in elicottero all\u2019ospedale di Verona, presso l\u2019unit\u00e0 di chirurgia della mano. Le sue condizioni sono gravi e si attende di sapere se sar\u00e0 possibile riattaccare l\u2019arto.Sul luogo dell\u2019incidente sono intervenuti i carabinieri, la polizia ferroviaria e lo Spisal, che sta indagando per ricostruire la dinamica dei fatti. L\u2019incidente ha scosso profondamente i colleghi dell\u2019operaio, impegnati in un progetto che prevede la chiusura della linea ferroviaria fino a met\u00e0 giugno.<\/p>\n<p>Poco dopo il primo degli infortuni sulle piste di sci, o almeno di una certa gravit\u00e0.\u00a0 Sulla pista Faloria un irlandese di 55 anni \u00e8 caduto sciando, ora \u00e8 ricoverato a Belluno accolto con un codice di media gravit\u00e0.<\/p>\n<p>&nbsp;<\/p>\n<p>__<\/p>\n","protected":false},"excerpt":{"rendered":"<p>** Tre interventi nella mattinata del Suem. A San Vito di Cadore richiesta l&#8217;assistenza e l&#8217;urgenza pediatrica per una piccola di 1 anno di Pistoia, trasferita in elicottero al San Martino di Belluno. Un drammatico incidente si \u00e8 verificato ieri intorno alle 13 nel cantiere ferroviario di Feltre, dove si stanno svolgendo i lavori per&hellip;<\/p>\n","protected":false},"author":4,"featured_media":429741,"comment_status":"closed","ping_status":"closed","sticky":false,"template":"","format":"standard","meta":{"_monsterinsights_skip_tracking":false,"_monsterinsights_sitenote_active":false,"_monsterinsights_sitenote_note":"","_monsterinsights_sitenote_category":0,"footnotes":""},"categories":[51,49],"tags":[],"class_list":["post-429739","post","type-post","status-publish","format-standard","has-post-thumbnail","hentry","category-evidenza-top","category-news-18","category-51","category-49","description-off"],"img_url":"https:\/\/www.radiopiu.net\/wordpress\/wp-content\/uploads\/2025\/01\/download-4.jpg","_links":{"self":[{"href":"https:\/\/www.radiopiu.net\/wordpress\/wp-json\/wp\/v2\/posts\/429739","targetHints":{"allow":["GET"]}}],"collection":[{"href":"https:\/\/www.radiopiu.net\/wordpress\/wp-json\/wp\/v2\/posts"}],"about":[{"href":"https:\/\/www.radiopiu.net\/wordpress\/wp-json\/wp\/v2\/types\/post"}],"author":[{"embeddable":true,"href":"https:\/\/www.radiopiu.net\/wordpress\/wp-json\/wp\/v2\/users\/4"}],"replies":[{"embeddable":true,"href":"https:\/\/www.radiopiu.net\/wordpress\/wp-json\/wp\/v2\/comments?post=429739"}],"version-history":[{"count":2,"href":"https:\/\/www.radiopiu.net\/wordpress\/wp-json\/wp\/v2\/posts\/429739\/revisions"}],"predecessor-version":[{"id":429764,"href":"https:\/\/www.radiopiu.net\/wordpress\/wp-json\/wp\/v2\/posts\/429739\/revisions\/429764"}],"wp:featuredmedia":[{"embeddable":true,"href":"https:\/\/www.radiopiu.net\/wordpress\/wp-json\/wp\/v2\/media\/429741"}],"wp:attachment":[{"href":"https:\/\/www.radiopiu.net\/wordpress\/wp-json\/wp\/v2\/media?parent=429739"}],"wp:term":[{"taxonomy":"category","embeddable":true,"href":"https:\/\/www.radiopiu.net\/wordpress\/wp-json\/wp\/v2\/categories?post=429739"},{"taxonomy":"post_tag","embeddable":true,"href":"https:\/\/www.radiopiu.net\/wordpress\/wp-json\/wp\/v2\/tags?post=429739"}],"curies":[{"name":"wp","href":"https:\/\/api.w.org\/{rel}","templated":true}]}}