{"id":429806,"date":"2025-01-16T05:25:02","date_gmt":"2025-01-16T04:25:02","guid":{"rendered":"https:\/\/www.radiopiu.net\/wordpress\/?p=429806"},"modified":"2025-01-16T07:58:35","modified_gmt":"2025-01-16T06:58:35","slug":"giornale-radiopiu-16-gennaio-2025-direttore-mirko-mezzacasada-41-anni-25-giugno-1983-25-giugno-2024","status":"publish","type":"post","link":"https:\/\/www.radiopiu.net\/wordpress\/giornale-radiopiu-16-gennaio-2025-direttore-mirko-mezzacasada-41-anni-25-giugno-1983-25-giugno-2024\/","title":{"rendered":"GIORNALE RADIOPIU 16 GENNAIO 2025 DIRETTORE MIRKO MEZZACASA\u2026DA 41 ANNI 25 GIUGNO 1983-25 GIUGNO 2024"},"content":{"rendered":"<p>&nbsp;<\/p>\n<p>********<\/p>\n<p>&nbsp;<\/p>\n<p><em><span style=\"color: #ff0000;\"><a class=\"dt-pswp-item\" href=\"https:\/\/www.radiopiu.net\/wordpress\/wp-content\/uploads\/2024\/10\/Senza-nome-8.png\" data-dt-img-description=\"\" data-large_image_width=\"343\" data-large_image_height=\"303\"><img loading=\"lazy\" decoding=\"async\" class=\"wp-image-412130 alignleft\" src=\"https:\/\/www.radiopiu.net\/wordpress\/wp-content\/uploads\/2024\/10\/Senza-nome-8-300x265.png\" alt=\"\" width=\"105\" height=\"93\" srcset=\"https:\/\/www.radiopiu.net\/wordpress\/wp-content\/uploads\/2024\/10\/Senza-nome-8-300x265.png 300w, https:\/\/www.radiopiu.net\/wordpress\/wp-content\/uploads\/2024\/10\/Senza-nome-8.png 343w\" sizes=\"auto, (max-width: 105px) 100vw, 105px\" \/><\/a><\/span><\/em><strong><em><span style=\"color: #ff0000;\"> LA\u00a0 APP PER IOS-IPHONE di Nicola Vettorello<\/span><\/em><\/strong><\/p>\n<p><strong><span style=\"color: #0000ff;\"><a style=\"color: #0000ff;\" href=\"https:\/\/apps.apple.com\/it\/app\/radio-pi%C3%B9-emittente-agordina\/id1515939845\">https:\/\/apps.apple.com\/it\/app\/radio-pi%C3%B9-emittente-agordina\/id1515939845<\/a><\/span><\/strong><\/p>\n<p><strong><em style=\"color: #ff0000;\">LA\u00a0 APP RADIO\u00a0 PER ANDROID di Nicola Vettorello<\/em><\/strong><\/p>\n<p><strong><span style=\"color: #0000ff;\"><a style=\"color: #0000ff;\" href=\"https:\/\/play.google.com\/store\/apps\/details?id=net.radiopiu.iniko\" target=\"_blank\" rel=\"noopener noreferrer\">https:\/\/<\/a><a style=\"color: #0000ff;\" href=\"https:\/\/play.google.com\/store\/apps\/details?id=net.radiopiu.iniko\" target=\"_blank\" rel=\"noopener noreferrer\">play.google.com\/store\/apps\/details?id=net.radiopiu.iniko\u00a0\u00a0\u00a0<\/a><\/span><\/strong><\/p>\n<p>&nbsp;<\/p>\n<p>&nbsp;<\/p>\n<p>&nbsp;<\/p>\n<hr \/>\n<p>&nbsp;<\/p>\n<p><span style=\"color: #ff0000;\"><strong>OGGI ALLA RADIO:\u00a0<\/strong><\/span><\/p>\n<p><strong><a class=\"dt-pswp-item\" href=\"https:\/\/www.radiopiu.net\/wordpress\/wp-content\/uploads\/2025\/01\/300950053_1103002613951160_2043588901176645929_n.jpg\" data-dt-img-description=\"\" data-large_image_width=\"671\" data-large_image_height=\"680\"><img loading=\"lazy\" decoding=\"async\" class=\"wp-image-429934 alignleft\" src=\"https:\/\/www.radiopiu.net\/wordpress\/wp-content\/uploads\/2025\/01\/300950053_1103002613951160_2043588901176645929_n-296x300.jpg\" alt=\"\" width=\"173\" height=\"175\" srcset=\"https:\/\/www.radiopiu.net\/wordpress\/wp-content\/uploads\/2025\/01\/300950053_1103002613951160_2043588901176645929_n-296x300.jpg 296w, https:\/\/www.radiopiu.net\/wordpress\/wp-content\/uploads\/2025\/01\/300950053_1103002613951160_2043588901176645929_n.jpg 671w\" sizes=\"auto, (max-width: 173px) 100vw, 173px\" \/><\/a>rassegna stampa nazionale,<\/strong> ogni giorno alle 5 e alle 6 del mattino.<br \/>\ngiornali locali 7 rassegna stampa flash, 8 rassegna stampa, gr flash alle 10 e alle 11, principale 12.30. Informazione pomeriggio ogni ora fino alle 20, in coda ai notiziari nazionali. Giornale radio nazionale: ogni ora dalle 4 del mattino, alle 20 della sera. Alle 19 le anticipazioni dal TG di Antenna 3 di Tiziana Bolognani.<\/p>\n<p><strong>OGGI ALLE 9.00 <\/strong>LA MUSICA COUNTRY DI ALEX NASCINBEN 940 OGGI COME IERI CON SILVIA BALDO<strong> 10,10<\/strong>\u00a0 Cosa guarda in TV dalle piattaforme televisive, di Paola Lanciato (FOTO) <strong>10.30\u00a0<\/strong> CASPARETHA 2025 con Emil e Mirco Tancon \u00a0<strong>13.10<\/strong>\u00a0 fine settimata sugli sci da fondo con il grande evento sulla piana di Falcade, con Matteo Cagnati presidente Sci Club Val Biois <strong>14.00<\/strong>\u00a0 COLLAGE OPERAZIONE NOSTALGIA Loris Scussel\u00a0 <strong>15.00\u00a0<\/strong> time for me, con Marina Dona&#8217;<\/p>\n<p>&nbsp;<\/p>\n<p>&nbsp;<\/p>\n<hr \/>\n<p>&nbsp;<\/p>\n<p>&nbsp;<\/p>\n<div class=\"x11i5rnm xat24cr x1mh8g0r x1vvkbs xtlvy1s x126k92a\">\n<div dir=\"auto\">\n<div dir=\"auto\">\n<p><strong><a class=\"dt-pswp-item\" href=\"https:\/\/www.radiopiu.net\/wordpress\/wp-content\/uploads\/2024\/02\/2d44e751-d8a8-461b-8e22-d8e4e853b032.jpg\" data-dt-img-description=\"\" data-large_image_width=\"1600\" data-large_image_height=\"1200\"><img loading=\"lazy\" decoding=\"async\" class=\"wp-image-373307 alignleft\" src=\"https:\/\/www.radiopiu.net\/wordpress\/wp-content\/uploads\/2024\/02\/2d44e751-d8a8-461b-8e22-d8e4e853b032-300x225.jpg\" alt=\"\" width=\"105\" height=\"79\" srcset=\"https:\/\/www.radiopiu.net\/wordpress\/wp-content\/uploads\/2024\/02\/2d44e751-d8a8-461b-8e22-d8e4e853b032-300x225.jpg 300w, https:\/\/www.radiopiu.net\/wordpress\/wp-content\/uploads\/2024\/02\/2d44e751-d8a8-461b-8e22-d8e4e853b032-1024x768.jpg 1024w, https:\/\/www.radiopiu.net\/wordpress\/wp-content\/uploads\/2024\/02\/2d44e751-d8a8-461b-8e22-d8e4e853b032-768x576.jpg 768w, https:\/\/www.radiopiu.net\/wordpress\/wp-content\/uploads\/2024\/02\/2d44e751-d8a8-461b-8e22-d8e4e853b032-1536x1152.jpg 1536w, https:\/\/www.radiopiu.net\/wordpress\/wp-content\/uploads\/2024\/02\/2d44e751-d8a8-461b-8e22-d8e4e853b032.jpg 1600w\" sizes=\"auto, (max-width: 105px) 100vw, 105px\" \/><\/a>EL BAL DEL FIOR, DI GIULIANA DA RONCH, 16 GENNAIO<\/strong><strong> 2025<\/strong><\/p>\n<\/div>\n<\/div>\n<\/div>\n<div class=\"x11i5rnm xat24cr x1mh8g0r x1vvkbs xtlvy1s x126k92a\">\n<p>&nbsp;<\/p>\n<audio class=\"wp-audio-shortcode\" id=\"audio-429806-1\" preload=\"none\" style=\"width: 100%;\" controls=\"controls\"><source type=\"audio\/mpeg\" src=\"https:\/\/www.radiopiu.net\/wordpress\/wp-content\/uploads\/2025\/01\/GGI-1.mp3?_=1\" \/><a href=\"https:\/\/www.radiopiu.net\/wordpress\/wp-content\/uploads\/2025\/01\/GGI-1.mp3\">https:\/\/www.radiopiu.net\/wordpress\/wp-content\/uploads\/2025\/01\/GGI-1.mp3<\/a><\/audio>\n<p>&nbsp;<\/p>\n<hr \/>\n<p>&nbsp;<\/p>\n<p>&nbsp;<\/p>\n<blockquote>\n<h1><strong><a class=\"dt-pswp-item\" href=\"https:\/\/www.radiopiu.net\/wordpress\/wp-content\/uploads\/2024\/10\/629301fd-708d-4f53-95c2-d28cbefd500f.jpg\" data-dt-img-description=\"\" data-large_image_width=\"1600\" data-large_image_height=\"1322\"><img loading=\"lazy\" decoding=\"async\" class=\"wp-image-413782 alignright\" src=\"https:\/\/www.radiopiu.net\/wordpress\/wp-content\/uploads\/2024\/10\/629301fd-708d-4f53-95c2-d28cbefd500f-300x248.jpg\" alt=\"\" width=\"106\" height=\"88\" srcset=\"https:\/\/www.radiopiu.net\/wordpress\/wp-content\/uploads\/2024\/10\/629301fd-708d-4f53-95c2-d28cbefd500f-300x248.jpg 300w, https:\/\/www.radiopiu.net\/wordpress\/wp-content\/uploads\/2024\/10\/629301fd-708d-4f53-95c2-d28cbefd500f-1024x846.jpg 1024w, https:\/\/www.radiopiu.net\/wordpress\/wp-content\/uploads\/2024\/10\/629301fd-708d-4f53-95c2-d28cbefd500f-768x635.jpg 768w, https:\/\/www.radiopiu.net\/wordpress\/wp-content\/uploads\/2024\/10\/629301fd-708d-4f53-95c2-d28cbefd500f-1536x1269.jpg 1536w, https:\/\/www.radiopiu.net\/wordpress\/wp-content\/uploads\/2024\/10\/629301fd-708d-4f53-95c2-d28cbefd500f.jpg 1600w\" sizes=\"auto, (max-width: 106px) 100vw, 106px\" \/><\/a><\/strong><\/h1>\n<h1><strong><a class=\"dt-pswp-item\" href=\"https:\/\/www.radiopiu.net\/wordpress\/wp-content\/uploads\/2024\/11\/th-18.jpg\" data-dt-img-description=\"\" data-large_image_width=\"156\" data-large_image_height=\"180\"><img loading=\"lazy\" decoding=\"async\" class=\"size-full wp-image-421611 alignleft\" src=\"https:\/\/www.radiopiu.net\/wordpress\/wp-content\/uploads\/2024\/11\/th-18.jpg\" alt=\"\" width=\"156\" height=\"180\" \/><\/a><\/strong><\/h1>\n<h1><strong>N di parom &#8211; L Almanach de la nosta jent<\/strong><\/h1>\n<\/blockquote>\n<p>&nbsp;<\/p>\n<p>Le voci: Davide Conedera, Agordo, Michela Dell&#8217;Osbel, La Valle Agordina Simone Ganz, Falcade Veronica Lezuo, Colle Santa Lucia. La voce nella sigla \u00e8 di Giorgia Taio<\/p>\n<p><strong>LA PUNTATA DI OGGI, 16 GENNAIO 2025<\/strong><\/p>\n<p>&nbsp;<\/p>\n<audio class=\"wp-audio-shortcode\" id=\"audio-429806-2\" preload=\"none\" style=\"width: 100%;\" controls=\"controls\"><source type=\"audio\/mpeg\" src=\"https:\/\/www.radiopiu.net\/wordpress\/wp-content\/uploads\/2025\/01\/AL4-1.mp3?_=2\" \/><a href=\"https:\/\/www.radiopiu.net\/wordpress\/wp-content\/uploads\/2025\/01\/AL4-1.mp3\">https:\/\/www.radiopiu.net\/wordpress\/wp-content\/uploads\/2025\/01\/AL4-1.mp3<\/a><\/audio>\n<p>&nbsp;<\/p>\n<\/div>\n<div class=\"x11i5rnm xat24cr x1mh8g0r x1vvkbs xtlvy1s x126k92a\">\n<div dir=\"auto\">\n<hr \/>\n<\/div>\n<\/div>\n<blockquote>\n<blockquote>\n<h1><span style=\"color: #ff0000;\">\u00a0<\/span><\/h1>\n<h1><span style=\"color: #ff0000;\">I podcast informativi del mattino &#8211; audio &#8211;\u00a0\u00a0<\/span><\/h1>\n<\/blockquote>\n<p><strong><a class=\"dt-pswp-item\" href=\"https:\/\/www.radiopiu.net\/wordpress\/wp-content\/uploads\/2024\/11\/6.jpg\" data-dt-img-description=\"\" data-large_image_width=\"177\" data-large_image_height=\"180\"><img loading=\"lazy\" decoding=\"async\" class=\"size-full wp-image-417911 alignleft\" src=\"https:\/\/www.radiopiu.net\/wordpress\/wp-content\/uploads\/2024\/11\/6.jpg\" alt=\"\" width=\"177\" height=\"180\" \/><\/a>LA RASSEGNA STAMPA NAZIONALE ALLA RADIO, OGNI GIORNO ALLE 5 E ALLE 6 DEL MATTINO <span style=\"color: #0000ff;\">viene pubblicata alle 6.00 <span style=\"color: #ff0000;\">DIRETTA RADIO\u00a0 \u00a0\u00a0<\/span><\/span><\/strong><\/p><\/blockquote>\n<p>&nbsp;<\/p>\n<p><strong>NOTIZIE DELLA NOTTE<\/strong><\/p>\n<p>&nbsp;<\/p>\n<p><strong>Apple<\/strong>, -25% spedizioni iPhone in Cina. Huawei vola invece a +24%1 <strong>Biden:<\/strong> negli Usa si sta formando una pericolosa oligarchia <strong>Borsa:<\/strong> Hong Kong positiva, apre a +0,91% <strong>Conor McGregor<\/strong> accusato di aggressione sessuale a Miami<br \/>\n<strong>Borsa:<\/strong> Tokyo, apertura in rialzo (+0,80%) <strong>Hamas<\/strong>, &#8216;non perdoneremo mai le sofferenze inflitte a Gaza&#8217; <strong>Smotrich,<\/strong> &#8216;con Hamas accordo pericoloso, voteremo contro&#8217;<br \/>\n<strong>Cuba<\/strong> ha liberato i primi 14 prigionieri politici<\/p>\n<h2>AUDIO dalle 6 del mattino<\/h2>\n<audio class=\"wp-audio-shortcode\" id=\"audio-429806-3\" preload=\"none\" style=\"width: 100%;\" controls=\"controls\"><source type=\"audio\/mpeg\" src=\"https:\/\/www.radiopiu.net\/wordpress\/wp-content\/uploads\/2025\/01\/GIORNALEDELLESEI-11.mp3?_=3\" \/><a href=\"https:\/\/www.radiopiu.net\/wordpress\/wp-content\/uploads\/2025\/01\/GIORNALEDELLESEI-11.mp3\">https:\/\/www.radiopiu.net\/wordpress\/wp-content\/uploads\/2025\/01\/GIORNALEDELLESEI-11.mp3<\/a><\/audio>\n<p>&nbsp;<\/p>\n<p>&nbsp;<\/p>\n<hr \/>\n<p>&nbsp;<\/p>\n<h1 style=\"text-align: center;\"><span style=\"color: #ff0000;\"><a class=\"dt-pswp-item\" href=\"https:\/\/www.radiopiu.net\/wordpress\/wp-content\/uploads\/2024\/11\/7.jpg\" data-dt-img-description=\"\" data-large_image_width=\"180\" data-large_image_height=\"180\"><img loading=\"lazy\" decoding=\"async\" class=\"size-full wp-image-417912 alignleft\" src=\"https:\/\/www.radiopiu.net\/wordpress\/wp-content\/uploads\/2024\/11\/7.jpg\" alt=\"\" width=\"180\" height=\"180\" srcset=\"https:\/\/www.radiopiu.net\/wordpress\/wp-content\/uploads\/2024\/11\/7.jpg 180w, https:\/\/www.radiopiu.net\/wordpress\/wp-content\/uploads\/2024\/11\/7-150x150.jpg 150w\" sizes=\"auto, (max-width: 180px) 100vw, 180px\" \/><\/a>I podcast informativi del mattino &#8211; audio &#8211;\u00a0<\/span><\/h1>\n<p><strong>OGNI GIORNO ALLE SETTE DEL MATTINO, LA RASSEGNA STAMPA LOCALE FLASH&#8230; PER CHI VA IN FRETTA. I TITOLI DAI GIORNALI E DAL SITO WWW.RADIOPIU.NET <span style=\"color: #0000ff;\">viene pubblicato alle 7.00<\/span> <span style=\"color: #ff0000;\">DIRETTA RADIO\u00a0<\/span><\/strong><\/p>\n<p><em><span style=\"color: #ff0000;\">per chi va in fretta&#8230; tante notizie in pochi minuti. L&#8217;informazione locale alla radio, ogni ora dalle 7 del mattino alle 19 della sera.<\/span><\/em><\/p>\n<h1>AUDIO dalle 7 del mattino<\/h1>\n<audio class=\"wp-audio-shortcode\" id=\"audio-429806-4\" preload=\"none\" style=\"width: 100%;\" controls=\"controls\"><source type=\"audio\/mpeg\" src=\"https:\/\/www.radiopiu.net\/wordpress\/wp-content\/uploads\/2025\/01\/GF07-11.mp3?_=4\" \/><a href=\"https:\/\/www.radiopiu.net\/wordpress\/wp-content\/uploads\/2025\/01\/GF07-11.mp3\">https:\/\/www.radiopiu.net\/wordpress\/wp-content\/uploads\/2025\/01\/GF07-11.mp3<\/a><\/audio>\n<p>&nbsp;<\/p>\n<hr \/>\n<p>&nbsp;<\/p>\n<h1><\/h1>\n<h1 style=\"text-align: center;\"><span style=\"color: #ff0000;\"><a class=\"dt-pswp-item\" href=\"https:\/\/www.radiopiu.net\/wordpress\/wp-content\/uploads\/2024\/11\/th.jpg\" data-dt-img-description=\"\" data-large_image_width=\"148\" data-large_image_height=\"179\"><img loading=\"lazy\" decoding=\"async\" class=\"size-full wp-image-417913 alignleft\" src=\"https:\/\/www.radiopiu.net\/wordpress\/wp-content\/uploads\/2024\/11\/th.jpg\" alt=\"\" width=\"148\" height=\"179\" \/><\/a>I podcast informativi del mattino &#8211; audio &#8211;\u00a0<\/span><\/h1>\n<blockquote><p><strong>GIORNALE RADIO NAZIONALE, EDIZIONE DELLE SETTE <span style=\"color: #0000ff;\">viene pubblicato alle 7.05 <span style=\"color: #ff0000;\">DIRETTA RADIO\u00a0<\/span><\/span><\/strong><\/p><\/blockquote>\n<p><strong>il giornale radionazionale e&#8217; in onda ogni ora, dalle sette del mattino alle venti della sera\u00a0 \u00a0<\/strong><\/p>\n<p>Strage di Bologna, definitivo l&#8217;ergastolo per Gilberto Cavallini Sentenza della Cassazione. I familiari delle vittime: &#8216;Grande emozione&#8217;. Caus\u00f2 la morte di 85 persone e il ferimento di altre 200<strong><br \/>\n<\/strong><\/p>\n<p><strong>BARI<\/strong> Neonato morto nella culla, dal climatizzatore esce aria fredda<br \/>\n<span style=\"color: #ff0000;\">BOLOGNA<\/span> &#8216;Fatte spogliare in questura&#8217;, manifestanti annunciano un presidio<br \/>\n<span style=\"color: #008000;\">PISTOIA<\/span> In scooter tentano la fuga dalla polizia, grave un quindicenne<br \/>\n<strong>NAPOLI<\/strong> A casa dell&#8217;insegnante di sostegno arrestata un archivio pornografico<br \/>\n<span style=\"color: #ff0000;\">CATANZARO<\/span> Crudelt\u00e0 sulle cavie animali e omissioni, arresti<\/p>\n<h2><span style=\"color: #ff0000;\"><span style=\"color: #0000ff;\">ULTIM&#8217;ORA<\/span> <span style=\"color: #000000;\">AUDIO dalle sette del mattino, ogni ora alla radio EDIZIONE DELLE SETTE<\/span><\/span><\/h2>\n<audio class=\"wp-audio-shortcode\" id=\"audio-429806-5\" preload=\"none\" style=\"width: 100%;\" controls=\"controls\"><source type=\"audio\/mpeg\" src=\"https:\/\/www.radiopiu.net\/wordpress\/wp-content\/uploads\/2025\/01\/giornale07-16.mp3?_=5\" \/><a href=\"https:\/\/www.radiopiu.net\/wordpress\/wp-content\/uploads\/2025\/01\/giornale07-16.mp3\">https:\/\/www.radiopiu.net\/wordpress\/wp-content\/uploads\/2025\/01\/giornale07-16.mp3<\/a><\/audio>\n<p>&nbsp;<\/p>\n<p>&nbsp;<\/p>\n<hr \/>\n<p>&nbsp;<\/p>\n<p>&nbsp;<\/p>\n<h1><span style=\"color: #ff0000;\"><a class=\"dt-pswp-item\" href=\"https:\/\/www.radiopiu.net\/wordpress\/wp-content\/uploads\/2024\/11\/8.jpg\" data-dt-img-description=\"\" data-large_image_width=\"180\" data-large_image_height=\"180\"><img loading=\"lazy\" decoding=\"async\" class=\"size-full wp-image-417910 alignleft\" src=\"https:\/\/www.radiopiu.net\/wordpress\/wp-content\/uploads\/2024\/11\/8.jpg\" alt=\"\" width=\"180\" height=\"180\" srcset=\"https:\/\/www.radiopiu.net\/wordpress\/wp-content\/uploads\/2024\/11\/8.jpg 180w, https:\/\/www.radiopiu.net\/wordpress\/wp-content\/uploads\/2024\/11\/8-150x150.jpg 150w\" sizes=\"auto, (max-width: 180px) 100vw, 180px\" \/><\/a>I podcast informativi del mattino &#8211; video &#8211;\u00a0<\/span><\/h1>\n<h2 style=\"text-align: left;\"><strong>RASSEGNA STAMPA LOCALE, ORE OTTO<\/strong><\/h2>\n<h2><strong> <span style=\"color: #0000ff;\">viene\u00a0 <\/span><\/strong><strong><span style=\"color: #0000ff;\">pubblicata alle 8.05 <span style=\"color: #ff0000;\">DIRETTA RADIO\u00a0 \u00a0<\/span><\/span><\/strong><strong>DI MIRKO MEZZACASA<\/strong><\/h2>\n<h2><span style=\"color: #ff0000;\"><strong>\u00a0<\/strong><\/span><\/h2>\n\n\t\t\t<style type='text\/css'>\n\t\t\t\t#gallery-1 {\n\t\t\t\t\tmargin: auto;\n\t\t\t\t}\n\t\t\t\t#gallery-1 .gallery-item {\n\t\t\t\t\tfloat: left;\n\t\t\t\t\tmargin-top: 10px;\n\t\t\t\t\ttext-align: center;\n\t\t\t\t\twidth: 50%;\n\t\t\t\t}\n\t\t\t\t#gallery-1 img {\n\t\t\t\t\tborder: 2px solid #cfcfcf;\n\t\t\t\t}\n\t\t\t\t#gallery-1 .gallery-caption {\n\t\t\t\t\tmargin-left: 0;\n\t\t\t\t}\n\t\t\t\t\/* see gallery_shortcode() in wp-includes\/media.php *\/\n\t\t\t<\/style>\n\t\t<div id='gallery-1' class='dt-gallery-container gallery galleryid-429806 gallery-columns-2 gallery-size-medium'><dl class='gallery-item'>\n\t\t\t\t<dt class='gallery-icon landscape'>\n\t\t\t\t\t<a class=\"rollover rollover-zoom dt-pswp-item\" title=\"COOP1\" data-dt-img-description=\"\" data-large_image_width=\"527\" data-large_image_height=\"346\"href='https:\/\/www.radiopiu.net\/wordpress\/wp-content\/uploads\/2025\/01\/COOP1-7.png'><img loading=\"lazy\" decoding=\"async\" width=\"300\" height=\"197\" src=\"https:\/\/www.radiopiu.net\/wordpress\/wp-content\/uploads\/2025\/01\/COOP1-7-300x197.png\" class=\"attachment-medium size-medium\" alt=\"\" srcset=\"https:\/\/www.radiopiu.net\/wordpress\/wp-content\/uploads\/2025\/01\/COOP1-7-300x197.png 300w, https:\/\/www.radiopiu.net\/wordpress\/wp-content\/uploads\/2025\/01\/COOP1-7.png 527w\" sizes=\"auto, (max-width: 300px) 100vw, 300px\" \/><\/a>\n\t\t\t\t<\/dt><\/dl><dl class='gallery-item'>\n\t\t\t\t<dt class='gallery-icon landscape'>\n\t\t\t\t\t<a class=\"rollover rollover-zoom dt-pswp-item\" title=\"COP2\" data-dt-img-description=\"\" data-large_image_width=\"483\" data-large_image_height=\"224\"href='https:\/\/www.radiopiu.net\/wordpress\/wp-content\/uploads\/2025\/01\/COP2-2.png'><img loading=\"lazy\" decoding=\"async\" width=\"300\" height=\"139\" src=\"https:\/\/www.radiopiu.net\/wordpress\/wp-content\/uploads\/2025\/01\/COP2-2-300x139.png\" class=\"attachment-medium size-medium\" alt=\"\" srcset=\"https:\/\/www.radiopiu.net\/wordpress\/wp-content\/uploads\/2025\/01\/COP2-2-300x139.png 300w, https:\/\/www.radiopiu.net\/wordpress\/wp-content\/uploads\/2025\/01\/COP2-2.png 483w\" sizes=\"auto, (max-width: 300px) 100vw, 300px\" \/><\/a>\n\t\t\t\t<\/dt><\/dl><br style=\"clear: both\" \/>\n\t\t\t<\/div>\n\n<h2><span style=\"color: #ff0000;\"><strong>\u00a0<\/strong><\/span><span style=\"color: #ff0000;\"><strong>VIDEO\u00a0 \u00a0in diretta AGGIORNAMENTO\u00a0 dalle 8 del mattino\u00a0 \u00a0<\/strong><\/span><\/h2>\n<p><iframe loading=\"lazy\" style=\"border: none; overflow: hidden;\" src=\"https:\/\/www.facebook.com\/plugins\/video.php?height=314&amp;href=https%3A%2F%2Fwww.facebook.com%2Fradiopiu%2Fvideos%2F1169782978081844%2F&amp;show_text=false&amp;width=560&amp;t=0\" width=\"560\" height=\"314\" frameborder=\"0\" scrolling=\"no\" allowfullscreen=\"allowfullscreen\"><\/iframe><\/p>\n<p>&nbsp;<\/p>\n<p>&nbsp;<\/p>\n<hr \/>\n<p>&nbsp;<\/p>\n<p>&nbsp;<\/p>\n<p><strong><a class=\"dt-pswp-item\" href=\"https:\/\/www.radiopiu.net\/wordpress\/wp-content\/uploads\/2023\/12\/ANTENNA.png\" data-dt-img-description=\"\" data-large_image_width=\"300\" data-large_image_height=\"166\"><img loading=\"lazy\" decoding=\"async\" class=\"wp-image-366306 alignright\" src=\"https:\/\/www.radiopiu.net\/wordpress\/wp-content\/uploads\/2023\/12\/ANTENNA.png\" alt=\"\" width=\"101\" height=\"56\" \/><\/a><a class=\"dt-pswp-item\" href=\"https:\/\/www.radiopiu.net\/wordpress\/wp-content\/uploads\/2024\/11\/th-17.jpg\" data-dt-img-description=\"\" data-large_image_width=\"224\" data-large_image_height=\"180\"><img loading=\"lazy\" decoding=\"async\" class=\" wp-image-421610 alignleft\" src=\"https:\/\/www.radiopiu.net\/wordpress\/wp-content\/uploads\/2024\/11\/th-17.jpg\" alt=\"\" width=\"167\" height=\"134\" \/><\/a>ogni sera alle 19 le anticipazioni alla radio, quello che poi seguirete nel TELEGIORNALE BELLUNESE\u00a0 in onda alle 19.30 sul CANALE 10 del digitale terrestre.\u00a0\u00a0<\/strong><\/p>\n<p><strong>LE ANTICIPAZIONI\u00a0 DI TIZIANA BOLOGNANI<\/strong><\/p>\n<audio class=\"wp-audio-shortcode\" id=\"audio-429806-6\" preload=\"none\" style=\"width: 100%;\" controls=\"controls\"><source type=\"audio\/mpeg\" src=\"https:\/\/www.radiopiu.net\/wordpress\/wp-content\/uploads\/2025\/01\/ANTENNA3-9.mp3?_=6\" \/><a href=\"https:\/\/www.radiopiu.net\/wordpress\/wp-content\/uploads\/2025\/01\/ANTENNA3-9.mp3\">https:\/\/www.radiopiu.net\/wordpress\/wp-content\/uploads\/2025\/01\/ANTENNA3-9.mp3<\/a><\/audio>\n<p><b>\u00a0<\/b><\/p>\n<p>&nbsp;<\/p>\n<hr \/>\n<p>&nbsp;<\/p>\n<blockquote>\n<h3>SCIVOLA SULLA PISTA DI NOTTE E SI INFORTUNA<\/h3>\n<\/blockquote>\n<p><strong>SAN VITO DI CADORE<\/strong><\/p>\n<p data-pm-slice=\"1 1 []\"><img loading=\"lazy\" decoding=\"async\" class=\" wp-image-429827 alignleft\" src=\"https:\/\/www.radiopiu.net\/wordpress\/wp-content\/uploads\/2025\/01\/56abd9c0-eec7-4631-b455-7715e7a580ae-300x171.webp\" alt=\"\" width=\"260\" height=\"148\" srcset=\"https:\/\/www.radiopiu.net\/wordpress\/wp-content\/uploads\/2025\/01\/56abd9c0-eec7-4631-b455-7715e7a580ae-300x171.webp 300w, https:\/\/www.radiopiu.net\/wordpress\/wp-content\/uploads\/2025\/01\/56abd9c0-eec7-4631-b455-7715e7a580ae-1024x585.webp 1024w, https:\/\/www.radiopiu.net\/wordpress\/wp-content\/uploads\/2025\/01\/56abd9c0-eec7-4631-b455-7715e7a580ae-768x439.webp 768w, https:\/\/www.radiopiu.net\/wordpress\/wp-content\/uploads\/2025\/01\/56abd9c0-eec7-4631-b455-7715e7a580ae-1536x878.webp 1536w, https:\/\/www.radiopiu.net\/wordpress\/wp-content\/uploads\/2025\/01\/56abd9c0-eec7-4631-b455-7715e7a580ae.webp 1792w\" sizes=\"auto, (max-width: 260px) 100vw, 260px\" \/>Nella notte tra marted\u00ec e mercoled\u00ec, attorno all&#8217;una e un quarto, la Centrale del Suem ha attivato il Soccorso alpino di San Vito di Cadore, a seguito dell&#8217;infortunio di un 48enne di Valle di Cadore (BL). L&#8217;uomo, che stava scendendo a piedi lungo la pista Serpentina, era infatti scivolato, riportando un probabile trauma alla gamba.<\/p>\n<p>Quando una squadra \u00e8 arrivata sul posto, l&#8217;infortunato, assistito da due infermieri sopraggiunti dalle vicinanze, stava scendendo trasportato a valle su una motoslitta. I soccorritori hanno quindi aiutato il personale sanitario a trasferirlo nell&#8217;ambulanza.<\/p>\n<p>&nbsp;<\/p>\n<p>&nbsp;<\/p>\n<blockquote>\n<h2>BELLUNO: INTERVENTI DEL 118 CON FALCO 1 E FALCO 2<\/h2>\n<\/blockquote>\n<p><strong>BELLUNO<\/strong><\/p>\n<p><strong><img loading=\"lazy\" decoding=\"async\" class=\"alignleft\" src=\"https:\/\/www.radiopiu.net\/wordpress\/wp-content\/uploads\/2023\/12\/croce-bianca-arabba.png\" width=\"324\" height=\"156\" \/>BELLUNO<\/strong> \u2013 Giornata intensa per il 118 in provincia di Belluno, con due elicotteri, <em>Falco 1<\/em> e <em>Falco 2<\/em>, alzatisi in volo per soccorrere tre persone, tutte trasferite all\u2019ospedale San Martino con codici di media gravit\u00e0.<\/p>\n<p>In mattinata, ieri, due malori hanno richiesto l\u2019intervento dei soccorsi. Al Rifugio Bec De Roces ad Arabba, un 62enne slovacco \u00e8 stato soccorso per un malore improvviso, mentre a Mareson di Zoldo Alto, un 77enne residente in Val di Zoldo ha avuto bisogno dell\u2019equipe medica.<\/p>\n<p>Nel pomeriggio sempre di ieri, ad Arabba Porta Vescovo, un 37enne polacco \u00e8 rimasto ferito agli arti inferiori dopo una caduta sugli sci. L\u2019equipe del 118 \u00e8 intervenuta prontamente per stabilizzare il paziente prima del trasferimento in ospedale.<\/p>\n<p>&nbsp;<\/p>\n<p>&nbsp;<\/p>\n<hr \/>\n<p>&nbsp;<\/p>\n<blockquote>\n<h3>Occhio alla truffa: attenzione alla truffa del resto nei locali<\/h3>\n<\/blockquote>\n<p><strong><a class=\"dt-pswp-item\" href=\"https:\/\/www.radiopiu.net\/wordpress\/wp-content\/uploads\/2025\/01\/Senza-nome-40.png\" data-dt-img-description=\"\" data-large_image_width=\"330\" data-large_image_height=\"318\"><img loading=\"lazy\" decoding=\"async\" class=\" wp-image-429885 alignleft\" src=\"https:\/\/www.radiopiu.net\/wordpress\/wp-content\/uploads\/2025\/01\/Senza-nome-40-300x289.png\" alt=\"\" width=\"191\" height=\"184\" srcset=\"https:\/\/www.radiopiu.net\/wordpress\/wp-content\/uploads\/2025\/01\/Senza-nome-40-300x289.png 300w, https:\/\/www.radiopiu.net\/wordpress\/wp-content\/uploads\/2025\/01\/Senza-nome-40.png 330w\" sizes=\"auto, (max-width: 191px) 100vw, 191px\" \/><\/a>ALLEGHE \u2013 ROCCA PIETORE\u00a0<\/strong> Allarme truffa nell\u2019Alto Agordino, tra Alleghe e Malga Ciapela, dove un gruppo di persone di nazionalit\u00e0 rumena, a bordo di una Giulietta bianca, ha tentato la famigerata &#8220;truffa del resto&#8221;. Il metodo \u00e8 collaudato: un cliente entra in un locale, distrae il personale con domande insistenti e utilizza una banconota da 50 euro per creare confusione durante il pagamento. Un recente episodio ha visto protagonista una donna che, dopo aver acquistato un articolo per pochi euro, ha cercato di convincere il personale che le spettava il resto di 50 euro, nonostante avesse poi pagato con una banconota di taglio inferiore. Grazie alla prontezza del titolare dell&#8217;esercizio, che si \u00e8 rifiutato di consegnare il resto contestato, la truffa \u00e8 stata sventata. La vicenda \u00e8 stata denunciata ai Carabinieri della stazione di Caprile di Alleghe, con i video delle telecamere di sorveglianza che documentano il tentativo.<\/p>\n<p>&nbsp;<\/p>\n<hr \/>\n<p>&nbsp;<\/p>\n<blockquote><p><strong>Allarme furti in citt\u00e0: cittadini segnalano auto sospette, ma nessun colpevole individuato<\/strong><\/p><\/blockquote>\n<p><strong><a class=\"dt-pswp-item\" href=\"https:\/\/www.radiopiu.net\/wordpress\/wp-content\/uploads\/2022\/08\/295832323_428597342649333_2091359398335650946_n.jpg\" data-dt-img-description=\"\" data-large_image_width=\"512\" data-large_image_height=\"640\"><img loading=\"lazy\" decoding=\"async\" class=\" wp-image-293577 alignleft\" src=\"https:\/\/www.radiopiu.net\/wordpress\/wp-content\/uploads\/2022\/08\/295832323_428597342649333_2091359398335650946_n-240x300.jpg\" alt=\"\" width=\"147\" height=\"184\" srcset=\"https:\/\/www.radiopiu.net\/wordpress\/wp-content\/uploads\/2022\/08\/295832323_428597342649333_2091359398335650946_n-240x300.jpg 240w, https:\/\/www.radiopiu.net\/wordpress\/wp-content\/uploads\/2022\/08\/295832323_428597342649333_2091359398335650946_n.jpg 512w\" sizes=\"auto, (max-width: 147px) 100vw, 147px\" \/><\/a>BELLUNO<\/strong> Cresce l&#8217;attenzione dei cittadini di Belluno per contrastare i furti in abitazione. Dopo il colpo di marted\u00ec in via Agosti, in cui sono stati rubati gioielli e una preziosa replica di una pistola storica, la polizia \u00e8 stata allertata ieri mattina per un&#8217;auto sospetta in movimento. L&#8217;inseguimento lungo via Vittorio Veneto si \u00e8 concluso con un controllo che ha escluso coinvolgimenti illeciti degli occupanti.<\/p>\n<p>Mentre si raccolgono prove e registrazioni dalle telecamere di sorveglianza, l&#8217;allerta rimane alta tra i residenti, pronti a segnalare movimenti sospetti nella zona.<\/p>\n<p>&nbsp;<\/p>\n<hr \/>\n<p>&nbsp;<\/p>\n<blockquote>\n<h2>Lutto per l\u2019Associazione Bellunesi nel Mondo: addio ad Arturo Soligo<\/h2>\n<\/blockquote>\n<p><strong>BELLUNO<\/strong><\/p>\n<p><img loading=\"lazy\" decoding=\"async\" class=\"alignleft\" src=\"https:\/\/www.radiopiu.net\/wordpress\/wp-content\/uploads\/2025\/01\/arturo_soligo.jpg\" width=\"217\" height=\"180\" \/>La comunit\u00e0 bellunese e l\u2019Associazione Bellunesi nel Mondo piangono la scomparsa di Arturo Soligo, presidente onorario della Famiglia Ex Emigranti di Ponte nelle Alpi. Deceduto a 81 anni, Arturo \u00e8 stato un punto di riferimento per l\u2019emigrazione bellunese, dedicando la vita alla comunit\u00e0 e al lavoro.<\/p>\n<p>Ex emigrante in Nuova Zelanda negli anni \u201960, ha rappresentato un simbolo di amore per le radici e di spirito di servizio. Oscar De Bona, presidente dell\u2019Associazione, lo ricorda come \u00abuna colonna portante della nostra emigrazione\u00bb.<\/p>\n<blockquote><p><em>L\u2019Associazione Bellunesi nel Mondo perde oggi un uomo che ha incarnato i valori dell\u2019emigrazione bellunese: il lavoro, l\u2019amore per le proprie radici e la dedizione al servizio degli altri. Arturo Soligo lascia una grande eredit\u00e0 morale, un esempio che continuer\u00e0 a ispirare le generazioni future.\u00a0<\/em><\/p>\n<p>&nbsp;<\/p>\n<hr \/>\n<p>&nbsp;<\/p><\/blockquote>\n<div class=\"page-title-head hgroup\">\n<blockquote>\n<h3 class=\"entry-title\">Sedici anni di reclusione per Pedro Livert Dominguez Sanchez, assolto l\u2019amico Junior Cedano Sanchez<\/h3>\n<\/blockquote>\n<\/div>\n<p><strong>BELLUNO<\/strong><\/p>\n<p><img decoding=\"async\" class=\"aligncenter\" src=\"https:\/\/www.radiopiu.net\/wordpress\/wp-content\/uploads\/2025\/01\/Senza-nome-42.png\" \/><\/p>\n<p>&nbsp;<\/p>\n<p>Si \u00e8 concluso ieri il processo (di primo grado) per l\u2019omicidio volontario di Antonio Costa, 53enne di origine trevigiana (foto), avvenuto il 6 maggio 2023 nei pressi della stazione di fronte al Kangur Bar di Fener. La Corte d\u2019Assise ha emesso la sentenza che condanna Pedro Livert Dominguez Sanchez, 47enne di Fener Bassa, a sedici <a class=\"dt-pswp-item\" href=\"https:\/\/www.radiopiu.net\/wordpress\/wp-content\/uploads\/2025\/01\/Senza-nome-26-231x300-1.jpg\" data-dt-img-description=\"\" data-large_image_width=\"231\" data-large_image_height=\"300\"><img loading=\"lazy\" decoding=\"async\" class=\" wp-image-429924 alignright\" src=\"https:\/\/www.radiopiu.net\/wordpress\/wp-content\/uploads\/2025\/01\/Senza-nome-26-231x300-1.jpg\" alt=\"\" width=\"130\" height=\"170\" \/><\/a>anni di reclusione, mentre ha assolto Junior Cedano Sanchez, 43enne residente a Belluno, ritenendolo estraneo ai fatti.\u00a0 La Procura ha contestato a Dominguez Sanchez il reato di omicidio volontario aggravato.\u00a0 Dopo mesi di udienze, la Corte ha accolto parzialmente la ricostruzione dell\u2019accusa, ritenendo Dominguez Sanchez responsabile dell\u2019omicidio, ma ha escluso l\u2019aggravante della premeditazione. Al contrario, Cedano Sanchez \u00e8 stato assolto per insufficienza di prove. Dalla difesa di Dominguez Sanchez \u00e8 gi\u00e0 trapelata l\u2019intenzione di presentare ricorso in appello, sostenendo che l\u2019accaduto sia stato il risultato di un tragico incidente.<\/p>\n<p>&nbsp;<\/p>\n<p>&nbsp;<\/p>\n<h3 class=\"_title post-title entry-title\">OMICIDIO COSTA, 16 ANNI A PEDRO DOMINGUEZ, ASSOLTO JUNIOR SEDANO SANCHEZ<\/h3>\n<p>Intervistati MARCELLO STELLIN (AVVOCATO DIFENSORE) (Servizio di\u00a0<a href=\"https:\/\/antennatre.medianordest.it\/redazione\/Fabio-Fioravanzi\/\">Fabio Fioravanzi<\/a>)<\/p>\n<p><iframe loading=\"lazy\" title=\"OMICIDIO COSTA, 16 ANNI A PEDRO DOMINGUEZ, ASSOLTO JUNIOR SEDANO SANCHEZ | 15\/01\/2025\" width=\"1200\" height=\"675\" src=\"https:\/\/www.youtube.com\/embed\/WCLimpqIn_c?feature=oembed\" frameborder=\"0\" allow=\"accelerometer; autoplay; clipboard-write; encrypted-media; gyroscope; picture-in-picture; web-share\" referrerpolicy=\"strict-origin-when-cross-origin\" allowfullscreen><\/iframe><\/p>\n<hr \/>\n<p><span style=\"color: #ff0000;\">IN TRIBUNALE CON GIGI SOSSO<\/span><br \/>\n<strong>SINTESI CORRIERE ALPI<\/strong><\/p>\n<blockquote><p><strong>Invest\u00ec una donna sulle strisce pedonali: patteggia un anno di reclusione<\/strong><\/p><\/blockquote>\n<p><strong>BELLUNO<\/strong> \u2013 53enne di Libano di Sedico, patteggia un anno di reclusione con pena sospesa per l&#8217;omicidio stradale di Zaira Bogo, investita il 9 novembre 2023 sulle strisce pedonali in via Agordo. Alla guida di una Fiat Panda bianca,\u00a0 procedeva a velocit\u00e0 non elevata, ma ritenuta inadeguata dalla Procura rispetto alle condizioni della strada e del meteo. La donna, appena scesa da un autobus, attraversava in un\u2019area poco illuminata.<\/p>\n<blockquote><p>&nbsp;<\/p><\/blockquote>\n<p>&nbsp;<\/p>\n<hr \/>\n<blockquote>\n<h2>La Mongolfiera di Giorgia Onlus\u201d: finanziati 15 progetti per ragazzi con disabilit\u00e0<\/h2>\n<\/blockquote>\n<p><a class=\"dt-pswp-item\" href=\"https:\/\/www.radiopiu.net\/wordpress\/wp-content\/uploads\/2025\/01\/IMG-20241007-WA0000-1.jpg\" data-dt-img-description=\"\" data-large_image_width=\"1080\" data-large_image_height=\"1029\"><img loading=\"lazy\" decoding=\"async\" class=\" wp-image-429894 alignleft\" src=\"https:\/\/www.radiopiu.net\/wordpress\/wp-content\/uploads\/2025\/01\/IMG-20241007-WA0000-1-300x286.jpg\" alt=\"\" width=\"175\" height=\"167\" srcset=\"https:\/\/www.radiopiu.net\/wordpress\/wp-content\/uploads\/2025\/01\/IMG-20241007-WA0000-1-300x286.jpg 300w, https:\/\/www.radiopiu.net\/wordpress\/wp-content\/uploads\/2025\/01\/IMG-20241007-WA0000-1-1024x976.jpg 1024w, https:\/\/www.radiopiu.net\/wordpress\/wp-content\/uploads\/2025\/01\/IMG-20241007-WA0000-1-768x732.jpg 768w, https:\/\/www.radiopiu.net\/wordpress\/wp-content\/uploads\/2025\/01\/IMG-20241007-WA0000-1.jpg 1080w\" sizes=\"auto, (max-width: 175px) 100vw, 175px\" \/><\/a> Straordinari risultati per l\u2019ultimo bando dell\u2019Associazione \u201cLa Mongolfiera di Giorgia Onlus\u201d, chiusosi a dicembre e dedicato al finanziamento di progetti ludico-ricreativi per ragazzi tra i 13 e i 24 anni con disabilit\u00e0, residenti o seguiti in Veneto. Su 17 domande ricevute, ben 15 progetti sono stati approvati, per un totale di <strong>12.376 euro<\/strong>, superando di oltre 2.000 euro il budget inizialmente previsto.<\/p>\n<p>I beneficiari, 15 famiglie, hanno ricevuto il loro \u201cregalo di Natale\u201d: opportunit\u00e0 per migliorare la qualit\u00e0 della vita di giovani con disabilit\u00e0. Tra i progetti finanziati, lezioni di nuoto con istruttore dedicato, partecipazione a viaggi d\u2019istruzione, musicoterapia, acquisto di strumenti tecnologici come videoingranditori e pc portatili, e tanto altro.<\/p>\n<p>\u00abNon \u00e8 la prima volta che sforiamo il budget previsto dal bando \u2013 spiega la Presidente <strong>Ivana Turrin<\/strong> \u2013 Se i fondi ci sono e i progetti lo meritano, lo facciamo volentieri. Purtroppo, per\u00f2, abbiamo dovuto escludere due richieste e questo ci dispiace molto\u00bb.<\/p>\n<p>L\u2019Associazione, che lavora nel ricordo di <strong>Giorgia Praloran<\/strong>, si impegna a raccogliere ulteriori fondi per soddisfare tutte le domande nei prossimi bandi. Il quattordicesimo bando sar\u00e0 pubblicato il <strong>26 marzo<\/strong>, in occasione del compleanno di Giorgia.<\/p>\n<p>Per informazioni e donazioni: <strong><a href=\"http:\/\/www.lamongolfieradigiorgia.it\" target=\"_new\" rel=\"noopener\">www.lamongolfieradigiorgia.it<\/a><\/strong>.<\/p>\n<p>&nbsp;<\/p>\n<hr \/>\n<p>&nbsp;<\/p>\n<blockquote>\n<h3>MERCATO IMMOBILIARE: IN VENETO AUMENTA LA DOMANDA DI ACQUISTO<\/h3>\n<\/blockquote>\n<p><strong><a class=\"dt-pswp-item\" href=\"https:\/\/www.radiopiu.net\/wordpress\/wp-content\/uploads\/2023\/04\/Mutui-casa_cPaeGAG.jpg\" data-dt-img-description=\"\" data-large_image_width=\"900\" data-large_image_height=\"536\"><img loading=\"lazy\" decoding=\"async\" class=\" wp-image-329921 alignleft\" src=\"https:\/\/www.radiopiu.net\/wordpress\/wp-content\/uploads\/2023\/04\/Mutui-casa_cPaeGAG-300x179.jpg\" alt=\"\" width=\"189\" height=\"113\" srcset=\"https:\/\/www.radiopiu.net\/wordpress\/wp-content\/uploads\/2023\/04\/Mutui-casa_cPaeGAG-300x179.jpg 300w, https:\/\/www.radiopiu.net\/wordpress\/wp-content\/uploads\/2023\/04\/Mutui-casa_cPaeGAG-768x457.jpg 768w, https:\/\/www.radiopiu.net\/wordpress\/wp-content\/uploads\/2023\/04\/Mutui-casa_cPaeGAG.jpg 900w\" sizes=\"auto, (max-width: 189px) 100vw, 189px\" \/><\/a>MILANO<\/strong> Nel 2024 in Veneto si sono registrati trend divergenti tra il mercato immobiliare delle vendite e quello degli affitti: la domanda di compravendite \u00e8 aumentata del 30%, mentre quella di locazioni \u00e8 calata del 3,4%. I prezzi sono cresciuti in entrambi i settori: +8,2% per le vendite (2.324 \u20ac\/mq) e +8,9% per gli affitti (11,7 \u20ac\/mq). A Venezia, acquistare una casa costa mediamente 3.322 \u20ac\/mq (+5,1%), mentre i canoni di affitto sono saliti del 12,1%, raggiungendo 14,5 \u20ac\/mq. La provincia di Belluno ha registrato gli incrementi di prezzo pi\u00f9 elevati sia per vendite (+25,4%) che per affitti (+43,7%). Lo stock di case in vendita si \u00e8 ridotto (-2,2%), mentre quello degli affitti \u00e8 cresciuto del 16,8%. Padova guida la crescita della domanda di compravendite (+43,4%), mentre Rovigo si conferma la provincia pi\u00f9 economica per prezzi di vendita (1.049 \u20ac\/mq) e affitto (7,8 \u20ac\/mq).<\/p>\n<p>&nbsp;<\/p>\n<p>&nbsp;<\/p>\n<hr \/>\n<p>&nbsp;<\/p>\n<blockquote>\n<h3>CORTINA ARCHIVIA LE FESTIVITA&#8217; NATALIZIE IN POSITIVO<\/h3>\n<\/blockquote>\n<p><strong><a class=\"dt-pswp-item\" href=\"https:\/\/www.radiopiu.net\/wordpress\/wp-content\/uploads\/2023\/01\/2012_AnjaPaerson_Pentaphoto_53333-scaled.jpg\" data-dt-img-description=\"\" data-large_image_width=\"2560\" data-large_image_height=\"1655\"><img loading=\"lazy\" decoding=\"async\" class=\" wp-image-314854 alignleft\" src=\"https:\/\/www.radiopiu.net\/wordpress\/wp-content\/uploads\/2023\/01\/2012_AnjaPaerson_Pentaphoto_53333-300x194.jpg\" alt=\"\" width=\"187\" height=\"121\" srcset=\"https:\/\/www.radiopiu.net\/wordpress\/wp-content\/uploads\/2023\/01\/2012_AnjaPaerson_Pentaphoto_53333-300x194.jpg 300w, https:\/\/www.radiopiu.net\/wordpress\/wp-content\/uploads\/2023\/01\/2012_AnjaPaerson_Pentaphoto_53333-1024x662.jpg 1024w, https:\/\/www.radiopiu.net\/wordpress\/wp-content\/uploads\/2023\/01\/2012_AnjaPaerson_Pentaphoto_53333-768x496.jpg 768w, https:\/\/www.radiopiu.net\/wordpress\/wp-content\/uploads\/2023\/01\/2012_AnjaPaerson_Pentaphoto_53333-1536x993.jpg 1536w, https:\/\/www.radiopiu.net\/wordpress\/wp-content\/uploads\/2023\/01\/2012_AnjaPaerson_Pentaphoto_53333-2048x1324.jpg 2048w\" sizes=\"auto, (max-width: 187px) 100vw, 187px\" \/><\/a>CORTINA <\/strong>Cortina d\u2019Ampezzo registra un boom dell\u2019alta gamma alberghiera, trainata dalla crescita di visitatori stranieri (+8% rispetto al 2023). La fascia luxury (4 stelle e oltre) ha raggiunto un\u2019occupazione media del 92,7% a dicembre, con picchi di sold out tra il 28 dicembre e il 2 gennaio e un 85% a ridosso dell\u2019Epifania. Anche le strutture basic hanno performato bene, con il 75% di occupazione media e quasi il tutto esaurito a Capodanno. I visitatori esteri rappresentano il 40%, in aumento rispetto al 32% del 2023, con prevalenza di statunitensi (9,6%) seguiti da britannici, russi, brasiliani e croati. Secondo Stefano Pirro, presidente degli Albergatori di Cortina, il turismo internazionale, sostenuto dal cambio favorevole e dal richiamo Olimpico, favorisce il segmento luxury senza penalizzare quello pi\u00f9 economico. Le festivit\u00e0 hanno registrato un\u2019occupazione media dell\u201984% (+11,7% rispetto al 2023). L\u2019attenzione ora si sposta sulle settimane bianche e sul weekend della Coppa del Mondo di Sci, con il 91% di prenotazioni.<\/p>\n<p>&nbsp;<\/p>\n<hr \/>\n<p>&nbsp;<\/p>\n<blockquote>\n<h3>DEL VECCHIO A PIETRASANTA: Rinnovamento per Bagno Franco Mare e Twiga<\/h3>\n<\/blockquote>\n<p><img loading=\"lazy\" decoding=\"async\" class=\"alignleft\" src=\"https:\/\/www.radiopiu.net\/wordpress\/wp-content\/uploads\/2025\/01\/Progetto-senza-titolo-2025-01-15T154620.597.jpg\" width=\"201\" height=\"113\" \/>A Pietrasanta \u00e8 in corso la ristrutturazione del Bagno Franco Mare, con lavori significativi che includono pavimentazione e ambienti rinnovati. Al Twiga, invece, l&#8217;intervento si concentra sulla cucina, rimandando il resto al termine della stagione. Entrambi gli stabilimenti, di propriet\u00e0 della societ\u00e0 Lmdv Capital di Leonardo Maria Del Vecchio, saranno pronti per le festivit\u00e0 pasquali. L&#8217;acquisizione del brand Twiga e quattro location dal Gruppo Majestas di Flavio Briatore amplia le ambizioni di Del Vecchio sul litorale, confermando importanti investimenti nonostante le incertezze legate all\u2019asta delle spiagge.<\/p>\n<p>LO SPECIALE DI IERI SUL QUOTIDIANO IL TIRRENO<span style=\"color: #0000ff;\"><strong><a style=\"color: #0000ff;\" href=\"https:\/\/www.iltirreno.it\/versilia\/cronaca\/2025\/01\/15\/news\/la-versilia-di-luxottica-cosi-le-societa-di-del-vecchio-cambieranno-il-twiga-e-il-bagno-franco-mare-1.100646358\"> CLICCA QUI<\/a><\/strong><\/span><\/p>\n<p>&nbsp;<\/p>\n<hr \/>\n<p>&nbsp;<\/p>\n<blockquote>\n<h3>DOMANI LA GIORNATA DELLE LINGUE LOCALI<\/h3>\n<\/blockquote>\n<p><strong><a class=\"dt-pswp-item\" href=\"https:\/\/www.radiopiu.net\/wordpress\/wp-content\/uploads\/2023\/12\/zaia-2023-scaled.jpg\" data-dt-img-description=\"\" data-large_image_width=\"2560\" data-large_image_height=\"1708\"><img loading=\"lazy\" decoding=\"async\" class=\" wp-image-364512 alignleft\" src=\"https:\/\/www.radiopiu.net\/wordpress\/wp-content\/uploads\/2023\/12\/zaia-2023-300x200.jpg\" alt=\"\" width=\"173\" height=\"115\" srcset=\"https:\/\/www.radiopiu.net\/wordpress\/wp-content\/uploads\/2023\/12\/zaia-2023-300x200.jpg 300w, https:\/\/www.radiopiu.net\/wordpress\/wp-content\/uploads\/2023\/12\/zaia-2023-1024x683.jpg 1024w, https:\/\/www.radiopiu.net\/wordpress\/wp-content\/uploads\/2023\/12\/zaia-2023-768x512.jpg 768w, https:\/\/www.radiopiu.net\/wordpress\/wp-content\/uploads\/2023\/12\/zaia-2023-1536x1025.jpg 1536w, https:\/\/www.radiopiu.net\/wordpress\/wp-content\/uploads\/2023\/12\/zaia-2023-2048x1366.jpg 2048w\" sizes=\"auto, (max-width: 173px) 100vw, 173px\" \/><\/a>VENEZIA<\/strong> Il presidente del Veneto, Luca Zaia, celebra l&#8217;importanza della lingua veneta in occasione della &#8220;Giornata nazionale del dialetto e delle lingue locali&#8221; del 17 gennaio. Sottolinea come il saluto &#8220;ciao&#8221; sia un esempio della diffusione del veneto, una lingua viva e radicata, parlata regolarmente da milioni di persone dentro e fuori la regione. Ricorda che il veneto \u00e8 stato lingua franca nel Mediterraneo, espressione della Serenissima e veicolo di una letteratura universale, come quella di Goldoni e Ruzzante. Zaia insiste sul riconoscimento del veneto come lingua, non dialetto, evidenziandone il ruolo culturale, identitario e integrativo per gli immigrati. Parlarla significa preservare un patrimonio storico unico.<\/p>\n<p>&nbsp;<\/p>\n<hr \/>\n<p>&nbsp;<\/p>\n<blockquote><p><strong>Belluno: Il Parco Citt\u00e0 di Bologna rester\u00e0 parzialmente occupato dalla polizia locale\u00a0<\/strong><\/p><\/blockquote>\n<p><strong>BELLUNO<\/strong> La giunta comunale di Belluno ha respinto la petizione cittadina per rimuovere i prefabbricati dell&#8217;ex scuola Gabelli e restituire il Parco Citt\u00e0 di Bologna alla comunit\u00e0. La decisione, adottata con una delibera dell&#8217;8 gennaio, conferma il trasferimento del comando della polizia locale all&#8217;interno del parco, giustificato dall\u2019inadeguatezza della vecchia sede per problemi strutturali.<\/p>\n<p>La petizione chiedeva spazi sociali e ricreativi, come campi sportivi, una pista da skate, e un piccolo teatro all&#8217;aperto, ma la giunta ha ribadito che l\u2019occupazione non interferir\u00e0 con le attivit\u00e0 dei cittadini e garantir\u00e0 maggiore sicurezza.<\/p>\n<p><strong>ARCHIVIO RADIOPIU<\/strong><\/p>\n<blockquote>\n<h3>LA SEDE DELLA POLIZIA LOCALE DI BELLUNO VERRA&#8217; TRASFERITA IN VIA GABELLI<\/h3>\n<\/blockquote>\n<p><strong><a class=\"dt-pswp-item\" href=\"https:\/\/www.radiopiu.net\/wordpress\/wp-content\/uploads\/2024\/04\/a1bd6066-8200-455b-b943-4526af80228f.jpg\" data-dt-img-description=\"\" data-large_image_width=\"733\" data-large_image_height=\"436\"><img loading=\"lazy\" decoding=\"async\" class=\" wp-image-382740 alignleft\" src=\"https:\/\/www.radiopiu.net\/wordpress\/wp-content\/uploads\/2024\/04\/a1bd6066-8200-455b-b943-4526af80228f-300x178.jpg\" alt=\"\" width=\"169\" height=\"100\" srcset=\"https:\/\/www.radiopiu.net\/wordpress\/wp-content\/uploads\/2024\/04\/a1bd6066-8200-455b-b943-4526af80228f-300x178.jpg 300w, https:\/\/www.radiopiu.net\/wordpress\/wp-content\/uploads\/2024\/04\/a1bd6066-8200-455b-b943-4526af80228f.jpg 733w\" sizes=\"auto, (max-width: 169px) 100vw, 169px\" \/><\/a>BELLUNO<\/strong> Trasloco in vista per la Polizia Locale di Belluno: in autunno, gli agenti del capoluogo lasceranno la sede di Via Gabelli per trasferirsi nei container al Parco Citt\u00e0 di Bologna.<\/p>\n<p><strong>DI DANIELE DALVIT<\/strong><\/p>\n<audio class=\"wp-audio-shortcode\" id=\"audio-429806-7\" preload=\"none\" style=\"width: 100%;\" controls=\"controls\"><source type=\"audio\/mpeg\" src=\"https:\/\/www.radiopiu.net\/wordpress\/wp-content\/uploads\/2024\/04\/Radio-Piu-Servizio-Trasferimento-Polizia-Locale-Belluno.mp3?_=7\" \/><a href=\"https:\/\/www.radiopiu.net\/wordpress\/wp-content\/uploads\/2024\/04\/Radio-Piu-Servizio-Trasferimento-Polizia-Locale-Belluno.mp3\">https:\/\/www.radiopiu.net\/wordpress\/wp-content\/uploads\/2024\/04\/Radio-Piu-Servizio-Trasferimento-Polizia-Locale-Belluno.mp3<\/a><\/audio>\n<p>&nbsp;<\/p>\n<p>&nbsp;<\/p>\n<hr \/>\n<p>&nbsp;<\/p>\n<blockquote><p><strong>LE OPPOSIZIONI DI LIMANA RIGETTANO LE CRITICHE DI VIVERE LIMANA<\/strong><\/p><\/blockquote>\n<p><a class=\"dt-pswp-item\" href=\"https:\/\/www.radiopiu.net\/wordpress\/wp-content\/uploads\/2023\/10\/IMG_20231020_123623-scaled.jpg\" data-dt-img-description=\"\" data-large_image_width=\"2560\" data-large_image_height=\"1920\"><img loading=\"lazy\" decoding=\"async\" class=\" wp-image-357611 alignleft\" src=\"https:\/\/www.radiopiu.net\/wordpress\/wp-content\/uploads\/2023\/10\/IMG_20231020_123623-300x225.jpg\" alt=\"\" width=\"207\" height=\"155\" srcset=\"https:\/\/www.radiopiu.net\/wordpress\/wp-content\/uploads\/2023\/10\/IMG_20231020_123623-300x225.jpg 300w, https:\/\/www.radiopiu.net\/wordpress\/wp-content\/uploads\/2023\/10\/IMG_20231020_123623-1024x768.jpg 1024w, https:\/\/www.radiopiu.net\/wordpress\/wp-content\/uploads\/2023\/10\/IMG_20231020_123623-768x576.jpg 768w, https:\/\/www.radiopiu.net\/wordpress\/wp-content\/uploads\/2023\/10\/IMG_20231020_123623-1536x1152.jpg 1536w, https:\/\/www.radiopiu.net\/wordpress\/wp-content\/uploads\/2023\/10\/IMG_20231020_123623-2048x1536.jpg 2048w\" sizes=\"auto, (max-width: 207px) 100vw, 207px\" \/><\/a>Le opposizioni in Consiglio Comunale a Limana, rappresentate da <em>Oltre Limana<\/em> e <em>Limana Insieme<\/em>, hanno risposto con fermezza alle critiche mosse da <em>Vivere Limana<\/em>, che non ha eletto consiglieri nell\u2019ultima tornata amministrativa.<\/p>\n<p>Le capogruppo Milena De Zanet e Marta Picinotti hanno sottolineato l\u2019impegno costante dei loro gruppi, evidenziando interrogazioni su temi chiave come la gestione del campeggio internazionale e la manutenzione stradale. Hanno inoltre ricordato le proposte accolte dalla maggioranza, come l\u2019istituzione di una commissione per la revisione dello statuto comunale.<\/p>\n<p>Respinte anche le critiche sulla trasparenza dei conti pubblici e l&#8217;ordine del giorno sullo <em>ius scholae<\/em>, considerato cruciale per i giovani stranieri del comune. \u201cAbbiamo sempre agito con controllo e critica costruttiva,\u201d hanno dichiarato.<\/p>\n<p>&nbsp;<\/p>\n<hr \/>\n<p>&nbsp;<\/p>\n<div class=\"flex-shrink-0 flex flex-col relative items-end\">\n<div>\n<div class=\"pt-0\">\n<div class=\"gizmo-bot-avatar flex h-8 w-8 items-center justify-center overflow-hidden rounded-full\">\n<div class=\"relative p-1 rounded-sm flex items-center justify-center bg-token-main-surface-primary text-token-text-primary h-8 w-8\"><\/div>\n<\/div>\n<\/div>\n<\/div>\n<\/div>\n<div class=\"group\/conversation-turn relative flex w-full min-w-0 flex-col agent-turn\">\n<div class=\"flex-col gap-1 md:gap-3\">\n<div class=\"flex max-w-full flex-col flex-grow\">\n<div class=\"min-h-8 text-message flex w-full flex-col items-end gap-2 whitespace-normal break-words text-start [.text-message+&amp;]:mt-5\" dir=\"auto\" data-message-author-role=\"assistant\" data-message-id=\"581b5fac-a8f6-4a0b-8def-0f624f893793\" data-message-model-slug=\"gpt-4o\">\n<div class=\"flex w-full flex-col gap-1 empty:hidden first:pt-[3px]\">\n<div class=\"markdown prose w-full break-words dark:prose-invert dark\">\n<blockquote><p><strong>Nasce a Belluno il Parco Inclusivo \u201cL\u2019Isola che non c\u2019\u00e8\u201d<\/strong><\/p><\/blockquote>\n<p><strong>BELLUNO<\/strong> \u2013 Prosegue l\u2019iter per la realizzazione del primo parco inclusivo della provincia di Belluno e il pi\u00f9 grande d\u2019Europa a tema: \u201cL\u2019Isola che non c\u2019\u00e8\u201d. Situato nel Parco Citt\u00e0 di Bologna, l\u2019inaugurazione \u00e8 prevista per la primavera 2025. Il parco, esteso su 660 metri quadri, potr\u00e0 accogliere contemporaneamente fino a 130 bambini e includer\u00e0 11 giochi distribuiti in cinque aree tematiche ispirate alla favola di Peter Pan: il galeone Jolly Roger, la Laguna delle Sirene, la Roccia del Teschio, il Campo indiano e l\u2019albero dell\u2019impiccato. Particolare attenzione \u00e8 stata dedicata all\u2019accessibilit\u00e0, con strutture pensate per bambini con disabilit\u00e0 fisiche e sensoriali e uno speciale tappeto elastico per sedie a rotelle. Il progetto \u00e8 frutto di un grande sforzo comunitario, guidato dal Circolo Ricreativo Vigili del Fuoco e supportato dal Comune di Belluno. Fondamentale il contributo della Fondazione De Rigo, che ha reso possibile il raggiungimento di 400 mila euro di fondi.<\/p>\n<\/div>\n<\/div>\n<\/div>\n<\/div>\n<\/div>\n<\/div>\n<p>&nbsp;<\/p>\n<hr \/>\n<p>&nbsp;<\/p>\n<blockquote>\n<h3>CORTINA D\u2019AMPEZZO: PRONTA PER LA COPPA DEL MONDO DI SCI FEMMINILE<\/h3>\n<\/blockquote>\n<p><em><a class=\"dt-pswp-item\" href=\"https:\/\/www.radiopiu.net\/wordpress\/wp-content\/uploads\/2025\/01\/dea695db-c7e8-4cab-8271-f6fd17fedf67.jpg\" data-dt-img-description=\"\" data-large_image_width=\"1600\" data-large_image_height=\"1066\"><img loading=\"lazy\" decoding=\"async\" class=\" wp-image-429916 alignleft\" src=\"https:\/\/www.radiopiu.net\/wordpress\/wp-content\/uploads\/2025\/01\/dea695db-c7e8-4cab-8271-f6fd17fedf67-300x200.jpg\" alt=\"\" width=\"224\" height=\"149\" srcset=\"https:\/\/www.radiopiu.net\/wordpress\/wp-content\/uploads\/2025\/01\/dea695db-c7e8-4cab-8271-f6fd17fedf67-300x200.jpg 300w, https:\/\/www.radiopiu.net\/wordpress\/wp-content\/uploads\/2025\/01\/dea695db-c7e8-4cab-8271-f6fd17fedf67-1024x682.jpg 1024w, https:\/\/www.radiopiu.net\/wordpress\/wp-content\/uploads\/2025\/01\/dea695db-c7e8-4cab-8271-f6fd17fedf67-768x512.jpg 768w, https:\/\/www.radiopiu.net\/wordpress\/wp-content\/uploads\/2025\/01\/dea695db-c7e8-4cab-8271-f6fd17fedf67-1536x1023.jpg 1536w, https:\/\/www.radiopiu.net\/wordpress\/wp-content\/uploads\/2025\/01\/dea695db-c7e8-4cab-8271-f6fd17fedf67.jpg 1600w\" sizes=\"auto, (max-width: 224px) 100vw, 224px\" \/><\/a>Conto alla rovescia a Cortina d\u2019Ampezzo per il weekend di <strong>Coppa del Mondo di sci femminile<\/strong>. La Regina delle Dolomiti si prepara ad accogliere le atlete per una tappa storica del circuito internazionale.<\/em><\/p>\n<p>&nbsp;<\/p>\n<p>&nbsp;<\/p>\n<p>DI DANIELE DALVIT<\/p>\n<audio class=\"wp-audio-shortcode\" id=\"audio-429806-8\" preload=\"none\" style=\"width: 100%;\" controls=\"controls\"><source type=\"audio\/mpeg\" src=\"https:\/\/www.radiopiu.net\/wordpress\/wp-content\/uploads\/2025\/01\/Servizio-Organizzazione-coppa-del-mondo-Cortina-1.mp3?_=8\" \/><a href=\"https:\/\/www.radiopiu.net\/wordpress\/wp-content\/uploads\/2025\/01\/Servizio-Organizzazione-coppa-del-mondo-Cortina-1.mp3\">https:\/\/www.radiopiu.net\/wordpress\/wp-content\/uploads\/2025\/01\/Servizio-Organizzazione-coppa-del-mondo-Cortina-1.mp3<\/a><\/audio>\n<p>&nbsp;<\/p>\n<p>&nbsp;<\/p>\n<hr \/>\n<p>&nbsp;<\/p>\n<blockquote>\n<h3>L&#8217;AUSER ALPAGO RIPRENDE LE LEZIONI DELL&#8217;ANNO ACCADEMICO 2024-25<\/h3>\n<\/blockquote>\n<p><strong><a class=\"dt-pswp-item\" href=\"https:\/\/www.radiopiu.net\/wordpress\/wp-content\/uploads\/2020\/09\/auser-1.jpg\" data-dt-img-description=\"\" data-large_image_width=\"1772\" data-large_image_height=\"811\"><img loading=\"lazy\" decoding=\"async\" class=\" wp-image-163020 alignleft\" src=\"https:\/\/www.radiopiu.net\/wordpress\/wp-content\/uploads\/2020\/09\/auser-1-300x137.jpg\" alt=\"\" width=\"184\" height=\"84\" srcset=\"https:\/\/www.radiopiu.net\/wordpress\/wp-content\/uploads\/2020\/09\/auser-1-300x137.jpg 300w, https:\/\/www.radiopiu.net\/wordpress\/wp-content\/uploads\/2020\/09\/auser-1-1024x469.jpg 1024w, https:\/\/www.radiopiu.net\/wordpress\/wp-content\/uploads\/2020\/09\/auser-1-768x351.jpg 768w, https:\/\/www.radiopiu.net\/wordpress\/wp-content\/uploads\/2020\/09\/auser-1-1536x703.jpg 1536w, https:\/\/www.radiopiu.net\/wordpress\/wp-content\/uploads\/2020\/09\/auser-1-640x293.jpg 640w, https:\/\/www.radiopiu.net\/wordpress\/wp-content\/uploads\/2020\/09\/auser-1.jpg 1772w\" sizes=\"auto, (max-width: 184px) 100vw, 184px\" \/><\/a>ALPAGO<\/strong> Con il nuovo anno sono riprese le lezioni del circolo Auser Alpago presso la sala Placido Fabris a Pieve d\u2019Alpago. Il 2024-2025 \u00e8 iniziato con una conferenza sull\u2019Islam intitolata <em>Un mondo a casa nostra<\/em>, tenuta dall\u2019Imam Zakariae Mohssine e da don Giuseppe Bratti, che ha introdotto il relatore e il suo lavoro a Belluno. Durante l\u2019incontro, arricchito da filmati, sono stati spiegati i cinque pilastri dell\u2019Islam (fede, preghiera, elemosina, digiuno, pellegrinaggio) e le origini della religione legata al Corano e al profeta Maometto. Dopo la conferenza, il pubblico ha partecipato a un vivace dibattito sul dialogo interreligioso. Il programma continua fino a marzo, con la prossima lezione il 16 gennaio su <em>Aspetti clinici dell\u2019invecchiamento cutaneo<\/em>, a cura di Pier Anna Dal Mas.<\/p>\n<p>&nbsp;<\/p>\n<p>&nbsp;<\/p>\n<hr \/>\n<p>&nbsp;<\/p>\n<blockquote><p><strong>Giornata della Memoria del Sacrificio degli Alpini: evento a Belluno<\/strong><\/p><\/blockquote>\n<p><strong>BELLUNO<\/strong> Sabato 25 gennaio 2025 alle 17,\u00a0 nella sede del Circolo culturale &#8220;La Terra dei Padri &#8211; Belluno Aps&#8221; in via dei Molini 10, Borgo Piave, si terr\u00e0 un evento dedicato alla <strong>Giornata della Memoria del Sacrificio degli Alpini<\/strong>. L&#8217;incontro, organizzato in collaborazione con la delegazione bellunese della Lega Nazionale, vedr\u00e0 l&#8217;intervento dello storico Giovanni Schiratti, che terr\u00e0 una relazione su <strong>&#8220;La Grande Guerra nelle Dolomiti&#8221;<\/strong>. L&#8217;evento celebra il ricordo della battaglia di Nikolaevka (26 gennaio 1943) e il sacrificio degli Alpini.<\/p>\n<p>&nbsp;<\/p>\n<hr \/>\n<p>&nbsp;<\/p>\n<div class=\"flex max-w-full flex-col flex-grow\">\n<div class=\"min-h-8 text-message flex w-full flex-col items-end gap-2 whitespace-normal break-words text-start [.text-message+&amp;]:mt-5\" dir=\"auto\" data-message-author-role=\"assistant\" data-message-id=\"57eadb5e-7bd8-4f92-8b1d-8b8b02a71259\" data-message-model-slug=\"gpt-4o\">\n<div class=\"flex w-full flex-col gap-1 empty:hidden first:pt-[3px]\">\n<div class=\"markdown prose w-full break-words dark:prose-invert dark\">\n<blockquote><p><strong>Concorso Guardia di Finanza: 12 posti per Tenenti nel ruolo tecnico-logistico-amministrativo<\/strong><\/p><\/blockquote>\n<\/div>\n<\/div>\n<\/div>\n<\/div>\n<div class=\"mb-2 flex gap-3 empty:hidden -ml-2\">\n<div class=\"items-center justify-start rounded-xl p-1 flex\">\n<div class=\"flex items-center\">\n<p class=\"flex items-center pb-0\">Pubblicato il bando di concorso per 12 tenenti nel &#8220;ruolo tecnico-logistico-amministrativo&#8221; della Guardia di Finanza. Ripartiti tra amministrazione, telematica, infrastrutture e sanit\u00e0, il concorso \u00e8 aperto a laureati under 32. Domande online entro il 22 gennaio 2025 su <strong><a href=\"https:\/\/concorsi.gdf.gov.it\" target=\"_new\" rel=\"noopener\">https:\/\/concorsi.gdf.gov.it<\/a><\/strong>, con SPID o CIE<\/p>\n<p>&nbsp;<\/p>\n<hr \/>\n<p>&nbsp;<\/p>\n<blockquote>\n<h3>Chiusura uffici Polizia locale<\/h3>\n<\/blockquote>\n<p><strong>BELLUNO<\/strong> Il 22 gennaio, per formazione del personale Nella giornata di mercoled\u00ec 22 gennaio, gli uffici della Polizia locale saranno chiusi al<br \/>\npubblico, per permettere al personale di frequentare un corso di formazione. L\u2019attivit\u00e0 riprender\u00e0 regolarmente da gioved\u00ec 23.<\/p>\n<p>&nbsp;<\/p>\n<hr \/>\n<p>&nbsp;<\/p>\n<blockquote>\n<h2>PER IL TRIENNIO CHIMICO: UN TUFFO NELLA RICERCA UNIVERSITARIA<\/h2>\n<\/blockquote>\n<p>&nbsp;<\/p>\n<div class=\"group\/conversation-turn relative flex w-full min-w-0 flex-col agent-turn\">\n<div class=\"flex-col gap-1 md:gap-3\">\n<div class=\"flex max-w-full flex-col flex-grow\">\n<div class=\"min-h-8 text-message flex w-full flex-col items-end gap-2 whitespace-normal break-words text-start [.text-message+&amp;]:mt-5\" dir=\"auto\" data-message-author-role=\"assistant\" data-message-id=\"e9666337-a5c6-47b5-9360-168441a4e1a7\" data-message-model-slug=\"gpt-4o\">\n<div class=\"flex w-full flex-col gap-1 empty:hidden first:pt-[3px]\">\n<div class=\"markdown prose w-full break-words dark:prose-invert dark\">\n<p><strong><a class=\"dt-pswp-item\" href=\"https:\/\/www.radiopiu.net\/wordpress\/wp-content\/uploads\/2025\/01\/Foto-2-incontro-21-12-2024_page-0001.jpg\" data-dt-img-description=\"\" data-large_image_width=\"1014\" data-large_image_height=\"728\"><img loading=\"lazy\" decoding=\"async\" class=\"size-medium wp-image-429903 alignleft\" src=\"https:\/\/www.radiopiu.net\/wordpress\/wp-content\/uploads\/2025\/01\/Foto-2-incontro-21-12-2024_page-0001-300x215.jpg\" alt=\"\" width=\"300\" height=\"215\" srcset=\"https:\/\/www.radiopiu.net\/wordpress\/wp-content\/uploads\/2025\/01\/Foto-2-incontro-21-12-2024_page-0001-300x215.jpg 300w, https:\/\/www.radiopiu.net\/wordpress\/wp-content\/uploads\/2025\/01\/Foto-2-incontro-21-12-2024_page-0001-768x551.jpg 768w, https:\/\/www.radiopiu.net\/wordpress\/wp-content\/uploads\/2025\/01\/Foto-2-incontro-21-12-2024_page-0001.jpg 1014w\" sizes=\"auto, (max-width: 300px) 100vw, 300px\" \/><\/a>AGORDO<\/strong> Gli studenti del triennio dell\u2019indirizzo \u201cChimica e Materiali\u201d hanno avuto un\u2019opportunit\u00e0 unica: incontrare quattro ex alunni della scuola, oggi dottori in Chimica e impegnati nel dottorato di ricerca industriale in ambito analitico ambientale presso l\u2019Universit\u00e0 di Venezia.<\/p>\n<p><strong>Giulia Da Pian, Isaac Castellan, Nicole Canzian e Diego Costa<\/strong> hanno condiviso con gli studenti il proprio percorso accademico e professionale, raccontando esperienze di studio sia in Italia che all\u2019estero. Durante l\u2019incontro, hanno illustrato il valore della ricerca applicata e offerto uno <a class=\"dt-pswp-item\" href=\"https:\/\/www.radiopiu.net\/wordpress\/wp-content\/uploads\/2025\/01\/Foto-1-incontro-21-12-22024_page-0001.jpg\" data-dt-img-description=\"\" data-large_image_width=\"1226\" data-large_image_height=\"877\"><img loading=\"lazy\" decoding=\"async\" class=\"size-medium wp-image-429904 alignright\" src=\"https:\/\/www.radiopiu.net\/wordpress\/wp-content\/uploads\/2025\/01\/Foto-1-incontro-21-12-22024_page-0001-300x215.jpg\" alt=\"\" width=\"300\" height=\"215\" srcset=\"https:\/\/www.radiopiu.net\/wordpress\/wp-content\/uploads\/2025\/01\/Foto-1-incontro-21-12-22024_page-0001-300x215.jpg 300w, https:\/\/www.radiopiu.net\/wordpress\/wp-content\/uploads\/2025\/01\/Foto-1-incontro-21-12-22024_page-0001-1024x733.jpg 1024w, https:\/\/www.radiopiu.net\/wordpress\/wp-content\/uploads\/2025\/01\/Foto-1-incontro-21-12-22024_page-0001-768x549.jpg 768w, https:\/\/www.radiopiu.net\/wordpress\/wp-content\/uploads\/2025\/01\/Foto-1-incontro-21-12-22024_page-0001.jpg 1226w\" sizes=\"auto, (max-width: 300px) 100vw, 300px\" \/><\/a>sguardo concreto sui percorsi universitari in chimica.<\/p>\n<p>Un aspetto particolarmente apprezzato \u00e8 stato il riconoscimento che questi giovani ricercatori hanno attribuito alla loro formazione scolastica, sottolineando come il percorso alle superiori abbia fornito loro le competenze necessarie per affrontare con successo sia l\u2019universit\u00e0 che il mondo del lavoro.<\/p>\n<p>La loro visita rappresenta anche la dimostrazione del forte legame che gli ex studenti mantengono con la scuola di origine. Questo spirito di appartenenza evidenzia la qualit\u00e0 del percorso formativo e il clima relazionale positivo che si vive nell\u2019istituto.<\/p>\n<p>L\u2019incontro ha offerto agli studenti uno stimolo prezioso, mostrando loro come il sapere appreso sui banchi di scuola possa evolvere in una carriera brillante nel campo della ricerca scientifica. Un\u2019esperienza che non solo arricchisce, ma ispira le nuove generazioni a seguire con passione le proprie aspirazioni accademiche e professionali.<\/p>\n<\/div>\n<\/div>\n<\/div>\n<\/div>\n<\/div>\n<\/div>\n<p>&nbsp;<\/p>\n<p>&nbsp;<\/p>\n<hr \/>\n<p>&nbsp;<\/p>\n<\/div>\n<\/div>\n<\/div>\n<p><strong><a class=\"dt-pswp-item\" href=\"https:\/\/www.radiopiu.net\/wordpress\/wp-content\/uploads\/2024\/11\/AMICI-MINERARI.png\" data-dt-img-description=\"\" data-large_image_width=\"209\" data-large_image_height=\"174\"><img loading=\"lazy\" decoding=\"async\" class=\" wp-image-419180 alignleft\" src=\"https:\/\/www.radiopiu.net\/wordpress\/wp-content\/uploads\/2024\/11\/AMICI-MINERARI.png\" alt=\"\" width=\"168\" height=\"140\" \/><\/a>&#8220;Con gli Amici dei Minerari: Serate d&#8217;Inverno \u2013 un viaggio tra storia, scienza e meraviglie. Incontri presso la Sala con T\u00e0-Mis. Non mancare!&#8221;<\/strong><\/p>\n<ul>\n<li><em>Venerd\u00ec 24 gennaio, ore 20:30<\/em>: &#8220;Il meraviglioso mondo dei fossili delle Dolomiti&#8221; \u2013 Relatore Danilo Giordano.<\/li>\n<li><em>Venerd\u00ec 21 febbraio, ore 20:30<\/em>: &#8220;Il traforo del Brennero: studio, progettazione e realizzazione&#8221; \u2013 Relatori Vittorio Fenti e Mario Guadagnini.<\/li>\n<\/ul>\n<p><strong>Vivi la cultura e la passione per la montagna!<\/strong><\/p>\n<p>&nbsp;<\/p>\n<p>&nbsp;<\/p>\n<hr \/>\n<p>&nbsp;<\/p>\n<blockquote>\n<h2><a class=\"dt-pswp-item\" href=\"https:\/\/www.radiopiu.net\/wordpress\/wp-content\/uploads\/2025\/01\/222c1268-28ad-4f2a-b9c7-7e3a82831958.jpg\" data-dt-img-description=\"\" data-large_image_width=\"1131\" data-large_image_height=\"1600\"><img loading=\"lazy\" decoding=\"async\" class=\" wp-image-428503 alignleft\" src=\"https:\/\/www.radiopiu.net\/wordpress\/wp-content\/uploads\/2025\/01\/222c1268-28ad-4f2a-b9c7-7e3a82831958-212x300.jpg\" alt=\"\" width=\"145\" height=\"205\" srcset=\"https:\/\/www.radiopiu.net\/wordpress\/wp-content\/uploads\/2025\/01\/222c1268-28ad-4f2a-b9c7-7e3a82831958-212x300.jpg 212w, https:\/\/www.radiopiu.net\/wordpress\/wp-content\/uploads\/2025\/01\/222c1268-28ad-4f2a-b9c7-7e3a82831958-724x1024.jpg 724w, https:\/\/www.radiopiu.net\/wordpress\/wp-content\/uploads\/2025\/01\/222c1268-28ad-4f2a-b9c7-7e3a82831958-768x1086.jpg 768w, https:\/\/www.radiopiu.net\/wordpress\/wp-content\/uploads\/2025\/01\/222c1268-28ad-4f2a-b9c7-7e3a82831958-1086x1536.jpg 1086w, https:\/\/www.radiopiu.net\/wordpress\/wp-content\/uploads\/2025\/01\/222c1268-28ad-4f2a-b9c7-7e3a82831958.jpg 1131w\" sizes=\"auto, (max-width: 145px) 100vw, 145px\" \/><\/a>A TEATRO CON LA FILODRAMMATICA<\/h2>\n<\/blockquote>\n<p><strong>FALCADE<\/strong> La Filodrammatica SAN BASTIAN di Falcade Alto, in collaborazione con la parrocchia di Falcade e Caviola, presenta la commedia brillante in due atti di Camillo Vittici:<br \/>\nEN DI EN OSPEDAL<br \/>\nLunedi 20 gennaio alle 20.30 presso la Casa del Popolo di Falcade Alto<br \/>\nSabato 25 e domenica 26 gennaio sempre alle 20.30 presso la Casa della Giovent\u00f9 di Caviola<br \/>\nNon perdetevi questa serata di risate e divertimento! Vi aspettiamo numerosi! in valle del biois a falcade e caviola<\/p>\n<p>&nbsp;<\/p>\n<p>&nbsp;<\/p>\n<p>&nbsp;<\/p>\n<p>&nbsp;<\/p>\n<hr \/>\n<p>&nbsp;<\/p>\n<p>&nbsp;<\/p>\n<blockquote>\n<h2><a class=\"dt-pswp-item\" href=\"https:\/\/www.radiopiu.net\/wordpress\/wp-content\/uploads\/2024\/01\/Foto-Carnevale_0001-9-scaled.jpg\" data-dt-img-description=\"\" data-large_image_width=\"1825\" data-large_image_height=\"2560\"><img loading=\"lazy\" decoding=\"async\" class=\"wp-image-371954 alignleft\" src=\"https:\/\/www.radiopiu.net\/wordpress\/wp-content\/uploads\/2024\/01\/Foto-Carnevale_0001-9-214x300.jpg\" alt=\"\" width=\"85\" height=\"119\" srcset=\"https:\/\/www.radiopiu.net\/wordpress\/wp-content\/uploads\/2024\/01\/Foto-Carnevale_0001-9-214x300.jpg 214w, https:\/\/www.radiopiu.net\/wordpress\/wp-content\/uploads\/2024\/01\/Foto-Carnevale_0001-9-730x1024.jpg 730w, https:\/\/www.radiopiu.net\/wordpress\/wp-content\/uploads\/2024\/01\/Foto-Carnevale_0001-9-768x1078.jpg 768w, https:\/\/www.radiopiu.net\/wordpress\/wp-content\/uploads\/2024\/01\/Foto-Carnevale_0001-9-1095x1536.jpg 1095w, https:\/\/www.radiopiu.net\/wordpress\/wp-content\/uploads\/2024\/01\/Foto-Carnevale_0001-9-1460x2048.jpg 1460w, https:\/\/www.radiopiu.net\/wordpress\/wp-content\/uploads\/2024\/01\/Foto-Carnevale_0001-9-scaled.jpg 1825w\" sizes=\"auto, (max-width: 85px) 100vw, 85px\" \/><\/a>CINQUE APPUNTAMENTI COL CARNEVALE<\/h2>\n<\/blockquote>\n<p>Ritorna carnevai de la vai, mascherate tradizionali delle dolomiti agordine.\u00a0 5 appuntamenti con la tradizione e il divertimento: 26 gennaio a SELVA DI CADORE, 22 febbraio LASTE DI ROCCA PIETORE, 23 febbraio a Rivamonte Agordino, 1 Marzo Sottoguda di Rocca Pietore, e 2 marzo a CANALE D&#8217;AGORDO aspettiamo anche te, con la tua maschera, tradizionale o di fantasia<\/p>\n<p>&nbsp;<\/p>\n<p>&nbsp;<\/p>\n<blockquote class=\"wp-embedded-content\" data-secret=\"jYlkcuxeVZ\"><p><a href=\"https:\/\/www.radiopiu.net\/wordpress\/magni-una-ferrovia-per-dare-nuova-vita-a-queste-valli\/\">MAGNI &#8220;UNA FERROVIA PER DARE NUOVA VITA A QUESTE VALLI&#8221;<\/a><\/p><\/blockquote>\n<p><iframe loading=\"lazy\" class=\"wp-embedded-content\" sandbox=\"allow-scripts\" security=\"restricted\" style=\"position: absolute; visibility: hidden;\" title=\"&#8220;MAGNI &#8220;UNA FERROVIA PER DARE NUOVA VITA A QUESTE VALLI&#8221;&#8221; &#8212; Radio Pi\u00f9\" src=\"https:\/\/www.radiopiu.net\/wordpress\/magni-una-ferrovia-per-dare-nuova-vita-a-queste-valli\/embed\/#?secret=a8ZNI3gggd#?secret=jYlkcuxeVZ\" data-secret=\"jYlkcuxeVZ\" width=\"600\" height=\"338\" frameborder=\"0\" marginwidth=\"0\" marginheight=\"0\" scrolling=\"no\"><\/iframe><\/p>\n<p>&nbsp;<\/p>\n<p>&nbsp;<\/p>\n<hr \/>\n<p>&nbsp;<\/p>\n<blockquote>\n<h3>IL PRIMO FEBBRAIO TORNA LA CASPARETHA A CANALE D&#8217;AGORDO<\/h3>\n<\/blockquote>\n<p><strong>CANALE D&#8217;AGORDO<\/strong> La 16\u00aa edizione della Casparetha si terr\u00e0 il 1\u00b0 febbraio alle 19 con partenza dalla piazza di Canale d&#8217;Agordo.Una camminata non competitiva di 5 km, con ciaspe o ramponcini. Le iscrizioni online, disponibili dal 15 gennaio 2025 su casparetha.com, sono limitate a 1.000 partecipanti: 20\u20ac per adulti e 10\u20ac per i nati dal 2015 in poi. In loco, il costo sar\u00e0 di 23\u20ac per adulti e 12\u20ac per i nati dal 2015 in poi, con iscrizioni presso la Pro Loco il 28, 29 e 30 gennaio (17:00-19:00). \u00c8 possibile noleggiare ciaspe a 7\u20ac, ma non \u00e8 obbligatorio. Per dettagli, visita casparetha.com o i social @casparetha.<\/p>\n<p><span style=\"color: #ff0000;\"><strong>PRESENTAZIONE UFFICIALE ALLA RADIO&#8230; LA PROSSIMA SETTIMANA NEL REPORTER DELLE 10.30<\/strong><\/span><\/p>\n\n\t\t\t<style type='text\/css'>\n\t\t\t\t#gallery-2 {\n\t\t\t\t\tmargin: auto;\n\t\t\t\t}\n\t\t\t\t#gallery-2 .gallery-item {\n\t\t\t\t\tfloat: left;\n\t\t\t\t\tmargin-top: 10px;\n\t\t\t\t\ttext-align: center;\n\t\t\t\t\twidth: 50%;\n\t\t\t\t}\n\t\t\t\t#gallery-2 img {\n\t\t\t\t\tborder: 2px solid #cfcfcf;\n\t\t\t\t}\n\t\t\t\t#gallery-2 .gallery-caption {\n\t\t\t\t\tmargin-left: 0;\n\t\t\t\t}\n\t\t\t\t\/* see gallery_shortcode() in wp-includes\/media.php *\/\n\t\t\t<\/style>\n\t\t<div id='gallery-2' class='dt-gallery-container gallery galleryid-429806 gallery-columns-2 gallery-size-medium'><dl class='gallery-item'>\n\t\t\t\t<dt class='gallery-icon landscape'>\n\t\t\t\t\t<a class=\"rollover rollover-zoom dt-pswp-item\" title=\"Fronte\" data-dt-img-description=\"\" data-large_image_width=\"1600\" data-large_image_height=\"1150\"href='https:\/\/www.radiopiu.net\/wordpress\/wp-content\/uploads\/2025\/01\/Fronte.jpeg'><img loading=\"lazy\" decoding=\"async\" width=\"300\" height=\"216\" src=\"https:\/\/www.radiopiu.net\/wordpress\/wp-content\/uploads\/2025\/01\/Fronte-300x216.jpeg\" class=\"attachment-medium size-medium\" alt=\"\" srcset=\"https:\/\/www.radiopiu.net\/wordpress\/wp-content\/uploads\/2025\/01\/Fronte-300x216.jpeg 300w, https:\/\/www.radiopiu.net\/wordpress\/wp-content\/uploads\/2025\/01\/Fronte-1024x736.jpeg 1024w, https:\/\/www.radiopiu.net\/wordpress\/wp-content\/uploads\/2025\/01\/Fronte-768x552.jpeg 768w, https:\/\/www.radiopiu.net\/wordpress\/wp-content\/uploads\/2025\/01\/Fronte-1536x1104.jpeg 1536w, https:\/\/www.radiopiu.net\/wordpress\/wp-content\/uploads\/2025\/01\/Fronte.jpeg 1600w\" sizes=\"auto, (max-width: 300px) 100vw, 300px\" \/><\/a>\n\t\t\t\t<\/dt><\/dl><dl class='gallery-item'>\n\t\t\t\t<dt class='gallery-icon landscape'>\n\t\t\t\t\t<a class=\"rollover rollover-zoom dt-pswp-item\" title=\"Retro\" data-dt-img-description=\"\" data-large_image_width=\"1600\" data-large_image_height=\"1143\"href='https:\/\/www.radiopiu.net\/wordpress\/wp-content\/uploads\/2025\/01\/Retro.jpeg'><img loading=\"lazy\" decoding=\"async\" width=\"300\" height=\"214\" src=\"https:\/\/www.radiopiu.net\/wordpress\/wp-content\/uploads\/2025\/01\/Retro-300x214.jpeg\" class=\"attachment-medium size-medium\" alt=\"\" srcset=\"https:\/\/www.radiopiu.net\/wordpress\/wp-content\/uploads\/2025\/01\/Retro-300x214.jpeg 300w, https:\/\/www.radiopiu.net\/wordpress\/wp-content\/uploads\/2025\/01\/Retro-1024x732.jpeg 1024w, https:\/\/www.radiopiu.net\/wordpress\/wp-content\/uploads\/2025\/01\/Retro-768x549.jpeg 768w, https:\/\/www.radiopiu.net\/wordpress\/wp-content\/uploads\/2025\/01\/Retro-1536x1097.jpeg 1536w, https:\/\/www.radiopiu.net\/wordpress\/wp-content\/uploads\/2025\/01\/Retro.jpeg 1600w\" sizes=\"auto, (max-width: 300px) 100vw, 300px\" \/><\/a>\n\t\t\t\t<\/dt><\/dl><br style=\"clear: both\" \/>\n\t\t\t<\/div>\n\n<p>&nbsp;<\/p>\n<h2><span style=\"color: #ff9900;\">TORNA LA CASPARETHA A CANALE D&#8217;AGORDO<\/span><\/h2>\n<p><strong><a class=\"dt-pswp-item\" href=\"https:\/\/www.radiopiu.net\/wordpress\/wp-content\/uploads\/2025\/01\/casparetha-cover-e1626294765175.jpg\" data-dt-img-description=\"\" data-large_image_width=\"1000\" data-large_image_height=\"650\"><img loading=\"lazy\" decoding=\"async\" class=\" wp-image-429697 alignleft\" src=\"https:\/\/www.radiopiu.net\/wordpress\/wp-content\/uploads\/2025\/01\/casparetha-cover-e1626294765175-300x195.jpg\" alt=\"\" width=\"212\" height=\"138\" srcset=\"https:\/\/www.radiopiu.net\/wordpress\/wp-content\/uploads\/2025\/01\/casparetha-cover-e1626294765175-300x195.jpg 300w, https:\/\/www.radiopiu.net\/wordpress\/wp-content\/uploads\/2025\/01\/casparetha-cover-e1626294765175-768x499.jpg 768w, https:\/\/www.radiopiu.net\/wordpress\/wp-content\/uploads\/2025\/01\/casparetha-cover-e1626294765175.jpg 1000w\" sizes=\"auto, (max-width: 212px) 100vw, 212px\" \/><\/a>DI MIRKO MEZZACASA<\/strong><\/p>\n<p>OSPITI: Mirko Tancon ed Emil Tancon<\/p>\n<audio class=\"wp-audio-shortcode\" id=\"audio-429806-9\" preload=\"none\" style=\"width: 100%;\" controls=\"controls\"><source type=\"audio\/mpeg\" src=\"https:\/\/www.radiopiu.net\/wordpress\/wp-content\/uploads\/2025\/01\/casparegha-2025-canale.mp3?_=9\" \/><a href=\"https:\/\/www.radiopiu.net\/wordpress\/wp-content\/uploads\/2025\/01\/casparegha-2025-canale.mp3\">https:\/\/www.radiopiu.net\/wordpress\/wp-content\/uploads\/2025\/01\/casparegha-2025-canale.mp3<\/a><\/audio>\n<p>&nbsp;<\/p>\n<p>&nbsp;<\/p>\n<hr \/>\n<p>&nbsp;<\/p>\n<blockquote>\n<h3><a class=\"dt-pswp-item\" href=\"https:\/\/www.radiopiu.net\/wordpress\/wp-content\/uploads\/2025\/01\/85094e2f-2ad8-4765-98e8-74966101d750.jpg\" data-dt-img-description=\"\" data-large_image_width=\"1131\" data-large_image_height=\"1600\"><img loading=\"lazy\" decoding=\"async\" class=\" wp-image-428385 alignleft\" src=\"https:\/\/www.radiopiu.net\/wordpress\/wp-content\/uploads\/2025\/01\/85094e2f-2ad8-4765-98e8-74966101d750-212x300.jpg\" alt=\"\" width=\"119\" height=\"168\" srcset=\"https:\/\/www.radiopiu.net\/wordpress\/wp-content\/uploads\/2025\/01\/85094e2f-2ad8-4765-98e8-74966101d750-212x300.jpg 212w, https:\/\/www.radiopiu.net\/wordpress\/wp-content\/uploads\/2025\/01\/85094e2f-2ad8-4765-98e8-74966101d750-724x1024.jpg 724w, https:\/\/www.radiopiu.net\/wordpress\/wp-content\/uploads\/2025\/01\/85094e2f-2ad8-4765-98e8-74966101d750-768x1086.jpg 768w, https:\/\/www.radiopiu.net\/wordpress\/wp-content\/uploads\/2025\/01\/85094e2f-2ad8-4765-98e8-74966101d750-1086x1536.jpg 1086w, https:\/\/www.radiopiu.net\/wordpress\/wp-content\/uploads\/2025\/01\/85094e2f-2ad8-4765-98e8-74966101d750.jpg 1131w\" sizes=\"auto, (max-width: 119px) 100vw, 119px\" \/><\/a>DONNE NELLA SHOA<\/h3>\n<\/blockquote>\n<p><strong>BELLUNO<\/strong><\/p>\n<p>DI ROBERTO BONA<\/p>\n<audio class=\"wp-audio-shortcode\" id=\"audio-429806-10\" preload=\"none\" style=\"width: 100%;\" controls=\"controls\"><source type=\"audio\/mpeg\" src=\"https:\/\/www.radiopiu.net\/wordpress\/wp-content\/uploads\/2025\/01\/BONA-Donne-Nella-Shoah-SCADENZA-18-GENNAIO.mp3?_=10\" \/><a href=\"https:\/\/www.radiopiu.net\/wordpress\/wp-content\/uploads\/2025\/01\/BONA-Donne-Nella-Shoah-SCADENZA-18-GENNAIO.mp3\">https:\/\/www.radiopiu.net\/wordpress\/wp-content\/uploads\/2025\/01\/BONA-Donne-Nella-Shoah-SCADENZA-18-GENNAIO.mp3<\/a><\/audio>\n<p>&nbsp;<\/p>\n<hr \/>\n<p>&nbsp;<\/p>\n<blockquote>\n<h3><a class=\"dt-pswp-item\" href=\"https:\/\/www.radiopiu.net\/wordpress\/wp-content\/uploads\/2025\/01\/b3c326d3-22da-49d3-a6cc-13c0d0f2dcfd.jpg\" data-dt-img-description=\"\" data-large_image_width=\"987\" data-large_image_height=\"1003\"><img loading=\"lazy\" decoding=\"async\" class=\" wp-image-429077 alignleft\" src=\"https:\/\/www.radiopiu.net\/wordpress\/wp-content\/uploads\/2025\/01\/b3c326d3-22da-49d3-a6cc-13c0d0f2dcfd-295x300.jpg\" alt=\"\" width=\"162\" height=\"165\" srcset=\"https:\/\/www.radiopiu.net\/wordpress\/wp-content\/uploads\/2025\/01\/b3c326d3-22da-49d3-a6cc-13c0d0f2dcfd-295x300.jpg 295w, https:\/\/www.radiopiu.net\/wordpress\/wp-content\/uploads\/2025\/01\/b3c326d3-22da-49d3-a6cc-13c0d0f2dcfd-768x780.jpg 768w, https:\/\/www.radiopiu.net\/wordpress\/wp-content\/uploads\/2025\/01\/b3c326d3-22da-49d3-a6cc-13c0d0f2dcfd.jpg 987w\" sizes=\"auto, (max-width: 162px) 100vw, 162px\" \/><\/a>IN CANADA CON LA OXFORD SCHOOL DOLOMITI<\/h3>\n<\/blockquote>\n<p>La Oxford School Dolomiti organizza a giugno 2025 un viaggio studio di Alta Formazione a Toronto (Canada). Il programma, della durata di 15 giorni, \u00e8 rivolto a ragazzi interessati a un\u2019esperienza formativa completa. Il gruppo, in partenza dall\u2019Agordino, sar\u00e0 accompagnato dall\u2019insegnante Claudia Soppelsa di Rocca Pietore. Per informazioni e iscrizioni, contattare Claudia al <strong>338 3903983<\/strong>. Si invita a condividere l&#8217;iniziativa con chi abbia figli nella fascia d&#8217;et\u00e0 adatta.<\/p>\n<p>&nbsp;<\/p>\n<p>&nbsp;<\/p>\n<p>&nbsp;<\/p>\n<hr \/>\n<p>&nbsp;<\/p>\n<blockquote>\n<h3><a class=\"dt-pswp-item\" href=\"https:\/\/www.radiopiu.net\/wordpress\/wp-content\/uploads\/2025\/01\/L1050115.jpg\" data-dt-img-description=\"\" data-large_image_width=\"2362\" data-large_image_height=\"1576\"><img loading=\"lazy\" decoding=\"async\" class=\" wp-image-429513 alignleft\" src=\"https:\/\/www.radiopiu.net\/wordpress\/wp-content\/uploads\/2025\/01\/L1050115-300x200.jpg\" alt=\"\" width=\"207\" height=\"138\" srcset=\"https:\/\/www.radiopiu.net\/wordpress\/wp-content\/uploads\/2025\/01\/L1050115-300x200.jpg 300w, https:\/\/www.radiopiu.net\/wordpress\/wp-content\/uploads\/2025\/01\/L1050115-1024x683.jpg 1024w, https:\/\/www.radiopiu.net\/wordpress\/wp-content\/uploads\/2025\/01\/L1050115-768x512.jpg 768w, https:\/\/www.radiopiu.net\/wordpress\/wp-content\/uploads\/2025\/01\/L1050115-1536x1025.jpg 1536w, https:\/\/www.radiopiu.net\/wordpress\/wp-content\/uploads\/2025\/01\/L1050115-2048x1366.jpg 2048w\" sizes=\"auto, (max-width: 207px) 100vw, 207px\" \/><\/a>L&#8217;ANATRA ALL&#8217;ARANCIO AL TEATRO DI BELLUNO<\/h3>\n<\/blockquote>\n<p><strong>BELLUNO<\/strong> Restano pochi posti laterali per lo spettacolo teatrale <em>L\u2019Anatra all\u2019Arancia<\/em>, con Emilio Solfrizzi e Carlotta Natoli, in scena oggi alle 20:45 al Teatro Buzzati di Belluno per la 48\u00aa Stagione di Prosa del Circolo Cultura e Stampa Bellunese. La commedia, diretta da Claudio Gregori, racconta con ironia e profondit\u00e0 le dinamiche di una coppia in crisi, alternando battute sagaci e riflessioni sull\u2019animo umano. I biglietti sono acquistabili online o la sera dello spettacolo al botteghino.<\/p>\n<p>&nbsp;<\/p>\n<p>&nbsp;<\/p>\n<p>&nbsp;<\/p>\n<hr \/>\n<p>&nbsp;<\/p>\n<blockquote>\n<h3>UN INCONTRO CON IL GAL ALTO BELLUNESE<\/h3>\n<\/blockquote>\n<p><strong>SANTO STEFANO DI CADORE<\/strong> Marted\u00ec alle 17:30, nella Sala Convegni Unione Montana Comelico a Santo Stefano di Cadore, si terr\u00e0 un incontro informativo sulla residenzialit\u00e0. Destinato a locatori, imprenditori turistici e operatori del settore, l\u2019evento tratter\u00e0 la normativa sugli affitti brevi, il progetto \u00abPotenziamento dell\u2019offerta di residenzialit\u00e0 del personale pubblico in Comelico\u00bb e nuove opportunit\u00e0 di finanziamento per migliorare l\u2019offerta ricettiva. Interverranno Francesco De Toffol di Confcommercio Belluno e Marco Bassetto del GAL Alto Bellunese.<\/p>\n<p>&nbsp;<\/p>\n<hr \/>\n<p>&nbsp;<\/p>\n<blockquote>\n<h3>DEDICATO A PAOLA DEL DIN, la partigiana prima donna PARACADUTISTA originaria di Rivamonte<\/h3>\n<\/blockquote>\n<p>&nbsp;<\/p>\n<p>&nbsp;<\/p>\n<p><strong><a class=\"dt-pswp-item\" href=\"https:\/\/www.radiopiu.net\/wordpress\/wp-content\/uploads\/2025\/01\/2760df70-bde4-4086-a60d-45a3fe038167.jpg\" data-dt-img-description=\"\" data-large_image_width=\"1290\" data-large_image_height=\"1268\"><img loading=\"lazy\" decoding=\"async\" class=\"size-medium wp-image-429875 aligncenter\" src=\"https:\/\/www.radiopiu.net\/wordpress\/wp-content\/uploads\/2025\/01\/2760df70-bde4-4086-a60d-45a3fe038167-300x295.jpg\" alt=\"\" width=\"300\" height=\"295\" srcset=\"https:\/\/www.radiopiu.net\/wordpress\/wp-content\/uploads\/2025\/01\/2760df70-bde4-4086-a60d-45a3fe038167-300x295.jpg 300w, https:\/\/www.radiopiu.net\/wordpress\/wp-content\/uploads\/2025\/01\/2760df70-bde4-4086-a60d-45a3fe038167-1024x1007.jpg 1024w, https:\/\/www.radiopiu.net\/wordpress\/wp-content\/uploads\/2025\/01\/2760df70-bde4-4086-a60d-45a3fe038167-768x755.jpg 768w, https:\/\/www.radiopiu.net\/wordpress\/wp-content\/uploads\/2025\/01\/2760df70-bde4-4086-a60d-45a3fe038167.jpg 1290w\" sizes=\"auto, (max-width: 300px) 100vw, 300px\" \/><\/a><\/strong><\/p>\n<blockquote><p><em>\u00a0Due medaglie d\u2019oro per Paola Del Din, partigiana prima donna paracadutista che si era fatta paracadutare dietro le linee nemiche come ricorda Giuliano Laveder (fornendoci una foto)\u00a0 \u00e9 originaria di Rivamonte.<\/em><\/p><\/blockquote>\n<blockquote><p><strong><a class=\"dt-pswp-item\" href=\"https:\/\/www.radiopiu.net\/wordpress\/wp-content\/uploads\/2025\/01\/Senza-nome-38.png\" data-dt-img-description=\"\" data-large_image_width=\"327\" data-large_image_height=\"313\"><img loading=\"lazy\" decoding=\"async\" class=\" wp-image-429874 alignleft\" src=\"https:\/\/www.radiopiu.net\/wordpress\/wp-content\/uploads\/2025\/01\/Senza-nome-38-300x287.png\" alt=\"\" width=\"247\" height=\"236\" srcset=\"https:\/\/www.radiopiu.net\/wordpress\/wp-content\/uploads\/2025\/01\/Senza-nome-38-300x287.png 300w, https:\/\/www.radiopiu.net\/wordpress\/wp-content\/uploads\/2025\/01\/Senza-nome-38.png 327w\" sizes=\"auto, (max-width: 247px) 100vw, 247px\" \/><\/a>Paola Del Din: Una Vita al Servizio della Libert\u00e0<\/strong><\/p><\/blockquote>\n<p>Paola Del Din (Pieve di Cadore, 22 agosto 1923) \u00e8 una figura simbolo della Resistenza italiana, nota come &#8220;Renata&#8221;. Decorata con la Medaglia d\u2019Oro al Valor Militare, \u00e8 stata la prima donna paracadutista italiana a compiere un lancio di guerra durante la Seconda Guerra Mondiale. Entrata nella Resistenza friulana con la Brigata Osoppo dopo l\u2019armistizio del 1943, svolse pericolosi incarichi come staffetta e informatrice. Dopo la tragica morte del fratello Renato, ufficiale degli Alpini, si distinse per un\u2019operazione decisiva: consegnare ai comandi alleati documenti vitali. Per questa missione si addestr\u00f2 come paracadutista e il 9 aprile 1945 si lanci\u00f2 in Friuli, nonostante una frattura alla caviglia, portando a termine il compito affidatole. Dopo la Liberazione, si laure\u00f2 in Lettere presso l\u2019Universit\u00e0 di Padova e prosegu\u00ec gli studi negli Stati Uniti, conseguendo un Master of Arts. Tornata in Italia, si dedic\u00f2 all\u2019insegnamento e ricopr\u00ec incarichi prestigiosi, tra cui la presidenza della Federazione Italiana Volontari della Libert\u00e0 e della Associazione Nazionale Famiglie Caduti e Dispersi in Guerra. Figura carismatica, \u00e8 stata anche al centro di controversie politiche, come la contestazione durante le celebrazioni del 25 aprile 2005. Il suo impegno \u00e8 proseguito nella tutela della memoria storica, tra cui la protesta contro il decreto sulle Malghe di Porz\u00fbs, ritenuto impreciso. Paola Del Din incarna il coraggio, l\u2019amore per la libert\u00e0 e l\u2019impegno civico, rappresentando un esempio per le generazioni future. <em>(Fonte: Wikipedia)<\/em><\/p>\n<p>IL MESSAGGERO VENETO<\/p>\n<p><iframe loading=\"lazy\" title=\"Paola Del Din compie 100 anni: &quot;Partigiana? Preferiscono essere chiamata patriota&quot;\" width=\"1200\" height=\"675\" src=\"https:\/\/www.youtube.com\/embed\/mUOxWYvPNaY?feature=oembed\" frameborder=\"0\" allow=\"accelerometer; autoplay; clipboard-write; encrypted-media; gyroscope; picture-in-picture; web-share\" referrerpolicy=\"strict-origin-when-cross-origin\" allowfullscreen><\/iframe><\/p>\n<p><em><br \/>\n__<\/em><\/p>\n<p>&nbsp;<\/p>\n<blockquote class=\"wp-embedded-content\" data-secret=\"rydpLst5PT\"><p><a href=\"https:\/\/www.radiopiu.net\/wordpress\/la-caserma-dei-carabinieri-di-caprile-archivio-fotografico-giuliano-laveder\/\">LA CASERMA DEI CARABINIERI DI CAPRILE, archivio fotografico Giuliano Laveder<\/a><\/p><\/blockquote>\n<p><iframe loading=\"lazy\" class=\"wp-embedded-content\" sandbox=\"allow-scripts\" security=\"restricted\" style=\"position: absolute; visibility: hidden;\" title=\"&#8220;LA CASERMA DEI CARABINIERI DI CAPRILE, archivio fotografico Giuliano Laveder&#8221; &#8212; Radio Pi\u00f9\" src=\"https:\/\/www.radiopiu.net\/wordpress\/la-caserma-dei-carabinieri-di-caprile-archivio-fotografico-giuliano-laveder\/embed\/#?secret=ZoZEVN09T9#?secret=rydpLst5PT\" data-secret=\"rydpLst5PT\" width=\"600\" height=\"338\" frameborder=\"0\" marginwidth=\"0\" marginheight=\"0\" scrolling=\"no\"><\/iframe><\/p>\n<p>&nbsp;<\/p>\n<hr \/>\n<p>&nbsp;<\/p>\n<h1><span style=\"color: #ff6600;\">IERI ALLA RADIO<\/span><\/h1>\n<h2><span style=\"color: #ff0000;\">&#8220;LIBER&#8221; di Liana Cavallet<\/span><\/h2>\n<p><strong>PUNTATA 18 15 GENNAIO 2025 &#8220;SE I GATTI SCOMPARISSERO DAL MONDO&#8221; KAWAMURA GENKI<\/strong><\/p>\n<audio class=\"wp-audio-shortcode\" id=\"audio-429806-11\" preload=\"none\" style=\"width: 100%;\" controls=\"controls\"><source type=\"audio\/mpeg\" src=\"https:\/\/www.radiopiu.net\/wordpress\/wp-content\/uploads\/2025\/01\/LIANA-2.mp3?_=11\" \/><a href=\"https:\/\/www.radiopiu.net\/wordpress\/wp-content\/uploads\/2025\/01\/LIANA-2.mp3\">https:\/\/www.radiopiu.net\/wordpress\/wp-content\/uploads\/2025\/01\/LIANA-2.mp3<\/a><\/audio>\n<p><a class=\"dt-pswp-item\" href=\"https:\/\/www.radiopiu.net\/wordpress\/wp-content\/uploads\/2025\/01\/WhatsApp-Image-2025-01-13-at-16.39.48.jpeg\" data-dt-img-description=\"\" data-large_image_width=\"457\" data-large_image_height=\"705\"><img loading=\"lazy\" decoding=\"async\" class=\"size-medium wp-image-429601 aligncenter\" src=\"https:\/\/www.radiopiu.net\/wordpress\/wp-content\/uploads\/2025\/01\/WhatsApp-Image-2025-01-13-at-16.39.48-194x300.jpeg\" alt=\"\" width=\"194\" height=\"300\" srcset=\"https:\/\/www.radiopiu.net\/wordpress\/wp-content\/uploads\/2025\/01\/WhatsApp-Image-2025-01-13-at-16.39.48-194x300.jpeg 194w, https:\/\/www.radiopiu.net\/wordpress\/wp-content\/uploads\/2025\/01\/WhatsApp-Image-2025-01-13-at-16.39.48.jpeg 457w\" sizes=\"auto, (max-width: 194px) 100vw, 194px\" \/><\/a><\/p>\n<p>&nbsp;<\/p>\n<p><strong>LA RACCOLTA COMPLETA <a href=\"https:\/\/www.radiopiu.net\/wordpress\/liber-di-liana-cavallet-il-mercoledi-alle-9-10-e-alle-20-30-p3\/\"><span style=\"color: #3366ff;\">CLICCA QUI<\/span><\/a><\/strong><\/p>\n<p>&nbsp;<\/p>\n<hr \/>\n<p>&nbsp;<\/p>\n<h2><span style=\"color: #008000;\">CISL E FEMCA CISL LA VOCE PER I LAVORATORI<\/span><\/h2>\n<p><a class=\"dt-pswp-item\" href=\"https:\/\/www.radiopiu.net\/wordpress\/wp-content\/uploads\/2025\/01\/7b762d2c-5a3a-47a4-8736-43eacf1334e0.jpg\" data-dt-img-description=\"\" data-large_image_width=\"2048\" data-large_image_height=\"1536\"><img loading=\"lazy\" decoding=\"async\" class=\" wp-image-429659 alignleft\" src=\"https:\/\/www.radiopiu.net\/wordpress\/wp-content\/uploads\/2025\/01\/7b762d2c-5a3a-47a4-8736-43eacf1334e0-300x225.jpg\" alt=\"\" width=\"183\" height=\"137\" srcset=\"https:\/\/www.radiopiu.net\/wordpress\/wp-content\/uploads\/2025\/01\/7b762d2c-5a3a-47a4-8736-43eacf1334e0-300x225.jpg 300w, https:\/\/www.radiopiu.net\/wordpress\/wp-content\/uploads\/2025\/01\/7b762d2c-5a3a-47a4-8736-43eacf1334e0-1024x768.jpg 1024w, https:\/\/www.radiopiu.net\/wordpress\/wp-content\/uploads\/2025\/01\/7b762d2c-5a3a-47a4-8736-43eacf1334e0-768x576.jpg 768w, https:\/\/www.radiopiu.net\/wordpress\/wp-content\/uploads\/2025\/01\/7b762d2c-5a3a-47a4-8736-43eacf1334e0-1536x1152.jpg 1536w, https:\/\/www.radiopiu.net\/wordpress\/wp-content\/uploads\/2025\/01\/7b762d2c-5a3a-47a4-8736-43eacf1334e0.jpg 2048w\" sizes=\"auto, (max-width: 183px) 100vw, 183px\" \/><\/a>puntata del 15 GENNAIO 2025<\/p>\n<p><strong>OSPITE LAURA VETTOREL, LUXOTTICA CISL AGORDO<\/strong><\/p>\n<audio class=\"wp-audio-shortcode\" id=\"audio-429806-12\" preload=\"none\" style=\"width: 100%;\" controls=\"controls\"><source type=\"audio\/mpeg\" src=\"https:\/\/www.radiopiu.net\/wordpress\/wp-content\/uploads\/2025\/01\/FEMCA-CISL.mp3?_=12\" \/><a href=\"https:\/\/www.radiopiu.net\/wordpress\/wp-content\/uploads\/2025\/01\/FEMCA-CISL.mp3\">https:\/\/www.radiopiu.net\/wordpress\/wp-content\/uploads\/2025\/01\/FEMCA-CISL.mp3<\/a><\/audio>\n<p>&nbsp;<\/p>\n<p><strong>LA RACCOLTA COMPLETA <a href=\"https:\/\/www.radiopiu.net\/wordpress\/cisl-e-femca-cisl-la-vocef\/\"><span style=\"color: #3366ff;\">CLICCA QUI<\/span><\/a><\/strong><\/p>\n<p>&nbsp;<\/p>\n<hr \/>\n<p>&nbsp;<\/p>\n<h2><span style=\"color: #33cccc;\"><a class=\"dt-pswp-item\" href=\"https:\/\/www.radiopiu.net\/wordpress\/wp-content\/uploads\/2022\/11\/scuola-zaino.jpeg\" data-dt-img-description=\"\" data-large_image_width=\"626\" data-large_image_height=\"417\"><img loading=\"lazy\" decoding=\"async\" class=\" wp-image-306830 alignleft\" src=\"https:\/\/www.radiopiu.net\/wordpress\/wp-content\/uploads\/2022\/11\/scuola-zaino-300x200.jpeg\" alt=\"\" width=\"179\" height=\"119\" srcset=\"https:\/\/www.radiopiu.net\/wordpress\/wp-content\/uploads\/2022\/11\/scuola-zaino-300x200.jpeg 300w, https:\/\/www.radiopiu.net\/wordpress\/wp-content\/uploads\/2022\/11\/scuola-zaino.jpeg 626w\" sizes=\"auto, (max-width: 179px) 100vw, 179px\" \/><\/a>SE NON LA SMETTI TI MANDO DAL PRESIDE<\/span><\/h2>\n<p><strong>DI MIRKO MEZZACASA<\/strong><\/p>\n<p>CON MARIA ROSA SALMAZO<\/p>\n<audio class=\"wp-audio-shortcode\" id=\"audio-429806-13\" preload=\"none\" style=\"width: 100%;\" controls=\"controls\"><source type=\"audio\/mpeg\" src=\"https:\/\/www.radiopiu.net\/wordpress\/wp-content\/uploads\/2025\/01\/PRESIDE.mp3?_=13\" \/><a href=\"https:\/\/www.radiopiu.net\/wordpress\/wp-content\/uploads\/2025\/01\/PRESIDE.mp3\">https:\/\/www.radiopiu.net\/wordpress\/wp-content\/uploads\/2025\/01\/PRESIDE.mp3<\/a><\/audio>\n<p>&nbsp;<\/p>\n<hr \/>\n<p>&nbsp;<\/p>\n<h2><span style=\"color: #800080;\">BATTI CINQUE&#8230;CON MARINA ED ALESSIO<\/span><\/h2>\n<p><strong><a class=\"dt-pswp-item\" href=\"https:\/\/www.radiopiu.net\/wordpress\/wp-content\/uploads\/2024\/10\/2b41afd1-2910-40a2-aa8e-1f6263104f30.jpg\" data-dt-img-description=\"\" data-large_image_width=\"2048\" data-large_image_height=\"1536\"><img loading=\"lazy\" decoding=\"async\" class=\" wp-image-415813 alignleft\" src=\"https:\/\/www.radiopiu.net\/wordpress\/wp-content\/uploads\/2024\/10\/2b41afd1-2910-40a2-aa8e-1f6263104f30-300x225.jpg\" alt=\"\" width=\"135\" height=\"101\" srcset=\"https:\/\/www.radiopiu.net\/wordpress\/wp-content\/uploads\/2024\/10\/2b41afd1-2910-40a2-aa8e-1f6263104f30-300x225.jpg 300w, https:\/\/www.radiopiu.net\/wordpress\/wp-content\/uploads\/2024\/10\/2b41afd1-2910-40a2-aa8e-1f6263104f30-1024x768.jpg 1024w, https:\/\/www.radiopiu.net\/wordpress\/wp-content\/uploads\/2024\/10\/2b41afd1-2910-40a2-aa8e-1f6263104f30-768x576.jpg 768w, https:\/\/www.radiopiu.net\/wordpress\/wp-content\/uploads\/2024\/10\/2b41afd1-2910-40a2-aa8e-1f6263104f30-1536x1152.jpg 1536w, https:\/\/www.radiopiu.net\/wordpress\/wp-content\/uploads\/2024\/10\/2b41afd1-2910-40a2-aa8e-1f6263104f30.jpg 2048w\" sizes=\"auto, (max-width: 135px) 100vw, 135px\" \/><\/a>REDAZIONE<\/strong> Un confronto tra generazioni, lo si pu\u00f2 definire cos\u00ec il nuovo programma pomeridiano di Radio Pi\u00f9. &#8220;Batti Cinque&#8221; il titolo del contenitore in onda il mercoled\u00ec dalle 15 a cadenza quindicinale. In studio Marina ed Alessio<\/p>\n<p><span style=\"color: #ff0000;\"><strong>\u00a0<\/strong><\/span><\/p>\n<p><span style=\"color: #ff0000;\"><strong>\u00a0 \u00a0\u00a0<\/strong><\/span><\/p>\n<p><span style=\"color: #ff0000;\"><strong>PUNTATA 06 &#8211; PRIMA PARTE<\/strong><\/span><\/p>\n<audio class=\"wp-audio-shortcode\" id=\"audio-429806-14\" preload=\"none\" style=\"width: 100%;\" controls=\"controls\"><source type=\"audio\/mpeg\" src=\"https:\/\/www.radiopiu.net\/wordpress\/wp-content\/uploads\/2025\/01\/BATTI-5-SESTA-PUNTATA-1.mp3?_=14\" \/><a href=\"https:\/\/www.radiopiu.net\/wordpress\/wp-content\/uploads\/2025\/01\/BATTI-5-SESTA-PUNTATA-1.mp3\">https:\/\/www.radiopiu.net\/wordpress\/wp-content\/uploads\/2025\/01\/BATTI-5-SESTA-PUNTATA-1.mp3<\/a><\/audio>\n<p><span style=\"color: #ff0000;\">\u00a0<\/span><\/p>\n<p><span style=\"color: #ff0000;\"><strong>SECONDA PARTE<\/strong><\/span><\/p>\n<audio class=\"wp-audio-shortcode\" id=\"audio-429806-15\" preload=\"none\" style=\"width: 100%;\" controls=\"controls\"><source type=\"audio\/mpeg\" src=\"https:\/\/www.radiopiu.net\/wordpress\/wp-content\/uploads\/2025\/01\/BATTI-5-SESTA-PUNTATA-2.mp3?_=15\" \/><a href=\"https:\/\/www.radiopiu.net\/wordpress\/wp-content\/uploads\/2025\/01\/BATTI-5-SESTA-PUNTATA-2.mp3\">https:\/\/www.radiopiu.net\/wordpress\/wp-content\/uploads\/2025\/01\/BATTI-5-SESTA-PUNTATA-2.mp3<\/a><\/audio>\n<p><span style=\"color: #ff0000;\">\u00a0<\/span><\/p>\n<p><span style=\"color: #ff0000;\"><strong>TERZA PARTE<\/strong><\/span><\/p>\n<audio class=\"wp-audio-shortcode\" id=\"audio-429806-16\" preload=\"none\" style=\"width: 100%;\" controls=\"controls\"><source type=\"audio\/mpeg\" src=\"https:\/\/www.radiopiu.net\/wordpress\/wp-content\/uploads\/2025\/01\/BATTI-5-SESTA-PUNTATA-3.mp3?_=16\" \/><a href=\"https:\/\/www.radiopiu.net\/wordpress\/wp-content\/uploads\/2025\/01\/BATTI-5-SESTA-PUNTATA-3.mp3\">https:\/\/www.radiopiu.net\/wordpress\/wp-content\/uploads\/2025\/01\/BATTI-5-SESTA-PUNTATA-3.mp3<\/a><\/audio>\n<p>&nbsp;<\/p>\n<p><strong>LA RACCOLTA COMPLETA <a href=\"https:\/\/www.radiopiu.net\/wordpress\/batti-cinque-con-marina-ed-alessio-la-raccolta\/\"><span style=\"color: #3366ff;\">CLICCA QUI<\/span><\/a><\/strong><\/p>\n<p>&nbsp;<\/p>\n<hr \/>\n<p>&nbsp;<\/p>\n<h2><span style=\"color: #ffcc00;\">OGGI COME IERI, TERZO ANNO. CON SILVIA BALDO<\/span><\/h2>\n<p><strong><a class=\"dt-pswp-item\" href=\"https:\/\/www.radiopiu.net\/wordpress\/wp-content\/uploads\/2025\/01\/hq720.jpg\" data-dt-img-description=\"\" data-large_image_width=\"686\" data-large_image_height=\"386\"><img loading=\"lazy\" decoding=\"async\" class=\" wp-image-429836 alignleft\" src=\"https:\/\/www.radiopiu.net\/wordpress\/wp-content\/uploads\/2025\/01\/hq720-300x169.jpg\" alt=\"\" width=\"181\" height=\"102\" srcset=\"https:\/\/www.radiopiu.net\/wordpress\/wp-content\/uploads\/2025\/01\/hq720-300x169.jpg 300w, https:\/\/www.radiopiu.net\/wordpress\/wp-content\/uploads\/2025\/01\/hq720.jpg 686w\" sizes=\"auto, (max-width: 181px) 100vw, 181px\" \/><\/a>15 GENNAIO 2025 HAPPY DAYS<\/strong><\/p>\n<audio class=\"wp-audio-shortcode\" id=\"audio-429806-17\" preload=\"none\" style=\"width: 100%;\" controls=\"controls\"><source type=\"audio\/mpeg\" src=\"https:\/\/www.radiopiu.net\/wordpress\/wp-content\/uploads\/2025\/01\/SIBI2-1.mp3?_=17\" \/><a href=\"https:\/\/www.radiopiu.net\/wordpress\/wp-content\/uploads\/2025\/01\/SIBI2-1.mp3\">https:\/\/www.radiopiu.net\/wordpress\/wp-content\/uploads\/2025\/01\/SIBI2-1.mp3<\/a><\/audio>\n<p>&nbsp;<\/p>\n<p><strong>LA RACCOLTA COMPLETA <a href=\"https:\/\/www.radiopiu.net\/wordpress\/oggi-come-ieri-terzo-anno-con-silvia-baldo\/\"><span style=\"color: #3366ff;\">CLICCA QUI<\/span><\/a><\/strong><\/p>\n<p>&nbsp;<\/p>\n<hr \/>\n<p>&nbsp;<\/p>\n<h2><span style=\"color: #ff0000;\"><a class=\"dt-pswp-item\" href=\"https:\/\/www.radiopiu.net\/wordpress\/wp-content\/uploads\/2018\/09\/appuntamenti.jpeg\" data-dt-img-description=\"\" data-large_image_width=\"800\" data-large_image_height=\"100\"><img loading=\"lazy\" decoding=\"async\" class=\"wp-image-61958 size-full aligncenter\" src=\"https:\/\/www.radiopiu.net\/wordpress\/wp-content\/uploads\/2018\/09\/appuntamenti.jpeg\" alt=\"\" width=\"800\" height=\"100\" srcset=\"https:\/\/www.radiopiu.net\/wordpress\/wp-content\/uploads\/2018\/09\/appuntamenti.jpeg 800w, https:\/\/www.radiopiu.net\/wordpress\/wp-content\/uploads\/2018\/09\/appuntamenti-300x38.jpeg 300w, https:\/\/www.radiopiu.net\/wordpress\/wp-content\/uploads\/2018\/09\/appuntamenti-768x96.jpeg 768w\" sizes=\"auto, (max-width: 800px) 100vw, 800px\" \/><\/a><\/span><\/h2>\n<div dir=\"auto\"><\/div>\n<div class=\"xdj266r x11i5rnm xat24cr x1mh8g0r x1vvkbs x126k92a\">\n<div dir=\"auto\"><\/div>\n<\/div>\n<div>\n<div class=\"\" dir=\"auto\">\n<div id=\":r9h:\" class=\"x1iorvi4 x1pi30zi x1l90r2v x1swvt13\" data-ad-comet-preview=\"message\" data-ad-preview=\"message\">\n<div>\n<div class=\"\" dir=\"auto\">\n<div id=\":r9h:\" class=\"x1iorvi4 x1pi30zi x1l90r2v x1swvt13\" data-ad-comet-preview=\"message\" data-ad-preview=\"message\">\n<div class=\"xdj266r x11i5rnm xat24cr x1mh8g0r x1vvkbs x126k92a\">\n<div dir=\"auto\"><\/div>\n<\/div>\n<div>\n<div class=\"\" dir=\"auto\">\n<div id=\":r9h:\" class=\"x1iorvi4 x1pi30zi x1l90r2v x1swvt13\" data-ad-comet-preview=\"message\" data-ad-preview=\"message\">\n<div>\n<div class=\"\" dir=\"auto\">\n<div id=\":r9h:\" class=\"x1iorvi4 x1pi30zi x1l90r2v x1swvt13\" data-ad-comet-preview=\"message\" data-ad-preview=\"message\">\n\n\t\t\t<style type='text\/css'>\n\t\t\t\t#gallery-3 {\n\t\t\t\t\tmargin: auto;\n\t\t\t\t}\n\t\t\t\t#gallery-3 .gallery-item {\n\t\t\t\t\tfloat: left;\n\t\t\t\t\tmargin-top: 10px;\n\t\t\t\t\ttext-align: center;\n\t\t\t\t\twidth: 25%;\n\t\t\t\t}\n\t\t\t\t#gallery-3 img {\n\t\t\t\t\tborder: 2px solid #cfcfcf;\n\t\t\t\t}\n\t\t\t\t#gallery-3 .gallery-caption {\n\t\t\t\t\tmargin-left: 0;\n\t\t\t\t}\n\t\t\t\t\/* see gallery_shortcode() in wp-includes\/media.php *\/\n\t\t\t<\/style>\n\t\t<div id='gallery-3' class='dt-gallery-container gallery galleryid-429806 gallery-columns-4 gallery-size-thumbnail'><dl class='gallery-item'>\n\t\t\t\t<dt class='gallery-icon portrait'>\n\t\t\t\t\t<a class=\"rollover rollover-zoom dt-pswp-item\" title=\"11781652-59e4-4ec7-bf7b-7f0d1b784e50\" data-dt-img-description=\"\" data-large_image_width=\"1242\" data-large_image_height=\"1755\"href='https:\/\/www.radiopiu.net\/wordpress\/wp-content\/uploads\/2025\/01\/11781652-59e4-4ec7-bf7b-7f0d1b784e50-1.jpg'><img loading=\"lazy\" decoding=\"async\" width=\"150\" height=\"150\" src=\"https:\/\/www.radiopiu.net\/wordpress\/wp-content\/uploads\/2025\/01\/11781652-59e4-4ec7-bf7b-7f0d1b784e50-1-150x150.jpg\" class=\"attachment-thumbnail size-thumbnail\" alt=\"\" aria-describedby=\"gallery-3-429987\" \/><\/a>\n\t\t\t\t<\/dt>\n\t\t\t\t\t<dd class='wp-caption-text gallery-caption' id='gallery-3-429987'>\n\t\t\t\t\tla valle con manuel\n\t\t\t\t\t<\/dd><\/dl><dl class='gallery-item'>\n\t\t\t\t<dt class='gallery-icon portrait'>\n\t\t\t\t\t<a class=\"rollover rollover-zoom dt-pswp-item\" title=\"manifesto serate invernali\" data-dt-img-description=\"\" data-large_image_width=\"1683\" data-large_image_height=\"2383\"href='https:\/\/www.radiopiu.net\/wordpress\/wp-content\/uploads\/2024\/11\/manifesto-serate-invernali.jpg'><img loading=\"lazy\" decoding=\"async\" width=\"150\" height=\"150\" src=\"https:\/\/www.radiopiu.net\/wordpress\/wp-content\/uploads\/2024\/11\/manifesto-serate-invernali-150x150.jpg\" class=\"attachment-thumbnail size-thumbnail\" alt=\"\" aria-describedby=\"gallery-3-418816\" \/><\/a>\n\t\t\t\t<\/dt>\n\t\t\t\t\t<dd class='wp-caption-text gallery-caption' id='gallery-3-418816'>\n\t\t\t\t\t21 FEBBRAIO\n\t\t\t\t\t<\/dd><\/dl><dl class='gallery-item'>\n\t\t\t\t<dt class='gallery-icon portrait'>\n\t\t\t\t\t<a class=\"rollover rollover-zoom dt-pswp-item\" title=\"222c1268-28ad-4f2a-b9c7-7e3a82831958\" data-dt-img-description=\"\" data-large_image_width=\"1131\" data-large_image_height=\"1600\"href='https:\/\/www.radiopiu.net\/wordpress\/wp-content\/uploads\/2025\/01\/222c1268-28ad-4f2a-b9c7-7e3a82831958.jpg'><img loading=\"lazy\" decoding=\"async\" width=\"150\" height=\"150\" src=\"https:\/\/www.radiopiu.net\/wordpress\/wp-content\/uploads\/2025\/01\/222c1268-28ad-4f2a-b9c7-7e3a82831958-150x150.jpg\" class=\"attachment-thumbnail size-thumbnail\" alt=\"\" \/><\/a>\n\t\t\t\t<\/dt><\/dl><dl class='gallery-item'>\n\t\t\t\t<dt class='gallery-icon portrait'>\n\t\t\t\t\t<a class=\"rollover rollover-zoom dt-pswp-item\" title=\"85094e2f-2ad8-4765-98e8-74966101d750\" data-dt-img-description=\"\" data-large_image_width=\"1131\" data-large_image_height=\"1600\"href='https:\/\/www.radiopiu.net\/wordpress\/wp-content\/uploads\/2025\/01\/85094e2f-2ad8-4765-98e8-74966101d750.jpg'><img loading=\"lazy\" decoding=\"async\" width=\"150\" height=\"150\" src=\"https:\/\/www.radiopiu.net\/wordpress\/wp-content\/uploads\/2025\/01\/85094e2f-2ad8-4765-98e8-74966101d750-150x150.jpg\" class=\"attachment-thumbnail size-thumbnail\" alt=\"\" aria-describedby=\"gallery-3-428385\" \/><\/a>\n\t\t\t\t<\/dt>\n\t\t\t\t\t<dd class='wp-caption-text gallery-caption' id='gallery-3-428385'>\n\t\t\t\t\t18 GENNAIO \n\t\t\t\t\t<\/dd><\/dl><br style=\"clear: both\" \/><dl class='gallery-item'>\n\t\t\t\t<dt class='gallery-icon portrait'>\n\t\t\t\t\t<a class=\"rollover rollover-zoom dt-pswp-item\" title=\"646060e7-2d2b-4b75-8b96-82eed5e77b41\" data-dt-img-description=\"\" data-large_image_width=\"1132\" data-large_image_height=\"1600\"href='https:\/\/www.radiopiu.net\/wordpress\/wp-content\/uploads\/2025\/01\/646060e7-2d2b-4b75-8b96-82eed5e77b41.jpg'><img loading=\"lazy\" decoding=\"async\" width=\"150\" height=\"150\" src=\"https:\/\/www.radiopiu.net\/wordpress\/wp-content\/uploads\/2025\/01\/646060e7-2d2b-4b75-8b96-82eed5e77b41-150x150.jpg\" class=\"attachment-thumbnail size-thumbnail\" alt=\"\" \/><\/a>\n\t\t\t\t<\/dt><\/dl><dl class='gallery-item'>\n\t\t\t\t<dt class='gallery-icon portrait'>\n\t\t\t\t\t<a class=\"rollover rollover-zoom dt-pswp-item\" title=\"Unknown\" data-dt-img-description=\"\" data-large_image_width=\"1080\" data-large_image_height=\"1920\"href='https:\/\/www.radiopiu.net\/wordpress\/wp-content\/uploads\/2025\/01\/Unknown-1.jpeg'><img loading=\"lazy\" decoding=\"async\" width=\"150\" height=\"150\" src=\"https:\/\/www.radiopiu.net\/wordpress\/wp-content\/uploads\/2025\/01\/Unknown-1-150x150.jpeg\" class=\"attachment-thumbnail size-thumbnail\" alt=\"\" \/><\/a>\n\t\t\t\t<\/dt><\/dl><dl class='gallery-item'>\n\t\t\t\t<dt class='gallery-icon portrait'>\n\t\t\t\t\t<a class=\"rollover rollover-zoom dt-pswp-item\" title=\"FB_IMG_1736713676381\" data-dt-img-description=\"\" data-large_image_width=\"720\" data-large_image_height=\"1018\"href='https:\/\/www.radiopiu.net\/wordpress\/wp-content\/uploads\/2025\/01\/FB_IMG_1736713676381.jpg'><img loading=\"lazy\" decoding=\"async\" width=\"150\" height=\"150\" src=\"https:\/\/www.radiopiu.net\/wordpress\/wp-content\/uploads\/2025\/01\/FB_IMG_1736713676381-150x150.jpg\" class=\"attachment-thumbnail size-thumbnail\" alt=\"\" \/><\/a>\n\t\t\t\t<\/dt><\/dl><dl class='gallery-item'>\n\t\t\t\t<dt class='gallery-icon portrait'>\n\t\t\t\t\t<a class=\"rollover rollover-zoom dt-pswp-item\" title=\"Gennaio\" data-dt-img-description=\"\" data-large_image_width=\"841\" data-large_image_height=\"1190\"href='https:\/\/www.radiopiu.net\/wordpress\/wp-content\/uploads\/2024\/12\/Gennaio.jpg'><img loading=\"lazy\" decoding=\"async\" width=\"150\" height=\"150\" src=\"https:\/\/www.radiopiu.net\/wordpress\/wp-content\/uploads\/2024\/12\/Gennaio-150x150.jpg\" class=\"attachment-thumbnail size-thumbnail\" alt=\"\" aria-describedby=\"gallery-3-427015\" \/><\/a>\n\t\t\t\t<\/dt>\n\t\t\t\t\t<dd class='wp-caption-text gallery-caption' id='gallery-3-427015'>\n\t\t\t\t\tA GENNAIO A FELTRE\n\t\t\t\t\t<\/dd><\/dl><br style=\"clear: both\" \/>\n\t\t\t<\/div>\n\n<\/div>\n<\/div>\n<\/div>\n<\/div>\n<\/div>\n<\/div>\n<\/div>\n<\/div>\n<\/div>\n<\/div>\n<\/div>\n<\/div>\n<p>&nbsp;<\/p>\n<hr \/>\n<p>&nbsp;<\/p>\n<p class=\"mceTemp\"><a class=\"dt-pswp-item\" href=\"https:\/\/www.radiopiu.net\/wordpress\/wp-content\/uploads\/2018\/09\/WhatsApp-Image-2018-09-20-at-16.04.06.jpeg\" data-dt-img-description=\"\" data-large_image_width=\"800\" data-large_image_height=\"100\"><img loading=\"lazy\" decoding=\"async\" class=\"wp-image-61378 size-full aligncenter\" src=\"https:\/\/www.radiopiu.net\/wordpress\/wp-content\/uploads\/2018\/09\/WhatsApp-Image-2018-09-20-at-16.04.06.jpeg\" alt=\"\" width=\"800\" height=\"100\" srcset=\"https:\/\/www.radiopiu.net\/wordpress\/wp-content\/uploads\/2018\/09\/WhatsApp-Image-2018-09-20-at-16.04.06.jpeg 800w, https:\/\/www.radiopiu.net\/wordpress\/wp-content\/uploads\/2018\/09\/WhatsApp-Image-2018-09-20-at-16.04.06-300x38.jpeg 300w, https:\/\/www.radiopiu.net\/wordpress\/wp-content\/uploads\/2018\/09\/WhatsApp-Image-2018-09-20-at-16.04.06-768x96.jpeg 768w\" sizes=\"auto, (max-width: 800px) 100vw, 800px\" \/><\/a><\/p>\n<p><center><\/center><center><\/center>&nbsp;<\/p>\n<p><center><b>OGGI<\/b><\/center>Su Dolomiti sereno o al pi\u00f9 poco nuvoloso tra notte e mattino. Su Prealpi nella notte e fino al mattino irregolarmente nuvoloso specie sui settori veronesi e vicentini, dal mezzogiorno e nel pomeriggio sereno.<br \/>\n<b>Precipitazioni: <\/b>Assenti<br \/>\n<b>Temperature: <\/b>In generale calo a parte le massime su Dolomiti che saranno stazionarie o in locale lieve aumento.<\/p>\n<hr \/>\n<p><center><b>DOMANI<\/b><\/center>Cielo sereno, aria tersa ed ottima visibilit\u00e0.<br \/>\n<b>Precipitazioni: <\/b>Assenti<br \/>\n<b>Temperature: <\/b>Temperature in generale aumento specie in quota, nelle valli minime in calo.<\/p>\n<hr \/>\n<p><center><b>SABATO<\/b><\/center>Sereno o al pi\u00f9 poco nuvoloso verso sera per qualche velatura. Temperature in aumento, anche marcato in quota nei valori massimi, con forte inversione termica nelle valli dove le minime rimarranno stazionarie o in lieve calo.<\/p>\n<hr \/>\n<p><center><b>DOMENICA<\/b><\/center>Nubi in aumento fino a nuvoloso al mattino per estese nubi medio-alte, dal mezzogiorno e nel pomeriggio\/sera fino a molto nuvoloso o coperto anche per nubi medio-basse su Prealpi dove entro sera non \u00e8 del tutto escluso qualche fiocco. Temperature in generale calo, specie le massime.<\/p>\n<p>&nbsp;<\/p>\n<hr \/>\n<p>&nbsp;<\/p>\n<p class=\"mceTemp\"><a class=\"dt-pswp-item\" href=\"https:\/\/www.radiopiu.net\/wordpress\/wp-content\/uploads\/2018\/09\/sport.jpg\" data-dt-img-description=\"\" data-large_image_width=\"800\" data-large_image_height=\"100\"><img loading=\"lazy\" decoding=\"async\" class=\"aligncenter wp-image-60761 size-full\" src=\"https:\/\/www.radiopiu.net\/wordpress\/wp-content\/uploads\/2018\/09\/sport.jpg\" alt=\"\" width=\"800\" height=\"100\" srcset=\"https:\/\/www.radiopiu.net\/wordpress\/wp-content\/uploads\/2018\/09\/sport.jpg 800w, https:\/\/www.radiopiu.net\/wordpress\/wp-content\/uploads\/2018\/09\/sport-300x38.jpg 300w, https:\/\/www.radiopiu.net\/wordpress\/wp-content\/uploads\/2018\/09\/sport-768x96.jpg 768w\" sizes=\"auto, (max-width: 800px) 100vw, 800px\" \/> <\/a><\/p>\n<p class=\"mceTemp\"><span style=\"color: #0000ff;\"><strong>\u00a0 \u00a0<\/strong><\/span><\/p>\n<p><span style=\"color: #0000ff;\"><strong>HOCKEY SU GHIACCIO<\/strong><\/span><\/p>\n<blockquote>\n<h3>ALLEGHE ED APPIANO SI GIOCANO IL QUINTO POSTO NEL MASTER ROUND IHL<\/h3>\n<\/blockquote>\n<p><strong><a class=\"dt-pswp-item\" href=\"https:\/\/www.radiopiu.net\/wordpress\/wp-content\/uploads\/2025\/01\/b63225ac-8676-4f93-a557-b9c8d7df5e8c.jpg\" data-dt-img-description=\"\" data-large_image_width=\"940\" data-large_image_height=\"533\"><img loading=\"lazy\" decoding=\"async\" class=\" wp-image-429809 alignleft\" src=\"https:\/\/www.radiopiu.net\/wordpress\/wp-content\/uploads\/2025\/01\/b63225ac-8676-4f93-a557-b9c8d7df5e8c-300x170.jpg\" alt=\"\" width=\"214\" height=\"121\" srcset=\"https:\/\/www.radiopiu.net\/wordpress\/wp-content\/uploads\/2025\/01\/b63225ac-8676-4f93-a557-b9c8d7df5e8c-300x170.jpg 300w, https:\/\/www.radiopiu.net\/wordpress\/wp-content\/uploads\/2025\/01\/b63225ac-8676-4f93-a557-b9c8d7df5e8c-768x435.jpg 768w, https:\/\/www.radiopiu.net\/wordpress\/wp-content\/uploads\/2025\/01\/b63225ac-8676-4f93-a557-b9c8d7df5e8c.jpg 940w\" sizes=\"auto, (max-width: 214px) 100vw, 214px\" \/><\/a>DI ROBERTO MIANA, PORTAVOCE DELL&#8217;ALLEGHE HOCKEY<\/strong><\/p>\n<p>Quarta giornata di Master Round del campionato IHL di hockey su ghiaccio. Gioved\u00ec 16 gennaio alle 20:30 l\u2019Alleghe ospita l\u2019Appiano. L\u2019Alleghe \u00e8 reduce dalla sconfitta casalinga 0-2 contro il Caldaro capolista. Gara nella quale gli agordini hanno limitato i danni, al cospetto della principale candidata alla vittoria finale. Primo tempo con gli ospiti che partono subito forte, portandosi in vantaggio dopo pochi minuti. Il Caldaro \u00e8 messo bene sul ghiaccio e chiude ogni varco agli alleghesi. Seconda frazione sulla falsariga della prima, con i Lucci che trovano il raddoppio e i biancorossi che faticano ad arrivare alla conclusione verso la gabbia avversaria. Ultimo periodo dove le Civette creano le occasioni migliori per realizzare almeno la rete della bandiera, ma il portiere avversario \u00e8 insuperabile e la gara termina con un sconfitta onorevole, anche alla luce delle importanti assenze.Ad ora gli agordini sono sesti in classifica con 12 punti, uno dietro ai Pirati giallobl\u00f9. L\u2019Appiano, prossimo avversario dei biancorossi, nell\u2019ultimo turno ha subito una pesante sconfitta casalinga 0-6 contro il Varese. Pirati, che saranno privi del loro capocannoniere canadese: Chrystopher Collin, che dovr\u00e0 scontare una squalifica di oltre sei mesi. Pericolo pubblico numero uno dei basso atesini resta l\u2019italo-americano Daniel Eruzione, con 19 reti e 31 assist in 27 gare. Dopo la Regular Season e le prime tre gare del Master Round, l\u2019Appiano \u00e8 quinto in classifica con 13 punti, uno in pi\u00f9 delle Civette biancorosse. Ventisei i precedenti giocati in IHL tra Alleghe ed Appiano. Supremazia dei Pirati con 19 successi contro 7 delle Civette. Nei due incroci stagionali di Regular Season, altrettanti successi dei basso atesini, 2-1 ad Appiano e 5-2 ad Alleghe.<\/p>\n<p><strong>ALLEGHE HOCKEY &#8211; HC EPPAN APPIANO <\/strong>Gioved\u00ec 16 gennaio ore 20:30 &#8211; Palaghiaccio Alvise De Toni di Alleghe (BL). Arbitri: Andrea Moschen e Fabio Tirelli con giudici di linea Fabrizio De Toni e Giacomo Comunian.. Collegamenti in DIRETTA RADIOFONICA su Radio Pi\u00f9 (www.radiopiu.net) con \u201chockey al punto giusto\u201d, in studio Marco Gaz e da Alleghe interventi di Federico Paganin<\/p>\n<p>&nbsp;<\/p>\n<blockquote>\n<h3>CONTINUA LA AHC PER L&#8217;HOCKEY CANALE. DUE PARTITE IN POCHI GIORNI<\/h3>\n<\/blockquote>\n<p><strong>REDAZIONE<\/strong> La stagione in AHC dell&#8217;Hockey Club Canale continua con altre due partite in pochi giorni. La squadra allenata d Angelo Ramazzina torna in campo domani. Alle 20:30 i ragazzi della Valle del Biois saranno a Vallada per affrontare il Red Muss Feltre. Domenica trasferta a Cavalese per giocare contro la Fossa Del Molton. Due partite che sulla carta sono alla portata dei canalini che in questo momento hanno 3 punti in classifica dopo due partite giocate.<\/p>\n\n\t\t\t<style type='text\/css'>\n\t\t\t\t#gallery-4 {\n\t\t\t\t\tmargin: auto;\n\t\t\t\t}\n\t\t\t\t#gallery-4 .gallery-item {\n\t\t\t\t\tfloat: left;\n\t\t\t\t\tmargin-top: 10px;\n\t\t\t\t\ttext-align: center;\n\t\t\t\t\twidth: 50%;\n\t\t\t\t}\n\t\t\t\t#gallery-4 img {\n\t\t\t\t\tborder: 2px solid #cfcfcf;\n\t\t\t\t}\n\t\t\t\t#gallery-4 .gallery-caption {\n\t\t\t\t\tmargin-left: 0;\n\t\t\t\t}\n\t\t\t\t\/* see gallery_shortcode() in wp-includes\/media.php *\/\n\t\t\t<\/style>\n\t\t<div id='gallery-4' class='dt-gallery-container gallery galleryid-429806 gallery-columns-2 gallery-size-medium'><dl class='gallery-item'>\n\t\t\t\t<dt class='gallery-icon portrait'>\n\t\t\t\t\t<a class=\"rollover rollover-zoom dt-pswp-item\" title=\"c0be864a-0fb5-4513-b08a-846982b88148\" data-dt-img-description=\"\" data-large_image_width=\"1124\" data-large_image_height=\"1127\"href='https:\/\/www.radiopiu.net\/wordpress\/wp-content\/uploads\/2025\/01\/c0be864a-0fb5-4513-b08a-846982b88148.jpg'><img loading=\"lazy\" decoding=\"async\" width=\"300\" height=\"300\" src=\"https:\/\/www.radiopiu.net\/wordpress\/wp-content\/uploads\/2025\/01\/c0be864a-0fb5-4513-b08a-846982b88148-300x300.jpg\" class=\"attachment-medium size-medium\" alt=\"\" srcset=\"https:\/\/www.radiopiu.net\/wordpress\/wp-content\/uploads\/2025\/01\/c0be864a-0fb5-4513-b08a-846982b88148-300x300.jpg 300w, https:\/\/www.radiopiu.net\/wordpress\/wp-content\/uploads\/2025\/01\/c0be864a-0fb5-4513-b08a-846982b88148-1021x1024.jpg 1021w, https:\/\/www.radiopiu.net\/wordpress\/wp-content\/uploads\/2025\/01\/c0be864a-0fb5-4513-b08a-846982b88148-150x150.jpg 150w, https:\/\/www.radiopiu.net\/wordpress\/wp-content\/uploads\/2025\/01\/c0be864a-0fb5-4513-b08a-846982b88148-768x770.jpg 768w, https:\/\/www.radiopiu.net\/wordpress\/wp-content\/uploads\/2025\/01\/c0be864a-0fb5-4513-b08a-846982b88148.jpg 1124w\" sizes=\"auto, (max-width: 300px) 100vw, 300px\" \/><\/a>\n\t\t\t\t<\/dt><\/dl><dl class='gallery-item'>\n\t\t\t\t<dt class='gallery-icon portrait'>\n\t\t\t\t\t<a class=\"rollover rollover-zoom dt-pswp-item\" title=\"1336acfe-361d-4ea2-8e3b-5e5f01db4886\" data-dt-img-description=\"\" data-large_image_width=\"1125\" data-large_image_height=\"1129\"href='https:\/\/www.radiopiu.net\/wordpress\/wp-content\/uploads\/2025\/01\/1336acfe-361d-4ea2-8e3b-5e5f01db4886.jpg'><img loading=\"lazy\" decoding=\"async\" width=\"300\" height=\"300\" src=\"https:\/\/www.radiopiu.net\/wordpress\/wp-content\/uploads\/2025\/01\/1336acfe-361d-4ea2-8e3b-5e5f01db4886-300x300.jpg\" class=\"attachment-medium size-medium\" alt=\"\" srcset=\"https:\/\/www.radiopiu.net\/wordpress\/wp-content\/uploads\/2025\/01\/1336acfe-361d-4ea2-8e3b-5e5f01db4886-300x300.jpg 300w, https:\/\/www.radiopiu.net\/wordpress\/wp-content\/uploads\/2025\/01\/1336acfe-361d-4ea2-8e3b-5e5f01db4886-1020x1024.jpg 1020w, https:\/\/www.radiopiu.net\/wordpress\/wp-content\/uploads\/2025\/01\/1336acfe-361d-4ea2-8e3b-5e5f01db4886-150x150.jpg 150w, https:\/\/www.radiopiu.net\/wordpress\/wp-content\/uploads\/2025\/01\/1336acfe-361d-4ea2-8e3b-5e5f01db4886-768x771.jpg 768w, https:\/\/www.radiopiu.net\/wordpress\/wp-content\/uploads\/2025\/01\/1336acfe-361d-4ea2-8e3b-5e5f01db4886.jpg 1125w\" sizes=\"auto, (max-width: 300px) 100vw, 300px\" \/><\/a>\n\t\t\t\t<\/dt><\/dl><br style=\"clear: both\" \/>\n\t\t\t<\/div>\n\n<p><span style=\"color: #0000ff;\"><strong>SNOWBOARD<\/strong><\/span><\/p>\n<blockquote>\n<h3>SI FERMA AI QUARTI DI FINALE LA COPPIA BORMOLINI-DALMASSO NELLA PROVA MISTA IN TERRA AUSTRIACA<\/h3>\n<\/blockquote>\n<p><strong><a class=\"dt-pswp-item\" href=\"https:\/\/www.radiopiu.net\/wordpress\/wp-content\/uploads\/2025\/01\/Dalmasso_Lucia_IT.png\" data-dt-img-description=\"\" data-large_image_width=\"1000\" data-large_image_height=\"580\"><img loading=\"lazy\" decoding=\"async\" class=\" wp-image-429931 alignleft\" src=\"https:\/\/www.radiopiu.net\/wordpress\/wp-content\/uploads\/2025\/01\/Dalmasso_Lucia_IT-300x174.png\" alt=\"\" width=\"229\" height=\"133\" srcset=\"https:\/\/www.radiopiu.net\/wordpress\/wp-content\/uploads\/2025\/01\/Dalmasso_Lucia_IT-300x174.png 300w, https:\/\/www.radiopiu.net\/wordpress\/wp-content\/uploads\/2025\/01\/Dalmasso_Lucia_IT-768x445.png 768w, https:\/\/www.radiopiu.net\/wordpress\/wp-content\/uploads\/2025\/01\/Dalmasso_Lucia_IT.png 1000w\" sizes=\"auto, (max-width: 229px) 100vw, 229px\" \/><\/a>REDAZIONE <\/strong>La stagione di snowboard parallelo ha visto il debutto della prima prova mista a squadre nella suggestiva cornice di Bad Gastein, in Austria.\u00a0 Per le squadre italiane, l\u2019avventura si \u00e8 conclusa ai quarti di finale. La formazione Italia 1, composta da Aaron March ed Elisa Caffont, \u00e8 stata sconfitta da Svizzera 2, mentre Italia 2, rappresentata da Maurizio Bormolini e Lucia Dalmasso, ha ceduto il passo a Germania 1. Ora l\u2019attenzione si sposta sulla prossima tappa della Coppa del Mondo di parallelo, che si terr\u00e0 a Bansko, in Bulgaria. Il programma prevede due giganti di grande prestigio, in calendario nel fine settimana.<\/p>\n<p>&nbsp;<\/p>\n<p>&nbsp;<\/p>\n<p><span style=\"color: #0000ff;\"><strong>SCI DI FONDO<\/strong><\/span><\/p>\n<blockquote>\n<h3>ARRIVA LA FESA CUP A FALCADE, TRE GIORNI DI GRANDE FONDO<\/h3>\n<\/blockquote>\n<p><strong><a class=\"dt-pswp-item\" href=\"https:\/\/www.radiopiu.net\/wordpress\/wp-content\/uploads\/2023\/12\/PIANA-FALCADE-NEVE.jpg\" data-dt-img-description=\"\" data-large_image_width=\"722\" data-large_image_height=\"414\"><img loading=\"lazy\" decoding=\"async\" class=\" wp-image-367723 alignleft\" src=\"https:\/\/www.radiopiu.net\/wordpress\/wp-content\/uploads\/2023\/12\/PIANA-FALCADE-NEVE-300x172.jpg\" alt=\"\" width=\"215\" height=\"123\" srcset=\"https:\/\/www.radiopiu.net\/wordpress\/wp-content\/uploads\/2023\/12\/PIANA-FALCADE-NEVE-300x172.jpg 300w, https:\/\/www.radiopiu.net\/wordpress\/wp-content\/uploads\/2023\/12\/PIANA-FALCADE-NEVE.jpg 722w\" sizes=\"auto, (max-width: 215px) 100vw, 215px\" \/><\/a>DI MIRKO MEZZACASA<\/strong><\/p>\n<p>OSPITE: Matteo Cagnati, presidente Sci Club Val Biois<\/p>\n<audio class=\"wp-audio-shortcode\" id=\"audio-429806-18\" preload=\"none\" style=\"width: 100%;\" controls=\"controls\"><source type=\"audio\/mpeg\" src=\"https:\/\/www.radiopiu.net\/wordpress\/wp-content\/uploads\/2025\/01\/matteo-cagnati-lo-spciale-alla-radio-1.mp3?_=18\" \/><a href=\"https:\/\/www.radiopiu.net\/wordpress\/wp-content\/uploads\/2025\/01\/matteo-cagnati-lo-spciale-alla-radio-1.mp3\">https:\/\/www.radiopiu.net\/wordpress\/wp-content\/uploads\/2025\/01\/matteo-cagnati-lo-spciale-alla-radio-1.mp3<\/a><\/audio>\n<p>&nbsp;<\/p>\n<p><span style=\"color: #0000ff;\"><strong>PALLAVOLO<\/strong><\/span><\/p>\n<blockquote>\n<h3>L&#8217;SB VOLLEY UNDER 18 AGLI OTTAVI DI FINALE<\/h3>\n<\/blockquote>\n<p><a class=\"dt-pswp-item\" href=\"https:\/\/www.radiopiu.net\/wordpress\/wp-content\/uploads\/2025\/01\/Under_18_agli_ottavi.jpg\" data-dt-img-description=\"\" data-large_image_width=\"1110\" data-large_image_height=\"737\"><img loading=\"lazy\" decoding=\"async\" class=\" wp-image-429851 alignleft\" src=\"https:\/\/www.radiopiu.net\/wordpress\/wp-content\/uploads\/2025\/01\/Under_18_agli_ottavi-300x199.jpg\" alt=\"\" width=\"164\" height=\"109\" srcset=\"https:\/\/www.radiopiu.net\/wordpress\/wp-content\/uploads\/2025\/01\/Under_18_agli_ottavi-300x199.jpg 300w, https:\/\/www.radiopiu.net\/wordpress\/wp-content\/uploads\/2025\/01\/Under_18_agli_ottavi-1024x680.jpg 1024w, https:\/\/www.radiopiu.net\/wordpress\/wp-content\/uploads\/2025\/01\/Under_18_agli_ottavi-768x510.jpg 768w, https:\/\/www.radiopiu.net\/wordpress\/wp-content\/uploads\/2025\/01\/Under_18_agli_ottavi.jpg 1110w\" sizes=\"auto, (max-width: 164px) 100vw, 164px\" \/><\/a>L\u2019Under 18 SB Volley ha dimostrato impegno, seriet\u00e0 e grande passione, qualit\u00e0 che l\u2019hanno portata agli ottavi di finale della fase interterritoriale. Guidata da coach Andrea Bassanello, la squadra ha chiuso la stagione regolare al quarto posto, affrontando un girone competitivo con risultati di rilievo. Nonostante la sconfitta contro il quotato Mareno negli ottavi, il percorso delle giovani atlete \u00e8 stato di alto livello. Le protagoniste del team sono Giulia Zanette, Annachara Viel, Sophia Della Vecchia, Chiara Nogar\u00e8, Matilde De Francesch, Aurora Barbazza, Lucia Di Fabio, Camilla Calmo, Laura D\u2019Inc\u00e0, Lucia Bortoluzzi, Giulia Ferrari, Valentina Follin, Chiara De Pr\u00e0, Alice Viel e Margherita Zilli.<\/p>\n<p>&nbsp;<\/p>\n<p>&nbsp;<\/p>\n<p><span style=\"color: #0000ff;\"><strong>BIATHLON<\/strong><\/span><\/p>\n<blockquote><p><strong><a class=\"dt-pswp-item\" href=\"https:\/\/www.radiopiu.net\/wordpress\/wp-content\/uploads\/2025\/01\/centro-biathlon_val-di_zoldo_credito-MOVIEB.jpg\" data-dt-img-description=\"\" data-large_image_width=\"1920\" data-large_image_height=\"1080\"><img loading=\"lazy\" decoding=\"async\" class=\"size-medium wp-image-429892 alignleft\" src=\"https:\/\/www.radiopiu.net\/wordpress\/wp-content\/uploads\/2025\/01\/centro-biathlon_val-di_zoldo_credito-MOVIEB-300x169.jpg\" alt=\"\" width=\"300\" height=\"169\" srcset=\"https:\/\/www.radiopiu.net\/wordpress\/wp-content\/uploads\/2025\/01\/centro-biathlon_val-di_zoldo_credito-MOVIEB-300x169.jpg 300w, https:\/\/www.radiopiu.net\/wordpress\/wp-content\/uploads\/2025\/01\/centro-biathlon_val-di_zoldo_credito-MOVIEB-1024x576.jpg 1024w, https:\/\/www.radiopiu.net\/wordpress\/wp-content\/uploads\/2025\/01\/centro-biathlon_val-di_zoldo_credito-MOVIEB-768x432.jpg 768w, https:\/\/www.radiopiu.net\/wordpress\/wp-content\/uploads\/2025\/01\/centro-biathlon_val-di_zoldo_credito-MOVIEB-1536x864.jpg 1536w, https:\/\/www.radiopiu.net\/wordpress\/wp-content\/uploads\/2025\/01\/centro-biathlon_val-di_zoldo_credito-MOVIEB.jpg 1920w\" sizes=\"auto, (max-width: 300px) 100vw, 300px\" \/><\/a>IN VAL DI ZOLDO RITORNA IL\u00a0 BIATHLON<\/strong><\/p><\/blockquote>\n<p><strong>VAL DI ZOLDO <\/strong>Dopo tre anni di attesa, il biathlon torna protagonista in Val di Zoldo con la quarta tappa della Coppa Italia. L\u2019evento, in programma sabato 18 e domenica 19 gennaio a Palafav\u00e8ra, prevede due Sprint, con il Trofeo Fiamme Oro e il memorial Arduino Costantin in palio. Gli atleti gareggeranno sulla pista \u201cPompeo Fattor\u201d, celebre omaggio allo zoldano olimpico di Cortina 1956 e Squaw Valley 1960. L\u2019organizzazione \u00e8 curata dallo Sci Club Valzoldana, che ha rinnovato il tracciato con tratti pi\u00f9 tecnici e un maggiore dislivello. \u00a0ha dichiarato il presidente Arcangelo Panciera, ringraziando volontari e la Polizia di Stato per il supporto.<\/p>\n<p>&nbsp;<\/p>\n<p>&nbsp;<\/p>\n<p>&nbsp;<\/p>\n<p>&nbsp;<\/p>\n<p>&nbsp;<\/p>\n<hr \/>\n<p>&nbsp;<\/p>\n","protected":false},"excerpt":{"rendered":"<p>&nbsp; ******** &nbsp; LA\u00a0 APP PER IOS-IPHONE di Nicola Vettorello https:\/\/apps.apple.com\/it\/app\/radio-pi%C3%B9-emittente-agordina\/id1515939845 LA\u00a0 APP RADIO\u00a0 PER ANDROID di Nicola Vettorello https:\/\/play.google.com\/store\/apps\/details?id=net.radiopiu.iniko\u00a0\u00a0\u00a0 &nbsp; &nbsp; &nbsp; &nbsp; OGGI ALLA RADIO:\u00a0 rassegna stampa nazionale, ogni giorno alle 5 e alle 6 del mattino. giornali locali 7 rassegna stampa flash, 8 rassegna stampa, gr flash alle 10 e alle 11,&hellip;<\/p>\n","protected":false},"author":4,"featured_media":429948,"comment_status":"closed","ping_status":"closed","sticky":false,"template":"","format":"standard","meta":{"_monsterinsights_skip_tracking":false,"_monsterinsights_sitenote_active":false,"_monsterinsights_sitenote_note":"","_monsterinsights_sitenote_category":0,"footnotes":""},"categories":[51,86,49],"tags":[],"class_list":["post-429806","post","type-post","status-publish","format-standard","has-post-thumbnail","hentry","category-evidenza-top","category-gr","category-news-18","category-51","category-86","category-49","description-off"],"img_url":"https:\/\/www.radiopiu.net\/wordpress\/wp-content\/uploads\/2025\/01\/Senza-nome-42.png","_links":{"self":[{"href":"https:\/\/www.radiopiu.net\/wordpress\/wp-json\/wp\/v2\/posts\/429806","targetHints":{"allow":["GET"]}}],"collection":[{"href":"https:\/\/www.radiopiu.net\/wordpress\/wp-json\/wp\/v2\/posts"}],"about":[{"href":"https:\/\/www.radiopiu.net\/wordpress\/wp-json\/wp\/v2\/types\/post"}],"author":[{"embeddable":true,"href":"https:\/\/www.radiopiu.net\/wordpress\/wp-json\/wp\/v2\/users\/4"}],"replies":[{"embeddable":true,"href":"https:\/\/www.radiopiu.net\/wordpress\/wp-json\/wp\/v2\/comments?post=429806"}],"version-history":[{"count":26,"href":"https:\/\/www.radiopiu.net\/wordpress\/wp-json\/wp\/v2\/posts\/429806\/revisions"}],"predecessor-version":[{"id":429950,"href":"https:\/\/www.radiopiu.net\/wordpress\/wp-json\/wp\/v2\/posts\/429806\/revisions\/429950"}],"wp:featuredmedia":[{"embeddable":true,"href":"https:\/\/www.radiopiu.net\/wordpress\/wp-json\/wp\/v2\/media\/429948"}],"wp:attachment":[{"href":"https:\/\/www.radiopiu.net\/wordpress\/wp-json\/wp\/v2\/media?parent=429806"}],"wp:term":[{"taxonomy":"category","embeddable":true,"href":"https:\/\/www.radiopiu.net\/wordpress\/wp-json\/wp\/v2\/categories?post=429806"},{"taxonomy":"post_tag","embeddable":true,"href":"https:\/\/www.radiopiu.net\/wordpress\/wp-json\/wp\/v2\/tags?post=429806"}],"curies":[{"name":"wp","href":"https:\/\/api.w.org\/{rel}","templated":true}]}}