{"id":430115,"date":"2025-01-17T05:24:36","date_gmt":"2025-01-17T04:24:36","guid":{"rendered":"https:\/\/www.radiopiu.net\/wordpress\/?p=430115"},"modified":"2025-01-17T05:44:22","modified_gmt":"2025-01-17T04:44:22","slug":"aumenti-sui-beni-essenziali-stangata-da-288-euro-per-le-famiglie-bellunesi","status":"publish","type":"post","link":"https:\/\/www.radiopiu.net\/wordpress\/aumenti-sui-beni-essenziali-stangata-da-288-euro-per-le-famiglie-bellunesi\/","title":{"rendered":"Aumenti sui beni essenziali: stangata da 288 euro per le famiglie bellunesi"},"content":{"rendered":"<p>**<\/p>\n<p><strong>di MIRKO MEZZACASA<\/strong><\/p>\n<p data-pm-slice=\"1 1 []\"><a class=\"dt-pswp-item\" href=\"https:\/\/www.radiopiu.net\/wordpress\/wp-content\/uploads\/2025\/01\/Senza-nome-49.png\" data-dt-img-description=\"\" data-large_image_width=\"604\" data-large_image_height=\"398\"><img loading=\"lazy\" decoding=\"async\" class=\"size-medium wp-image-430116 alignleft\" src=\"https:\/\/www.radiopiu.net\/wordpress\/wp-content\/uploads\/2025\/01\/Senza-nome-49-300x198.png\" alt=\"\" width=\"300\" height=\"198\" srcset=\"https:\/\/www.radiopiu.net\/wordpress\/wp-content\/uploads\/2025\/01\/Senza-nome-49-300x198.png 300w, https:\/\/www.radiopiu.net\/wordpress\/wp-content\/uploads\/2025\/01\/Senza-nome-49.png 604w\" sizes=\"auto, (max-width: 300px) 100vw, 300px\" \/><\/a>Secondo l&#8217;elaborazione dell&#8217;Unione Nazionale Consumatori sui dati Istat, l&#8217;inflazione del 2024 ha inciso pesantemente sui bilanci delle famiglie di Belluno, con una spesa aggiuntiva media di 288 euro rispetto al 2023. La provincia si posiziona al ventitreesimo posto nella classifica nazionale dell&#8217;aumento del costo della vita, con un tasso di inflazione del +1,2%, superiore alla media italiana dell&#8217;1%.<\/p>\n<p>Tra le citt\u00e0 italiane, Bolzano ha registrato l&#8217;aumento pi\u00f9 significativo (+1,7%), con un incremento di spesa di 492 euro a famiglia. In Veneto, Padova \u00e8 la pi\u00f9 cara, con una crescita del +1,5% e una spesa extra di 386 euro. Venezia e Treviso seguono con incrementi simili.<\/p>\n<p>A Belluno, i rincari hanno colpito soprattutto alimentari (+2,6%), assicurazioni (+7,5%), affitti (+4%) e spese sanitarie (+2%). Anche il settore della ristorazione ha visto un aumento del +2,8%. Il 2025 potrebbe portare ulteriori rialzi a causa delle nuove accise sul gasolio, con potenziali effetti a catena sui beni di consumo, in particolare sugli alimentari.<\/p>\n<hr \/>\n<p>&nbsp;<\/p>\n","protected":false},"excerpt":{"rendered":"<p>** di MIRKO MEZZACASA Secondo l&#8217;elaborazione dell&#8217;Unione Nazionale Consumatori sui dati Istat, l&#8217;inflazione del 2024 ha inciso pesantemente sui bilanci delle famiglie di Belluno, con una spesa aggiuntiva media di 288 euro rispetto al 2023. La provincia si posiziona al ventitreesimo posto nella classifica nazionale dell&#8217;aumento del costo della vita, con un tasso di inflazione&hellip;<\/p>\n","protected":false},"author":4,"featured_media":430116,"comment_status":"closed","ping_status":"closed","sticky":false,"template":"","format":"standard","meta":{"_monsterinsights_skip_tracking":false,"_monsterinsights_sitenote_active":false,"_monsterinsights_sitenote_note":"","_monsterinsights_sitenote_category":0,"footnotes":""},"categories":[51,49],"tags":[],"class_list":["post-430115","post","type-post","status-publish","format-standard","has-post-thumbnail","hentry","category-evidenza-top","category-news-18","category-51","category-49","description-off"],"img_url":"https:\/\/www.radiopiu.net\/wordpress\/wp-content\/uploads\/2025\/01\/Senza-nome-49.png","_links":{"self":[{"href":"https:\/\/www.radiopiu.net\/wordpress\/wp-json\/wp\/v2\/posts\/430115","targetHints":{"allow":["GET"]}}],"collection":[{"href":"https:\/\/www.radiopiu.net\/wordpress\/wp-json\/wp\/v2\/posts"}],"about":[{"href":"https:\/\/www.radiopiu.net\/wordpress\/wp-json\/wp\/v2\/types\/post"}],"author":[{"embeddable":true,"href":"https:\/\/www.radiopiu.net\/wordpress\/wp-json\/wp\/v2\/users\/4"}],"replies":[{"embeddable":true,"href":"https:\/\/www.radiopiu.net\/wordpress\/wp-json\/wp\/v2\/comments?post=430115"}],"version-history":[{"count":1,"href":"https:\/\/www.radiopiu.net\/wordpress\/wp-json\/wp\/v2\/posts\/430115\/revisions"}],"predecessor-version":[{"id":430117,"href":"https:\/\/www.radiopiu.net\/wordpress\/wp-json\/wp\/v2\/posts\/430115\/revisions\/430117"}],"wp:featuredmedia":[{"embeddable":true,"href":"https:\/\/www.radiopiu.net\/wordpress\/wp-json\/wp\/v2\/media\/430116"}],"wp:attachment":[{"href":"https:\/\/www.radiopiu.net\/wordpress\/wp-json\/wp\/v2\/media?parent=430115"}],"wp:term":[{"taxonomy":"category","embeddable":true,"href":"https:\/\/www.radiopiu.net\/wordpress\/wp-json\/wp\/v2\/categories?post=430115"},{"taxonomy":"post_tag","embeddable":true,"href":"https:\/\/www.radiopiu.net\/wordpress\/wp-json\/wp\/v2\/tags?post=430115"}],"curies":[{"name":"wp","href":"https:\/\/api.w.org\/{rel}","templated":true}]}}