{"id":430151,"date":"2025-01-17T09:30:29","date_gmt":"2025-01-17T08:30:29","guid":{"rendered":"https:\/\/www.radiopiu.net\/wordpress\/?p=430151"},"modified":"2025-01-17T09:30:29","modified_gmt":"2025-01-17T08:30:29","slug":"appello-per-sergio-aiutiamo-a-ritrovare-questo-dolce-gatto-smarrito","status":"publish","type":"post","link":"https:\/\/www.radiopiu.net\/wordpress\/appello-per-sergio-aiutiamo-a-ritrovare-questo-dolce-gatto-smarrito\/","title":{"rendered":"Appello per Sergio: aiutiamo a ritrovare questo dolce gatto smarrito!"},"content":{"rendered":"<p data-pm-slice=\"1 1 []\">\n<p data-pm-slice=\"1 1 []\">\n<p style=\"text-align: left;\" data-pm-slice=\"1 1 []\"><a class=\"dt-pswp-item\" href=\"https:\/\/www.radiopiu.net\/wordpress\/wp-content\/uploads\/2025\/01\/20231226_213233-scaled.jpg\" data-dt-img-description=\"\" data-large_image_width=\"1440\" data-large_image_height=\"2560\"><img loading=\"lazy\" decoding=\"async\" class=\"size-medium wp-image-430158 alignleft\" src=\"https:\/\/www.radiopiu.net\/wordpress\/wp-content\/uploads\/2025\/01\/20231226_213233-169x300.jpg\" alt=\"\" width=\"169\" height=\"300\" srcset=\"https:\/\/www.radiopiu.net\/wordpress\/wp-content\/uploads\/2025\/01\/20231226_213233-169x300.jpg 169w, https:\/\/www.radiopiu.net\/wordpress\/wp-content\/uploads\/2025\/01\/20231226_213233-576x1024.jpg 576w, https:\/\/www.radiopiu.net\/wordpress\/wp-content\/uploads\/2025\/01\/20231226_213233-768x1365.jpg 768w, https:\/\/www.radiopiu.net\/wordpress\/wp-content\/uploads\/2025\/01\/20231226_213233-864x1536.jpg 864w, https:\/\/www.radiopiu.net\/wordpress\/wp-content\/uploads\/2025\/01\/20231226_213233-1152x2048.jpg 1152w, https:\/\/www.radiopiu.net\/wordpress\/wp-content\/uploads\/2025\/01\/20231226_213233-scaled.jpg 1440w\" sizes=\"auto, (max-width: 169px) 100vw, 169px\" \/><\/a>Da sei mesi Sergio, un gatto tigrato europeo di quasi 9 anni, manca da casa. Il suo affezionato umano lo aveva affidato a una cat sitter in localit\u00e0 Grave durante una trasferta di lavoro, ma purtroppo Sergio \u00e8 scappato e si sono perse le sue tracce. Nei primi giorni sembrava essersi rifugiato nel bosco vicino, ma ogni tentativo di recuperarlo \u00e8 stato vano. Sono stati diffusi volantini e lanciati appelli sui social, ma finora nessuna segnalazione utile \u00e8 arrivata. Sergio ha una piccola cicatrice sul naso ed \u00e8 un micio dal carattere dolce. La speranza \u00e8 che qualcuno lo abbia accolto e si stia prendendo cura di lui. Chiunque abbia visto un gatto con queste caratteristiche o abbia informazioni utili \u00e8 pregato di contattare la proprietaria. <a class=\"moz-txt-link-abbreviated\" href=\"mailto:serena.cinotti@gmail.com\">serena.cinotti@gmail.com<\/a><\/p>\n<p data-pm-slice=\"1 1 []\">\n<p data-pm-slice=\"1 1 []\">\n<p data-pm-slice=\"1 1 []\">\n<p data-pm-slice=\"1 1 []\">\n<p data-pm-slice=\"1 1 []\">\n<p data-pm-slice=\"1 1 []\">\n<hr \/>\n<p data-pm-slice=\"1 1 []\">\n","protected":false},"excerpt":{"rendered":"<p>Da sei mesi Sergio, un gatto tigrato europeo di quasi 9 anni, manca da casa. Il suo affezionato umano lo aveva affidato a una cat sitter in localit\u00e0 Grave durante una trasferta di lavoro, ma purtroppo Sergio \u00e8 scappato e si sono perse le sue tracce. Nei primi giorni sembrava essersi rifugiato nel bosco vicino,&hellip;<\/p>\n","protected":false},"author":4,"featured_media":430159,"comment_status":"closed","ping_status":"closed","sticky":false,"template":"","format":"standard","meta":{"_monsterinsights_skip_tracking":false,"_monsterinsights_sitenote_active":false,"_monsterinsights_sitenote_note":"","_monsterinsights_sitenote_category":0,"footnotes":""},"categories":[49],"tags":[],"class_list":["post-430151","post","type-post","status-publish","format-standard","has-post-thumbnail","hentry","category-news-18","category-49","description-off"],"img_url":"https:\/\/www.radiopiu.net\/wordpress\/wp-content\/uploads\/2025\/01\/Senza-nome-54.png","_links":{"self":[{"href":"https:\/\/www.radiopiu.net\/wordpress\/wp-json\/wp\/v2\/posts\/430151","targetHints":{"allow":["GET"]}}],"collection":[{"href":"https:\/\/www.radiopiu.net\/wordpress\/wp-json\/wp\/v2\/posts"}],"about":[{"href":"https:\/\/www.radiopiu.net\/wordpress\/wp-json\/wp\/v2\/types\/post"}],"author":[{"embeddable":true,"href":"https:\/\/www.radiopiu.net\/wordpress\/wp-json\/wp\/v2\/users\/4"}],"replies":[{"embeddable":true,"href":"https:\/\/www.radiopiu.net\/wordpress\/wp-json\/wp\/v2\/comments?post=430151"}],"version-history":[{"count":1,"href":"https:\/\/www.radiopiu.net\/wordpress\/wp-json\/wp\/v2\/posts\/430151\/revisions"}],"predecessor-version":[{"id":430160,"href":"https:\/\/www.radiopiu.net\/wordpress\/wp-json\/wp\/v2\/posts\/430151\/revisions\/430160"}],"wp:featuredmedia":[{"embeddable":true,"href":"https:\/\/www.radiopiu.net\/wordpress\/wp-json\/wp\/v2\/media\/430159"}],"wp:attachment":[{"href":"https:\/\/www.radiopiu.net\/wordpress\/wp-json\/wp\/v2\/media?parent=430151"}],"wp:term":[{"taxonomy":"category","embeddable":true,"href":"https:\/\/www.radiopiu.net\/wordpress\/wp-json\/wp\/v2\/categories?post=430151"},{"taxonomy":"post_tag","embeddable":true,"href":"https:\/\/www.radiopiu.net\/wordpress\/wp-json\/wp\/v2\/tags?post=430151"}],"curies":[{"name":"wp","href":"https:\/\/api.w.org\/{rel}","templated":true}]}}