{"id":430194,"date":"2025-01-17T11:05:38","date_gmt":"2025-01-17T10:05:38","guid":{"rendered":"https:\/\/www.radiopiu.net\/wordpress\/?p=430194"},"modified":"2025-01-17T11:05:38","modified_gmt":"2025-01-17T10:05:38","slug":"cortinabanca-acquista-un-defibrillatore-per-la-casa-di-riposo-di-cortina","status":"publish","type":"post","link":"https:\/\/www.radiopiu.net\/wordpress\/cortinabanca-acquista-un-defibrillatore-per-la-casa-di-riposo-di-cortina\/","title":{"rendered":"CORTINABANCA ACQUISTA UN DEFIBRILLATORE PER LA CASA DI RIPOSO DI CORTINA"},"content":{"rendered":"<p>*******<\/p>\n<p>&nbsp;<\/p>\n<p><strong><a class=\"dt-pswp-item\" href=\"https:\/\/www.radiopiu.net\/wordpress\/wp-content\/uploads\/2025\/01\/CORTINABANCA-sostiene-ASSP-Cortina-scaled.jpg\" data-dt-img-description=\"\" data-large_image_width=\"2560\" data-large_image_height=\"1154\"><img loading=\"lazy\" decoding=\"async\" class=\"size-medium wp-image-430195 alignleft\" src=\"https:\/\/www.radiopiu.net\/wordpress\/wp-content\/uploads\/2025\/01\/CORTINABANCA-sostiene-ASSP-Cortina-300x135.jpg\" alt=\"\" width=\"300\" height=\"135\" srcset=\"https:\/\/www.radiopiu.net\/wordpress\/wp-content\/uploads\/2025\/01\/CORTINABANCA-sostiene-ASSP-Cortina-300x135.jpg 300w, https:\/\/www.radiopiu.net\/wordpress\/wp-content\/uploads\/2025\/01\/CORTINABANCA-sostiene-ASSP-Cortina-1024x462.jpg 1024w, https:\/\/www.radiopiu.net\/wordpress\/wp-content\/uploads\/2025\/01\/CORTINABANCA-sostiene-ASSP-Cortina-768x346.jpg 768w, https:\/\/www.radiopiu.net\/wordpress\/wp-content\/uploads\/2025\/01\/CORTINABANCA-sostiene-ASSP-Cortina-1536x692.jpg 1536w, https:\/\/www.radiopiu.net\/wordpress\/wp-content\/uploads\/2025\/01\/CORTINABANCA-sostiene-ASSP-Cortina-2048x923.jpg 2048w\" sizes=\"auto, (max-width: 300px) 100vw, 300px\" \/><\/a>CORTINA <\/strong>Nei giorni scorsi, il Presidente di CORTINABANCA Massimo Antonelli ha consegnato ufficialmente un defibrillatore all\u2019ASSP Cortina. Erano presenti per l\u2019occasione l\u2019Amministratore Unico della struttura Luciano Pompanin Dimai, il Direttore Cristian Viola, la Coordinatrice Francesca Bernardi, la Dottoressa Roberta Da Re e l&#8217;Assessore ai Servizi alla Persona per il Comune di Cortina d\u2019Ampezzo Monica De Mattia. Nel ringraziare sentitamente CORTINABANCA, Pompanin Dimai ha sottolineato che il defibrillatore \u00e8 una risorsa fondamentale per il Centro Servizi di Cortina, in quanto permette al personale di intervenire prontamente in caso di emergenze cardiache, aumentando significativamente la possibilit\u00e0 di salvare vite umane. &#8220;<em>Sono felice di poter donare questo importante presidio salvavita, che render\u00e0 la nostra casa di riposo sempre pi\u00f9 sicura per le persone anziane che vi sono ospitate, ma anche per tutto il personale che ogni giorno si impegna con grande professionalit\u00e0 e umanit\u00e0 a dare loro sostegno e conforto<\/em>&#8220;, ha dichiarato Massimo Antonelli. &#8220;<em>La salute e il benessere delle comunit\u00e0 in cui CORTINABANCA opera sono al centro della nostra missione, e siamo lieti di poter supportare l&#8217;ASSP di Cortina in questa importante iniziativa.<\/em>&#8221; Quanto sopra si aggiunge alle centinaia di interventi di beneficenza e mutualit\u00e0, che annualmente vengono distribuiti al territorio bellunese dall&#8217;unica banca con sede in Provincia di Belluno. Lo scorso anno \u00e8 stato erogato quasi un milione di euro, a sostegno di progetti e iniziative in ambito assistenziale, culturale, sociale, religioso, artistico, sportivo e turistico, con un&#8217;attenzione particolare ai temi della sostenibilit\u00e0 ambientale, sociale e di governance. CORTINABANCA istituisce ogni anno un Bando per la concessione di contributi e sponsorizzazioni rivolto ad associazioni, comitati, enti pubblici e privati, istituzioni, fondazioni, gruppi di volontariato, scuole e organismi scolastici e anche per il 2025 gli interventi previsti superano i \u20ac 1.053.572,40, confermando ancora una volta la volont\u00e0 dell\u2019istituto di supportare lo sviluppo del patrimonio economico e culturale delle comunit\u00e0 in cui opera, creando un valore concreto e sostenibile nel tempo per tutto il territorio bellunese.<\/p>\n<p>&nbsp;<\/p>\n<p>&nbsp;<\/p>\n<p>&nbsp;<\/p>\n<p>&nbsp;<\/p>\n<p>**********<\/p>\n","protected":false},"excerpt":{"rendered":"<p>******* &nbsp; CORTINA Nei giorni scorsi, il Presidente di CORTINABANCA Massimo Antonelli ha consegnato ufficialmente un defibrillatore all\u2019ASSP Cortina. Erano presenti per l\u2019occasione l\u2019Amministratore Unico della struttura Luciano Pompanin Dimai, il Direttore Cristian Viola, la Coordinatrice Francesca Bernardi, la Dottoressa Roberta Da Re e l&#8217;Assessore ai Servizi alla Persona per il Comune di Cortina d\u2019Ampezzo&hellip;<\/p>\n","protected":false},"author":4,"featured_media":430195,"comment_status":"closed","ping_status":"closed","sticky":false,"template":"","format":"standard","meta":{"_monsterinsights_skip_tracking":false,"_monsterinsights_sitenote_active":false,"_monsterinsights_sitenote_note":"","_monsterinsights_sitenote_category":0,"footnotes":""},"categories":[49],"tags":[],"class_list":["post-430194","post","type-post","status-publish","format-standard","has-post-thumbnail","hentry","category-news-18","category-49","description-off"],"img_url":"https:\/\/www.radiopiu.net\/wordpress\/wp-content\/uploads\/2025\/01\/CORTINABANCA-sostiene-ASSP-Cortina-scaled.jpg","_links":{"self":[{"href":"https:\/\/www.radiopiu.net\/wordpress\/wp-json\/wp\/v2\/posts\/430194","targetHints":{"allow":["GET"]}}],"collection":[{"href":"https:\/\/www.radiopiu.net\/wordpress\/wp-json\/wp\/v2\/posts"}],"about":[{"href":"https:\/\/www.radiopiu.net\/wordpress\/wp-json\/wp\/v2\/types\/post"}],"author":[{"embeddable":true,"href":"https:\/\/www.radiopiu.net\/wordpress\/wp-json\/wp\/v2\/users\/4"}],"replies":[{"embeddable":true,"href":"https:\/\/www.radiopiu.net\/wordpress\/wp-json\/wp\/v2\/comments?post=430194"}],"version-history":[{"count":1,"href":"https:\/\/www.radiopiu.net\/wordpress\/wp-json\/wp\/v2\/posts\/430194\/revisions"}],"predecessor-version":[{"id":430196,"href":"https:\/\/www.radiopiu.net\/wordpress\/wp-json\/wp\/v2\/posts\/430194\/revisions\/430196"}],"wp:featuredmedia":[{"embeddable":true,"href":"https:\/\/www.radiopiu.net\/wordpress\/wp-json\/wp\/v2\/media\/430195"}],"wp:attachment":[{"href":"https:\/\/www.radiopiu.net\/wordpress\/wp-json\/wp\/v2\/media?parent=430194"}],"wp:term":[{"taxonomy":"category","embeddable":true,"href":"https:\/\/www.radiopiu.net\/wordpress\/wp-json\/wp\/v2\/categories?post=430194"},{"taxonomy":"post_tag","embeddable":true,"href":"https:\/\/www.radiopiu.net\/wordpress\/wp-json\/wp\/v2\/tags?post=430194"}],"curies":[{"name":"wp","href":"https:\/\/api.w.org\/{rel}","templated":true}]}}