{"id":430207,"date":"2025-01-17T23:59:11","date_gmt":"2025-01-17T22:59:11","guid":{"rendered":"https:\/\/www.radiopiu.net\/wordpress\/?p=430207"},"modified":"2025-01-17T23:17:43","modified_gmt":"2025-01-17T22:17:43","slug":"disco-piu-dal-18-al-24-gennaio-2025","status":"publish","type":"post","link":"https:\/\/www.radiopiu.net\/wordpress\/disco-piu-dal-18-al-24-gennaio-2025\/","title":{"rendered":"DISCO PIU\u2019 DAL 18 AL 24 GENNAIO 2025"},"content":{"rendered":"<p>*******<\/p>\n<p>&nbsp;<\/p>\n<p><strong><a class=\"dt-pswp-item\" href=\"https:\/\/www.radiopiu.net\/wordpress\/wp-content\/uploads\/2025\/01\/COEZ-2025-scaled.jpg\" data-dt-img-description=\"\" data-large_image_width=\"2560\" data-large_image_height=\"2560\"><img loading=\"lazy\" decoding=\"async\" class=\" wp-image-430259 alignleft\" src=\"https:\/\/www.radiopiu.net\/wordpress\/wp-content\/uploads\/2025\/01\/COEZ-2025-300x300.jpg\" alt=\"\" width=\"195\" height=\"195\" srcset=\"https:\/\/www.radiopiu.net\/wordpress\/wp-content\/uploads\/2025\/01\/COEZ-2025-300x300.jpg 300w, https:\/\/www.radiopiu.net\/wordpress\/wp-content\/uploads\/2025\/01\/COEZ-2025-1024x1024.jpg 1024w, https:\/\/www.radiopiu.net\/wordpress\/wp-content\/uploads\/2025\/01\/COEZ-2025-150x150.jpg 150w, https:\/\/www.radiopiu.net\/wordpress\/wp-content\/uploads\/2025\/01\/COEZ-2025-768x768.jpg 768w, https:\/\/www.radiopiu.net\/wordpress\/wp-content\/uploads\/2025\/01\/COEZ-2025-1536x1536.jpg 1536w, https:\/\/www.radiopiu.net\/wordpress\/wp-content\/uploads\/2025\/01\/COEZ-2025-2048x2048.jpg 2048w\" sizes=\"auto, (max-width: 195px) 100vw, 195px\" \/><\/a>I SUCCESSI DI DOMANI<\/strong><\/p>\n<p><strong>LI ASCOLTI OGGI\u2026SU RADIO PIU\u2019<\/strong><\/p>\n<p><strong>IL DISCO PIU\u2019 DAL 1<\/strong><strong>8<\/strong><strong> AL <\/strong><strong>24<\/strong><strong> GENNAIO 2025 E\u2019:<\/strong><\/p>\n<p><strong>ARTISTA:<\/strong> <strong>Coez<\/strong><\/p>\n<p><strong>TITOLO: Mal Di Te<\/strong><\/p>\n<p><strong>ETICHETTA: Warner Music<\/strong><\/p>\n<p><strong>\u00a0<\/strong><\/p>\n<p>MAL DI TE, il nuovo singolo di Coez che \u00e8 stato annunciato sui suoi social. \u201cQuesti ultimi anni sono stati un bel Volare, fra alti e bassi non ho mai perso la rotta. Si ritorna a terra con una nuova canzone, di quelle con le lacrime dentro\u201d, cos\u00ec Coez ha accompagnato il video teaser che ha anticipato l&#8217;arrivo del suo nuovo brano. Da venerd\u00ec sar\u00e0 disponibile anche il videoclip ufficiale. MAL DI TE segna il primo passo di un nuovo capitolo della carriera di Coez, che \u00e8 pronto a tornare con un brano che richiama lo stile che lo ha reso portavoce della sua generazione e simbolo del cantautorato pop italiano. Il teaser, ambientato in un aeroporto, rappresenta il ritorno di Coez alle sonorit\u00e0 anni \u201890 e una nuova partenza che d\u00e0 il via ad un anno che lo vedr\u00e0 protagonista di nuova musica e nuove collaborazioni. Nel brano, scritto da Coez e prodotto da Esseho e Valerio Smordoni, Coez racconta con un tono nostalgico una quotidianit\u00e0 in cui \u00e8 facile immedesimarsi e ritrovarsi, su una base fortemente strumentale in cui emergono le chitarre e il pianoforte che riportano ad una dimensione puramente pop. L\u2019ambientazione in aeroporto richiama anche il concept del suo album \u201cVolare\u201d, seguito dal joint album con Frah Quintale \u201cLovebars\u201d (2023), simbolo della ripartenza del cantautore da 63 dischi di platino e 23 dischi d\u2019oro che nei prossimi mesi \u00e8 pronto a trasportare il suo pubblico in un nuovo viaggio, introspettivo e sincero. Con oltre 15 anni di carriera, il singolo arriva dopo la collaborazione con Frah Quintale &#8211; nata dalla loro intesa artistica e dalla condivisione delle origini musicali oltre che da un&#8217;amicizia decennale &#8211; con il quale a calcato anche i palchi dei principali palazzetti italiani collezionando numerosi sold out con il Lovebars Tour. Il progetto ha ulteriormente consolidato il prestigio di Coez nel panorama musicale contemporaneo, dopo il precedente successo del suo l\u2019album \u201cVolare\u201d (2021) e il tour nei club italiani, con 15 date sold out e i principali brani come \u201cLa musica non c&#8217;\u00e8 \u201d, certificato otto volte platino, \u201c\u00c8 sempre bello\u201d, riconosciuto come il brano pi\u00f9 ascoltato su Spotify Italia nel 2019 e \u201cFaccio un casino\u201d, brano certificato cinque volte platino.<\/p>\n<p>&nbsp;<\/p>\n<p><iframe loading=\"lazy\" title=\"Coez - Mal di te (Video Ufficiale)\" width=\"1200\" height=\"675\" src=\"https:\/\/www.youtube.com\/embed\/4dgh6P5NwHo?feature=oembed\" frameborder=\"0\" allow=\"accelerometer; autoplay; clipboard-write; encrypted-media; gyroscope; picture-in-picture; web-share\" referrerpolicy=\"strict-origin-when-cross-origin\" allowfullscreen><\/iframe><\/p>\n<p>&nbsp;<\/p>\n<p>&nbsp;<\/p>\n<p>*********<\/p>\n","protected":false},"excerpt":{"rendered":"<p>******* &nbsp; I SUCCESSI DI DOMANI LI ASCOLTI OGGI\u2026SU RADIO PIU\u2019 IL DISCO PIU\u2019 DAL 18 AL 24 GENNAIO 2025 E\u2019: ARTISTA: Coez TITOLO: Mal Di Te ETICHETTA: Warner Music \u00a0 MAL DI TE, il nuovo singolo di Coez che \u00e8 stato annunciato sui suoi social. \u201cQuesti ultimi anni sono stati un bel Volare, fra&hellip;<\/p>\n","protected":false},"author":4,"featured_media":430259,"comment_status":"closed","ping_status":"closed","sticky":false,"template":"","format":"standard","meta":{"_monsterinsights_skip_tracking":false,"_monsterinsights_sitenote_active":false,"_monsterinsights_sitenote_note":"","_monsterinsights_sitenote_category":0,"footnotes":""},"categories":[15],"tags":[],"class_list":["post-430207","post","type-post","status-publish","format-standard","has-post-thumbnail","hentry","category-discopiu","category-15","description-off"],"img_url":"https:\/\/www.radiopiu.net\/wordpress\/wp-content\/uploads\/2025\/01\/COEZ-2025-scaled.jpg","_links":{"self":[{"href":"https:\/\/www.radiopiu.net\/wordpress\/wp-json\/wp\/v2\/posts\/430207","targetHints":{"allow":["GET"]}}],"collection":[{"href":"https:\/\/www.radiopiu.net\/wordpress\/wp-json\/wp\/v2\/posts"}],"about":[{"href":"https:\/\/www.radiopiu.net\/wordpress\/wp-json\/wp\/v2\/types\/post"}],"author":[{"embeddable":true,"href":"https:\/\/www.radiopiu.net\/wordpress\/wp-json\/wp\/v2\/users\/4"}],"replies":[{"embeddable":true,"href":"https:\/\/www.radiopiu.net\/wordpress\/wp-json\/wp\/v2\/comments?post=430207"}],"version-history":[{"count":1,"href":"https:\/\/www.radiopiu.net\/wordpress\/wp-json\/wp\/v2\/posts\/430207\/revisions"}],"predecessor-version":[{"id":430260,"href":"https:\/\/www.radiopiu.net\/wordpress\/wp-json\/wp\/v2\/posts\/430207\/revisions\/430260"}],"wp:featuredmedia":[{"embeddable":true,"href":"https:\/\/www.radiopiu.net\/wordpress\/wp-json\/wp\/v2\/media\/430259"}],"wp:attachment":[{"href":"https:\/\/www.radiopiu.net\/wordpress\/wp-json\/wp\/v2\/media?parent=430207"}],"wp:term":[{"taxonomy":"category","embeddable":true,"href":"https:\/\/www.radiopiu.net\/wordpress\/wp-json\/wp\/v2\/categories?post=430207"},{"taxonomy":"post_tag","embeddable":true,"href":"https:\/\/www.radiopiu.net\/wordpress\/wp-json\/wp\/v2\/tags?post=430207"}],"curies":[{"name":"wp","href":"https:\/\/api.w.org\/{rel}","templated":true}]}}