{"id":430208,"date":"2025-01-17T12:56:06","date_gmt":"2025-01-17T11:56:06","guid":{"rendered":"https:\/\/www.radiopiu.net\/wordpress\/?p=430208"},"modified":"2025-01-18T05:34:55","modified_gmt":"2025-01-18T04:34:55","slug":"da-cavaliere-la-solidarieta-continua-a-rocca-pietore","status":"publish","type":"post","link":"https:\/\/www.radiopiu.net\/wordpress\/da-cavaliere-la-solidarieta-continua-a-rocca-pietore\/","title":{"rendered":"Un Cuore da Cavaliere: la solidariet\u00e0 continua a Rocca Pietore"},"content":{"rendered":"<p>***<\/p>\n<p><strong>ROCCA PIETORE<\/strong><\/p>\n<p><a class=\"dt-pswp-item\" href=\"https:\/\/www.radiopiu.net\/wordpress\/wp-content\/uploads\/2025\/01\/473864979_1007335884775473_1191536210013121701_n.jpg\" data-dt-img-description=\"\" data-large_image_width=\"600\" data-large_image_height=\"600\"><img loading=\"lazy\" decoding=\"async\" class=\"size-medium wp-image-430210 alignleft\" src=\"https:\/\/www.radiopiu.net\/wordpress\/wp-content\/uploads\/2025\/01\/473864979_1007335884775473_1191536210013121701_n-300x300.jpg\" alt=\"\" width=\"300\" height=\"300\" srcset=\"https:\/\/www.radiopiu.net\/wordpress\/wp-content\/uploads\/2025\/01\/473864979_1007335884775473_1191536210013121701_n-300x300.jpg 300w, https:\/\/www.radiopiu.net\/wordpress\/wp-content\/uploads\/2025\/01\/473864979_1007335884775473_1191536210013121701_n-150x150.jpg 150w, https:\/\/www.radiopiu.net\/wordpress\/wp-content\/uploads\/2025\/01\/473864979_1007335884775473_1191536210013121701_n.jpg 600w\" sizes=\"auto, (max-width: 300px) 100vw, 300px\" \/><\/a>la scuola primaria di Rocca Pietore ha accolto con entusiasmo la consegna del calendario realizzato dall&#8217;Associazione di volontariato &#8220;Un Cuore da Cavaliere&#8221;. L&#8217;evento, che ha visto la partecipazione di numerose autorit\u00e0 locali, ha rappresentato un momento di forte emozione e di condivisione di valori legati alla solidariet\u00e0 e al servizio alla comunit\u00e0.<\/p>\n<p>L&#8217;Associazione &#8220;Un Cuore da Cavaliere&#8221; ha una storia profondamente legata a questa terra. Fondata nella provincia di Venezia, tra i suoi promotori vi fu il poliziotto Fabrizio Berton, ex membro della Questura di Venezia e successivamente presidente dell&#8217;organizzazione. Il legame con Rocca Pietore risale al tragico evento della tempesta Vaia del 2018, quando Berton fu tra i primi a raggiungere la zona colpita per portare aiuto e conforto alla popolazione devastata dal disastro naturale.<\/p>\n<p><a class=\"dt-pswp-item\" href=\"https:\/\/www.radiopiu.net\/wordpress\/wp-content\/uploads\/2025\/01\/473628477_1007337381441990_6332007300277609203_n.jpg\" data-dt-img-description=\"\" data-large_image_width=\"2048\" data-large_image_height=\"2048\"><img loading=\"lazy\" decoding=\"async\" class=\"size-medium wp-image-430209 alignright\" src=\"https:\/\/www.radiopiu.net\/wordpress\/wp-content\/uploads\/2025\/01\/473628477_1007337381441990_6332007300277609203_n-300x300.jpg\" alt=\"\" width=\"300\" height=\"300\" srcset=\"https:\/\/www.radiopiu.net\/wordpress\/wp-content\/uploads\/2025\/01\/473628477_1007337381441990_6332007300277609203_n-300x300.jpg 300w, https:\/\/www.radiopiu.net\/wordpress\/wp-content\/uploads\/2025\/01\/473628477_1007337381441990_6332007300277609203_n-1024x1024.jpg 1024w, https:\/\/www.radiopiu.net\/wordpress\/wp-content\/uploads\/2025\/01\/473628477_1007337381441990_6332007300277609203_n-150x150.jpg 150w, https:\/\/www.radiopiu.net\/wordpress\/wp-content\/uploads\/2025\/01\/473628477_1007337381441990_6332007300277609203_n-768x768.jpg 768w, https:\/\/www.radiopiu.net\/wordpress\/wp-content\/uploads\/2025\/01\/473628477_1007337381441990_6332007300277609203_n-1536x1536.jpg 1536w, https:\/\/www.radiopiu.net\/wordpress\/wp-content\/uploads\/2025\/01\/473628477_1007337381441990_6332007300277609203_n.jpg 2048w\" sizes=\"auto, (max-width: 300px) 100vw, 300px\" \/><\/a>Sebbene la sua vita sia stata tragicamente interrotta da una malattia improvvisa nel 2022, l&#8217;impegno di Fabrizio Berton continua grazie alla compagna Laura, che con commozione ha ribadito durante la cerimonia l&#8217;importanza dell&#8217;eredit\u00e0 valoriale lasciata da Fabrizio. L&#8217;Associazione prosegue infatti nel suo operato a favore dei pi\u00f9 bisognosi, mantenendo vivo il ricordo e l&#8217;ispirazione del suo fondatore.<\/p>\n<p><a class=\"dt-pswp-item\" href=\"https:\/\/www.radiopiu.net\/wordpress\/wp-content\/uploads\/2025\/01\/Senza-nome-55.png\" data-dt-img-description=\"\" data-large_image_width=\"309\" data-large_image_height=\"380\"><img loading=\"lazy\" decoding=\"async\" class=\"size-medium wp-image-430212 alignleft\" src=\"https:\/\/www.radiopiu.net\/wordpress\/wp-content\/uploads\/2025\/01\/Senza-nome-55-244x300.png\" alt=\"\" width=\"244\" height=\"300\" srcset=\"https:\/\/www.radiopiu.net\/wordpress\/wp-content\/uploads\/2025\/01\/Senza-nome-55-244x300.png 244w, https:\/\/www.radiopiu.net\/wordpress\/wp-content\/uploads\/2025\/01\/Senza-nome-55.png 309w\" sizes=\"auto, (max-width: 244px) 100vw, 244px\" \/><\/a>Alla consegna del calendario hanno preso parte il Sindaco di Rocca Pietore, un rappresentante della Polizia Locale, Alessandro Darman del Soccorso Alpino, i Carabinieri della Stazione di Caprile e la Dirigente Scolastica dell&#8217;Istituto Comprensivo di Alleghe. La presenza delle autorit\u00e0 ha sottolineato la rilevanza del lavoro svolto dall&#8217;Associazione e l&#8217;importanza di mantenere vivi i valori di solidariet\u00e0 e aiuto reciproco.<\/p>\n<p>La comunit\u00e0 di Rocca Pietore ha risposto con gratitudine a questa iniziativa, dimostrando ancora una volta come la memoria di un uomo possa trasformarsi in azioni concrete a beneficio del prossimo. &#8220;Un Cuore da Cavaliere&#8221; continua il suo cammino, portando speranza e supporto a chi ne ha pi\u00f9 bisogno.<\/p>\n<p>FONTE pagina facebook QUESTURA BELLUNO<br \/>\nFOTO pagina facebook QUESTURA BELLUNO<\/p>\n<hr \/>\n<p>&nbsp;<\/p>\n","protected":false},"excerpt":{"rendered":"<p>*** ROCCA PIETORE la scuola primaria di Rocca Pietore ha accolto con entusiasmo la consegna del calendario realizzato dall&#8217;Associazione di volontariato &#8220;Un Cuore da Cavaliere&#8221;. L&#8217;evento, che ha visto la partecipazione di numerose autorit\u00e0 locali, ha rappresentato un momento di forte emozione e di condivisione di valori legati alla solidariet\u00e0 e al servizio alla comunit\u00e0.&hellip;<\/p>\n","protected":false},"author":4,"featured_media":430210,"comment_status":"closed","ping_status":"closed","sticky":false,"template":"","format":"standard","meta":{"_monsterinsights_skip_tracking":false,"_monsterinsights_sitenote_active":false,"_monsterinsights_sitenote_note":"","_monsterinsights_sitenote_category":0,"footnotes":""},"categories":[51,49],"tags":[],"class_list":["post-430208","post","type-post","status-publish","format-standard","has-post-thumbnail","hentry","category-evidenza-top","category-news-18","category-51","category-49","description-off"],"img_url":"https:\/\/www.radiopiu.net\/wordpress\/wp-content\/uploads\/2025\/01\/473864979_1007335884775473_1191536210013121701_n.jpg","_links":{"self":[{"href":"https:\/\/www.radiopiu.net\/wordpress\/wp-json\/wp\/v2\/posts\/430208","targetHints":{"allow":["GET"]}}],"collection":[{"href":"https:\/\/www.radiopiu.net\/wordpress\/wp-json\/wp\/v2\/posts"}],"about":[{"href":"https:\/\/www.radiopiu.net\/wordpress\/wp-json\/wp\/v2\/types\/post"}],"author":[{"embeddable":true,"href":"https:\/\/www.radiopiu.net\/wordpress\/wp-json\/wp\/v2\/users\/4"}],"replies":[{"embeddable":true,"href":"https:\/\/www.radiopiu.net\/wordpress\/wp-json\/wp\/v2\/comments?post=430208"}],"version-history":[{"count":2,"href":"https:\/\/www.radiopiu.net\/wordpress\/wp-json\/wp\/v2\/posts\/430208\/revisions"}],"predecessor-version":[{"id":430213,"href":"https:\/\/www.radiopiu.net\/wordpress\/wp-json\/wp\/v2\/posts\/430208\/revisions\/430213"}],"wp:featuredmedia":[{"embeddable":true,"href":"https:\/\/www.radiopiu.net\/wordpress\/wp-json\/wp\/v2\/media\/430210"}],"wp:attachment":[{"href":"https:\/\/www.radiopiu.net\/wordpress\/wp-json\/wp\/v2\/media?parent=430208"}],"wp:term":[{"taxonomy":"category","embeddable":true,"href":"https:\/\/www.radiopiu.net\/wordpress\/wp-json\/wp\/v2\/categories?post=430208"},{"taxonomy":"post_tag","embeddable":true,"href":"https:\/\/www.radiopiu.net\/wordpress\/wp-json\/wp\/v2\/tags?post=430208"}],"curies":[{"name":"wp","href":"https:\/\/api.w.org\/{rel}","templated":true}]}}