{"id":430317,"date":"2025-01-20T05:50:01","date_gmt":"2025-01-20T04:50:01","guid":{"rendered":"https:\/\/www.radiopiu.net\/wordpress\/?p=430317"},"modified":"2025-01-20T16:04:28","modified_gmt":"2025-01-20T15:04:28","slug":"giornale-radiopiu-20-gennaio-2025-direttore-mirko-mezzacasada-41-anni-25-giugno-1983-25-giugno-2024","status":"publish","type":"post","link":"https:\/\/www.radiopiu.net\/wordpress\/giornale-radiopiu-20-gennaio-2025-direttore-mirko-mezzacasada-41-anni-25-giugno-1983-25-giugno-2024\/","title":{"rendered":"GIORNALE RADIOPIU 20 GENNAIO 2025 DIRETTORE MIRKO MEZZACASA\u2026DA 41 ANNI 25 GIUGNO 1983-25 GIUGNO 2024"},"content":{"rendered":"<p>********<\/p>\n<p>&nbsp;<\/p>\n<p><em><span style=\"color: #ff0000;\"><a class=\"dt-pswp-item\" href=\"https:\/\/www.radiopiu.net\/wordpress\/wp-content\/uploads\/2024\/10\/Senza-nome-8.png\" data-dt-img-description=\"\" data-large_image_width=\"343\" data-large_image_height=\"303\"><img loading=\"lazy\" decoding=\"async\" class=\"wp-image-412130 alignleft\" src=\"https:\/\/www.radiopiu.net\/wordpress\/wp-content\/uploads\/2024\/10\/Senza-nome-8-300x265.png\" alt=\"\" width=\"105\" height=\"93\" srcset=\"https:\/\/www.radiopiu.net\/wordpress\/wp-content\/uploads\/2024\/10\/Senza-nome-8-300x265.png 300w, https:\/\/www.radiopiu.net\/wordpress\/wp-content\/uploads\/2024\/10\/Senza-nome-8.png 343w\" sizes=\"auto, (max-width: 105px) 100vw, 105px\" \/><\/a><\/span><\/em><strong><em><span style=\"color: #ff0000;\"> LA\u00a0 APP PER IOS-IPHONE di Nicola Vettorello<\/span><\/em><\/strong><\/p>\n<p><strong><span style=\"color: #0000ff;\"><a style=\"color: #0000ff;\" href=\"https:\/\/apps.apple.com\/it\/app\/radio-pi%C3%B9-emittente-agordina\/id1515939845\">https:\/\/apps.apple.com\/it\/app\/radio-pi%C3%B9-emittente-agordina\/id1515939845<\/a><\/span><\/strong><\/p>\n<p><strong><em style=\"color: #ff0000;\">LA\u00a0 APP RADIO\u00a0 PER ANDROID di Nicola Vettorello<\/em><\/strong><\/p>\n<p><strong><span style=\"color: #0000ff;\"><a style=\"color: #0000ff;\" href=\"https:\/\/play.google.com\/store\/apps\/details?id=net.radiopiu.iniko\" target=\"_blank\" rel=\"noopener noreferrer\">https:\/\/<\/a><a style=\"color: #0000ff;\" href=\"https:\/\/play.google.com\/store\/apps\/details?id=net.radiopiu.iniko\" target=\"_blank\" rel=\"noopener noreferrer\">play.google.com\/store\/apps\/details?id=net.radiopiu.iniko\u00a0\u00a0\u00a0<\/a><\/span><\/strong><\/p>\n<p>&nbsp;<\/p>\n<p>&nbsp;<\/p>\n<p>&nbsp;<\/p>\n<hr \/>\n<p>&nbsp;<\/p>\n<p><span style=\"color: #ff0000;\"><strong>OGGI ALLA RADIO:\u00a0<\/strong><\/span><\/p>\n<p><strong><a class=\"dt-pswp-item\" href=\"https:\/\/www.radiopiu.net\/wordpress\/wp-content\/uploads\/2024\/05\/PAOLO-SOPPELSA.jpg\" data-dt-img-description=\"\" data-large_image_width=\"768\" data-large_image_height=\"768\"><img loading=\"lazy\" decoding=\"async\" class=\"wp-image-388477 alignleft\" src=\"https:\/\/www.radiopiu.net\/wordpress\/wp-content\/uploads\/2024\/05\/PAOLO-SOPPELSA-300x300.jpg\" alt=\"\" width=\"135\" height=\"135\" srcset=\"https:\/\/www.radiopiu.net\/wordpress\/wp-content\/uploads\/2024\/05\/PAOLO-SOPPELSA-300x300.jpg 300w, https:\/\/www.radiopiu.net\/wordpress\/wp-content\/uploads\/2024\/05\/PAOLO-SOPPELSA-150x150.jpg 150w, https:\/\/www.radiopiu.net\/wordpress\/wp-content\/uploads\/2024\/05\/PAOLO-SOPPELSA.jpg 768w\" sizes=\"auto, (max-width: 135px) 100vw, 135px\" \/><\/a>rassegna stampa nazionale,<\/strong> ogni giorno alle 5 e alle 6 del mattino.<br \/>\ngiornali locali 7 rassegna stampa flash, 8 rassegna stampa, gr flash alle 10 e alle 11, principale 12.30. Informazione pomeriggio ogni ora fino alle 20, in coda ai notiziari nazionali. Giornale radio nazionale: ogni ora dalle 4 del mattino, alle 20 della sera. Alle 19 le anticipazioni dal TG di Antenna 3 di Tiziana Bolognani.<\/p>\n<p><strong>OGGI ALLE 8.30<\/strong> la rassegna stampa, da 42 anni puntuale alle otto del mattino\u00a0 <strong>9.00\u00a0 <\/strong>OGGI COME IERI, DI SILVIA BALDO terza stagione\u00a0<strong>940\u00a0<\/strong>\u00a0 I RACCONTI DI PAOLO SOPPELSA (FOTO) <strong>10.10\u00a0 COSA GUARDIAMO STASERA IN TV, DALLE PIATTAFORME TELEVISIVE CON PAOLA LANCIATO<\/strong>\u00a0 LORIS SCUSSEL collage operazione nostalgia<strong> 15.00 <\/strong>ritratti sonori con ALESSIA DALL&#8217;O,\u00a0 GRUPPO CIAO<strong> 16 45<\/strong> LE HIT,\u00a0 LE CLASSIFICHE, STORIA DELLA MUSICA CON MIRCO BENCIVENN<strong>I 18.00 <\/strong>APERITIVO IN MUSICA CON DJ JACK<\/p>\n<p>&nbsp;<\/p>\n<p>&nbsp;<\/p>\n<hr \/>\n<p>&nbsp;<\/p>\n<p>&nbsp;<\/p>\n<div class=\"x11i5rnm xat24cr x1mh8g0r x1vvkbs xtlvy1s x126k92a\">\n<div dir=\"auto\">\n<div dir=\"auto\">\n<p><strong><a class=\"dt-pswp-item\" href=\"https:\/\/www.radiopiu.net\/wordpress\/wp-content\/uploads\/2024\/02\/2d44e751-d8a8-461b-8e22-d8e4e853b032.jpg\" data-dt-img-description=\"\" data-large_image_width=\"1600\" data-large_image_height=\"1200\"><img loading=\"lazy\" decoding=\"async\" class=\"wp-image-373307 alignleft\" src=\"https:\/\/www.radiopiu.net\/wordpress\/wp-content\/uploads\/2024\/02\/2d44e751-d8a8-461b-8e22-d8e4e853b032-300x225.jpg\" alt=\"\" width=\"105\" height=\"79\" srcset=\"https:\/\/www.radiopiu.net\/wordpress\/wp-content\/uploads\/2024\/02\/2d44e751-d8a8-461b-8e22-d8e4e853b032-300x225.jpg 300w, https:\/\/www.radiopiu.net\/wordpress\/wp-content\/uploads\/2024\/02\/2d44e751-d8a8-461b-8e22-d8e4e853b032-1024x768.jpg 1024w, https:\/\/www.radiopiu.net\/wordpress\/wp-content\/uploads\/2024\/02\/2d44e751-d8a8-461b-8e22-d8e4e853b032-768x576.jpg 768w, https:\/\/www.radiopiu.net\/wordpress\/wp-content\/uploads\/2024\/02\/2d44e751-d8a8-461b-8e22-d8e4e853b032-1536x1152.jpg 1536w, https:\/\/www.radiopiu.net\/wordpress\/wp-content\/uploads\/2024\/02\/2d44e751-d8a8-461b-8e22-d8e4e853b032.jpg 1600w\" sizes=\"auto, (max-width: 105px) 100vw, 105px\" \/><\/a>EL BAL DEL FIOR, DI GIULIANA DA RONCH, 20 GENNAIO<\/strong><strong> 2025\u00a0<\/strong><\/p>\n<p>&nbsp;<\/p>\n<p>&nbsp;<\/p>\n<audio class=\"wp-audio-shortcode\" id=\"audio-430317-1\" preload=\"none\" style=\"width: 100%;\" controls=\"controls\"><source type=\"audio\/mpeg\" src=\"https:\/\/www.radiopiu.net\/wordpress\/wp-content\/uploads\/2025\/01\/GLU-1.mp3?_=1\" \/><a href=\"https:\/\/www.radiopiu.net\/wordpress\/wp-content\/uploads\/2025\/01\/GLU-1.mp3\">https:\/\/www.radiopiu.net\/wordpress\/wp-content\/uploads\/2025\/01\/GLU-1.mp3<\/a><\/audio>\n<p>&nbsp;<\/p>\n<p>&nbsp;<\/p>\n<\/div>\n<\/div>\n<\/div>\n<div class=\"x11i5rnm xat24cr x1mh8g0r x1vvkbs xtlvy1s x126k92a\">\n<blockquote>\n<h1><strong><a class=\"dt-pswp-item\" href=\"https:\/\/www.radiopiu.net\/wordpress\/wp-content\/uploads\/2024\/10\/629301fd-708d-4f53-95c2-d28cbefd500f.jpg\" data-dt-img-description=\"\" data-large_image_width=\"1600\" data-large_image_height=\"1322\"><img loading=\"lazy\" decoding=\"async\" class=\"wp-image-413782 alignright\" src=\"https:\/\/www.radiopiu.net\/wordpress\/wp-content\/uploads\/2024\/10\/629301fd-708d-4f53-95c2-d28cbefd500f-300x248.jpg\" alt=\"\" width=\"106\" height=\"88\" srcset=\"https:\/\/www.radiopiu.net\/wordpress\/wp-content\/uploads\/2024\/10\/629301fd-708d-4f53-95c2-d28cbefd500f-300x248.jpg 300w, https:\/\/www.radiopiu.net\/wordpress\/wp-content\/uploads\/2024\/10\/629301fd-708d-4f53-95c2-d28cbefd500f-1024x846.jpg 1024w, https:\/\/www.radiopiu.net\/wordpress\/wp-content\/uploads\/2024\/10\/629301fd-708d-4f53-95c2-d28cbefd500f-768x635.jpg 768w, https:\/\/www.radiopiu.net\/wordpress\/wp-content\/uploads\/2024\/10\/629301fd-708d-4f53-95c2-d28cbefd500f-1536x1269.jpg 1536w, https:\/\/www.radiopiu.net\/wordpress\/wp-content\/uploads\/2024\/10\/629301fd-708d-4f53-95c2-d28cbefd500f.jpg 1600w\" sizes=\"auto, (max-width: 106px) 100vw, 106px\" \/><\/a><\/strong><\/h1>\n<h1><strong><a class=\"dt-pswp-item\" href=\"https:\/\/www.radiopiu.net\/wordpress\/wp-content\/uploads\/2024\/11\/th-18.jpg\" data-dt-img-description=\"\" data-large_image_width=\"156\" data-large_image_height=\"180\"><img loading=\"lazy\" decoding=\"async\" class=\"size-full wp-image-421611 alignleft\" src=\"https:\/\/www.radiopiu.net\/wordpress\/wp-content\/uploads\/2024\/11\/th-18.jpg\" alt=\"\" width=\"156\" height=\"180\" \/><\/a><\/strong><\/h1>\n<h1><strong>N di parom &#8211; L Almanach de la nosta jent<\/strong><\/h1>\n<\/blockquote>\n<p>&nbsp;<\/p>\n<p>Le voci: Davide Conedera, Agordo, Michela Dell&#8217;Osbel, La Valle Agordina Simone Ganz, Falcade Veronica Lezuo, Colle Santa Lucia. La voce nella sigla \u00e8 di Giorgia Taio<\/p>\n<p><strong>LA PUNTATA DI OGGI, 20 GENNAIO 2025<\/strong><\/p>\n<audio class=\"wp-audio-shortcode\" id=\"audio-430317-2\" preload=\"none\" style=\"width: 100%;\" controls=\"controls\"><source type=\"audio\/mpeg\" src=\"https:\/\/www.radiopiu.net\/wordpress\/wp-content\/uploads\/2025\/01\/AL1-1.mp3?_=2\" \/><a href=\"https:\/\/www.radiopiu.net\/wordpress\/wp-content\/uploads\/2025\/01\/AL1-1.mp3\">https:\/\/www.radiopiu.net\/wordpress\/wp-content\/uploads\/2025\/01\/AL1-1.mp3<\/a><\/audio>\n<p>&nbsp;<\/p>\n<p>&nbsp;<\/p>\n<p>&nbsp;<\/p>\n<\/div>\n<div class=\"x11i5rnm xat24cr x1mh8g0r x1vvkbs xtlvy1s x126k92a\">\n<div dir=\"auto\">\n<hr \/>\n<\/div>\n<\/div>\n<blockquote>\n<blockquote>\n<h1><span style=\"color: #ff0000;\">\u00a0<\/span><\/h1>\n<h1><span style=\"color: #ff0000;\">I podcast informativi del mattino &#8211; audio &#8211;\u00a0\u00a0<\/span><\/h1>\n<\/blockquote>\n<p><strong><a class=\"dt-pswp-item\" href=\"https:\/\/www.radiopiu.net\/wordpress\/wp-content\/uploads\/2024\/11\/6.jpg\" data-dt-img-description=\"\" data-large_image_width=\"177\" data-large_image_height=\"180\"><img loading=\"lazy\" decoding=\"async\" class=\"size-full wp-image-417911 alignleft\" src=\"https:\/\/www.radiopiu.net\/wordpress\/wp-content\/uploads\/2024\/11\/6.jpg\" alt=\"\" width=\"177\" height=\"180\" \/><\/a>LA RASSEGNA STAMPA NAZIONALE ALLA RADIO, OGNI GIORNO ALLE 5 E ALLE 6 DEL MATTINO <span style=\"color: #0000ff;\">viene pubblicata alle 6.00 <span style=\"color: #ff0000;\">DIRETTA RADIO\u00a0 \u00a0\u00a0<\/span><\/span><\/strong><\/p><\/blockquote>\n<p>&nbsp;<\/p>\n<p><strong>NOTIZIE DELLA NOTTE<\/strong><\/p>\n<p><strong>Johnson<\/strong>, non ci fidiamo di TikTok, aveva 9 mesi per vendere <strong>&#8216;Trump<\/strong> potrebbe firmare ordine su TikTok a cerimonia giuramento&#8217; <strong>Han a Vance<\/strong>, &#8216;spazio enorme per la cooperazione Cina-Usa&#8217; <strong>Corea Sud<\/strong>, Banca centrale taglia Pil 2025 con la crisi politica<br \/>\n<strong>Al giuramento<\/strong> di Trump nella Rotonda solo 600 posti a sedere <strong>Colloquio<\/strong> cordiale tra rivali Musk e Bezos a cena donatori Trump <strong>Borsa:<\/strong> Hong Kong positiva, apre a +1,13% <strong>Borsa<\/strong>: Shanghai apre a +0,44%, Shenzhen a +0,75%<\/p>\n<h2>AUDIO dalle 6 del mattino<\/h2>\n<audio class=\"wp-audio-shortcode\" id=\"audio-430317-3\" preload=\"none\" style=\"width: 100%;\" controls=\"controls\"><source type=\"audio\/mpeg\" src=\"https:\/\/www.radiopiu.net\/wordpress\/wp-content\/uploads\/2025\/01\/GIORNALEDELLESEI-14.mp3?_=3\" \/><a href=\"https:\/\/www.radiopiu.net\/wordpress\/wp-content\/uploads\/2025\/01\/GIORNALEDELLESEI-14.mp3\">https:\/\/www.radiopiu.net\/wordpress\/wp-content\/uploads\/2025\/01\/GIORNALEDELLESEI-14.mp3<\/a><\/audio>\n<p>&nbsp;<\/p>\n<p>&nbsp;<\/p>\n<hr \/>\n<p>&nbsp;<\/p>\n<h1 style=\"text-align: center;\"><span style=\"color: #ff0000;\"><a class=\"dt-pswp-item\" href=\"https:\/\/www.radiopiu.net\/wordpress\/wp-content\/uploads\/2024\/11\/7.jpg\" data-dt-img-description=\"\" data-large_image_width=\"180\" data-large_image_height=\"180\"><img loading=\"lazy\" decoding=\"async\" class=\"size-full wp-image-417912 alignleft\" src=\"https:\/\/www.radiopiu.net\/wordpress\/wp-content\/uploads\/2024\/11\/7.jpg\" alt=\"\" width=\"180\" height=\"180\" srcset=\"https:\/\/www.radiopiu.net\/wordpress\/wp-content\/uploads\/2024\/11\/7.jpg 180w, https:\/\/www.radiopiu.net\/wordpress\/wp-content\/uploads\/2024\/11\/7-150x150.jpg 150w\" sizes=\"auto, (max-width: 180px) 100vw, 180px\" \/><\/a>I podcast informativi del mattino &#8211; audio &#8211;\u00a0<\/span><\/h1>\n<p><strong>OGNI GIORNO ALLE SETTE DEL MATTINO, LA RASSEGNA STAMPA LOCALE FLASH&#8230; PER CHI VA IN FRETTA. I TITOLI DAI GIORNALI E DAL SITO WWW.RADIOPIU.NET <span style=\"color: #0000ff;\">viene pubblicato alle 7.00<\/span> <span style=\"color: #ff0000;\">DIRETTA RADIO\u00a0<\/span><\/strong><\/p>\n<p><em><span style=\"color: #ff0000;\">per chi va in fretta&#8230; tante notizie in pochi minuti. L&#8217;informazione locale alla radio, ogni ora dalle 7 del mattino alle 19 della sera.<\/span><\/em><\/p>\n<h1>AUDIO dalle 7 del mattino<\/h1>\n<audio class=\"wp-audio-shortcode\" id=\"audio-430317-4\" preload=\"none\" style=\"width: 100%;\" controls=\"controls\"><source type=\"audio\/mpeg\" src=\"https:\/\/www.radiopiu.net\/wordpress\/wp-content\/uploads\/2025\/01\/GF07-14.mp3?_=4\" \/><a href=\"https:\/\/www.radiopiu.net\/wordpress\/wp-content\/uploads\/2025\/01\/GF07-14.mp3\">https:\/\/www.radiopiu.net\/wordpress\/wp-content\/uploads\/2025\/01\/GF07-14.mp3<\/a><\/audio>\n<hr \/>\n<p>&nbsp;<\/p>\n<h1><\/h1>\n<h1 style=\"text-align: center;\"><span style=\"color: #ff0000;\"><a class=\"dt-pswp-item\" href=\"https:\/\/www.radiopiu.net\/wordpress\/wp-content\/uploads\/2024\/11\/th.jpg\" data-dt-img-description=\"\" data-large_image_width=\"148\" data-large_image_height=\"179\"><img loading=\"lazy\" decoding=\"async\" class=\"size-full wp-image-417913 alignleft\" src=\"https:\/\/www.radiopiu.net\/wordpress\/wp-content\/uploads\/2024\/11\/th.jpg\" alt=\"\" width=\"148\" height=\"179\" \/><\/a>I podcast informativi del mattino &#8211; audio &#8211;\u00a0<\/span><\/h1>\n<blockquote><p><strong>GIORNALE RADIO NAZIONALE, EDIZIONE DELLE SETTE <span style=\"color: #0000ff;\">viene pubblicato alle 7.05 <span style=\"color: #ff0000;\">DIRETTA RADIO\u00a0<\/span><\/span><\/strong><\/p><\/blockquote>\n<p><strong>il giornale radionazionale e&#8217; in onda ogni ora, dalle sette del mattino alle venti della sera\u00a0 \u00a0<\/strong><\/p>\n<p><strong>Le previsioni Due cicloni sull&#8217;Italia portano ancora nubifragi e mareggiate<\/strong><\/p>\n<p><strong>Scontro fra un tir e un&#8217;auto<\/strong> nel nord Barese, muoiono due ragazzi Si tratta di un 25enne e di un 21enne di Canosa di Puglia <strong>Femminicida suicida<\/strong> in cella, si indaga per istigazione Paltrinieri soffoc\u00f2 la ex moglie. Vittima di insulti e minacce <strong>Otto anni fa<\/strong> il dramma di Rigopiano, &#8216;serve prevenzione&#8217; <strong>Attentato alla caserma<\/strong>: 30enne resta in cella, salta l&#8217;accusa di terrorismo Il giudice non ha convalidato il fermo dell&#8217;anarchico indagato <strong>15enne gay, il padre lo picchia<\/strong> e lo minaccia di morte A Napoli uomo arrestato, il figlio ora \u00e8 in una comunit\u00e0 protetta <strong>Minacce di stupro e morte<\/strong>, la denuncia di miss Italia 2023 Francesca Bergesio Il presunto autore dei messaggi \u00e8 un uomo di 31 anni del Bresciano<\/p>\n<h2><span style=\"color: #ff0000;\"><span style=\"color: #0000ff;\">ULTIM&#8217;ORA<\/span> <span style=\"color: #000000;\">AUDIO dalle sette del mattino, ogni ora alla radio EDIZIONE DELLE SETTE<\/span><\/span><\/h2>\n<audio class=\"wp-audio-shortcode\" id=\"audio-430317-5\" preload=\"none\" style=\"width: 100%;\" controls=\"controls\"><source type=\"audio\/mpeg\" src=\"https:\/\/www.radiopiu.net\/wordpress\/wp-content\/uploads\/2025\/01\/giornale07-19.mp3?_=5\" \/><a href=\"https:\/\/www.radiopiu.net\/wordpress\/wp-content\/uploads\/2025\/01\/giornale07-19.mp3\">https:\/\/www.radiopiu.net\/wordpress\/wp-content\/uploads\/2025\/01\/giornale07-19.mp3<\/a><\/audio>\n<p>&nbsp;<\/p>\n<hr \/>\n<p>&nbsp;<\/p>\n<p>&nbsp;<\/p>\n<h1><span style=\"color: #ff0000;\"><a class=\"dt-pswp-item\" href=\"https:\/\/www.radiopiu.net\/wordpress\/wp-content\/uploads\/2024\/11\/8.jpg\" data-dt-img-description=\"\" data-large_image_width=\"180\" data-large_image_height=\"180\"><img loading=\"lazy\" decoding=\"async\" class=\"size-full wp-image-417910 alignleft\" src=\"https:\/\/www.radiopiu.net\/wordpress\/wp-content\/uploads\/2024\/11\/8.jpg\" alt=\"\" width=\"180\" height=\"180\" srcset=\"https:\/\/www.radiopiu.net\/wordpress\/wp-content\/uploads\/2024\/11\/8.jpg 180w, https:\/\/www.radiopiu.net\/wordpress\/wp-content\/uploads\/2024\/11\/8-150x150.jpg 150w\" sizes=\"auto, (max-width: 180px) 100vw, 180px\" \/><\/a>I podcast informativi del mattino &#8211; video &#8211;\u00a0<\/span><\/h1>\n<h2 style=\"text-align: left;\"><strong>RASSEGNA STAMPA LOCALE, ORE OTTO<\/strong><\/h2>\n<h2><strong> <span style=\"color: #0000ff;\">viene\u00a0 <\/span><\/strong><strong><span style=\"color: #0000ff;\">pubblicata alle 8.05 <span style=\"color: #ff0000;\">DIRETTA RADIO\u00a0 \u00a0<\/span><\/span><\/strong><strong>DI MIRKO MEZZACASA<\/strong><\/h2>\n<h2><span style=\"color: #ff0000;\"><strong>\u00a0<\/strong><\/span><\/h2>\n<h2><span style=\"color: #ff0000;\"><strong>\u00a0<\/strong><\/span><span style=\"color: #ff0000;\"><strong>VIDEO\u00a0 \u00a0in diretta AGGIORNAMENTO\u00a0 dalle 8 del mattino\u00a0 \u00a0<\/strong><\/span><\/h2>\n<p>&nbsp;<\/p>\n<p>&nbsp;<\/p>\n\n\t\t\t<style type='text\/css'>\n\t\t\t\t#gallery-1 {\n\t\t\t\t\tmargin: auto;\n\t\t\t\t}\n\t\t\t\t#gallery-1 .gallery-item {\n\t\t\t\t\tfloat: left;\n\t\t\t\t\tmargin-top: 10px;\n\t\t\t\t\ttext-align: center;\n\t\t\t\t\twidth: 50%;\n\t\t\t\t}\n\t\t\t\t#gallery-1 img {\n\t\t\t\t\tborder: 2px solid #cfcfcf;\n\t\t\t\t}\n\t\t\t\t#gallery-1 .gallery-caption {\n\t\t\t\t\tmargin-left: 0;\n\t\t\t\t}\n\t\t\t\t\/* see gallery_shortcode() in wp-includes\/media.php *\/\n\t\t\t<\/style>\n\t\t<div id='gallery-1' class='dt-gallery-container gallery galleryid-430317 gallery-columns-2 gallery-size-medium'><dl class='gallery-item'>\n\t\t\t\t<dt class='gallery-icon landscape'>\n\t\t\t\t\t<a class=\"rollover rollover-zoom dt-pswp-item\" title=\"Senza nome\" data-dt-img-description=\"\" data-large_image_width=\"598\" data-large_image_height=\"262\"href='https:\/\/www.radiopiu.net\/wordpress\/wp-content\/uploads\/2025\/01\/Senza-nome-61.png'><img loading=\"lazy\" decoding=\"async\" width=\"300\" height=\"131\" src=\"https:\/\/www.radiopiu.net\/wordpress\/wp-content\/uploads\/2025\/01\/Senza-nome-61-300x131.png\" class=\"attachment-medium size-medium\" alt=\"\" srcset=\"https:\/\/www.radiopiu.net\/wordpress\/wp-content\/uploads\/2025\/01\/Senza-nome-61-300x131.png 300w, https:\/\/www.radiopiu.net\/wordpress\/wp-content\/uploads\/2025\/01\/Senza-nome-61.png 598w\" sizes=\"auto, (max-width: 300px) 100vw, 300px\" \/><\/a>\n\t\t\t\t<\/dt><\/dl><dl class='gallery-item'>\n\t\t\t\t<dt class='gallery-icon landscape'>\n\t\t\t\t\t<a class=\"rollover rollover-zoom dt-pswp-item\" title=\"Senza nome\" data-dt-img-description=\"\" data-large_image_width=\"492\" data-large_image_height=\"277\"href='https:\/\/www.radiopiu.net\/wordpress\/wp-content\/uploads\/2025\/01\/Senza-nome-62.png'><img loading=\"lazy\" decoding=\"async\" width=\"300\" height=\"169\" src=\"https:\/\/www.radiopiu.net\/wordpress\/wp-content\/uploads\/2025\/01\/Senza-nome-62-300x169.png\" class=\"attachment-medium size-medium\" alt=\"\" srcset=\"https:\/\/www.radiopiu.net\/wordpress\/wp-content\/uploads\/2025\/01\/Senza-nome-62-300x169.png 300w, https:\/\/www.radiopiu.net\/wordpress\/wp-content\/uploads\/2025\/01\/Senza-nome-62.png 492w\" sizes=\"auto, (max-width: 300px) 100vw, 300px\" \/><\/a>\n\t\t\t\t<\/dt><\/dl><br style=\"clear: both\" \/>\n\t\t\t<\/div>\n\n<p>&nbsp;<\/p>\n<hr \/>\n<p>&nbsp;<\/p>\n<p>&nbsp;<\/p>\n<p><strong><a class=\"dt-pswp-item\" href=\"https:\/\/www.radiopiu.net\/wordpress\/wp-content\/uploads\/2023\/12\/ANTENNA.png\" data-dt-img-description=\"\" data-large_image_width=\"300\" data-large_image_height=\"166\"><img loading=\"lazy\" decoding=\"async\" class=\"wp-image-366306 alignright\" src=\"https:\/\/www.radiopiu.net\/wordpress\/wp-content\/uploads\/2023\/12\/ANTENNA.png\" alt=\"\" width=\"101\" height=\"56\" \/><\/a><a class=\"dt-pswp-item\" href=\"https:\/\/www.radiopiu.net\/wordpress\/wp-content\/uploads\/2024\/11\/th-17.jpg\" data-dt-img-description=\"\" data-large_image_width=\"224\" data-large_image_height=\"180\"><img loading=\"lazy\" decoding=\"async\" class=\" wp-image-421610 alignleft\" src=\"https:\/\/www.radiopiu.net\/wordpress\/wp-content\/uploads\/2024\/11\/th-17.jpg\" alt=\"\" width=\"167\" height=\"134\" \/><\/a>ogni sera alle 19 le anticipazioni alla radio, quello che poi seguirete nel TELEGIORNALE BELLUNESE\u00a0 in onda alle 19.30 sul CANALE 10 del digitale terrestre.\u00a0\u00a0<\/strong><\/p>\n<p>&nbsp;<\/p>\n<p><b>\u00a0\u00a0<\/b><\/p>\n<p>&nbsp;<\/p>\n<hr \/>\n<div class=\"articlePlainSubHead\"><\/div>\n<blockquote>\n<h2 class=\"articlePlainTitle\"><a class=\"dt-pswp-item\" href=\"https:\/\/www.radiopiu.net\/wordpress\/wp-content\/uploads\/2024\/12\/sib-banner-1.jpg\" data-dt-img-description=\"\" data-large_image_width=\"1200\" data-large_image_height=\"670\"><img loading=\"lazy\" decoding=\"async\" class=\"wp-image-427222 alignleft\" src=\"https:\/\/www.radiopiu.net\/wordpress\/wp-content\/uploads\/2024\/12\/sib-banner-1-300x168.jpg\" alt=\"\" width=\"155\" height=\"87\" srcset=\"https:\/\/www.radiopiu.net\/wordpress\/wp-content\/uploads\/2024\/12\/sib-banner-1-300x168.jpg 300w, https:\/\/www.radiopiu.net\/wordpress\/wp-content\/uploads\/2024\/12\/sib-banner-1-1024x572.jpg 1024w, https:\/\/www.radiopiu.net\/wordpress\/wp-content\/uploads\/2024\/12\/sib-banner-1-768x429.jpg 768w, https:\/\/www.radiopiu.net\/wordpress\/wp-content\/uploads\/2024\/12\/sib-banner-1.jpg 1200w\" sizes=\"auto, (max-width: 155px) 100vw, 155px\" \/><\/a>ZERMEN SENZ&#8217;ACQUA<\/h2>\n<\/blockquote>\n<div><\/div>\n<div class=\"articlePlainText\"><strong>FELTRE\u00a0<\/strong> intervento di manutenzione alla rete idrica. Oggi, dalle 8 fino a mezzogiorno, verr\u00e0\u00a0 sospesa l&#8217;erogazione dell&#8217;acqua nella frazione di Zermen e nelle vie Centrale, Reno, Tevere e Ticino.<\/div>\n<div><\/div>\n<div><\/div>\n<hr \/>\n<p>&nbsp;<\/p>\n<div class=\"flex-1 overflow-hidden @container\/thread\">\n<div class=\"h-full\">\n<div class=\"react-scroll-to-bottom--css-qjmjl-79elbk h-full\">\n<div class=\"react-scroll-to-bottom--css-qjmjl-1n7m0yu\">\n<div class=\"flex flex-col text-sm md:pb-9\">\n<article class=\"w-full scroll-mb-[var(--thread-trailing-height,150px)] text-token-text-primary focus-visible:outline-2 focus-visible:outline-offset-[-4px]\" dir=\"auto\" data-testid=\"conversation-turn-5\" data-scroll-anchor=\"true\">\n<div class=\"m-auto text-base py-[18px] px-3 md:px-4 w-full md:px-5 lg:px-4 xl:px-5\">\n<div class=\"mx-auto flex flex-1 gap-4 text-base md:gap-5 lg:gap-6 md:max-w-3xl lg:max-w-[40rem] xl:max-w-[48rem]\">\n<div class=\"group\/conversation-turn relative flex w-full min-w-0 flex-col agent-turn\">\n<div class=\"flex-col gap-1 md:gap-3\">\n<div class=\"flex max-w-full flex-col flex-grow\">\n<div class=\"min-h-8 text-message flex w-full flex-col items-end gap-2 whitespace-normal break-words text-start [.text-message+&amp;]:mt-5\" dir=\"auto\" data-message-author-role=\"assistant\" data-message-id=\"1b995743-e069-4341-9d43-9a2481a2bdcb\" data-message-model-slug=\"gpt-4o\">\n<div class=\"flex w-full flex-col gap-1 empty:hidden first:pt-[3px]\">\n<div class=\"markdown prose w-full break-words dark:prose-invert dark\">\n<blockquote><p><strong><a class=\"dt-pswp-item\" href=\"https:\/\/www.radiopiu.net\/wordpress\/wp-content\/uploads\/2025\/01\/coop1-8.png\" data-dt-img-description=\"\" data-large_image_width=\"466\" data-large_image_height=\"217\"><img loading=\"lazy\" decoding=\"async\" class=\"size-medium wp-image-430287 alignleft\" src=\"https:\/\/www.radiopiu.net\/wordpress\/wp-content\/uploads\/2025\/01\/coop1-8-300x140.png\" alt=\"\" width=\"300\" height=\"140\" srcset=\"https:\/\/www.radiopiu.net\/wordpress\/wp-content\/uploads\/2025\/01\/coop1-8-300x140.png 300w, https:\/\/www.radiopiu.net\/wordpress\/wp-content\/uploads\/2025\/01\/coop1-8.png 466w\" sizes=\"auto, (max-width: 300px) 100vw, 300px\" \/><\/a>Alpago: Mistero sulla morte di Fiorella Galleazzi, oggi la decisione sull\u2019autopsia<\/strong><\/p><\/blockquote>\n<p>ALPAGO<br \/>\nIl corpo di Fiorella Galleazzi, 72 anni, ritrovato sulla strada a Alpago, \u00e8 ancora all\u2019obitorio del San Martino. Oggi il sostituto procuratore Simone Marcon dovrebbe affidare l\u2019incarico al medico legale Antonello Cirnelli per l\u2019autopsia, fondamentale per chiarire le cause del decesso. L&#8217;ipotesi pi\u00f9 accreditata \u00e8 quella di un malore improvviso, ma la magistratura non esclude altre possibilit\u00e0. L\u2019indagine \u00e8 in corso, mentre la comunit\u00e0 locale \u00e8 scossa dalla tragedia e attende risposte.<\/p>\n<\/div>\n<\/div>\n<\/div>\n<\/div>\n<\/div>\n<div class=\"absolute\">\n<div class=\"flex items-center justify-center\"><\/div>\n<\/div>\n<\/div>\n<\/div>\n<\/div>\n<\/article>\n<\/div>\n<\/div>\n<\/div>\n<\/div>\n<\/div>\n<div class=\"md:pt-0 dark:border-white\/20 md:border-transparent md:dark:border-transparent w-full\">\n<div>\n<div class=\"m-auto text-base px-3 md:px-4 w-full md:px-5 lg:px-4 xl:px-5\">\n<div class=\"mx-auto flex flex-1 gap-4 text-base md:gap-5 lg:gap-6 md:max-w-3xl lg:max-w-[40rem] xl:max-w-[48rem]\">\n<div class=\"flex justify-center\"><\/div>\n<\/div>\n<\/div>\n<\/div>\n<\/div>\n<p>&nbsp;<\/p>\n<hr \/>\n<p>&nbsp;<\/p>\n<blockquote>\n<h3>MALORE FATALE, E&#8217; MANCATO ROBERTO BORTOT<\/h3>\n<\/blockquote>\n<p><strong><a class=\"dt-pswp-item\" href=\"https:\/\/www.radiopiu.net\/wordpress\/wp-content\/uploads\/2025\/01\/SCR-20250118-njlo.jpeg\" data-dt-img-description=\"\" data-large_image_width=\"1062\" data-large_image_height=\"894\"><img loading=\"lazy\" decoding=\"async\" class=\" wp-image-430354 alignleft\" src=\"https:\/\/www.radiopiu.net\/wordpress\/wp-content\/uploads\/2025\/01\/SCR-20250118-njlo-300x253.jpeg\" alt=\"\" width=\"175\" height=\"148\" srcset=\"https:\/\/www.radiopiu.net\/wordpress\/wp-content\/uploads\/2025\/01\/SCR-20250118-njlo-300x253.jpeg 300w, https:\/\/www.radiopiu.net\/wordpress\/wp-content\/uploads\/2025\/01\/SCR-20250118-njlo-1024x862.jpeg 1024w, https:\/\/www.radiopiu.net\/wordpress\/wp-content\/uploads\/2025\/01\/SCR-20250118-njlo-768x647.jpeg 768w, https:\/\/www.radiopiu.net\/wordpress\/wp-content\/uploads\/2025\/01\/SCR-20250118-njlo.jpeg 1062w\" sizes=\"auto, (max-width: 175px) 100vw, 175px\" \/><\/a>TAIBON<\/strong> Venerd\u00ec sera la chiamata al 118 per chiedere aiuto per un uomo di 50 anni colto da malore. Immediato l&#8217;intervento dell&#8217;elicottero e il trasferimento al San Martino di Belluno. Purtroppo nelle ore successive le condizioni di Roberto Bortot, 50 anni di Listolade, si sono aggravate. Lascia la moglie Katia, compagna di vita, e tanti amici. La frazione di Listolade \u00e8 sprofondata nel lutto e la notizia della morte di Roberto ha scosso gli uomini e le donne dell&#8217;arma. Roberto Bortot era infatti Carabiniere, ora in pensione, ed ha trascorso la sua carriera ad Agordo, oltre 20 anni, dopo essersi fatto le ossa in Calabria. Ad Agordo ha lavorato con i marescialli Francesco Biscaro, Giovanni Marti e il luogotenente Antonio D&#8217;Alcamo che da Palermo, saputa la notizia, ha inviato un messaggio di cordoglio a famigliari e colleghi. Sono attese per i prossimi giorni le disposizioni per l&#8217;ultimo saluto. Un messaggio di vicinanza alla famiglia anche da parte di Radio Pi\u00f9.<\/p>\n<p>&nbsp;<\/p>\n<p>&nbsp;<\/p>\n<hr \/>\n<p>&nbsp;<\/p>\n<blockquote>\n<h3>LONGARONE DICE ADDIO A LUIGINO OLIVIER<\/h3>\n<\/blockquote>\n<p><strong><a class=\"dt-pswp-item\" href=\"https:\/\/www.radiopiu.net\/wordpress\/wp-content\/uploads\/2025\/01\/luigino_olivier_1.jpg\" data-dt-img-description=\"\" data-large_image_width=\"1280\" data-large_image_height=\"640\"><img loading=\"lazy\" decoding=\"async\" class=\" wp-image-430324 alignleft\" src=\"https:\/\/www.radiopiu.net\/wordpress\/wp-content\/uploads\/2025\/01\/luigino_olivier_1-300x150.jpg\" alt=\"\" width=\"204\" height=\"102\" srcset=\"https:\/\/www.radiopiu.net\/wordpress\/wp-content\/uploads\/2025\/01\/luigino_olivier_1-300x150.jpg 300w, https:\/\/www.radiopiu.net\/wordpress\/wp-content\/uploads\/2025\/01\/luigino_olivier_1-1024x512.jpg 1024w, https:\/\/www.radiopiu.net\/wordpress\/wp-content\/uploads\/2025\/01\/luigino_olivier_1-768x384.jpg 768w, https:\/\/www.radiopiu.net\/wordpress\/wp-content\/uploads\/2025\/01\/luigino_olivier_1.jpg 1280w\" sizes=\"auto, (max-width: 204px) 100vw, 204px\" \/><\/a>LONGARONE<\/strong> Luigino Olivier, 74 anni, ex vicesindaco di Longarone e figura di riferimento per la comunit\u00e0, \u00e8 ricordato con commozione dal sindaco Roberto Padrin. Olivier ha dedicato la vita al servizio pubblico, distinguendosi per impegno, passione e concretezza, senza clamore. Come assessore alle manutenzioni, si dedicava con attenzione ai dettagli, risolvendo sia grandi che piccole criticit\u00e0. Promotore del gemellaggio con la citt\u00e0 brasiliana di Urussanga, di cui era cittadino onorario, manteneva vivo il legame con gli emigranti. La sua scomparsa ha colpito profondamente anche la comunit\u00e0 brasiliana. Il sindaco e l\u2019amministrazione comunale si impegnano a raccogliere la sua eredit\u00e0 e ispirarsi al suo esempio.<\/p>\n<p>&nbsp;<\/p>\n<p>&nbsp;<\/p>\n<hr \/>\n<p>&nbsp;<\/p>\n<blockquote>\n<h3>ESCURSIONISTA SCIVOLA SUL GHIACCIO IN CANSIGLIO<\/h3>\n<\/blockquote>\n<p><strong>TAMBRE<\/strong> Attorno alle 13 di ieri la Centrale del Suem \u00e8 stata contattata per un&#8217;escursionista scivolata sul ghiaccio in Cansiglio e ha richiesto l&#8217;intervento del Soccorso alpino dell&#8217;Alpago in supporto all&#8217;ambulanza. Una squadra ha quindi raggiunto la 68enne di Vittorio Veneto (TV), che nella caduta aveva riportato la sospetta frattura di un braccio. Alla donna, che si trovava in compagnia di altre persone una trentina di metri dopo la sbarra in localit\u00e0 Archeton, \u00e8 stato immobilizzato l&#8217;arto. Trasportata all&#8217;ambulanza, l&#8217;infortunata \u00e8 stata accompagnata in ospedale.<\/p>\n<p>&nbsp;<\/p>\n<p>&nbsp;<\/p>\n<hr \/>\n<p>&nbsp;<\/p>\n<blockquote>\n<h3>INCIDENTI IN PISTA E UN MALORE NELLA DOMENICA DEL SUEM 118<\/h3>\n<\/blockquote>\n<p><strong><a class=\"dt-pswp-item\" href=\"https:\/\/www.radiopiu.net\/wordpress\/wp-content\/uploads\/2025\/01\/WhatsApp-Image-2025-01-16-at-13.19.20.jpeg\" data-dt-img-description=\"\" data-large_image_width=\"2048\" data-large_image_height=\"1152\"><img loading=\"lazy\" decoding=\"async\" class=\" wp-image-430064 alignleft\" src=\"https:\/\/www.radiopiu.net\/wordpress\/wp-content\/uploads\/2025\/01\/WhatsApp-Image-2025-01-16-at-13.19.20-300x169.jpeg\" alt=\"\" width=\"218\" height=\"123\" srcset=\"https:\/\/www.radiopiu.net\/wordpress\/wp-content\/uploads\/2025\/01\/WhatsApp-Image-2025-01-16-at-13.19.20-300x169.jpeg 300w, https:\/\/www.radiopiu.net\/wordpress\/wp-content\/uploads\/2025\/01\/WhatsApp-Image-2025-01-16-at-13.19.20-1024x576.jpeg 1024w, https:\/\/www.radiopiu.net\/wordpress\/wp-content\/uploads\/2025\/01\/WhatsApp-Image-2025-01-16-at-13.19.20-768x432.jpeg 768w, https:\/\/www.radiopiu.net\/wordpress\/wp-content\/uploads\/2025\/01\/WhatsApp-Image-2025-01-16-at-13.19.20-1536x864.jpeg 1536w, https:\/\/www.radiopiu.net\/wordpress\/wp-content\/uploads\/2025\/01\/WhatsApp-Image-2025-01-16-at-13.19.20.jpeg 2048w\" sizes=\"auto, (max-width: 218px) 100vw, 218px\" \/><\/a>REDAZIONE<\/strong> Sono 12 gli interventi di soccorso del Suem 118 sulle piste dei comprensori sciistici della provincia di Belluno. Sulla pista Tofana a Cortina un 79enne di Roma \u00e8 stato soccorso ed elitrasportato a Belluno con ferite di media gravit\u00e0. Poco prima delle 16 l&#8217;elicottero Falco 1 si \u00e8 diretto al Rifugio Averau dove un giovane di 24 anni di Bari aveva accusato un malore ed \u00e8 stato portato al San Martino di Belluno. Negli stessi minuti si \u00e8 alzato in volo anche Falco 2 che \u00e8 stato chiamato sulla pista Cristallo di Cortina per un incidente fuori pista dove \u00e8 rimasto coinvolto un 46enne di Trieste.<\/p>\n<p>&nbsp;<\/p>\n<p>&nbsp;<\/p>\n<hr \/>\n<p>&nbsp;<\/p>\n<blockquote>\n<h3 class=\"entry-title\">MALORI E INCIDENTI NELLA GIORNATA DI SABATO DEL SUEM 118<\/h3>\n<\/blockquote>\n<p><strong class=\"photoswipe-wrapper\"><a class=\"dt-pswp-item pspw-wrap-ready\" href=\"https:\/\/www.radiopiu.net\/wordpress\/wp-content\/uploads\/2024\/04\/salt-suem-agordo-croce.jpeg\" data-dt-img-description=\"\" data-large_image_width=\"1024\" data-large_image_height=\"768\"><img loading=\"lazy\" decoding=\"async\" class=\" wp-image-382581 alignleft\" src=\"https:\/\/www.radiopiu.net\/wordpress\/wp-content\/uploads\/2024\/04\/salt-suem-agordo-croce-300x225.jpeg\" sizes=\"auto, (max-width: 195px) 100vw, 195px\" srcset=\"https:\/\/www.radiopiu.net\/wordpress\/wp-content\/uploads\/2024\/04\/salt-suem-agordo-croce-300x225.jpeg 300w, https:\/\/www.radiopiu.net\/wordpress\/wp-content\/uploads\/2024\/04\/salt-suem-agordo-croce-768x576.jpeg 768w, https:\/\/www.radiopiu.net\/wordpress\/wp-content\/uploads\/2024\/04\/salt-suem-agordo-croce.jpeg 1024w\" alt=\"\" width=\"195\" height=\"146\" \/><\/a>REDAZIONE<\/strong> Giornata intensa, quella di sabato, per il Suem 118 impegnato su pi\u00f9 fronti in provincia di Belluno. Ad Arabba, una donna di 46 anni di Selva di Cadore \u00e8 stata colpita da un malore ed \u00e8 stata trasportata a Belluno con l\u2019elicottero \u201cFalco 1\u201d. A Cortina d\u2019Ampezzo, un minorenne di Vittorio Veneto ha subito un trauma ed \u00e8 stato trasferito con lo stesso mezzo al medesimo ospedale. A Ponte nelle Alpi, un incidente stradale autonomo ha coinvolto una donna di 44 anni di Ponte nelle Alpi, trasportata con auto medica a Belluno. Un altro malore ha interessato una donna di 45 anni di Belluno a Selva di Cadore, anch\u2019essa soccorsa da \u201cFalco 1\u201d e portata in ospedale. A Belluno, un incidente stradale ha coinvolto un uomo di 36 anni che ha per\u00f2 rifiutato il trasporto. Sulle piste dei comprensori sciistici della provincia si sono registrati 13 interventi.<\/p>\n<p>&nbsp;<\/p>\n<hr \/>\n<p>&nbsp;<\/p>\n<blockquote>\n<h2><a class=\"dt-pswp-item\" href=\"https:\/\/www.radiopiu.net\/wordpress\/wp-content\/uploads\/2025\/01\/VALLE-DI-GARES-2.jpg\" data-dt-img-description=\"\" data-large_image_width=\"1000\" data-large_image_height=\"650\"><img loading=\"lazy\" decoding=\"async\" class=\" wp-image-430506 alignleft\" src=\"https:\/\/www.radiopiu.net\/wordpress\/wp-content\/uploads\/2025\/01\/VALLE-DI-GARES-2-300x195.jpg\" alt=\"\" width=\"242\" height=\"157\" srcset=\"https:\/\/www.radiopiu.net\/wordpress\/wp-content\/uploads\/2025\/01\/VALLE-DI-GARES-2-300x195.jpg 300w, https:\/\/www.radiopiu.net\/wordpress\/wp-content\/uploads\/2025\/01\/VALLE-DI-GARES-2-768x499.jpg 768w, https:\/\/www.radiopiu.net\/wordpress\/wp-content\/uploads\/2025\/01\/VALLE-DI-GARES-2.jpg 1000w\" sizes=\"auto, (max-width: 242px) 100vw, 242px\" \/><\/a>Canale d\u2019Agordo: vandali devastano la pista di sci in Val di Gares<\/h2>\n<\/blockquote>\n<p><strong>CANALE D&#8217;AGORDO<\/strong><\/p>\n<p>Atto vandalico nella notte sulla pista di sci di fondo \u201cFranco Manfroi\u201d a Pian di Giare, in Val di Gares. Due auto di grossa cilindrata hanno utilizzato il tracciato come pista da rally, danneggiandolo gravemente. Il danno \u00e8 stato scoperto solo al mattino dagli sciatori, costretti a segnalare l\u2019accaduto. Lo Sci Club Canale \u00e8 intervenuto per ripristinare la pista con mezzi e pale, ma il danno economico e d\u2019immagine resta significativo. Il presidente Nicol\u00f2 Bogo ha espresso sconcerto e ipotizza una denuncia. Le telecamere di sorveglianza potrebbero aiutare a identificare i responsabili di questo gesto irresponsabile e dannoso. Indagini in corso.<\/p>\n<p>&nbsp;<\/p>\n<hr \/>\n<p>&nbsp;<\/p>\n<blockquote>\n<h3>ASSEGNATI I LAVORI PER LA RIQUALIFICAZIONE DEL CENTRO DI FRASSENE&#8217;<\/h3>\n<\/blockquote>\n<p><strong><a class=\"dt-pswp-item\" href=\"https:\/\/www.radiopiu.net\/wordpress\/wp-content\/uploads\/2024\/04\/FRASSENE.png\" data-dt-img-description=\"\" data-large_image_width=\"671\" data-large_image_height=\"404\"><img loading=\"lazy\" decoding=\"async\" class=\" wp-image-386344 alignleft\" src=\"https:\/\/www.radiopiu.net\/wordpress\/wp-content\/uploads\/2024\/04\/FRASSENE-300x181.png\" alt=\"\" width=\"219\" height=\"132\" srcset=\"https:\/\/www.radiopiu.net\/wordpress\/wp-content\/uploads\/2024\/04\/FRASSENE-300x181.png 300w, https:\/\/www.radiopiu.net\/wordpress\/wp-content\/uploads\/2024\/04\/FRASSENE.png 671w\" sizes=\"auto, (max-width: 219px) 100vw, 219px\" \/><\/a>VOLTAGO<\/strong><\/p>\n<p>DI GIANNI SANTOMASO<\/p>\n<audio class=\"wp-audio-shortcode\" id=\"audio-430317-6\" preload=\"none\" style=\"width: 100%;\" controls=\"controls\"><source type=\"audio\/mpeg\" src=\"https:\/\/www.radiopiu.net\/wordpress\/wp-content\/uploads\/2025\/01\/GIANNI-ASSEGNATI-I-LAVORI-PER-LA-RIQUALIFICAZIONE-DEL-CENTRO-DI-FRASSENE.mp3?_=6\" \/><a href=\"https:\/\/www.radiopiu.net\/wordpress\/wp-content\/uploads\/2025\/01\/GIANNI-ASSEGNATI-I-LAVORI-PER-LA-RIQUALIFICAZIONE-DEL-CENTRO-DI-FRASSENE.mp3\">https:\/\/www.radiopiu.net\/wordpress\/wp-content\/uploads\/2025\/01\/GIANNI-ASSEGNATI-I-LAVORI-PER-LA-RIQUALIFICAZIONE-DEL-CENTRO-DI-FRASSENE.mp3<\/a><\/audio>\n<p>&nbsp;<\/p>\n<hr \/>\n<p>&nbsp;<\/p>\n<blockquote>\n<h3>SOPRALLUUOGO DEL PRESIDENTE ZAIA ALLA PISTA DI BOB A CORTINA<\/h3>\n<\/blockquote>\n<p><strong>CORTINA <\/strong>Il Presidente del Veneto, Luca Zaia, ha commentato con entusiasmo il sopralluogo alla pista da bob in costruzione a Cortina, definendola non solo un\u2019infrastruttura sportiva ma un simbolo dell\u2019eccellenza italiana. L\u2019opera, destinata a essere completata per i Giochi Olimpici di Milano-Cortina 2026, rappresenta un capolavoro di ingegneria, tradizione e rispetto per l\u2019ambiente. Zaia ha elogiato il lavoro delle maestranze e il supporto del Governo, sottolineando l\u2019importanza della collaborazione tra istituzioni e tecnici. La pista diventer\u00e0 un luogo iconico per sport, turismo e valorizzazione territoriale, testimoniando il ruolo centrale di Cortina come ambasciatrice dell\u2019Italia nel mondo.<\/p>\n\n\t\t\t<style type='text\/css'>\n\t\t\t\t#gallery-2 {\n\t\t\t\t\tmargin: auto;\n\t\t\t\t}\n\t\t\t\t#gallery-2 .gallery-item {\n\t\t\t\t\tfloat: left;\n\t\t\t\t\tmargin-top: 10px;\n\t\t\t\t\ttext-align: center;\n\t\t\t\t\twidth: 25%;\n\t\t\t\t}\n\t\t\t\t#gallery-2 img {\n\t\t\t\t\tborder: 2px solid #cfcfcf;\n\t\t\t\t}\n\t\t\t\t#gallery-2 .gallery-caption {\n\t\t\t\t\tmargin-left: 0;\n\t\t\t\t}\n\t\t\t\t\/* see gallery_shortcode() in wp-includes\/media.php *\/\n\t\t\t<\/style>\n\t\t<div id='gallery-2' class='dt-gallery-container gallery galleryid-430317 gallery-columns-4 gallery-size-medium'><dl class='gallery-item'>\n\t\t\t\t<dt class='gallery-icon landscape'>\n\t\t\t\t\t<a class=\"rollover rollover-zoom dt-pswp-item\" title=\"IMG_4826\" data-dt-img-description=\"\" data-large_image_width=\"2560\" data-large_image_height=\"1920\"href='https:\/\/www.radiopiu.net\/wordpress\/wp-content\/uploads\/2025\/01\/IMG_4826-scaled.jpg'><img loading=\"lazy\" decoding=\"async\" width=\"300\" height=\"225\" src=\"https:\/\/www.radiopiu.net\/wordpress\/wp-content\/uploads\/2025\/01\/IMG_4826-300x225.jpg\" class=\"attachment-medium size-medium\" alt=\"\" srcset=\"https:\/\/www.radiopiu.net\/wordpress\/wp-content\/uploads\/2025\/01\/IMG_4826-300x225.jpg 300w, https:\/\/www.radiopiu.net\/wordpress\/wp-content\/uploads\/2025\/01\/IMG_4826-1024x768.jpg 1024w, https:\/\/www.radiopiu.net\/wordpress\/wp-content\/uploads\/2025\/01\/IMG_4826-768x576.jpg 768w, https:\/\/www.radiopiu.net\/wordpress\/wp-content\/uploads\/2025\/01\/IMG_4826-1536x1152.jpg 1536w, https:\/\/www.radiopiu.net\/wordpress\/wp-content\/uploads\/2025\/01\/IMG_4826-2048x1536.jpg 2048w\" sizes=\"auto, (max-width: 300px) 100vw, 300px\" \/><\/a>\n\t\t\t\t<\/dt><\/dl><dl class='gallery-item'>\n\t\t\t\t<dt class='gallery-icon landscape'>\n\t\t\t\t\t<a class=\"rollover rollover-zoom dt-pswp-item\" title=\"IMG_4840\" data-dt-img-description=\"\" data-large_image_width=\"2560\" data-large_image_height=\"1920\"href='https:\/\/www.radiopiu.net\/wordpress\/wp-content\/uploads\/2025\/01\/IMG_4840-scaled.jpg'><img loading=\"lazy\" decoding=\"async\" width=\"300\" height=\"225\" src=\"https:\/\/www.radiopiu.net\/wordpress\/wp-content\/uploads\/2025\/01\/IMG_4840-300x225.jpg\" class=\"attachment-medium size-medium\" alt=\"\" srcset=\"https:\/\/www.radiopiu.net\/wordpress\/wp-content\/uploads\/2025\/01\/IMG_4840-300x225.jpg 300w, https:\/\/www.radiopiu.net\/wordpress\/wp-content\/uploads\/2025\/01\/IMG_4840-1024x768.jpg 1024w, https:\/\/www.radiopiu.net\/wordpress\/wp-content\/uploads\/2025\/01\/IMG_4840-768x576.jpg 768w, https:\/\/www.radiopiu.net\/wordpress\/wp-content\/uploads\/2025\/01\/IMG_4840-1536x1152.jpg 1536w, https:\/\/www.radiopiu.net\/wordpress\/wp-content\/uploads\/2025\/01\/IMG_4840-2048x1536.jpg 2048w\" sizes=\"auto, (max-width: 300px) 100vw, 300px\" \/><\/a>\n\t\t\t\t<\/dt><\/dl><dl class='gallery-item'>\n\t\t\t\t<dt class='gallery-icon landscape'>\n\t\t\t\t\t<a class=\"rollover rollover-zoom dt-pswp-item\" title=\"IMG_4847\" data-dt-img-description=\"\" data-large_image_width=\"2560\" data-large_image_height=\"1920\"href='https:\/\/www.radiopiu.net\/wordpress\/wp-content\/uploads\/2025\/01\/IMG_4847-scaled.jpg'><img loading=\"lazy\" decoding=\"async\" width=\"300\" height=\"225\" src=\"https:\/\/www.radiopiu.net\/wordpress\/wp-content\/uploads\/2025\/01\/IMG_4847-300x225.jpg\" class=\"attachment-medium size-medium\" alt=\"\" srcset=\"https:\/\/www.radiopiu.net\/wordpress\/wp-content\/uploads\/2025\/01\/IMG_4847-300x225.jpg 300w, https:\/\/www.radiopiu.net\/wordpress\/wp-content\/uploads\/2025\/01\/IMG_4847-1024x768.jpg 1024w, https:\/\/www.radiopiu.net\/wordpress\/wp-content\/uploads\/2025\/01\/IMG_4847-768x576.jpg 768w, https:\/\/www.radiopiu.net\/wordpress\/wp-content\/uploads\/2025\/01\/IMG_4847-1536x1152.jpg 1536w, https:\/\/www.radiopiu.net\/wordpress\/wp-content\/uploads\/2025\/01\/IMG_4847-2048x1536.jpg 2048w\" sizes=\"auto, (max-width: 300px) 100vw, 300px\" \/><\/a>\n\t\t\t\t<\/dt><\/dl><dl class='gallery-item'>\n\t\t\t\t<dt class='gallery-icon landscape'>\n\t\t\t\t\t<a class=\"rollover rollover-zoom dt-pswp-item\" title=\"IMG_8269\" data-dt-img-description=\"\" data-large_image_width=\"2560\" data-large_image_height=\"1920\"href='https:\/\/www.radiopiu.net\/wordpress\/wp-content\/uploads\/2025\/01\/IMG_8269-scaled.jpg'><img loading=\"lazy\" decoding=\"async\" width=\"300\" height=\"225\" src=\"https:\/\/www.radiopiu.net\/wordpress\/wp-content\/uploads\/2025\/01\/IMG_8269-300x225.jpg\" class=\"attachment-medium size-medium\" alt=\"\" srcset=\"https:\/\/www.radiopiu.net\/wordpress\/wp-content\/uploads\/2025\/01\/IMG_8269-300x225.jpg 300w, https:\/\/www.radiopiu.net\/wordpress\/wp-content\/uploads\/2025\/01\/IMG_8269-1024x768.jpg 1024w, https:\/\/www.radiopiu.net\/wordpress\/wp-content\/uploads\/2025\/01\/IMG_8269-768x576.jpg 768w, https:\/\/www.radiopiu.net\/wordpress\/wp-content\/uploads\/2025\/01\/IMG_8269-1536x1152.jpg 1536w, https:\/\/www.radiopiu.net\/wordpress\/wp-content\/uploads\/2025\/01\/IMG_8269-2048x1536.jpg 2048w\" sizes=\"auto, (max-width: 300px) 100vw, 300px\" \/><\/a>\n\t\t\t\t<\/dt><\/dl><br style=\"clear: both\" \/>\n\t\t\t<\/div>\n\n<p>&nbsp;<\/p>\n<p><strong>IL VIDEO<\/strong><\/p>\n<p><iframe loading=\"lazy\" title=\"ZAIA PISTA BOB CORTINA\" width=\"1200\" height=\"675\" src=\"https:\/\/www.youtube.com\/embed\/wZnaBOLqd7o?feature=oembed\" frameborder=\"0\" allow=\"accelerometer; autoplay; clipboard-write; encrypted-media; gyroscope; picture-in-picture; web-share\" referrerpolicy=\"strict-origin-when-cross-origin\" allowfullscreen><\/iframe><\/p>\n<p>&nbsp;<\/p>\n<hr \/>\n<p>&nbsp;<\/p>\n<blockquote>\n<h3>PER LORRAINE BERTON CORTINA E&#8217; PRONTA PER LE OLIMPIADI<\/h3>\n<\/blockquote>\n<p><strong><a class=\"dt-pswp-item\" href=\"https:\/\/www.radiopiu.net\/wordpress\/wp-content\/uploads\/2024\/08\/Lorraine_Berton-COPERTINA.jpg\" data-dt-img-description=\"\" data-large_image_width=\"767\" data-large_image_height=\"573\"><img loading=\"lazy\" decoding=\"async\" class=\" wp-image-405420 alignleft\" src=\"https:\/\/www.radiopiu.net\/wordpress\/wp-content\/uploads\/2024\/08\/Lorraine_Berton-COPERTINA-300x224.jpg\" alt=\"\" width=\"185\" height=\"138\" srcset=\"https:\/\/www.radiopiu.net\/wordpress\/wp-content\/uploads\/2024\/08\/Lorraine_Berton-COPERTINA-300x224.jpg 300w, https:\/\/www.radiopiu.net\/wordpress\/wp-content\/uploads\/2024\/08\/Lorraine_Berton-COPERTINA.jpg 767w\" sizes=\"auto, (max-width: 185px) 100vw, 185px\" \/><\/a>BELLUNO<\/strong> Lorraine Berton, presidente di Confindustria Belluno Dolomiti, ha commentato il successo della Coppa del Mondo di sci di Cortina sottolineando che il territorio \u00e8 pronto per affrontare le Olimpiadi del 2026 e costruire un futuro sostenibile. Ha invitato tutti, dalle Istituzioni alla societ\u00e0 civile, a lavorare insieme per cogliere le opportunit\u00e0 offerte dai Giochi e garantire una &#8220;legacy&#8221; duratura fatta di infrastrutture, servizi e innovazione. Berton ha sottolineato l\u2019importanza di coinvolgere le scuole per fermare la fuga dei giovani e creare nuove prospettive, integrando turismo, manifatturiero e servizi. Ha parlato della necessit\u00e0 di una mobilitazione strategica per affrontare le sfide e ha elogiato atlete come Sofia Goggia e Federica Brignone, simbolo di un\u2019Italia capace di superare ogni ostacolo.<\/p>\n<p>&nbsp;<\/p>\n<p>&nbsp;<\/p>\n<hr \/>\n<p>&nbsp;<\/p>\n<blockquote>\n<h3>OSCAR DE PELLEGRIN: LA PROVINCIA E&#8217; PRONTA PER LE OLIMPIADI<\/h3>\n<\/blockquote>\n<p><strong><a class=\"dt-pswp-item\" href=\"https:\/\/www.radiopiu.net\/wordpress\/wp-content\/uploads\/2024\/06\/SindacoBelluno_OscarDePellegrin.jpg\" data-dt-img-description=\"\" data-large_image_width=\"2000\" data-large_image_height=\"1333\"><img loading=\"lazy\" decoding=\"async\" class=\" wp-image-396758 alignleft\" src=\"https:\/\/www.radiopiu.net\/wordpress\/wp-content\/uploads\/2024\/06\/SindacoBelluno_OscarDePellegrin-300x200.jpg\" alt=\"\" width=\"167\" height=\"111\" \/><\/a>BELLUNO<\/strong> Il sindaco di Belluno, Oscar De Pellegrin, sottolinea l&#8217;importanza del territorio come punto di riferimento per eventi sportivi nazionali e internazionali, evidenziando il legame tra la Coppa del mondo di sci femminile a Cortina e le Olimpiadi Milano-Cortina 2026. Dopo anni di isolamento, il territorio sta acquisendo consapevolezza delle sue potenzialit\u00e0 e sta compiendo significativi progressi. Le opere in corso non solo preparano la provincia a ospitare pubblico e atleti, ma rappresentano un&#8217;eredit\u00e0 duratura, migliorando l&#8217;accessibilit\u00e0 e colmando il divario infrastrutturale. Questo processo di maturazione consolida il ruolo del territorio nel mondo dello sport, proiettandolo verso nuove sfide.<\/p>\n<p>&nbsp;<\/p>\n<p>&nbsp;<\/p>\n<hr \/>\n<p>&nbsp;<\/p>\n<blockquote>\n<h3>SECONDO IL MOVIMENTO GEL LA PROVINCIA NON E&#8217; PRONTA PER LE OLIMPIADI<\/h3>\n<\/blockquote>\n<p><strong><a class=\"dt-pswp-item\" href=\"https:\/\/www.radiopiu.net\/wordpress\/wp-content\/uploads\/2025\/01\/IMG-20250118-WA0045.jpg\" data-dt-img-description=\"\" data-large_image_width=\"1500\" data-large_image_height=\"1267\"><img loading=\"lazy\" decoding=\"async\" class=\" wp-image-430406 alignleft\" src=\"https:\/\/www.radiopiu.net\/wordpress\/wp-content\/uploads\/2025\/01\/IMG-20250118-WA0045-300x253.jpg\" alt=\"\" width=\"170\" height=\"143\" srcset=\"https:\/\/www.radiopiu.net\/wordpress\/wp-content\/uploads\/2025\/01\/IMG-20250118-WA0045-300x253.jpg 300w, https:\/\/www.radiopiu.net\/wordpress\/wp-content\/uploads\/2025\/01\/IMG-20250118-WA0045-1024x865.jpg 1024w, https:\/\/www.radiopiu.net\/wordpress\/wp-content\/uploads\/2025\/01\/IMG-20250118-WA0045-768x649.jpg 768w, https:\/\/www.radiopiu.net\/wordpress\/wp-content\/uploads\/2025\/01\/IMG-20250118-WA0045.jpg 1500w\" sizes=\"auto, (max-width: 170px) 100vw, 170px\" \/><\/a>BELLUNO<\/strong> A poco pi\u00f9 di un anno dalle Olimpiadi Invernali di Milano-Cortina 2026, Belluno \u00e8 inadeguata a gestire un evento di tale portata, secondo il movimento giovanile Generazione Europa LiberalDemocratici (GEL). Durante il primo congresso a Belluno, sono stati evidenziati gravi deficit infrastrutturali: trasporti pubblici insufficienti, treni lenti e collegamenti stradali carenti, come la chiusura intermittente dell\u2019A27 e i problemi della linea Belluno-Padova. DolomitiBus ha ridotto le corse penalizzando residenti e turisti, mentre l&#8217;assenza dell\u2019alta velocit\u00e0 aggrava la situazione. GEL denuncia la mancanza di interventi strutturali e chiede azioni rapide per migliorare la mobilit\u00e0 e il trasporto pubblico locale. Il congresso ha anche proposto iniziative per i giovani, come uno Skatepark a Belluno, simbolo di inclusione e aggregazione. Il movimento si definisce liberal-riformatore, impegnato a rappresentare il centro politico con soluzioni pragmatiche per uno sviluppo sostenibile e una politica innovativa, lontana dagli estremismi.<\/p>\n<p>&nbsp;<\/p>\n<p>&nbsp;<\/p>\n<hr \/>\n<p>&nbsp;<\/p>\n<blockquote>\n<h3>CAMBIO AI VERTICI DEL SOCCORSO ALPINO E SPELEOLOGICO VENETO: ZANDEGIACOMO ELETTO NUOVO PRESIDENTE<\/h3>\n<\/blockquote>\n<p><strong><a class=\"dt-pswp-item\" href=\"https:\/\/www.radiopiu.net\/wordpress\/wp-content\/uploads\/2025\/01\/SCR-20250118-nsvg.jpeg\" data-dt-img-description=\"\" data-large_image_width=\"1898\" data-large_image_height=\"1226\"><img loading=\"lazy\" decoding=\"async\" class=\" wp-image-430367 alignleft\" src=\"https:\/\/www.radiopiu.net\/wordpress\/wp-content\/uploads\/2025\/01\/SCR-20250118-nsvg-300x194.jpeg\" alt=\"\" width=\"182\" height=\"118\" srcset=\"https:\/\/www.radiopiu.net\/wordpress\/wp-content\/uploads\/2025\/01\/SCR-20250118-nsvg-300x194.jpeg 300w, https:\/\/www.radiopiu.net\/wordpress\/wp-content\/uploads\/2025\/01\/SCR-20250118-nsvg-1024x661.jpeg 1024w, https:\/\/www.radiopiu.net\/wordpress\/wp-content\/uploads\/2025\/01\/SCR-20250118-nsvg-768x496.jpeg 768w, https:\/\/www.radiopiu.net\/wordpress\/wp-content\/uploads\/2025\/01\/SCR-20250118-nsvg-1536x992.jpeg 1536w, https:\/\/www.radiopiu.net\/wordpress\/wp-content\/uploads\/2025\/01\/SCR-20250118-nsvg.jpeg 1898w\" sizes=\"auto, (max-width: 182px) 100vw, 182px\" \/><\/a>PEDAVENA<\/strong> Giuseppe Zandegiacomo \u00e8 il nuovo presidente del Soccorso Alpino e Speleologico Veneto per il triennio 2025-2027, affiancato dal vicepresidente Alberto Barbirato. Zandegiacomo, 62 anni, gi\u00e0 capo della Stazione di Auronzo di Cadore, subentra a Rodolfo Selenati dopo 13 anni di intensa attivit\u00e0. Durante l\u2019assemblea, Zandegiacomo ha ringraziato i colleghi per la fiducia e ha sottolineato l\u2019importanza di collaborazione e rispetto. Barbirato, 45 anni, ex delegato della XI Zona Prealpi Venete, prende il posto di Giovanni Busato. Durante l\u2019evento, Giacomo Cesca e Palmiro Burigo, storici volontari del Soccorso Alpino di Longarone, sono stati insigniti del titolo di &#8220;soccorritore benemerito&#8221; in segno di riconoscimento per il loro straordinario contributo.<\/p>\n<p>&nbsp;<\/p>\n<p>&nbsp;<\/p>\n<hr \/>\n<p>&nbsp;<\/p>\n<blockquote>\n<h3>ULTIMATA A LA CAL LA PRIMA PIAZZOLA INTERRATA DI LIMANA<\/h3>\n<\/blockquote>\n<p><strong><a class=\"dt-pswp-item\" href=\"https:\/\/www.radiopiu.net\/wordpress\/wp-content\/uploads\/2025\/01\/SCR-20250119-mtoe.jpeg\" data-dt-img-description=\"\" data-large_image_width=\"2522\" data-large_image_height=\"1654\"><img loading=\"lazy\" decoding=\"async\" class=\" wp-image-430430 alignleft\" src=\"https:\/\/www.radiopiu.net\/wordpress\/wp-content\/uploads\/2025\/01\/SCR-20250119-mtoe-300x197.jpeg\" alt=\"\" width=\"190\" height=\"125\" srcset=\"https:\/\/www.radiopiu.net\/wordpress\/wp-content\/uploads\/2025\/01\/SCR-20250119-mtoe-300x197.jpeg 300w, https:\/\/www.radiopiu.net\/wordpress\/wp-content\/uploads\/2025\/01\/SCR-20250119-mtoe-1024x672.jpeg 1024w, https:\/\/www.radiopiu.net\/wordpress\/wp-content\/uploads\/2025\/01\/SCR-20250119-mtoe-768x504.jpeg 768w, https:\/\/www.radiopiu.net\/wordpress\/wp-content\/uploads\/2025\/01\/SCR-20250119-mtoe-1536x1007.jpeg 1536w, https:\/\/www.radiopiu.net\/wordpress\/wp-content\/uploads\/2025\/01\/SCR-20250119-mtoe-2048x1343.jpeg 2048w\" sizes=\"auto, (max-width: 190px) 100vw, 190px\" \/><\/a>LIMANA<\/strong> Il Gruppo Consiliare Oltre Limana esprime soddisfazione per l\u2019interramento dell\u2019isola ecologica di La Cal, realizzato grazie alla collaborazione tra Bellunum, progettisti e maestranze. Alex Segat, ex assessore all\u2019ecologia, sottolinea che La Cal e Valmorel erano state individuate come prioritarie per eliminare le campane a vista, riducendo impatto estetico e costi di gestione. L\u2019intervento, programmato durante la precedente amministrazione, prevede l\u2019uso di nuovi contenitori pi\u00f9 capienti e meno ingombranti, con risparmi economici nel tempo. L\u2019investimento di 115.000\u20ac \u00e8 stato possibile grazie a una gestione oculata delle risorse TARIP. Milena De Zanet, ex sindaco, auspica che l\u2019attuale amministrazione prosegua con la graduale sostituzione delle altre piazzole, seguendo l\u2019esempio di Bellunum, azienda innovativa nel settore.<\/p>\n<p>&nbsp;<\/p>\n<p>&nbsp;<\/p>\n<hr \/>\n<p>&nbsp;<\/p>\n<blockquote>\n<h3><a class=\"dt-pswp-item\" href=\"https:\/\/www.radiopiu.net\/wordpress\/wp-content\/uploads\/2025\/01\/alcuni-ragazzi-terza-media-Mel.jpg\" data-dt-img-description=\"\" data-large_image_width=\"1778\" data-large_image_height=\"2026\"><img loading=\"lazy\" decoding=\"async\" class=\" wp-image-430370 alignleft\" src=\"https:\/\/www.radiopiu.net\/wordpress\/wp-content\/uploads\/2025\/01\/alcuni-ragazzi-terza-media-Mel-263x300.jpg\" alt=\"\" width=\"161\" height=\"184\" srcset=\"https:\/\/www.radiopiu.net\/wordpress\/wp-content\/uploads\/2025\/01\/alcuni-ragazzi-terza-media-Mel-263x300.jpg 263w, https:\/\/www.radiopiu.net\/wordpress\/wp-content\/uploads\/2025\/01\/alcuni-ragazzi-terza-media-Mel-899x1024.jpg 899w, https:\/\/www.radiopiu.net\/wordpress\/wp-content\/uploads\/2025\/01\/alcuni-ragazzi-terza-media-Mel-768x875.jpg 768w, https:\/\/www.radiopiu.net\/wordpress\/wp-content\/uploads\/2025\/01\/alcuni-ragazzi-terza-media-Mel-1348x1536.jpg 1348w, https:\/\/www.radiopiu.net\/wordpress\/wp-content\/uploads\/2025\/01\/alcuni-ragazzi-terza-media-Mel.jpg 1778w\" sizes=\"auto, (max-width: 161px) 100vw, 161px\" \/><\/a>LA MEMORIA RITROVATA<\/h3>\n<\/blockquote>\n<p><strong>BORGO VALBELLUNA<\/strong> Il 27 gennaio segna l\u2019ottantesimo anniversario della liberazione di Auschwitz da parte dell\u2019Armata Rossa, un evento che ha rivelato l\u2019orrore della Shoah, definito da Hannah Arendt come il &#8220;male assoluto&#8221;. Lo Stato Italiano, tra i primi a istituire la Giornata della Memoria con la Legge 211\/2000, promuove iniziative per mantenere vivo il ricordo, come viaggi e incontri formativi. A Mel, grazie alla collaborazione tra ANPI e il Comune, gli studenti dell\u2019Istituto Comprensivo hanno partecipato a un incontro con la storica Adriana Lotto, che ha approfondito la Shoah con focus sul territorio bellunese e la condizione femminile nei campi. I ragazzi si sono dimostrati sensibili e curiosi, confermando l\u2019importanza di trasmettere la memoria alle nuove generazioni per costruire un futuro migliore.<\/p>\n<p>&nbsp;<\/p>\n<p>&nbsp;<\/p>\n<hr \/>\n<p>&nbsp;<\/p>\n<p>&nbsp;<\/p>\n<blockquote>\n<h2>Non Siete Soli: Conoscere il Parkinson per viverlo meglio<\/h2>\n<\/blockquote>\n<p><a href=\"https:\/\/www.radiopiu.net\/wordpress\/wp-content\/uploads\/2025\/01\/a904d925-4660-4d45-a2d8-0b57922bd65e.webp\"><img loading=\"lazy\" decoding=\"async\" class=\" wp-image-430495 alignleft\" src=\"https:\/\/www.radiopiu.net\/wordpress\/wp-content\/uploads\/2025\/01\/a904d925-4660-4d45-a2d8-0b57922bd65e-300x300.webp\" alt=\"\" width=\"165\" height=\"165\" srcset=\"https:\/\/www.radiopiu.net\/wordpress\/wp-content\/uploads\/2025\/01\/a904d925-4660-4d45-a2d8-0b57922bd65e-300x300.webp 300w, https:\/\/www.radiopiu.net\/wordpress\/wp-content\/uploads\/2025\/01\/a904d925-4660-4d45-a2d8-0b57922bd65e-150x150.webp 150w, https:\/\/www.radiopiu.net\/wordpress\/wp-content\/uploads\/2025\/01\/a904d925-4660-4d45-a2d8-0b57922bd65e-768x768.webp 768w, https:\/\/www.radiopiu.net\/wordpress\/wp-content\/uploads\/2025\/01\/a904d925-4660-4d45-a2d8-0b57922bd65e.webp 1024w\" sizes=\"auto, (max-width: 165px) 100vw, 165px\" \/><\/a>L\u2019Associazione Parkinson Alto Bellunese, in collaborazione con l\u2019Associazione Bellunesi Parkinson (A.B.P.) e con il patrocinio del Comune di Ponte nelle Alpi, organizza un incontro dedicato alla consapevolezza sul Parkinson. L\u2019evento si terr\u00e0 sabato 25 gennaio 2025, alle ore 16.00, presso la Sala &#8220;David Sassoli&#8221; (ex Casa Rossa &#8211; Via Roma).<\/p>\n<p>L\u2019incontro vedr\u00e0 l\u2019intervento del Prof. Angelo Antonini, neurologo e responsabile dell\u2019Unit\u00e0 Parkinson dell\u2019Universit\u00e0 di Padova, che illustrer\u00e0 gli aspetti della malattia e le strategie per affrontarla. Sar\u00e0 presentato il Progetto &#8220;Rete Bellunese&#8221;, che propone incontri formativi, supporto psicologico e programmi di esercizio fisico per i pazienti.<\/p>\n<p>L\u2019Associazione invita la cittadinanza a partecipare: conoscere il Parkinson significa affrontarlo con maggiore consapevolezza e serenit\u00e0.<\/p>\n<p>&nbsp;<\/p>\n<p>&nbsp;<\/p>\n<p>&nbsp;<\/p>\n<hr \/>\n<p>&nbsp;<\/p>\n<blockquote>\n<h3>VENETO: A RISCHIO 1.500 OCCUPATI, MA NEL CONTEMPO 20MILA POSTI FISSI RIMANGONO INEVASI<\/h3>\n<\/blockquote>\n<p><a class=\"dt-pswp-item\" href=\"https:\/\/www.radiopiu.net\/wordpress\/wp-content\/uploads\/2025\/01\/20250118115830.png\" data-dt-img-description=\"\" data-large_image_width=\"645\" data-large_image_height=\"724\"><img loading=\"lazy\" decoding=\"async\" class=\"size-medium wp-image-430333 alignleft\" src=\"https:\/\/www.radiopiu.net\/wordpress\/wp-content\/uploads\/2025\/01\/20250118115830-267x300.png\" alt=\"\" width=\"267\" height=\"300\" srcset=\"https:\/\/www.radiopiu.net\/wordpress\/wp-content\/uploads\/2025\/01\/20250118115830-267x300.png 267w, https:\/\/www.radiopiu.net\/wordpress\/wp-content\/uploads\/2025\/01\/20250118115830.png 645w\" sizes=\"auto, (max-width: 267px) 100vw, 267px\" \/><\/a>Si tratta di uno dei \u201cparadossi\u201d del nostro mercato del lavoro. Nonostante le crisi aziendali che affliggono il Veneto stiano mettendo a rischio almeno 1.500 posti di lavoro, entro i prossimi tre mesi le imprese venete hanno dichiarato all\u2019Unioncamere\/Ministero del Lavoro l&#8217;intenzione di assumere poco pi\u00f9 di 131.000 lavoratori, di cui 36.000 circa a tempo indeterminato. Tuttavia, nel 55 per cento dei casi, sussiste il rischio di non poter procedere alle assunzioni a causa della carenza di candidati o dell&#8217;impreparazione delle persone che si presentano ai colloqui. Pertanto, a fronte di 1.500 lavoratori che potrebbero perdere il posto, nei primi tre mesi di quest\u2019anno le nostre imprese non sarebbero nelle condizioni di coprire, nemmeno offrendo un posto fisso, almeno 20.000 posizioni lavorative. A segnalarlo \u00e8 l\u2019Ufficio studi della CGIA.<\/p>\n<p><strong>Entro 2028 oltre 270mila veneti andranno in pensione. Sostituirli sar\u00e0 un problema<\/strong><br \/>\nAuspicando che le crisi industriali scoppiate in questi ultimi mesi si concludano con soluzioni che garantiscano la continuit\u00e0 aziendale e la salvaguardia dei posti di lavoro interessati, il declino demografico e il conseguente invecchiamento della popolazione in atto anche in Veneto provocheranno nei prossimi anni altrettante criticit\u00e0, anche al sistema economico e produttivo del Paese. Squilibri che nessuno, in tempi ragionevolmente brevi, sembra avere gli strumenti appropriati per affrontare con successo. A tal proposito \u00e8 utile ricordare che, alla luce delle informazioni riportate nel report \u201cPrevisioni dei fabbisogni occupazionali e professionali in Italia nel medio termine (2024-2028)\u201d, il fabbisogno occupazionale delle imprese pubbliche e private presenti in Veneto in questo quinquennio dovrebbe attestarsi attorno ai 325.600 unit\u00e0. Di questi, l\u201983 per cento circa, pari in valore assoluto a quasi 270.250 addetti, dovrebbe sostituire chi \u00e8 destinato a uscire dal mercato del lavoro per raggiunti limiti di et\u00e0. Pertanto, considerando le difficolt\u00e0 nel reperimento di personale e il numero esiguo di giovani alla ricerca della prima occupazione, nel prossimo decennio la vera sfida non consister\u00e0 tanto nella reintegrazione di coloro che hanno perso il lavoro a causa di crisi aziendali, quanto piuttosto nella copertura dei posti vacanti.<\/p>\n<p><strong><a class=\"dt-pswp-item\" href=\"https:\/\/www.radiopiu.net\/wordpress\/wp-content\/uploads\/2025\/01\/20250118115846.png\" data-dt-img-description=\"\" data-large_image_width=\"626\" data-large_image_height=\"370\"><img loading=\"lazy\" decoding=\"async\" class=\"size-medium wp-image-430335 alignleft\" src=\"https:\/\/www.radiopiu.net\/wordpress\/wp-content\/uploads\/2025\/01\/20250118115846-300x177.png\" alt=\"\" width=\"300\" height=\"177\" srcset=\"https:\/\/www.radiopiu.net\/wordpress\/wp-content\/uploads\/2025\/01\/20250118115846-300x177.png 300w, https:\/\/www.radiopiu.net\/wordpress\/wp-content\/uploads\/2025\/01\/20250118115846.png 626w\" sizes=\"auto, (max-width: 300px) 100vw, 300px\" \/><\/a>Un imprenditore veneto su due non trova personale<\/strong><br \/>\nA livello nazionale un imprenditore su due non riesce a trovare addetti preparati per la propria azienda. In Veneto l\u2019incidenza \u00e8 addirittura al 55,1 per cento. Le differenze a livello regionale sono molto importanti. L\u2019Umbria \u00e8 la realt\u00e0 territoriale maggiormente in crisi; sempre secondo l\u2019indagine Unioncamere\/Ministero del Lavoro presentata nei giorni scorsi, il 55,7 per cento degli intervistati ha denunciato la difficolt\u00e0 di reperimento. Seguono le Marche con il 55,6, il Friuli Venezia Giulia e, come dicevamo pi\u00f9 sopra, il Veneto con il 55,1. Infine, degli 1,37 milioni di nuovi assunti previsti in Italia, oltre 414.300 dovrebbero interessare il Nordovest. Seguono il Sud con 362.400, il Nordest con 315.350 e il Centro con 281.100. Il Nordest dovrebbe essere la ripartizione geografica dove la difficolt\u00e0 di reperimento del personale \u00e8 pi\u00f9 elevata e pari al 54,3 per cento. Seguono il Centro con il 49,1 per cento, il Nordovest con il 48,8 e il Mezzogiorno con il 46,1 (vedi Tab. 1).<\/p>\n<p><strong>Quest\u2019anno solo al Sud le assunzioni sono previste in aumento<\/strong><br \/>\nAd eccezione di Benevento e Chieti, in tutte le province del Mezzogiorno nel primo trimestre di quest\u2019anno \u00e8 previsto un aumento delle assunzioni rispetto al dato riferito allo stesso periodo del 2024. Nel resto d\u2019Italia, invece, le variazioni saranno anticipate dal segno meno. La situazione pi\u00f9 virtuosa \u00e8 attesa a Siracusa con il +29,8 per cento<\/p>\n<p><a class=\"dt-pswp-item\" href=\"https:\/\/www.radiopiu.net\/wordpress\/wp-content\/uploads\/2025\/01\/20250118115858.png\" data-dt-img-description=\"\" data-large_image_width=\"503\" data-large_image_height=\"299\"><img loading=\"lazy\" decoding=\"async\" class=\"size-medium wp-image-430334 alignleft\" src=\"https:\/\/www.radiopiu.net\/wordpress\/wp-content\/uploads\/2025\/01\/20250118115858-300x178.png\" alt=\"\" width=\"300\" height=\"178\" srcset=\"https:\/\/www.radiopiu.net\/wordpress\/wp-content\/uploads\/2025\/01\/20250118115858-300x178.png 300w, https:\/\/www.radiopiu.net\/wordpress\/wp-content\/uploads\/2025\/01\/20250118115858.png 503w\" sizes=\"auto, (max-width: 300px) 100vw, 300px\" \/><\/a>(+1.770 entrate). Seguono Foggia con il +25,9 per cento (+2.070), Matera con il +23,6 per cento (+670), Vibo Valentia con il + 20,1 per cento (+350) e Messina con il + 19,1 per cento (+1.700). Nonostante il depotenziamento previsto per il 2025, la decontribuzione relativa alle assunzioni nella Zona Economica Speciale (ZES) unica per il Mezzogiorno e l&#8217;attuazione del Piano Nazionale di Ripresa e Resilienza (PNRR) rappresentano i due elementi fondamentali in grado di &#8220;giustificare&#8221; l&#8217;eccellente performance occupazionale attesa nel Mezzogiorno.<\/p>\n<p><strong>Previste 131.000 assunzioni<\/strong><br \/>\nNel primo trimestre di quest\u2019anno le imprese venete hanno l\u2019intenzione di assumere oltre 131.000 lavoratori; un importo, quest\u2019ultimo, in calo di 5.140 unit\u00e0 rispetto a quanto denunciato nello stesso periodo del 2024. Dopo il Piemonte (-7,2 per cento), la Lombardia (-6,5) e il Friuli Venezia Giulia (-4,2), siamo la regione con la contrazione pi\u00f9 significativa. A livello provinciale \u00e8 Verona con 29.980 assunzioni previste (-0,7 per cento rispetto 2024) a guidare la graduatoria regionale. Seguono Venezia con 26.800 (-1,6 per cento) e Padova con 23.800 (+0,1 per cento) (vedi Tab. 2).<\/p>\n<p><strong>Nel frattempo la CIG \u00e8 in forte aumento<\/strong><br \/>\nSebbene il Veneto possa contare su dati occupazionali molto buoni, il rallentamento economico registrato negli ultimi 6 mesi ha interessato anche la nostra regione. Gli ultimi dati resi disponibili dall\u2019Inps segnalano che, tra gennaio e settembre 2024 rispetto allo stesso periodo del 2023, le ore di CIG totale autorizzate in Veneto sono aumentate del 50,1 per cento (+17,4 milioni). A livello provinciale la situazione pi\u00f9 critica si \u00e8 verificata a Vicenza (+65,9 per cento). Seguono Padova (+63,2 per cento) e Venezia (+54,9 per cento) (vedi Tab. 3).<\/p>\n<p>&nbsp;<\/p>\n<hr \/>\n<p>&nbsp;<\/p>\n<blockquote>\n<h2 style=\"text-align: left;\">IL &#8220;BAIT DELA BUTOLA&#8221; SULLA MULATTIERA DEL MONTE CELO<\/h2>\n<\/blockquote>\n<p>&nbsp;<\/p>\n<p><strong>DI TIZIANO DE COL<\/strong><\/p>\n<p>Partendo da Forcella Pongol oppure da Forcella Folega ed avviandosi verso Pradus\u00e8l &#8211; Ruit, dopo aver attraversato il Valon dela Cavalera in leggera salita ci si porta sul C\u00f2l dela Sana sito tra i valloni della Cavalera e della Sana.<br \/>\nProprio sul clinale si passa una piccola forcella e una cinquantina di metri pi\u00f9 avanti, a quota 1790 circa , appena di lato alla mulattiera, verso valle, si distinguono bene due ruderi di b\u00e0it ed un terzo pi\u00f9 confuso (foto n\u00b01).Uno di questi (foto n\u00b02) \u00e8 chiamato b\u00e0it dela B\u00f9tola ed ha i muri a secco distinguibili ed alti circa 1 metro, appena pi\u00f9 a valle, poco distante dalla mulattiera giace il tetto intero del b\u00e0it con attaccato il pezzo in legno che sopraelevava il muro a sassi fino al tetto (foto n\u00b03), tutta questa parte in legno \u00e8 stata molti anni fa completamente sollevata, probabilmente dal vento e spostata 30 metri circa pi\u00f9 in basso nel bosco. Osservando i resti si vede bene che il tetto era fatto da tavole di legno con altre sovrapposte in s\u2019ciepena cio\u00e8 a copertura della fessura.<\/p>\n\n\t\t\t<style type='text\/css'>\n\t\t\t\t#gallery-3 {\n\t\t\t\t\tmargin: auto;\n\t\t\t\t}\n\t\t\t\t#gallery-3 .gallery-item {\n\t\t\t\t\tfloat: left;\n\t\t\t\t\tmargin-top: 10px;\n\t\t\t\t\ttext-align: center;\n\t\t\t\t\twidth: 33%;\n\t\t\t\t}\n\t\t\t\t#gallery-3 img {\n\t\t\t\t\tborder: 2px solid #cfcfcf;\n\t\t\t\t}\n\t\t\t\t#gallery-3 .gallery-caption {\n\t\t\t\t\tmargin-left: 0;\n\t\t\t\t}\n\t\t\t\t\/* see gallery_shortcode() in wp-includes\/media.php *\/\n\t\t\t<\/style>\n\t\t<div id='gallery-3' class='dt-gallery-container gallery galleryid-430317 gallery-columns-3 gallery-size-thumbnail'><dl class='gallery-item'>\n\t\t\t\t<dt class='gallery-icon landscape'>\n\t\t\t\t\t<a class=\"rollover rollover-zoom dt-pswp-item\" title=\"eb34c787-01be-4c50-a79d-77ef0f2572ff\" data-dt-img-description=\"\" data-large_image_width=\"1600\" data-large_image_height=\"1066\"href='https:\/\/www.radiopiu.net\/wordpress\/wp-content\/uploads\/2025\/01\/eb34c787-01be-4c50-a79d-77ef0f2572ff.jpg'><img loading=\"lazy\" decoding=\"async\" width=\"150\" height=\"150\" src=\"https:\/\/www.radiopiu.net\/wordpress\/wp-content\/uploads\/2025\/01\/eb34c787-01be-4c50-a79d-77ef0f2572ff-150x150.jpg\" class=\"attachment-thumbnail size-thumbnail\" alt=\"\" aria-describedby=\"gallery-3-430453\" \/><\/a>\n\t\t\t\t<\/dt>\n\t\t\t\t\t<dd class='wp-caption-text gallery-caption' id='gallery-3-430453'>\n\t\t\t\t\tFOTO 1\n\t\t\t\t\t<\/dd><\/dl><dl class='gallery-item'>\n\t\t\t\t<dt class='gallery-icon landscape'>\n\t\t\t\t\t<a class=\"rollover rollover-zoom dt-pswp-item\" title=\"b4e37d94-53b1-469c-ae3f-6b0c74241c44\" data-dt-img-description=\"\" data-large_image_width=\"1600\" data-large_image_height=\"1066\"href='https:\/\/www.radiopiu.net\/wordpress\/wp-content\/uploads\/2025\/01\/b4e37d94-53b1-469c-ae3f-6b0c74241c44.jpg'><img loading=\"lazy\" decoding=\"async\" width=\"150\" height=\"150\" src=\"https:\/\/www.radiopiu.net\/wordpress\/wp-content\/uploads\/2025\/01\/b4e37d94-53b1-469c-ae3f-6b0c74241c44-150x150.jpg\" class=\"attachment-thumbnail size-thumbnail\" alt=\"\" aria-describedby=\"gallery-3-430452\" \/><\/a>\n\t\t\t\t<\/dt>\n\t\t\t\t\t<dd class='wp-caption-text gallery-caption' id='gallery-3-430452'>\n\t\t\t\t\tFOTO 2\n\t\t\t\t\t<\/dd><\/dl><dl class='gallery-item'>\n\t\t\t\t<dt class='gallery-icon portrait'>\n\t\t\t\t\t<a class=\"rollover rollover-zoom dt-pswp-item\" title=\"fe6421f3-8434-4457-9795-e0502a4c1a71\" data-dt-img-description=\"\" data-large_image_width=\"1066\" data-large_image_height=\"1600\"href='https:\/\/www.radiopiu.net\/wordpress\/wp-content\/uploads\/2025\/01\/fe6421f3-8434-4457-9795-e0502a4c1a71.jpg'><img loading=\"lazy\" decoding=\"async\" width=\"150\" height=\"150\" src=\"https:\/\/www.radiopiu.net\/wordpress\/wp-content\/uploads\/2025\/01\/fe6421f3-8434-4457-9795-e0502a4c1a71-150x150.jpg\" class=\"attachment-thumbnail size-thumbnail\" alt=\"\" aria-describedby=\"gallery-3-430451\" \/><\/a>\n\t\t\t\t<\/dt>\n\t\t\t\t\t<dd class='wp-caption-text gallery-caption' id='gallery-3-430451'>\n\t\t\t\t\tFOTO 3\n\t\t\t\t\t<\/dd><\/dl><br style=\"clear: both\" \/>\n\t\t\t<\/div>\n\n<p>La B\u00f9tola era una signora , probabilmente di Conaggia, della famiglia dei B\u00f9toi che insieme al marito, durante la seconda guerra mondiale stavano a pascolare pecore e capre in quel magro pascolo dato dalla zona. Il b\u00e0it, quando era abitato dalla B\u00f9tola era una misera costruzione di sassi a secco con copertura di rami di faggio come una capanna. Sempre durante la guerra prese forma l\u00ec vicino un altro b\u00e0it ( il primo rudere evidente che si incontra , in posizione centrale sulla foto n\u00b0 1) , chiamato b\u00e0it del Nane Figo dal nome del pastore che lo abitava durante la guerra, anche questo b\u00e0it era costruito in pietrame a secco con copertura di frasche. Nel 1947, subito dopo la fine della guerra la situazione cambi\u00f2 perch\u00e9 il Comune di La Valle decise di costruire in vero e proprio b\u00e0it per gli operai che tagliavano mughe e per i pastori di pecore. In quell\u2019 anno erano pastori Michele De Col (Nini Forl\u00ec) e De Zaiacomo Mario (Mario Rancio) i quali erano alle dipendenze del Comune con un gregge di 270 pecore appartenenti ai privati paesani di La Valle. Il Comune in quegli anni assumeva l\u2019 onere della gestione del pascolo estivo delle pecore. In quel mentre erano presenti sul luogo anche i boscaioli che tagliavano mughe ed erano: Arcangelo De Zaiacomo (Rancio), Aldo De Zorzi (Roa), Battista Crose (Tita Bas), Antonio De Col (Toni Forl\u00ec), Giacomo De Col ( Forl\u00ec), e Dell\u2019 Osbel Domenico. Per far posto a dormire a tutti nel minuscolo b\u00e0it era stato realizzato un soppalco interno in tavolato per far dormire alcune persone, mentre gli altri dormivano per terra.<br \/>\nVisto la ritrovata frequentazione della mulattiera militare, grazie anche al sentiero tematico del Parco Nazionale Dolomiti Bellunesi denominato \u201cLa Montagna Dimenticata\u201d con la pubblicazione curata da Tiziano De Col e Maurizio Olivotto ed alla continua opera di manutenzione sentieristica del Gruppo Ambiente di La Valle Agordina, i ruderi del b\u00e0it dela Butola diventano un\u2019 interessante prospettiva per il recupero del sito realizzando magari una copertura come quella originaria con una sopraelevazione in legno dai muri fino al tetto , tutto questo per creare un riparo ad escursionisti e cacciatori visto che la zona offre scarse possibilit\u00e0 di rifugio in caso di intemperie. Un particolare ringraziamento al compianto De Zaiacomo Mario (Rancio) per tutte le notizie fornite.<\/p>\n\n\t\t\t<style type='text\/css'>\n\t\t\t\t#gallery-4 {\n\t\t\t\t\tmargin: auto;\n\t\t\t\t}\n\t\t\t\t#gallery-4 .gallery-item {\n\t\t\t\t\tfloat: left;\n\t\t\t\t\tmargin-top: 10px;\n\t\t\t\t\ttext-align: center;\n\t\t\t\t\twidth: 50%;\n\t\t\t\t}\n\t\t\t\t#gallery-4 img {\n\t\t\t\t\tborder: 2px solid #cfcfcf;\n\t\t\t\t}\n\t\t\t\t#gallery-4 .gallery-caption {\n\t\t\t\t\tmargin-left: 0;\n\t\t\t\t}\n\t\t\t\t\/* see gallery_shortcode() in wp-includes\/media.php *\/\n\t\t\t<\/style>\n\t\t<div id='gallery-4' class='dt-gallery-container gallery galleryid-430317 gallery-columns-2 gallery-size-thumbnail'><dl class='gallery-item'>\n\t\t\t\t<dt class='gallery-icon landscape'>\n\t\t\t\t\t<a class=\"rollover rollover-zoom dt-pswp-item\" title=\"663e74fa-b741-4494-a1ff-f4a82762b00b\" data-dt-img-description=\"\" data-large_image_width=\"1600\" data-large_image_height=\"1200\"href='https:\/\/www.radiopiu.net\/wordpress\/wp-content\/uploads\/2025\/01\/663e74fa-b741-4494-a1ff-f4a82762b00b.jpg'><img loading=\"lazy\" decoding=\"async\" width=\"150\" height=\"150\" src=\"https:\/\/www.radiopiu.net\/wordpress\/wp-content\/uploads\/2025\/01\/663e74fa-b741-4494-a1ff-f4a82762b00b-150x150.jpg\" class=\"attachment-thumbnail size-thumbnail\" alt=\"\" aria-describedby=\"gallery-4-430454\" \/><\/a>\n\t\t\t\t<\/dt>\n\t\t\t\t\t<dd class='wp-caption-text gallery-caption' id='gallery-4-430454'>\n\t\t\t\t\tMonte Celo_Posizione dei ruderi del Bait della Butola sulla mulattire militare delle Grande Guerra, nel Valin della Sana, appena a fianco del Col della Sana\n\t\t\t\t\t<\/dd><\/dl><dl class='gallery-item'>\n\t\t\t\t<dt class='gallery-icon portrait'>\n\t\t\t\t\t<a class=\"rollover rollover-zoom dt-pswp-item\" title=\"5f7cbd9b-6607-4473-a65b-acd3995f8b1e\" data-dt-img-description=\"\" data-large_image_width=\"1500\" data-large_image_height=\"2000\"href='https:\/\/www.radiopiu.net\/wordpress\/wp-content\/uploads\/2025\/01\/5f7cbd9b-6607-4473-a65b-acd3995f8b1e.jpg'><img loading=\"lazy\" decoding=\"async\" width=\"150\" height=\"150\" src=\"https:\/\/www.radiopiu.net\/wordpress\/wp-content\/uploads\/2025\/01\/5f7cbd9b-6607-4473-a65b-acd3995f8b1e-150x150.jpg\" class=\"attachment-thumbnail size-thumbnail\" alt=\"\" \/><\/a>\n\t\t\t\t<\/dt><\/dl><br style=\"clear: both\" \/>\n\t\t\t<\/div>\n\n<p>&nbsp;<\/p>\n<p>&nbsp;<\/p>\n<p>&nbsp;<\/p>\n<p>&nbsp;<\/p>\n<hr \/>\n<p>&nbsp;<\/p>\n<blockquote>\n<div class=\"mceTemp\">\n<p><a class=\"dt-pswp-item\" href=\"https:\/\/www.radiopiu.net\/wordpress\/wp-content\/uploads\/2024\/07\/Musal-e-piazza-Luciani.jpg\" data-dt-img-description=\"MUSAL E CHIESA DI CANALE D'AGORDO\" data-large_image_width=\"2560\" data-large_image_height=\"1920\"><img loading=\"lazy\" decoding=\"async\" class=\"wp-image-399384 alignleft\" src=\"https:\/\/www.radiopiu.net\/wordpress\/wp-content\/uploads\/2024\/07\/Musal-e-piazza-Luciani-300x225.jpg\" alt=\"\" width=\"143\" height=\"107\" srcset=\"https:\/\/www.radiopiu.net\/wordpress\/wp-content\/uploads\/2024\/07\/Musal-e-piazza-Luciani-300x225.jpg 300w, https:\/\/www.radiopiu.net\/wordpress\/wp-content\/uploads\/2024\/07\/Musal-e-piazza-Luciani-1024x768.jpg 1024w, https:\/\/www.radiopiu.net\/wordpress\/wp-content\/uploads\/2024\/07\/Musal-e-piazza-Luciani-768x576.jpg 768w, https:\/\/www.radiopiu.net\/wordpress\/wp-content\/uploads\/2024\/07\/Musal-e-piazza-Luciani-1536x1152.jpg 1536w, https:\/\/www.radiopiu.net\/wordpress\/wp-content\/uploads\/2024\/07\/Musal-e-piazza-Luciani-2048x1536.jpg 2048w\" sizes=\"auto, (max-width: 143px) 100vw, 143px\" \/><\/a><\/p>\n<p><strong>IL SINDACO E GLI AMMINISTRATORI INCONTRANO I CITTADINI<\/strong><\/p>\n<\/div>\n<\/blockquote>\n<p><strong>CANALE D&#8217;AGORDO <\/strong>\u201cGiovedi 23 gennaio, alle 20, in sala degli emigranti di Via Lotta a Canale d&#8217;Agordo, il sindaco con gli amministratori incontra i cittadini . Un\u2019occasione per aggiornarsi sulle attivit\u00e0 amministrative e far sentire la propria voce. In diretta sui tutti i canali social di Radio Pi\u00f9\u201d<\/p>\n<p>&nbsp;<\/p>\n<p>&nbsp;<\/p>\n<hr \/>\n<p>&nbsp;<\/p>\n<div class=\"flex max-w-full flex-col flex-grow\">\n<div class=\"min-h-8 text-message flex w-full flex-col items-end gap-2 whitespace-normal break-words text-start [.text-message+&amp;]:mt-5\" dir=\"auto\" data-message-author-role=\"assistant\" data-message-id=\"57eadb5e-7bd8-4f92-8b1d-8b8b02a71259\" data-message-model-slug=\"gpt-4o\">\n<div class=\"flex w-full flex-col gap-1 empty:hidden first:pt-[3px]\">\n<div class=\"markdown prose w-full break-words dark:prose-invert dark\">\n<blockquote><p><strong>Concorso Guardia di Finanza: 12 posti per Tenenti nel ruolo tecnico-logistico-amministrativo<\/strong><\/p><\/blockquote>\n<\/div>\n<\/div>\n<\/div>\n<\/div>\n<div class=\"mb-2 flex gap-3 empty:hidden -ml-2\">\n<div class=\"items-center justify-start rounded-xl p-1 flex\">\n<div class=\"flex items-center\">\n<p class=\"flex items-center pb-0\">Pubblicato il bando di concorso per 12 tenenti nel &#8220;ruolo tecnico-logistico-amministrativo&#8221; della Guardia di Finanza. Ripartiti tra amministrazione, telematica, infrastrutture e sanit\u00e0, il concorso \u00e8 aperto a laureati under 32. Domande online entro il 22 gennaio 2025 su <strong><a href=\"https:\/\/concorsi.gdf.gov.it\" target=\"_new\" rel=\"noopener\">https:\/\/concorsi.gdf.gov.it<\/a><\/strong>, con SPID o CIE<\/p>\n<p>&nbsp;<\/p>\n<hr \/>\n<p>&nbsp;<\/p>\n<blockquote>\n<h3>Chiusura uffici Polizia locale<\/h3>\n<\/blockquote>\n<p><strong>BELLUNO<\/strong> Nella giornata di mercoled\u00ec 22 gennaio, gli uffici della Polizia locale saranno chiusi al<br \/>\npubblico, per permettere al personale di frequentare un corso di formazione. L\u2019attivit\u00e0 riprender\u00e0 regolarmente da gioved\u00ec 23.<\/p>\n<p>&nbsp;<\/p>\n<\/div>\n<\/div>\n<\/div>\n<p>&nbsp;<\/p>\n<hr \/>\n<p>&nbsp;<\/p>\n<p><strong><a class=\"dt-pswp-item\" href=\"https:\/\/www.radiopiu.net\/wordpress\/wp-content\/uploads\/2024\/11\/AMICI-MINERARI.png\" data-dt-img-description=\"\" data-large_image_width=\"209\" data-large_image_height=\"174\"><img loading=\"lazy\" decoding=\"async\" class=\" wp-image-419180 alignleft\" src=\"https:\/\/www.radiopiu.net\/wordpress\/wp-content\/uploads\/2024\/11\/AMICI-MINERARI.png\" alt=\"\" width=\"168\" height=\"140\" \/><\/a>&#8220;Con gli Amici dei Minerari: Serate d&#8217;Inverno \u2013 un viaggio tra storia, scienza e meraviglie. Incontri presso la Sala con T\u00e0-Mis. Non mancare!&#8221;<\/strong><\/p>\n<ul>\n<li><em>Venerd\u00ec 24 gennaio, ore 20:30<\/em>: &#8220;Il meraviglioso mondo dei fossili delle Dolomiti&#8221; \u2013 Relatore Danilo Giordano.<\/li>\n<li><em>Venerd\u00ec 21 febbraio, ore 20:30<\/em>: &#8220;Il traforo del Brennero: studio, progettazione e realizzazione&#8221; \u2013 Relatori Vittorio Fenti e Mario Guadagnini.<\/li>\n<\/ul>\n<p><strong>Vivi la cultura e la passione per la montagna!<\/strong><\/p>\n<p>&nbsp;<\/p>\n<h2><span style=\"color: #993300;\">IL MERAVIGLIOSO MONDO DEI FOSSILI, VENERDI 24 GENNAIO IN SALA DON TAMIS<\/span><\/h2>\n<p><strong>DI MIRKO MEZZACASA<\/strong><\/p>\n<p>OSPITI: Dino Praloran e Danilo Giordano<\/p>\n<audio class=\"wp-audio-shortcode\" id=\"audio-430317-7\" preload=\"none\" style=\"width: 100%;\" controls=\"controls\"><source type=\"audio\/mpeg\" src=\"https:\/\/www.radiopiu.net\/wordpress\/wp-content\/uploads\/2025\/01\/dino-e-danilo-amici-minerari.mp3?_=7\" \/><a href=\"https:\/\/www.radiopiu.net\/wordpress\/wp-content\/uploads\/2025\/01\/dino-e-danilo-amici-minerari.mp3\">https:\/\/www.radiopiu.net\/wordpress\/wp-content\/uploads\/2025\/01\/dino-e-danilo-amici-minerari.mp3<\/a><\/audio>\n<p>&nbsp;<\/p>\n<hr \/>\n<p>&nbsp;<\/p>\n<blockquote>\n<h2><a class=\"dt-pswp-item\" href=\"https:\/\/www.radiopiu.net\/wordpress\/wp-content\/uploads\/2025\/01\/222c1268-28ad-4f2a-b9c7-7e3a82831958.jpg\" data-dt-img-description=\"\" data-large_image_width=\"1131\" data-large_image_height=\"1600\"><img loading=\"lazy\" decoding=\"async\" class=\" wp-image-428503 alignleft\" src=\"https:\/\/www.radiopiu.net\/wordpress\/wp-content\/uploads\/2025\/01\/222c1268-28ad-4f2a-b9c7-7e3a82831958-212x300.jpg\" alt=\"\" width=\"113\" height=\"160\" srcset=\"https:\/\/www.radiopiu.net\/wordpress\/wp-content\/uploads\/2025\/01\/222c1268-28ad-4f2a-b9c7-7e3a82831958-212x300.jpg 212w, https:\/\/www.radiopiu.net\/wordpress\/wp-content\/uploads\/2025\/01\/222c1268-28ad-4f2a-b9c7-7e3a82831958-724x1024.jpg 724w, https:\/\/www.radiopiu.net\/wordpress\/wp-content\/uploads\/2025\/01\/222c1268-28ad-4f2a-b9c7-7e3a82831958-768x1086.jpg 768w, https:\/\/www.radiopiu.net\/wordpress\/wp-content\/uploads\/2025\/01\/222c1268-28ad-4f2a-b9c7-7e3a82831958-1086x1536.jpg 1086w, https:\/\/www.radiopiu.net\/wordpress\/wp-content\/uploads\/2025\/01\/222c1268-28ad-4f2a-b9c7-7e3a82831958.jpg 1131w\" sizes=\"auto, (max-width: 113px) 100vw, 113px\" \/><\/a>A TEATRO CON LA FILODRAMMATICA<\/h2>\n<\/blockquote>\n<p><strong>FALCADE<\/strong> La Filodrammatica SAN BASTIAN di Falcade Alto, in collaborazione con la parrocchia di Falcade e Caviola, presenta la commedia brillante in due atti di Camillo Vittici:<br \/>\nEN DI EN OSPEDAL<br \/>\nOggi alle 20.30 presso la Casa del Popolo di Falcade Alto<br \/>\nSabato 25 e domenica 26 gennaio sempre alle 20.30 presso la Casa della Giovent\u00f9 di Caviola<br \/>\nNon perdetevi questa serata di risate e divertimento! Vi aspettiamo numerosi! in valle del biois a falcade e caviola<\/p>\n<p>&nbsp;<\/p>\n<p>&nbsp;<\/p>\n<hr \/>\n<p>&nbsp;<\/p>\n<h2><span style=\"color: #ff00ff;\">IL NUOVO LIBRO DI LUISA MANFROI E MORENO DE ZAIACOMO<\/span><\/h2>\n<p><strong><a class=\"dt-pswp-item\" href=\"https:\/\/www.radiopiu.net\/wordpress\/wp-content\/uploads\/2024\/12\/Libro-Agordino-oltre-le-montagne-e-loceano.jpg\" data-dt-img-description=\"\" data-large_image_width=\"2048\" data-large_image_height=\"1457\"><img loading=\"lazy\" decoding=\"async\" class=\" wp-image-426201 alignleft\" src=\"https:\/\/www.radiopiu.net\/wordpress\/wp-content\/uploads\/2024\/12\/Libro-Agordino-oltre-le-montagne-e-loceano-300x213.jpg\" alt=\"\" width=\"201\" height=\"143\" srcset=\"https:\/\/www.radiopiu.net\/wordpress\/wp-content\/uploads\/2024\/12\/Libro-Agordino-oltre-le-montagne-e-loceano-300x213.jpg 300w, https:\/\/www.radiopiu.net\/wordpress\/wp-content\/uploads\/2024\/12\/Libro-Agordino-oltre-le-montagne-e-loceano-1024x729.jpg 1024w, https:\/\/www.radiopiu.net\/wordpress\/wp-content\/uploads\/2024\/12\/Libro-Agordino-oltre-le-montagne-e-loceano-768x546.jpg 768w, https:\/\/www.radiopiu.net\/wordpress\/wp-content\/uploads\/2024\/12\/Libro-Agordino-oltre-le-montagne-e-loceano-1536x1093.jpg 1536w, https:\/\/www.radiopiu.net\/wordpress\/wp-content\/uploads\/2024\/12\/Libro-Agordino-oltre-le-montagne-e-loceano.jpg 2048w\" sizes=\"auto, (max-width: 201px) 100vw, 201px\" \/><\/a>DI MIRKO MEZZACASA<\/strong><\/p>\n<p>OSPITI: Luisa Manfroi e Moreno De Zaiacomo<\/p>\n<audio class=\"wp-audio-shortcode\" id=\"audio-430317-8\" preload=\"none\" style=\"width: 100%;\" controls=\"controls\"><source type=\"audio\/mpeg\" src=\"https:\/\/www.radiopiu.net\/wordpress\/wp-content\/uploads\/2025\/01\/luisa-e-moreno-libro-oceano.mp3?_=8\" \/><a href=\"https:\/\/www.radiopiu.net\/wordpress\/wp-content\/uploads\/2025\/01\/luisa-e-moreno-libro-oceano.mp3\">https:\/\/www.radiopiu.net\/wordpress\/wp-content\/uploads\/2025\/01\/luisa-e-moreno-libro-oceano.mp3<\/a><\/audio>\n<p>&nbsp;<\/p>\n<p>&nbsp;<\/p>\n<hr \/>\n<p>&nbsp;<\/p>\n<p>&nbsp;<\/p>\n<blockquote>\n<h2><a class=\"dt-pswp-item\" href=\"https:\/\/www.radiopiu.net\/wordpress\/wp-content\/uploads\/2024\/01\/Foto-Carnevale_0001-9-scaled.jpg\" data-dt-img-description=\"\" data-large_image_width=\"1825\" data-large_image_height=\"2560\"><img loading=\"lazy\" decoding=\"async\" class=\"wp-image-371954 alignleft\" src=\"https:\/\/www.radiopiu.net\/wordpress\/wp-content\/uploads\/2024\/01\/Foto-Carnevale_0001-9-214x300.jpg\" alt=\"\" width=\"85\" height=\"119\" srcset=\"https:\/\/www.radiopiu.net\/wordpress\/wp-content\/uploads\/2024\/01\/Foto-Carnevale_0001-9-214x300.jpg 214w, https:\/\/www.radiopiu.net\/wordpress\/wp-content\/uploads\/2024\/01\/Foto-Carnevale_0001-9-730x1024.jpg 730w, https:\/\/www.radiopiu.net\/wordpress\/wp-content\/uploads\/2024\/01\/Foto-Carnevale_0001-9-768x1078.jpg 768w, https:\/\/www.radiopiu.net\/wordpress\/wp-content\/uploads\/2024\/01\/Foto-Carnevale_0001-9-1095x1536.jpg 1095w, https:\/\/www.radiopiu.net\/wordpress\/wp-content\/uploads\/2024\/01\/Foto-Carnevale_0001-9-1460x2048.jpg 1460w, https:\/\/www.radiopiu.net\/wordpress\/wp-content\/uploads\/2024\/01\/Foto-Carnevale_0001-9-scaled.jpg 1825w\" sizes=\"auto, (max-width: 85px) 100vw, 85px\" \/><\/a>CINQUE APPUNTAMENTI COL CARNEVALE<\/h2>\n<\/blockquote>\n<p>Ritorna carnevai de la vai, mascherate tradizionali delle dolomiti agordine.\u00a0 5 appuntamenti con la tradizione e il divertimento: 26 gennaio a SELVA DI CADORE, 22 febbraio LASTE DI ROCCA PIETORE, 23 febbraio a Rivamonte Agordino, 1 Marzo Sottoguda di Rocca Pietore, e 2 marzo a CANALE D&#8217;AGORDO aspettiamo anche te, con la tua maschera, tradizionale o di fantasia<\/p>\n<p>&nbsp;<\/p>\n<p>&nbsp;<\/p>\n<hr \/>\n<p>&nbsp;<\/p>\n<blockquote>\n<h3>IL PRIMO FEBBRAIO TORNA LA CASPARETHA A CANALE D&#8217;AGORDO<\/h3>\n<\/blockquote>\n<p><strong>CANALE D&#8217;AGORDO<\/strong> La 16\u00aa edizione della Casparetha si terr\u00e0 il 1\u00b0 febbraio alle 19 con partenza dalla piazza di Canale d&#8217;Agordo. Una camminata non competitiva di 5 km, con ciaspe o ramponcini. Le iscrizioni online, disponibili dal 15 gennaio 2025 su casparetha.com, sono limitate a 1.000 partecipanti: 20\u20ac per adulti e 10\u20ac per i nati dal 2015 in poi. In loco, il costo sar\u00e0 di 23\u20ac per adulti e 12\u20ac per i nati dal 2015 in poi, con iscrizioni presso la Pro Loco il 28, 29 e 30 gennaio (17:00-19:00). \u00c8 possibile noleggiare ciaspe a 7\u20ac, ma non \u00e8 obbligatorio. Per dettagli, visita casparetha.com o i social @casparetha.<\/p>\n<p><span style=\"color: #ff0000;\"><strong>PRESENTAZIONE UFFICIALE ALLA RADIO&#8230; LA PROSSIMA SETTIMANA NEL REPORTER DELLE 10.30<\/strong><\/span><\/p>\n\n\t\t\t<style type='text\/css'>\n\t\t\t\t#gallery-5 {\n\t\t\t\t\tmargin: auto;\n\t\t\t\t}\n\t\t\t\t#gallery-5 .gallery-item {\n\t\t\t\t\tfloat: left;\n\t\t\t\t\tmargin-top: 10px;\n\t\t\t\t\ttext-align: center;\n\t\t\t\t\twidth: 50%;\n\t\t\t\t}\n\t\t\t\t#gallery-5 img {\n\t\t\t\t\tborder: 2px solid #cfcfcf;\n\t\t\t\t}\n\t\t\t\t#gallery-5 .gallery-caption {\n\t\t\t\t\tmargin-left: 0;\n\t\t\t\t}\n\t\t\t\t\/* see gallery_shortcode() in wp-includes\/media.php *\/\n\t\t\t<\/style>\n\t\t<div id='gallery-5' class='dt-gallery-container gallery galleryid-430317 gallery-columns-2 gallery-size-medium'><dl class='gallery-item'>\n\t\t\t\t<dt class='gallery-icon landscape'>\n\t\t\t\t\t<a class=\"rollover rollover-zoom dt-pswp-item\" title=\"Fronte\" data-dt-img-description=\"\" data-large_image_width=\"1600\" data-large_image_height=\"1150\"href='https:\/\/www.radiopiu.net\/wordpress\/wp-content\/uploads\/2025\/01\/Fronte.jpeg'><img loading=\"lazy\" decoding=\"async\" width=\"300\" height=\"216\" src=\"https:\/\/www.radiopiu.net\/wordpress\/wp-content\/uploads\/2025\/01\/Fronte-300x216.jpeg\" class=\"attachment-medium size-medium\" alt=\"\" srcset=\"https:\/\/www.radiopiu.net\/wordpress\/wp-content\/uploads\/2025\/01\/Fronte-300x216.jpeg 300w, https:\/\/www.radiopiu.net\/wordpress\/wp-content\/uploads\/2025\/01\/Fronte-1024x736.jpeg 1024w, https:\/\/www.radiopiu.net\/wordpress\/wp-content\/uploads\/2025\/01\/Fronte-768x552.jpeg 768w, https:\/\/www.radiopiu.net\/wordpress\/wp-content\/uploads\/2025\/01\/Fronte-1536x1104.jpeg 1536w, https:\/\/www.radiopiu.net\/wordpress\/wp-content\/uploads\/2025\/01\/Fronte.jpeg 1600w\" sizes=\"auto, (max-width: 300px) 100vw, 300px\" \/><\/a>\n\t\t\t\t<\/dt><\/dl><dl class='gallery-item'>\n\t\t\t\t<dt class='gallery-icon landscape'>\n\t\t\t\t\t<a class=\"rollover rollover-zoom dt-pswp-item\" title=\"Retro\" data-dt-img-description=\"\" data-large_image_width=\"1600\" data-large_image_height=\"1143\"href='https:\/\/www.radiopiu.net\/wordpress\/wp-content\/uploads\/2025\/01\/Retro.jpeg'><img loading=\"lazy\" decoding=\"async\" width=\"300\" height=\"214\" src=\"https:\/\/www.radiopiu.net\/wordpress\/wp-content\/uploads\/2025\/01\/Retro-300x214.jpeg\" class=\"attachment-medium size-medium\" alt=\"\" srcset=\"https:\/\/www.radiopiu.net\/wordpress\/wp-content\/uploads\/2025\/01\/Retro-300x214.jpeg 300w, https:\/\/www.radiopiu.net\/wordpress\/wp-content\/uploads\/2025\/01\/Retro-1024x732.jpeg 1024w, https:\/\/www.radiopiu.net\/wordpress\/wp-content\/uploads\/2025\/01\/Retro-768x549.jpeg 768w, https:\/\/www.radiopiu.net\/wordpress\/wp-content\/uploads\/2025\/01\/Retro-1536x1097.jpeg 1536w, https:\/\/www.radiopiu.net\/wordpress\/wp-content\/uploads\/2025\/01\/Retro.jpeg 1600w\" sizes=\"auto, (max-width: 300px) 100vw, 300px\" \/><\/a>\n\t\t\t\t<\/dt><\/dl><br style=\"clear: both\" \/>\n\t\t\t<\/div>\n\n<p>&nbsp;<\/p>\n<h2><span style=\"color: #ff9900;\">TORNA LA CASPARETHA A CANALE D&#8217;AGORDO<\/span><\/h2>\n<p><strong><a class=\"dt-pswp-item\" href=\"https:\/\/www.radiopiu.net\/wordpress\/wp-content\/uploads\/2025\/01\/casparetha-cover-e1626294765175.jpg\" data-dt-img-description=\"\" data-large_image_width=\"1000\" data-large_image_height=\"650\"><img loading=\"lazy\" decoding=\"async\" class=\" wp-image-429697 alignleft\" src=\"https:\/\/www.radiopiu.net\/wordpress\/wp-content\/uploads\/2025\/01\/casparetha-cover-e1626294765175-300x195.jpg\" alt=\"\" width=\"212\" height=\"138\" srcset=\"https:\/\/www.radiopiu.net\/wordpress\/wp-content\/uploads\/2025\/01\/casparetha-cover-e1626294765175-300x195.jpg 300w, https:\/\/www.radiopiu.net\/wordpress\/wp-content\/uploads\/2025\/01\/casparetha-cover-e1626294765175-768x499.jpg 768w, https:\/\/www.radiopiu.net\/wordpress\/wp-content\/uploads\/2025\/01\/casparetha-cover-e1626294765175.jpg 1000w\" sizes=\"auto, (max-width: 212px) 100vw, 212px\" \/><\/a>DI MIRKO MEZZACASA<\/strong><\/p>\n<p>OSPITI: Mirko Tancon ed Emil Tancon<\/p>\n<audio class=\"wp-audio-shortcode\" id=\"audio-430317-9\" preload=\"none\" style=\"width: 100%;\" controls=\"controls\"><source type=\"audio\/mpeg\" src=\"https:\/\/www.radiopiu.net\/wordpress\/wp-content\/uploads\/2025\/01\/casparegha-2025-canale.mp3?_=9\" \/><a href=\"https:\/\/www.radiopiu.net\/wordpress\/wp-content\/uploads\/2025\/01\/casparegha-2025-canale.mp3\">https:\/\/www.radiopiu.net\/wordpress\/wp-content\/uploads\/2025\/01\/casparegha-2025-canale.mp3<\/a><\/audio>\n<p>&nbsp;<\/p>\n<p>&nbsp;<\/p>\n<hr \/>\n<p>&nbsp;<\/p>\n<blockquote class=\"wp-embedded-content\" data-secret=\"DepgjnyFIK\"><p><a href=\"https:\/\/www.radiopiu.net\/wordpress\/430462-2\/\">&#x1f389; Lotteria di San Marcello: Ecco i Numeri Fortunati! &#x1f340;&#x2728;<\/a><\/p><\/blockquote>\n<p><iframe loading=\"lazy\" class=\"wp-embedded-content\" sandbox=\"allow-scripts\" security=\"restricted\" style=\"position: absolute; visibility: hidden;\" title=\"&#8220;&#x1f389; Lotteria di San Marcello: Ecco i Numeri Fortunati! &#x1f340;&#x2728;&#8221; &#8212; Radio Pi\u00f9\" src=\"https:\/\/www.radiopiu.net\/wordpress\/430462-2\/embed\/#?secret=j2EzaKeVTm#?secret=DepgjnyFIK\" data-secret=\"DepgjnyFIK\" width=\"600\" height=\"338\" frameborder=\"0\" marginwidth=\"0\" marginheight=\"0\" scrolling=\"no\"><\/iframe><\/p>\n<p>&nbsp;<\/p>\n<p>&nbsp;<\/p>\n<hr \/>\n<p>&nbsp;<\/p>\n<blockquote>\n<h3>UN INCONTRO CON IL GAL ALTO BELLUNESE<\/h3>\n<\/blockquote>\n<p><strong>SANTO STEFANO DI CADORE<\/strong> Domani alle 17:30, nella Sala Convegni Unione Montana Comelico a Santo Stefano di Cadore, si terr\u00e0 un incontro informativo sulla residenzialit\u00e0. Destinato a locatori, imprenditori turistici e operatori del settore, l\u2019evento tratter\u00e0 la normativa sugli affitti brevi, il progetto \u00abPotenziamento dell\u2019offerta di residenzialit\u00e0 del personale pubblico in Comelico\u00bb e nuove opportunit\u00e0 di finanziamento per migliorare l\u2019offerta ricettiva. Interverranno Francesco De Toffol di Confcommercio Belluno e Marco Bassetto del GAL Alto Bellunese.<\/p>\n<p>&nbsp;<\/p>\n<p>&nbsp;<\/p>\n<hr \/>\n<p>&nbsp;<\/p>\n<h2><span style=\"color: #ff0000;\">L&#8217;OPINIONE&#8230;DI FRANCO PIACENTINI<\/span><\/h2>\n<p><a class=\"dt-pswp-item\" href=\"https:\/\/www.radiopiu.net\/wordpress\/wp-content\/uploads\/2023\/09\/Arabba_Fodom_Turismo_ph_Roberto_De_Pellegrin_web-13.jpg\" data-dt-img-description=\"\" data-large_image_width=\"1800\" data-large_image_height=\"1200\"><img loading=\"lazy\" decoding=\"async\" class=\" wp-image-352334 alignleft\" src=\"https:\/\/www.radiopiu.net\/wordpress\/wp-content\/uploads\/2023\/09\/Arabba_Fodom_Turismo_ph_Roberto_De_Pellegrin_web-13-300x200.jpg\" alt=\"\" width=\"218\" height=\"145\" srcset=\"https:\/\/www.radiopiu.net\/wordpress\/wp-content\/uploads\/2023\/09\/Arabba_Fodom_Turismo_ph_Roberto_De_Pellegrin_web-13-300x200.jpg 300w, https:\/\/www.radiopiu.net\/wordpress\/wp-content\/uploads\/2023\/09\/Arabba_Fodom_Turismo_ph_Roberto_De_Pellegrin_web-13-1024x683.jpg 1024w, https:\/\/www.radiopiu.net\/wordpress\/wp-content\/uploads\/2023\/09\/Arabba_Fodom_Turismo_ph_Roberto_De_Pellegrin_web-13-768x512.jpg 768w, https:\/\/www.radiopiu.net\/wordpress\/wp-content\/uploads\/2023\/09\/Arabba_Fodom_Turismo_ph_Roberto_De_Pellegrin_web-13-1536x1024.jpg 1536w, https:\/\/www.radiopiu.net\/wordpress\/wp-content\/uploads\/2023\/09\/Arabba_Fodom_Turismo_ph_Roberto_De_Pellegrin_web-13.jpg 1800w\" sizes=\"auto, (max-width: 218px) 100vw, 218px\" \/><\/a>Nei territori montani fra le rappresentanze politiche, amministrative pubbliche, sociali, economiche e sindacali, \u00e8 ravvivata la discussione sulle sorti delle aree soprattutto dolomitiche. La forte e partecipata ripresa del confronto tra i soggetti istituzionali e le varie espressioni delle comunit\u00e0 locali, \u00e8 la inevitabile conseguenza (la reazione) ad un chiaro disinteresse da parte di coloro che, invece, dovrebbero risolvere urgentemente i tanti problemi delle \u201cterre alte\u201d della regione Veneto. Sono ormai da tempo conosciute ed analizzate le cause che stanno determinando lo spopolamento e il conseguente invecchiamento delle popolazioni dolomitiche. Se vengono tagliati o ridimensionati i servizi sociosanitari, se non viene programmata una effettiva politica per l\u2019occupazione giovanile, se il trasporto pubblico \u00e8 in una situazione di preoccupante precariet\u00e0, se non vengono sostenute e incentivate le specificit\u00e0 produttive montane, se il turismo non trova innovazione e allargamento nell\u2019offerta di qualit\u00e0 ambientale e culturale, se gli anziani sono considerati un peso e non invece come una straordinaria risorsa, l\u2019isolamento del bellunese, l\u2019andar via dei \u201cmontanari\u201d, l\u2019abbandono delle zone pi\u00f9 lontane dai centri urbani, sono gli inevitabili processi dello spopolamento e della sofferenza per quei pochi che continueranno ad abitare le \u201cterre alte\u201d. La gente di montagna non \u00e8 mai stata su posizioni di vittimismo e tanto meno ha rivendicato assistenzialismo statale. Vuole essere considerata alla pari di tutte le altre comunit\u00e0 di questa nostra regione. Sostanzialmente avere le stesse opportunit\u00e0 nelle prestazioni sociali, negli aiuti nelle situazioni del bisogno: accedere a costi sostenibili ad una ospitalit\u00e0 protetta; ricevere una cura sanitaria in tempi certi; avere un accompagnamento protetto. Oggi sui versanti della sussidiariet\u00e0 e della solidariet\u00e0 verso i poveri, i non autosufficienti e i disabili, in prima fila, ci sono le Organizzazioni del Volontariato e le Associazioni della Promozione Sociale (supportate dai CSV). Quel mondo del non profit, con il fondamentale impegno di centinaia di Volontari, quotidianamente, risponde alle chiamate d\u2019aiuto delle persone fragili o che vivono in solitudine. Il Volontariato, proprio in quanto soggetto di sussidiariet\u00e0, non pu\u00f2 essere l\u2019unico riferimento per i diritti di welfare, che si riscontrano: nel trasporto sociale, nell\u2019accompagnamento protetto, nella socializzazione culturale, nell\u2019apprendimento permanente, nell\u2019invecchiamento attivo, nei buoni stili di vita. Per portare al centro dell\u2019attenzione politica e dell\u2019impegno governativo le soluzioni alle problematiche del bellunese, riprendendo alcune indicazioni presenti nel libro: \u201cKill Heidi\u201d, del compianto ex Presidente della Provincia di Belluno, Sergio Reolon, va velocemente costituito, dalla Regione Veneto, un tavolo permanente (una effettiva massa critica propositiva) al quale far partecipare: Cgil Cisl Uil; Camere di Commercio; CSV; Forze economiche, politiche, sociali e istituzionali, per concertare insieme le soluzioni da dare alle urgenti necessit\u00e0 delle \u201cterre alte\u201d.<\/p>\n<p>&nbsp;<\/p>\n<p>&nbsp;<\/p>\n<p>&nbsp;<\/p>\n<p>&nbsp;<\/p>\n<hr \/>\n<p>&nbsp;<\/p>\n<h1><span style=\"color: #ff6600;\">IERI ALLA RADIO<\/span><\/h1>\n<h2><span style=\"color: #ffcc00;\">LA RASSEGNA STAMPA DA L&#8217;AMICO DEL POPOLO<\/span><\/h2>\n<p><strong><a class=\"dt-pswp-item\" href=\"https:\/\/www.radiopiu.net\/wordpress\/wp-content\/uploads\/2025\/01\/foto_yari_masoch.jpg\" data-dt-img-description=\"\" data-large_image_width=\"640\" data-large_image_height=\"580\"><img loading=\"lazy\" decoding=\"async\" class=\" wp-image-430328 alignleft\" src=\"https:\/\/www.radiopiu.net\/wordpress\/wp-content\/uploads\/2025\/01\/foto_yari_masoch-300x272.jpg\" alt=\"\" width=\"176\" height=\"160\" srcset=\"https:\/\/www.radiopiu.net\/wordpress\/wp-content\/uploads\/2025\/01\/foto_yari_masoch-300x272.jpg 300w, https:\/\/www.radiopiu.net\/wordpress\/wp-content\/uploads\/2025\/01\/foto_yari_masoch.jpg 640w\" sizes=\"auto, (max-width: 176px) 100vw, 176px\" \/><\/a>DI GIANNI SANTOMASO<\/strong><\/p>\n<p>OSPITE: Yari Masoch<\/p>\n<audio class=\"wp-audio-shortcode\" id=\"audio-430317-10\" preload=\"none\" style=\"width: 100%;\" controls=\"controls\"><source type=\"audio\/mpeg\" src=\"https:\/\/www.radiopiu.net\/wordpress\/wp-content\/uploads\/2025\/01\/RASSEGNA-GIANNI.mp3?_=10\" \/><a href=\"https:\/\/www.radiopiu.net\/wordpress\/wp-content\/uploads\/2025\/01\/RASSEGNA-GIANNI.mp3\">https:\/\/www.radiopiu.net\/wordpress\/wp-content\/uploads\/2025\/01\/RASSEGNA-GIANNI.mp3<\/a><\/audio>\n<p>&nbsp;<\/p>\n<h2><span style=\"color: #33cccc;\">DUE MINUTI PER TE<\/span><\/h2>\n<p><strong><a class=\"dt-pswp-item\" href=\"https:\/\/www.radiopiu.net\/wordpress\/wp-content\/uploads\/2020\/12\/DON-GIORGIO-LISE.jpg\" data-dt-img-description=\"\" data-large_image_width=\"1600\" data-large_image_height=\"901\"><img loading=\"lazy\" decoding=\"async\" class=\" wp-image-177420 alignleft\" src=\"https:\/\/www.radiopiu.net\/wordpress\/wp-content\/uploads\/2020\/12\/DON-GIORGIO-LISE-300x169.jpg\" alt=\"\" width=\"199\" height=\"112\" srcset=\"https:\/\/www.radiopiu.net\/wordpress\/wp-content\/uploads\/2020\/12\/DON-GIORGIO-LISE-300x169.jpg 300w, https:\/\/www.radiopiu.net\/wordpress\/wp-content\/uploads\/2020\/12\/DON-GIORGIO-LISE-1024x577.jpg 1024w, https:\/\/www.radiopiu.net\/wordpress\/wp-content\/uploads\/2020\/12\/DON-GIORGIO-LISE-768x432.jpg 768w, https:\/\/www.radiopiu.net\/wordpress\/wp-content\/uploads\/2020\/12\/DON-GIORGIO-LISE-1536x865.jpg 1536w, https:\/\/www.radiopiu.net\/wordpress\/wp-content\/uploads\/2020\/12\/DON-GIORGIO-LISE.jpg 1600w\" sizes=\"auto, (max-width: 199px) 100vw, 199px\" \/><\/a>APPUNTAMENTO CON IL PENSIERO DELLA DOMENICA DI MONSIGNOR GIORGIO LISE<\/strong><\/p>\n<audio class=\"wp-audio-shortcode\" id=\"audio-430317-11\" preload=\"none\" style=\"width: 100%;\" controls=\"controls\"><source type=\"audio\/mpeg\" src=\"https:\/\/www.radiopiu.net\/wordpress\/wp-content\/uploads\/2025\/01\/DON-GIORGIO-1.mp3?_=11\" \/><a href=\"https:\/\/www.radiopiu.net\/wordpress\/wp-content\/uploads\/2025\/01\/DON-GIORGIO-1.mp3\">https:\/\/www.radiopiu.net\/wordpress\/wp-content\/uploads\/2025\/01\/DON-GIORGIO-1.mp3<\/a><\/audio>\n<p>&nbsp;<\/p>\n<hr \/>\n<p>&nbsp;<\/p>\n<p>&nbsp;<\/p>\n<blockquote class=\"wp-embedded-content\" data-secret=\"JIpvON0Cjq\"><p><a href=\"https:\/\/www.radiopiu.net\/wordpress\/lad08aaaa\/\">&#8220;NCONTONSE&#8221; IN LADINO SU RADIO PI\u00d9<\/a><\/p><\/blockquote>\n<p><iframe loading=\"lazy\" class=\"wp-embedded-content\" sandbox=\"allow-scripts\" security=\"restricted\" style=\"position: absolute; visibility: hidden;\" title=\"&#8220;&#8220;NCONTONSE&#8221; IN LADINO SU RADIO PI\u00d9&#8221; &#8212; Radio Pi\u00f9\" src=\"https:\/\/www.radiopiu.net\/wordpress\/lad08aaaa\/embed\/#?secret=Tbg8Dic7fu#?secret=JIpvON0Cjq\" data-secret=\"JIpvON0Cjq\" width=\"600\" height=\"338\" frameborder=\"0\" marginwidth=\"0\" marginheight=\"0\" scrolling=\"no\"><\/iframe><\/p>\n<blockquote class=\"wp-embedded-content\" data-secret=\"fb2jDOAqBV\"><p><a href=\"https:\/\/www.radiopiu.net\/wordpress\/raccolta-anno-2024-pirole-de-lenga-dalla-puntata-1-alla-250\/\">RACCOLTA ANNO 2024-25 PIROLE DE LENGA&#8230;DALLA PUNTATA 1<\/a><\/p><\/blockquote>\n<p><iframe loading=\"lazy\" class=\"wp-embedded-content\" sandbox=\"allow-scripts\" security=\"restricted\" style=\"position: absolute; visibility: hidden;\" title=\"&#8220;RACCOLTA ANNO 2024-25 PIROLE DE LENGA&#8230;DALLA PUNTATA 1&#8221; &#8212; Radio Pi\u00f9\" src=\"https:\/\/www.radiopiu.net\/wordpress\/raccolta-anno-2024-pirole-de-lenga-dalla-puntata-1-alla-250\/embed\/#?secret=6x42xREHS2#?secret=fb2jDOAqBV\" data-secret=\"fb2jDOAqBV\" width=\"600\" height=\"338\" frameborder=\"0\" marginwidth=\"0\" marginheight=\"0\" scrolling=\"no\"><\/iframe><\/p>\n<blockquote class=\"wp-embedded-content\" data-secret=\"oqloDSEBdu\"><p><a href=\"https:\/\/www.radiopiu.net\/wordpress\/set5a\/\">EL BAL DEL FIOR, DETTI E MODI DI DIRE  LA RACCOLTA COMPLETA<\/a><\/p><\/blockquote>\n<p><iframe loading=\"lazy\" class=\"wp-embedded-content\" sandbox=\"allow-scripts\" security=\"restricted\" style=\"position: absolute; visibility: hidden;\" title=\"&#8220;EL BAL DEL FIOR, DETTI E MODI DI DIRE  LA RACCOLTA COMPLETA&#8221; &#8212; Radio Pi\u00f9\" src=\"https:\/\/www.radiopiu.net\/wordpress\/set5a\/embed\/#?secret=jeO3SMbLMX#?secret=oqloDSEBdu\" data-secret=\"oqloDSEBdu\" width=\"600\" height=\"338\" frameborder=\"0\" marginwidth=\"0\" marginheight=\"0\" scrolling=\"no\"><\/iframe><\/p>\n<p>&nbsp;<\/p>\n<blockquote class=\"wp-embedded-content\" data-secret=\"ZbdyEcIVsj\"><p><a href=\"https:\/\/www.radiopiu.net\/wordpress\/almanac1\/\">RACCOLTA ANNO 2024 N di parom &#8211; L Almanach de la nosta jent<\/a><\/p><\/blockquote>\n<p><iframe loading=\"lazy\" class=\"wp-embedded-content\" sandbox=\"allow-scripts\" security=\"restricted\" style=\"position: absolute; visibility: hidden;\" title=\"&#8220;RACCOLTA ANNO 2024 N di parom &#8211; L Almanach de la nosta jent&#8221; &#8212; Radio Pi\u00f9\" src=\"https:\/\/www.radiopiu.net\/wordpress\/almanac1\/embed\/#?secret=F0DdPS92mX#?secret=ZbdyEcIVsj\" data-secret=\"ZbdyEcIVsj\" width=\"600\" height=\"338\" frameborder=\"0\" marginwidth=\"0\" marginheight=\"0\" scrolling=\"no\"><\/iframe><\/p>\n<hr \/>\n<p>&nbsp;<\/p>\n<h2><span style=\"color: #ff0000;\"><a class=\"dt-pswp-item\" href=\"https:\/\/www.radiopiu.net\/wordpress\/wp-content\/uploads\/2018\/09\/appuntamenti.jpeg\" data-dt-img-description=\"\" data-large_image_width=\"800\" data-large_image_height=\"100\"><img loading=\"lazy\" decoding=\"async\" class=\"wp-image-61958 size-full aligncenter\" src=\"https:\/\/www.radiopiu.net\/wordpress\/wp-content\/uploads\/2018\/09\/appuntamenti.jpeg\" alt=\"\" width=\"800\" height=\"100\" srcset=\"https:\/\/www.radiopiu.net\/wordpress\/wp-content\/uploads\/2018\/09\/appuntamenti.jpeg 800w, https:\/\/www.radiopiu.net\/wordpress\/wp-content\/uploads\/2018\/09\/appuntamenti-300x38.jpeg 300w, https:\/\/www.radiopiu.net\/wordpress\/wp-content\/uploads\/2018\/09\/appuntamenti-768x96.jpeg 768w\" sizes=\"auto, (max-width: 800px) 100vw, 800px\" \/><\/a><\/span><\/h2>\n<div dir=\"auto\"><\/div>\n<div class=\"xdj266r x11i5rnm xat24cr x1mh8g0r x1vvkbs x126k92a\">\n<div dir=\"auto\"><\/div>\n<\/div>\n<div>\n<div class=\"\" dir=\"auto\">\n<div id=\":r9h:\" class=\"x1iorvi4 x1pi30zi x1l90r2v x1swvt13\" data-ad-comet-preview=\"message\" data-ad-preview=\"message\">\n<div>\n<div class=\"\" dir=\"auto\">\n<div id=\":r9h:\" class=\"x1iorvi4 x1pi30zi x1l90r2v x1swvt13\" data-ad-comet-preview=\"message\" data-ad-preview=\"message\">\n<div class=\"xdj266r x11i5rnm xat24cr x1mh8g0r x1vvkbs x126k92a\">\n<div dir=\"auto\"><\/div>\n<\/div>\n<div>\n<div class=\"\" dir=\"auto\">\n<div id=\":r9h:\" class=\"x1iorvi4 x1pi30zi x1l90r2v x1swvt13\" data-ad-comet-preview=\"message\" data-ad-preview=\"message\">\n<div>\n<div class=\"\" dir=\"auto\">\n<div id=\":r9h:\" class=\"x1iorvi4 x1pi30zi x1l90r2v x1swvt13\" data-ad-comet-preview=\"message\" data-ad-preview=\"message\">\n\n\t\t\t<style type='text\/css'>\n\t\t\t\t#gallery-6 {\n\t\t\t\t\tmargin: auto;\n\t\t\t\t}\n\t\t\t\t#gallery-6 .gallery-item {\n\t\t\t\t\tfloat: left;\n\t\t\t\t\tmargin-top: 10px;\n\t\t\t\t\ttext-align: center;\n\t\t\t\t\twidth: 33%;\n\t\t\t\t}\n\t\t\t\t#gallery-6 img {\n\t\t\t\t\tborder: 2px solid #cfcfcf;\n\t\t\t\t}\n\t\t\t\t#gallery-6 .gallery-caption {\n\t\t\t\t\tmargin-left: 0;\n\t\t\t\t}\n\t\t\t\t\/* see gallery_shortcode() in wp-includes\/media.php *\/\n\t\t\t<\/style>\n\t\t<div id='gallery-6' class='dt-gallery-container gallery galleryid-430317 gallery-columns-3 gallery-size-thumbnail'><dl class='gallery-item'>\n\t\t\t\t<dt class='gallery-icon portrait'>\n\t\t\t\t\t<a class=\"rollover rollover-zoom dt-pswp-item\" title=\"manifesto serate invernali\" data-dt-img-description=\"\" data-large_image_width=\"1683\" data-large_image_height=\"2383\"href='https:\/\/www.radiopiu.net\/wordpress\/wp-content\/uploads\/2024\/11\/manifesto-serate-invernali.jpg'><img loading=\"lazy\" decoding=\"async\" width=\"150\" height=\"150\" src=\"https:\/\/www.radiopiu.net\/wordpress\/wp-content\/uploads\/2024\/11\/manifesto-serate-invernali-150x150.jpg\" class=\"attachment-thumbnail size-thumbnail\" alt=\"\" aria-describedby=\"gallery-6-418816\" \/><\/a>\n\t\t\t\t<\/dt>\n\t\t\t\t\t<dd class='wp-caption-text gallery-caption' id='gallery-6-418816'>\n\t\t\t\t\t21 FEBBRAIO\n\t\t\t\t\t<\/dd><\/dl><dl class='gallery-item'>\n\t\t\t\t<dt class='gallery-icon portrait'>\n\t\t\t\t\t<a class=\"rollover rollover-zoom dt-pswp-item\" title=\"222c1268-28ad-4f2a-b9c7-7e3a82831958\" data-dt-img-description=\"\" data-large_image_width=\"1131\" data-large_image_height=\"1600\"href='https:\/\/www.radiopiu.net\/wordpress\/wp-content\/uploads\/2025\/01\/222c1268-28ad-4f2a-b9c7-7e3a82831958.jpg'><img loading=\"lazy\" decoding=\"async\" width=\"150\" height=\"150\" src=\"https:\/\/www.radiopiu.net\/wordpress\/wp-content\/uploads\/2025\/01\/222c1268-28ad-4f2a-b9c7-7e3a82831958-150x150.jpg\" class=\"attachment-thumbnail size-thumbnail\" alt=\"\" \/><\/a>\n\t\t\t\t<\/dt><\/dl><dl class='gallery-item'>\n\t\t\t\t<dt class='gallery-icon portrait'>\n\t\t\t\t\t<a class=\"rollover rollover-zoom dt-pswp-item\" title=\"Gennaio\" data-dt-img-description=\"\" data-large_image_width=\"841\" data-large_image_height=\"1190\"href='https:\/\/www.radiopiu.net\/wordpress\/wp-content\/uploads\/2024\/12\/Gennaio.jpg'><img loading=\"lazy\" decoding=\"async\" width=\"150\" height=\"150\" src=\"https:\/\/www.radiopiu.net\/wordpress\/wp-content\/uploads\/2024\/12\/Gennaio-150x150.jpg\" class=\"attachment-thumbnail size-thumbnail\" alt=\"\" aria-describedby=\"gallery-6-427015\" \/><\/a>\n\t\t\t\t<\/dt>\n\t\t\t\t\t<dd class='wp-caption-text gallery-caption' id='gallery-6-427015'>\n\t\t\t\t\tA GENNAIO A FELTRE\n\t\t\t\t\t<\/dd><\/dl><br style=\"clear: both\" \/><dl class='gallery-item'>\n\t\t\t\t<dt class='gallery-icon portrait'>\n\t\t\t\t\t<a class=\"rollover rollover-zoom dt-pswp-item\" title=\"921dc2b9-84ff-433f-bdf0-12b966e4d28c\" data-dt-img-description=\"\" data-large_image_width=\"1132\" data-large_image_height=\"1600\"href='https:\/\/www.radiopiu.net\/wordpress\/wp-content\/uploads\/2025\/01\/921dc2b9-84ff-433f-bdf0-12b966e4d28c.jpg'><img loading=\"lazy\" decoding=\"async\" width=\"150\" height=\"150\" src=\"https:\/\/www.radiopiu.net\/wordpress\/wp-content\/uploads\/2025\/01\/921dc2b9-84ff-433f-bdf0-12b966e4d28c-150x150.jpg\" class=\"attachment-thumbnail size-thumbnail\" alt=\"\" aria-describedby=\"gallery-6-430056\" \/><\/a>\n\t\t\t\t<\/dt>\n\t\t\t\t\t<dd class='wp-caption-text gallery-caption' id='gallery-6-430056'>\n\t\t\t\t\tLA CENA ALLA REVERSA\n\t\t\t\t\t<\/dd><\/dl><dl class='gallery-item'>\n\t\t\t\t<dt class='gallery-icon portrait'>\n\t\t\t\t\t<a class=\"rollover rollover-zoom dt-pswp-item\" title=\"9f566fc3-7885-41ce-ac26-f44053c00ebe\" data-dt-img-description=\"\" data-large_image_width=\"1080\" data-large_image_height=\"1244\"href='https:\/\/www.radiopiu.net\/wordpress\/wp-content\/uploads\/2025\/01\/9f566fc3-7885-41ce-ac26-f44053c00ebe.jpg'><img loading=\"lazy\" decoding=\"async\" width=\"150\" height=\"150\" src=\"https:\/\/www.radiopiu.net\/wordpress\/wp-content\/uploads\/2025\/01\/9f566fc3-7885-41ce-ac26-f44053c00ebe-150x150.jpg\" class=\"attachment-thumbnail size-thumbnail\" alt=\"\" \/><\/a>\n\t\t\t\t<\/dt><\/dl><dl class='gallery-item'>\n\t\t\t\t<dt class='gallery-icon portrait'>\n\t\t\t\t\t<a class=\"rollover rollover-zoom dt-pswp-item\" title=\"Beretta_gennaio_2025\" data-dt-img-description=\"\" data-large_image_width=\"1414\" data-large_image_height=\"2000\"href='https:\/\/www.radiopiu.net\/wordpress\/wp-content\/uploads\/2025\/01\/Beretta_gennaio_2025.jpg'><img loading=\"lazy\" decoding=\"async\" width=\"150\" height=\"150\" src=\"https:\/\/www.radiopiu.net\/wordpress\/wp-content\/uploads\/2025\/01\/Beretta_gennaio_2025-150x150.jpg\" class=\"attachment-thumbnail size-thumbnail\" alt=\"\" \/><\/a>\n\t\t\t\t<\/dt><\/dl><br style=\"clear: both\" \/>\n\t\t\t<\/div>\n\n<\/div>\n<\/div>\n<\/div>\n<\/div>\n<\/div>\n<\/div>\n<\/div>\n<\/div>\n<\/div>\n<\/div>\n<\/div>\n<\/div>\n<p>&nbsp;<\/p>\n<hr \/>\n<p>&nbsp;<\/p>\n<p class=\"mceTemp\"><a class=\"dt-pswp-item\" href=\"https:\/\/www.radiopiu.net\/wordpress\/wp-content\/uploads\/2018\/09\/WhatsApp-Image-2018-09-20-at-16.04.06.jpeg\" data-dt-img-description=\"\" data-large_image_width=\"800\" data-large_image_height=\"100\"><img loading=\"lazy\" decoding=\"async\" class=\"wp-image-61378 size-full aligncenter\" src=\"https:\/\/www.radiopiu.net\/wordpress\/wp-content\/uploads\/2018\/09\/WhatsApp-Image-2018-09-20-at-16.04.06.jpeg\" alt=\"\" width=\"800\" height=\"100\" srcset=\"https:\/\/www.radiopiu.net\/wordpress\/wp-content\/uploads\/2018\/09\/WhatsApp-Image-2018-09-20-at-16.04.06.jpeg 800w, https:\/\/www.radiopiu.net\/wordpress\/wp-content\/uploads\/2018\/09\/WhatsApp-Image-2018-09-20-at-16.04.06-300x38.jpeg 300w, https:\/\/www.radiopiu.net\/wordpress\/wp-content\/uploads\/2018\/09\/WhatsApp-Image-2018-09-20-at-16.04.06-768x96.jpeg 768w\" sizes=\"auto, (max-width: 800px) 100vw, 800px\" \/><\/a><\/p>\n<p><center><\/center><center><\/center>&nbsp;<\/p>\n<p><center><b>OGGI<\/b><\/center>Tempo variabile con cielo irregolarmente nuvoloso per transito di nubi medio-alte eventualmente associate a qualche sporadico fenomeno.<br \/>\n<b>Precipitazioni: <\/b>Generalmente assenti al mattino, salvo qualche debole e sporadica precipitazione, possibili nella seconda parte della giornata eventualmente nevosa oltre i 1500-1700 m.<br \/>\n<b>Temperature: <\/b>Nelle valli minime in aumento anche in modo sensibile in quelle dolomitiche, massime stazionarie o in leggero calo; in alta montagna in generale contenuta diminuzione specie le massime; modesta escursione termica giornaliera.<\/p>\n<hr \/>\n<p><center><b>DOMANI<\/b><\/center>Cielo ancora irregolarmente nuvoloso per nubi medio-alte con possibili nubi basse associate a qualche banco di nebbia in alcune valli prealpine nelle ore fredde specie dalla sera; non del tutto escluso qualche fenomeno. Parziale schiarite nel corso dalla sera o della notte a partire da ovest.<br \/>\n<b>Precipitazioni: <\/b>Nel corso della giornata non sono escluse deboli precipitazioni perlopi\u00f9 locali o a tratti sparse nella prima parte della giornata sulle Prealpi, sulle Dolomiti nella seconda parte dove localmente potranno anche risultare assenti.<br \/>\n<b>Temperature: <\/b>Minime in lieve diminuzione e misurate a fine giornata, massime senza notevoli variazioni.<\/p>\n<hr \/>\n<p><center><b>MERCOLEDI<\/b><\/center>Tempo stabile e soleggiato, salvo qualche modesto e innocuo annuvolamento, specie al mattino per nubi basse in alcune valli prealpine e per qualche passaggio nuvoloso. Precipitazioni generalmente assenti per gran parte della giornata ma con aumento della probabilit\u00e0 verso sera sulle zone prealpine centro-occidentali per fenomeni modesti e sparsi, nevosi oltre i 1500-1700 m. Temperature in diminuzione, salvo risultare in lieve o contenuto aumento le massime nelle valli.<\/p>\n<hr \/>\n<p><center><b>GIOVEDI<\/b><\/center>Tempo variabile in un contesto che tender\u00e0 a divenire nuvoloso o molto nuvoloso gi\u00e0 al mattino con possibili precipitazioni da locali a sparse, complessivamente modeste e nevose oltre i 1500-1700 m. Temperature in aumento anche in modo sensibile le minime nelle valli.<\/p>\n<p>&nbsp;<\/p>\n<hr \/>\n<p>&nbsp;<\/p>\n<p class=\"mceTemp\"><a class=\"dt-pswp-item\" href=\"https:\/\/www.radiopiu.net\/wordpress\/wp-content\/uploads\/2018\/09\/sport.jpg\" data-dt-img-description=\"\" data-large_image_width=\"800\" data-large_image_height=\"100\"><img loading=\"lazy\" decoding=\"async\" class=\"aligncenter wp-image-60761 size-full\" src=\"https:\/\/www.radiopiu.net\/wordpress\/wp-content\/uploads\/2018\/09\/sport.jpg\" alt=\"\" width=\"800\" height=\"100\" srcset=\"https:\/\/www.radiopiu.net\/wordpress\/wp-content\/uploads\/2018\/09\/sport.jpg 800w, https:\/\/www.radiopiu.net\/wordpress\/wp-content\/uploads\/2018\/09\/sport-300x38.jpg 300w, https:\/\/www.radiopiu.net\/wordpress\/wp-content\/uploads\/2018\/09\/sport-768x96.jpg 768w\" sizes=\"auto, (max-width: 800px) 100vw, 800px\" \/> <\/a><\/p>\n<p class=\"mceTemp\"><span style=\"color: #0000ff;\"><strong>\u00a0 \u00a0<\/strong><\/span><\/p>\n<p><span style=\"color: #0000ff;\"><strong>HOCKEY SU GHIACCIO<\/strong><\/span><\/p>\n<blockquote>\n<h3>IL TERZO DERBY STAGIONALE E&#8217; DEL FELTRE. L&#8217;ALLEGHE PORTA ALL&#8217;OVERTIME UNA SFIDA DALLE MILLE EMOZIONI<\/h3>\n<\/blockquote>\n<p><strong>DI MARCO GAZ<\/strong><\/p>\n<p><strong>IHL \u2013 5\u00b0 GIORNATA MASTER ROUND<\/strong><\/p>\n<p><strong>FELTRE \u2013 ALLEGHE 5-4 dot<\/strong><\/p>\n<p>PARZIALI: 0-0, 3-1, 1-3, 1-0<\/p>\n<p>GOL: st. 0\u201949\u201d Kadlec, 1\u201919\u201d Alessio, 6\u201937\u201d Korkiakoski, 18\u201918\u201d M. Dall\u2019Agnol. tt. 10\u201910\u201d Kadlec, 12\u201956\u201d e 18\u201938\u201d Aleksandrov, 17\u201905\u201d Iori. ot. 2\u201925\u201d M. Dall\u2019Agnol<\/p>\n<p>In un Pala Feltre gremito di gente con oltre 1500 spettatori \u00e8 andato in scena il terzo derby stagionale e per la terza volta a spuntarla sono i feltrini. Una partita giocata a viso aperto che \u00e8 stata caratterizzata dagli episodi. Le civette hanno dato tutto pur di tenere in piedi una sfida in cui la fortuna non \u00e8 stata dalla loro parte. Aleksandrov porta all\u2019overtime la sfida con una doppietta ma a decidere il derby \u00e8 Matteo dall\u2019Agnol dopo poco pi\u00f9 di 2\u2019. Il Feltre incamera tre punti e l\u2019Alleghe deve fare mea culpa per alcune disattenzioni in fase difensiva nella seconda frazione di gara. Ora una settimana di riposo prima di ritornare in campo per il ritorno del master round: l\u2019Alleghe sar\u00e0 impegnato ad Aosta mentre il Feltre in terra lombarda per giocare con il Varese. Primi minuti di gara con le squadre che giocano a viso aperto. Le civette ci provano fin da subito ma il Feltre risponde impegnando Scola. La prima penalit\u00e0 dell\u2019incontro \u00e8 a favore degli agordini che per\u00f2 non viene sfruttata a dovere nonostante i tiri in porta non siano mancati. Padroni di casa che si rendono pericolosi subito dopo sfiorando il gol. Feltrini che vengono puniti altre volte e i biancorossi ci provano in powerplay ma il gol non arriva. Nel finale di tempo l\u2019Alleghe si sveglia prendendo di mira il golie avversario. Ma i picchi ci provano con l\u2019uomo in pi\u00f9 ma Scola \u00e8 una saracinesca. Ad inizio secondo tempo Kadlec trova la rete del vantaggio per i padroni di casa. Le civette non si fanno attendere e pareggiano subito i conti con Alessio. La sfida \u00e8 piacevole e le squadre danno spettacolo. A spezzare il gioco ci pensano gli arbitri. Il Feltre \u00e8 pi\u00f9 falloso e l\u2019Alleghe ha l\u2019ennesima occasione di giocare con l\u2019uomo in pi\u00f9 ma non riesce a sfruttare i 2\u2019 di superiorit\u00e0. \u00a0I picchi vanno di nuovo a segno subito dopo. A riportare in vantaggio i padroni di casa ci pensa Korkiakoski che sfrutta una disattenzione degli agordini per spedire il disco in fondo al sacco. Alleghe che ci prova ma non riesce a farsi pericoloso quanto basta per mettere in difficolt\u00e0 i picchi. A fine secondo drittel, dopo un\u2019azione insistita, il Feltre trova il gol su ribattuta con Matteo Dall\u2019Agnol. Civette in difficolt\u00e0 costrette a difendersi dagli attacchi avversari. Nel terzo periodo l\u2019Alleghe parte forte con Moberg che sfiora il gol. Le occasioni non mancano ma a fare la differenza sono i portieri che sventano ogni minaccia. Si lotta su ogni disco ma i gol non arrivano. I picchi calano il poker. Kadlec ruba un disco, si scarta un difensore e fredda Scola. Squadra agordina che accorcia le distanze poco dopo. Moberg tenta la conclusione, il portiere non trattiene e Aleksandrov che deposita in fondo al sacco. Si scaldano gli animi e parte una scazzottata. Ultimi minuti di gioco con gli alleghesi all\u2019assalto e Iori riapre la partita in powerplay. Makela si divora il gol del pareggio subito dopo. Ce la mettono tutta le Civette che pareggiano i conti a 2\u2019 dal termine con un\u2019azione insistita finalizzata da Iori. Si va all\u2019overtime e a spuntarla sono i picchi con un gol di Matteo dall\u2019Agnol.<\/p>\n<p><strong>LE FOTO DI MATTEO FLORIDIA<\/strong><\/p>\n\n\t\t\t<style type='text\/css'>\n\t\t\t\t#gallery-7 {\n\t\t\t\t\tmargin: auto;\n\t\t\t\t}\n\t\t\t\t#gallery-7 .gallery-item {\n\t\t\t\t\tfloat: left;\n\t\t\t\t\tmargin-top: 10px;\n\t\t\t\t\ttext-align: center;\n\t\t\t\t\twidth: 33%;\n\t\t\t\t}\n\t\t\t\t#gallery-7 img {\n\t\t\t\t\tborder: 2px solid #cfcfcf;\n\t\t\t\t}\n\t\t\t\t#gallery-7 .gallery-caption {\n\t\t\t\t\tmargin-left: 0;\n\t\t\t\t}\n\t\t\t\t\/* see gallery_shortcode() in wp-includes\/media.php *\/\n\t\t\t<\/style>\n\t\t<div id='gallery-7' class='dt-gallery-container gallery galleryid-430317 gallery-columns-3 gallery-size-medium'><dl class='gallery-item'>\n\t\t\t\t<dt class='gallery-icon landscape'>\n\t\t\t\t\t<a class=\"rollover rollover-zoom dt-pswp-item\" title=\"D3S_5006\" data-dt-img-description=\"\" data-large_image_width=\"2000\" data-large_image_height=\"1331\"href='https:\/\/www.radiopiu.net\/wordpress\/wp-content\/uploads\/2025\/01\/D3S_5006-1.jpg'><img loading=\"lazy\" decoding=\"async\" width=\"300\" height=\"200\" src=\"https:\/\/www.radiopiu.net\/wordpress\/wp-content\/uploads\/2025\/01\/D3S_5006-1-300x200.jpg\" class=\"attachment-medium size-medium\" alt=\"\" srcset=\"https:\/\/www.radiopiu.net\/wordpress\/wp-content\/uploads\/2025\/01\/D3S_5006-1-300x200.jpg 300w, https:\/\/www.radiopiu.net\/wordpress\/wp-content\/uploads\/2025\/01\/D3S_5006-1-1024x681.jpg 1024w, https:\/\/www.radiopiu.net\/wordpress\/wp-content\/uploads\/2025\/01\/D3S_5006-1-768x511.jpg 768w, https:\/\/www.radiopiu.net\/wordpress\/wp-content\/uploads\/2025\/01\/D3S_5006-1-1536x1022.jpg 1536w, https:\/\/www.radiopiu.net\/wordpress\/wp-content\/uploads\/2025\/01\/D3S_5006-1.jpg 2000w\" sizes=\"auto, (max-width: 300px) 100vw, 300px\" \/><\/a>\n\t\t\t\t<\/dt><\/dl><dl class='gallery-item'>\n\t\t\t\t<dt class='gallery-icon landscape'>\n\t\t\t\t\t<a class=\"rollover rollover-zoom dt-pswp-item\" title=\"D3S_5411\" data-dt-img-description=\"\" data-large_image_width=\"2000\" data-large_image_height=\"1331\"href='https:\/\/www.radiopiu.net\/wordpress\/wp-content\/uploads\/2025\/01\/D3S_5411.jpg'><img loading=\"lazy\" decoding=\"async\" width=\"300\" height=\"200\" src=\"https:\/\/www.radiopiu.net\/wordpress\/wp-content\/uploads\/2025\/01\/D3S_5411-300x200.jpg\" class=\"attachment-medium size-medium\" alt=\"\" srcset=\"https:\/\/www.radiopiu.net\/wordpress\/wp-content\/uploads\/2025\/01\/D3S_5411-300x200.jpg 300w, https:\/\/www.radiopiu.net\/wordpress\/wp-content\/uploads\/2025\/01\/D3S_5411-1024x681.jpg 1024w, https:\/\/www.radiopiu.net\/wordpress\/wp-content\/uploads\/2025\/01\/D3S_5411-768x511.jpg 768w, https:\/\/www.radiopiu.net\/wordpress\/wp-content\/uploads\/2025\/01\/D3S_5411-1536x1022.jpg 1536w, https:\/\/www.radiopiu.net\/wordpress\/wp-content\/uploads\/2025\/01\/D3S_5411.jpg 2000w\" sizes=\"auto, (max-width: 300px) 100vw, 300px\" \/><\/a>\n\t\t\t\t<\/dt><\/dl><dl class='gallery-item'>\n\t\t\t\t<dt class='gallery-icon landscape'>\n\t\t\t\t\t<a class=\"rollover rollover-zoom dt-pswp-item\" title=\"D3S_5449\" data-dt-img-description=\"\" data-large_image_width=\"2000\" data-large_image_height=\"1305\"href='https:\/\/www.radiopiu.net\/wordpress\/wp-content\/uploads\/2025\/01\/D3S_5449.jpg'><img loading=\"lazy\" decoding=\"async\" width=\"300\" height=\"196\" src=\"https:\/\/www.radiopiu.net\/wordpress\/wp-content\/uploads\/2025\/01\/D3S_5449-300x196.jpg\" class=\"attachment-medium size-medium\" alt=\"\" srcset=\"https:\/\/www.radiopiu.net\/wordpress\/wp-content\/uploads\/2025\/01\/D3S_5449-300x196.jpg 300w, https:\/\/www.radiopiu.net\/wordpress\/wp-content\/uploads\/2025\/01\/D3S_5449-1024x668.jpg 1024w, https:\/\/www.radiopiu.net\/wordpress\/wp-content\/uploads\/2025\/01\/D3S_5449-768x501.jpg 768w, https:\/\/www.radiopiu.net\/wordpress\/wp-content\/uploads\/2025\/01\/D3S_5449-1536x1002.jpg 1536w, https:\/\/www.radiopiu.net\/wordpress\/wp-content\/uploads\/2025\/01\/D3S_5449.jpg 2000w\" sizes=\"auto, (max-width: 300px) 100vw, 300px\" \/><\/a>\n\t\t\t\t<\/dt><\/dl><br style=\"clear: both\" \/><dl class='gallery-item'>\n\t\t\t\t<dt class='gallery-icon landscape'>\n\t\t\t\t\t<a class=\"rollover rollover-zoom dt-pswp-item\" title=\"D3S_5455\" data-dt-img-description=\"\" data-large_image_width=\"2000\" data-large_image_height=\"1282\"href='https:\/\/www.radiopiu.net\/wordpress\/wp-content\/uploads\/2025\/01\/D3S_5455.jpg'><img loading=\"lazy\" decoding=\"async\" width=\"300\" height=\"192\" src=\"https:\/\/www.radiopiu.net\/wordpress\/wp-content\/uploads\/2025\/01\/D3S_5455-300x192.jpg\" class=\"attachment-medium size-medium\" alt=\"\" srcset=\"https:\/\/www.radiopiu.net\/wordpress\/wp-content\/uploads\/2025\/01\/D3S_5455-300x192.jpg 300w, https:\/\/www.radiopiu.net\/wordpress\/wp-content\/uploads\/2025\/01\/D3S_5455-1024x656.jpg 1024w, https:\/\/www.radiopiu.net\/wordpress\/wp-content\/uploads\/2025\/01\/D3S_5455-768x492.jpg 768w, https:\/\/www.radiopiu.net\/wordpress\/wp-content\/uploads\/2025\/01\/D3S_5455-1536x985.jpg 1536w, https:\/\/www.radiopiu.net\/wordpress\/wp-content\/uploads\/2025\/01\/D3S_5455.jpg 2000w\" sizes=\"auto, (max-width: 300px) 100vw, 300px\" \/><\/a>\n\t\t\t\t<\/dt><\/dl><dl class='gallery-item'>\n\t\t\t\t<dt class='gallery-icon landscape'>\n\t\t\t\t\t<a class=\"rollover rollover-zoom dt-pswp-item\" title=\"D3S_5512\" data-dt-img-description=\"\" data-large_image_width=\"2000\" data-large_image_height=\"1425\"href='https:\/\/www.radiopiu.net\/wordpress\/wp-content\/uploads\/2025\/01\/D3S_5512.jpg'><img loading=\"lazy\" decoding=\"async\" width=\"300\" height=\"214\" src=\"https:\/\/www.radiopiu.net\/wordpress\/wp-content\/uploads\/2025\/01\/D3S_5512-300x214.jpg\" class=\"attachment-medium size-medium\" alt=\"\" srcset=\"https:\/\/www.radiopiu.net\/wordpress\/wp-content\/uploads\/2025\/01\/D3S_5512-300x214.jpg 300w, https:\/\/www.radiopiu.net\/wordpress\/wp-content\/uploads\/2025\/01\/D3S_5512-1024x730.jpg 1024w, https:\/\/www.radiopiu.net\/wordpress\/wp-content\/uploads\/2025\/01\/D3S_5512-768x547.jpg 768w, https:\/\/www.radiopiu.net\/wordpress\/wp-content\/uploads\/2025\/01\/D3S_5512-1536x1094.jpg 1536w, https:\/\/www.radiopiu.net\/wordpress\/wp-content\/uploads\/2025\/01\/D3S_5512.jpg 2000w\" sizes=\"auto, (max-width: 300px) 100vw, 300px\" \/><\/a>\n\t\t\t\t<\/dt><\/dl><dl class='gallery-item'>\n\t\t\t\t<dt class='gallery-icon landscape'>\n\t\t\t\t\t<a class=\"rollover rollover-zoom dt-pswp-item\" title=\"D3S_5537\" data-dt-img-description=\"\" data-large_image_width=\"2000\" data-large_image_height=\"1457\"href='https:\/\/www.radiopiu.net\/wordpress\/wp-content\/uploads\/2025\/01\/D3S_5537.jpg'><img loading=\"lazy\" decoding=\"async\" width=\"300\" height=\"219\" src=\"https:\/\/www.radiopiu.net\/wordpress\/wp-content\/uploads\/2025\/01\/D3S_5537-300x219.jpg\" class=\"attachment-medium size-medium\" alt=\"\" srcset=\"https:\/\/www.radiopiu.net\/wordpress\/wp-content\/uploads\/2025\/01\/D3S_5537-300x219.jpg 300w, https:\/\/www.radiopiu.net\/wordpress\/wp-content\/uploads\/2025\/01\/D3S_5537-1024x746.jpg 1024w, https:\/\/www.radiopiu.net\/wordpress\/wp-content\/uploads\/2025\/01\/D3S_5537-768x559.jpg 768w, https:\/\/www.radiopiu.net\/wordpress\/wp-content\/uploads\/2025\/01\/D3S_5537-1536x1119.jpg 1536w, https:\/\/www.radiopiu.net\/wordpress\/wp-content\/uploads\/2025\/01\/D3S_5537.jpg 2000w\" sizes=\"auto, (max-width: 300px) 100vw, 300px\" \/><\/a>\n\t\t\t\t<\/dt><\/dl><br style=\"clear: both\" \/>\n\t\t\t<\/div>\n\n<p><span style=\"color: #0000ff;\"><strong>PATTINI E GHIACCIO\u00a0<\/strong><\/span><\/p>\n<blockquote>\n<h2>Emozioni sul ghiaccio: la Bolzano Cup celebra il talento della Fascia Bronze<\/h2>\n<\/blockquote>\n<p data-pm-slice=\"1 1 []\"><img loading=\"lazy\" decoding=\"async\" class=\"alignleft\" src=\"https:\/\/www.radiopiu.net\/wordpress\/wp-content\/uploads\/2025\/01\/a75a5a44-d43b-419f-9ab0-47aad8fcebba.jpg\" width=\"378\" height=\"284\" \/>Il Palaonda ha ospitato lo scorso 18 e 19 gennaio la Bolzano Cup, gara di pattinaggio artistico su ghiaccio dedicata alla Fascia Bronze. L\u2019evento ha visto la partecipazione di numerosi atleti che si sono sfidati con eleganza e determinazione, regalando al pubblico momenti di grande spettacolo e sportivit\u00e0. I risultati delle categorie<\/p>\n<p data-pm-slice=\"1 1 []\"><strong>Nella categoria Novice B,<\/strong> si distingue Stephanie Tibolla, che conquista il terzo posto, confermando la sua crescita e il suo talento. Successo anche nella<strong> categoria nterpretativo B<\/strong>, dove Paola Galligani si aggiudica il primo posto, seguita da Irene De Pra, seconda classificata. Nella<strong> categoria Esordienti A<\/strong>, Sofia Petri si piazza al quinto posto, mentre\u00a0 Marianna Veggiato e Irene Masiero ottengono un quindicesimo posto a pari merito. Per la categoria <strong>Esordienti B,<\/strong> ottima prestazione per Rita Masiero, che si classifica quinta, seguita da Giulia Rossi, undicesima, e Vanessa Casagrande, che condivide il quindicesimo posto a pari merito. Nella categoria <strong>Principianti B<\/strong>, Marica Rossi ottiene un piazzamento a pari merito, mentre nella <strong>categoria Cadetti,<\/strong> \u00e8 Anita Serafini a distinguersi con un\u2019altra posizione a pari merito. Stessa sorte nella <strong>categoria Junior<\/strong> per Gaia Serafini. Infine, un plauso ai <strong>pulcini gialli,<\/strong> ancora troppo piccoli per la classifica, ma pronti a farsi strada nel futuro del pattinaggio: Livia Appamea, Jasmine Pinie e Ellis Lepre hanno portato in pista il loro entusiasmo e la loro passione, lasciando intravedere un grande potenziale.<\/p>\n<p><span style=\"color: #0000ff;\"><strong>SCI ALPINO<\/strong><\/span><\/p>\n<blockquote>\n<h3>SOFIA GOGGIA E&#8217; LA REGINA DI CORTINA<\/h3>\n<\/blockquote>\n<p><strong><a class=\"dt-pswp-item\" href=\"https:\/\/www.radiopiu.net\/wordpress\/wp-content\/uploads\/2025\/01\/72-2025-scaled.jpeg\" data-dt-img-description=\"\" data-large_image_width=\"2560\" data-large_image_height=\"1920\"><img loading=\"lazy\" decoding=\"async\" class=\" wp-image-430350 alignleft\" src=\"https:\/\/www.radiopiu.net\/wordpress\/wp-content\/uploads\/2025\/01\/72-2025-300x225.jpeg\" alt=\"\" width=\"164\" height=\"123\" srcset=\"https:\/\/www.radiopiu.net\/wordpress\/wp-content\/uploads\/2025\/01\/72-2025-300x225.jpeg 300w, https:\/\/www.radiopiu.net\/wordpress\/wp-content\/uploads\/2025\/01\/72-2025-1024x768.jpeg 1024w, https:\/\/www.radiopiu.net\/wordpress\/wp-content\/uploads\/2025\/01\/72-2025-768x576.jpeg 768w, https:\/\/www.radiopiu.net\/wordpress\/wp-content\/uploads\/2025\/01\/72-2025-1536x1152.jpeg 1536w, https:\/\/www.radiopiu.net\/wordpress\/wp-content\/uploads\/2025\/01\/72-2025-2048x1536.jpeg 2048w\" sizes=\"auto, (max-width: 164px) 100vw, 164px\" \/><\/a>CORTINA<\/strong> Sofia Goggia trionfa nella discesa libera sulla Olympia delle Tofane a Cortina, confermando il suo legame speciale con questa pista. Dopo le delusioni di St. Anton, Goggia ha dominato con un tempo di 1&#8217;33&#8243;95, precedendo la norvegese Lie di 42 centesimi e Federica Brignone di 55 centesimi. Pur non essendo una discesa perfetta, Sofia ha mantenuto la concentrazione e ha entusiasmato il pubblico inginocchiandosi all&#8217;arrivo. Questo \u00e8 il suo quarto successo a Cortina e il 26\u00b0 in Coppa del Mondo, raggiungendo Michela Figini e Tina Maze nel ranking all-time. Federica Brignone, al suo primo podio a Cortina, conserva il primato nella classifica generale e di discesa.<\/p>\n<p>&nbsp;<\/p>\n<blockquote class=\"wp-embedded-content\" data-secret=\"k9bZ64fZf5\"><p><a href=\"https:\/\/www.radiopiu.net\/wordpress\/una-grande-festa-a-cortina-per-la-discesa-libera-femminile\/\">UNA GRANDE FESTA A CORTINA PER LA DISCESA LIBERA FEMMINILE<\/a><\/p><\/blockquote>\n<p><iframe loading=\"lazy\" class=\"wp-embedded-content\" sandbox=\"allow-scripts\" security=\"restricted\" style=\"position: absolute; visibility: hidden;\" title=\"&#8220;UNA GRANDE FESTA A CORTINA PER LA DISCESA LIBERA FEMMINILE&#8221; &#8212; Radio Pi\u00f9\" src=\"https:\/\/www.radiopiu.net\/wordpress\/una-grande-festa-a-cortina-per-la-discesa-libera-femminile\/embed\/#?secret=LuCtVe0usK#?secret=k9bZ64fZf5\" data-secret=\"k9bZ64fZf5\" width=\"600\" height=\"338\" frameborder=\"0\" marginwidth=\"0\" marginheight=\"0\" scrolling=\"no\"><\/iframe><\/p>\n<p>&nbsp;<\/p>\n<blockquote>\n<h3>FEDERICA BRIGNONE SI AGGIUDICA IL SUPERG DI CORTINA<\/h3>\n<\/blockquote>\n<p><strong><a class=\"dt-pswp-item\" href=\"https:\/\/www.radiopiu.net\/wordpress\/wp-content\/uploads\/2025\/01\/678cd3330d930.jpg\" data-dt-img-description=\"\" data-large_image_width=\"528\" data-large_image_height=\"298\"><img loading=\"lazy\" decoding=\"async\" class=\" wp-image-430425 alignleft\" src=\"https:\/\/www.radiopiu.net\/wordpress\/wp-content\/uploads\/2025\/01\/678cd3330d930-300x169.jpg\" alt=\"\" width=\"202\" height=\"114\" srcset=\"https:\/\/www.radiopiu.net\/wordpress\/wp-content\/uploads\/2025\/01\/678cd3330d930-300x169.jpg 300w, https:\/\/www.radiopiu.net\/wordpress\/wp-content\/uploads\/2025\/01\/678cd3330d930.jpg 528w\" sizes=\"auto, (max-width: 202px) 100vw, 202px\" \/><\/a>CORTINA<\/strong> Federica Brignone trionfa nel Super G di Cortina con una gara perfetta, vincendo in 1&#8217;21&#8243;64 e superando Lara Gut-Behrami, che sbaglia nel finale chiudendo a 58 centesimi. \u00c8 la 31\u00aa vittoria in Coppa del Mondo per la campionessa azzurra, che consolida il primo posto nella classifica generale con 106 punti di vantaggio su Rast. Nella classifica di specialit\u00e0, Gut-Behrami resta leader ma Brignone si avvicina. Sofia Goggia \u00e8 meno brillante e termina settima a 1&#8243;25&#8243;. Elena Curtoni sfiora il podio, chiudendo quarta a soli 3 centesimi da Suter. Laura Pirovano \u00e8 12\u00aa, seguita da Melesi 14\u00aa. Le sorelle Delago e altre italiane restano fuori dalle prime 30. Peccato per Marta Bassino, che esce di gara sullo Scarpadon dopo un\u2019ottima prova. (FOTO: Gazzetta Dello Sport)<\/p>\n<p>&nbsp;<\/p>\n<p><span style=\"color: #0000ff;\"><strong>SCI DI FONDO<\/strong><\/span><\/p>\n<blockquote>\n<h3>SI CHIUDE LA FESA CUP A FALCADE: UN SUCCESSO ORGANIZZATIVO<\/h3>\n<\/blockquote>\n<p><strong>FALCADE <\/strong>La tappa di Coppa Europa (FESA Cup) di Falcade si conclude con un italiano sul podio in ogni categoria della gara Inseguimento in tecnica classica. Spiccano il successo di Davide Negroni (Junior), i secondi posti di Dietmar N\u00f6ckler (Senior) e Beatrice Laurent (Junior), e il terzo posto di Maria Gismondi (Senior). Nella gara Senior maschile, Dietmar N\u00f6ckler si piazza 2\u00b0 in una competizione decisa allo sprint e dominata dal francese Gaspard Rousset, con ben 10 italiani nella top 15. Tra gli Junior, Davide Negroni si impone con un attacco decisivo negli ultimi chilometri, seguito da Federico Pozzi e Daniel Pedranzini ai piedi del podio. Nella categoria Senior femminile, la tedesca Lisa Lohmann vince davanti ad Anna-Maria Dietze e Maria Gismondi, autrice di una gara tattica. Beatrice Laurent (Junior) conquista il 2\u00b0 posto, mantenendo un buon ritmo in una gara dominata dalla francese Margot Tirloy. Con atleti di 6 nazioni sul podio e oltre 20 rappresentate, l&#8217;evento \u00e8 stato un successo organizzativo e promozionale, confermando Falcade come centro di rilievo per lo sci di fondo internazionale.<\/p>\n\n\t\t\t<style type='text\/css'>\n\t\t\t\t#gallery-8 {\n\t\t\t\t\tmargin: auto;\n\t\t\t\t}\n\t\t\t\t#gallery-8 .gallery-item {\n\t\t\t\t\tfloat: left;\n\t\t\t\t\tmargin-top: 10px;\n\t\t\t\t\ttext-align: center;\n\t\t\t\t\twidth: 25%;\n\t\t\t\t}\n\t\t\t\t#gallery-8 img {\n\t\t\t\t\tborder: 2px solid #cfcfcf;\n\t\t\t\t}\n\t\t\t\t#gallery-8 .gallery-caption {\n\t\t\t\t\tmargin-left: 0;\n\t\t\t\t}\n\t\t\t\t\/* see gallery_shortcode() in wp-includes\/media.php *\/\n\t\t\t<\/style>\n\t\t<div id='gallery-8' class='dt-gallery-container gallery galleryid-430317 gallery-columns-4 gallery-size-thumbnail'><dl class='gallery-item'>\n\t\t\t\t<dt class='gallery-icon landscape'>\n\t\t\t\t\t<a class=\"rollover rollover-zoom dt-pswp-item\" title=\"Dietze\" data-dt-img-description=\"\" data-large_image_width=\"2560\" data-large_image_height=\"1707\"href='https:\/\/www.radiopiu.net\/wordpress\/wp-content\/uploads\/2025\/01\/Dietze-scaled.jpg'><img loading=\"lazy\" decoding=\"async\" width=\"150\" height=\"150\" src=\"https:\/\/www.radiopiu.net\/wordpress\/wp-content\/uploads\/2025\/01\/Dietze-150x150.jpg\" class=\"attachment-thumbnail size-thumbnail\" alt=\"\" \/><\/a>\n\t\t\t\t<\/dt><\/dl><dl class='gallery-item'>\n\t\t\t\t<dt class='gallery-icon landscape'>\n\t\t\t\t\t<a class=\"rollover rollover-zoom dt-pswp-item\" title=\"Noeckler\" data-dt-img-description=\"\" data-large_image_width=\"2560\" data-large_image_height=\"1707\"href='https:\/\/www.radiopiu.net\/wordpress\/wp-content\/uploads\/2025\/01\/Noeckler-scaled.jpg'><img loading=\"lazy\" decoding=\"async\" width=\"150\" height=\"150\" src=\"https:\/\/www.radiopiu.net\/wordpress\/wp-content\/uploads\/2025\/01\/Noeckler-150x150.jpg\" class=\"attachment-thumbnail size-thumbnail\" alt=\"\" \/><\/a>\n\t\t\t\t<\/dt><\/dl><dl class='gallery-item'>\n\t\t\t\t<dt class='gallery-icon landscape'>\n\t\t\t\t\t<a class=\"rollover rollover-zoom dt-pswp-item\" title=\"Gismondi\" data-dt-img-description=\"\" data-large_image_width=\"2560\" data-large_image_height=\"1707\"href='https:\/\/www.radiopiu.net\/wordpress\/wp-content\/uploads\/2025\/01\/Gismondi-scaled.jpg'><img loading=\"lazy\" decoding=\"async\" width=\"150\" height=\"150\" src=\"https:\/\/www.radiopiu.net\/wordpress\/wp-content\/uploads\/2025\/01\/Gismondi-150x150.jpg\" class=\"attachment-thumbnail size-thumbnail\" alt=\"\" \/><\/a>\n\t\t\t\t<\/dt><\/dl><dl class='gallery-item'>\n\t\t\t\t<dt class='gallery-icon landscape'>\n\t\t\t\t\t<a class=\"rollover rollover-zoom dt-pswp-item\" title=\"Primet_Ticco_Keck_Arrivo\" data-dt-img-description=\"\" data-large_image_width=\"2560\" data-large_image_height=\"1707\"href='https:\/\/www.radiopiu.net\/wordpress\/wp-content\/uploads\/2025\/01\/Primet_Ticco_Keck_Arrivo-scaled.jpg'><img loading=\"lazy\" decoding=\"async\" width=\"150\" height=\"150\" src=\"https:\/\/www.radiopiu.net\/wordpress\/wp-content\/uploads\/2025\/01\/Primet_Ticco_Keck_Arrivo-150x150.jpg\" class=\"attachment-thumbnail size-thumbnail\" alt=\"\" \/><\/a>\n\t\t\t\t<\/dt><\/dl><br style=\"clear: both\" \/><dl class='gallery-item'>\n\t\t\t\t<dt class='gallery-icon portrait'>\n\t\t\t\t\t<a class=\"rollover rollover-zoom dt-pswp-item\" title=\"PodioSenior_Men\" data-dt-img-description=\"\" data-large_image_width=\"1707\" data-large_image_height=\"2560\"href='https:\/\/www.radiopiu.net\/wordpress\/wp-content\/uploads\/2025\/01\/PodioSenior_Men-scaled.jpg'><img loading=\"lazy\" decoding=\"async\" width=\"150\" height=\"150\" src=\"https:\/\/www.radiopiu.net\/wordpress\/wp-content\/uploads\/2025\/01\/PodioSenior_Men-150x150.jpg\" class=\"attachment-thumbnail size-thumbnail\" alt=\"\" \/><\/a>\n\t\t\t\t<\/dt><\/dl><dl class='gallery-item'>\n\t\t\t\t<dt class='gallery-icon landscape'>\n\t\t\t\t\t<a class=\"rollover rollover-zoom dt-pswp-item\" title=\"PodioSenior_Fem\" data-dt-img-description=\"\" data-large_image_width=\"2560\" data-large_image_height=\"1707\"href='https:\/\/www.radiopiu.net\/wordpress\/wp-content\/uploads\/2025\/01\/PodioSenior_Fem-scaled.jpg'><img loading=\"lazy\" decoding=\"async\" width=\"150\" height=\"150\" src=\"https:\/\/www.radiopiu.net\/wordpress\/wp-content\/uploads\/2025\/01\/PodioSenior_Fem-150x150.jpg\" class=\"attachment-thumbnail size-thumbnail\" alt=\"\" \/><\/a>\n\t\t\t\t<\/dt><\/dl><dl class='gallery-item'>\n\t\t\t\t<dt class='gallery-icon landscape'>\n\t\t\t\t\t<a class=\"rollover rollover-zoom dt-pswp-item\" title=\"PodioU20_Fem\" data-dt-img-description=\"\" data-large_image_width=\"2560\" data-large_image_height=\"1707\"href='https:\/\/www.radiopiu.net\/wordpress\/wp-content\/uploads\/2025\/01\/PodioU20_Fem-scaled.jpg'><img loading=\"lazy\" decoding=\"async\" width=\"150\" height=\"150\" src=\"https:\/\/www.radiopiu.net\/wordpress\/wp-content\/uploads\/2025\/01\/PodioU20_Fem-150x150.jpg\" class=\"attachment-thumbnail size-thumbnail\" alt=\"\" \/><\/a>\n\t\t\t\t<\/dt><\/dl><dl class='gallery-item'>\n\t\t\t\t<dt class='gallery-icon landscape'>\n\t\t\t\t\t<a class=\"rollover rollover-zoom dt-pswp-item\" title=\"PodioU20_Men02\" data-dt-img-description=\"\" data-large_image_width=\"2560\" data-large_image_height=\"1707\"href='https:\/\/www.radiopiu.net\/wordpress\/wp-content\/uploads\/2025\/01\/PodioU20_Men02-scaled.jpg'><img loading=\"lazy\" decoding=\"async\" width=\"150\" height=\"150\" src=\"https:\/\/www.radiopiu.net\/wordpress\/wp-content\/uploads\/2025\/01\/PodioU20_Men02-150x150.jpg\" class=\"attachment-thumbnail size-thumbnail\" alt=\"\" \/><\/a>\n\t\t\t\t<\/dt><\/dl><br style=\"clear: both\" \/>\n\t\t\t<\/div>\n\n<p>&nbsp;<\/p>\n<blockquote>\n<h3>LORENZO BUSIN TRIONFA ALLA DOLOMITENLAUF IN AUSTRIA<\/h3>\n<\/blockquote>\n<p><strong><a class=\"dt-pswp-item\" href=\"https:\/\/www.radiopiu.net\/wordpress\/wp-content\/uploads\/2025\/01\/35e8840b-6568-4133-9b78-e25f201d3323.jpeg\" data-dt-img-description=\"\" data-large_image_width=\"1600\" data-large_image_height=\"1200\"><img loading=\"lazy\" decoding=\"async\" class=\" wp-image-430420 alignleft\" src=\"https:\/\/www.radiopiu.net\/wordpress\/wp-content\/uploads\/2025\/01\/35e8840b-6568-4133-9b78-e25f201d3323-300x225.jpeg\" alt=\"\" width=\"184\" height=\"138\" srcset=\"https:\/\/www.radiopiu.net\/wordpress\/wp-content\/uploads\/2025\/01\/35e8840b-6568-4133-9b78-e25f201d3323-300x225.jpeg 300w, https:\/\/www.radiopiu.net\/wordpress\/wp-content\/uploads\/2025\/01\/35e8840b-6568-4133-9b78-e25f201d3323-1024x768.jpeg 1024w, https:\/\/www.radiopiu.net\/wordpress\/wp-content\/uploads\/2025\/01\/35e8840b-6568-4133-9b78-e25f201d3323-768x576.jpeg 768w, https:\/\/www.radiopiu.net\/wordpress\/wp-content\/uploads\/2025\/01\/35e8840b-6568-4133-9b78-e25f201d3323-1536x1152.jpeg 1536w, https:\/\/www.radiopiu.net\/wordpress\/wp-content\/uploads\/2025\/01\/35e8840b-6568-4133-9b78-e25f201d3323.jpeg 1600w\" sizes=\"auto, (max-width: 184px) 100vw, 184px\" \/><\/a> <\/strong><\/p>\n<p><strong>\u00a0<\/strong><\/p>\n<p><strong>REDAZIONE <\/strong>Grande impresa per Lorenzo Busin, che conquista la prestigiosa Dolomitenlauf, gara internazionale del circuito Worldloppet, ad Obertillach, in Austria. L\u2019atleta italiano ha dato spettacolo lanciando un attacco decisivo in salita, staccando i rivali e tagliando il traguardo in solitaria. Una vittoria che porta in alto i colori italiani su un palcoscenico di livello mondiale.<\/p>\n<p>&nbsp;<\/p>\n<p>&nbsp;<\/p>\n<p>&nbsp;<\/p>\n<p><span style=\"color: #0000ff;\"><strong>PALLAVOLO\u00a0<\/strong><\/span><\/p>\n<blockquote>\n<h3><strong><a class=\"dt-pswp-item\" href=\"https:\/\/www.radiopiu.net\/wordpress\/wp-content\/uploads\/2025\/01\/La_carica_di_Martinez.jpg\" data-dt-img-description=\"\" data-large_image_width=\"1331\" data-large_image_height=\"702\"><img loading=\"lazy\" decoding=\"async\" class=\"size-medium wp-image-430493 alignleft\" src=\"https:\/\/www.radiopiu.net\/wordpress\/wp-content\/uploads\/2025\/01\/La_carica_di_Martinez-300x158.jpg\" alt=\"\" width=\"300\" height=\"158\" srcset=\"https:\/\/www.radiopiu.net\/wordpress\/wp-content\/uploads\/2025\/01\/La_carica_di_Martinez-300x158.jpg 300w, https:\/\/www.radiopiu.net\/wordpress\/wp-content\/uploads\/2025\/01\/La_carica_di_Martinez-1024x540.jpg 1024w, https:\/\/www.radiopiu.net\/wordpress\/wp-content\/uploads\/2025\/01\/La_carica_di_Martinez-768x405.jpg 768w, https:\/\/www.radiopiu.net\/wordpress\/wp-content\/uploads\/2025\/01\/La_carica_di_Martinez.jpg 1331w\" sizes=\"auto, (max-width: 300px) 100vw, 300px\" \/><\/a>Sfida infinita a Brugherio: i bellunesi la spuntano al quinto set<\/strong><\/h3>\n<\/blockquote>\n<p>Il Belluno Volley si impone con fatica sui Diavoli Rosa Brugherio al termine di una maratona pallavolistica. Dopo quasi tre ore di battaglia, i rinoceronti si aggiudicano il tie-break per 15-13, ottenendo la sesta vittoria nelle ultime sette partite di Serie A3.<\/p>\n<p>I padroni di casa lottano con determinazione, annullando otto match-point nel quarto set e trascinando la sfida oltre i limiti. Decisivi per Belluno l\u2019opposto Bisi (16 punti) e Luisetto (10). In classifica, tutto resta invariato: i veneti restano secondi, a tre lunghezze dalla capolista San Don\u00e0. \u00abNon l\u2019abbiamo approcciata bene \u2013 ammette coach Marzola \u2013 ma sono due punti guadagnati\u00bb.<\/p>\n<p>&nbsp;<\/p>\n<p>&nbsp;<\/p>\n<blockquote>\n<h3>SI CHIUDE CON UNA VITTORIA IL GIRONE DI ANDATA DELLA SB VOLLEY<\/h3>\n<\/blockquote>\n<p><b><a class=\"dt-pswp-item\" href=\"https:\/\/www.radiopiu.net\/wordpress\/wp-content\/uploads\/2025\/01\/SB_Volley_seconda_al_termine_del_girone_d_andata.jpg\" data-dt-img-description=\"\" data-large_image_width=\"1004\" data-large_image_height=\"534\"><img loading=\"lazy\" decoding=\"async\" class=\" wp-image-430404 alignleft\" src=\"https:\/\/www.radiopiu.net\/wordpress\/wp-content\/uploads\/2025\/01\/SB_Volley_seconda_al_termine_del_girone_d_andata-300x160.jpg\" alt=\"\" width=\"191\" height=\"102\" srcset=\"https:\/\/www.radiopiu.net\/wordpress\/wp-content\/uploads\/2025\/01\/SB_Volley_seconda_al_termine_del_girone_d_andata-300x160.jpg 300w, https:\/\/www.radiopiu.net\/wordpress\/wp-content\/uploads\/2025\/01\/SB_Volley_seconda_al_termine_del_girone_d_andata-768x408.jpg 768w, https:\/\/www.radiopiu.net\/wordpress\/wp-content\/uploads\/2025\/01\/SB_Volley_seconda_al_termine_del_girone_d_andata.jpg 1004w\" sizes=\"auto, (max-width: 191px) 100vw, 191px\" \/><\/a>SOSUS PALLAVOLO SUSEGANA-SB VOLLEY 1-3 (<\/b><strong>9-25, 22-25, 25-23, 20-25)<\/strong><\/p>\n<p>La SB Volley di Sedico-Belluno continua la sua marcia trionfale nel campionato di serie C femminile, ottenendo la settima vittoria consecutiva contro il Susegana e chiudendo il girone d\u2019andata al secondo posto, in tandem con l\u2019Imarc Rossano. La gara, iniziata con un\u2019ottima serie in battuta di Elena Barp, ha visto le dolomitiche dominare il primo set (25-9). Nel secondo parziale, il Susegana ha reagito, portandosi in vantaggio sul 22-21, ma le giocate decisive di Fiabane e De Pizzol hanno consegnato il set alle ospiti (25-22). Il terzo set ha mostrato l\u2019imprevedibilit\u00e0 della pallavolo, con il Susegana capace di rimontare e vincere 25-23. Nel quarto, per\u00f2, la SB Volley ha alzato ritmo e intensit\u00e0, chiudendo la partita 3-1 grazie al contributo determinante di atlete come De Paris e Consoli. La squadra si proietta alla seconda met\u00e0 di stagione con entusiasmo e grande determinazione.<\/p>\n<p>&nbsp;<\/p>\n<p>&nbsp;<\/p>\n","protected":false},"excerpt":{"rendered":"<p>******** &nbsp; LA\u00a0 APP PER IOS-IPHONE di Nicola Vettorello https:\/\/apps.apple.com\/it\/app\/radio-pi%C3%B9-emittente-agordina\/id1515939845 LA\u00a0 APP RADIO\u00a0 PER ANDROID di Nicola Vettorello https:\/\/play.google.com\/store\/apps\/details?id=net.radiopiu.iniko\u00a0\u00a0\u00a0 &nbsp; &nbsp; &nbsp; &nbsp; OGGI ALLA RADIO:\u00a0 rassegna stampa nazionale, ogni giorno alle 5 e alle 6 del mattino. giornali locali 7 rassegna stampa flash, 8 rassegna stampa, gr flash alle 10 e alle 11, principale&hellip;<\/p>\n","protected":false},"author":4,"featured_media":430443,"comment_status":"closed","ping_status":"closed","sticky":false,"template":"","format":"standard","meta":{"_monsterinsights_skip_tracking":false,"_monsterinsights_sitenote_active":false,"_monsterinsights_sitenote_note":"","_monsterinsights_sitenote_category":0,"footnotes":""},"categories":[51,86,49],"tags":[],"class_list":["post-430317","post","type-post","status-publish","format-standard","has-post-thumbnail","hentry","category-evidenza-top","category-gr","category-news-18","category-51","category-86","category-49","description-off"],"img_url":"https:\/\/www.radiopiu.net\/wordpress\/wp-content\/uploads\/2025\/01\/PodioU20_Fem-scaled.jpg","_links":{"self":[{"href":"https:\/\/www.radiopiu.net\/wordpress\/wp-json\/wp\/v2\/posts\/430317","targetHints":{"allow":["GET"]}}],"collection":[{"href":"https:\/\/www.radiopiu.net\/wordpress\/wp-json\/wp\/v2\/posts"}],"about":[{"href":"https:\/\/www.radiopiu.net\/wordpress\/wp-json\/wp\/v2\/types\/post"}],"author":[{"embeddable":true,"href":"https:\/\/www.radiopiu.net\/wordpress\/wp-json\/wp\/v2\/users\/4"}],"replies":[{"embeddable":true,"href":"https:\/\/www.radiopiu.net\/wordpress\/wp-json\/wp\/v2\/comments?post=430317"}],"version-history":[{"count":35,"href":"https:\/\/www.radiopiu.net\/wordpress\/wp-json\/wp\/v2\/posts\/430317\/revisions"}],"predecessor-version":[{"id":430624,"href":"https:\/\/www.radiopiu.net\/wordpress\/wp-json\/wp\/v2\/posts\/430317\/revisions\/430624"}],"wp:featuredmedia":[{"embeddable":true,"href":"https:\/\/www.radiopiu.net\/wordpress\/wp-json\/wp\/v2\/media\/430443"}],"wp:attachment":[{"href":"https:\/\/www.radiopiu.net\/wordpress\/wp-json\/wp\/v2\/media?parent=430317"}],"wp:term":[{"taxonomy":"category","embeddable":true,"href":"https:\/\/www.radiopiu.net\/wordpress\/wp-json\/wp\/v2\/categories?post=430317"},{"taxonomy":"post_tag","embeddable":true,"href":"https:\/\/www.radiopiu.net\/wordpress\/wp-json\/wp\/v2\/tags?post=430317"}],"curies":[{"name":"wp","href":"https:\/\/api.w.org\/{rel}","templated":true}]}}