{"id":430388,"date":"2025-01-18T20:11:40","date_gmt":"2025-01-18T19:11:40","guid":{"rendered":"https:\/\/www.radiopiu.net\/wordpress\/?p=430388"},"modified":"2025-01-18T20:11:40","modified_gmt":"2025-01-18T19:11:40","slug":"malori-e-incidenti-nella-giornata-del-suem-118","status":"publish","type":"post","link":"https:\/\/www.radiopiu.net\/wordpress\/malori-e-incidenti-nella-giornata-del-suem-118\/","title":{"rendered":"MALORI E INCIDENTI NELLA GIORNATA DEL SUEM 118"},"content":{"rendered":"<p>******<\/p>\n<p>&nbsp;<\/p>\n<p><strong><a class=\"dt-pswp-item\" href=\"https:\/\/www.radiopiu.net\/wordpress\/wp-content\/uploads\/2024\/04\/salt-suem-agordo-croce.jpeg\" data-dt-img-description=\"\" data-large_image_width=\"1024\" data-large_image_height=\"768\"><img loading=\"lazy\" decoding=\"async\" class=\" wp-image-382581 alignleft\" src=\"https:\/\/www.radiopiu.net\/wordpress\/wp-content\/uploads\/2024\/04\/salt-suem-agordo-croce-300x225.jpeg\" alt=\"\" width=\"195\" height=\"146\" srcset=\"https:\/\/www.radiopiu.net\/wordpress\/wp-content\/uploads\/2024\/04\/salt-suem-agordo-croce-300x225.jpeg 300w, https:\/\/www.radiopiu.net\/wordpress\/wp-content\/uploads\/2024\/04\/salt-suem-agordo-croce-768x576.jpeg 768w, https:\/\/www.radiopiu.net\/wordpress\/wp-content\/uploads\/2024\/04\/salt-suem-agordo-croce.jpeg 1024w\" sizes=\"auto, (max-width: 195px) 100vw, 195px\" \/><\/a>REDAZIONE<\/strong> Giornata intensa per il Suem 118 impegnato su pi\u00f9 fronti in provincia di Belluno. Ad Arabba, una donna di 46 anni di Selva di Cadore \u00e8 stata colpita da un malore ed \u00e8 stata trasportata a Belluno con l&#8217;elicottero &#8220;Falco 1&#8221;. A Cortina d\u2019Ampezzo, un minorenne di Vittorio Veneto ha subito un trauma ed \u00e8 stato trasferito con lo stesso mezzo al medesimo ospedale. A Ponte nelle Alpi, un incidente stradale autonomo ha coinvolto una donna di 44 anni di Ponte nelle Alpi, trasportata con auto medica a Belluno. Un altro malore ha interessato una donna di 45 anni di Belluno a Selva di Cadore, anch\u2019essa soccorsa da &#8220;Falco 1&#8221; e portata in ospedale. A Belluno, un incidente stradale ha coinvolto un uomo di 36 anni che ha per\u00f2 rifiutato il trasporto. Sulle piste dei comprensori sciistici della provincia si sono registrati 13 interventi.<\/p>\n<p>&nbsp;<\/p>\n<p>&nbsp;<\/p>\n<p>&nbsp;<\/p>\n<p>*******<\/p>\n","protected":false},"excerpt":{"rendered":"<p>****** &nbsp; REDAZIONE Giornata intensa per il Suem 118 impegnato su pi\u00f9 fronti in provincia di Belluno. Ad Arabba, una donna di 46 anni di Selva di Cadore \u00e8 stata colpita da un malore ed \u00e8 stata trasportata a Belluno con l&#8217;elicottero &#8220;Falco 1&#8221;. A Cortina d\u2019Ampezzo, un minorenne di Vittorio Veneto ha subito un&hellip;<\/p>\n","protected":false},"author":4,"featured_media":382581,"comment_status":"closed","ping_status":"closed","sticky":false,"template":"","format":"standard","meta":{"_monsterinsights_skip_tracking":false,"_monsterinsights_sitenote_active":false,"_monsterinsights_sitenote_note":"","_monsterinsights_sitenote_category":0,"footnotes":""},"categories":[51,49],"tags":[],"class_list":["post-430388","post","type-post","status-publish","format-standard","has-post-thumbnail","hentry","category-evidenza-top","category-news-18","category-51","category-49","description-off"],"img_url":"https:\/\/www.radiopiu.net\/wordpress\/wp-content\/uploads\/2024\/04\/salt-suem-agordo-croce.jpeg","_links":{"self":[{"href":"https:\/\/www.radiopiu.net\/wordpress\/wp-json\/wp\/v2\/posts\/430388","targetHints":{"allow":["GET"]}}],"collection":[{"href":"https:\/\/www.radiopiu.net\/wordpress\/wp-json\/wp\/v2\/posts"}],"about":[{"href":"https:\/\/www.radiopiu.net\/wordpress\/wp-json\/wp\/v2\/types\/post"}],"author":[{"embeddable":true,"href":"https:\/\/www.radiopiu.net\/wordpress\/wp-json\/wp\/v2\/users\/4"}],"replies":[{"embeddable":true,"href":"https:\/\/www.radiopiu.net\/wordpress\/wp-json\/wp\/v2\/comments?post=430388"}],"version-history":[{"count":1,"href":"https:\/\/www.radiopiu.net\/wordpress\/wp-json\/wp\/v2\/posts\/430388\/revisions"}],"predecessor-version":[{"id":430389,"href":"https:\/\/www.radiopiu.net\/wordpress\/wp-json\/wp\/v2\/posts\/430388\/revisions\/430389"}],"wp:featuredmedia":[{"embeddable":true,"href":"https:\/\/www.radiopiu.net\/wordpress\/wp-json\/wp\/v2\/media\/382581"}],"wp:attachment":[{"href":"https:\/\/www.radiopiu.net\/wordpress\/wp-json\/wp\/v2\/media?parent=430388"}],"wp:term":[{"taxonomy":"category","embeddable":true,"href":"https:\/\/www.radiopiu.net\/wordpress\/wp-json\/wp\/v2\/categories?post=430388"},{"taxonomy":"post_tag","embeddable":true,"href":"https:\/\/www.radiopiu.net\/wordpress\/wp-json\/wp\/v2\/tags?post=430388"}],"curies":[{"name":"wp","href":"https:\/\/api.w.org\/{rel}","templated":true}]}}