{"id":430447,"date":"2025-01-20T05:46:24","date_gmt":"2025-01-20T04:46:24","guid":{"rendered":"https:\/\/www.radiopiu.net\/wordpress\/?p=430447"},"modified":"2025-01-20T05:52:47","modified_gmt":"2025-01-20T04:52:47","slug":"escursionista-scivola-sul-ghiaccio-in-cansiglio","status":"publish","type":"post","link":"https:\/\/www.radiopiu.net\/wordpress\/escursionista-scivola-sul-ghiaccio-in-cansiglio\/","title":{"rendered":"ESCURSIONISTA SCIVOLA SUL GHIACCIO IN CANSIGLIO"},"content":{"rendered":"<p>*******<\/p>\n<p>&nbsp;<\/p>\n<p><strong>TAMBRE<\/strong> Attorno alle 13 la Centrale del Suem \u00e8 stata contattata per un&#8217;escursionista scivolata sul ghiaccio in Cansiglio e ha richiesto l&#8217;intervento del Soccorso alpino dell&#8217;Alpago in supporto all&#8217;ambulanza. Una squadra ha quindi raggiunto la\u00a068enne di Vittorio Veneto (TV), che nella caduta aveva riportato la sospetta frattura di un braccio. Alla donna, che si trovava in compagnia di altre persone una trentina di metri dopo la sbarra in localit\u00e0 Archeton, \u00e8 stato immobilizzato l&#8217;arto. Trasportata all&#8217;ambulanza, l&#8217;infortunata \u00e8 stata accompagnata in ospedale.<\/p>\n<p>&nbsp;<\/p>\n<p>&nbsp;<\/p>\n<p>&nbsp;<\/p>\n<p>*******<\/p>\n","protected":false},"excerpt":{"rendered":"<p>******* &nbsp; TAMBRE Attorno alle 13 la Centrale del Suem \u00e8 stata contattata per un&#8217;escursionista scivolata sul ghiaccio in Cansiglio e ha richiesto l&#8217;intervento del Soccorso alpino dell&#8217;Alpago in supporto all&#8217;ambulanza. Una squadra ha quindi raggiunto la\u00a068enne di Vittorio Veneto (TV), che nella caduta aveva riportato la sospetta frattura di un braccio. Alla donna, che&hellip;<\/p>\n","protected":false},"author":4,"featured_media":270917,"comment_status":"closed","ping_status":"closed","sticky":false,"template":"","format":"standard","meta":{"_monsterinsights_skip_tracking":false,"_monsterinsights_sitenote_active":false,"_monsterinsights_sitenote_note":"","_monsterinsights_sitenote_category":0,"footnotes":""},"categories":[51,49],"tags":[],"class_list":["post-430447","post","type-post","status-publish","format-standard","has-post-thumbnail","hentry","category-evidenza-top","category-news-18","category-51","category-49","description-off"],"img_url":"https:\/\/www.radiopiu.net\/wordpress\/wp-content\/uploads\/2022\/04\/soccorso-alpino-1024x602-1.jpg","_links":{"self":[{"href":"https:\/\/www.radiopiu.net\/wordpress\/wp-json\/wp\/v2\/posts\/430447","targetHints":{"allow":["GET"]}}],"collection":[{"href":"https:\/\/www.radiopiu.net\/wordpress\/wp-json\/wp\/v2\/posts"}],"about":[{"href":"https:\/\/www.radiopiu.net\/wordpress\/wp-json\/wp\/v2\/types\/post"}],"author":[{"embeddable":true,"href":"https:\/\/www.radiopiu.net\/wordpress\/wp-json\/wp\/v2\/users\/4"}],"replies":[{"embeddable":true,"href":"https:\/\/www.radiopiu.net\/wordpress\/wp-json\/wp\/v2\/comments?post=430447"}],"version-history":[{"count":1,"href":"https:\/\/www.radiopiu.net\/wordpress\/wp-json\/wp\/v2\/posts\/430447\/revisions"}],"predecessor-version":[{"id":430448,"href":"https:\/\/www.radiopiu.net\/wordpress\/wp-json\/wp\/v2\/posts\/430447\/revisions\/430448"}],"wp:featuredmedia":[{"embeddable":true,"href":"https:\/\/www.radiopiu.net\/wordpress\/wp-json\/wp\/v2\/media\/270917"}],"wp:attachment":[{"href":"https:\/\/www.radiopiu.net\/wordpress\/wp-json\/wp\/v2\/media?parent=430447"}],"wp:term":[{"taxonomy":"category","embeddable":true,"href":"https:\/\/www.radiopiu.net\/wordpress\/wp-json\/wp\/v2\/categories?post=430447"},{"taxonomy":"post_tag","embeddable":true,"href":"https:\/\/www.radiopiu.net\/wordpress\/wp-json\/wp\/v2\/tags?post=430447"}],"curies":[{"name":"wp","href":"https:\/\/api.w.org\/{rel}","templated":true}]}}