{"id":430450,"date":"2025-01-20T05:45:28","date_gmt":"2025-01-20T04:45:28","guid":{"rendered":"https:\/\/www.radiopiu.net\/wordpress\/?p=430450"},"modified":"2025-01-20T05:53:18","modified_gmt":"2025-01-20T04:53:18","slug":"il-bait-dela-butola-sulla-mulattiera-del-monte-celo","status":"publish","type":"post","link":"https:\/\/www.radiopiu.net\/wordpress\/il-bait-dela-butola-sulla-mulattiera-del-monte-celo\/","title":{"rendered":"IL &#8220;BAIT DELA BUTOLA&#8221; SULLA MULATTIERA DEL MONTE CELO"},"content":{"rendered":"<p>*******<\/p>\n<p>&nbsp;<\/p>\n<p><strong>DI TIZIANO DE COL<\/strong><\/p>\n<p>Partendo da Forcella Pongol oppure da Forcella Folega ed avviandosi verso Pradus\u00e8l &#8211; Ruit, dopo aver attraversato il Valon dela Cavalera in leggera salita ci si porta sul C\u00f2l dela Sana sito tra i valloni della Cavalera e della Sana.<br \/>\nProprio sul clinale si passa una piccola forcella e una cinquantina di metri pi\u00f9 avanti, a quota 1790 circa , appena di lato alla mulattiera, verso valle, si distinguono bene due ruderi di b\u00e0it ed un terzo pi\u00f9 confuso (foto n\u00b01).Uno di questi (foto n\u00b02) \u00e8 chiamato b\u00e0it dela B\u00f9tola ed ha i muri a secco distinguibili ed alti circa 1 metro, appena pi\u00f9 a valle, poco distante dalla mulattiera giace il tetto intero del b\u00e0it con attaccato il pezzo in legno che sopraelevava il muro a sassi fino al tetto (foto n\u00b03), tutta questa parte in legno \u00e8 stata molti anni fa completamente sollevata, probabilmente dal vento e spostata 30 metri circa pi\u00f9 in basso nel bosco. Osservando i resti si vede bene che il tetto era fatto da tavole di legno con altre sovrapposte in s\u2019ciepena cio\u00e8 a copertura della fessura.<\/p>\n\n\t\t\t<style type='text\/css'>\n\t\t\t\t#gallery-1 {\n\t\t\t\t\tmargin: auto;\n\t\t\t\t}\n\t\t\t\t#gallery-1 .gallery-item {\n\t\t\t\t\tfloat: left;\n\t\t\t\t\tmargin-top: 10px;\n\t\t\t\t\ttext-align: center;\n\t\t\t\t\twidth: 33%;\n\t\t\t\t}\n\t\t\t\t#gallery-1 img {\n\t\t\t\t\tborder: 2px solid #cfcfcf;\n\t\t\t\t}\n\t\t\t\t#gallery-1 .gallery-caption {\n\t\t\t\t\tmargin-left: 0;\n\t\t\t\t}\n\t\t\t\t\/* see gallery_shortcode() in wp-includes\/media.php *\/\n\t\t\t<\/style>\n\t\t<div id='gallery-1' class='dt-gallery-container gallery galleryid-430450 gallery-columns-3 gallery-size-thumbnail'><dl class='gallery-item'>\n\t\t\t\t<dt class='gallery-icon landscape'>\n\t\t\t\t\t<a class=\"rollover rollover-zoom dt-pswp-item\" title=\"eb34c787-01be-4c50-a79d-77ef0f2572ff\" data-dt-img-description=\"\" data-large_image_width=\"1600\" data-large_image_height=\"1066\"href='https:\/\/www.radiopiu.net\/wordpress\/wp-content\/uploads\/2025\/01\/eb34c787-01be-4c50-a79d-77ef0f2572ff.jpg'><img loading=\"lazy\" decoding=\"async\" width=\"150\" height=\"150\" src=\"https:\/\/www.radiopiu.net\/wordpress\/wp-content\/uploads\/2025\/01\/eb34c787-01be-4c50-a79d-77ef0f2572ff-150x150.jpg\" class=\"attachment-thumbnail size-thumbnail\" alt=\"\" aria-describedby=\"gallery-1-430453\" \/><\/a>\n\t\t\t\t<\/dt>\n\t\t\t\t\t<dd class='wp-caption-text gallery-caption' id='gallery-1-430453'>\n\t\t\t\t\tFOTO 1\n\t\t\t\t\t<\/dd><\/dl><dl class='gallery-item'>\n\t\t\t\t<dt class='gallery-icon landscape'>\n\t\t\t\t\t<a class=\"rollover rollover-zoom dt-pswp-item\" title=\"b4e37d94-53b1-469c-ae3f-6b0c74241c44\" data-dt-img-description=\"\" data-large_image_width=\"1600\" data-large_image_height=\"1066\"href='https:\/\/www.radiopiu.net\/wordpress\/wp-content\/uploads\/2025\/01\/b4e37d94-53b1-469c-ae3f-6b0c74241c44.jpg'><img loading=\"lazy\" decoding=\"async\" width=\"150\" height=\"150\" src=\"https:\/\/www.radiopiu.net\/wordpress\/wp-content\/uploads\/2025\/01\/b4e37d94-53b1-469c-ae3f-6b0c74241c44-150x150.jpg\" class=\"attachment-thumbnail size-thumbnail\" alt=\"\" aria-describedby=\"gallery-1-430452\" \/><\/a>\n\t\t\t\t<\/dt>\n\t\t\t\t\t<dd class='wp-caption-text gallery-caption' id='gallery-1-430452'>\n\t\t\t\t\tFOTO 2\n\t\t\t\t\t<\/dd><\/dl><dl class='gallery-item'>\n\t\t\t\t<dt class='gallery-icon portrait'>\n\t\t\t\t\t<a class=\"rollover rollover-zoom dt-pswp-item\" title=\"fe6421f3-8434-4457-9795-e0502a4c1a71\" data-dt-img-description=\"\" data-large_image_width=\"1066\" data-large_image_height=\"1600\"href='https:\/\/www.radiopiu.net\/wordpress\/wp-content\/uploads\/2025\/01\/fe6421f3-8434-4457-9795-e0502a4c1a71.jpg'><img loading=\"lazy\" decoding=\"async\" width=\"150\" height=\"150\" src=\"https:\/\/www.radiopiu.net\/wordpress\/wp-content\/uploads\/2025\/01\/fe6421f3-8434-4457-9795-e0502a4c1a71-150x150.jpg\" class=\"attachment-thumbnail size-thumbnail\" alt=\"\" aria-describedby=\"gallery-1-430451\" \/><\/a>\n\t\t\t\t<\/dt>\n\t\t\t\t\t<dd class='wp-caption-text gallery-caption' id='gallery-1-430451'>\n\t\t\t\t\tFOTO 3\n\t\t\t\t\t<\/dd><\/dl><br style=\"clear: both\" \/>\n\t\t\t<\/div>\n\n<p>La B\u00f9tola era una signora , probabilmente di Conaggia, della famiglia dei B\u00f9toi che insieme al marito, durante la seconda guerra mondiale stavano a pascolare pecore e capre in quel magro pascolo dato dalla zona. Il b\u00e0it, quando era abitato dalla B\u00f9tola era una misera costruzione di sassi a secco con copertura di rami di faggio come una capanna. Sempre durante la guerra prese forma l\u00ec vicino un altro b\u00e0it ( il primo rudere evidente che si incontra , in posizione centrale sulla foto n\u00b0 1) , chiamato b\u00e0it del Nane Figo dal nome del pastore che lo abitava durante la guerra, anche questo b\u00e0it era costruito in pietrame a secco con copertura di frasche. Nel 1947, subito dopo la fine della guerra la situazione cambi\u00f2 perch\u00e9 il Comune di La Valle decise di costruire in vero e proprio b\u00e0it per gli operai che tagliavano mughe e per i pastori di pecore. In quell\u2019 anno erano pastori Michele De Col (Nini Forl\u00ec) e De Zaiacomo Mario (Mario Rancio) i quali erano alle dipendenze del Comune con un gregge di 270 pecore appartenenti ai privati paesani di La Valle. Il Comune in quegli anni assumeva l\u2019 onere della gestione del pascolo estivo delle pecore. In quel mentre erano presenti sul luogo anche i boscaioli che tagliavano mughe ed erano: Arcangelo De Zaiacomo (Rancio), Aldo De Zorzi (Roa), Battista Crose (Tita Bas), Antonio De Col (Toni Forl\u00ec), Giacomo De Col ( Forl\u00ec), e Dell\u2019 Osbel Domenico. Per far posto a dormire a tutti nel minuscolo b\u00e0it era stato realizzato un soppalco interno in tavolato per far dormire alcune persone, mentre gli altri dormivano per terra.<br \/>\nVisto la ritrovata frequentazione della mulattiera militare, grazie anche al sentiero tematico del Parco Nazionale Dolomiti Bellunesi denominato \u201cLa Montagna Dimenticata\u201d con la pubblicazione curata da Tiziano De Col e Maurizio Olivotto ed alla continua opera di manutenzione sentieristica del Gruppo Ambiente di La Valle Agordina, i ruderi del b\u00e0it dela Butola diventano un\u2019 interessante prospettiva per il recupero del sito realizzando magari una copertura come quella originaria con una sopraelevazione in legno dai muri fino al tetto , tutto questo per creare un riparo ad escursionisti e cacciatori visto che la zona offre scarse possibilit\u00e0 di rifugio in caso di intemperie. Un particolare ringraziamento al compianto De Zaiacomo Mario (Rancio) per tutte le notizie fornite.<\/p>\n\n\t\t\t<style type='text\/css'>\n\t\t\t\t#gallery-2 {\n\t\t\t\t\tmargin: auto;\n\t\t\t\t}\n\t\t\t\t#gallery-2 .gallery-item {\n\t\t\t\t\tfloat: left;\n\t\t\t\t\tmargin-top: 10px;\n\t\t\t\t\ttext-align: center;\n\t\t\t\t\twidth: 50%;\n\t\t\t\t}\n\t\t\t\t#gallery-2 img {\n\t\t\t\t\tborder: 2px solid #cfcfcf;\n\t\t\t\t}\n\t\t\t\t#gallery-2 .gallery-caption {\n\t\t\t\t\tmargin-left: 0;\n\t\t\t\t}\n\t\t\t\t\/* see gallery_shortcode() in wp-includes\/media.php *\/\n\t\t\t<\/style>\n\t\t<div id='gallery-2' class='dt-gallery-container gallery galleryid-430450 gallery-columns-2 gallery-size-thumbnail'><dl class='gallery-item'>\n\t\t\t\t<dt class='gallery-icon landscape'>\n\t\t\t\t\t<a class=\"rollover rollover-zoom dt-pswp-item\" title=\"663e74fa-b741-4494-a1ff-f4a82762b00b\" data-dt-img-description=\"\" data-large_image_width=\"1600\" data-large_image_height=\"1200\"href='https:\/\/www.radiopiu.net\/wordpress\/wp-content\/uploads\/2025\/01\/663e74fa-b741-4494-a1ff-f4a82762b00b.jpg'><img loading=\"lazy\" decoding=\"async\" width=\"150\" height=\"150\" src=\"https:\/\/www.radiopiu.net\/wordpress\/wp-content\/uploads\/2025\/01\/663e74fa-b741-4494-a1ff-f4a82762b00b-150x150.jpg\" class=\"attachment-thumbnail size-thumbnail\" alt=\"\" aria-describedby=\"gallery-2-430454\" \/><\/a>\n\t\t\t\t<\/dt>\n\t\t\t\t\t<dd class='wp-caption-text gallery-caption' id='gallery-2-430454'>\n\t\t\t\t\tMonte Celo_Posizione dei ruderi del Bait della Butola sulla mulattire militare delle Grande Guerra, nel Valin della Sana, appena a fianco del Col della Sana\n\t\t\t\t\t<\/dd><\/dl><dl class='gallery-item'>\n\t\t\t\t<dt class='gallery-icon portrait'>\n\t\t\t\t\t<a class=\"rollover rollover-zoom dt-pswp-item\" title=\"5f7cbd9b-6607-4473-a65b-acd3995f8b1e\" data-dt-img-description=\"\" data-large_image_width=\"1500\" data-large_image_height=\"2000\"href='https:\/\/www.radiopiu.net\/wordpress\/wp-content\/uploads\/2025\/01\/5f7cbd9b-6607-4473-a65b-acd3995f8b1e.jpg'><img loading=\"lazy\" decoding=\"async\" width=\"150\" height=\"150\" src=\"https:\/\/www.radiopiu.net\/wordpress\/wp-content\/uploads\/2025\/01\/5f7cbd9b-6607-4473-a65b-acd3995f8b1e-150x150.jpg\" class=\"attachment-thumbnail size-thumbnail\" alt=\"\" \/><\/a>\n\t\t\t\t<\/dt><\/dl><br style=\"clear: both\" \/>\n\t\t\t<\/div>\n\n<p>&nbsp;<\/p>\n<p>&nbsp;<\/p>\n<p>************<\/p>\n","protected":false},"excerpt":{"rendered":"<p>******* &nbsp; DI TIZIANO DE COL Partendo da Forcella Pongol oppure da Forcella Folega ed avviandosi verso Pradus\u00e8l &#8211; Ruit, dopo aver attraversato il Valon dela Cavalera in leggera salita ci si porta sul C\u00f2l dela Sana sito tra i valloni della Cavalera e della Sana. Proprio sul clinale si passa una piccola forcella e&hellip;<\/p>\n","protected":false},"author":4,"featured_media":430452,"comment_status":"closed","ping_status":"closed","sticky":false,"template":"","format":"standard","meta":{"_monsterinsights_skip_tracking":false,"_monsterinsights_sitenote_active":false,"_monsterinsights_sitenote_note":"","_monsterinsights_sitenote_category":0,"footnotes":""},"categories":[1,104,49],"tags":[],"class_list":["post-430450","post","type-post","status-publish","format-standard","has-post-thumbnail","hentry","category-senza-categoria","category-evidenza_3","category-news-18","category-1","category-104","category-49","description-off"],"img_url":"https:\/\/www.radiopiu.net\/wordpress\/wp-content\/uploads\/2025\/01\/b4e37d94-53b1-469c-ae3f-6b0c74241c44.jpg","_links":{"self":[{"href":"https:\/\/www.radiopiu.net\/wordpress\/wp-json\/wp\/v2\/posts\/430450","targetHints":{"allow":["GET"]}}],"collection":[{"href":"https:\/\/www.radiopiu.net\/wordpress\/wp-json\/wp\/v2\/posts"}],"about":[{"href":"https:\/\/www.radiopiu.net\/wordpress\/wp-json\/wp\/v2\/types\/post"}],"author":[{"embeddable":true,"href":"https:\/\/www.radiopiu.net\/wordpress\/wp-json\/wp\/v2\/users\/4"}],"replies":[{"embeddable":true,"href":"https:\/\/www.radiopiu.net\/wordpress\/wp-json\/wp\/v2\/comments?post=430450"}],"version-history":[{"count":2,"href":"https:\/\/www.radiopiu.net\/wordpress\/wp-json\/wp\/v2\/posts\/430450\/revisions"}],"predecessor-version":[{"id":430459,"href":"https:\/\/www.radiopiu.net\/wordpress\/wp-json\/wp\/v2\/posts\/430450\/revisions\/430459"}],"wp:featuredmedia":[{"embeddable":true,"href":"https:\/\/www.radiopiu.net\/wordpress\/wp-json\/wp\/v2\/media\/430452"}],"wp:attachment":[{"href":"https:\/\/www.radiopiu.net\/wordpress\/wp-json\/wp\/v2\/media?parent=430450"}],"wp:term":[{"taxonomy":"category","embeddable":true,"href":"https:\/\/www.radiopiu.net\/wordpress\/wp-json\/wp\/v2\/categories?post=430450"},{"taxonomy":"post_tag","embeddable":true,"href":"https:\/\/www.radiopiu.net\/wordpress\/wp-json\/wp\/v2\/tags?post=430450"}],"curies":[{"name":"wp","href":"https:\/\/api.w.org\/{rel}","templated":true}]}}