{"id":430460,"date":"2025-01-20T05:47:29","date_gmt":"2025-01-20T04:47:29","guid":{"rendered":"https:\/\/www.radiopiu.net\/wordpress\/?p=430460"},"modified":"2025-01-20T05:52:35","modified_gmt":"2025-01-20T04:52:35","slug":"incidenti-in-pista-e-un-malore-nella-domenica-del-suem-118","status":"publish","type":"post","link":"https:\/\/www.radiopiu.net\/wordpress\/incidenti-in-pista-e-un-malore-nella-domenica-del-suem-118\/","title":{"rendered":"INCIDENTI IN PISTA E UN MALORE NELLA DOMENICA DEL SUEM 118"},"content":{"rendered":"<p>******<\/p>\n<p>&nbsp;<\/p>\n<p><strong><a class=\"dt-pswp-item\" href=\"https:\/\/www.radiopiu.net\/wordpress\/wp-content\/uploads\/2025\/01\/WhatsApp-Image-2025-01-16-at-13.19.20.jpeg\" data-dt-img-description=\"\" data-large_image_width=\"2048\" data-large_image_height=\"1152\"><img loading=\"lazy\" decoding=\"async\" class=\" wp-image-430064 alignleft\" src=\"https:\/\/www.radiopiu.net\/wordpress\/wp-content\/uploads\/2025\/01\/WhatsApp-Image-2025-01-16-at-13.19.20-300x169.jpeg\" alt=\"\" width=\"218\" height=\"123\" srcset=\"https:\/\/www.radiopiu.net\/wordpress\/wp-content\/uploads\/2025\/01\/WhatsApp-Image-2025-01-16-at-13.19.20-300x169.jpeg 300w, https:\/\/www.radiopiu.net\/wordpress\/wp-content\/uploads\/2025\/01\/WhatsApp-Image-2025-01-16-at-13.19.20-1024x576.jpeg 1024w, https:\/\/www.radiopiu.net\/wordpress\/wp-content\/uploads\/2025\/01\/WhatsApp-Image-2025-01-16-at-13.19.20-768x432.jpeg 768w, https:\/\/www.radiopiu.net\/wordpress\/wp-content\/uploads\/2025\/01\/WhatsApp-Image-2025-01-16-at-13.19.20-1536x864.jpeg 1536w, https:\/\/www.radiopiu.net\/wordpress\/wp-content\/uploads\/2025\/01\/WhatsApp-Image-2025-01-16-at-13.19.20.jpeg 2048w\" sizes=\"auto, (max-width: 218px) 100vw, 218px\" \/><\/a>REDAZIONE<\/strong> Sono 12 gli interventi di soccorso del Suem 118 sulle piste dei comprensori sciistici della provincia di Belluno. Sulla pista Tofana a Cortina un 79enne di Roma \u00e8 stato soccorso ed elitrasportato a Belluno con ferite di media gravit\u00e0. Poco prima delle 16 l&#8217;elicottero Falco 1 si \u00e8 diretto al Rifugio Averau dove un giovane di 24 anni di Bari aveva accusato un malore ed \u00e8 stato portato al San Martino di Belluno. Negli stessi minuti si \u00e8 alzato in volo anche Falco 2 che \u00e8 stato chiamato sulla pista Cristallo di Cortina per un incidente fuori pista dove \u00e8 rimasto coinvolto un 46enne di Trieste.<\/p>\n<p>&nbsp;<\/p>\n<p>&nbsp;<\/p>\n<p>********<\/p>\n","protected":false},"excerpt":{"rendered":"<p>****** &nbsp; REDAZIONE Sono 12 gli interventi di soccorso del Suem 118 sulle piste dei comprensori sciistici della provincia di Belluno. Sulla pista Tofana a Cortina un 79enne di Roma \u00e8 stato soccorso ed elitrasportato a Belluno con ferite di media gravit\u00e0. Poco prima delle 16 l&#8217;elicottero Falco 1 si \u00e8 diretto al Rifugio Averau&hellip;<\/p>\n","protected":false},"author":4,"featured_media":430064,"comment_status":"closed","ping_status":"closed","sticky":false,"template":"","format":"standard","meta":{"_monsterinsights_skip_tracking":false,"_monsterinsights_sitenote_active":false,"_monsterinsights_sitenote_note":"","_monsterinsights_sitenote_category":0,"footnotes":""},"categories":[51,49],"tags":[],"class_list":["post-430460","post","type-post","status-publish","format-standard","has-post-thumbnail","hentry","category-evidenza-top","category-news-18","category-51","category-49","description-off"],"img_url":"https:\/\/www.radiopiu.net\/wordpress\/wp-content\/uploads\/2025\/01\/WhatsApp-Image-2025-01-16-at-13.19.20.jpeg","_links":{"self":[{"href":"https:\/\/www.radiopiu.net\/wordpress\/wp-json\/wp\/v2\/posts\/430460","targetHints":{"allow":["GET"]}}],"collection":[{"href":"https:\/\/www.radiopiu.net\/wordpress\/wp-json\/wp\/v2\/posts"}],"about":[{"href":"https:\/\/www.radiopiu.net\/wordpress\/wp-json\/wp\/v2\/types\/post"}],"author":[{"embeddable":true,"href":"https:\/\/www.radiopiu.net\/wordpress\/wp-json\/wp\/v2\/users\/4"}],"replies":[{"embeddable":true,"href":"https:\/\/www.radiopiu.net\/wordpress\/wp-json\/wp\/v2\/comments?post=430460"}],"version-history":[{"count":1,"href":"https:\/\/www.radiopiu.net\/wordpress\/wp-json\/wp\/v2\/posts\/430460\/revisions"}],"predecessor-version":[{"id":430461,"href":"https:\/\/www.radiopiu.net\/wordpress\/wp-json\/wp\/v2\/posts\/430460\/revisions\/430461"}],"wp:featuredmedia":[{"embeddable":true,"href":"https:\/\/www.radiopiu.net\/wordpress\/wp-json\/wp\/v2\/media\/430064"}],"wp:attachment":[{"href":"https:\/\/www.radiopiu.net\/wordpress\/wp-json\/wp\/v2\/media?parent=430460"}],"wp:term":[{"taxonomy":"category","embeddable":true,"href":"https:\/\/www.radiopiu.net\/wordpress\/wp-json\/wp\/v2\/categories?post=430460"},{"taxonomy":"post_tag","embeddable":true,"href":"https:\/\/www.radiopiu.net\/wordpress\/wp-json\/wp\/v2\/tags?post=430460"}],"curies":[{"name":"wp","href":"https:\/\/api.w.org\/{rel}","templated":true}]}}