{"id":430500,"date":"2025-01-20T05:48:55","date_gmt":"2025-01-20T04:48:55","guid":{"rendered":"https:\/\/www.radiopiu.net\/wordpress\/?p=430500"},"modified":"2025-01-20T05:52:21","modified_gmt":"2025-01-20T04:52:21","slug":"alpago-mistero-sulla-morte-di-fiorella-galleazzi-oggi-la-decisione-sullautopsia","status":"publish","type":"post","link":"https:\/\/www.radiopiu.net\/wordpress\/alpago-mistero-sulla-morte-di-fiorella-galleazzi-oggi-la-decisione-sullautopsia\/","title":{"rendered":"Alpago: Mistero sulla morte di Fiorella Galleazzi, oggi la decisione sull\u2019autopsia"},"content":{"rendered":"<div class=\"flex-col gap-1 md:gap-3\">\n<div class=\"flex max-w-full flex-col flex-grow\">\n<div class=\"min-h-8 text-message flex w-full flex-col items-end gap-2 whitespace-normal break-words text-start [.text-message+&amp;]:mt-5\" dir=\"auto\" data-message-author-role=\"assistant\" data-message-id=\"1b995743-e069-4341-9d43-9a2481a2bdcb\" data-message-model-slug=\"gpt-4o\">\n<div class=\"flex w-full flex-col gap-1 empty:hidden first:pt-[3px]\">\n<div class=\"markdown prose w-full break-words dark:prose-invert dark\">\n<blockquote><p>&nbsp;<\/p>\n<hr \/>\n<p><strong><a class=\"dt-pswp-item\" href=\"https:\/\/www.radiopiu.net\/wordpress\/wp-content\/uploads\/2025\/01\/coop1-8.png\" data-dt-img-description=\"\" data-large_image_width=\"466\" data-large_image_height=\"217\"><img loading=\"lazy\" decoding=\"async\" class=\"size-medium wp-image-430287 alignleft\" src=\"https:\/\/www.radiopiu.net\/wordpress\/wp-content\/uploads\/2025\/01\/coop1-8-300x140.png\" alt=\"\" width=\"300\" height=\"140\" srcset=\"https:\/\/www.radiopiu.net\/wordpress\/wp-content\/uploads\/2025\/01\/coop1-8-300x140.png 300w, https:\/\/www.radiopiu.net\/wordpress\/wp-content\/uploads\/2025\/01\/coop1-8.png 466w\" sizes=\"auto, (max-width: 300px) 100vw, 300px\" \/><\/a><br \/>\n<\/strong><\/p><\/blockquote>\n<p>ALPAGO<br \/>\nIl corpo di Fiorella Galleazzi, 72 anni, ritrovato sulla strada a Alpago, \u00e8 ancora all\u2019obitorio del San Martino. Oggi il sostituto procuratore Simone Marcon dovrebbe affidare l\u2019incarico al medico legale Antonello Cirnelli per l\u2019autopsia, fondamentale per chiarire le cause del decesso. L&#8217;ipotesi pi\u00f9 accreditata \u00e8 quella di un malore improvviso, ma la magistratura non esclude altre possibilit\u00e0. L\u2019indagine \u00e8 in corso, mentre la comunit\u00e0 locale \u00e8 scossa dalla tragedia e attende risposte.<\/p>\n<\/div>\n<\/div>\n<\/div>\n<\/div>\n<\/div>\n<div class=\"flex items-center justify-center\"><\/div>\n<div><\/div>\n<div><\/div>\n<div><\/div>\n<div><\/div>\n","protected":false},"excerpt":{"rendered":"<p>&nbsp; ALPAGO Il corpo di Fiorella Galleazzi, 72 anni, ritrovato sulla strada a Alpago, \u00e8 ancora all\u2019obitorio del San Martino. Oggi il sostituto procuratore Simone Marcon dovrebbe affidare l\u2019incarico al medico legale Antonello Cirnelli per l\u2019autopsia, fondamentale per chiarire le cause del decesso. L&#8217;ipotesi pi\u00f9 accreditata \u00e8 quella di un malore improvviso, ma la magistratura&hellip;<\/p>\n","protected":false},"author":4,"featured_media":430280,"comment_status":"closed","ping_status":"closed","sticky":false,"template":"","format":"standard","meta":{"_monsterinsights_skip_tracking":false,"_monsterinsights_sitenote_active":false,"_monsterinsights_sitenote_note":"","_monsterinsights_sitenote_category":0,"footnotes":""},"categories":[51,49],"tags":[],"class_list":["post-430500","post","type-post","status-publish","format-standard","has-post-thumbnail","hentry","category-evidenza-top","category-news-18","category-51","category-49","description-off"],"img_url":"https:\/\/www.radiopiu.net\/wordpress\/wp-content\/uploads\/2025\/01\/Senza-nome-58.png","_links":{"self":[{"href":"https:\/\/www.radiopiu.net\/wordpress\/wp-json\/wp\/v2\/posts\/430500","targetHints":{"allow":["GET"]}}],"collection":[{"href":"https:\/\/www.radiopiu.net\/wordpress\/wp-json\/wp\/v2\/posts"}],"about":[{"href":"https:\/\/www.radiopiu.net\/wordpress\/wp-json\/wp\/v2\/types\/post"}],"author":[{"embeddable":true,"href":"https:\/\/www.radiopiu.net\/wordpress\/wp-json\/wp\/v2\/users\/4"}],"replies":[{"embeddable":true,"href":"https:\/\/www.radiopiu.net\/wordpress\/wp-json\/wp\/v2\/comments?post=430500"}],"version-history":[{"count":1,"href":"https:\/\/www.radiopiu.net\/wordpress\/wp-json\/wp\/v2\/posts\/430500\/revisions"}],"predecessor-version":[{"id":430501,"href":"https:\/\/www.radiopiu.net\/wordpress\/wp-json\/wp\/v2\/posts\/430500\/revisions\/430501"}],"wp:featuredmedia":[{"embeddable":true,"href":"https:\/\/www.radiopiu.net\/wordpress\/wp-json\/wp\/v2\/media\/430280"}],"wp:attachment":[{"href":"https:\/\/www.radiopiu.net\/wordpress\/wp-json\/wp\/v2\/media?parent=430500"}],"wp:term":[{"taxonomy":"category","embeddable":true,"href":"https:\/\/www.radiopiu.net\/wordpress\/wp-json\/wp\/v2\/categories?post=430500"},{"taxonomy":"post_tag","embeddable":true,"href":"https:\/\/www.radiopiu.net\/wordpress\/wp-json\/wp\/v2\/tags?post=430500"}],"curies":[{"name":"wp","href":"https:\/\/api.w.org\/{rel}","templated":true}]}}