{"id":430513,"date":"2025-01-21T05:31:48","date_gmt":"2025-01-21T04:31:48","guid":{"rendered":"https:\/\/www.radiopiu.net\/wordpress\/?p=430513"},"modified":"2025-01-21T08:38:45","modified_gmt":"2025-01-21T07:38:45","slug":"giornale-radiopiu-21-gennaio-2025-direttore-mirko-mezzacasada-41-anni-25-giugno-1983-25-giugno-2024","status":"publish","type":"post","link":"https:\/\/www.radiopiu.net\/wordpress\/giornale-radiopiu-21-gennaio-2025-direttore-mirko-mezzacasada-41-anni-25-giugno-1983-25-giugno-2024\/","title":{"rendered":"GIORNALE RADIOPIU 21 GENNAIO 2025 DIRETTORE MIRKO MEZZACASA\u2026DA 41 ANNI 25 GIUGNO 1983-25 GIUGNO 2024"},"content":{"rendered":"<p>********<\/p>\n<p>&nbsp;<\/p>\n<p><em><span style=\"color: #ff0000;\"><a class=\"dt-pswp-item\" href=\"https:\/\/www.radiopiu.net\/wordpress\/wp-content\/uploads\/2024\/10\/Senza-nome-8.png\" data-dt-img-description=\"\" data-large_image_width=\"343\" data-large_image_height=\"303\"><img loading=\"lazy\" decoding=\"async\" class=\"wp-image-412130 alignleft\" src=\"https:\/\/www.radiopiu.net\/wordpress\/wp-content\/uploads\/2024\/10\/Senza-nome-8-300x265.png\" alt=\"\" width=\"105\" height=\"93\" srcset=\"https:\/\/www.radiopiu.net\/wordpress\/wp-content\/uploads\/2024\/10\/Senza-nome-8-300x265.png 300w, https:\/\/www.radiopiu.net\/wordpress\/wp-content\/uploads\/2024\/10\/Senza-nome-8.png 343w\" sizes=\"auto, (max-width: 105px) 100vw, 105px\" \/><\/a><\/span><\/em><strong><em><span style=\"color: #ff0000;\"> LA\u00a0 APP PER IOS-IPHONE di Nicola Vettorello<\/span><\/em><\/strong><\/p>\n<p><strong><span style=\"color: #0000ff;\"><a style=\"color: #0000ff;\" href=\"https:\/\/apps.apple.com\/it\/app\/radio-pi%C3%B9-emittente-agordina\/id1515939845\">https:\/\/apps.apple.com\/it\/app\/radio-pi%C3%B9-emittente-agordina\/id1515939845<\/a><\/span><\/strong><\/p>\n<p><strong><em style=\"color: #ff0000;\">LA\u00a0 APP RADIO\u00a0 PER ANDROID di Nicola Vettorello<\/em><\/strong><\/p>\n<p><strong><span style=\"color: #0000ff;\"><a style=\"color: #0000ff;\" href=\"https:\/\/play.google.com\/store\/apps\/details?id=net.radiopiu.iniko\" target=\"_blank\" rel=\"noopener noreferrer\">https:\/\/<\/a><a style=\"color: #0000ff;\" href=\"https:\/\/play.google.com\/store\/apps\/details?id=net.radiopiu.iniko\" target=\"_blank\" rel=\"noopener noreferrer\">play.google.com\/store\/apps\/details?id=net.radiopiu.iniko\u00a0\u00a0\u00a0<\/a><\/span><\/strong><\/p>\n<p>&nbsp;<\/p>\n<p>&nbsp;<\/p>\n<p>&nbsp;<\/p>\n<hr \/>\n<p>&nbsp;<\/p>\n<p><span style=\"color: #ff0000;\"><strong>OGGI ALLA RADIO:\u00a0<\/strong><\/span><\/p>\n<p><strong><a class=\"dt-pswp-item\" href=\"https:\/\/www.radiopiu.net\/wordpress\/wp-content\/uploads\/2025\/01\/8454e2ab-8775-4637-beb8-4a99b401f196.jpg\" data-dt-img-description=\"\" data-large_image_width=\"1080\" data-large_image_height=\"716\"><img loading=\"lazy\" decoding=\"async\" class=\" wp-image-430658 alignleft\" src=\"https:\/\/www.radiopiu.net\/wordpress\/wp-content\/uploads\/2025\/01\/8454e2ab-8775-4637-beb8-4a99b401f196-300x199.jpg\" alt=\"\" width=\"282\" height=\"187\" srcset=\"https:\/\/www.radiopiu.net\/wordpress\/wp-content\/uploads\/2025\/01\/8454e2ab-8775-4637-beb8-4a99b401f196-300x199.jpg 300w, https:\/\/www.radiopiu.net\/wordpress\/wp-content\/uploads\/2025\/01\/8454e2ab-8775-4637-beb8-4a99b401f196-1024x679.jpg 1024w, https:\/\/www.radiopiu.net\/wordpress\/wp-content\/uploads\/2025\/01\/8454e2ab-8775-4637-beb8-4a99b401f196-768x509.jpg 768w, https:\/\/www.radiopiu.net\/wordpress\/wp-content\/uploads\/2025\/01\/8454e2ab-8775-4637-beb8-4a99b401f196.jpg 1080w\" sizes=\"auto, (max-width: 282px) 100vw, 282px\" \/><\/a>rassegna stampa nazionale,<\/strong> ogni giorno alle 5 e alle 6 del mattino.<br \/>\ngiornali locali 7 rassegna stampa flash, 8 rassegna stampa, gr flash alle 10 e alle 11, principale 12.30. Informazione pomeriggio ogni ora fino alle 20, in coda ai notiziari nazionali. Giornale radio nazionale: ogni ora dalle 4 del mattino, alle 20 della sera. Alle 19 le anticipazioni dal TG di Antenna 3 di Tiziana Bolognani.<\/p>\n<p><strong>OGGI ALLE 8.30<\/strong> la rassegna stampa, da 42 anni puntuale alle otto del mattino\u00a0 <strong>9.00\u00a0 <\/strong>il country, la musica di Alex Nascinben\u00a0<strong> 9.40<\/strong> EREDITA&#8217; OLIMPICA, IL PROGRAMMA DELLE TRE RADIO DI andrea chicca <strong>10.10\u00a0<\/strong> \u00a0con giorgia taio, le nove del musla, le notizie in ladino\u00a0<strong>15.00 <\/strong>il martedi pomeriggio di Luisa Alchini, ospite Francesca Mussoi<strong> (foto) 16 45<\/strong> LE HIT,\u00a0 LE CLASSIFICHE, STORIA DELLA MUSICA CON MIRCO BENCIVENN<strong>I 18.00 <\/strong>APERITIVO IN MUSICA CON DJ JACK<\/p>\n<p><strong><a class=\"dt-pswp-item\" href=\"https:\/\/www.radiopiu.net\/wordpress\/wp-content\/uploads\/2025\/01\/tre-radio.jpg\" data-dt-img-description=\"\" data-large_image_width=\"300\" data-large_image_height=\"229\"><img loading=\"lazy\" decoding=\"async\" class=\" wp-image-429709 alignleft\" src=\"https:\/\/www.radiopiu.net\/wordpress\/wp-content\/uploads\/2025\/01\/tre-radio.jpg\" alt=\"\" width=\"135\" height=\"103\" \/><\/a>E DOMANI SERA&#8230; MERCOLEDI SERA IN DIRETTA\u00a0 DALLE 20.30 CON MIRKO MEZZACASA, MORENO TOCCHETTO, MORGAN GNECH&#8230; LA NOVITA&#8217; DI FEBBRAIO AL NOF FILO&#8217; DI CENCENIGHE!!!<\/strong><\/p>\n<p><strong>I PROGRAMMI DELLE TRE RADIO&#8230; RADIO PIU&#8217;, RADIO CLUB 103, RADIO PRIMIERO<\/strong><br \/>\noggi alle <strong>9.40<\/strong> il programma olimpico di Andre Chicca e alle <strong>13.10<\/strong> sib informa, il programma con Barbara Paolazzi<\/p>\n<p>&nbsp;<\/p>\n<hr \/>\n<p>&nbsp;<\/p>\n<p>&nbsp;<\/p>\n<div class=\"x11i5rnm xat24cr x1mh8g0r x1vvkbs xtlvy1s x126k92a\">\n<div dir=\"auto\">\n<div dir=\"auto\">\n<p><strong><a class=\"dt-pswp-item\" href=\"https:\/\/www.radiopiu.net\/wordpress\/wp-content\/uploads\/2024\/02\/2d44e751-d8a8-461b-8e22-d8e4e853b032.jpg\" data-dt-img-description=\"\" data-large_image_width=\"1600\" data-large_image_height=\"1200\"><img loading=\"lazy\" decoding=\"async\" class=\"wp-image-373307 alignleft\" src=\"https:\/\/www.radiopiu.net\/wordpress\/wp-content\/uploads\/2024\/02\/2d44e751-d8a8-461b-8e22-d8e4e853b032-300x225.jpg\" alt=\"\" width=\"105\" height=\"79\" srcset=\"https:\/\/www.radiopiu.net\/wordpress\/wp-content\/uploads\/2024\/02\/2d44e751-d8a8-461b-8e22-d8e4e853b032-300x225.jpg 300w, https:\/\/www.radiopiu.net\/wordpress\/wp-content\/uploads\/2024\/02\/2d44e751-d8a8-461b-8e22-d8e4e853b032-1024x768.jpg 1024w, https:\/\/www.radiopiu.net\/wordpress\/wp-content\/uploads\/2024\/02\/2d44e751-d8a8-461b-8e22-d8e4e853b032-768x576.jpg 768w, https:\/\/www.radiopiu.net\/wordpress\/wp-content\/uploads\/2024\/02\/2d44e751-d8a8-461b-8e22-d8e4e853b032-1536x1152.jpg 1536w, https:\/\/www.radiopiu.net\/wordpress\/wp-content\/uploads\/2024\/02\/2d44e751-d8a8-461b-8e22-d8e4e853b032.jpg 1600w\" sizes=\"auto, (max-width: 105px) 100vw, 105px\" \/><\/a>EL BAL DEL FIOR, DI GIULIANA DA RONCH, 21 GENNAIO<\/strong><strong> 2025\u00a0<\/strong><\/p>\n<p>&nbsp;<\/p>\n<audio class=\"wp-audio-shortcode\" id=\"audio-430513-1\" preload=\"none\" style=\"width: 100%;\" controls=\"controls\"><source type=\"audio\/mpeg\" src=\"https:\/\/www.radiopiu.net\/wordpress\/wp-content\/uploads\/2025\/01\/GMA-2.mp3?_=1\" \/><a href=\"https:\/\/www.radiopiu.net\/wordpress\/wp-content\/uploads\/2025\/01\/GMA-2.mp3\">https:\/\/www.radiopiu.net\/wordpress\/wp-content\/uploads\/2025\/01\/GMA-2.mp3<\/a><\/audio>\n<p>&nbsp;<\/p>\n<hr \/>\n<p>&nbsp;<\/p>\n<\/div>\n<\/div>\n<\/div>\n<div class=\"x11i5rnm xat24cr x1mh8g0r x1vvkbs xtlvy1s x126k92a\">\n<blockquote>\n<h1><strong><a class=\"dt-pswp-item\" href=\"https:\/\/www.radiopiu.net\/wordpress\/wp-content\/uploads\/2024\/10\/629301fd-708d-4f53-95c2-d28cbefd500f.jpg\" data-dt-img-description=\"\" data-large_image_width=\"1600\" data-large_image_height=\"1322\"><img loading=\"lazy\" decoding=\"async\" class=\"wp-image-413782 alignright\" src=\"https:\/\/www.radiopiu.net\/wordpress\/wp-content\/uploads\/2024\/10\/629301fd-708d-4f53-95c2-d28cbefd500f-300x248.jpg\" alt=\"\" width=\"106\" height=\"88\" srcset=\"https:\/\/www.radiopiu.net\/wordpress\/wp-content\/uploads\/2024\/10\/629301fd-708d-4f53-95c2-d28cbefd500f-300x248.jpg 300w, https:\/\/www.radiopiu.net\/wordpress\/wp-content\/uploads\/2024\/10\/629301fd-708d-4f53-95c2-d28cbefd500f-1024x846.jpg 1024w, https:\/\/www.radiopiu.net\/wordpress\/wp-content\/uploads\/2024\/10\/629301fd-708d-4f53-95c2-d28cbefd500f-768x635.jpg 768w, https:\/\/www.radiopiu.net\/wordpress\/wp-content\/uploads\/2024\/10\/629301fd-708d-4f53-95c2-d28cbefd500f-1536x1269.jpg 1536w, https:\/\/www.radiopiu.net\/wordpress\/wp-content\/uploads\/2024\/10\/629301fd-708d-4f53-95c2-d28cbefd500f.jpg 1600w\" sizes=\"auto, (max-width: 106px) 100vw, 106px\" \/><\/a><\/strong><\/h1>\n<h1><strong><a class=\"dt-pswp-item\" href=\"https:\/\/www.radiopiu.net\/wordpress\/wp-content\/uploads\/2024\/11\/th-18.jpg\" data-dt-img-description=\"\" data-large_image_width=\"156\" data-large_image_height=\"180\"><img loading=\"lazy\" decoding=\"async\" class=\"size-full wp-image-421611 alignleft\" src=\"https:\/\/www.radiopiu.net\/wordpress\/wp-content\/uploads\/2024\/11\/th-18.jpg\" alt=\"\" width=\"156\" height=\"180\" \/><\/a><\/strong><\/h1>\n<h1><strong>N di parom &#8211; L Almanach de la nosta jent<\/strong><\/h1>\n<\/blockquote>\n<p>&nbsp;<\/p>\n<p>Le voci: Davide Conedera, Agordo, Michela Dell&#8217;Osbel, La Valle Agordina Simone Ganz, Falcade Veronica Lezuo, Colle Santa Lucia. La voce nella sigla \u00e8 di Giorgia Taio<\/p>\n<p><strong>LA PUNTATA DI OGGI, 21 GENNAIO 2025<\/strong><\/p>\n<audio class=\"wp-audio-shortcode\" id=\"audio-430513-2\" preload=\"none\" style=\"width: 100%;\" controls=\"controls\"><source type=\"audio\/mpeg\" src=\"https:\/\/www.radiopiu.net\/wordpress\/wp-content\/uploads\/2025\/01\/AL2-2.mp3?_=2\" \/><a href=\"https:\/\/www.radiopiu.net\/wordpress\/wp-content\/uploads\/2025\/01\/AL2-2.mp3\">https:\/\/www.radiopiu.net\/wordpress\/wp-content\/uploads\/2025\/01\/AL2-2.mp3<\/a><\/audio>\n<p>&nbsp;<\/p>\n<p>&nbsp;<\/p>\n<\/div>\n<div class=\"x11i5rnm xat24cr x1mh8g0r x1vvkbs xtlvy1s x126k92a\">\n<div dir=\"auto\">\n<hr \/>\n<\/div>\n<\/div>\n<blockquote>\n<blockquote>\n<h1><span style=\"color: #ff0000;\">\u00a0<\/span><\/h1>\n<h1><span style=\"color: #ff0000;\">I podcast informativi del mattino &#8211; audio &#8211;\u00a0\u00a0<\/span><\/h1>\n<\/blockquote>\n<p><strong><a class=\"dt-pswp-item\" href=\"https:\/\/www.radiopiu.net\/wordpress\/wp-content\/uploads\/2024\/11\/6.jpg\" data-dt-img-description=\"\" data-large_image_width=\"177\" data-large_image_height=\"180\"><img loading=\"lazy\" decoding=\"async\" class=\"size-full wp-image-417911 alignleft\" src=\"https:\/\/www.radiopiu.net\/wordpress\/wp-content\/uploads\/2024\/11\/6.jpg\" alt=\"\" width=\"177\" height=\"180\" \/><\/a>LA RASSEGNA STAMPA NAZIONALE ALLA RADIO, OGNI GIORNO ALLE 5 E ALLE 6 DEL MATTINO <span style=\"color: #0000ff;\">viene pubblicata alle 6.00 <span style=\"color: #ff0000;\">DIRETTA RADIO\u00a0 \u00a0\u00a0<\/span><\/span><\/strong><\/p><\/blockquote>\n<p>&nbsp;<\/p>\n<p><strong>NOTIZIE DELLA NOTTE<\/strong><\/p>\n<p><strong>Australian Open:<\/strong> Paula Badosa batte Coco Gauff, \u00e8 in semifinale <strong>Lo yuan<\/strong> cede terreno sul dollaro con Trump, a 7,2747 <strong>Borsa:<\/strong> Hong Kong positiva, apre a +0,41%<br \/>\n<strong>Borsa<\/strong>: Shanghai apre a +0,38%, Shenzhen a +0,53% <strong>Il leader<\/strong> dei Proud Boys Tarrio graziato da Trump <strong>Trump f<\/strong>irma l&#8217;ordine per l&#8217;uscita degli Usa da Oms <strong>Trump,<\/strong> con Obama conversazioni &#8216;pazze&#8217; al funerale di Carter <strong>Trump,<\/strong> senza un accordo Putin distrugge la Russia<\/p>\n<h2>AUDIO dalle 6 del mattino<\/h2>\n<audio class=\"wp-audio-shortcode\" id=\"audio-430513-3\" preload=\"none\" style=\"width: 100%;\" controls=\"controls\"><source type=\"audio\/mpeg\" src=\"https:\/\/www.radiopiu.net\/wordpress\/wp-content\/uploads\/2025\/01\/GIORNALEDELLESEI-15.mp3?_=3\" \/><a href=\"https:\/\/www.radiopiu.net\/wordpress\/wp-content\/uploads\/2025\/01\/GIORNALEDELLESEI-15.mp3\">https:\/\/www.radiopiu.net\/wordpress\/wp-content\/uploads\/2025\/01\/GIORNALEDELLESEI-15.mp3<\/a><\/audio>\n<p>&nbsp;<\/p>\n<p>&nbsp;<\/p>\n<hr \/>\n<p>&nbsp;<\/p>\n<h1 style=\"text-align: center;\"><span style=\"color: #ff0000;\"><a class=\"dt-pswp-item\" href=\"https:\/\/www.radiopiu.net\/wordpress\/wp-content\/uploads\/2024\/11\/7.jpg\" data-dt-img-description=\"\" data-large_image_width=\"180\" data-large_image_height=\"180\"><img loading=\"lazy\" decoding=\"async\" class=\"size-full wp-image-417912 alignleft\" src=\"https:\/\/www.radiopiu.net\/wordpress\/wp-content\/uploads\/2024\/11\/7.jpg\" alt=\"\" width=\"180\" height=\"180\" srcset=\"https:\/\/www.radiopiu.net\/wordpress\/wp-content\/uploads\/2024\/11\/7.jpg 180w, https:\/\/www.radiopiu.net\/wordpress\/wp-content\/uploads\/2024\/11\/7-150x150.jpg 150w\" sizes=\"auto, (max-width: 180px) 100vw, 180px\" \/><\/a>I podcast informativi del mattino &#8211; audio &#8211;\u00a0<\/span><\/h1>\n<p><strong>OGNI GIORNO ALLE SETTE DEL MATTINO, LA RASSEGNA STAMPA LOCALE FLASH&#8230; PER CHI VA IN FRETTA. I TITOLI DAI GIORNALI E DAL SITO WWW.RADIOPIU.NET <span style=\"color: #0000ff;\">viene pubblicato alle 7.00<\/span> <span style=\"color: #ff0000;\">DIRETTA RADIO\u00a0<\/span><\/strong><\/p>\n<p><em><span style=\"color: #ff0000;\">per chi va in fretta&#8230; tante notizie in pochi minuti. L&#8217;informazione locale alla radio, ogni ora dalle 7 del mattino alle 19 della sera.<\/span><\/em><\/p>\n<h1>AUDIO dalle 7 del mattino<\/h1>\n<audio class=\"wp-audio-shortcode\" id=\"audio-430513-4\" preload=\"none\" style=\"width: 100%;\" controls=\"controls\"><source type=\"audio\/mpeg\" src=\"https:\/\/www.radiopiu.net\/wordpress\/wp-content\/uploads\/2025\/01\/GF07-15.mp3?_=4\" \/><a href=\"https:\/\/www.radiopiu.net\/wordpress\/wp-content\/uploads\/2025\/01\/GF07-15.mp3\">https:\/\/www.radiopiu.net\/wordpress\/wp-content\/uploads\/2025\/01\/GF07-15.mp3<\/a><\/audio>\n<p>&nbsp;<\/p>\n<hr \/>\n<p>&nbsp;<\/p>\n<h1><\/h1>\n<h1 style=\"text-align: center;\"><span style=\"color: #ff0000;\"><a class=\"dt-pswp-item\" href=\"https:\/\/www.radiopiu.net\/wordpress\/wp-content\/uploads\/2024\/11\/th.jpg\" data-dt-img-description=\"\" data-large_image_width=\"148\" data-large_image_height=\"179\"><img loading=\"lazy\" decoding=\"async\" class=\"size-full wp-image-417913 alignleft\" src=\"https:\/\/www.radiopiu.net\/wordpress\/wp-content\/uploads\/2024\/11\/th.jpg\" alt=\"\" width=\"148\" height=\"179\" \/><\/a>I podcast informativi del mattino &#8211; audio &#8211;\u00a0<\/span><\/h1>\n<blockquote><p><strong>GIORNALE RADIO NAZIONALE, EDIZIONE DELLE SETTE <span style=\"color: #0000ff;\">viene pubblicato alle 7.05 <span style=\"color: #ff0000;\">DIRETTA RADIO\u00a0<\/span><\/span><\/strong><\/p><\/blockquote>\n<p><strong>il giornale radionazionale e&#8217; in onda ogni ora, dalle sette del mattino alle venti della sera<\/strong><\/p>\n<p><strong>REGGIO CALABRIA<\/strong> Uomo trovato morto in un edificio, arrestati i figli, uno \u00e8 minorenne<br \/>\nL&#8217;omicidio fu commesso a Bovalino il primo gennaio al culmine di una violenta discussione<strong> NAPOLI <\/strong>Da un gruppo di ragazzi Una vigilessa aggredita e ferita, \u00e8 stata colpita da un sasso <strong>ALTO ADIGE<\/strong> Presentato un rapporto Sono 67 i casi di abusi accertati nella chiesa altoatesina <strong>TORINO<\/strong> Un anno, cinque mesi e 23 giorni per l&#8217;ex sindaca Appendino, oggi deputata <strong>TARANTO <\/strong>Paziente aggredisce tre infermiere in ospedale. Prognosi di tre giorni. <strong>UDINE<\/strong><br \/>\nCondanna record per un impiegato delle dogane, dov\u00e0 risarcire 2,1 milioni Sentenza della Corte dei Conti del Friuli Venezia Giulia per mancate entrate tributarie <strong>CAGLIARI<\/strong> La Uilpa: &#8216;Un suicidio in carcere, sono gi\u00e0 otto in Italia nel 2025&#8217; Il sindacato di polizia penitenziaria: &#8216;Il detenuto si \u00e8 impiccato in cella a Uta <strong>MILANO<\/strong> Registrata alla nascita, una giovane cinese risultata fantasma per 17 anni Mai andata in una scuola, mai in ospedale <strong>PRATO<\/strong> Vandalizzata la basilica delle Carceri, sfondati i portoni Il vescovo Minervini: &#8216;\u00c8 un gesto grave e insensato&#8217;<\/p>\n<h2><span style=\"color: #ff0000;\"><span style=\"color: #0000ff;\">ULTIM&#8217;ORA<\/span> <span style=\"color: #000000;\">AUDIO dalle sette del mattino, ogni ora alla radio EDIZIONE DELLE SETTE<\/span><\/span><\/h2>\n<audio class=\"wp-audio-shortcode\" id=\"audio-430513-5\" preload=\"none\" style=\"width: 100%;\" controls=\"controls\"><source type=\"audio\/mpeg\" src=\"https:\/\/www.radiopiu.net\/wordpress\/wp-content\/uploads\/2025\/01\/giornale07-20.mp3?_=5\" \/><a href=\"https:\/\/www.radiopiu.net\/wordpress\/wp-content\/uploads\/2025\/01\/giornale07-20.mp3\">https:\/\/www.radiopiu.net\/wordpress\/wp-content\/uploads\/2025\/01\/giornale07-20.mp3<\/a><\/audio>\n<p>&nbsp;<\/p>\n<hr \/>\n<p>&nbsp;<\/p>\n<p>&nbsp;<\/p>\n<h1><span style=\"color: #ff0000;\"><a class=\"dt-pswp-item\" href=\"https:\/\/www.radiopiu.net\/wordpress\/wp-content\/uploads\/2024\/11\/8.jpg\" data-dt-img-description=\"\" data-large_image_width=\"180\" data-large_image_height=\"180\"><img loading=\"lazy\" decoding=\"async\" class=\"size-full wp-image-417910 alignleft\" src=\"https:\/\/www.radiopiu.net\/wordpress\/wp-content\/uploads\/2024\/11\/8.jpg\" alt=\"\" width=\"180\" height=\"180\" srcset=\"https:\/\/www.radiopiu.net\/wordpress\/wp-content\/uploads\/2024\/11\/8.jpg 180w, https:\/\/www.radiopiu.net\/wordpress\/wp-content\/uploads\/2024\/11\/8-150x150.jpg 150w\" sizes=\"auto, (max-width: 180px) 100vw, 180px\" \/><\/a>I podcast informativi del mattino &#8211; video &#8211;\u00a0<\/span><\/h1>\n<h2 style=\"text-align: left;\"><strong>RASSEGNA STAMPA LOCALE, ORE OTTO<\/strong><\/h2>\n<h2><strong> <span style=\"color: #0000ff;\">viene\u00a0 <\/span><\/strong><strong><span style=\"color: #0000ff;\">pubblicata alle 8.05 <span style=\"color: #ff0000;\">DIRETTA RADIO\u00a0 \u00a0<\/span><\/span><\/strong><strong>DI MIRKO MEZZACASA<\/strong><\/h2>\n<h2><span style=\"color: #ff0000;\"><strong>\u00a0<\/strong><\/span><\/h2>\n<h2><span style=\"color: #ff0000;\"><strong>\u00a0<\/strong><\/span><span style=\"color: #ff0000;\"><strong>VIDEO\u00a0 \u00a0in diretta AGGIORNAMENTO\u00a0 dalle 8 del mattino\u00a0 \u00a0<\/strong><\/span><\/h2>\n<p><iframe loading=\"lazy\" style=\"border: none; overflow: hidden;\" src=\"https:\/\/www.facebook.com\/plugins\/video.php?height=314&amp;href=https%3A%2F%2Fwww.facebook.com%2Fradiopiu%2Fvideos%2F960264966050857%2F&amp;show_text=false&amp;width=560&amp;t=0\" width=\"560\" height=\"314\" frameborder=\"0\" scrolling=\"no\" allowfullscreen=\"allowfullscreen\"><\/iframe><\/p>\n\n\t\t\t<style type='text\/css'>\n\t\t\t\t#gallery-1 {\n\t\t\t\t\tmargin: auto;\n\t\t\t\t}\n\t\t\t\t#gallery-1 .gallery-item {\n\t\t\t\t\tfloat: left;\n\t\t\t\t\tmargin-top: 10px;\n\t\t\t\t\ttext-align: center;\n\t\t\t\t\twidth: 50%;\n\t\t\t\t}\n\t\t\t\t#gallery-1 img {\n\t\t\t\t\tborder: 2px solid #cfcfcf;\n\t\t\t\t}\n\t\t\t\t#gallery-1 .gallery-caption {\n\t\t\t\t\tmargin-left: 0;\n\t\t\t\t}\n\t\t\t\t\/* see gallery_shortcode() in wp-includes\/media.php *\/\n\t\t\t<\/style>\n\t\t<div id='gallery-1' class='dt-gallery-container gallery galleryid-430513 gallery-columns-2 gallery-size-medium'><dl class='gallery-item'>\n\t\t\t\t<dt class='gallery-icon landscape'>\n\t\t\t\t\t<a class=\"rollover rollover-zoom dt-pswp-item\" title=\"Senza nome\" data-dt-img-description=\"\" data-large_image_width=\"532\" data-large_image_height=\"313\"href='https:\/\/www.radiopiu.net\/wordpress\/wp-content\/uploads\/2025\/01\/Senza-nome-64.png'><img loading=\"lazy\" decoding=\"async\" width=\"300\" height=\"177\" src=\"https:\/\/www.radiopiu.net\/wordpress\/wp-content\/uploads\/2025\/01\/Senza-nome-64-300x177.png\" class=\"attachment-medium size-medium\" alt=\"\" srcset=\"https:\/\/www.radiopiu.net\/wordpress\/wp-content\/uploads\/2025\/01\/Senza-nome-64-300x177.png 300w, https:\/\/www.radiopiu.net\/wordpress\/wp-content\/uploads\/2025\/01\/Senza-nome-64.png 532w\" sizes=\"auto, (max-width: 300px) 100vw, 300px\" \/><\/a>\n\t\t\t\t<\/dt><\/dl><dl class='gallery-item'>\n\t\t\t\t<dt class='gallery-icon landscape'>\n\t\t\t\t\t<a class=\"rollover rollover-zoom dt-pswp-item\" title=\"SSSSS\" data-dt-img-description=\"\" data-large_image_width=\"565\" data-large_image_height=\"287\"href='https:\/\/www.radiopiu.net\/wordpress\/wp-content\/uploads\/2025\/01\/SSSSS.png'><img loading=\"lazy\" decoding=\"async\" width=\"300\" height=\"152\" src=\"https:\/\/www.radiopiu.net\/wordpress\/wp-content\/uploads\/2025\/01\/SSSSS-300x152.png\" class=\"attachment-medium size-medium\" alt=\"\" srcset=\"https:\/\/www.radiopiu.net\/wordpress\/wp-content\/uploads\/2025\/01\/SSSSS-300x152.png 300w, https:\/\/www.radiopiu.net\/wordpress\/wp-content\/uploads\/2025\/01\/SSSSS.png 565w\" sizes=\"auto, (max-width: 300px) 100vw, 300px\" \/><\/a>\n\t\t\t\t<\/dt><\/dl><br style=\"clear: both\" \/>\n\t\t\t<\/div>\n\n<p>&nbsp;<\/p>\n<hr \/>\n<p>&nbsp;<\/p>\n<hr \/>\n<p>&nbsp;<\/p>\n<p>&nbsp;<\/p>\n<p><strong><a class=\"dt-pswp-item\" href=\"https:\/\/www.radiopiu.net\/wordpress\/wp-content\/uploads\/2023\/12\/ANTENNA.png\" data-dt-img-description=\"\" data-large_image_width=\"300\" data-large_image_height=\"166\"><img loading=\"lazy\" decoding=\"async\" class=\"wp-image-366306 alignright\" src=\"https:\/\/www.radiopiu.net\/wordpress\/wp-content\/uploads\/2023\/12\/ANTENNA.png\" alt=\"\" width=\"101\" height=\"56\" \/><\/a><a class=\"dt-pswp-item\" href=\"https:\/\/www.radiopiu.net\/wordpress\/wp-content\/uploads\/2024\/11\/th-17.jpg\" data-dt-img-description=\"\" data-large_image_width=\"224\" data-large_image_height=\"180\"><img loading=\"lazy\" decoding=\"async\" class=\" wp-image-421610 alignleft\" src=\"https:\/\/www.radiopiu.net\/wordpress\/wp-content\/uploads\/2024\/11\/th-17.jpg\" alt=\"\" width=\"167\" height=\"134\" \/><\/a>ogni sera alle 19 le anticipazioni alla radio, quello che poi seguirete nel TELEGIORNALE BELLUNESE\u00a0 in onda alle 19.30 sul CANALE 10 del digitale terrestre.\u00a0\u00a0<\/strong><\/p>\n<p>&nbsp;<\/p>\n<p><b>\u00a0<\/b><\/p>\n<p><strong>LE ANTICIPAZIONI DI TIZIANA BOLOGNANI<\/strong><\/p>\n<audio class=\"wp-audio-shortcode\" id=\"audio-430513-6\" preload=\"none\" style=\"width: 100%;\" controls=\"controls\"><source type=\"audio\/mpeg\" src=\"https:\/\/www.radiopiu.net\/wordpress\/wp-content\/uploads\/2025\/01\/ANTENNA3-12.mp3?_=6\" \/><a href=\"https:\/\/www.radiopiu.net\/wordpress\/wp-content\/uploads\/2025\/01\/ANTENNA3-12.mp3\">https:\/\/www.radiopiu.net\/wordpress\/wp-content\/uploads\/2025\/01\/ANTENNA3-12.mp3<\/a><\/audio>\n<p>&nbsp;<\/p>\n<p>&nbsp;<\/p>\n<hr \/>\n<p>&nbsp;<\/p>\n<blockquote>\n<h3>SP 11 DI SOVERZENE CHIUSA PER DUE GIORNI<\/h3>\n<\/blockquote>\n<p><strong>REDAZIONE<\/strong> Veneto Strade comunica che dal 22 al 24 gennaio la SP 11 di Soverzene sar\u00e0 chiusa totalmente alla circolazione con divieto di transito per tutti i veicoli.<\/p>\n<p>&nbsp;<\/p>\n<p>&nbsp;<\/p>\n<hr \/>\n<p>&nbsp;<\/p>\n<blockquote>\n<h3>MALORE FATALE SULLA PISTA DEL PORDOI<\/h3>\n<\/blockquote>\n<p><a class=\"dt-pswp-item\" href=\"https:\/\/www.radiopiu.net\/wordpress\/wp-content\/uploads\/2025\/01\/salt.png\" data-dt-img-description=\"foto simone pra\" data-large_image_width=\"707\" data-large_image_height=\"362\"><img loading=\"lazy\" decoding=\"async\" class=\"wp-image-430223 alignleft\" src=\"https:\/\/www.radiopiu.net\/wordpress\/wp-content\/uploads\/2025\/01\/salt-300x154.png\" alt=\"\" width=\"267\" height=\"137\" srcset=\"https:\/\/www.radiopiu.net\/wordpress\/wp-content\/uploads\/2025\/01\/salt-300x154.png 300w, https:\/\/www.radiopiu.net\/wordpress\/wp-content\/uploads\/2025\/01\/salt.png 707w\" sizes=\"auto, (max-width: 267px) 100vw, 267px\" \/><\/a><strong>REDAZIONE<\/strong> La giornata di ieri del Suem 118 \u00e8 iniziata con tre interventi. Prima uscita per un incidente stradale a Primolano, alle 08:47, che ha coinvolto due uomini di 67 anni, residenti a Bassano del Grappa. I soccorritori hanno classificato la gravit\u00e0 come livello 2. Entrambi sono stati trasportati in ambulanza all\u2019Ospedale di Feltre. Un\u2019ora dopo, alle 09:52, una donna di 88 anni, residente ad Alpago, ha accusato un malore a Pieve d\u2019Alpago. Le sue condizioni, anch\u2019esse classificate di livello 2, hanno richiesto l\u2019intervento congiunto di un elicottero Falco e un\u2019ambulanza. La paziente \u00e8 stata trasferita a Puos d\u2019Alpago, nel Bellunese. Nel pomeriggio, un altro intervento ha interessato un infortunio sulle Tofane, a Cortina, alle 12:37. Una persona ha subito un trauma all\u2019arto inferiore ed \u00e8 stata soccorsa dal Falco 1. <strong>Poco prima delle 14 l&#8217;elicottero falco 2 \u00e8 stato chiamato sulla pista del Pordoi dove un uomo tedesco di 64 anni era rimasto incosciente in seguito ad un malore. I sanitari non hanno fatto altro che constatarne il decesso.<\/strong><\/p>\n<div class=\"articlePlainText\">\n<blockquote><p><em>Falco 2 torna nel suo hangar dopo la stagione sciistica, ma anche la giornata di ieri \u00e8 stata campale per le equipe del Suem: l&#8217;ultimo volo del secondo elisoccorso, infatti, \u00e8 stato effettuato per il recupero di un tedesco di 64 anni stroncato da un infarto sulle piste del Pordoi.\u00a0\u00a0<\/em><\/p><\/blockquote>\n<\/div>\n<div><\/div>\n<div>\n<hr \/>\n<\/div>\n<div><\/div>\n<blockquote>\n<h2>Sedico in lutto: addio ad Alessia Chiapparo, giovane mamma scomparsa a 35 anni<\/h2>\n<\/blockquote>\n<div>\n<blockquote>\n<h2><a class=\"dt-pswp-item\" href=\"https:\/\/www.radiopiu.net\/wordpress\/wp-content\/uploads\/2025\/01\/download-6.jpg\" data-dt-img-description=\"\" data-large_image_width=\"266\" data-large_image_height=\"189\"><img loading=\"lazy\" decoding=\"async\" class=\"size-full wp-image-430665 alignleft\" src=\"https:\/\/www.radiopiu.net\/wordpress\/wp-content\/uploads\/2025\/01\/download-6.jpg\" alt=\"\" width=\"266\" height=\"189\" \/><\/a><\/h2>\n<\/blockquote>\n<p><strong>SEDICO<\/strong> \u2013 Profondo dolore e commozione per la scomparsa di Alessia &#8220;Chia&#8221; Chiapparo, 35enne originaria di Napoli, vinta da un male incurabile scoperto un mese dopo la nascita della figlia. Trasferitasi in provincia per lavorare in Luxottica, ha trascorso gli ultimi mesi nell\u2019hospice Casa Tua Due a Belluno, dove a novembre ha sposato il marito Christian Da Rold.<\/p>\n<p>La cerimonia di commiato si terr\u00e0 gioved\u00ec a Sedico, prima che le sue ceneri riposino a Napoli. Sui social, numerosi i messaggi di affetto e cordoglio per una donna solare e amata. La notizia della scomparsa di Alessia si \u00e8 subito diffusa ieri via social. In rete anche il cordoglio del fratello Armando, che la piange assieme a mamma Patrizia, pap\u00e0 Diego e tutti i parenti:<em> \u00abOra il Paradiso ha l&#8217;angelo pi\u00f9 bello che possa avere, l&#8217;animo pi\u00f9 nobile e la dolcezza pi\u00f9 infinita dell&#8217;universo. Sei e sarai sempre l&#8217;esempio di donna e di mamma che qualunque famiglia vorrebbe avere, l&#8217;amica pi\u00f9 importante che si possa avere. Te ne sei andata via troppo presto, troppo velocemente a soli 35 anni. Hai sempre creduto in me, creandomi quella stima nella vita che solo grazie a te adesso ho e sono diventato quello che sono. Mi sono preparato a questo momento visto l&#8217;ultimo mese come \u00e8 andato, ma per realizzare la tua assenza credo che un&#8217;intera vita non baster\u00e0\u00bb.\u00a0<\/em><\/p>\n<p>&nbsp;<\/p>\n<hr \/>\n<p>&nbsp;<\/p>\n<blockquote>\n<h2>Buscole, Fiorella Galleazzi morta per cause naturali o incidente: nessun risvolto penale<\/h2>\n<\/blockquote>\n<p>&nbsp;<\/p>\n<p><strong><img loading=\"lazy\" decoding=\"async\" class=\"alignleft\" src=\"https:\/\/www.radiopiu.net\/wordpress\/wp-content\/uploads\/2025\/01\/Senza-nome-58.png\" width=\"176\" height=\"113\" \/>ALPAGO<\/strong> \u2013 La Procura esclude responsabilit\u00e0 di terzi nella morte di Fiorella Galleazzi, trovata senza vita in strada all\u2019alba. Dopo le prime ipotesi investigative, verr\u00e0 effettuato solo un esame esterno della salma, senza autopsia. Le immagini di una telecamera di sorveglianza non mostrano interventi di terzi: la donna potrebbe aver avuto un malore o essere scivolata sul ghiaccio. Il fascicolo d&#8217;indagine sar\u00e0 chiuso senza indagati. Dopo l\u2019ultimo accertamento medico, la Procura dar\u00e0 il nulla osta per i funerali.<\/p>\n<p>&nbsp;<\/p>\n<\/div>\n<div>\n<div class=\"bd_header_single bd_header_single_template_2\">\n<div class=\"bd-container\">\n<div class=\"bd_header_single_holder\">\n<h1 class=\"_title post-title entry-title\">ALPAGO | 72 ENNE TROVATA MORTA A BUSCOLE, MERCOLEDI\u2019 ISPEZIONE CADAVERICA AL S. MARTINO<\/h1>\n<div class=\"article-meta-info\">\n<div class=\"cfix\">(Servizio di\u00a0<a href=\"https:\/\/antennatre.medianordest.it\/redazione\/Tiziana-Bolognani\/\">Tiziana Bolognani<\/a>)<\/div>\n<\/div>\n<\/div>\n<\/div>\n<\/div>\n<div class=\"bd-content-wrap\">\n<div class=\"bd-container bdaia-post-template entry-content-only\">\n<div class=\"bd-row\">\n<div class=\"bd-main\">\n<div id=\"content\" role=\"main\">\n<article id=\"post-136176\" class=\"hentry post-136176 post type-post status-publish format-standard has-post-thumbnail category-a3treviso tag-a3 tag-alpago tag-belluno tag-esameesterno tag-fiorellagalleazzi tag-medicinalegale tag-news tag-procura tag-simonemarcon tag-tizianabolognani\">\n<div class=\"bdaia-post-content\">\n<p><iframe loading=\"lazy\" title=\"72 ENNE TROVATA MORTA A BUSCOLE, MERCOLEDI&#039; ISPEZIONE CADAVERICA AL S. MARTINO | 20\/01\/2025\" width=\"1200\" height=\"675\" src=\"https:\/\/www.youtube.com\/embed\/eDUQb3Hr5SY?feature=oembed\" frameborder=\"0\" allow=\"accelerometer; autoplay; clipboard-write; encrypted-media; gyroscope; picture-in-picture; web-share\" referrerpolicy=\"strict-origin-when-cross-origin\" allowfullscreen><\/iframe><\/p>\n<p>&nbsp;<\/p>\n<\/div>\n<\/article>\n<\/div>\n<\/div>\n<\/div>\n<\/div>\n<\/div>\n<\/div>\n<hr \/>\n<p>&nbsp;<\/p>\n<blockquote>\n<h3>INDIVIDUATI GLI AUTORI DEL DANNEGGIAMENTO DELLA PISTA DA FONDO A GARES<\/h3>\n<\/blockquote>\n<p><strong><a class=\"dt-pswp-item\" href=\"https:\/\/www.radiopiu.net\/wordpress\/wp-content\/uploads\/2025\/01\/VALLE-DI-GARES-2-1.jpg\" data-dt-img-description=\"\" data-large_image_width=\"1000\" data-large_image_height=\"650\"><img loading=\"lazy\" decoding=\"async\" class=\" wp-image-430652 alignleft\" src=\"https:\/\/www.radiopiu.net\/wordpress\/wp-content\/uploads\/2025\/01\/VALLE-DI-GARES-2-1-300x195.jpg\" alt=\"\" width=\"249\" height=\"162\" srcset=\"https:\/\/www.radiopiu.net\/wordpress\/wp-content\/uploads\/2025\/01\/VALLE-DI-GARES-2-1-300x195.jpg 300w, https:\/\/www.radiopiu.net\/wordpress\/wp-content\/uploads\/2025\/01\/VALLE-DI-GARES-2-1-768x499.jpg 768w, https:\/\/www.radiopiu.net\/wordpress\/wp-content\/uploads\/2025\/01\/VALLE-DI-GARES-2-1.jpg 1000w\" sizes=\"auto, (max-width: 249px) 100vw, 249px\" \/><\/a>CANALE D&#8217;AGORDO<\/strong><\/p>\n<p>DI GIANNI SANTOMASO<\/p>\n<audio class=\"wp-audio-shortcode\" id=\"audio-430513-7\" preload=\"none\" style=\"width: 100%;\" controls=\"controls\"><source type=\"audio\/mpeg\" src=\"https:\/\/www.radiopiu.net\/wordpress\/wp-content\/uploads\/2025\/01\/GIANNI-INDIVIDUATI-GLI-AUTORI-DEL-DANNEGGIAMENTO-DELLA-PISTA-DA-FONDO-A-GARES.mp3?_=7\" \/><a href=\"https:\/\/www.radiopiu.net\/wordpress\/wp-content\/uploads\/2025\/01\/GIANNI-INDIVIDUATI-GLI-AUTORI-DEL-DANNEGGIAMENTO-DELLA-PISTA-DA-FONDO-A-GARES.mp3\">https:\/\/www.radiopiu.net\/wordpress\/wp-content\/uploads\/2025\/01\/GIANNI-INDIVIDUATI-GLI-AUTORI-DEL-DANNEGGIAMENTO-DELLA-PISTA-DA-FONDO-A-GARES.mp3<\/a><\/audio>\n<p>&nbsp;<\/p>\n<hr \/>\n<blockquote>\n<h3><\/h3>\n<h3>PASSI INNEVATI E PRESI D&#8217;ASSALTO DALLE AUTO SPORTIVE<\/h3>\n<\/blockquote>\n<p><strong><a class=\"dt-pswp-item\" href=\"https:\/\/www.radiopiu.net\/wordpress\/wp-content\/uploads\/2021\/12\/arabba-by-night-photo-credit-Arabba_Fodom_Turismo.gif\" data-dt-img-description=\"\" data-large_image_width=\"300\" data-large_image_height=\"200\"><img loading=\"lazy\" decoding=\"async\" class=\" wp-image-250994 alignleft\" src=\"https:\/\/www.radiopiu.net\/wordpress\/wp-content\/uploads\/2021\/12\/arabba-by-night-photo-credit-Arabba_Fodom_Turismo.gif\" alt=\"\" width=\"206\" height=\"137\" \/><\/a>LIVINALLONGO<\/strong> Prima neve dell&#8217;anno e passi invasi dalle auto sportive. Nelle notti scorse le auto hanno sfrecciato sulla neve fresca dei passi dolomitici. I problemi non sono mancati e l&#8217;amministrazione comunale di Livinallongo si attiver\u00e0 perch\u00e8 questi fatti non succedano pi\u00f9.<\/p>\n<p>&nbsp;<\/p>\n<p>&nbsp;<\/p>\n<p>&nbsp;<\/p>\n<p><strong>GABRIELE DELMONEGO, VICESINDACO DI LIVINALONGO<\/strong><\/p>\n<audio class=\"wp-audio-shortcode\" id=\"audio-430513-8\" preload=\"none\" style=\"width: 100%;\" controls=\"controls\"><source type=\"audio\/mpeg\" src=\"https:\/\/www.radiopiu.net\/wordpress\/wp-content\/uploads\/2025\/01\/DELMONEGO-PASSI.mp3?_=8\" \/><a href=\"https:\/\/www.radiopiu.net\/wordpress\/wp-content\/uploads\/2025\/01\/DELMONEGO-PASSI.mp3\">https:\/\/www.radiopiu.net\/wordpress\/wp-content\/uploads\/2025\/01\/DELMONEGO-PASSI.mp3<\/a><\/audio>\n<p>&nbsp;<\/p>\n<p>&nbsp;<\/p>\n<hr \/>\n<p>&nbsp;<\/p>\n<p>&nbsp;<\/p>\n<blockquote>\n<h1>Lupi attaccano e uccidono un setter vicino a un ristorante a Le Ei<\/h1>\n<\/blockquote>\n<p><strong>LA<img loading=\"lazy\" decoding=\"async\" class=\"alignleft\" src=\"https:\/\/www.radiopiu.net\/wordpress\/wp-content\/uploads\/2025\/01\/84dccae5-7426-4c56-b879-574a9503571d-300x300.webp\" width=\"119\" height=\"119\" \/>MON<\/strong><\/p>\n<p>Un attacco di due lupi adulti, avvenuto sabato sera, \u00e8 costato la vita a un cane setter che si trovava all\u2019esterno di un ristorante, a pochi metri dai clienti. La proprietaria ha scoperto la carcassa solo la mattina successiva, esprimendo dolore e rammarico per non essere riuscita a proteggerlo. Sul posto sono intervenuti i carabinieri forestali, che hanno confermato l\u2019attacco tramite un video di sorveglianza. L\u2019episodio riaccende il dibattito sulle predazioni nella zona, con il consigliere comunale Paolo Malacarne che denuncia le conseguenze sul territorio e sul turismo<\/p>\n<p>&nbsp;<\/p>\n<p>&nbsp;<\/p>\n<p>&nbsp;<\/p>\n<hr \/>\n<p>&nbsp;<\/p>\n<blockquote>\n<h3>ASSEMBLEA ALL&#8217;APERTO PER I DIPENDENTI DI CERAMICA DOLOMITE<\/h3>\n<\/blockquote>\n<p><strong><a class=\"dt-pswp-item\" href=\"https:\/\/www.radiopiu.net\/wordpress\/wp-content\/uploads\/2024\/07\/CERAMICA-DOLOMITE.png\" data-dt-img-description=\"\" data-large_image_width=\"914\" data-large_image_height=\"560\"><img loading=\"lazy\" decoding=\"async\" class=\" wp-image-400547 alignleft\" src=\"https:\/\/www.radiopiu.net\/wordpress\/wp-content\/uploads\/2024\/07\/CERAMICA-DOLOMITE-300x184.png\" alt=\"\" width=\"232\" height=\"142\" srcset=\"https:\/\/www.radiopiu.net\/wordpress\/wp-content\/uploads\/2024\/07\/CERAMICA-DOLOMITE-300x184.png 300w, https:\/\/www.radiopiu.net\/wordpress\/wp-content\/uploads\/2024\/07\/CERAMICA-DOLOMITE-768x471.png 768w, https:\/\/www.radiopiu.net\/wordpress\/wp-content\/uploads\/2024\/07\/CERAMICA-DOLOMITE.png 914w\" sizes=\"auto, (max-width: 232px) 100vw, 232px\" \/><\/a>BORGO VALBELLUNA<\/strong> Ieri si \u00e8 tenuta un&#8217;assemblea all&#8217;aperto nello stabilimento di Ceramica Dolomite a Trichiana per aggiornare i lavoratori, molti dei quali in cassa integrazione, sulla situazione aziendale. Durante l\u2019incontro, i sindacati hanno riferito i risultati del tavolo di lavoro tenutosi a Roma, con ministero, azienda, Invitalia, Regione e altri rappresentanti. Il segretario della Filctem Cgil, Gianpietro Marra, ha ribadito che lo stabilimento non chiuder\u00e0, sottolineando la necessit\u00e0 di rifinanziamenti pubblici e privati. \u00c8 stato presentato un piano triennale fino al 2027 che prevede un aumento della produzione, da 425mila pezzi nel 2025 a 575mila nel 2027, con nuovi prodotti e brevetti. Invitalia, gi\u00e0 intervenuta in passato con sette milioni di euro, non ha fornito dettagli sul possibile impegno finanziario. I lavoratori attendono sviluppi decisivi nei prossimi incontri.<\/p>\n<p>&nbsp;<\/p>\n<p>&nbsp;<\/p>\n<hr \/>\n<p>&nbsp;<\/p>\n<blockquote>\n<h3>SOPRALLUOGO AL CODIVILLA CON REGIONE VENETO E COMUNE DI CORTINA<\/h3>\n<\/blockquote>\n<p><strong><a class=\"dt-pswp-item\" href=\"https:\/\/www.radiopiu.net\/wordpress\/wp-content\/uploads\/2025\/01\/WhatsApp-Image-2025-01-20-at-15.15.44.jpeg\" data-dt-img-description=\"\" data-large_image_width=\"2040\" data-large_image_height=\"1530\"><img loading=\"lazy\" decoding=\"async\" class=\" wp-image-430615 alignleft\" src=\"https:\/\/www.radiopiu.net\/wordpress\/wp-content\/uploads\/2025\/01\/WhatsApp-Image-2025-01-20-at-15.15.44-300x225.jpeg\" alt=\"\" width=\"179\" height=\"134\" srcset=\"https:\/\/www.radiopiu.net\/wordpress\/wp-content\/uploads\/2025\/01\/WhatsApp-Image-2025-01-20-at-15.15.44-300x225.jpeg 300w, https:\/\/www.radiopiu.net\/wordpress\/wp-content\/uploads\/2025\/01\/WhatsApp-Image-2025-01-20-at-15.15.44-1024x768.jpeg 1024w, https:\/\/www.radiopiu.net\/wordpress\/wp-content\/uploads\/2025\/01\/WhatsApp-Image-2025-01-20-at-15.15.44-768x576.jpeg 768w, https:\/\/www.radiopiu.net\/wordpress\/wp-content\/uploads\/2025\/01\/WhatsApp-Image-2025-01-20-at-15.15.44-1536x1152.jpeg 1536w, https:\/\/www.radiopiu.net\/wordpress\/wp-content\/uploads\/2025\/01\/WhatsApp-Image-2025-01-20-at-15.15.44.jpeg 2040w\" sizes=\"auto, (max-width: 179px) 100vw, 179px\" \/><\/a>CORTINA<\/strong> Ieri mattina si \u00e8 svolto un sopralluogo al cantiere dell\u2019ospedale Codivilla di Cortina, futuro &#8220;policlinico olimpico&#8221; per i Giochi invernali e successivamente ospedale operativo. Presenti il Commissario dell\u2019Ulss Dolomiti Giuseppe Dal Ben, rappresentanti della Regione Veneto, il sindaco Gianluca Lorenzi e il vicesindaco Roberta Alver\u00e0, insieme al Regional Medical Officer Paolo Rosi e ai responsabili tecnici. Il cronoprogramma, con termine dei lavori a settembre 2025, \u00e8 rispettato: procede l\u2019impiantistica interna ed \u00e8 quasi ultimata la colonna di servizio esterna. Il sindaco ha espresso soddisfazione per i progressi, sottolineando l\u2019importanza del progetto per la comunit\u00e0.<\/p>\n<p>&nbsp;<\/p>\n<p>&nbsp;<\/p>\n<hr \/>\n<p>&nbsp;<\/p>\n<blockquote>\n<h3>VENERDI&#8217; A BELLUNO SI PARLA DI SANITA&#8217; IN MONTAGNA<\/h3>\n<\/blockquote>\n<p><strong><a class=\"dt-pswp-item\" href=\"https:\/\/www.radiopiu.net\/wordpress\/wp-content\/uploads\/2023\/11\/DARIO-SCOPEL.png\" data-dt-img-description=\"\" data-large_image_width=\"645\" data-large_image_height=\"410\"><img loading=\"lazy\" decoding=\"async\" class=\" wp-image-362294 alignleft\" src=\"https:\/\/www.radiopiu.net\/wordpress\/wp-content\/uploads\/2023\/11\/DARIO-SCOPEL-300x191.png\" alt=\"\" width=\"179\" height=\"114\" srcset=\"https:\/\/www.radiopiu.net\/wordpress\/wp-content\/uploads\/2023\/11\/DARIO-SCOPEL-300x191.png 300w, https:\/\/www.radiopiu.net\/wordpress\/wp-content\/uploads\/2023\/11\/DARIO-SCOPEL.png 645w\" sizes=\"auto, (max-width: 179px) 100vw, 179px\" \/><\/a>BELLUNO<\/strong> Uno sguardo sulla sanit\u00e0 di montagna, dall&#8217;Europa alle realt\u00e0 locali: a proporlo per la giornata di venerd\u00ec a Belluno \u00e8 Forza Italia, assieme al Partito Popolare Europeo.<\/p>\n<p><strong>DI DANIELE DALVIT<\/strong><\/p>\n<audio class=\"wp-audio-shortcode\" id=\"audio-430513-9\" preload=\"none\" style=\"width: 100%;\" controls=\"controls\"><source type=\"audio\/mpeg\" src=\"https:\/\/www.radiopiu.net\/wordpress\/wp-content\/uploads\/2025\/01\/Servizio-Curare-montagna-Forza-Italia.mp3?_=9\" \/><a href=\"https:\/\/www.radiopiu.net\/wordpress\/wp-content\/uploads\/2025\/01\/Servizio-Curare-montagna-Forza-Italia.mp3\">https:\/\/www.radiopiu.net\/wordpress\/wp-content\/uploads\/2025\/01\/Servizio-Curare-montagna-Forza-Italia.mp3<\/a><\/audio>\n<p>&nbsp;<\/p>\n<hr \/>\n<p>&nbsp;<\/p>\n<blockquote>\n<h3>A LONGARONE SARA&#8217; UN 2025 DEDICATO ALLE STRADE<\/h3>\n<\/blockquote>\n<p><strong><a class=\"dt-pswp-item\" href=\"https:\/\/www.radiopiu.net\/wordpress\/wp-content\/uploads\/2020\/10\/ASFALTO-LAVORI.jpg\" data-dt-img-description=\"\" data-large_image_width=\"1920\" data-large_image_height=\"1440\"><img loading=\"lazy\" decoding=\"async\" class=\" wp-image-165020 alignleft\" src=\"https:\/\/www.radiopiu.net\/wordpress\/wp-content\/uploads\/2020\/10\/ASFALTO-LAVORI-300x225.jpg\" alt=\"\" width=\"159\" height=\"119\" srcset=\"https:\/\/www.radiopiu.net\/wordpress\/wp-content\/uploads\/2020\/10\/ASFALTO-LAVORI-300x225.jpg 300w, https:\/\/www.radiopiu.net\/wordpress\/wp-content\/uploads\/2020\/10\/ASFALTO-LAVORI-1024x768.jpg 1024w, https:\/\/www.radiopiu.net\/wordpress\/wp-content\/uploads\/2020\/10\/ASFALTO-LAVORI-768x576.jpg 768w, https:\/\/www.radiopiu.net\/wordpress\/wp-content\/uploads\/2020\/10\/ASFALTO-LAVORI-1536x1152.jpg 1536w, https:\/\/www.radiopiu.net\/wordpress\/wp-content\/uploads\/2020\/10\/ASFALTO-LAVORI.jpg 1920w\" sizes=\"auto, (max-width: 159px) 100vw, 159px\" \/><\/a>LONGARONE\u00a0<\/strong>Nel 2025, a Longarone inizieranno importanti lavori di asfaltatura a Pians, Rivalta e Fa\u00e8, rinviati dal 2024 per condizioni meteo pi\u00f9 favorevoli. L&#8217;assessore Livio Sacchet ha spiegato che l&#8217;intervento, dal costo di circa 200mila euro, comporter\u00e0 disagi temporanei per gli automobilisti ma garantir\u00e0 risultati di qualit\u00e0. Oltre a queste asfaltature, proseguir\u00e0 il rifacimento dell&#8217;illuminazione pubblica a Igne, con un secondo stralcio del valore di circa 300mila euro, che prevede la sostituzione delle lampade dei punti luce. Successivamente, verranno asfaltate anche le strade del paese, per un ulteriore investimento di 200mila euro.<\/p>\n<p>&nbsp;<\/p>\n<p>&nbsp;<\/p>\n<hr \/>\n<p>&nbsp;<\/p>\n<blockquote>\n<h3>LA CORTE COSTITUZIONALE DA&#8217; IL VIA LIBERA ALL&#8217;AUTONOMIA<\/h3>\n<\/blockquote>\n<p><strong><a class=\"dt-pswp-item\" href=\"https:\/\/www.radiopiu.net\/wordpress\/wp-content\/uploads\/2024\/08\/LUCA-ZAIA-COPERTINA.jpg\" data-dt-img-description=\"\" data-large_image_width=\"1600\" data-large_image_height=\"1143\"><img loading=\"lazy\" decoding=\"async\" class=\" wp-image-403496 alignleft\" src=\"https:\/\/www.radiopiu.net\/wordpress\/wp-content\/uploads\/2024\/08\/LUCA-ZAIA-COPERTINA-300x214.jpg\" alt=\"\" width=\"207\" height=\"148\" \/><\/a>VENEZIA<\/strong> La Corte Costituzionale ha confermato l\u2019inammissibilit\u00e0 del quesito referendario per l\u2019abrogazione della Legge sull\u2019autonomia differenziata, ribadendo la legittimit\u00e0 del percorso avviato. Il presidente della Regione Veneto, Luca Zaia, ha accolto positivamente la sentenza, definendola un segnale di imparzialit\u00e0 e chiarezza sul tema dell\u2019autonomia, da svilupparsi nel rispetto della Costituzione, dell\u2019Unit\u00e0 nazionale e dei principi di sussidiariet\u00e0 e solidariet\u00e0. Zaia ha sottolineato come questo pronunciamento favorisca un clima di serenit\u00e0, necessario per avviare un dialogo costruttivo e superare le dispute referendarie. Il Veneto, convinto della validit\u00e0 delle proprie aspirazioni, si propone come modello per un\u2019autonomia utile a tutto il Paese, intensificando il lavoro per una riforma che promuova innovazione ed efficienza.<\/p>\n<p>&nbsp;<\/p>\n<p>&nbsp;<\/p>\n<hr \/>\n<p>&nbsp;<\/p>\n<blockquote>\n<h3>IL BANDO REGIONALE DEDICATO ALLE IMPRESE PER LA SOSTITUZIONE DI IMPIANTI TERMICI<\/h3>\n<\/blockquote>\n<p><strong><a class=\"dt-pswp-item\" href=\"https:\/\/www.radiopiu.net\/wordpress\/wp-content\/uploads\/2023\/11\/BOTTACIN.png\" data-dt-img-description=\"\" data-large_image_width=\"591\" data-large_image_height=\"400\"><img loading=\"lazy\" decoding=\"async\" class=\" wp-image-362309 alignleft\" src=\"https:\/\/www.radiopiu.net\/wordpress\/wp-content\/uploads\/2023\/11\/BOTTACIN-300x203.png\" alt=\"\" width=\"222\" height=\"150\" srcset=\"https:\/\/www.radiopiu.net\/wordpress\/wp-content\/uploads\/2023\/11\/BOTTACIN-300x203.png 300w, https:\/\/www.radiopiu.net\/wordpress\/wp-content\/uploads\/2023\/11\/BOTTACIN.png 591w\" sizes=\"auto, (max-width: 222px) 100vw, 222px\" \/><\/a>VENEZIA<\/strong> le micro, piccole e medie imprese del Veneto potranno richiedere contributi per sostituire impianti termici inquinanti con sistemi pi\u00f9 ecologici, come caldaie a biomassa o pompe di calore. La misura, con un budget di 2 milioni di euro, mira a ridurre l\u2019inquinamento atmosferico, considerando che il riscaldamento \u00e8 la principale fonte di PM10 nella regione. Le imprese possono richiedere contributi fino a 80.000 euro per la sostituzione di massimo cinque impianti, rispettando specifiche tecniche. La graduatoria terr\u00e0 conto della tipologia d\u2019impresa, dell\u2019et\u00e0 e dell\u2019alimentazione dell\u2019impianto da sostituire. Il contributo regionale, cumulabile con incentivi GSE, coprir\u00e0 fino al 65% delle spese per micro e piccole imprese, e il 55% per le medie. Le domande vanno presentate online entro il 20 marzo 2025.<\/p>\n<p>&nbsp;<\/p>\n<p>&nbsp;<\/p>\n<hr \/>\n<h2><strong><br \/>\nGiustizia e sicurezza: tra processi e tragedie sul territorio<\/strong><\/h2>\n<p><em>A Feltre, processo su presunta appropriazione indebita di 60mila euro. A Borgo Valbelluna, querela per stalking dopo chiamate insistenti. A Sedico, superperizia per un atleta investito. In Val Visdende, due imputati per l\u2019incidente mortale di un operaio boschivo.<\/em><\/p>\n<blockquote><p><strong><a href=\"https:\/\/www.radiopiu.net\/wordpress\/wp-content\/uploads\/2025\/01\/fe059a33-4cc6-4a58-8271-d6fffdd78c52.webp\"><img loading=\"lazy\" decoding=\"async\" class=\" wp-image-430668 alignleft\" src=\"https:\/\/www.radiopiu.net\/wordpress\/wp-content\/uploads\/2025\/01\/fe059a33-4cc6-4a58-8271-d6fffdd78c52-300x300.webp\" alt=\"\" width=\"260\" height=\"260\" srcset=\"https:\/\/www.radiopiu.net\/wordpress\/wp-content\/uploads\/2025\/01\/fe059a33-4cc6-4a58-8271-d6fffdd78c52-300x300.webp 300w, https:\/\/www.radiopiu.net\/wordpress\/wp-content\/uploads\/2025\/01\/fe059a33-4cc6-4a58-8271-d6fffdd78c52-150x150.webp 150w, https:\/\/www.radiopiu.net\/wordpress\/wp-content\/uploads\/2025\/01\/fe059a33-4cc6-4a58-8271-d6fffdd78c52-768x768.webp 768w, https:\/\/www.radiopiu.net\/wordpress\/wp-content\/uploads\/2025\/01\/fe059a33-4cc6-4a58-8271-d6fffdd78c52.webp 1024w\" sizes=\"auto, (max-width: 260px) 100vw, 260px\" \/><\/a>Appropriazione indebita o compenso legittimo? Processo dal verdetto incerto<\/strong><\/p><\/blockquote>\n<p><strong>FELTRE<\/strong> \u2013 Versioni opposte nel processo che vede imputato M A, accusato di essersi impossessato indebitamente di circa 60mila euro appartenenti a una 73enne feltrina, assistita dall&#8217;avvocato Patrizia Zannini. Secondo la difesa, rappresentata dall&#8217;avvocato Davide Fent, l\u2019uomo avrebbe ricevuto il denaro come compenso per i servizi resi alla donna. Il giudice Paolo Velo decider\u00e0 dopo la discussione finale, fissata per il 5 maggio.<\/p>\n<blockquote>\n<h3>Invaghito, la tempesta di chiamate finisce in querela per stalking<\/h3>\n<\/blockquote>\n<p><strong>BORGO VALBELLUNA<\/strong> Un uomo, I.Z., ha conosciuto una donna romena in un locale e, dopo aver ottenuto il suo numero, ha iniziato a bersagliarla di telefonate e inviti, generando in lei ansia e preoccupazione. La sua insistenza gli \u00e8 costata una querela per atti persecutori. Anche la figlia della donna, di quattro anni, \u00e8 coinvolta come parte offesa. Il processo, aperto ieri dal giudice Paolo Velo, prevede l\u2019esame dell\u2019imputato, che \u00e8 difeso dall\u2019avvocato Simona Ianese. La strategia difensiva punta alla derubricazione in molestie e al pagamento di un&#8217;oblazione.<\/p>\n<blockquote><p><strong>Investito atleta nazionale: disposta superperizia sulla dinamica<\/strong><\/p><\/blockquote>\n<p><strong>SEDICO\u00a0<\/strong> Nel processo per lesioni stradali aggravate ad AP, il giudice Federico Montalto ha ordinato una superperizia per chiarire la dinamica dell&#8217;incidente dell&#8217;11 agosto 2021, che ha coinvolto l&#8217;ex pallavolista e triatleta Gabriele Bettio. Le testimonianze e consulenze tecniche non sono state sufficienti a definire le responsabilit\u00e0. Bettio, rappresentato dall\u2019avvocato Giorgio Gasperin, ha subito danni fisici e morali che hanno compromesso la sua carriera. L\u2019imputato, difeso da Corrado Zasso, sostiene di aver investito Bettio mentre quest\u2019ultimo si trovava in mezzo alla strada.<\/p>\n<blockquote><p><strong>Incidente mortale in Val Visdende: a processo due imputati per la morte di Mustapha Manneh<\/strong><\/p><\/blockquote>\n<p><strong>COMELICO<\/strong> Mustapha Manneh, 32enne originario del Gambia e residente a Pieve di Cadore, ha perso la vita in un incidente sul lavoro in un bosco comeliano, travolto da una radice mentre tagliava un albero. Per omicidio colposo sono stati rinviati a giudizio il legale rappresentante della ditta boschiva DD e il responsabile della sicurezza MB. La famiglia della vittima si costituir\u00e0 parte civile. Il processo, aperto dal giudice Paolo Velo, riprender\u00e0 il 17 marzo con le testimonianze del pubblico ministero.<\/p>\n<hr \/>\n<p>&nbsp;<\/p>\n<blockquote>\n<h3><a class=\"dt-pswp-item\" href=\"https:\/\/www.radiopiu.net\/wordpress\/wp-content\/uploads\/2025\/01\/locandina-GroundUP.png\" data-dt-img-description=\"\" data-large_image_width=\"1080\" data-large_image_height=\"1080\"><img loading=\"lazy\" decoding=\"async\" class=\" wp-image-430612 alignleft\" src=\"https:\/\/www.radiopiu.net\/wordpress\/wp-content\/uploads\/2025\/01\/locandina-GroundUP-300x300.png\" alt=\"\" width=\"136\" height=\"136\" srcset=\"https:\/\/www.radiopiu.net\/wordpress\/wp-content\/uploads\/2025\/01\/locandina-GroundUP-300x300.png 300w, https:\/\/www.radiopiu.net\/wordpress\/wp-content\/uploads\/2025\/01\/locandina-GroundUP-1024x1024.png 1024w, https:\/\/www.radiopiu.net\/wordpress\/wp-content\/uploads\/2025\/01\/locandina-GroundUP-150x150.png 150w, https:\/\/www.radiopiu.net\/wordpress\/wp-content\/uploads\/2025\/01\/locandina-GroundUP-768x768.png 768w, https:\/\/www.radiopiu.net\/wordpress\/wp-content\/uploads\/2025\/01\/locandina-GroundUP.png 1080w\" sizes=\"auto, (max-width: 136px) 100vw, 136px\" \/><\/a>\u201cFROM THE GROUP UP\u201d: UN INCONTRO PER GIOVANI DEL TERRITORIO BELLUNESE<\/h3>\n<\/blockquote>\n<p><strong>BORGO VALBELLUNA <\/strong>Il GAL Prealpi e Dolomiti, insieme al Centro Europe Direct Montagna Veneta, organizza un incontro per i giovani bellunesi interessati a partecipazione civica e temi europei. L\u2019evento, parte del progetto europeo &#8220;From the Group Up&#8221; e co-finanziato dall&#8217;UE, si terr\u00e0 venerd\u00ec 24 gennaio alle 17:00 presso il Municipio di Mel. Durante la serata, i partecipanti potranno confrontarsi, partecipare a un workshop su \u201cGiovani, Valbelluna ed Europa\u201d e scoprire opportunit\u00e0 locali. I posti sono limitati e le iscrizioni, aperte fino al 22 gennaio, si effettuano online al link fornito. Maggiori dettagli sono disponibili sul sito del GAL Prealpi e Dolomiti.<\/p>\n<p>&nbsp;<\/p>\n<p>&nbsp;<\/p>\n<hr \/>\n<p>&nbsp;<\/p>\n<blockquote>\n<h2>Non Siete Soli: Conoscere il Parkinson per viverlo meglio<\/h2>\n<\/blockquote>\n<p><a href=\"https:\/\/www.radiopiu.net\/wordpress\/wp-content\/uploads\/2025\/01\/a904d925-4660-4d45-a2d8-0b57922bd65e.webp\"><img loading=\"lazy\" decoding=\"async\" class=\" wp-image-430495 alignleft\" src=\"https:\/\/www.radiopiu.net\/wordpress\/wp-content\/uploads\/2025\/01\/a904d925-4660-4d45-a2d8-0b57922bd65e-300x300.webp\" sizes=\"auto, (max-width: 165px) 100vw, 165px\" srcset=\"https:\/\/www.radiopiu.net\/wordpress\/wp-content\/uploads\/2025\/01\/a904d925-4660-4d45-a2d8-0b57922bd65e-300x300.webp 300w, https:\/\/www.radiopiu.net\/wordpress\/wp-content\/uploads\/2025\/01\/a904d925-4660-4d45-a2d8-0b57922bd65e-150x150.webp 150w, https:\/\/www.radiopiu.net\/wordpress\/wp-content\/uploads\/2025\/01\/a904d925-4660-4d45-a2d8-0b57922bd65e-768x768.webp 768w, https:\/\/www.radiopiu.net\/wordpress\/wp-content\/uploads\/2025\/01\/a904d925-4660-4d45-a2d8-0b57922bd65e.webp 1024w\" alt=\"\" width=\"165\" height=\"165\" \/><\/a>L\u2019Associazione Parkinson Alto Bellunese, in collaborazione con l\u2019Associazione Bellunesi Parkinson (A.B.P.) e con il patrocinio del Comune di Ponte nelle Alpi, organizza un incontro dedicato alla consapevolezza sul Parkinson. L\u2019evento si terr\u00e0 sabato 25 gennaio 2025, alle ore 16.00, presso la Sala \u201cDavid Sassoli\u201d (ex Casa Rossa \u2013 Via Roma).<\/p>\n<p>L\u2019incontro vedr\u00e0 l\u2019intervento del Prof. Angelo Antonini, neurologo e responsabile dell\u2019Unit\u00e0 Parkinson dell\u2019Universit\u00e0 di Padova, che illustrer\u00e0 gli aspetti della malattia e le strategie per affrontarla. Sar\u00e0 presentato il Progetto \u201cRete Bellunese\u201d, che propone incontri formativi, supporto psicologico e programmi di esercizio fisico per i pazienti.<\/p>\n<p>L\u2019Associazione invita la cittadinanza a partecipare: conoscere il Parkinson significa affrontarlo con maggiore consapevolezza e serenit\u00e0.<\/p>\n<p>&nbsp;<\/p>\n<p>&nbsp;<\/p>\n<hr \/>\n<p>&nbsp;<\/p>\n<blockquote>\n<h3>LE MUSE E LE DOLOMITI OFFRONO PROVE GRATUITE DI CANTO<\/h3>\n<\/blockquote>\n<p><strong><a class=\"dt-pswp-item\" href=\"https:\/\/www.radiopiu.net\/wordpress\/wp-content\/uploads\/2022\/07\/LE-MUSE.png\" data-dt-img-description=\"\" data-large_image_width=\"750\" data-large_image_height=\"750\"><img loading=\"lazy\" decoding=\"async\" class=\" wp-image-288787 alignleft\" src=\"https:\/\/www.radiopiu.net\/wordpress\/wp-content\/uploads\/2022\/07\/LE-MUSE-300x300.png\" alt=\"\" width=\"101\" height=\"101\" srcset=\"https:\/\/www.radiopiu.net\/wordpress\/wp-content\/uploads\/2022\/07\/LE-MUSE-300x300.png 300w, https:\/\/www.radiopiu.net\/wordpress\/wp-content\/uploads\/2022\/07\/LE-MUSE-150x150.png 150w, https:\/\/www.radiopiu.net\/wordpress\/wp-content\/uploads\/2022\/07\/LE-MUSE.png 750w\" sizes=\"auto, (max-width: 101px) 100vw, 101px\" \/><\/a>REDAZIONE<\/strong> La Scuola Interregionale di Canto e Teatro, promossa dall&#8217;Associazione Le Muse e le Dolomiti, offre una formazione unica per giovani talenti a partire dai 6 anni nelle Dolomiti, con sedi ad Agordo, Caprile, Cavalese, Moena e Vallada Agordina. Gli studenti partecipano a lezioni settimanali e si uniscono nel Coro Teatrale Dolomitico per eventi speciali. Il progetto mira a sviluppare talento artistico e favorire socialit\u00e0, conoscendo meglio le comunit\u00e0 locali e creando legami tra i partecipanti. Il progetto \u00e8 patrocinato da enti locali e offre lezioni di prova gratuite a gennaio e febbraio 2025.<\/p>\n<p>&nbsp;<\/p>\n<p>&nbsp;<\/p>\n<hr \/>\n<p>&nbsp;<\/p>\n<blockquote>\n<div class=\"mceTemp\">\n<p><a class=\"dt-pswp-item\" href=\"https:\/\/www.radiopiu.net\/wordpress\/wp-content\/uploads\/2024\/07\/Musal-e-piazza-Luciani.jpg\" data-dt-img-description=\"MUSAL E CHIESA DI CANALE D'AGORDO\" data-large_image_width=\"2560\" data-large_image_height=\"1920\"><img loading=\"lazy\" decoding=\"async\" class=\"wp-image-399384 alignleft\" src=\"https:\/\/www.radiopiu.net\/wordpress\/wp-content\/uploads\/2024\/07\/Musal-e-piazza-Luciani-300x225.jpg\" alt=\"\" width=\"143\" height=\"107\" srcset=\"https:\/\/www.radiopiu.net\/wordpress\/wp-content\/uploads\/2024\/07\/Musal-e-piazza-Luciani-300x225.jpg 300w, https:\/\/www.radiopiu.net\/wordpress\/wp-content\/uploads\/2024\/07\/Musal-e-piazza-Luciani-1024x768.jpg 1024w, https:\/\/www.radiopiu.net\/wordpress\/wp-content\/uploads\/2024\/07\/Musal-e-piazza-Luciani-768x576.jpg 768w, https:\/\/www.radiopiu.net\/wordpress\/wp-content\/uploads\/2024\/07\/Musal-e-piazza-Luciani-1536x1152.jpg 1536w, https:\/\/www.radiopiu.net\/wordpress\/wp-content\/uploads\/2024\/07\/Musal-e-piazza-Luciani-2048x1536.jpg 2048w\" sizes=\"auto, (max-width: 143px) 100vw, 143px\" \/><\/a><\/p>\n<p><strong>IL SINDACO E GLI AMMINISTRATORI INCONTRANO I CITTADINI<\/strong><\/p>\n<\/div>\n<\/blockquote>\n<p><strong>CANALE D&#8217;AGORDO <\/strong>\u201cGiovedi 23 gennaio, alle 20, in sala degli emigranti di Via Lotta a Canale d&#8217;Agordo, il sindaco con gli amministratori incontra i cittadini . Un\u2019occasione per aggiornarsi sulle attivit\u00e0 amministrative e far sentire la propria voce. In diretta sui tutti i canali social di Radio Pi\u00f9\u201d<\/p>\n<p>&nbsp;<\/p>\n<p>&nbsp;<\/p>\n<hr \/>\n<p>&nbsp;<\/p>\n<div class=\"flex max-w-full flex-col flex-grow\">\n<div class=\"min-h-8 text-message flex w-full flex-col items-end gap-2 whitespace-normal break-words text-start [.text-message+&amp;]:mt-5\" dir=\"auto\" data-message-author-role=\"assistant\" data-message-id=\"57eadb5e-7bd8-4f92-8b1d-8b8b02a71259\" data-message-model-slug=\"gpt-4o\">\n<div class=\"flex w-full flex-col gap-1 empty:hidden first:pt-[3px]\">\n<div class=\"markdown prose w-full break-words dark:prose-invert dark\">\n<blockquote><p><strong>Concorso Guardia di Finanza: 12 posti per Tenenti nel ruolo tecnico-logistico-amministrativo<\/strong><\/p><\/blockquote>\n<\/div>\n<\/div>\n<\/div>\n<\/div>\n<div class=\"mb-2 flex gap-3 empty:hidden -ml-2\">\n<div class=\"items-center justify-start rounded-xl p-1 flex\">\n<div class=\"flex items-center\">\n<p class=\"flex items-center pb-0\">Pubblicato il bando di concorso per 12 tenenti nel &#8220;ruolo tecnico-logistico-amministrativo&#8221; della Guardia di Finanza. Ripartiti tra amministrazione, telematica, infrastrutture e sanit\u00e0, il concorso \u00e8 aperto a laureati under 32. Domande online entro il 22 gennaio 2025 su <strong><a href=\"https:\/\/concorsi.gdf.gov.it\" target=\"_new\" rel=\"noopener\">https:\/\/concorsi.gdf.gov.it<\/a><\/strong>, con SPID o CIE<\/p>\n<p>&nbsp;<\/p>\n<hr \/>\n<p>&nbsp;<\/p>\n<blockquote>\n<h3>Chiusura uffici Polizia locale<\/h3>\n<\/blockquote>\n<p><strong>BELLUNO<\/strong> Nella giornata di domani, gli uffici della Polizia locale saranno chiusi al<br \/>\npubblico, per permettere al personale di frequentare un corso di formazione. L\u2019attivit\u00e0 riprender\u00e0 regolarmente da gioved\u00ec 23.<\/p>\n<p>&nbsp;<\/p>\n<\/div>\n<\/div>\n<\/div>\n<p>&nbsp;<\/p>\n<hr \/>\n<p>&nbsp;<\/p>\n<p><strong><a class=\"dt-pswp-item\" href=\"https:\/\/www.radiopiu.net\/wordpress\/wp-content\/uploads\/2024\/11\/AMICI-MINERARI.png\" data-dt-img-description=\"\" data-large_image_width=\"209\" data-large_image_height=\"174\"><img loading=\"lazy\" decoding=\"async\" class=\" wp-image-419180 alignleft\" src=\"https:\/\/www.radiopiu.net\/wordpress\/wp-content\/uploads\/2024\/11\/AMICI-MINERARI.png\" alt=\"\" width=\"168\" height=\"140\" \/><\/a>&#8220;Con gli Amici dei Minerari: Serate d&#8217;Inverno \u2013 un viaggio tra storia, scienza e meraviglie. Incontri presso la Sala con T\u00e0-Mis. Non mancare!&#8221;<\/strong><\/p>\n<ul>\n<li><em>Venerd\u00ec 24 gennaio, ore 20:30<\/em>: &#8220;Il meraviglioso mondo dei fossili delle Dolomiti&#8221; \u2013 Relatore Danilo Giordano.<\/li>\n<li><em>Venerd\u00ec 21 febbraio, ore 20:30<\/em>: &#8220;Il traforo del Brennero: studio, progettazione e realizzazione&#8221; \u2013 Relatori Vittorio Fenti e Mario Guadagnini.<\/li>\n<\/ul>\n<p><strong>Vivi la cultura e la passione per la montagna!<\/strong><\/p>\n<p>&nbsp;<\/p>\n<h2><span style=\"color: #993300;\">IL MERAVIGLIOSO MONDO DEI FOSSILI, VENERDI 24 GENNAIO IN SALA DON TAMIS<\/span><\/h2>\n<p><strong>DI MIRKO MEZZACASA<\/strong><\/p>\n<p>OSPITI: Dino Praloran e Danilo Giordano<\/p>\n<audio class=\"wp-audio-shortcode\" id=\"audio-430513-10\" preload=\"none\" style=\"width: 100%;\" controls=\"controls\"><source type=\"audio\/mpeg\" src=\"https:\/\/www.radiopiu.net\/wordpress\/wp-content\/uploads\/2025\/01\/dino-e-danilo-amici-minerari.mp3?_=10\" \/><a href=\"https:\/\/www.radiopiu.net\/wordpress\/wp-content\/uploads\/2025\/01\/dino-e-danilo-amici-minerari.mp3\">https:\/\/www.radiopiu.net\/wordpress\/wp-content\/uploads\/2025\/01\/dino-e-danilo-amici-minerari.mp3<\/a><\/audio>\n<p>&nbsp;<\/p>\n<hr \/>\n<p>&nbsp;<\/p>\n<blockquote>\n<h2><a class=\"dt-pswp-item\" href=\"https:\/\/www.radiopiu.net\/wordpress\/wp-content\/uploads\/2025\/01\/222c1268-28ad-4f2a-b9c7-7e3a82831958.jpg\" data-dt-img-description=\"\" data-large_image_width=\"1131\" data-large_image_height=\"1600\"><img loading=\"lazy\" decoding=\"async\" class=\" wp-image-428503 alignleft\" src=\"https:\/\/www.radiopiu.net\/wordpress\/wp-content\/uploads\/2025\/01\/222c1268-28ad-4f2a-b9c7-7e3a82831958-212x300.jpg\" alt=\"\" width=\"113\" height=\"160\" srcset=\"https:\/\/www.radiopiu.net\/wordpress\/wp-content\/uploads\/2025\/01\/222c1268-28ad-4f2a-b9c7-7e3a82831958-212x300.jpg 212w, https:\/\/www.radiopiu.net\/wordpress\/wp-content\/uploads\/2025\/01\/222c1268-28ad-4f2a-b9c7-7e3a82831958-724x1024.jpg 724w, https:\/\/www.radiopiu.net\/wordpress\/wp-content\/uploads\/2025\/01\/222c1268-28ad-4f2a-b9c7-7e3a82831958-768x1086.jpg 768w, https:\/\/www.radiopiu.net\/wordpress\/wp-content\/uploads\/2025\/01\/222c1268-28ad-4f2a-b9c7-7e3a82831958-1086x1536.jpg 1086w, https:\/\/www.radiopiu.net\/wordpress\/wp-content\/uploads\/2025\/01\/222c1268-28ad-4f2a-b9c7-7e3a82831958.jpg 1131w\" sizes=\"auto, (max-width: 113px) 100vw, 113px\" \/><\/a>A TEATRO CON LA FILODRAMMATICA<\/h2>\n<\/blockquote>\n<p><strong>FALCADE<\/strong> La Filodrammatica SAN BASTIAN di Falcade Alto, in collaborazione con la parrocchia di Falcade e Caviola, presenta la commedia brillante in due atti di Camillo Vittici:<br \/>\nEN DI EN OSPEDAL<br \/>\nSabato 25 e domenica 26 gennaio sempre alle 20.30 presso la Casa della Giovent\u00f9 di Caviola<br \/>\nNon perdetevi questa serata di risate e divertimento! Vi aspettiamo numerosi! in valle del biois a falcade e caviola<\/p>\n<p>&nbsp;<\/p>\n<p>&nbsp;<\/p>\n<hr \/>\n<p>&nbsp;<\/p>\n<h2><span style=\"color: #ff00ff;\">IL NUOVO LIBRO DI LUISA MANFROI E MORENO DE ZAIACOMO<\/span><\/h2>\n<p><strong><a class=\"dt-pswp-item\" href=\"https:\/\/www.radiopiu.net\/wordpress\/wp-content\/uploads\/2024\/12\/Libro-Agordino-oltre-le-montagne-e-loceano.jpg\" data-dt-img-description=\"\" data-large_image_width=\"2048\" data-large_image_height=\"1457\"><img loading=\"lazy\" decoding=\"async\" class=\" wp-image-426201 alignleft\" src=\"https:\/\/www.radiopiu.net\/wordpress\/wp-content\/uploads\/2024\/12\/Libro-Agordino-oltre-le-montagne-e-loceano-300x213.jpg\" alt=\"\" width=\"201\" height=\"143\" srcset=\"https:\/\/www.radiopiu.net\/wordpress\/wp-content\/uploads\/2024\/12\/Libro-Agordino-oltre-le-montagne-e-loceano-300x213.jpg 300w, https:\/\/www.radiopiu.net\/wordpress\/wp-content\/uploads\/2024\/12\/Libro-Agordino-oltre-le-montagne-e-loceano-1024x729.jpg 1024w, https:\/\/www.radiopiu.net\/wordpress\/wp-content\/uploads\/2024\/12\/Libro-Agordino-oltre-le-montagne-e-loceano-768x546.jpg 768w, https:\/\/www.radiopiu.net\/wordpress\/wp-content\/uploads\/2024\/12\/Libro-Agordino-oltre-le-montagne-e-loceano-1536x1093.jpg 1536w, https:\/\/www.radiopiu.net\/wordpress\/wp-content\/uploads\/2024\/12\/Libro-Agordino-oltre-le-montagne-e-loceano.jpg 2048w\" sizes=\"auto, (max-width: 201px) 100vw, 201px\" \/><\/a>DI MIRKO MEZZACASA<\/strong><\/p>\n<p>OSPITI: Luisa Manfroi e Moreno De Zaiacomo<\/p>\n<audio class=\"wp-audio-shortcode\" id=\"audio-430513-11\" preload=\"none\" style=\"width: 100%;\" controls=\"controls\"><source type=\"audio\/mpeg\" src=\"https:\/\/www.radiopiu.net\/wordpress\/wp-content\/uploads\/2025\/01\/luisa-e-moreno-libro-oceano.mp3?_=11\" \/><a href=\"https:\/\/www.radiopiu.net\/wordpress\/wp-content\/uploads\/2025\/01\/luisa-e-moreno-libro-oceano.mp3\">https:\/\/www.radiopiu.net\/wordpress\/wp-content\/uploads\/2025\/01\/luisa-e-moreno-libro-oceano.mp3<\/a><\/audio>\n<p>&nbsp;<\/p>\n<blockquote>\n<h3>Recensione del libro \u201cDell\u2019Agordino: Cenni storici, statistici, naturali\u201d \u2013 A cura di Giuliano Laveder<\/h3>\n<\/blockquote>\n<p>La nuova pubblicazione <em>Dell\u2019Agordino: Cenni storici, statistici, naturali<\/em>, curata da Giuliano Laveder, rappresenta un&#8217;opera di grande valore per chi desidera approfondire la storia, la cultura e l\u2019ambiente di questo affascinante territorio montano. Edito dalla <strong>Tipografia Castaldi<\/strong>, il libro offre un viaggio attraverso i secoli, esplorando le tradizioni, i dati storici e le peculiarit\u00e0 naturali che caratterizzano l\u2019Agordino.<\/p>\n<p>L\u2019uscita dell\u2019opera \u00e8 accompagnata dal <strong>bollettino \u201cLe Campane del Poi\u201d<\/strong>, diretto da <strong>don Fabiano Del Favero<\/strong>, a testimonianza dell\u2019attenzione e dell\u2019impegno nel mantenere viva la memoria storica locale. Il volume \u00e8 disponibile presso Luigi Cadorin Fotografo <strong>(Agordo),<\/strong> l\u2019Ufficio Turistico\u00a0<strong> (Agordo),\u00a0<\/strong> Filo&#8217; di De Toffol Roberta a (<strong>Canale d&#8217;Agordo),\u00a0<\/strong> Ristorante Pizzeria Stella Alpina e il Bar J\u00e4ger<strong> (Voltago)\u00a0<\/strong> Latteria Agordina di Vallata a Toccol <strong>(Agordo)<\/strong><\/p>\n<p>Un libro imperdibile per appassionati di storia locale e amanti delle Dolomiti.<\/p>\n<p><a class=\"dt-pswp-item\" href=\"https:\/\/www.radiopiu.net\/wordpress\/wp-content\/uploads\/2025\/01\/Senza-nome-63.png\" data-dt-img-description=\"\" data-large_image_width=\"462\" data-large_image_height=\"338\"><img loading=\"lazy\" decoding=\"async\" class=\"size-medium wp-image-430520 aligncenter\" src=\"https:\/\/www.radiopiu.net\/wordpress\/wp-content\/uploads\/2025\/01\/Senza-nome-63-300x219.png\" alt=\"\" width=\"300\" height=\"219\" srcset=\"https:\/\/www.radiopiu.net\/wordpress\/wp-content\/uploads\/2025\/01\/Senza-nome-63-300x219.png 300w, https:\/\/www.radiopiu.net\/wordpress\/wp-content\/uploads\/2025\/01\/Senza-nome-63.png 462w\" sizes=\"auto, (max-width: 300px) 100vw, 300px\" \/><\/a><\/p>\n<p>&nbsp;<\/p>\n<p>&nbsp;<\/p>\n<p>&nbsp;<\/p>\n<hr \/>\n<blockquote>\n<h3><a class=\"dt-pswp-item\" href=\"https:\/\/www.radiopiu.net\/wordpress\/wp-content\/uploads\/2025\/01\/4f6551ea-f9ac-4d38-96db-16b9e30c6f95.jpg\" data-dt-img-description=\"\" data-large_image_width=\"1600\" data-large_image_height=\"1200\"><img loading=\"lazy\" decoding=\"async\" class=\" wp-image-430643 alignleft\" src=\"https:\/\/www.radiopiu.net\/wordpress\/wp-content\/uploads\/2025\/01\/4f6551ea-f9ac-4d38-96db-16b9e30c6f95-300x225.jpg\" alt=\"\" width=\"176\" height=\"132\" srcset=\"https:\/\/www.radiopiu.net\/wordpress\/wp-content\/uploads\/2025\/01\/4f6551ea-f9ac-4d38-96db-16b9e30c6f95-300x225.jpg 300w, https:\/\/www.radiopiu.net\/wordpress\/wp-content\/uploads\/2025\/01\/4f6551ea-f9ac-4d38-96db-16b9e30c6f95-1024x768.jpg 1024w, https:\/\/www.radiopiu.net\/wordpress\/wp-content\/uploads\/2025\/01\/4f6551ea-f9ac-4d38-96db-16b9e30c6f95-768x576.jpg 768w, https:\/\/www.radiopiu.net\/wordpress\/wp-content\/uploads\/2025\/01\/4f6551ea-f9ac-4d38-96db-16b9e30c6f95-1536x1152.jpg 1536w, https:\/\/www.radiopiu.net\/wordpress\/wp-content\/uploads\/2025\/01\/4f6551ea-f9ac-4d38-96db-16b9e30c6f95.jpg 1600w\" sizes=\"auto, (max-width: 176px) 100vw, 176px\" \/><\/a>IL GIORNO DOPO LA COPPA DEL MONDO DI SCI A CORTINA<\/h3>\n<\/blockquote>\n<p><strong>DI BARBARA PAOLAZZI<\/strong><\/p>\n<p>(foto: Pentaphoto)<\/p>\n<audio class=\"wp-audio-shortcode\" id=\"audio-430513-12\" preload=\"none\" style=\"width: 100%;\" controls=\"controls\"><source type=\"audio\/mpeg\" src=\"https:\/\/www.radiopiu.net\/wordpress\/wp-content\/uploads\/2025\/01\/PAOLAZZI-SERVIZIO-COPPA-MONDO-SCI-CORTINA.mp3?_=12\" \/><a href=\"https:\/\/www.radiopiu.net\/wordpress\/wp-content\/uploads\/2025\/01\/PAOLAZZI-SERVIZIO-COPPA-MONDO-SCI-CORTINA.mp3\">https:\/\/www.radiopiu.net\/wordpress\/wp-content\/uploads\/2025\/01\/PAOLAZZI-SERVIZIO-COPPA-MONDO-SCI-CORTINA.mp3<\/a><\/audio>\n<p>&nbsp;<\/p>\n<p>&nbsp;<\/p>\n<hr \/>\n<p>&nbsp;<\/p>\n<p>&nbsp;<\/p>\n<blockquote>\n<h2><a class=\"dt-pswp-item\" href=\"https:\/\/www.radiopiu.net\/wordpress\/wp-content\/uploads\/2024\/01\/Foto-Carnevale_0001-9-scaled.jpg\" data-dt-img-description=\"\" data-large_image_width=\"1825\" data-large_image_height=\"2560\"><img loading=\"lazy\" decoding=\"async\" class=\"wp-image-371954 alignleft\" src=\"https:\/\/www.radiopiu.net\/wordpress\/wp-content\/uploads\/2024\/01\/Foto-Carnevale_0001-9-214x300.jpg\" alt=\"\" width=\"85\" height=\"119\" srcset=\"https:\/\/www.radiopiu.net\/wordpress\/wp-content\/uploads\/2024\/01\/Foto-Carnevale_0001-9-214x300.jpg 214w, https:\/\/www.radiopiu.net\/wordpress\/wp-content\/uploads\/2024\/01\/Foto-Carnevale_0001-9-730x1024.jpg 730w, https:\/\/www.radiopiu.net\/wordpress\/wp-content\/uploads\/2024\/01\/Foto-Carnevale_0001-9-768x1078.jpg 768w, https:\/\/www.radiopiu.net\/wordpress\/wp-content\/uploads\/2024\/01\/Foto-Carnevale_0001-9-1095x1536.jpg 1095w, https:\/\/www.radiopiu.net\/wordpress\/wp-content\/uploads\/2024\/01\/Foto-Carnevale_0001-9-1460x2048.jpg 1460w, https:\/\/www.radiopiu.net\/wordpress\/wp-content\/uploads\/2024\/01\/Foto-Carnevale_0001-9-scaled.jpg 1825w\" sizes=\"auto, (max-width: 85px) 100vw, 85px\" \/><\/a>CINQUE APPUNTAMENTI COL CARNEVALE<\/h2>\n<\/blockquote>\n<p>Ritorna carnevai de la vai, mascherate tradizionali delle dolomiti agordine.\u00a0 5 appuntamenti con la tradizione e il divertimento: 26 gennaio a SELVA DI CADORE, 22 febbraio LASTE DI ROCCA PIETORE, 23 febbraio a Rivamonte Agordino, 1 Marzo Sottoguda di Rocca Pietore, e 2 marzo a CANALE D&#8217;AGORDO aspettiamo anche te, con la tua maschera, tradizionale o di fantasia<\/p>\n<p>&nbsp;<\/p>\n<p>&nbsp;<\/p>\n<hr \/>\n<p>&nbsp;<\/p>\n<blockquote>\n<h3>IL PRIMO FEBBRAIO TORNA LA CASPARETHA A CANALE D&#8217;AGORDO<\/h3>\n<\/blockquote>\n<p><strong>CANALE D&#8217;AGORDO<\/strong> La 16\u00aa edizione della Casparetha si terr\u00e0 il 1\u00b0 febbraio alle 19 con partenza dalla piazza di Canale d&#8217;Agordo. Una camminata non competitiva di 5 km, con ciaspe o ramponcini. Le iscrizioni online, disponibili dal 15 gennaio 2025 su casparetha.com, sono limitate a 1.000 partecipanti: 20\u20ac per adulti e 10\u20ac per i nati dal 2015 in poi. In loco, il costo sar\u00e0 di 23\u20ac per adulti e 12\u20ac per i nati dal 2015 in poi, con iscrizioni presso la Pro Loco il 28, 29 e 30 gennaio (17:00-19:00). \u00c8 possibile noleggiare ciaspe a 7\u20ac, ma non \u00e8 obbligatorio. Per dettagli, visita casparetha.com o i social @casparetha.<\/p>\n<p><span style=\"color: #ff0000;\"><strong>PRESENTAZIONE UFFICIALE ALLA RADIO&#8230; LA PROSSIMA SETTIMANA NEL REPORTER DELLE 10.30<\/strong><\/span><\/p>\n\n\t\t\t<style type='text\/css'>\n\t\t\t\t#gallery-2 {\n\t\t\t\t\tmargin: auto;\n\t\t\t\t}\n\t\t\t\t#gallery-2 .gallery-item {\n\t\t\t\t\tfloat: left;\n\t\t\t\t\tmargin-top: 10px;\n\t\t\t\t\ttext-align: center;\n\t\t\t\t\twidth: 50%;\n\t\t\t\t}\n\t\t\t\t#gallery-2 img {\n\t\t\t\t\tborder: 2px solid #cfcfcf;\n\t\t\t\t}\n\t\t\t\t#gallery-2 .gallery-caption {\n\t\t\t\t\tmargin-left: 0;\n\t\t\t\t}\n\t\t\t\t\/* see gallery_shortcode() in wp-includes\/media.php *\/\n\t\t\t<\/style>\n\t\t<div id='gallery-2' class='dt-gallery-container gallery galleryid-430513 gallery-columns-2 gallery-size-medium'><dl class='gallery-item'>\n\t\t\t\t<dt class='gallery-icon landscape'>\n\t\t\t\t\t<a class=\"rollover rollover-zoom dt-pswp-item\" title=\"Fronte\" data-dt-img-description=\"\" data-large_image_width=\"1600\" data-large_image_height=\"1150\"href='https:\/\/www.radiopiu.net\/wordpress\/wp-content\/uploads\/2025\/01\/Fronte.jpeg'><img loading=\"lazy\" decoding=\"async\" width=\"300\" height=\"216\" src=\"https:\/\/www.radiopiu.net\/wordpress\/wp-content\/uploads\/2025\/01\/Fronte-300x216.jpeg\" class=\"attachment-medium size-medium\" alt=\"\" srcset=\"https:\/\/www.radiopiu.net\/wordpress\/wp-content\/uploads\/2025\/01\/Fronte-300x216.jpeg 300w, https:\/\/www.radiopiu.net\/wordpress\/wp-content\/uploads\/2025\/01\/Fronte-1024x736.jpeg 1024w, https:\/\/www.radiopiu.net\/wordpress\/wp-content\/uploads\/2025\/01\/Fronte-768x552.jpeg 768w, https:\/\/www.radiopiu.net\/wordpress\/wp-content\/uploads\/2025\/01\/Fronte-1536x1104.jpeg 1536w, https:\/\/www.radiopiu.net\/wordpress\/wp-content\/uploads\/2025\/01\/Fronte.jpeg 1600w\" sizes=\"auto, (max-width: 300px) 100vw, 300px\" \/><\/a>\n\t\t\t\t<\/dt><\/dl><dl class='gallery-item'>\n\t\t\t\t<dt class='gallery-icon landscape'>\n\t\t\t\t\t<a class=\"rollover rollover-zoom dt-pswp-item\" title=\"Retro\" data-dt-img-description=\"\" data-large_image_width=\"1600\" data-large_image_height=\"1143\"href='https:\/\/www.radiopiu.net\/wordpress\/wp-content\/uploads\/2025\/01\/Retro.jpeg'><img loading=\"lazy\" decoding=\"async\" width=\"300\" height=\"214\" src=\"https:\/\/www.radiopiu.net\/wordpress\/wp-content\/uploads\/2025\/01\/Retro-300x214.jpeg\" class=\"attachment-medium size-medium\" alt=\"\" srcset=\"https:\/\/www.radiopiu.net\/wordpress\/wp-content\/uploads\/2025\/01\/Retro-300x214.jpeg 300w, https:\/\/www.radiopiu.net\/wordpress\/wp-content\/uploads\/2025\/01\/Retro-1024x732.jpeg 1024w, https:\/\/www.radiopiu.net\/wordpress\/wp-content\/uploads\/2025\/01\/Retro-768x549.jpeg 768w, https:\/\/www.radiopiu.net\/wordpress\/wp-content\/uploads\/2025\/01\/Retro-1536x1097.jpeg 1536w, https:\/\/www.radiopiu.net\/wordpress\/wp-content\/uploads\/2025\/01\/Retro.jpeg 1600w\" sizes=\"auto, (max-width: 300px) 100vw, 300px\" \/><\/a>\n\t\t\t\t<\/dt><\/dl><br style=\"clear: both\" \/>\n\t\t\t<\/div>\n\n<p>&nbsp;<\/p>\n<h2><span style=\"color: #ff9900;\">TORNA LA CASPARETHA A CANALE D&#8217;AGORDO<\/span><\/h2>\n<p><strong><a class=\"dt-pswp-item\" href=\"https:\/\/www.radiopiu.net\/wordpress\/wp-content\/uploads\/2025\/01\/casparetha-cover-e1626294765175.jpg\" data-dt-img-description=\"\" data-large_image_width=\"1000\" data-large_image_height=\"650\"><img loading=\"lazy\" decoding=\"async\" class=\" wp-image-429697 alignleft\" src=\"https:\/\/www.radiopiu.net\/wordpress\/wp-content\/uploads\/2025\/01\/casparetha-cover-e1626294765175-300x195.jpg\" alt=\"\" width=\"212\" height=\"138\" srcset=\"https:\/\/www.radiopiu.net\/wordpress\/wp-content\/uploads\/2025\/01\/casparetha-cover-e1626294765175-300x195.jpg 300w, https:\/\/www.radiopiu.net\/wordpress\/wp-content\/uploads\/2025\/01\/casparetha-cover-e1626294765175-768x499.jpg 768w, https:\/\/www.radiopiu.net\/wordpress\/wp-content\/uploads\/2025\/01\/casparetha-cover-e1626294765175.jpg 1000w\" sizes=\"auto, (max-width: 212px) 100vw, 212px\" \/><\/a>DI MIRKO MEZZACASA<\/strong><\/p>\n<p>OSPITI: Mirko Tancon ed Emil Tancon<\/p>\n<audio class=\"wp-audio-shortcode\" id=\"audio-430513-13\" preload=\"none\" style=\"width: 100%;\" controls=\"controls\"><source type=\"audio\/mpeg\" src=\"https:\/\/www.radiopiu.net\/wordpress\/wp-content\/uploads\/2025\/01\/casparegha-2025-canale.mp3?_=13\" \/><a href=\"https:\/\/www.radiopiu.net\/wordpress\/wp-content\/uploads\/2025\/01\/casparegha-2025-canale.mp3\">https:\/\/www.radiopiu.net\/wordpress\/wp-content\/uploads\/2025\/01\/casparegha-2025-canale.mp3<\/a><\/audio>\n<p>&nbsp;<\/p>\n<p>&nbsp;<\/p>\n<hr \/>\n<p>&nbsp;<\/p>\n<blockquote class=\"wp-embedded-content\" data-secret=\"el3k6uLPYR\"><p><a href=\"https:\/\/www.radiopiu.net\/wordpress\/430462-2\/\">&#x1f389; Lotteria di San Marcello: Ecco i Numeri Fortunati! &#x1f340;&#x2728;<\/a><\/p><\/blockquote>\n<p><iframe loading=\"lazy\" class=\"wp-embedded-content\" sandbox=\"allow-scripts\" security=\"restricted\" style=\"position: absolute; visibility: hidden;\" title=\"&#8220;&#x1f389; Lotteria di San Marcello: Ecco i Numeri Fortunati! &#x1f340;&#x2728;&#8221; &#8212; Radio Pi\u00f9\" src=\"https:\/\/www.radiopiu.net\/wordpress\/430462-2\/embed\/#?secret=je8vG05PY6#?secret=el3k6uLPYR\" data-secret=\"el3k6uLPYR\" width=\"600\" height=\"338\" frameborder=\"0\" marginwidth=\"0\" marginheight=\"0\" scrolling=\"no\"><\/iframe><\/p>\n<p>&nbsp;<\/p>\n<p>&nbsp;<\/p>\n<hr \/>\n<p>&nbsp;<\/p>\n<blockquote>\n<h3>UN INCONTRO CON IL GAL ALTO BELLUNESE<\/h3>\n<\/blockquote>\n<p><strong>SANTO STEFANO DI CADORE<\/strong> Oggi alle 17:30, nella Sala Convegni Unione Montana Comelico a Santo Stefano di Cadore, si terr\u00e0 un incontro informativo sulla residenzialit\u00e0. Destinato a locatori, imprenditori turistici e operatori del settore, l\u2019evento tratter\u00e0 la normativa sugli affitti brevi, il progetto \u00abPotenziamento dell\u2019offerta di residenzialit\u00e0 del personale pubblico in Comelico\u00bb e nuove opportunit\u00e0 di finanziamento per migliorare l\u2019offerta ricettiva. Interverranno Francesco De Toffol di Confcommercio Belluno e Marco Bassetto del GAL Alto Bellunese.<\/p>\n<p>&nbsp;<\/p>\n<p>&nbsp;<\/p>\n<hr \/>\n<p>&nbsp;<\/p>\n<blockquote>\n<h3>ASSEMBLEA DELLA SINISTRA ITALIANA BELLUNO<\/h3>\n<\/blockquote>\n<p><strong>BELLUNO<\/strong> Venerd\u00ec alle 18:00, presso l\u2019Insolita Storia-Pop Bar di Belluno, si terr\u00e0 un\u2019assemblea pubblica organizzata dalla federazione provinciale di Sinistra Italiana. L\u2019incontro \u00e8 aperto a tutti, non solo agli iscritti, ed \u00e8 finalizzato a promuovere un dibattito collettivo. L\u2019obiettivo \u00e8 costruire insieme il calendario delle iniziative e delle battaglie politiche in provincia, con particolare attenzione ai temi promossi da Sinistra Italiana e dall&#8217;Alleanza Verdi-Sinistra. Un\u2019occasione per confrontarsi e delineare strategie condivise per il territorio.<\/p>\n<p>&nbsp;<\/p>\n<p>&nbsp;<\/p>\n<hr \/>\n<p>&nbsp;<\/p>\n<h1><span style=\"color: #ff6600;\">IERI ALLA RADIO<\/span><\/h1>\n<h2><span style=\"color: #ff0000;\">OGGI COME IERI, TERZO ANNO. CON SILVIA BALDO<\/span><\/h2>\n<p><strong><a class=\"dt-pswp-item\" href=\"https:\/\/www.radiopiu.net\/wordpress\/wp-content\/uploads\/2025\/01\/212433002-7dafc87b-3a8a-44ec-a64b-c6ae462309c7.jpg\" data-dt-img-description=\"\" data-large_image_width=\"1800\" data-large_image_height=\"1014\"><img loading=\"lazy\" decoding=\"async\" class=\" wp-image-430575 alignleft\" src=\"https:\/\/www.radiopiu.net\/wordpress\/wp-content\/uploads\/2025\/01\/212433002-7dafc87b-3a8a-44ec-a64b-c6ae462309c7-300x169.jpg\" alt=\"\" width=\"188\" height=\"106\" srcset=\"https:\/\/www.radiopiu.net\/wordpress\/wp-content\/uploads\/2025\/01\/212433002-7dafc87b-3a8a-44ec-a64b-c6ae462309c7-300x169.jpg 300w, https:\/\/www.radiopiu.net\/wordpress\/wp-content\/uploads\/2025\/01\/212433002-7dafc87b-3a8a-44ec-a64b-c6ae462309c7-1024x577.jpg 1024w, https:\/\/www.radiopiu.net\/wordpress\/wp-content\/uploads\/2025\/01\/212433002-7dafc87b-3a8a-44ec-a64b-c6ae462309c7-768x433.jpg 768w, https:\/\/www.radiopiu.net\/wordpress\/wp-content\/uploads\/2025\/01\/212433002-7dafc87b-3a8a-44ec-a64b-c6ae462309c7-1536x865.jpg 1536w, https:\/\/www.radiopiu.net\/wordpress\/wp-content\/uploads\/2025\/01\/212433002-7dafc87b-3a8a-44ec-a64b-c6ae462309c7.jpg 1800w\" sizes=\"auto, (max-width: 188px) 100vw, 188px\" \/><\/a>20 GENNAIO 2025 MARCO SIMONCELLI<\/strong><\/p>\n<audio class=\"wp-audio-shortcode\" id=\"audio-430513-14\" preload=\"none\" style=\"width: 100%;\" controls=\"controls\"><source type=\"audio\/mpeg\" src=\"https:\/\/www.radiopiu.net\/wordpress\/wp-content\/uploads\/2025\/01\/SIBI-3.mp3?_=14\" \/><a href=\"https:\/\/www.radiopiu.net\/wordpress\/wp-content\/uploads\/2025\/01\/SIBI-3.mp3\">https:\/\/www.radiopiu.net\/wordpress\/wp-content\/uploads\/2025\/01\/SIBI-3.mp3<\/a><\/audio>\n<p>&nbsp;<\/p>\n<p><strong>LA RACCOLTA COMPLETA <a href=\"https:\/\/www.radiopiu.net\/wordpress\/oggi-come-ieri-terzo-anno-con-silvia-baldo\/\"><span style=\"color: #0000ff;\">CLICCA QUI<\/span><\/a><\/strong><\/p>\n<p>&nbsp;<\/p>\n<hr \/>\n<p>&nbsp;<\/p>\n<h2><span style=\"color: #333399;\">RITRATTI SONORI, IL PROGRAMMA DI ALESSIA DALL&#8217;O&#8217;<\/span><\/h2>\n<p><span style=\"color: #ff0000;\"><strong><a class=\"dt-pswp-item\" href=\"https:\/\/www.radiopiu.net\/wordpress\/wp-content\/uploads\/2025\/01\/b4741c45-d0f6-44a2-95d9-97d7bfc56433.jpg\" data-dt-img-description=\"\" data-large_image_width=\"2048\" data-large_image_height=\"1536\"><img loading=\"lazy\" decoding=\"async\" class=\" wp-image-430609 alignleft\" src=\"https:\/\/www.radiopiu.net\/wordpress\/wp-content\/uploads\/2025\/01\/b4741c45-d0f6-44a2-95d9-97d7bfc56433-300x225.jpg\" alt=\"\" width=\"159\" height=\"119\" srcset=\"https:\/\/www.radiopiu.net\/wordpress\/wp-content\/uploads\/2025\/01\/b4741c45-d0f6-44a2-95d9-97d7bfc56433-300x225.jpg 300w, https:\/\/www.radiopiu.net\/wordpress\/wp-content\/uploads\/2025\/01\/b4741c45-d0f6-44a2-95d9-97d7bfc56433-1024x768.jpg 1024w, https:\/\/www.radiopiu.net\/wordpress\/wp-content\/uploads\/2025\/01\/b4741c45-d0f6-44a2-95d9-97d7bfc56433-768x576.jpg 768w, https:\/\/www.radiopiu.net\/wordpress\/wp-content\/uploads\/2025\/01\/b4741c45-d0f6-44a2-95d9-97d7bfc56433-1536x1152.jpg 1536w, https:\/\/www.radiopiu.net\/wordpress\/wp-content\/uploads\/2025\/01\/b4741c45-d0f6-44a2-95d9-97d7bfc56433.jpg 2048w\" sizes=\"auto, (max-width: 159px) 100vw, 159px\" \/><\/a>PUNTATA 11 &#8211; GRUPPO CIAO \/ MILENA FANT<\/strong><\/span><\/p>\n<p>PRIMA PARTE<\/p>\n<audio class=\"wp-audio-shortcode\" id=\"audio-430513-15\" preload=\"none\" style=\"width: 100%;\" controls=\"controls\"><source type=\"audio\/mpeg\" src=\"https:\/\/www.radiopiu.net\/wordpress\/wp-content\/uploads\/2025\/01\/RF1-1.mp3?_=15\" \/><a href=\"https:\/\/www.radiopiu.net\/wordpress\/wp-content\/uploads\/2025\/01\/RF1-1.mp3\">https:\/\/www.radiopiu.net\/wordpress\/wp-content\/uploads\/2025\/01\/RF1-1.mp3<\/a><\/audio>\n<p>&nbsp;<\/p>\n<p>SECONDA PARTE<\/p>\n<audio class=\"wp-audio-shortcode\" id=\"audio-430513-16\" preload=\"none\" style=\"width: 100%;\" controls=\"controls\"><source type=\"audio\/mpeg\" src=\"https:\/\/www.radiopiu.net\/wordpress\/wp-content\/uploads\/2025\/01\/RF2-1.mp3?_=16\" \/><a href=\"https:\/\/www.radiopiu.net\/wordpress\/wp-content\/uploads\/2025\/01\/RF2-1.mp3\">https:\/\/www.radiopiu.net\/wordpress\/wp-content\/uploads\/2025\/01\/RF2-1.mp3<\/a><\/audio>\n<p>&nbsp;<\/p>\n<p>TERZA PARTE<\/p>\n<audio class=\"wp-audio-shortcode\" id=\"audio-430513-17\" preload=\"none\" style=\"width: 100%;\" controls=\"controls\"><source type=\"audio\/mpeg\" src=\"https:\/\/www.radiopiu.net\/wordpress\/wp-content\/uploads\/2025\/01\/RF3-1.mp3?_=17\" \/><a href=\"https:\/\/www.radiopiu.net\/wordpress\/wp-content\/uploads\/2025\/01\/RF3-1.mp3\">https:\/\/www.radiopiu.net\/wordpress\/wp-content\/uploads\/2025\/01\/RF3-1.mp3<\/a><\/audio>\n<p>&nbsp;<\/p>\n<p><strong>LA RACCOLTA COMPLETA <a href=\"https:\/\/www.radiopiu.net\/wordpress\/ritratti-sonori-il-programma-di-alessia-dallo-la-raccolta\/\"><span style=\"color: #3366ff;\">CLICCA QUI<\/span><\/a><\/strong><\/p>\n<p>&nbsp;<\/p>\n<hr \/>\n<p>&nbsp;<\/p>\n<h2><span style=\"color: #33cccc;\">SALUTE E SOCIETA&#8217;<\/span><\/h2>\n<p><strong><a class=\"dt-pswp-item\" href=\"https:\/\/www.radiopiu.net\/wordpress\/wp-content\/uploads\/2025\/01\/e7b4b226-7909-a22b-1dab-272cbbe8954b.jpg\" data-dt-img-description=\"\" data-large_image_width=\"800\" data-large_image_height=\"445\"><img loading=\"lazy\" decoding=\"async\" class=\" wp-image-430570 alignleft\" src=\"https:\/\/www.radiopiu.net\/wordpress\/wp-content\/uploads\/2025\/01\/e7b4b226-7909-a22b-1dab-272cbbe8954b-300x167.jpg\" alt=\"\" width=\"277\" height=\"154\" srcset=\"https:\/\/www.radiopiu.net\/wordpress\/wp-content\/uploads\/2025\/01\/e7b4b226-7909-a22b-1dab-272cbbe8954b-300x167.jpg 300w, https:\/\/www.radiopiu.net\/wordpress\/wp-content\/uploads\/2025\/01\/e7b4b226-7909-a22b-1dab-272cbbe8954b-768x427.jpg 768w, https:\/\/www.radiopiu.net\/wordpress\/wp-content\/uploads\/2025\/01\/e7b4b226-7909-a22b-1dab-272cbbe8954b.jpg 800w\" sizes=\"auto, (max-width: 277px) 100vw, 277px\" \/><\/a>PUNTATA DEL 20 GENNAIO 2025<\/strong><\/p>\n<p><strong>Osteoporosi, la Nota 79 <\/strong>La Nota 79 rappresenta un passo avanti nel trattamento farmacologico dell&#8217;osteoporosi, garantito dal Servizio Sanitario Nazionale. Rivolta ai pazienti con un rischio elevato di fratture, questa nota mira a bilanciare i benefici e i rischi dei trattamenti a lungo termine. Particolare attenzione \u00e8 rivolta ai pazienti con fratture osteoporotiche pregresse, che sono maggiormente a rischio di ulteriori fratture. La Nota 79 classifica i farmaci per l&#8217;osteoporosi in tre categorie, basate su criteri di costo-efficacia e sicurezza, assicurando che ogni paziente riceva il trattamento pi\u00f9 adeguato alle proprie esigenze.<\/p>\n<p><strong>AUDIO<\/strong><\/p>\n<audio class=\"wp-audio-shortcode\" id=\"audio-430513-18\" preload=\"none\" style=\"width: 100%;\" controls=\"controls\"><source type=\"audio\/mpeg\" src=\"https:\/\/www.radiopiu.net\/wordpress\/wp-content\/uploads\/2025\/01\/SALUTE-2.mp3?_=18\" \/><a href=\"https:\/\/www.radiopiu.net\/wordpress\/wp-content\/uploads\/2025\/01\/SALUTE-2.mp3\">https:\/\/www.radiopiu.net\/wordpress\/wp-content\/uploads\/2025\/01\/SALUTE-2.mp3<\/a><\/audio>\n<p>&nbsp;<\/p>\n<hr \/>\n<p>&nbsp;<\/p>\n<h2><span style=\"color: #99cc00;\">COSA GUARDO STASERA IN TV?&#8230;CON PAOLA LANCIATO <\/span><\/h2>\n<h1><span style=\"color: #ff0000;\"><strong><a class=\"dt-pswp-item\" href=\"https:\/\/www.radiopiu.net\/wordpress\/wp-content\/uploads\/2025\/01\/9ec85b83-9d1a-426a-a488-9354a3cb151e.jpg\" data-dt-img-description=\"\" data-large_image_width=\"420\" data-large_image_height=\"601\"><img loading=\"lazy\" decoding=\"async\" class=\"size-medium wp-image-430586 alignleft\" src=\"https:\/\/www.radiopiu.net\/wordpress\/wp-content\/uploads\/2025\/01\/9ec85b83-9d1a-426a-a488-9354a3cb151e-210x300.jpg\" alt=\"\" width=\"210\" height=\"300\" srcset=\"https:\/\/www.radiopiu.net\/wordpress\/wp-content\/uploads\/2025\/01\/9ec85b83-9d1a-426a-a488-9354a3cb151e-210x300.jpg 210w, https:\/\/www.radiopiu.net\/wordpress\/wp-content\/uploads\/2025\/01\/9ec85b83-9d1a-426a-a488-9354a3cb151e.jpg 420w\" sizes=\"auto, (max-width: 210px) 100vw, 210px\" \/><\/a>Puntata 17 del 20 gennaio 2025<\/strong><\/span><\/h1>\n<audio class=\"wp-audio-shortcode\" id=\"audio-430513-19\" preload=\"none\" style=\"width: 100%;\" controls=\"controls\"><source type=\"audio\/mpeg\" src=\"https:\/\/www.radiopiu.net\/wordpress\/wp-content\/uploads\/2025\/01\/CIAK1-1.mp3?_=19\" \/><a href=\"https:\/\/www.radiopiu.net\/wordpress\/wp-content\/uploads\/2025\/01\/CIAK1-1.mp3\">https:\/\/www.radiopiu.net\/wordpress\/wp-content\/uploads\/2025\/01\/CIAK1-1.mp3<\/a><\/audio>\n<p>&nbsp;<\/p>\n<p><strong>LA RACCOLTA COMPLETA <a href=\"https:\/\/www.radiopiu.net\/wordpress\/cosa-guardo-stasera-in-tv-con-paola-lanciato-la-raccolta\/\"><span style=\"color: #3366ff;\">CLICCA QUI<\/span><\/a><\/strong><\/p>\n<p>&nbsp;<\/p>\n<hr \/>\n<p>&nbsp;<\/p>\n<h2><span style=\"color: #ffcc00;\">I RACCONTI DI PAOLO SOPPELSA<\/span><\/h2>\n<p><strong>LA VALBELLUNA<\/strong><\/p>\n<p><strong>AUDIO<\/strong><\/p>\n<audio class=\"wp-audio-shortcode\" id=\"audio-430513-20\" preload=\"none\" style=\"width: 100%;\" controls=\"controls\"><source type=\"audio\/mpeg\" src=\"https:\/\/www.radiopiu.net\/wordpress\/wp-content\/uploads\/2025\/01\/PAOLOS-2.mp3?_=20\" \/><a href=\"https:\/\/www.radiopiu.net\/wordpress\/wp-content\/uploads\/2025\/01\/PAOLOS-2.mp3\">https:\/\/www.radiopiu.net\/wordpress\/wp-content\/uploads\/2025\/01\/PAOLOS-2.mp3<\/a><\/audio>\n<p>&nbsp;<\/p>\n<p><a class=\"dt-pswp-item\" href=\"https:\/\/www.radiopiu.net\/wordpress\/wp-content\/uploads\/2025\/01\/e0f77424-c708-42ea-a5a3-912fcd3a6c7c.jpg\" data-dt-img-description=\"\" data-large_image_width=\"1080\" data-large_image_height=\"810\"><img loading=\"lazy\" decoding=\"async\" class=\" wp-image-430415 alignleft\" src=\"https:\/\/www.radiopiu.net\/wordpress\/wp-content\/uploads\/2025\/01\/e0f77424-c708-42ea-a5a3-912fcd3a6c7c-300x225.jpg\" alt=\"\" width=\"177\" height=\"133\" srcset=\"https:\/\/www.radiopiu.net\/wordpress\/wp-content\/uploads\/2025\/01\/e0f77424-c708-42ea-a5a3-912fcd3a6c7c-300x225.jpg 300w, https:\/\/www.radiopiu.net\/wordpress\/wp-content\/uploads\/2025\/01\/e0f77424-c708-42ea-a5a3-912fcd3a6c7c-1024x768.jpg 1024w, https:\/\/www.radiopiu.net\/wordpress\/wp-content\/uploads\/2025\/01\/e0f77424-c708-42ea-a5a3-912fcd3a6c7c-768x576.jpg 768w, https:\/\/www.radiopiu.net\/wordpress\/wp-content\/uploads\/2025\/01\/e0f77424-c708-42ea-a5a3-912fcd3a6c7c.jpg 1080w\" sizes=\"auto, (max-width: 177px) 100vw, 177px\" \/><\/a>\u00c8 valle serena la Valbelluna, solcata al centro dalle acque del Fiume Sacro, capaci di indorarsi alla luce di certi tramonti novembrini. Destra e sinistra Piave, terre simili e diverse, vegliate rispettivamente da montagne selvagge e severe e da pi\u00f9 tranquilli colli boscosi che digradano dolcemente verso il fiume. Belluno, sorta sul pulpito sul quale si erge bianco e maestoso il campanile dello Juvarra, \u00e8 capoluogo di questa valle ampia e assolata. Belluno e le sue fontane e lass\u00f9 la Schiara, simbolo della citt\u00e0, la prima vera montagna dolomitica che si incontra salendo dalla pianura. Montagna vera, con la sua importante storia alpinistica da narrare e la sua Gusela, prodigio dolomitico che rivaleggia in bellezza con i palazzi e le chiese della Citt\u00e0 Splendente. La Valbelluna, un tempo terra contadina, di campi di mais arati a forza di braccia, di chiese bianche ad indicare i paesi. Terra di case coloniche col piol e vigneti affaticati di uva americana buona per quel clinto aspro e duro come certe vite faticose vissute nelle campagne che lambivano il Piave. Erano donne e uomini che il sabato mattina entravano a Belluno per proporre i loro prodotti di stagione al grande mercato, erano biciclette carretti e motocarri carichi di fatiche e speranze. Era un giro in quella Via Mezatera viva vitale in ogni suo angolo, era un&#8217;ombra di vino buono bevuto in una di quelle osterie invase dal fumo e da tanta umanit\u00e0. Destra e sinistra Piave, da Belluno a Busche, paesi campagna e poi ancora paesi e vite apparentemente immutabili fino a quella tremenda notte d&#8217;inizio autunno del 1963. Quella mattina del 10 ottobre rivel\u00f2 un Piave sconvolto come le persone che abitavano le sue rive. Aria di devastazione in quell\u2019alveo carico di morte e nell&#8217;animo di quelle persone affrante che recuperarono i corpi senza vita di altre persone tragicamente perite pi\u00f9 a nord. Era il Vajont, la grande tragedia bellunese, che cancell\u00f2 Longarone, che provoc\u00f2 duemila vittime e che nel giro di pochi anni cambi\u00f2 le sorti della Valbelluna e non solo. Dalle ceneri dell\u2019immane tragedia nacquero i provvedimenti che diedero impulso alla creazione di nuove industrie che, tempo qualche anno, si insediarono in Valbelluna. Furono nuovi capannoni che andarono a formare vere e proprie zone industriali, si avviarono produzioni di ceramiche compressori frigoriferi, di tutto un po\u2019. Donne e uomini iniziarono a varcare i cancelli di quelle nuove fabbriche che si ingrandivano anno dopo anno. Nascevano nuove industrie e nel frattempo sorgevano nuove case costruite da quelle maestranze che quelle fabbriche le mandavano avanti. Case di mattoni e cemento e non pi\u00f9 di pietra, riscaldamenti a gasolio, nuove auto che andavano e venivano da quei capannoni sorti lungo il corso del Piave. Era il progresso che aveva portato un po\u2019 di sacrosanto benessere, erano campi che ritornavano ad essere prati. Erano uomini passati dal trattore alla catena di montaggio, dal badile al tornio e alla fresa, era una terra che aveva iniziato a vivere un&#8217;epoca nuova e diversa. \u00c8 cos\u00ec la Valbelluna, valle serena solcata al centro dal Piave che, nel suo perpetuo scorrere, racconta le vite, le storie e le fatiche di questa gente operosa di quasi montagna.<\/p>\n<p>&nbsp;<\/p>\n<p>&nbsp;<\/p>\n<hr \/>\n<p>&nbsp;<\/p>\n<blockquote class=\"wp-embedded-content\" data-secret=\"iIRStIIN5c\"><p><a href=\"https:\/\/www.radiopiu.net\/wordpress\/lad08aaaa\/\">&#8220;NCONTONSE&#8221; IN LADINO SU RADIO PI\u00d9<\/a><\/p><\/blockquote>\n<p><iframe loading=\"lazy\" class=\"wp-embedded-content\" sandbox=\"allow-scripts\" security=\"restricted\" style=\"position: absolute; visibility: hidden;\" title=\"&#8220;&#8220;NCONTONSE&#8221; IN LADINO SU RADIO PI\u00d9&#8221; &#8212; Radio Pi\u00f9\" src=\"https:\/\/www.radiopiu.net\/wordpress\/lad08aaaa\/embed\/#?secret=0QPV64jIBX#?secret=iIRStIIN5c\" data-secret=\"iIRStIIN5c\" width=\"600\" height=\"338\" frameborder=\"0\" marginwidth=\"0\" marginheight=\"0\" scrolling=\"no\"><\/iframe><\/p>\n<blockquote class=\"wp-embedded-content\" data-secret=\"xpXHipBhKA\"><p><a href=\"https:\/\/www.radiopiu.net\/wordpress\/raccolta-anno-2024-pirole-de-lenga-dalla-puntata-1-alla-250\/\">RACCOLTA ANNO 2024-25 PIROLE DE LENGA&#8230;DALLA PUNTATA 1<\/a><\/p><\/blockquote>\n<p><iframe loading=\"lazy\" class=\"wp-embedded-content\" sandbox=\"allow-scripts\" security=\"restricted\" style=\"position: absolute; visibility: hidden;\" title=\"&#8220;RACCOLTA ANNO 2024-25 PIROLE DE LENGA&#8230;DALLA PUNTATA 1&#8221; &#8212; Radio Pi\u00f9\" src=\"https:\/\/www.radiopiu.net\/wordpress\/raccolta-anno-2024-pirole-de-lenga-dalla-puntata-1-alla-250\/embed\/#?secret=0a6E4so4ow#?secret=xpXHipBhKA\" data-secret=\"xpXHipBhKA\" width=\"600\" height=\"338\" frameborder=\"0\" marginwidth=\"0\" marginheight=\"0\" scrolling=\"no\"><\/iframe><\/p>\n<blockquote class=\"wp-embedded-content\" data-secret=\"2hAsv6plbL\"><p><a href=\"https:\/\/www.radiopiu.net\/wordpress\/set5a\/\">EL BAL DEL FIOR, DETTI E MODI DI DIRE  LA RACCOLTA COMPLETA<\/a><\/p><\/blockquote>\n<p><iframe loading=\"lazy\" class=\"wp-embedded-content\" sandbox=\"allow-scripts\" security=\"restricted\" style=\"position: absolute; visibility: hidden;\" title=\"&#8220;EL BAL DEL FIOR, DETTI E MODI DI DIRE  LA RACCOLTA COMPLETA&#8221; &#8212; Radio Pi\u00f9\" src=\"https:\/\/www.radiopiu.net\/wordpress\/set5a\/embed\/#?secret=MaxWyoNZVa#?secret=2hAsv6plbL\" data-secret=\"2hAsv6plbL\" width=\"600\" height=\"338\" frameborder=\"0\" marginwidth=\"0\" marginheight=\"0\" scrolling=\"no\"><\/iframe><\/p>\n<p>&nbsp;<\/p>\n<blockquote class=\"wp-embedded-content\" data-secret=\"w25s8zc1AM\"><p><a href=\"https:\/\/www.radiopiu.net\/wordpress\/almanac1\/\">RACCOLTA ANNO 2024 N di parom &#8211; L Almanach de la nosta jent<\/a><\/p><\/blockquote>\n<p><iframe loading=\"lazy\" class=\"wp-embedded-content\" sandbox=\"allow-scripts\" security=\"restricted\" style=\"position: absolute; visibility: hidden;\" title=\"&#8220;RACCOLTA ANNO 2024 N di parom &#8211; L Almanach de la nosta jent&#8221; &#8212; Radio Pi\u00f9\" src=\"https:\/\/www.radiopiu.net\/wordpress\/almanac1\/embed\/#?secret=knJ0bTzLZi#?secret=w25s8zc1AM\" data-secret=\"w25s8zc1AM\" width=\"600\" height=\"338\" frameborder=\"0\" marginwidth=\"0\" marginheight=\"0\" scrolling=\"no\"><\/iframe><\/p>\n<hr \/>\n<p>&nbsp;<\/p>\n<blockquote>\n<h3>DALL&#8217;ARCHIVIO DI GIULIANO LAVEDER, VALLE IMPERINA IERI E CON L&#8217;OM SALVARECH<\/h3>\n<\/blockquote>\n\n\t\t\t<style type='text\/css'>\n\t\t\t\t#gallery-3 {\n\t\t\t\t\tmargin: auto;\n\t\t\t\t}\n\t\t\t\t#gallery-3 .gallery-item {\n\t\t\t\t\tfloat: left;\n\t\t\t\t\tmargin-top: 10px;\n\t\t\t\t\ttext-align: center;\n\t\t\t\t\twidth: 25%;\n\t\t\t\t}\n\t\t\t\t#gallery-3 img {\n\t\t\t\t\tborder: 2px solid #cfcfcf;\n\t\t\t\t}\n\t\t\t\t#gallery-3 .gallery-caption {\n\t\t\t\t\tmargin-left: 0;\n\t\t\t\t}\n\t\t\t\t\/* see gallery_shortcode() in wp-includes\/media.php *\/\n\t\t\t<\/style>\n\t\t<div id='gallery-3' class='dt-gallery-container gallery galleryid-430513 gallery-columns-4 gallery-size-thumbnail'><dl class='gallery-item'>\n\t\t\t\t<dt class='gallery-icon landscape'>\n\t\t\t\t\t<a class=\"rollover rollover-zoom dt-pswp-item\" title=\"Valle IMPERINA la villa del direttore, primo edificio distrutto dopo la chiusura e senza pi\u00f9 guardiani si erano portati via tutto,rubinetti perfino il pavimento in noce quindin poco tempo \u00e8 diventato un\" data-dt-img-description=\"\" data-large_image_width=\"756\" data-large_image_height=\"608\"href='https:\/\/www.radiopiu.net\/wordpress\/wp-content\/uploads\/2025\/01\/VALLEI1.jpg'><img loading=\"lazy\" decoding=\"async\" width=\"150\" height=\"150\" src=\"https:\/\/www.radiopiu.net\/wordpress\/wp-content\/uploads\/2025\/01\/VALLEI1-150x150.jpg\" class=\"attachment-thumbnail size-thumbnail\" alt=\"\" aria-describedby=\"gallery-3-430532\" \/><\/a>\n\t\t\t\t<\/dt>\n\t\t\t\t\t<dd class='wp-caption-text gallery-caption' id='gallery-3-430532'>\n\t\t\t\t\tValle IMPERINA la villa del direttore, primo edificio distrutto dopo la chiusura e senza pi\u00f9 guardiani si erano portati via tutto,rubinetti perfino il pavimento in noce quindin poco tempo \u00e8 diventato un \n\t\t\t\t\t<\/dd><\/dl><dl class='gallery-item'>\n\t\t\t\t<dt class='gallery-icon landscape'>\n\t\t\t\t\t<a class=\"rollover rollover-zoom dt-pswp-item\" title=\"Valle IMPERINA il giorno di Santa Barbara anni 50 operai in festa\" data-dt-img-description=\"\" data-large_image_width=\"1292\" data-large_image_height=\"933\"href='https:\/\/www.radiopiu.net\/wordpress\/wp-content\/uploads\/2025\/01\/Valle-IMPERINA-il-giorno-di-Santa-Barbara-anni-50-operai-in-festa.jpg'><img loading=\"lazy\" decoding=\"async\" width=\"150\" height=\"150\" src=\"https:\/\/www.radiopiu.net\/wordpress\/wp-content\/uploads\/2025\/01\/Valle-IMPERINA-il-giorno-di-Santa-Barbara-anni-50-operai-in-festa-150x150.jpg\" class=\"attachment-thumbnail size-thumbnail\" alt=\"\" aria-describedby=\"gallery-3-430531\" \/><\/a>\n\t\t\t\t<\/dt>\n\t\t\t\t\t<dd class='wp-caption-text gallery-caption' id='gallery-3-430531'>\n\t\t\t\t\tValle IMPERINA il giorno di Santa Barbara anni 50 operai in festa\n\t\t\t\t\t<\/dd><\/dl><dl class='gallery-item'>\n\t\t\t\t<dt class='gallery-icon portrait'>\n\t\t\t\t\t<a class=\"rollover rollover-zoom dt-pswp-item\" title=\"Festa Om Salvarec in Valle IMPERINA organizzato dal Club per l\u2019Unesco di Rivamonte Agordino\" data-dt-img-description=\"\" data-large_image_width=\"720\" data-large_image_height=\"960\"href='https:\/\/www.radiopiu.net\/wordpress\/wp-content\/uploads\/2025\/01\/Festa-Om-Salvarec-in-Valle-IMPERINA-organizzato-dal-Club-per-lUnesco-di-Rivamonte-Agordino.jpg'><img loading=\"lazy\" decoding=\"async\" width=\"150\" height=\"150\" src=\"https:\/\/www.radiopiu.net\/wordpress\/wp-content\/uploads\/2025\/01\/Festa-Om-Salvarec-in-Valle-IMPERINA-organizzato-dal-Club-per-lUnesco-di-Rivamonte-Agordino-150x150.jpg\" class=\"attachment-thumbnail size-thumbnail\" alt=\"\" aria-describedby=\"gallery-3-430525\" \/><\/a>\n\t\t\t\t<\/dt>\n\t\t\t\t\t<dd class='wp-caption-text gallery-caption' id='gallery-3-430525'>\n\t\t\t\t\tOM SALVARECH IN VALLE IMPERINA (3)\n\t\t\t\t\t<\/dd><\/dl><dl class='gallery-item'>\n\t\t\t\t<dt class='gallery-icon landscape'>\n\t\t\t\t\t<a class=\"rollover rollover-zoom dt-pswp-item\" title=\"OM SALVARECH IN VALLE IMPERINA (1)\" data-dt-img-description=\"\" data-large_image_width=\"960\" data-large_image_height=\"720\"href='https:\/\/www.radiopiu.net\/wordpress\/wp-content\/uploads\/2025\/01\/OM-SALVARECH-IN-VALLE-IMPERINA-1.jpg'><img loading=\"lazy\" decoding=\"async\" width=\"150\" height=\"150\" src=\"https:\/\/www.radiopiu.net\/wordpress\/wp-content\/uploads\/2025\/01\/OM-SALVARECH-IN-VALLE-IMPERINA-1-150x150.jpg\" class=\"attachment-thumbnail size-thumbnail\" alt=\"\" aria-describedby=\"gallery-3-430526\" \/><\/a>\n\t\t\t\t<\/dt>\n\t\t\t\t\t<dd class='wp-caption-text gallery-caption' id='gallery-3-430526'>\n\t\t\t\t\tOM SALVARECH IN VALLE IMPERINA (3)\n\t\t\t\t\t<\/dd><\/dl><br style=\"clear: both\" \/><dl class='gallery-item'>\n\t\t\t\t<dt class='gallery-icon landscape'>\n\t\t\t\t\t<a class=\"rollover rollover-zoom dt-pswp-item\" title=\"OM SALVARECH IN VALLE IMPERINA (2)\" data-dt-img-description=\"\" data-large_image_width=\"960\" data-large_image_height=\"720\"href='https:\/\/www.radiopiu.net\/wordpress\/wp-content\/uploads\/2025\/01\/OM-SALVARECH-IN-VALLE-IMPERINA-2.jpg'><img loading=\"lazy\" decoding=\"async\" width=\"150\" height=\"150\" src=\"https:\/\/www.radiopiu.net\/wordpress\/wp-content\/uploads\/2025\/01\/OM-SALVARECH-IN-VALLE-IMPERINA-2-150x150.jpg\" class=\"attachment-thumbnail size-thumbnail\" alt=\"\" aria-describedby=\"gallery-3-430527\" \/><\/a>\n\t\t\t\t<\/dt>\n\t\t\t\t\t<dd class='wp-caption-text gallery-caption' id='gallery-3-430527'>\n\t\t\t\t\tOM SALVARECH IN VALLE IMPERINA (3)\n\t\t\t\t\t<\/dd><\/dl><dl class='gallery-item'>\n\t\t\t\t<dt class='gallery-icon landscape'>\n\t\t\t\t\t<a class=\"rollover rollover-zoom dt-pswp-item\" title=\"OM SALVARECH IN VALLE IMPERINA (3)\" data-dt-img-description=\"\" data-large_image_width=\"960\" data-large_image_height=\"720\"href='https:\/\/www.radiopiu.net\/wordpress\/wp-content\/uploads\/2025\/01\/OM-SALVARECH-IN-VALLE-IMPERINA-3.jpg'><img loading=\"lazy\" decoding=\"async\" width=\"150\" height=\"150\" src=\"https:\/\/www.radiopiu.net\/wordpress\/wp-content\/uploads\/2025\/01\/OM-SALVARECH-IN-VALLE-IMPERINA-3-150x150.jpg\" class=\"attachment-thumbnail size-thumbnail\" alt=\"\" aria-describedby=\"gallery-3-430528\" \/><\/a>\n\t\t\t\t<\/dt>\n\t\t\t\t\t<dd class='wp-caption-text gallery-caption' id='gallery-3-430528'>\n\t\t\t\t\tOM SALVARECH IN VALLE IMPERINA (3)\n\t\t\t\t\t<\/dd><\/dl><dl class='gallery-item'>\n\t\t\t\t<dt class='gallery-icon landscape'>\n\t\t\t\t\t<a class=\"rollover rollover-zoom dt-pswp-item\" title=\"OM SALVARECH IN VALLE IMPERINA (4)\" data-dt-img-description=\"\" data-large_image_width=\"960\" data-large_image_height=\"720\"href='https:\/\/www.radiopiu.net\/wordpress\/wp-content\/uploads\/2025\/01\/OM-SALVARECH-IN-VALLE-IMPERINA-4.jpg'><img loading=\"lazy\" decoding=\"async\" width=\"150\" height=\"150\" src=\"https:\/\/www.radiopiu.net\/wordpress\/wp-content\/uploads\/2025\/01\/OM-SALVARECH-IN-VALLE-IMPERINA-4-150x150.jpg\" class=\"attachment-thumbnail size-thumbnail\" alt=\"\" aria-describedby=\"gallery-3-430529\" \/><\/a>\n\t\t\t\t<\/dt>\n\t\t\t\t\t<dd class='wp-caption-text gallery-caption' id='gallery-3-430529'>\n\t\t\t\t\tOM SALVARECH IN VALLE IMPERINA (3)\n\t\t\t\t\t<\/dd><\/dl><dl class='gallery-item'>\n\t\t\t\t<dt class='gallery-icon landscape'>\n\t\t\t\t\t<a class=\"rollover rollover-zoom dt-pswp-item\" title=\"OM SALVARECH IN VALLE IMPERINA (5)\" data-dt-img-description=\"\" data-large_image_width=\"960\" data-large_image_height=\"720\"href='https:\/\/www.radiopiu.net\/wordpress\/wp-content\/uploads\/2025\/01\/OM-SALVARECH-IN-VALLE-IMPERINA-5.jpg'><img loading=\"lazy\" decoding=\"async\" width=\"150\" height=\"150\" src=\"https:\/\/www.radiopiu.net\/wordpress\/wp-content\/uploads\/2025\/01\/OM-SALVARECH-IN-VALLE-IMPERINA-5-150x150.jpg\" class=\"attachment-thumbnail size-thumbnail\" alt=\"\" aria-describedby=\"gallery-3-430530\" \/><\/a>\n\t\t\t\t<\/dt>\n\t\t\t\t\t<dd class='wp-caption-text gallery-caption' id='gallery-3-430530'>\n\t\t\t\t\tOM SALVARECH IN VALLE IMPERINA (3)\n\t\t\t\t\t<\/dd><\/dl><br style=\"clear: both\" \/>\n\t\t\t<\/div>\n\n<p>&nbsp;<\/p>\n<hr \/>\n<p>&nbsp;<\/p>\n<h2><span style=\"color: #ff0000;\"><a class=\"dt-pswp-item\" href=\"https:\/\/www.radiopiu.net\/wordpress\/wp-content\/uploads\/2018\/09\/appuntamenti.jpeg\" data-dt-img-description=\"\" data-large_image_width=\"800\" data-large_image_height=\"100\"><img loading=\"lazy\" decoding=\"async\" class=\"wp-image-61958 size-full aligncenter\" src=\"https:\/\/www.radiopiu.net\/wordpress\/wp-content\/uploads\/2018\/09\/appuntamenti.jpeg\" alt=\"\" width=\"800\" height=\"100\" srcset=\"https:\/\/www.radiopiu.net\/wordpress\/wp-content\/uploads\/2018\/09\/appuntamenti.jpeg 800w, https:\/\/www.radiopiu.net\/wordpress\/wp-content\/uploads\/2018\/09\/appuntamenti-300x38.jpeg 300w, https:\/\/www.radiopiu.net\/wordpress\/wp-content\/uploads\/2018\/09\/appuntamenti-768x96.jpeg 768w\" sizes=\"auto, (max-width: 800px) 100vw, 800px\" \/><\/a><\/span><\/h2>\n<div dir=\"auto\"><\/div>\n<div class=\"xdj266r x11i5rnm xat24cr x1mh8g0r x1vvkbs x126k92a\">\n<div dir=\"auto\"><\/div>\n<\/div>\n<div>\n<div class=\"\" dir=\"auto\">\n<div id=\":r9h:\" class=\"x1iorvi4 x1pi30zi x1l90r2v x1swvt13\" data-ad-comet-preview=\"message\" data-ad-preview=\"message\">\n<div>\n<div class=\"\" dir=\"auto\">\n<div id=\":r9h:\" class=\"x1iorvi4 x1pi30zi x1l90r2v x1swvt13\" data-ad-comet-preview=\"message\" data-ad-preview=\"message\">\n<div class=\"xdj266r x11i5rnm xat24cr x1mh8g0r x1vvkbs x126k92a\">\n<div dir=\"auto\"><\/div>\n<\/div>\n<div>\n<div class=\"\" dir=\"auto\">\n<div id=\":r9h:\" class=\"x1iorvi4 x1pi30zi x1l90r2v x1swvt13\" data-ad-comet-preview=\"message\" data-ad-preview=\"message\">\n<div>\n<div class=\"\" dir=\"auto\">\n<div id=\":r9h:\" class=\"x1iorvi4 x1pi30zi x1l90r2v x1swvt13\" data-ad-comet-preview=\"message\" data-ad-preview=\"message\">\n\n\t\t\t<style type='text\/css'>\n\t\t\t\t#gallery-4 {\n\t\t\t\t\tmargin: auto;\n\t\t\t\t}\n\t\t\t\t#gallery-4 .gallery-item {\n\t\t\t\t\tfloat: left;\n\t\t\t\t\tmargin-top: 10px;\n\t\t\t\t\ttext-align: center;\n\t\t\t\t\twidth: 25%;\n\t\t\t\t}\n\t\t\t\t#gallery-4 img {\n\t\t\t\t\tborder: 2px solid #cfcfcf;\n\t\t\t\t}\n\t\t\t\t#gallery-4 .gallery-caption {\n\t\t\t\t\tmargin-left: 0;\n\t\t\t\t}\n\t\t\t\t\/* see gallery_shortcode() in wp-includes\/media.php *\/\n\t\t\t<\/style>\n\t\t<div id='gallery-4' class='dt-gallery-container gallery galleryid-430513 gallery-columns-4 gallery-size-thumbnail'><dl class='gallery-item'>\n\t\t\t\t<dt class='gallery-icon portrait'>\n\t\t\t\t\t<a class=\"rollover rollover-zoom dt-pswp-item\" title=\"manifesto serate invernali\" data-dt-img-description=\"\" data-large_image_width=\"1683\" data-large_image_height=\"2383\"href='https:\/\/www.radiopiu.net\/wordpress\/wp-content\/uploads\/2024\/11\/manifesto-serate-invernali.jpg'><img loading=\"lazy\" decoding=\"async\" width=\"150\" height=\"150\" src=\"https:\/\/www.radiopiu.net\/wordpress\/wp-content\/uploads\/2024\/11\/manifesto-serate-invernali-150x150.jpg\" class=\"attachment-thumbnail size-thumbnail\" alt=\"\" aria-describedby=\"gallery-4-418816\" \/><\/a>\n\t\t\t\t<\/dt>\n\t\t\t\t\t<dd class='wp-caption-text gallery-caption' id='gallery-4-418816'>\n\t\t\t\t\t21 FEBBRAIO\n\t\t\t\t\t<\/dd><\/dl><dl class='gallery-item'>\n\t\t\t\t<dt class='gallery-icon portrait'>\n\t\t\t\t\t<a class=\"rollover rollover-zoom dt-pswp-item\" title=\"222c1268-28ad-4f2a-b9c7-7e3a82831958\" data-dt-img-description=\"\" data-large_image_width=\"1131\" data-large_image_height=\"1600\"href='https:\/\/www.radiopiu.net\/wordpress\/wp-content\/uploads\/2025\/01\/222c1268-28ad-4f2a-b9c7-7e3a82831958.jpg'><img loading=\"lazy\" decoding=\"async\" width=\"150\" height=\"150\" src=\"https:\/\/www.radiopiu.net\/wordpress\/wp-content\/uploads\/2025\/01\/222c1268-28ad-4f2a-b9c7-7e3a82831958-150x150.jpg\" class=\"attachment-thumbnail size-thumbnail\" alt=\"\" \/><\/a>\n\t\t\t\t<\/dt><\/dl><dl class='gallery-item'>\n\t\t\t\t<dt class='gallery-icon portrait'>\n\t\t\t\t\t<a class=\"rollover rollover-zoom dt-pswp-item\" title=\"Gennaio\" data-dt-img-description=\"\" data-large_image_width=\"841\" data-large_image_height=\"1190\"href='https:\/\/www.radiopiu.net\/wordpress\/wp-content\/uploads\/2024\/12\/Gennaio.jpg'><img loading=\"lazy\" decoding=\"async\" width=\"150\" height=\"150\" src=\"https:\/\/www.radiopiu.net\/wordpress\/wp-content\/uploads\/2024\/12\/Gennaio-150x150.jpg\" class=\"attachment-thumbnail size-thumbnail\" alt=\"\" aria-describedby=\"gallery-4-427015\" \/><\/a>\n\t\t\t\t<\/dt>\n\t\t\t\t\t<dd class='wp-caption-text gallery-caption' id='gallery-4-427015'>\n\t\t\t\t\tA GENNAIO A FELTRE\n\t\t\t\t\t<\/dd><\/dl><dl class='gallery-item'>\n\t\t\t\t<dt class='gallery-icon portrait'>\n\t\t\t\t\t<a class=\"rollover rollover-zoom dt-pswp-item\" title=\"921dc2b9-84ff-433f-bdf0-12b966e4d28c\" data-dt-img-description=\"\" data-large_image_width=\"1132\" data-large_image_height=\"1600\"href='https:\/\/www.radiopiu.net\/wordpress\/wp-content\/uploads\/2025\/01\/921dc2b9-84ff-433f-bdf0-12b966e4d28c.jpg'><img loading=\"lazy\" decoding=\"async\" width=\"150\" height=\"150\" src=\"https:\/\/www.radiopiu.net\/wordpress\/wp-content\/uploads\/2025\/01\/921dc2b9-84ff-433f-bdf0-12b966e4d28c-150x150.jpg\" class=\"attachment-thumbnail size-thumbnail\" alt=\"\" aria-describedby=\"gallery-4-430056\" \/><\/a>\n\t\t\t\t<\/dt>\n\t\t\t\t\t<dd class='wp-caption-text gallery-caption' id='gallery-4-430056'>\n\t\t\t\t\tLA CENA ALLA REVERSA\n\t\t\t\t\t<\/dd><\/dl><br style=\"clear: both\" \/><dl class='gallery-item'>\n\t\t\t\t<dt class='gallery-icon portrait'>\n\t\t\t\t\t<a class=\"rollover rollover-zoom dt-pswp-item\" title=\"9f566fc3-7885-41ce-ac26-f44053c00ebe\" data-dt-img-description=\"\" data-large_image_width=\"1080\" data-large_image_height=\"1244\"href='https:\/\/www.radiopiu.net\/wordpress\/wp-content\/uploads\/2025\/01\/9f566fc3-7885-41ce-ac26-f44053c00ebe.jpg'><img loading=\"lazy\" decoding=\"async\" width=\"150\" height=\"150\" src=\"https:\/\/www.radiopiu.net\/wordpress\/wp-content\/uploads\/2025\/01\/9f566fc3-7885-41ce-ac26-f44053c00ebe-150x150.jpg\" class=\"attachment-thumbnail size-thumbnail\" alt=\"\" \/><\/a>\n\t\t\t\t<\/dt><\/dl><dl class='gallery-item'>\n\t\t\t\t<dt class='gallery-icon portrait'>\n\t\t\t\t\t<a class=\"rollover rollover-zoom dt-pswp-item\" title=\"Beretta_gennaio_2025\" data-dt-img-description=\"\" data-large_image_width=\"1414\" data-large_image_height=\"2000\"href='https:\/\/www.radiopiu.net\/wordpress\/wp-content\/uploads\/2025\/01\/Beretta_gennaio_2025.jpg'><img loading=\"lazy\" decoding=\"async\" width=\"150\" height=\"150\" src=\"https:\/\/www.radiopiu.net\/wordpress\/wp-content\/uploads\/2025\/01\/Beretta_gennaio_2025-150x150.jpg\" class=\"attachment-thumbnail size-thumbnail\" alt=\"\" \/><\/a>\n\t\t\t\t<\/dt><\/dl><dl class='gallery-item'>\n\t\t\t\t<dt class='gallery-icon portrait'>\n\t\t\t\t\t<a class=\"rollover rollover-zoom dt-pswp-item\" title=\"e353010f-a09e-439a-aa68-6e7aaf93fc09\" data-dt-img-description=\"\" data-large_image_width=\"1146\" data-large_image_height=\"1600\"href='https:\/\/www.radiopiu.net\/wordpress\/wp-content\/uploads\/2025\/01\/e353010f-a09e-439a-aa68-6e7aaf93fc09.jpg'><img loading=\"lazy\" decoding=\"async\" width=\"150\" height=\"150\" src=\"https:\/\/www.radiopiu.net\/wordpress\/wp-content\/uploads\/2025\/01\/e353010f-a09e-439a-aa68-6e7aaf93fc09-150x150.jpg\" class=\"attachment-thumbnail size-thumbnail\" alt=\"\" \/><\/a>\n\t\t\t\t<\/dt><\/dl>\n\t\t\t\t<br style='clear: both' \/>\n\t\t\t<\/div>\n\n<\/div>\n<\/div>\n<\/div>\n<\/div>\n<\/div>\n<\/div>\n<\/div>\n<\/div>\n<\/div>\n<\/div>\n<\/div>\n<\/div>\n<p>&nbsp;<\/p>\n<hr \/>\n<p>&nbsp;<\/p>\n<p class=\"mceTemp\"><a class=\"dt-pswp-item\" href=\"https:\/\/www.radiopiu.net\/wordpress\/wp-content\/uploads\/2018\/09\/WhatsApp-Image-2018-09-20-at-16.04.06.jpeg\" data-dt-img-description=\"\" data-large_image_width=\"800\" data-large_image_height=\"100\"><img loading=\"lazy\" decoding=\"async\" class=\"wp-image-61378 size-full aligncenter\" src=\"https:\/\/www.radiopiu.net\/wordpress\/wp-content\/uploads\/2018\/09\/WhatsApp-Image-2018-09-20-at-16.04.06.jpeg\" alt=\"\" width=\"800\" height=\"100\" srcset=\"https:\/\/www.radiopiu.net\/wordpress\/wp-content\/uploads\/2018\/09\/WhatsApp-Image-2018-09-20-at-16.04.06.jpeg 800w, https:\/\/www.radiopiu.net\/wordpress\/wp-content\/uploads\/2018\/09\/WhatsApp-Image-2018-09-20-at-16.04.06-300x38.jpeg 300w, https:\/\/www.radiopiu.net\/wordpress\/wp-content\/uploads\/2018\/09\/WhatsApp-Image-2018-09-20-at-16.04.06-768x96.jpeg 768w\" sizes=\"auto, (max-width: 800px) 100vw, 800px\" \/><\/a><\/p>\n<p><center><\/center><center><\/center>&nbsp;<\/p>\n<p style=\"text-align: center;\"><strong>OGGI<\/strong><\/p>\n<p>Cielo coperto con deboli fenomeni sparsi nottetempo, mentre il cielo andr\u00e0 a rasserenarsi, gi\u00e0 al mattino sulle Dolomiti, nonostante residui banchi di nubi medio-alte (altocumuli). Sulle Prealpi maggiore nuvolosit\u00e0, anche per nubi basse. Al pomeriggio sole e cielo perlopi\u00f9 sereno sulle Dolomiti, la situazione sar\u00e0 pressoch\u00e9 simile sulle Prealpi, ma con una rimanente insidia per nubi basse.<br \/>\n<strong>Precipitazioni: <\/strong>Nottetempo deboli o debolissimi precipitazioni con limite neve a 1000-1300 m. In giornata fenomeni assenti (0%).<br \/>\n<strong>Temperature: <\/strong>Minime in lieve diminuzione in quota e in rialzo nelle valli; massime pressoch\u00e9 stazionarie oltre i 2000-2200 m e in rialzo sotto tali quote, almeno nei settori pi\u00f9 assolati.<\/p>\n<p style=\"text-align: center;\"><strong>DOMANI<\/strong><\/p>\n<p>Al primo mattino ampi tratti di cielo sereno e primi cirri, in seguito aumento delle copertura per velature e nubi alte. Dalle ore centrali in poi alternanza di nubi medio-alte e di schiarite, pi\u00f9 ampie sulle Dolomiti. Alla sera coperto ovunque e non si potr\u00e0 escludere qualche isolato fenomeno, specie sulle Prealpi occidentali.<br \/>\n<strong>Precipitazioni: <\/strong>Al mattino assenti, al pomeriggio probabilit\u00e0 in aumento sulla fascia prealpina fino a media per debolissimi fenomeni, nevosi oltre i 1200-1300 m.<br \/>\n<strong>Temperature: <\/strong>Minime in diminuzione nelle valli e pressoch\u00e9 stazionarie in quota, addirittura in aumento sulle cime pi\u00f9 alte. Massime in rialzo in alta quota, mentre si abbasseranno sotto i 2000 m.<\/p>\n<p style=\"text-align: center;\"><strong>GIOVEDI<\/strong><\/p>\n<p>Cielo del tutto coperto ovunque con alta probabilit\u00e0 di deboli precipitazioni sulle Prealpi, specie quelle occidentali. Il limite neve sar\u00e0 sui 1400-1600 m. Altrove il rischio sar\u00e0 minore e qualora accadesse, si tratterebbe di fenomeni irrilevanti. Nel tardo pomeriggio\/sera rasserenamenti a partire da ovest. Temperature in aumento, in maniera pi\u00f9 sensibile per le minime nelle valli.<\/p>\n<p style=\"text-align: center;\"><strong>VENERDI<\/strong><\/p>\n<p>Tempo stabile ed in prevalenza soleggiato con cielo sereno o poco nuvoloso. Temperature minime in calo nelle valli ed in aumento in alta quota; massime in generale ripresa.<\/p>\n<p>&nbsp;<\/p>\n<hr \/>\n<p>&nbsp;<\/p>\n<p class=\"mceTemp\"><a class=\"dt-pswp-item\" href=\"https:\/\/www.radiopiu.net\/wordpress\/wp-content\/uploads\/2018\/09\/sport.jpg\" data-dt-img-description=\"\" data-large_image_width=\"800\" data-large_image_height=\"100\"><img loading=\"lazy\" decoding=\"async\" class=\"aligncenter wp-image-60761 size-full\" src=\"https:\/\/www.radiopiu.net\/wordpress\/wp-content\/uploads\/2018\/09\/sport.jpg\" alt=\"\" width=\"800\" height=\"100\" srcset=\"https:\/\/www.radiopiu.net\/wordpress\/wp-content\/uploads\/2018\/09\/sport.jpg 800w, https:\/\/www.radiopiu.net\/wordpress\/wp-content\/uploads\/2018\/09\/sport-300x38.jpg 300w, https:\/\/www.radiopiu.net\/wordpress\/wp-content\/uploads\/2018\/09\/sport-768x96.jpg 768w\" sizes=\"auto, (max-width: 800px) 100vw, 800px\" \/> <\/a><\/p>\n<p class=\"mceTemp\"><span style=\"color: #0000ff;\"><strong>\u00a0 \u00a0<\/strong><\/span><\/p>\n<p><span style=\"color: #0000ff;\"><b>SPORT INVERNALI<\/b><\/span><\/p>\n<blockquote>\n<h3>I GIOVANI VENETI BRILLANO AL TROFEO CONI WINTER<\/h3>\n<\/blockquote>\n<p><strong>REDAZIONE <\/strong>Grande successo per l\u2019hockey Veneto (e bellunese) al Trofeo CONI Winter 2024, tenutosi in Abruzzo dal 16 al 19 gennaio. La squadra veneta, composta da giovani atleti, tra cui 8 dell\u2019Alleghe Hockey, 2 dell\u2019Hockey Club Feltre e 5 del Cortina, ha conquistato una preziosa medaglia d\u2019argento nell\u2019hockey su ghiaccio. Gli allenatori Paolo De Biasio e Ugo Da Rech hanno guidato la formazione con grande competenza. L\u2019evento ha visto la partecipazione di 800 atleti impegnati in 8 discipline invernali: sci alpino, sci di fondo, snowboard, triathlon, short track, pattinaggio di figura, curling e hockey. Il Piemonte ha difeso il titolo del 2023, chiudendo a pari punti con la Lombardia ma conquistando la vetta grazie ai migliori piazzamenti complessivi. Sul podio anche l\u2019Alto Adige. Il Veneto non si \u00e8 limitato all\u2019argento nell\u2019hockey, ma ha ottenuto anche un bronzo nello short track, dimostrando un\u2019eccellente competitivit\u00e0 nelle discipline invernali.<\/p>\n\n\t\t\t<style type='text\/css'>\n\t\t\t\t#gallery-5 {\n\t\t\t\t\tmargin: auto;\n\t\t\t\t}\n\t\t\t\t#gallery-5 .gallery-item {\n\t\t\t\t\tfloat: left;\n\t\t\t\t\tmargin-top: 10px;\n\t\t\t\t\ttext-align: center;\n\t\t\t\t\twidth: 20%;\n\t\t\t\t}\n\t\t\t\t#gallery-5 img {\n\t\t\t\t\tborder: 2px solid #cfcfcf;\n\t\t\t\t}\n\t\t\t\t#gallery-5 .gallery-caption {\n\t\t\t\t\tmargin-left: 0;\n\t\t\t\t}\n\t\t\t\t\/* see gallery_shortcode() in wp-includes\/media.php *\/\n\t\t\t<\/style>\n\t\t<div id='gallery-5' class='dt-gallery-container gallery galleryid-430513 gallery-columns-5 gallery-size-thumbnail'><dl class='gallery-item'>\n\t\t\t\t<dt class='gallery-icon landscape'>\n\t\t\t\t\t<a class=\"rollover rollover-zoom dt-pswp-item\" title=\"80c07402-64e4-4cbf-b94f-8f790c1fdd6e\" data-dt-img-description=\"\" data-large_image_width=\"1452\" data-large_image_height=\"1089\"href='https:\/\/www.radiopiu.net\/wordpress\/wp-content\/uploads\/2025\/01\/80c07402-64e4-4cbf-b94f-8f790c1fdd6e.jpg'><img loading=\"lazy\" decoding=\"async\" width=\"150\" height=\"150\" src=\"https:\/\/www.radiopiu.net\/wordpress\/wp-content\/uploads\/2025\/01\/80c07402-64e4-4cbf-b94f-8f790c1fdd6e-150x150.jpg\" class=\"attachment-thumbnail size-thumbnail\" alt=\"\" \/><\/a>\n\t\t\t\t<\/dt><\/dl><dl class='gallery-item'>\n\t\t\t\t<dt class='gallery-icon landscape'>\n\t\t\t\t\t<a class=\"rollover rollover-zoom dt-pswp-item\" title=\"569a97f1-070a-4fcd-9482-1df2b5e284dc\" data-dt-img-description=\"\" data-large_image_width=\"1836\" data-large_image_height=\"1033\"href='https:\/\/www.radiopiu.net\/wordpress\/wp-content\/uploads\/2025\/01\/569a97f1-070a-4fcd-9482-1df2b5e284dc.jpg'><img loading=\"lazy\" decoding=\"async\" width=\"150\" height=\"150\" src=\"https:\/\/www.radiopiu.net\/wordpress\/wp-content\/uploads\/2025\/01\/569a97f1-070a-4fcd-9482-1df2b5e284dc-150x150.jpg\" class=\"attachment-thumbnail size-thumbnail\" alt=\"\" \/><\/a>\n\t\t\t\t<\/dt><\/dl><dl class='gallery-item'>\n\t\t\t\t<dt class='gallery-icon landscape'>\n\t\t\t\t\t<a class=\"rollover rollover-zoom dt-pswp-item\" title=\"78ee4e0d-0a72-49e9-8180-46b6202eef0e\" data-dt-img-description=\"\" data-large_image_width=\"2048\" data-large_image_height=\"1536\"href='https:\/\/www.radiopiu.net\/wordpress\/wp-content\/uploads\/2025\/01\/78ee4e0d-0a72-49e9-8180-46b6202eef0e.jpg'><img loading=\"lazy\" decoding=\"async\" width=\"150\" height=\"150\" src=\"https:\/\/www.radiopiu.net\/wordpress\/wp-content\/uploads\/2025\/01\/78ee4e0d-0a72-49e9-8180-46b6202eef0e-150x150.jpg\" class=\"attachment-thumbnail size-thumbnail\" alt=\"\" \/><\/a>\n\t\t\t\t<\/dt><\/dl><dl class='gallery-item'>\n\t\t\t\t<dt class='gallery-icon portrait'>\n\t\t\t\t\t<a class=\"rollover rollover-zoom dt-pswp-item\" title=\"dea60e92-8fc8-4bfc-ba83-3ae4bd197580\" data-dt-img-description=\"\" data-large_image_width=\"868\" data-large_image_height=\"1542\"href='https:\/\/www.radiopiu.net\/wordpress\/wp-content\/uploads\/2025\/01\/dea60e92-8fc8-4bfc-ba83-3ae4bd197580.jpg'><img loading=\"lazy\" decoding=\"async\" width=\"150\" height=\"150\" src=\"https:\/\/www.radiopiu.net\/wordpress\/wp-content\/uploads\/2025\/01\/dea60e92-8fc8-4bfc-ba83-3ae4bd197580-150x150.jpg\" class=\"attachment-thumbnail size-thumbnail\" alt=\"\" \/><\/a>\n\t\t\t\t<\/dt><\/dl><dl class='gallery-item'>\n\t\t\t\t<dt class='gallery-icon landscape'>\n\t\t\t\t\t<a class=\"rollover rollover-zoom dt-pswp-item\" title=\"8fedb85c-a8b0-4860-8e88-096c08fe0517\" data-dt-img-description=\"\" data-large_image_width=\"1226\" data-large_image_height=\"741\"href='https:\/\/www.radiopiu.net\/wordpress\/wp-content\/uploads\/2025\/01\/8fedb85c-a8b0-4860-8e88-096c08fe0517.jpg'><img loading=\"lazy\" decoding=\"async\" width=\"150\" height=\"150\" src=\"https:\/\/www.radiopiu.net\/wordpress\/wp-content\/uploads\/2025\/01\/8fedb85c-a8b0-4860-8e88-096c08fe0517-150x150.jpg\" class=\"attachment-thumbnail size-thumbnail\" alt=\"\" \/><\/a>\n\t\t\t\t<\/dt><\/dl><br style=\"clear: both\" \/>\n\t\t\t<\/div>\n\n<p>&nbsp;<\/p>\n<p><span style=\"color: #0000ff;\"><strong>SCI DI FONDO<\/strong><\/span><\/p>\n<blockquote>\n<h3>LA TRE GIORNI DI FESA CUP A FALCADE: UN SUCCESSO<\/h3>\n<\/blockquote>\n<p><strong><a class=\"dt-pswp-item\" href=\"https:\/\/www.radiopiu.net\/wordpress\/wp-content\/uploads\/2025\/01\/Noeckler-scaled.jpg\" data-dt-img-description=\"\" data-large_image_width=\"2560\" data-large_image_height=\"1707\"><img loading=\"lazy\" decoding=\"async\" class=\" wp-image-430438 alignleft\" src=\"https:\/\/www.radiopiu.net\/wordpress\/wp-content\/uploads\/2025\/01\/Noeckler-300x200.jpg\" alt=\"\" width=\"223\" height=\"148\" srcset=\"https:\/\/www.radiopiu.net\/wordpress\/wp-content\/uploads\/2025\/01\/Noeckler-300x200.jpg 300w, https:\/\/www.radiopiu.net\/wordpress\/wp-content\/uploads\/2025\/01\/Noeckler-1024x683.jpg 1024w, https:\/\/www.radiopiu.net\/wordpress\/wp-content\/uploads\/2025\/01\/Noeckler-768x512.jpg 768w, https:\/\/www.radiopiu.net\/wordpress\/wp-content\/uploads\/2025\/01\/Noeckler-1536x1024.jpg 1536w, https:\/\/www.radiopiu.net\/wordpress\/wp-content\/uploads\/2025\/01\/Noeckler-2048x1365.jpg 2048w\" sizes=\"auto, (max-width: 223px) 100vw, 223px\" \/><\/a>FALCADE<\/strong> E&#8217; stato un fine settimana intenso per lo Sci Club Val Biois che ha organizzato le gare europee di Fesa Cup sulla piana di Falcade. Un vero successo con atleti arrivati da ogni parte d&#8217;Europa che si sono sfidati sulla pista da fondo falcadina.<\/p>\n<p>&nbsp;<\/p>\n<p>&nbsp;<\/p>\n<p>&nbsp;<\/p>\n<p><strong>I RINGRAZIAMENTI DI MATTEO CAGNATI, PRESIDENTE DELLO SCI CLUB VAL BIOIS<\/strong><\/p>\n<audio class=\"wp-audio-shortcode\" id=\"audio-430513-21\" preload=\"none\" style=\"width: 100%;\" controls=\"controls\"><source type=\"audio\/mpeg\" src=\"https:\/\/www.radiopiu.net\/wordpress\/wp-content\/uploads\/2025\/01\/CAGNATI-FESA-CUP.mp3?_=21\" \/><a href=\"https:\/\/www.radiopiu.net\/wordpress\/wp-content\/uploads\/2025\/01\/CAGNATI-FESA-CUP.mp3\">https:\/\/www.radiopiu.net\/wordpress\/wp-content\/uploads\/2025\/01\/CAGNATI-FESA-CUP.mp3<\/a><\/audio>\n<p>&nbsp;<\/p>\n<p><span style=\"color: #0000ff;\"><strong>NUOTO<\/strong><\/span><\/p>\n<blockquote>\n<h3>BUONI RISULTATI PER ATTIVAMENTE AGORDINO NELLE GARE DI TREVISO<\/h3>\n<\/blockquote>\n<p>A Treviso, presso le piscine comunali di Santa Bona, si \u00e8 svolta la terza giornata di gare di nuoto per esordienti del concentramento Belluno-Treviso. Gli atleti di &#8220;Attivamente Agordino&#8221; hanno ottenuto ottimi risultati confrontandosi con undici societ\u00e0 sportive. Tra i maschi, Alessandro Buxaj ha vinto i 50 rana e si \u00e8 piazzato quarto nei 200 rana, mentre Alex Alchini ha ottenuto un quinto posto nei 200 rana e settimo nei 50 stile libero. Devid Olivier ha chiuso settimo nei 200 dorso, e i quattro ragazzi hanno concluso con un\u2019eccellente staffetta, piazzandosi quinti. Tra le femmine Esordienti A, Selena Ceccon e Alice Latti si sono distinte rispettivamente nei 200 stile libero e nei 100 rana, seguite da Azzurra Deola Thorpe ed Emma Latti. Margot Longaron, Esordiente B, ha sfiorato il podio nei 50 stile e nei 200 rana. Le compagne Colette Samassa, Veronica Scussel, Letizia Mosca e Aurora Olivier, al debutto agonistico, hanno mostrato notevoli progressi, chiudendo con una staffetta ben eseguita.<\/p>\n\n\t\t\t<style type='text\/css'>\n\t\t\t\t#gallery-6 {\n\t\t\t\t\tmargin: auto;\n\t\t\t\t}\n\t\t\t\t#gallery-6 .gallery-item {\n\t\t\t\t\tfloat: left;\n\t\t\t\t\tmargin-top: 10px;\n\t\t\t\t\ttext-align: center;\n\t\t\t\t\twidth: 50%;\n\t\t\t\t}\n\t\t\t\t#gallery-6 img {\n\t\t\t\t\tborder: 2px solid #cfcfcf;\n\t\t\t\t}\n\t\t\t\t#gallery-6 .gallery-caption {\n\t\t\t\t\tmargin-left: 0;\n\t\t\t\t}\n\t\t\t\t\/* see gallery_shortcode() in wp-includes\/media.php *\/\n\t\t\t<\/style>\n\t\t<div id='gallery-6' class='dt-gallery-container gallery galleryid-430513 gallery-columns-2 gallery-size-medium'><dl class='gallery-item'>\n\t\t\t\t<dt class='gallery-icon landscape'>\n\t\t\t\t\t<a class=\"rollover rollover-zoom dt-pswp-item\" title=\"f8d0bcde-2a2e-43b6-bf73-ddafda92ece5\" data-dt-img-description=\"\" data-large_image_width=\"954\" data-large_image_height=\"900\"href='https:\/\/www.radiopiu.net\/wordpress\/wp-content\/uploads\/2025\/01\/f8d0bcde-2a2e-43b6-bf73-ddafda92ece5.jpg'><img loading=\"lazy\" decoding=\"async\" width=\"300\" height=\"283\" src=\"https:\/\/www.radiopiu.net\/wordpress\/wp-content\/uploads\/2025\/01\/f8d0bcde-2a2e-43b6-bf73-ddafda92ece5-300x283.jpg\" class=\"attachment-medium size-medium\" alt=\"\" srcset=\"https:\/\/www.radiopiu.net\/wordpress\/wp-content\/uploads\/2025\/01\/f8d0bcde-2a2e-43b6-bf73-ddafda92ece5-300x283.jpg 300w, https:\/\/www.radiopiu.net\/wordpress\/wp-content\/uploads\/2025\/01\/f8d0bcde-2a2e-43b6-bf73-ddafda92ece5-768x725.jpg 768w, https:\/\/www.radiopiu.net\/wordpress\/wp-content\/uploads\/2025\/01\/f8d0bcde-2a2e-43b6-bf73-ddafda92ece5.jpg 954w\" sizes=\"auto, (max-width: 300px) 100vw, 300px\" \/><\/a>\n\t\t\t\t<\/dt><\/dl><dl class='gallery-item'>\n\t\t\t\t<dt class='gallery-icon portrait'>\n\t\t\t\t\t<a class=\"rollover rollover-zoom dt-pswp-item\" title=\"25fd725f-4197-451e-8149-fb27866adaf3\" data-dt-img-description=\"\" data-large_image_width=\"900\" data-large_image_height=\"960\"href='https:\/\/www.radiopiu.net\/wordpress\/wp-content\/uploads\/2025\/01\/25fd725f-4197-451e-8149-fb27866adaf3.jpg'><img loading=\"lazy\" decoding=\"async\" width=\"281\" height=\"300\" src=\"https:\/\/www.radiopiu.net\/wordpress\/wp-content\/uploads\/2025\/01\/25fd725f-4197-451e-8149-fb27866adaf3-281x300.jpg\" class=\"attachment-medium size-medium\" alt=\"\" srcset=\"https:\/\/www.radiopiu.net\/wordpress\/wp-content\/uploads\/2025\/01\/25fd725f-4197-451e-8149-fb27866adaf3-281x300.jpg 281w, https:\/\/www.radiopiu.net\/wordpress\/wp-content\/uploads\/2025\/01\/25fd725f-4197-451e-8149-fb27866adaf3-768x819.jpg 768w, https:\/\/www.radiopiu.net\/wordpress\/wp-content\/uploads\/2025\/01\/25fd725f-4197-451e-8149-fb27866adaf3.jpg 900w\" sizes=\"auto, (max-width: 281px) 100vw, 281px\" \/><\/a>\n\t\t\t\t<\/dt><\/dl><br style=\"clear: both\" \/>\n\t\t\t<\/div>\n\n<p>&nbsp;<\/p>\n<p><strong><span style=\"color: #0000ff;\">SCOPONE<\/span><\/strong><\/p>\n<blockquote>\n<h3>IL TORNEO DI SCOPONE AL CAMPO &#8220;DEL GIAZ&#8221; DI LISTOLADE<\/h3>\n<\/blockquote>\n<p><strong>TAIBON <\/strong>Dopo 7 anni di stop causati prima dalla tempesta VAIA, che aveva danneggiato la scogliera e il campo, e poi dalla pandemia, sabato \u00e8 tornato in vita il \u201cCampo del Giaz\u201d di Listolade con il tradizionale torneo di scopone. L&#8217;evento ha visto grande partecipazione ed entusiasmo, celebrando la rinascita di questo spazio iconico grazie all&#8217;impegno di una squadra affiatata di organizzatori. Il torneo ha preso il via nel pomeriggio con 5 squadre in un girone all\u2019italiana. La squadra ultima classificata \u00e8 stata eliminata, mentre le altre 4 si sono affrontate nelle semifinali. La serata si \u00e8 conclusa con la finale alle 22:00. Prima della sfida decisiva, si \u00e8 svolta anche una partita dedicata alle ragazze, ormai una tradizione del torneo. La classifica finale ha visto il trionfo del Real Martinel al primo posto, seguito da TD 2000 e Taibon Flames. Quarta posizione per l\u2019Atletico Bedoles e quinta per la Trucio Squad. Un ritorno memorabile per il \u201cCampo del Giaz&#8221; di Listolade.<\/p>\n\n\t\t\t<style type='text\/css'>\n\t\t\t\t#gallery-7 {\n\t\t\t\t\tmargin: auto;\n\t\t\t\t}\n\t\t\t\t#gallery-7 .gallery-item {\n\t\t\t\t\tfloat: left;\n\t\t\t\t\tmargin-top: 10px;\n\t\t\t\t\ttext-align: center;\n\t\t\t\t\twidth: 25%;\n\t\t\t\t}\n\t\t\t\t#gallery-7 img {\n\t\t\t\t\tborder: 2px solid #cfcfcf;\n\t\t\t\t}\n\t\t\t\t#gallery-7 .gallery-caption {\n\t\t\t\t\tmargin-left: 0;\n\t\t\t\t}\n\t\t\t\t\/* see gallery_shortcode() in wp-includes\/media.php *\/\n\t\t\t<\/style>\n\t\t<div id='gallery-7' class='dt-gallery-container gallery galleryid-430513 gallery-columns-4 gallery-size-thumbnail'><dl class='gallery-item'>\n\t\t\t\t<dt class='gallery-icon landscape'>\n\t\t\t\t\t<a class=\"rollover rollover-zoom dt-pswp-item\" title=\"IMG-20250119-WA0009\" data-dt-img-description=\"\" data-large_image_width=\"446\" data-large_image_height=\"335\"href='https:\/\/www.radiopiu.net\/wordpress\/wp-content\/uploads\/2025\/01\/IMG-20250119-WA0009.jpg'><img loading=\"lazy\" decoding=\"async\" width=\"150\" height=\"150\" src=\"https:\/\/www.radiopiu.net\/wordpress\/wp-content\/uploads\/2025\/01\/IMG-20250119-WA0009-150x150.jpg\" class=\"attachment-thumbnail size-thumbnail\" alt=\"\" aria-describedby=\"gallery-7-430560\" \/><\/a>\n\t\t\t\t<\/dt>\n\t\t\t\t\t<dd class='wp-caption-text gallery-caption' id='gallery-7-430560'>\n\t\t\t\t\tIL CAMPO DEL GIAZ\n\t\t\t\t\t<\/dd><\/dl><dl class='gallery-item'>\n\t\t\t\t<dt class='gallery-icon portrait'>\n\t\t\t\t\t<a class=\"rollover rollover-zoom dt-pswp-item\" title=\"IMG-20250119-WA0013\" data-dt-img-description=\"\" data-large_image_width=\"446\" data-large_image_height=\"595\"href='https:\/\/www.radiopiu.net\/wordpress\/wp-content\/uploads\/2025\/01\/IMG-20250119-WA0013.jpg'><img loading=\"lazy\" decoding=\"async\" width=\"150\" height=\"150\" src=\"https:\/\/www.radiopiu.net\/wordpress\/wp-content\/uploads\/2025\/01\/IMG-20250119-WA0013-150x150.jpg\" class=\"attachment-thumbnail size-thumbnail\" alt=\"\" aria-describedby=\"gallery-7-430561\" \/><\/a>\n\t\t\t\t<\/dt>\n\t\t\t\t\t<dd class='wp-caption-text gallery-caption' id='gallery-7-430561'>\n\t\t\t\t\tTRUCIO SQUAD\n\t\t\t\t\t<\/dd><\/dl><dl class='gallery-item'>\n\t\t\t\t<dt class='gallery-icon portrait'>\n\t\t\t\t\t<a class=\"rollover rollover-zoom dt-pswp-item\" title=\"IMG-20250119-WA0014\" data-dt-img-description=\"\" data-large_image_width=\"446\" data-large_image_height=\"595\"href='https:\/\/www.radiopiu.net\/wordpress\/wp-content\/uploads\/2025\/01\/IMG-20250119-WA0014.jpg'><img loading=\"lazy\" decoding=\"async\" width=\"150\" height=\"150\" src=\"https:\/\/www.radiopiu.net\/wordpress\/wp-content\/uploads\/2025\/01\/IMG-20250119-WA0014-150x150.jpg\" class=\"attachment-thumbnail size-thumbnail\" alt=\"\" aria-describedby=\"gallery-7-430562\" \/><\/a>\n\t\t\t\t<\/dt>\n\t\t\t\t\t<dd class='wp-caption-text gallery-caption' id='gallery-7-430562'>\n\t\t\t\t\tATLETICO BEDOLES\n\t\t\t\t\t<\/dd><\/dl><dl class='gallery-item'>\n\t\t\t\t<dt class='gallery-icon portrait'>\n\t\t\t\t\t<a class=\"rollover rollover-zoom dt-pswp-item\" title=\"IMG-20250119-WA0015--1-\" data-dt-img-description=\"\" data-large_image_width=\"446\" data-large_image_height=\"595\"href='https:\/\/www.radiopiu.net\/wordpress\/wp-content\/uploads\/2025\/01\/IMG-20250119-WA0015-1-.jpg'><img loading=\"lazy\" decoding=\"async\" width=\"150\" height=\"150\" src=\"https:\/\/www.radiopiu.net\/wordpress\/wp-content\/uploads\/2025\/01\/IMG-20250119-WA0015-1--150x150.jpg\" class=\"attachment-thumbnail size-thumbnail\" alt=\"\" aria-describedby=\"gallery-7-430563\" \/><\/a>\n\t\t\t\t<\/dt>\n\t\t\t\t\t<dd class='wp-caption-text gallery-caption' id='gallery-7-430563'>\n\t\t\t\t\tTAIBON FLAMES\n\t\t\t\t\t<\/dd><\/dl><br style=\"clear: both\" \/><dl class='gallery-item'>\n\t\t\t\t<dt class='gallery-icon landscape'>\n\t\t\t\t\t<a class=\"rollover rollover-zoom dt-pswp-item\" title=\"IMG-20250119-WA0016\" data-dt-img-description=\"\" data-large_image_width=\"932\" data-large_image_height=\"699\"href='https:\/\/www.radiopiu.net\/wordpress\/wp-content\/uploads\/2025\/01\/IMG-20250119-WA0016.jpg'><img loading=\"lazy\" decoding=\"async\" width=\"150\" height=\"150\" src=\"https:\/\/www.radiopiu.net\/wordpress\/wp-content\/uploads\/2025\/01\/IMG-20250119-WA0016-150x150.jpg\" class=\"attachment-thumbnail size-thumbnail\" alt=\"\" aria-describedby=\"gallery-7-430564\" \/><\/a>\n\t\t\t\t<\/dt>\n\t\t\t\t\t<dd class='wp-caption-text gallery-caption' id='gallery-7-430564'>\n\t\t\t\t\tTD 2000\n\t\t\t\t\t<\/dd><\/dl><dl class='gallery-item'>\n\t\t\t\t<dt class='gallery-icon landscape'>\n\t\t\t\t\t<a class=\"rollover rollover-zoom dt-pswp-item\" title=\"IMG-20250119-WA0017\" data-dt-img-description=\"\" data-large_image_width=\"932\" data-large_image_height=\"699\"href='https:\/\/www.radiopiu.net\/wordpress\/wp-content\/uploads\/2025\/01\/IMG-20250119-WA0017.jpg'><img loading=\"lazy\" decoding=\"async\" width=\"150\" height=\"150\" src=\"https:\/\/www.radiopiu.net\/wordpress\/wp-content\/uploads\/2025\/01\/IMG-20250119-WA0017-150x150.jpg\" class=\"attachment-thumbnail size-thumbnail\" alt=\"\" aria-describedby=\"gallery-7-430565\" \/><\/a>\n\t\t\t\t<\/dt>\n\t\t\t\t\t<dd class='wp-caption-text gallery-caption' id='gallery-7-430565'>\n\t\t\t\t\tREAL MARTINEL\n\t\t\t\t\t<\/dd><\/dl><dl class='gallery-item'>\n\t\t\t\t<dt class='gallery-icon landscape'>\n\t\t\t\t\t<a class=\"rollover rollover-zoom dt-pswp-item\" title=\"IMG-20250119-WA0011\" data-dt-img-description=\"\" data-large_image_width=\"932\" data-large_image_height=\"699\"href='https:\/\/www.radiopiu.net\/wordpress\/wp-content\/uploads\/2025\/01\/IMG-20250119-WA0011.jpg'><img loading=\"lazy\" decoding=\"async\" width=\"150\" height=\"150\" src=\"https:\/\/www.radiopiu.net\/wordpress\/wp-content\/uploads\/2025\/01\/IMG-20250119-WA0011-150x150.jpg\" class=\"attachment-thumbnail size-thumbnail\" alt=\"\" aria-describedby=\"gallery-7-430566\" \/><\/a>\n\t\t\t\t<\/dt>\n\t\t\t\t\t<dd class='wp-caption-text gallery-caption' id='gallery-7-430566'>\n\t\t\t\t\tWOMAN WHITE\n\t\t\t\t\t<\/dd><\/dl><dl class='gallery-item'>\n\t\t\t\t<dt class='gallery-icon portrait'>\n\t\t\t\t\t<a class=\"rollover rollover-zoom dt-pswp-item\" title=\"IMG-20250119-WA0012\" data-dt-img-description=\"\" data-large_image_width=\"446\" data-large_image_height=\"595\"href='https:\/\/www.radiopiu.net\/wordpress\/wp-content\/uploads\/2025\/01\/IMG-20250119-WA0012.jpg'><img loading=\"lazy\" decoding=\"async\" width=\"150\" height=\"150\" src=\"https:\/\/www.radiopiu.net\/wordpress\/wp-content\/uploads\/2025\/01\/IMG-20250119-WA0012-150x150.jpg\" class=\"attachment-thumbnail size-thumbnail\" alt=\"\" aria-describedby=\"gallery-7-430567\" \/><\/a>\n\t\t\t\t<\/dt>\n\t\t\t\t\t<dd class='wp-caption-text gallery-caption' id='gallery-7-430567'>\n\t\t\t\t\tWOMAN YELLOW\n\t\t\t\t\t<\/dd><\/dl><br style=\"clear: both\" \/>\n\t\t\t<\/div>\n\n<p>&nbsp;<\/p>\n<p>&nbsp;<\/p>\n<p>&nbsp;<\/p>\n","protected":false},"excerpt":{"rendered":"<p>******** &nbsp; LA\u00a0 APP PER IOS-IPHONE di Nicola Vettorello https:\/\/apps.apple.com\/it\/app\/radio-pi%C3%B9-emittente-agordina\/id1515939845 LA\u00a0 APP RADIO\u00a0 PER ANDROID di Nicola Vettorello https:\/\/play.google.com\/store\/apps\/details?id=net.radiopiu.iniko\u00a0\u00a0\u00a0 &nbsp; &nbsp; &nbsp; &nbsp; OGGI ALLA RADIO:\u00a0 rassegna stampa nazionale, ogni giorno alle 5 e alle 6 del mattino. giornali locali 7 rassegna stampa flash, 8 rassegna stampa, gr flash alle 10 e alle 11, principale&hellip;<\/p>\n","protected":false},"author":4,"featured_media":430560,"comment_status":"closed","ping_status":"closed","sticky":false,"template":"","format":"standard","meta":{"_monsterinsights_skip_tracking":false,"_monsterinsights_sitenote_active":false,"_monsterinsights_sitenote_note":"","_monsterinsights_sitenote_category":0,"footnotes":""},"categories":[51,86,49],"tags":[],"class_list":["post-430513","post","type-post","status-publish","format-standard","has-post-thumbnail","hentry","category-evidenza-top","category-gr","category-news-18","category-51","category-86","category-49","description-off"],"img_url":"https:\/\/www.radiopiu.net\/wordpress\/wp-content\/uploads\/2025\/01\/IMG-20250119-WA0009.jpg","_links":{"self":[{"href":"https:\/\/www.radiopiu.net\/wordpress\/wp-json\/wp\/v2\/posts\/430513","targetHints":{"allow":["GET"]}}],"collection":[{"href":"https:\/\/www.radiopiu.net\/wordpress\/wp-json\/wp\/v2\/posts"}],"about":[{"href":"https:\/\/www.radiopiu.net\/wordpress\/wp-json\/wp\/v2\/types\/post"}],"author":[{"embeddable":true,"href":"https:\/\/www.radiopiu.net\/wordpress\/wp-json\/wp\/v2\/users\/4"}],"replies":[{"embeddable":true,"href":"https:\/\/www.radiopiu.net\/wordpress\/wp-json\/wp\/v2\/comments?post=430513"}],"version-history":[{"count":41,"href":"https:\/\/www.radiopiu.net\/wordpress\/wp-json\/wp\/v2\/posts\/430513\/revisions"}],"predecessor-version":[{"id":430770,"href":"https:\/\/www.radiopiu.net\/wordpress\/wp-json\/wp\/v2\/posts\/430513\/revisions\/430770"}],"wp:featuredmedia":[{"embeddable":true,"href":"https:\/\/www.radiopiu.net\/wordpress\/wp-json\/wp\/v2\/media\/430560"}],"wp:attachment":[{"href":"https:\/\/www.radiopiu.net\/wordpress\/wp-json\/wp\/v2\/media?parent=430513"}],"wp:term":[{"taxonomy":"category","embeddable":true,"href":"https:\/\/www.radiopiu.net\/wordpress\/wp-json\/wp\/v2\/categories?post=430513"},{"taxonomy":"post_tag","embeddable":true,"href":"https:\/\/www.radiopiu.net\/wordpress\/wp-json\/wp\/v2\/tags?post=430513"}],"curies":[{"name":"wp","href":"https:\/\/api.w.org\/{rel}","templated":true}]}}