{"id":430633,"date":"2025-01-22T05:25:45","date_gmt":"2025-01-22T04:25:45","guid":{"rendered":"https:\/\/www.radiopiu.net\/wordpress\/?p=430633"},"modified":"2025-01-22T11:38:01","modified_gmt":"2025-01-22T10:38:01","slug":"dillo-a-radio-piu-motori-e-coerenza-il-paradosso-di-arabba","status":"publish","type":"post","link":"https:\/\/www.radiopiu.net\/wordpress\/dillo-a-radio-piu-motori-e-coerenza-il-paradosso-di-arabba\/","title":{"rendered":"DILLO A RADIO PIU&#8217; &#8230; Motori e coerenza: il paradosso di Arabba"},"content":{"rendered":"<p>*****<\/p>\n<p><strong>Da Livinallongo riceviamo e pubblichiamo<\/strong><\/p>\n<p>Meno male che il rombo dei motori sui passi era un problema. O almeno cos\u00ec avevamo capito dopo la dichiarazione infuocata del vicesindaco Gabriele Delmonego, che non ha esitato a denunciare le notti insonni causate da auto e boati sui passi sopra Arabba. Secondo Delmonego, l\u2019amministrazione non sarebbe rimasta a guardare, decisa a proteggere il sacrosanto diritto al sonno dei cittadini. Applausi.<\/p>\n<p>Ma ecco che, come un&#8217;auto in derapata, arriva la curva della coerenza mancata. Proprio l\u2019amministrazione comunale ha dato il via libera a un evento motoristico: il parcheggio di via Mesd\u00ec, nel cuore di Arabba, si trasformer\u00e0 il 24 gennaio in un palcoscenico per le auto della Winter Marathon 2025, con tanto di divieto di accesso per gli altri veicoli dalle 17 alle 21.<\/p>\n<p>Le domande sorgono spontanee. Le auto della Winter Marathon sono dotate di silenziatori magici? Oppure il sindaco ha deciso di ignorare l\u2019intervento del suo vice, preferendo il fascino del rombo motoristico alla quiete pubblica? Certo, la Winter Marathon \u00e8 un evento di richiamo, ma non stride un po\u2019 questa contraddizione?<\/p>\n<p>Del resto, la coerenza sembra essere un optional. Da un lato, le auto notturne disturbano a tal punto da spingere i turisti a fare i bagagli anzitempo. Dall\u2019altro, quelle stesse auto, ben parcheggiate e accompagnate da fotografi e curiosi, diventano improvvisamente accettabili. Forse il problema non \u00e8 il rumore, ma chi lo produce e in quale contesto.<\/p>\n<p>Una saga amministrativa che sa tanto di motori accesi&#8230; e di coerenza spenta.<\/p>\n<p><strong>un cittadino di Arabba<\/strong><\/p>\n<p>&nbsp;<\/p>\n<p>&nbsp;<\/p>\n<p><strong>archivio radiopiu<\/strong><\/p>\n<p>PASSI INNEVATI E PRESI D&#8217;ASSALTO DALLE AUTO SPORTIVE<\/p>\n<p><strong><a class=\"dt-pswp-item\" href=\"https:\/\/www.radiopiu.net\/wordpress\/wp-content\/uploads\/2021\/12\/arabba-by-night-photo-credit-Arabba_Fodom_Turismo.gif\" data-dt-img-description=\"\" data-large_image_width=\"300\" data-large_image_height=\"200\"><img loading=\"lazy\" decoding=\"async\" class=\" wp-image-250994 alignleft\" src=\"https:\/\/www.radiopiu.net\/wordpress\/wp-content\/uploads\/2021\/12\/arabba-by-night-photo-credit-Arabba_Fodom_Turismo.gif\" alt=\"\" width=\"206\" height=\"137\" \/><\/a>LIVINALLONGO<\/strong> Prima neve dell&#8217;anno e passi invasi dalle auto sportive. Nelle notti scorse le auto hanno sfrecciato sulla neve fresca dei passi dolomitici. I problemi non sono mancati e l&#8217;amministrazione comunale di Livinallongo si attiver\u00e0 perch\u00e8 questi fatti non succedano pi\u00f9.<\/p>\n<p>&nbsp;<\/p>\n<p>&nbsp;<\/p>\n<p>&nbsp;<\/p>\n<p><strong>GABRIELE DELMONEGO, VICESINDACO DI LIVINALONGO<\/strong><\/p>\n<audio class=\"wp-audio-shortcode\" id=\"audio-430633-1\" preload=\"none\" style=\"width: 100%;\" controls=\"controls\"><source type=\"audio\/mpeg\" src=\"https:\/\/www.radiopiu.net\/wordpress\/wp-content\/uploads\/2025\/01\/DELMONEGO-PASSI.mp3?_=1\" \/><a href=\"https:\/\/www.radiopiu.net\/wordpress\/wp-content\/uploads\/2025\/01\/DELMONEGO-PASSI.mp3\">https:\/\/www.radiopiu.net\/wordpress\/wp-content\/uploads\/2025\/01\/DELMONEGO-PASSI.mp3<\/a><\/audio>\n<p>&nbsp;<\/p>\n<p>&nbsp;<\/p>\n<p>&nbsp;<\/p>\n<p>**********<\/p>\n","protected":false},"excerpt":{"rendered":"<p>***** Da Livinallongo riceviamo e pubblichiamo Meno male che il rombo dei motori sui passi era un problema. O almeno cos\u00ec avevamo capito dopo la dichiarazione infuocata del vicesindaco Gabriele Delmonego, che non ha esitato a denunciare le notti insonni causate da auto e boati sui passi sopra Arabba. Secondo Delmonego, l\u2019amministrazione non sarebbe rimasta&hellip;<\/p>\n","protected":false},"author":4,"featured_media":45201,"comment_status":"closed","ping_status":"closed","sticky":false,"template":"","format":"standard","meta":{"_monsterinsights_skip_tracking":false,"_monsterinsights_sitenote_active":false,"_monsterinsights_sitenote_note":"","_monsterinsights_sitenote_category":0,"footnotes":""},"categories":[51,49],"tags":[],"class_list":["post-430633","post","type-post","status-publish","format-standard","has-post-thumbnail","hentry","category-evidenza-top","category-news-18","category-51","category-49","description-off"],"img_url":"https:\/\/www.radiopiu.net\/wordpress\/wp-content\/uploads\/2018\/03\/Arabba.jpg","_links":{"self":[{"href":"https:\/\/www.radiopiu.net\/wordpress\/wp-json\/wp\/v2\/posts\/430633","targetHints":{"allow":["GET"]}}],"collection":[{"href":"https:\/\/www.radiopiu.net\/wordpress\/wp-json\/wp\/v2\/posts"}],"about":[{"href":"https:\/\/www.radiopiu.net\/wordpress\/wp-json\/wp\/v2\/types\/post"}],"author":[{"embeddable":true,"href":"https:\/\/www.radiopiu.net\/wordpress\/wp-json\/wp\/v2\/users\/4"}],"replies":[{"embeddable":true,"href":"https:\/\/www.radiopiu.net\/wordpress\/wp-json\/wp\/v2\/comments?post=430633"}],"version-history":[{"count":6,"href":"https:\/\/www.radiopiu.net\/wordpress\/wp-json\/wp\/v2\/posts\/430633\/revisions"}],"predecessor-version":[{"id":430920,"href":"https:\/\/www.radiopiu.net\/wordpress\/wp-json\/wp\/v2\/posts\/430633\/revisions\/430920"}],"wp:featuredmedia":[{"embeddable":true,"href":"https:\/\/www.radiopiu.net\/wordpress\/wp-json\/wp\/v2\/media\/45201"}],"wp:attachment":[{"href":"https:\/\/www.radiopiu.net\/wordpress\/wp-json\/wp\/v2\/media?parent=430633"}],"wp:term":[{"taxonomy":"category","embeddable":true,"href":"https:\/\/www.radiopiu.net\/wordpress\/wp-json\/wp\/v2\/categories?post=430633"},{"taxonomy":"post_tag","embeddable":true,"href":"https:\/\/www.radiopiu.net\/wordpress\/wp-json\/wp\/v2\/tags?post=430633"}],"curies":[{"name":"wp","href":"https:\/\/api.w.org\/{rel}","templated":true}]}}