{"id":430793,"date":"2025-01-21T15:44:00","date_gmt":"2025-01-21T14:44:00","guid":{"rendered":"https:\/\/www.radiopiu.net\/wordpress\/?p=430793"},"modified":"2025-01-22T05:43:10","modified_gmt":"2025-01-22T04:43:10","slug":"a-sospirolo-scuola-e-comunita-per-memoria-e-pace","status":"publish","type":"post","link":"https:\/\/www.radiopiu.net\/wordpress\/a-sospirolo-scuola-e-comunita-per-memoria-e-pace\/","title":{"rendered":"A SOSPIROLO SCUOLA E COMUNITA&#8217; PER MEMORIA E PACE"},"content":{"rendered":"<p>*****<\/p>\n<p>&nbsp;<\/p>\n<p><strong>SOSPIROLO <\/strong>Una scuola e un territorio che camminano insieme condividendo obiettivi e azioni per raggiungerli. \u00c8 la realt\u00e0 di Sospirolo dove le recenti attivit\u00e0 portate avanti dalla locale scuola media, che fa parte dell\u2019Istituto comprensivo di Sedico-Sospirolo, e dalla comunit\u00e0 confermano quanto si era gi\u00e0 visto in passato. Prima delle vacanze natalizie \u00e8 stato infatti inaugurato alla presenza della sindaca Livia Cadore, del presidente dell\u2019associazione \u201cAmici di Flores da Cunha\u201d, Gabriele Galletti, e della dirigente scolastica, Lucia Fratturelli, un colorato murales all\u2019ingresso della scuola. \u201cCon poc se vive ma con gnent se mor (Pedro Mioranza)\u201d, recita il cartiglio che spicca nel murales stesso. Prima del messaggio del sindaco della citt\u00e0 brasiliana gemellata con Sospirolo, pronunciato in una lingua molto vicina al dialetto locale, tutti hanno rivolto un commosso ricordo a Mario De Bon, il sindaco del paese bellunese morto di recente. Tale inaugurazione rappresenta dunque un altro mattone nel ponte ideale tra Sospirolo e Flores da Cunha: l\u2019opera raffigura una scena di gioco tra bambini e, sullo sfondo, un richiamo alle due localit\u00e0 gemellate. Si tratta dello studio preparatorio di un murales realizzato dall\u2019artista Susanna De Bastiani nell\u2019Auditorium-Sala culturale di Flores da Cunha, inaugurato lo scorso marzo. La mattinata \u00e8 stata arricchita inoltre dalle note del Coro Oio che, tra i canti offerti, ha eseguito \u201cViva la nostra \u2018Merica!\u201d, brano imparato durante un viaggio nello stato di Rio Grande do Sul. Non hanno fatto mancare poi la propria voce gli alunni, che hanno ricordato i conterranei emigrati per migliorare le proprie condizioni di vita. \u201cConoscere la storia delle nostre comunit\u00e0 \u2013 hanno detto &#8211; ci permette di capire le nostre radici, che sono alla base della nostra identit\u00e0 e il presupposto dei nostri progetti futuri; infatti, un albero senza radici non ha grosse possibilit\u00e0 di crescere\u201d. In quest\u2019ottica, il legame forte tra scuola e territorio viene coltivato attraverso la partecipazione ad eventi molto sentiti dalla comunit\u00e0, come nello scorso mese di novembre la \u201cMarcia della pace 2024\u201d, guidata da don Luciano Todesco lungo i tornanti che si snodano tra le \u201cGene\u201d. L\u2019evento, organizzato dall\u2019amministrazione comunale e dalla parrocchia in collaborazione con l\u2019istituto comprensivo, ha ricordato l\u2019eccidio di Gena avvenuto il 18 novembre 1944 nel piccolo paese della Valle del Mis. A ottant\u2019anni dai fatti che videro la morte di cinque civili uccisi per mano nazista, i ragazzi con i loro docenti hanno riflettuto sul tema della pace, su come rendersene costruttori nel quotidiano: \u201cPer costruire la pace ogni giorno\u2026 miglioro i rapporti con le persone, cercando di chiarire le questioni; se qualcuno si innervosisce, provo a tranquillizzarlo e a farci amicizia. Sorrido, chiedo scusa, dico grazie, saluto, chiedo il permesso, guardo una persona negli occhi\u201d. Con queste parole gli alunni delle classi terze hanno accompagnato i compaesani nella salita ed hanno raggiunto il capitello commemorativo a Gena media, dove \u00e8 stato esposto uno striscione realizzato per fare memoria all\u2019insegna dei valori di \u201cPace e giustizia\u201d. A tutti i partecipanti \u00e8 stato donato un bigliettino da portare a casa, con un piccolo impegno concreto per cercare di riappacificare i rapporti nella quotidianit\u00e0 di ciascuno. Durante questa pausa di raccoglimento i presenti hanno ascoltato, nel discorso pronunciato da Livia Cadore, il ricordo commosso del caro sindaco Mario, fermamente convinto dell\u2019importanza della partecipazione dei giovani alla vita della comunit\u00e0.<\/p>\n\n\t\t\t<style type='text\/css'>\n\t\t\t\t#gallery-1 {\n\t\t\t\t\tmargin: auto;\n\t\t\t\t}\n\t\t\t\t#gallery-1 .gallery-item {\n\t\t\t\t\tfloat: left;\n\t\t\t\t\tmargin-top: 10px;\n\t\t\t\t\ttext-align: center;\n\t\t\t\t\twidth: 33%;\n\t\t\t\t}\n\t\t\t\t#gallery-1 img {\n\t\t\t\t\tborder: 2px solid #cfcfcf;\n\t\t\t\t}\n\t\t\t\t#gallery-1 .gallery-caption {\n\t\t\t\t\tmargin-left: 0;\n\t\t\t\t}\n\t\t\t\t\/* see gallery_shortcode() in wp-includes\/media.php *\/\n\t\t\t<\/style>\n\t\t<div id='gallery-1' class='dt-gallery-container gallery galleryid-430793 gallery-columns-3 gallery-size-thumbnail'><dl class='gallery-item'>\n\t\t\t\t<dt class='gallery-icon portrait'>\n\t\t\t\t\t<a class=\"rollover rollover-zoom dt-pswp-item\" title=\"Gli studenti delle medie di Sospirolo al capitello di Gena\" data-dt-img-description=\"\" data-large_image_width=\"558\" data-large_image_height=\"750\"href='https:\/\/www.radiopiu.net\/wordpress\/wp-content\/uploads\/2025\/01\/Gli-studenti-delle-medie-di-Sospirolo-al-capitello-di-Gena.png'><img loading=\"lazy\" decoding=\"async\" width=\"150\" height=\"150\" src=\"https:\/\/www.radiopiu.net\/wordpress\/wp-content\/uploads\/2025\/01\/Gli-studenti-delle-medie-di-Sospirolo-al-capitello-di-Gena-150x150.png\" class=\"attachment-thumbnail size-thumbnail\" alt=\"\" \/><\/a>\n\t\t\t\t<\/dt><\/dl><dl class='gallery-item'>\n\t\t\t\t<dt class='gallery-icon landscape'>\n\t\t\t\t\t<a class=\"rollover rollover-zoom dt-pswp-item\" title=\"Il coro OIO con Gabriele Galletti e Lucia Fratturelli\" data-dt-img-description=\"\" data-large_image_width=\"1007\" data-large_image_height=\"755\"href='https:\/\/www.radiopiu.net\/wordpress\/wp-content\/uploads\/2025\/01\/Il-coro-OIO-con-Gabriele-Galletti-e-Lucia-Fratturelli.jpg'><img loading=\"lazy\" decoding=\"async\" width=\"150\" height=\"150\" src=\"https:\/\/www.radiopiu.net\/wordpress\/wp-content\/uploads\/2025\/01\/Il-coro-OIO-con-Gabriele-Galletti-e-Lucia-Fratturelli-150x150.jpg\" class=\"attachment-thumbnail size-thumbnail\" alt=\"\" \/><\/a>\n\t\t\t\t<\/dt><\/dl><dl class='gallery-item'>\n\t\t\t\t<dt class='gallery-icon portrait'>\n\t\t\t\t\t<a class=\"rollover rollover-zoom dt-pswp-item\" title=\"Il murales di Susanna De Bastiani all&#039;ingresso delle scuole medie di Sospirolo\" data-dt-img-description=\"\" data-large_image_width=\"1149\" data-large_image_height=\"1426\"href='https:\/\/www.radiopiu.net\/wordpress\/wp-content\/uploads\/2025\/01\/Il-murales-di-Susanna-De-Bastiani-allingresso-delle-scuole-medie-di-Sospirolo.jpg'><img loading=\"lazy\" decoding=\"async\" width=\"150\" height=\"150\" src=\"https:\/\/www.radiopiu.net\/wordpress\/wp-content\/uploads\/2025\/01\/Il-murales-di-Susanna-De-Bastiani-allingresso-delle-scuole-medie-di-Sospirolo-150x150.jpg\" class=\"attachment-thumbnail size-thumbnail\" alt=\"\" \/><\/a>\n\t\t\t\t<\/dt><\/dl><br style=\"clear: both\" \/>\n\t\t\t<\/div>\n\n<p>&nbsp;<\/p>\n<p>&nbsp;<\/p>\n<p>**********<\/p>\n","protected":false},"excerpt":{"rendered":"<p>***** &nbsp; SOSPIROLO Una scuola e un territorio che camminano insieme condividendo obiettivi e azioni per raggiungerli. \u00c8 la realt\u00e0 di Sospirolo dove le recenti attivit\u00e0 portate avanti dalla locale scuola media, che fa parte dell\u2019Istituto comprensivo di Sedico-Sospirolo, e dalla comunit\u00e0 confermano quanto si era gi\u00e0 visto in passato. Prima delle vacanze natalizie \u00e8&hellip;<\/p>\n","protected":false},"author":4,"featured_media":430796,"comment_status":"closed","ping_status":"closed","sticky":false,"template":"","format":"standard","meta":{"_monsterinsights_skip_tracking":false,"_monsterinsights_sitenote_active":false,"_monsterinsights_sitenote_note":"","_monsterinsights_sitenote_category":0,"footnotes":""},"categories":[51,49],"tags":[],"class_list":["post-430793","post","type-post","status-publish","format-standard","has-post-thumbnail","hentry","category-evidenza-top","category-news-18","category-51","category-49","description-off"],"img_url":"https:\/\/www.radiopiu.net\/wordpress\/wp-content\/uploads\/2025\/01\/Il-coro-OIO-con-Gabriele-Galletti-e-Lucia-Fratturelli.jpg","_links":{"self":[{"href":"https:\/\/www.radiopiu.net\/wordpress\/wp-json\/wp\/v2\/posts\/430793","targetHints":{"allow":["GET"]}}],"collection":[{"href":"https:\/\/www.radiopiu.net\/wordpress\/wp-json\/wp\/v2\/posts"}],"about":[{"href":"https:\/\/www.radiopiu.net\/wordpress\/wp-json\/wp\/v2\/types\/post"}],"author":[{"embeddable":true,"href":"https:\/\/www.radiopiu.net\/wordpress\/wp-json\/wp\/v2\/users\/4"}],"replies":[{"embeddable":true,"href":"https:\/\/www.radiopiu.net\/wordpress\/wp-json\/wp\/v2\/comments?post=430793"}],"version-history":[{"count":1,"href":"https:\/\/www.radiopiu.net\/wordpress\/wp-json\/wp\/v2\/posts\/430793\/revisions"}],"predecessor-version":[{"id":430798,"href":"https:\/\/www.radiopiu.net\/wordpress\/wp-json\/wp\/v2\/posts\/430793\/revisions\/430798"}],"wp:featuredmedia":[{"embeddable":true,"href":"https:\/\/www.radiopiu.net\/wordpress\/wp-json\/wp\/v2\/media\/430796"}],"wp:attachment":[{"href":"https:\/\/www.radiopiu.net\/wordpress\/wp-json\/wp\/v2\/media?parent=430793"}],"wp:term":[{"taxonomy":"category","embeddable":true,"href":"https:\/\/www.radiopiu.net\/wordpress\/wp-json\/wp\/v2\/categories?post=430793"},{"taxonomy":"post_tag","embeddable":true,"href":"https:\/\/www.radiopiu.net\/wordpress\/wp-json\/wp\/v2\/tags?post=430793"}],"curies":[{"name":"wp","href":"https:\/\/api.w.org\/{rel}","templated":true}]}}