{"id":430821,"date":"2025-01-21T16:16:22","date_gmt":"2025-01-21T15:16:22","guid":{"rendered":"https:\/\/www.radiopiu.net\/wordpress\/?p=430821"},"modified":"2025-01-22T05:43:04","modified_gmt":"2025-01-22T04:43:04","slug":"sicurezza-online-e-legalita-un-incontro-a-quero-con-i-carabinieri","status":"publish","type":"post","link":"https:\/\/www.radiopiu.net\/wordpress\/sicurezza-online-e-legalita-un-incontro-a-quero-con-i-carabinieri\/","title":{"rendered":"SICUREZZA ONLINE E LEGALITA&#8217;: UN INCONTRO A QUERO CON I CARABINIERI"},"content":{"rendered":"<p>*******<\/p>\n<p>&nbsp;<\/p>\n<p><strong><a class=\"dt-pswp-item\" href=\"https:\/\/www.radiopiu.net\/wordpress\/wp-content\/uploads\/2025\/01\/image006.jpg\" data-dt-img-description=\"\" data-large_image_width=\"642\" data-large_image_height=\"482\"><img loading=\"lazy\" decoding=\"async\" class=\" wp-image-430822 alignleft\" src=\"https:\/\/www.radiopiu.net\/wordpress\/wp-content\/uploads\/2025\/01\/image006-300x225.jpg\" alt=\"\" width=\"197\" height=\"148\" srcset=\"https:\/\/www.radiopiu.net\/wordpress\/wp-content\/uploads\/2025\/01\/image006-300x225.jpg 300w, https:\/\/www.radiopiu.net\/wordpress\/wp-content\/uploads\/2025\/01\/image006.jpg 642w\" sizes=\"auto, (max-width: 197px) 100vw, 197px\" \/><\/a>QUERO <\/strong>L<span dir=\"RTL\" lang=\"AR-SA\">\u2019<\/span>Istituto Comprensivo di Quero ha organizzato un incontro per discutere sui temi della legalit\u00e0 e della sicurezza sul web, promossa dalla Compagnia dei Carabinieri di Feltre. L<span dir=\"RTL\" lang=\"AR-SA\">\u2019<\/span>incontro, che ha visto la partecipazione del Capitano Andrea Caminiti e del Luogotenente De Leo, ha avuto come obiettivo la sensibilizzazione della comunit\u00e0 sull<span dir=\"RTL\" lang=\"AR-SA\">&#8216;<\/span>importanza di un uso consapevole delle tecnologie, evidenziando sia i rischi derivanti da un utilizzo imprudente dei social network sia il pericolo delle truffe che si annidano nel web. I relatori hanno innanzitutto sottolineato i pericoli di un uso inconsapevole della rete, che pu\u00f2 esporre gli utenti a vari rischi, come la perdita di dati sensibili, il furto d<span dir=\"RTL\" lang=\"AR-SA\">\u2019<\/span>identit\u00e0 e l<span dir=\"RTL\" lang=\"AR-SA\">\u2019<\/span>esposizione a contenuti inappropriati. \u00c8 stato messo in evidenza come la navigazione online senza le necessarie precauzioni possa avere gravi conseguenze, non solo per la privacy, ma anche per la sicurezza individuale. In seguito, sono stati trattati i temi delle truffe, che rappresentano una delle minacce pi\u00f9 comuni, in particolare nei confronti delle persone pi\u00f9 vulnerabili, come gli anziani. I truffatori utilizzano ingannevoli strategie per approfittare della buona fede delle vittime, proponendo finti investimenti, offerte di prodotti inesistenti o false richieste da parte di operatori di polizia o avvocati che richiedono cauzioni per liberare parenti coinvolti in inesistenti incidenti stradali. Sono stati illustrati i principali tipi di raggiri che si verificano quotidianamente su internet o nella realt\u00e0 e come riconoscerli per evitare di cadere nelle trappole dei malintenzionati. L<span dir=\"RTL\" lang=\"AR-SA\">\u2019<\/span>incontro ha inoltre posto l<span dir=\"RTL\" lang=\"AR-SA\">\u2019<\/span>accento sul ruolo fondamentale che i genitori e il corpo docente rivestono nell<span dir=\"RTL\" lang=\"AR-SA\">\u2019<\/span>educare i giovani alla cultura della legalit\u00e0, sottolineando la necessit\u00e0 di un dialogo costante genitori-figli per promuovere un uso sicuro e responsabile delle tecnologie, creando un ambiente di supporto e vigilanza.\u00a0 L<span dir=\"RTL\" lang=\"AR-SA\">\u2019<\/span>incontro si \u00e8 concluso con una serie di interventi e domande da parte dei presenti, che hanno dimostrato grande interesse per i temi trattati. La partecipazione attiva ha testimoniato l<span dir=\"RTL\" lang=\"AR-SA\">\u2019<\/span>impegno condiviso della comunit\u00e0 nel promuovere una cultura della legalit\u00e0 e della sicurezza, affrontando in modo consapevole le sfide della societ\u00e0 digitale.<\/p>\n<p>&nbsp;<\/p>\n<p>&nbsp;<\/p>\n<p>&nbsp;<\/p>\n<p>********<\/p>\n","protected":false},"excerpt":{"rendered":"<p>******* &nbsp; QUERO L\u2019Istituto Comprensivo di Quero ha organizzato un incontro per discutere sui temi della legalit\u00e0 e della sicurezza sul web, promossa dalla Compagnia dei Carabinieri di Feltre. L\u2019incontro, che ha visto la partecipazione del Capitano Andrea Caminiti e del Luogotenente De Leo, ha avuto come obiettivo la sensibilizzazione della comunit\u00e0 sull&#8216;importanza di un&hellip;<\/p>\n","protected":false},"author":4,"featured_media":430822,"comment_status":"closed","ping_status":"closed","sticky":false,"template":"","format":"standard","meta":{"_monsterinsights_skip_tracking":false,"_monsterinsights_sitenote_active":false,"_monsterinsights_sitenote_note":"","_monsterinsights_sitenote_category":0,"footnotes":""},"categories":[104,49],"tags":[],"class_list":["post-430821","post","type-post","status-publish","format-standard","has-post-thumbnail","hentry","category-evidenza_3","category-news-18","category-104","category-49","description-off"],"img_url":"https:\/\/www.radiopiu.net\/wordpress\/wp-content\/uploads\/2025\/01\/image006.jpg","_links":{"self":[{"href":"https:\/\/www.radiopiu.net\/wordpress\/wp-json\/wp\/v2\/posts\/430821","targetHints":{"allow":["GET"]}}],"collection":[{"href":"https:\/\/www.radiopiu.net\/wordpress\/wp-json\/wp\/v2\/posts"}],"about":[{"href":"https:\/\/www.radiopiu.net\/wordpress\/wp-json\/wp\/v2\/types\/post"}],"author":[{"embeddable":true,"href":"https:\/\/www.radiopiu.net\/wordpress\/wp-json\/wp\/v2\/users\/4"}],"replies":[{"embeddable":true,"href":"https:\/\/www.radiopiu.net\/wordpress\/wp-json\/wp\/v2\/comments?post=430821"}],"version-history":[{"count":1,"href":"https:\/\/www.radiopiu.net\/wordpress\/wp-json\/wp\/v2\/posts\/430821\/revisions"}],"predecessor-version":[{"id":430823,"href":"https:\/\/www.radiopiu.net\/wordpress\/wp-json\/wp\/v2\/posts\/430821\/revisions\/430823"}],"wp:featuredmedia":[{"embeddable":true,"href":"https:\/\/www.radiopiu.net\/wordpress\/wp-json\/wp\/v2\/media\/430822"}],"wp:attachment":[{"href":"https:\/\/www.radiopiu.net\/wordpress\/wp-json\/wp\/v2\/media?parent=430821"}],"wp:term":[{"taxonomy":"category","embeddable":true,"href":"https:\/\/www.radiopiu.net\/wordpress\/wp-json\/wp\/v2\/categories?post=430821"},{"taxonomy":"post_tag","embeddable":true,"href":"https:\/\/www.radiopiu.net\/wordpress\/wp-json\/wp\/v2\/tags?post=430821"}],"curies":[{"name":"wp","href":"https:\/\/api.w.org\/{rel}","templated":true}]}}